{"id":205123,"date":"2023-04-24T18:38:00","date_gmt":"2023-04-24T18:38:00","guid":{"rendered":"https:\/\/www.webdo.tn\/fr\/blog\/qui-veut-porter-prejudice-au-dinar-tunisien\/205123\/"},"modified":"2025-05-20T22:49:58","modified_gmt":"2025-05-20T22:49:58","slug":"qui-veut-porter-prejudice-au-dinar-tunisien","status":"publish","type":"post","link":"https:\/\/www.webdo.tn\/fr\/actualite\/national\/qui-veut-porter-prejudice-au-dinar-tunisien\/205123\/","title":{"rendered":"Qui veut porter pr\u00e9judice au dinar tunisien ?"},"content":{"rendered":"<p>Le weekend dernier a \u00e9t\u00e9 anim\u00e9 par des informations et des rumeurs laissant croire que le dinar tunisien allait s\u2019effondrer.<\/p>\n<p>Ce lundi 24 avril 2023, la Banque Centrale de Tunisie porte \u00e0 la connaissance du public que le dinar tunisien se traite, aujourd\u2019hui lundi, sur le march\u00e9 des changes interbancaire entre 3.35 et 3.36 dinars pour un euro et entre 3.05 et 3.06 dinars pour un dollar am\u00e9ricain, contre des niveaux \u00e0 la fin de l\u2019ann\u00e9e 2022 de 3.31 face \u00e0 l\u2019euro et de 3.11 face au dollar am\u00e9ricain, ce qui marque une d\u00e9pr\u00e9ciation du dinar depuis le d\u00e9but de l\u2019ann\u00e9e 2023 de 1.3% face \u00e0 l\u2019euro et une appr\u00e9ciation de 1.6% face au dollar am\u00e9ricain.<\/p>\n<p>\u00ab Nous attirons par ailleurs l\u2019attention du public sur les tentatives de certaines parties \u00e0 faire circuler sur les r\u00e9seaux sociaux des informations erron\u00e9es sur les taux de change du dinar et l\u2019invitons \u00e0 puiser ses informations sur les cours du dinar tunisien dans les sites officiels de la Banque Centrale de Tunisie et des banques locales ainsi que dans les p\u00e9riodiques publi\u00e9s par la Banque Centrale \u00bb, a-t-on expliqu\u00e9.\u00a0<\/p>\n<p>\u00ab Nous pr\u00e9cisions aussi que le dinar tunisien a fait preuve d\u2019une bonne r\u00e9silience tout au long ces derni\u00e8res ann\u00e9es en affichant une \u00e9volution ordonn\u00e9e, comme il appara\u00eet dans les graphiques ci-dessous, et ce \u00e0 la faveur de la conjugaison de plusieurs facteurs, notamment la conduite d\u2019une politique mon\u00e9taire rigoureuse qui a garanti des taux d\u2019int\u00e9r\u00eat \u00e0 des niveaux appropri\u00e9s ayant permis d\u2019assurer une coh\u00e9rence raisonnable entre la dynamique de la sph\u00e8re mon\u00e9taire et celle de la sph\u00e8re r\u00e9elle, tout en ancrant les anticipations tant sur le change que sur l\u2019inflation \u00bb, indique la BCT.<\/p>\n","protected":false},"excerpt":{"rendered":"<p>Le weekend dernier a \u00e9t\u00e9 anim\u00e9 par des informations et des rumeurs laissant croire que le dinar tunisien allait s\u2019effondrer.<\/p>\n","protected":false},"author":3175,"featured_media":278113,"comment_status":"open","ping_status":"closed","sticky":false,"template":"","format":"standard","meta":{"footnotes":""},"categories":[44],"tags":[3280,2608],"class_list":["post-205123","post","type-post","status-publish","format-standard","has-post-thumbnail","hentry","category-national","tag-dinar","tag-tunisie"],"yoast_head":"<!-- This site is optimized with the Yoast SEO Premium plugin v27.5 (Yoast SEO v27.5) - https:\/\/yoast.com\/product\/yoast-seo-premium-wordpress\/ -->\n<title>Qui veut porter pr\u00e9judice au dinar tunisien ?<\/title>\n<meta name=\"description\" content=\"Le weekend dernier a \u00e9t\u00e9 anim\u00e9 par des informations et des rumeurs laissant croire que le dinar tunisien allait s\u2019effondrer.\" \/>\n<link rel=\"canonical\" href=\"https:\/\/www.webdo.tn\/fr\/actualite\/national\/qui-veut-porter-prejudice-au-dinar-tunisien\/205123\/\" \/>\n<meta property=\"og:locale\" content=\"fr_FR\" \/>\n<meta property=\"og:type\" content=\"article\" \/>\n<meta property=\"og:title\" content=\"Qui veut porter pr\u00e9judice au dinar tunisien ?\" \/>\n<meta property=\"og:description\" content=\"Le weekend dernier a \u00e9t\u00e9 anim\u00e9 par des informations et des rumeurs laissant croire que le dinar tunisien allait s\u2019effondrer.\" \/>\n<meta property=\"og:url\" content=\"https:\/\/www.webdo.tn\/fr\/actualite\/national\/qui-veut-porter-prejudice-au-dinar-tunisien\/205123\/\" \/>\n<meta property=\"og:site_name\" content=\"webdo\" \/>\n<meta property=\"article:publisher\" content=\"https:\/\/www.facebook.com\/webdotn\" \/>\n<meta property=\"article:published_time\" content=\"2023-04-24T18:38:00+00:00\" \/>\n<meta property=\"article:modified_time\" content=\"2025-05-20T22:49:58+00:00\" \/>\n<meta property=\"og:image\" content=\"https:\/\/www.webdo.tn\/fr\/wp-content\/uploads\/2023\/04\/1a7f39a0eccd71f00d880120ef3e8c97.png\" \/>\n\t<meta property=\"og:image:width\" content=\"750\" \/>\n\t<meta property=\"og:image:height\" content=\"400\" \/>\n\t<meta property=\"og:image:type\" content=\"image\/png\" \/>\n<meta name=\"author\" content=\"CL\" \/>\n<meta name=\"twitter:card\" content=\"summary_large_image\" \/>\n<meta name=\"twitter:creator\" content=\"@webdo_tn\" \/>\n<meta name=\"twitter:site\" content=\"@webdo_tn\" \/>\n<meta name=\"twitter:label1\" content=\"\u00c9crit par\" \/>\n\t<meta name=\"twitter:data1\" content=\"CL\" \/>\n\t<meta name=\"twitter:label2\" content=\"Dur\u00e9e de lecture estim\u00e9e\" \/>\n\t<meta name=\"twitter:data2\" content=\"1 minute\" \/>\n<script type=\"application\/ld+json\" class=\"yoast-schema-graph\">{\"@context\":\"https:\\\/\\\/schema.org\",\"@graph\":[{\"@type\":\"NewsArticle\",\"@id\":\"https:\\\/\\\/www.webdo.tn\\\/fr\\\/actualite\\\/national\\\/qui-veut-porter-prejudice-au-dinar-tunisien\\\/205123\\\/#article\",\"isPartOf\":{\"@id\":\"https:\\\/\\\/www.webdo.tn\\\/fr\\\/actualite\\\/national\\\/qui-veut-porter-prejudice-au-dinar-tunisien\\\/205123\\\/\"},\"author\":{\"name\":\"CL\",\"@id\":\"https:\\\/\\\/www.webdo.tn\\\/fr\\\/#\\\/schema\\\/person\\\/f35b42a42c5e2511bbd282959d6385cc\"},\"headline\":\"Qui veut porter pr\u00e9judice au dinar tunisien ?\",\"datePublished\":\"2023-04-24T18:38:00+00:00\",\"dateModified\":\"2025-05-20T22:49:58+00:00\",\"mainEntityOfPage\":{\"@id\":\"https:\\\/\\\/www.webdo.tn\\\/fr\\\/actualite\\\/national\\\/qui-veut-porter-prejudice-au-dinar-tunisien\\\/205123\\\/\"},\"wordCount\":306,\"commentCount\":0,\"publisher\":{\"@id\":\"https:\\\/\\\/www.webdo.tn\\\/fr\\\/#organization\"},\"image\":{\"@id\":\"https:\\\/\\\/www.webdo.tn\\\/fr\\\/actualite\\\/national\\\/qui-veut-porter-prejudice-au-dinar-tunisien\\\/205123\\\/#primaryimage\"},\"thumbnailUrl\":\"https:\\\/\\\/www.webdo.tn\\\/fr\\\/wp-content\\\/uploads\\\/2023\\\/04\\\/1a7f39a0eccd71f00d880120ef3e8c97.png\",\"keywords\":[\"Dinar\",\"Tunisie\"],\"articleSection\":[\"National\"],\"inLanguage\":\"fr-FR\"},{\"@type\":\"WebPage\",\"@id\":\"https:\\\/\\\/www.webdo.tn\\\/fr\\\/actualite\\\/national\\\/qui-veut-porter-prejudice-au-dinar-tunisien\\\/205123\\\/\",\"url\":\"https:\\\/\\\/www.webdo.tn\\\/fr\\\/actualite\\\/national\\\/qui-veut-porter-prejudice-au-dinar-tunisien\\\/205123\\\/\",\"name\":\"Qui veut porter pr\u00e9judice au dinar tunisien ?\",\"isPartOf\":{\"@id\":\"https:\\\/\\\/www.webdo.tn\\\/fr\\\/#website\"},\"primaryImageOfPage\":{\"@id\":\"https:\\\/\\\/www.webdo.tn\\\/fr\\\/actualite\\\/national\\\/qui-veut-porter-prejudice-au-dinar-tunisien\\\/205123\\\/#primaryimage\"},\"image\":{\"@id\":\"https:\\\/\\\/www.webdo.tn\\\/fr\\\/actualite\\\/national\\\/qui-veut-porter-prejudice-au-dinar-tunisien\\\/205123\\\/#primaryimage\"},\"thumbnailUrl\":\"https:\\\/\\\/www.webdo.tn\\\/fr\\\/wp-content\\\/uploads\\\/2023\\\/04\\\/1a7f39a0eccd71f00d880120ef3e8c97.png\",\"datePublished\":\"2023-04-24T18:38:00+00:00\",\"dateModified\":\"2025-05-20T22:49:58+00:00\",\"description\":\"Le weekend dernier a \u00e9t\u00e9 anim\u00e9 par des informations et des rumeurs laissant croire que le dinar tunisien allait s\u2019effondrer.\",\"breadcrumb\":{\"@id\":\"https:\\\/\\\/www.webdo.tn\\\/fr\\\/actualite\\\/national\\\/qui-veut-porter-prejudice-au-dinar-tunisien\\\/205123\\\/#breadcrumb\"},\"inLanguage\":\"fr-FR\",\"potentialAction\":[{\"@type\":\"ReadAction\",\"target\":[\"https:\\\/\\\/www.webdo.tn\\\/fr\\\/actualite\\\/national\\\/qui-veut-porter-prejudice-au-dinar-tunisien\\\/205123\\\/\"]}]},{\"@type\":\"ImageObject\",\"inLanguage\":\"fr-FR\",\"@id\":\"https:\\\/\\\/www.webdo.tn\\\/fr\\\/actualite\\\/national\\\/qui-veut-porter-prejudice-au-dinar-tunisien\\\/205123\\\/#primaryimage\",\"url\":\"https:\\\/\\\/www.webdo.tn\\\/fr\\\/wp-content\\\/uploads\\\/2023\\\/04\\\/1a7f39a0eccd71f00d880120ef3e8c97.png\",\"contentUrl\":\"https:\\\/\\\/www.webdo.tn\\\/fr\\\/wp-content\\\/uploads\\\/2023\\\/04\\\/1a7f39a0eccd71f00d880120ef3e8c97.png\",\"width\":750,\"height\":400,\"caption\":\"Dinar\"},{\"@type\":\"BreadcrumbList\",\"@id\":\"https:\\\/\\\/www.webdo.tn\\\/fr\\\/actualite\\\/national\\\/qui-veut-porter-prejudice-au-dinar-tunisien\\\/205123\\\/#breadcrumb\",\"itemListElement\":[{\"@type\":\"ListItem\",\"position\":1,\"name\":\"Accueil\",\"item\":\"https:\\\/\\\/www.webdo.tn\\\/fr\\\/\"},{\"@type\":\"ListItem\",\"position\":2,\"name\":\"Qui veut porter pr\u00e9judice au dinar tunisien ?\"}]},{\"@type\":\"WebSite\",\"@id\":\"https:\\\/\\\/www.webdo.tn\\\/fr\\\/#website\",\"url\":\"https:\\\/\\\/www.webdo.tn\\\/fr\\\/\",\"name\":\"webdo\",\"description\":\"Tunisie - News en Tunisie et \u00e0 l&#039;international sur Webdo.tn\",\"publisher\":{\"@id\":\"https:\\\/\\\/www.webdo.tn\\\/fr\\\/#organization\"},\"potentialAction\":[{\"@type\":\"SearchAction\",\"target\":{\"@type\":\"EntryPoint\",\"urlTemplate\":\"https:\\\/\\\/www.webdo.tn\\\/fr\\\/?s={search_term_string}\"},\"query-input\":{\"@type\":\"PropertyValueSpecification\",\"valueRequired\":true,\"valueName\":\"search_term_string\"}}],\"inLanguage\":\"fr-FR\"},{\"@type\":\"Organization\",\"@id\":\"https:\\\/\\\/www.webdo.tn\\\/fr\\\/#organization\",\"name\":\"Webdo\",\"alternateName\":\"Webdo.tn\",\"url\":\"https:\\\/\\\/www.webdo.tn\\\/fr\\\/\",\"logo\":{\"@type\":\"ImageObject\",\"inLanguage\":\"fr-FR\",\"@id\":\"https:\\\/\\\/www.webdo.tn\\\/fr\\\/#\\\/schema\\\/logo\\\/image\\\/\",\"url\":\"https:\\\/\\\/www.webdo.tn\\\/fr\\\/wp-content\\\/uploads\\\/2025\\\/06\\\/Webdo-Tunisie_168377.jpg\",\"contentUrl\":\"https:\\\/\\\/www.webdo.tn\\\/fr\\\/wp-content\\\/uploads\\\/2025\\\/06\\\/Webdo-Tunisie_168377.jpg\",\"width\":301,\"height\":301,\"caption\":\"Webdo\"},\"image\":{\"@id\":\"https:\\\/\\\/www.webdo.tn\\\/fr\\\/#\\\/schema\\\/logo\\\/image\\\/\"},\"sameAs\":[\"https:\\\/\\\/www.facebook.com\\\/webdotn\",\"https:\\\/\\\/x.com\\\/webdo_tn\"],\"description\":\"Webdo est un m\u00e9dia num\u00e9rique tunisien fond\u00e9 en 2010, sp\u00e9cialis\u00e9 dans l\u2019actualit\u00e9 nationale et internationale, l\u2019\u00e9conomie, la soci\u00e9t\u00e9 et les analyses politiques. Le site s\u2019adresse \u00e0 un large public francophone et couvre l\u2019information tunisienne en temps r\u00e9el.\",\"email\":\"redac@webdo.tn\",\"legalName\":\"YNJ SARL\",\"foundingDate\":\"2010-09-06\",\"numberOfEmployees\":{\"@type\":\"QuantitativeValue\",\"minValue\":\"11\",\"maxValue\":\"50\"}},{\"@type\":\"Person\",\"@id\":\"https:\\\/\\\/www.webdo.tn\\\/fr\\\/#\\\/schema\\\/person\\\/f35b42a42c5e2511bbd282959d6385cc\",\"name\":\"CL\",\"image\":{\"@type\":\"ImageObject\",\"inLanguage\":\"fr-FR\",\"@id\":\"https:\\\/\\\/secure.gravatar.com\\\/avatar\\\/1447a49909b67aa657c488aec6512e1dd6143a480c1ecfee9b5b5cd74eb3b59e?s=96&d=mm&r=g\",\"url\":\"https:\\\/\\\/secure.gravatar.com\\\/avatar\\\/1447a49909b67aa657c488aec6512e1dd6143a480c1ecfee9b5b5cd74eb3b59e?s=96&d=mm&r=g\",\"contentUrl\":\"https:\\\/\\\/secure.gravatar.com\\\/avatar\\\/1447a49909b67aa657c488aec6512e1dd6143a480c1ecfee9b5b5cd74eb3b59e?s=96&d=mm&r=g\",\"caption\":\"CL\"},\"url\":\"https:\\\/\\\/www.webdo.tn\\\/fr\\\/actualite\\\/author\\\/cl\\\/\"}]}<\/script>\n<!-- \/ Yoast SEO Premium plugin. -->","yoast_head_json":{"title":"Qui veut porter pr\u00e9judice au dinar tunisien ?","description":"Le weekend dernier a \u00e9t\u00e9 anim\u00e9 par des informations et des rumeurs laissant croire que le dinar tunisien allait s\u2019effondrer.","canonical":"https:\/\/www.webdo.tn\/fr\/actualite\/national\/qui-veut-porter-prejudice-au-dinar-tunisien\/205123\/","og_locale":"fr_FR","og_type":"article","og_title":"Qui veut porter pr\u00e9judice au dinar tunisien ?","og_description":"Le weekend dernier a \u00e9t\u00e9 anim\u00e9 par des informations et des rumeurs laissant croire que le dinar tunisien allait s\u2019effondrer.","og_url":"https:\/\/www.webdo.tn\/fr\/actualite\/national\/qui-veut-porter-prejudice-au-dinar-tunisien\/205123\/","og_site_name":"webdo","article_publisher":"https:\/\/www.facebook.com\/webdotn","article_published_time":"2023-04-24T18:38:00+00:00","article_modified_time":"2025-05-20T22:49:58+00:00","og_image":[{"width":750,"height":400,"url":"https:\/\/www.webdo.tn\/fr\/wp-content\/uploads\/2023\/04\/1a7f39a0eccd71f00d880120ef3e8c97.png","type":"image\/png"}],"author":"CL","twitter_card":"summary_large_image","twitter_creator":"@webdo_tn","twitter_site":"@webdo_tn","twitter_misc":{"\u00c9crit par":"CL","Dur\u00e9e de lecture estim\u00e9e":"1 minute"},"schema":{"@context":"https:\/\/schema.org","@graph":[{"@type":"NewsArticle","@id":"https:\/\/www.webdo.tn\/fr\/actualite\/national\/qui-veut-porter-prejudice-au-dinar-tunisien\/205123\/#article","isPartOf":{"@id":"https:\/\/www.webdo.tn\/fr\/actualite\/national\/qui-veut-porter-prejudice-au-dinar-tunisien\/205123\/"},"author":{"name":"CL","@id":"https:\/\/www.webdo.tn\/fr\/#\/schema\/person\/f35b42a42c5e2511bbd282959d6385cc"},"headline":"Qui veut porter pr\u00e9judice au dinar tunisien ?","datePublished":"2023-04-24T18:38:00+00:00","dateModified":"2025-05-20T22:49:58+00:00","mainEntityOfPage":{"@id":"https:\/\/www.webdo.tn\/fr\/actualite\/national\/qui-veut-porter-prejudice-au-dinar-tunisien\/205123\/"},"wordCount":306,"commentCount":0,"publisher":{"@id":"https:\/\/www.webdo.tn\/fr\/#organization"},"image":{"@id":"https:\/\/www.webdo.tn\/fr\/actualite\/national\/qui-veut-porter-prejudice-au-dinar-tunisien\/205123\/#primaryimage"},"thumbnailUrl":"https:\/\/www.webdo.tn\/fr\/wp-content\/uploads\/2023\/04\/1a7f39a0eccd71f00d880120ef3e8c97.png","keywords":["Dinar","Tunisie"],"articleSection":["National"],"inLanguage":"fr-FR"},{"@type":"WebPage","@id":"https:\/\/www.webdo.tn\/fr\/actualite\/national\/qui-veut-porter-prejudice-au-dinar-tunisien\/205123\/","url":"https:\/\/www.webdo.tn\/fr\/actualite\/national\/qui-veut-porter-prejudice-au-dinar-tunisien\/205123\/","name":"Qui veut porter pr\u00e9judice au dinar tunisien ?","isPartOf":{"@id":"https:\/\/www.webdo.tn\/fr\/#website"},"primaryImageOfPage":{"@id":"https:\/\/www.webdo.tn\/fr\/actualite\/national\/qui-veut-porter-prejudice-au-dinar-tunisien\/205123\/#primaryimage"},"image":{"@id":"https:\/\/www.webdo.tn\/fr\/actualite\/national\/qui-veut-porter-prejudice-au-dinar-tunisien\/205123\/#primaryimage"},"thumbnailUrl":"https:\/\/www.webdo.tn\/fr\/wp-content\/uploads\/2023\/04\/1a7f39a0eccd71f00d880120ef3e8c97.png","datePublished":"2023-04-24T18:38:00+00:00","dateModified":"2025-05-20T22:49:58+00:00","description":"Le weekend dernier a \u00e9t\u00e9 anim\u00e9 par des informations et des rumeurs laissant croire que le dinar tunisien allait s\u2019effondrer.","breadcrumb":{"@id":"https:\/\/www.webdo.tn\/fr\/actualite\/national\/qui-veut-porter-prejudice-au-dinar-tunisien\/205123\/#breadcrumb"},"inLanguage":"fr-FR","potentialAction":[{"@type":"ReadAction","target":["https:\/\/www.webdo.tn\/fr\/actualite\/national\/qui-veut-porter-prejudice-au-dinar-tunisien\/205123\/"]}]},{"@type":"ImageObject","inLanguage":"fr-FR","@id":"https:\/\/www.webdo.tn\/fr\/actualite\/national\/qui-veut-porter-prejudice-au-dinar-tunisien\/205123\/#primaryimage","url":"https:\/\/www.webdo.tn\/fr\/wp-content\/uploads\/2023\/04\/1a7f39a0eccd71f00d880120ef3e8c97.png","contentUrl":"https:\/\/www.webdo.tn\/fr\/wp-content\/uploads\/2023\/04\/1a7f39a0eccd71f00d880120ef3e8c97.png","width":750,"height":400,"caption":"Dinar"},{"@type":"BreadcrumbList","@id":"https:\/\/www.webdo.tn\/fr\/actualite\/national\/qui-veut-porter-prejudice-au-dinar-tunisien\/205123\/#breadcrumb","itemListElement":[{"@type":"ListItem","position":1,"name":"Accueil","item":"https:\/\/www.webdo.tn\/fr\/"},{"@type":"ListItem","position":2,"name":"Qui veut porter pr\u00e9judice au dinar tunisien ?"}]},{"@type":"WebSite","@id":"https:\/\/www.webdo.tn\/fr\/#website","url":"https:\/\/www.webdo.tn\/fr\/","name":"webdo","description":"Tunisie - News en Tunisie et \u00e0 l&#039;international sur Webdo.tn","publisher":{"@id":"https:\/\/www.webdo.tn\/fr\/#organization"},"potentialAction":[{"@type":"SearchAction","target":{"@type":"EntryPoint","urlTemplate":"https:\/\/www.webdo.tn\/fr\/?s={search_term_string}"},"query-input":{"@type":"PropertyValueSpecification","valueRequired":true,"valueName":"search_term_string"}}],"inLanguage":"fr-FR"},{"@type":"Organization","@id":"https:\/\/www.webdo.tn\/fr\/#organization","name":"Webdo","alternateName":"Webdo.tn","url":"https:\/\/www.webdo.tn\/fr\/","logo":{"@type":"ImageObject","inLanguage":"fr-FR","@id":"https:\/\/www.webdo.tn\/fr\/#\/schema\/logo\/image\/","url":"https:\/\/www.webdo.tn\/fr\/wp-content\/uploads\/2025\/06\/Webdo-Tunisie_168377.jpg","contentUrl":"https:\/\/www.webdo.tn\/fr\/wp-content\/uploads\/2025\/06\/Webdo-Tunisie_168377.jpg","width":301,"height":301,"caption":"Webdo"},"image":{"@id":"https:\/\/www.webdo.tn\/fr\/#\/schema\/logo\/image\/"},"sameAs":["https:\/\/www.facebook.com\/webdotn","https:\/\/x.com\/webdo_tn"],"description":"Webdo est un m\u00e9dia num\u00e9rique tunisien fond\u00e9 en 2010, sp\u00e9cialis\u00e9 dans l\u2019actualit\u00e9 nationale et internationale, l\u2019\u00e9conomie, la soci\u00e9t\u00e9 et les analyses politiques. Le site s\u2019adresse \u00e0 un large public francophone et couvre l\u2019information tunisienne en temps r\u00e9el.","email":"redac@webdo.tn","legalName":"YNJ SARL","foundingDate":"2010-09-06","numberOfEmployees":{"@type":"QuantitativeValue","minValue":"11","maxValue":"50"}},{"@type":"Person","@id":"https:\/\/www.webdo.tn\/fr\/#\/schema\/person\/f35b42a42c5e2511bbd282959d6385cc","name":"CL","image":{"@type":"ImageObject","inLanguage":"fr-FR","@id":"https:\/\/secure.gravatar.com\/avatar\/1447a49909b67aa657c488aec6512e1dd6143a480c1ecfee9b5b5cd74eb3b59e?s=96&d=mm&r=g","url":"https:\/\/secure.gravatar.com\/avatar\/1447a49909b67aa657c488aec6512e1dd6143a480c1ecfee9b5b5cd74eb3b59e?s=96&d=mm&r=g","contentUrl":"https:\/\/secure.gravatar.com\/avatar\/1447a49909b67aa657c488aec6512e1dd6143a480c1ecfee9b5b5cd74eb3b59e?s=96&d=mm&r=g","caption":"CL"},"url":"https:\/\/www.webdo.tn\/fr\/actualite\/author\/cl\/"}]}},"_links":{"self":[{"href":"https:\/\/www.webdo.tn\/fr\/wp-json\/wp\/v2\/posts\/205123","targetHints":{"allow":["GET"]}}],"collection":[{"href":"https:\/\/www.webdo.tn\/fr\/wp-json\/wp\/v2\/posts"}],"about":[{"href":"https:\/\/www.webdo.tn\/fr\/wp-json\/wp\/v2\/types\/post"}],"author":[{"embeddable":true,"href":"https:\/\/www.webdo.tn\/fr\/wp-json\/wp\/v2\/users\/3175"}],"replies":[{"embeddable":true,"href":"https:\/\/www.webdo.tn\/fr\/wp-json\/wp\/v2\/comments?post=205123"}],"version-history":[{"count":0,"href":"https:\/\/www.webdo.tn\/fr\/wp-json\/wp\/v2\/posts\/205123\/revisions"}],"wp:featuredmedia":[{"embeddable":true,"href":"https:\/\/www.webdo.tn\/fr\/wp-json\/wp\/v2\/media\/278113"}],"wp:attachment":[{"href":"https:\/\/www.webdo.tn\/fr\/wp-json\/wp\/v2\/media?parent=205123"}],"wp:term":[{"taxonomy":"category","embeddable":true,"href":"https:\/\/www.webdo.tn\/fr\/wp-json\/wp\/v2\/categories?post=205123"},{"taxonomy":"post_tag","embeddable":true,"href":"https:\/\/www.webdo.tn\/fr\/wp-json\/wp\/v2\/tags?post=205123"}],"curies":[{"name":"wp","href":"https:\/\/api.w.org\/{rel}","templated":true}]}}