{"id":205122,"date":"2023-04-24T18:10:00","date_gmt":"2023-04-24T18:10:00","guid":{"rendered":"https:\/\/www.webdo.tn\/fr\/blog\/du-nouveau-dans-le-projet-du-pont-de-bizerte\/205122\/"},"modified":"2025-05-20T22:49:58","modified_gmt":"2025-05-20T22:49:58","slug":"du-nouveau-dans-le-projet-du-pont-de-bizerte","status":"publish","type":"post","link":"https:\/\/www.webdo.tn\/fr\/actualite\/national\/du-nouveau-dans-le-projet-du-pont-de-bizerte\/205122\/","title":{"rendered":"Du nouveau dans le projet du pont de Bizerte"},"content":{"rendered":"<p>La premi\u00e8re tranche du projet de pont fixe de Bizerte relative \u00e0 un segment d\u2019autoroute enregistre un taux d\u2019avancement de 25%.<\/p>\n<p>\t\t\t\t\t\t\t\t\tC\u2019est ce qu\u2019explique la responsable du projet Lilia Sifaoui, expliquant que le troisi\u00e8me tron\u00e7on relatif \u00e0 un autre segment d\u2019autoroute est en avancement \u00e9galement de 25%.\u00a0<\/p>\n<p>Elle explique au micro de Mosa\u00efque FM, que pour ce qui est du deuxi\u00e8me tron\u00e7on portant sur l\u2019installation du pont fixe, les appels d\u2019offres seront lanc\u00e9s fin juin prochain.\u00a0<\/p>\n<p>Le pr\u00e9sident de la R\u00e9publique, Kais Sa\u00efed, avait donn\u00e9 le 19 juillet 2022, le coup d\u2019envoi des travaux de la premi\u00e8re tranche du nouveau pont de Bizerte.\u00a0<\/p>\n<p>La premi\u00e8re tranche de cette phase consiste \u00e0 relier l\u2019autoroute A4 \u00e0 la ville de Menzel Abderrahmen et A\u00efn el Kbira. Ce projet vise \u00e0 cr\u00e9er un lien permanent entre l\u2019autoroute et la ville de Bizerte, tout en renfor\u00e7ant l\u2019attractivit\u00e9 de la r\u00e9gion, son ouverture sur son environnement et sa bonne int\u00e9gration dans l\u2019\u00e9conomie nationale.<\/p>\n<p>Ce nouveau pont s\u2019\u00e9tend sur une distance de 9,5 km et co\u00fbte environ 750 millions de dinars. La partie principale des travaux est pr\u00e9vue au cours du premier trimestre de 2023, elle durera plus de trois ans.<\/p>\n","protected":false},"excerpt":{"rendered":"<p>La premi\u00e8re tranche du projet de pont fixe de Bizerte relative \u00e0 un segment d\u2019autoroute enregistre un taux d\u2019avancement de 25%.<\/p>\n","protected":false},"author":3175,"featured_media":278104,"comment_status":"open","ping_status":"closed","sticky":false,"template":"","format":"standard","meta":{"footnotes":""},"categories":[44],"tags":[2707,5165,3406],"class_list":["post-205122","post","type-post","status-publish","format-standard","has-post-thumbnail","hentry","category-national","tag-bizerte","tag-pont","tag-projet"],"yoast_head":"<!-- This site is optimized with the Yoast SEO Premium plugin v27.5 (Yoast SEO v27.5) - https:\/\/yoast.com\/product\/yoast-seo-premium-wordpress\/ -->\n<title>Du nouveau dans le projet du pont de Bizerte<\/title>\n<meta name=\"description\" content=\"La premi\u00e8re tranche du projet de pont fixe de Bizerte relative \u00e0 un segment d\u2019autoroute enregistre un taux d\u2019avancement de 25%.\" \/>\n<link rel=\"canonical\" href=\"https:\/\/www.webdo.tn\/fr\/actualite\/national\/du-nouveau-dans-le-projet-du-pont-de-bizerte\/205122\/\" \/>\n<meta property=\"og:locale\" content=\"fr_FR\" \/>\n<meta property=\"og:type\" content=\"article\" \/>\n<meta property=\"og:title\" content=\"Du nouveau dans le projet du pont de Bizerte\" \/>\n<meta property=\"og:description\" content=\"La premi\u00e8re tranche du projet de pont fixe de Bizerte relative \u00e0 un segment d\u2019autoroute enregistre un taux d\u2019avancement de 25%.\" \/>\n<meta property=\"og:url\" content=\"https:\/\/www.webdo.tn\/fr\/actualite\/national\/du-nouveau-dans-le-projet-du-pont-de-bizerte\/205122\/\" \/>\n<meta property=\"og:site_name\" content=\"webdo\" \/>\n<meta property=\"article:publisher\" content=\"https:\/\/www.facebook.com\/webdotn\" \/>\n<meta property=\"article:published_time\" content=\"2023-04-24T18:10:00+00:00\" \/>\n<meta property=\"article:modified_time\" content=\"2025-05-20T22:49:58+00:00\" \/>\n<meta property=\"og:image\" content=\"https:\/\/www.webdo.tn\/fr\/wp-content\/uploads\/2023\/04\/5169ecc48785f7c43c6b156735e30da7.jpg\" \/>\n\t<meta property=\"og:image:width\" content=\"750\" \/>\n\t<meta property=\"og:image:height\" content=\"400\" \/>\n\t<meta property=\"og:image:type\" content=\"image\/jpeg\" \/>\n<meta name=\"author\" content=\"CL\" \/>\n<meta name=\"twitter:card\" content=\"summary_large_image\" \/>\n<meta name=\"twitter:creator\" content=\"@webdo_tn\" \/>\n<meta name=\"twitter:site\" content=\"@webdo_tn\" \/>\n<meta name=\"twitter:label1\" content=\"\u00c9crit par\" \/>\n\t<meta name=\"twitter:data1\" content=\"CL\" \/>\n\t<meta name=\"twitter:label2\" content=\"Dur\u00e9e de lecture estim\u00e9e\" \/>\n\t<meta name=\"twitter:data2\" content=\"1 minute\" \/>\n<script type=\"application\/ld+json\" class=\"yoast-schema-graph\">{\"@context\":\"https:\\\/\\\/schema.org\",\"@graph\":[{\"@type\":\"NewsArticle\",\"@id\":\"https:\\\/\\\/www.webdo.tn\\\/fr\\\/actualite\\\/national\\\/du-nouveau-dans-le-projet-du-pont-de-bizerte\\\/205122\\\/#article\",\"isPartOf\":{\"@id\":\"https:\\\/\\\/www.webdo.tn\\\/fr\\\/actualite\\\/national\\\/du-nouveau-dans-le-projet-du-pont-de-bizerte\\\/205122\\\/\"},\"author\":{\"name\":\"CL\",\"@id\":\"https:\\\/\\\/www.webdo.tn\\\/fr\\\/#\\\/schema\\\/person\\\/f35b42a42c5e2511bbd282959d6385cc\"},\"headline\":\"Du nouveau dans le projet du pont de Bizerte\",\"datePublished\":\"2023-04-24T18:10:00+00:00\",\"dateModified\":\"2025-05-20T22:49:58+00:00\",\"mainEntityOfPage\":{\"@id\":\"https:\\\/\\\/www.webdo.tn\\\/fr\\\/actualite\\\/national\\\/du-nouveau-dans-le-projet-du-pont-de-bizerte\\\/205122\\\/\"},\"wordCount\":224,\"commentCount\":0,\"publisher\":{\"@id\":\"https:\\\/\\\/www.webdo.tn\\\/fr\\\/#organization\"},\"image\":{\"@id\":\"https:\\\/\\\/www.webdo.tn\\\/fr\\\/actualite\\\/national\\\/du-nouveau-dans-le-projet-du-pont-de-bizerte\\\/205122\\\/#primaryimage\"},\"thumbnailUrl\":\"https:\\\/\\\/www.webdo.tn\\\/fr\\\/wp-content\\\/uploads\\\/2023\\\/04\\\/5169ecc48785f7c43c6b156735e30da7.jpg\",\"keywords\":[\"Bizerte\",\"Pont\",\"projet\"],\"articleSection\":[\"National\"],\"inLanguage\":\"fr-FR\"},{\"@type\":\"WebPage\",\"@id\":\"https:\\\/\\\/www.webdo.tn\\\/fr\\\/actualite\\\/national\\\/du-nouveau-dans-le-projet-du-pont-de-bizerte\\\/205122\\\/\",\"url\":\"https:\\\/\\\/www.webdo.tn\\\/fr\\\/actualite\\\/national\\\/du-nouveau-dans-le-projet-du-pont-de-bizerte\\\/205122\\\/\",\"name\":\"Du nouveau dans le projet du pont de Bizerte\",\"isPartOf\":{\"@id\":\"https:\\\/\\\/www.webdo.tn\\\/fr\\\/#website\"},\"primaryImageOfPage\":{\"@id\":\"https:\\\/\\\/www.webdo.tn\\\/fr\\\/actualite\\\/national\\\/du-nouveau-dans-le-projet-du-pont-de-bizerte\\\/205122\\\/#primaryimage\"},\"image\":{\"@id\":\"https:\\\/\\\/www.webdo.tn\\\/fr\\\/actualite\\\/national\\\/du-nouveau-dans-le-projet-du-pont-de-bizerte\\\/205122\\\/#primaryimage\"},\"thumbnailUrl\":\"https:\\\/\\\/www.webdo.tn\\\/fr\\\/wp-content\\\/uploads\\\/2023\\\/04\\\/5169ecc48785f7c43c6b156735e30da7.jpg\",\"datePublished\":\"2023-04-24T18:10:00+00:00\",\"dateModified\":\"2025-05-20T22:49:58+00:00\",\"description\":\"La premi\u00e8re tranche du projet de pont fixe de Bizerte relative \u00e0 un segment d\u2019autoroute enregistre un taux d\u2019avancement de 25%.\",\"breadcrumb\":{\"@id\":\"https:\\\/\\\/www.webdo.tn\\\/fr\\\/actualite\\\/national\\\/du-nouveau-dans-le-projet-du-pont-de-bizerte\\\/205122\\\/#breadcrumb\"},\"inLanguage\":\"fr-FR\",\"potentialAction\":[{\"@type\":\"ReadAction\",\"target\":[\"https:\\\/\\\/www.webdo.tn\\\/fr\\\/actualite\\\/national\\\/du-nouveau-dans-le-projet-du-pont-de-bizerte\\\/205122\\\/\"]}]},{\"@type\":\"ImageObject\",\"inLanguage\":\"fr-FR\",\"@id\":\"https:\\\/\\\/www.webdo.tn\\\/fr\\\/actualite\\\/national\\\/du-nouveau-dans-le-projet-du-pont-de-bizerte\\\/205122\\\/#primaryimage\",\"url\":\"https:\\\/\\\/www.webdo.tn\\\/fr\\\/wp-content\\\/uploads\\\/2023\\\/04\\\/5169ecc48785f7c43c6b156735e30da7.jpg\",\"contentUrl\":\"https:\\\/\\\/www.webdo.tn\\\/fr\\\/wp-content\\\/uploads\\\/2023\\\/04\\\/5169ecc48785f7c43c6b156735e30da7.jpg\",\"width\":750,\"height\":400,\"caption\":\"Pont de Bizerte\"},{\"@type\":\"BreadcrumbList\",\"@id\":\"https:\\\/\\\/www.webdo.tn\\\/fr\\\/actualite\\\/national\\\/du-nouveau-dans-le-projet-du-pont-de-bizerte\\\/205122\\\/#breadcrumb\",\"itemListElement\":[{\"@type\":\"ListItem\",\"position\":1,\"name\":\"Accueil\",\"item\":\"https:\\\/\\\/www.webdo.tn\\\/fr\\\/\"},{\"@type\":\"ListItem\",\"position\":2,\"name\":\"Du nouveau dans le projet du pont de Bizerte\"}]},{\"@type\":\"WebSite\",\"@id\":\"https:\\\/\\\/www.webdo.tn\\\/fr\\\/#website\",\"url\":\"https:\\\/\\\/www.webdo.tn\\\/fr\\\/\",\"name\":\"webdo\",\"description\":\"Tunisie - News en Tunisie et \u00e0 l&#039;international sur Webdo.tn\",\"publisher\":{\"@id\":\"https:\\\/\\\/www.webdo.tn\\\/fr\\\/#organization\"},\"potentialAction\":[{\"@type\":\"SearchAction\",\"target\":{\"@type\":\"EntryPoint\",\"urlTemplate\":\"https:\\\/\\\/www.webdo.tn\\\/fr\\\/?s={search_term_string}\"},\"query-input\":{\"@type\":\"PropertyValueSpecification\",\"valueRequired\":true,\"valueName\":\"search_term_string\"}}],\"inLanguage\":\"fr-FR\"},{\"@type\":\"Organization\",\"@id\":\"https:\\\/\\\/www.webdo.tn\\\/fr\\\/#organization\",\"name\":\"Webdo\",\"alternateName\":\"Webdo.tn\",\"url\":\"https:\\\/\\\/www.webdo.tn\\\/fr\\\/\",\"logo\":{\"@type\":\"ImageObject\",\"inLanguage\":\"fr-FR\",\"@id\":\"https:\\\/\\\/www.webdo.tn\\\/fr\\\/#\\\/schema\\\/logo\\\/image\\\/\",\"url\":\"https:\\\/\\\/www.webdo.tn\\\/fr\\\/wp-content\\\/uploads\\\/2025\\\/06\\\/Webdo-Tunisie_168377.jpg\",\"contentUrl\":\"https:\\\/\\\/www.webdo.tn\\\/fr\\\/wp-content\\\/uploads\\\/2025\\\/06\\\/Webdo-Tunisie_168377.jpg\",\"width\":301,\"height\":301,\"caption\":\"Webdo\"},\"image\":{\"@id\":\"https:\\\/\\\/www.webdo.tn\\\/fr\\\/#\\\/schema\\\/logo\\\/image\\\/\"},\"sameAs\":[\"https:\\\/\\\/www.facebook.com\\\/webdotn\",\"https:\\\/\\\/x.com\\\/webdo_tn\"],\"description\":\"Webdo est un m\u00e9dia num\u00e9rique tunisien fond\u00e9 en 2010, sp\u00e9cialis\u00e9 dans l\u2019actualit\u00e9 nationale et internationale, l\u2019\u00e9conomie, la soci\u00e9t\u00e9 et les analyses politiques. Le site s\u2019adresse \u00e0 un large public francophone et couvre l\u2019information tunisienne en temps r\u00e9el.\",\"email\":\"redac@webdo.tn\",\"legalName\":\"YNJ SARL\",\"foundingDate\":\"2010-09-06\",\"numberOfEmployees\":{\"@type\":\"QuantitativeValue\",\"minValue\":\"11\",\"maxValue\":\"50\"}},{\"@type\":\"Person\",\"@id\":\"https:\\\/\\\/www.webdo.tn\\\/fr\\\/#\\\/schema\\\/person\\\/f35b42a42c5e2511bbd282959d6385cc\",\"name\":\"CL\",\"image\":{\"@type\":\"ImageObject\",\"inLanguage\":\"fr-FR\",\"@id\":\"https:\\\/\\\/secure.gravatar.com\\\/avatar\\\/1447a49909b67aa657c488aec6512e1dd6143a480c1ecfee9b5b5cd74eb3b59e?s=96&d=mm&r=g\",\"url\":\"https:\\\/\\\/secure.gravatar.com\\\/avatar\\\/1447a49909b67aa657c488aec6512e1dd6143a480c1ecfee9b5b5cd74eb3b59e?s=96&d=mm&r=g\",\"contentUrl\":\"https:\\\/\\\/secure.gravatar.com\\\/avatar\\\/1447a49909b67aa657c488aec6512e1dd6143a480c1ecfee9b5b5cd74eb3b59e?s=96&d=mm&r=g\",\"caption\":\"CL\"},\"url\":\"https:\\\/\\\/www.webdo.tn\\\/fr\\\/actualite\\\/author\\\/cl\\\/\"}]}<\/script>\n<!-- \/ Yoast SEO Premium plugin. -->","yoast_head_json":{"title":"Du nouveau dans le projet du pont de Bizerte","description":"La premi\u00e8re tranche du projet de pont fixe de Bizerte relative \u00e0 un segment d\u2019autoroute enregistre un taux d\u2019avancement de 25%.","canonical":"https:\/\/www.webdo.tn\/fr\/actualite\/national\/du-nouveau-dans-le-projet-du-pont-de-bizerte\/205122\/","og_locale":"fr_FR","og_type":"article","og_title":"Du nouveau dans le projet du pont de Bizerte","og_description":"La premi\u00e8re tranche du projet de pont fixe de Bizerte relative \u00e0 un segment d\u2019autoroute enregistre un taux d\u2019avancement de 25%.","og_url":"https:\/\/www.webdo.tn\/fr\/actualite\/national\/du-nouveau-dans-le-projet-du-pont-de-bizerte\/205122\/","og_site_name":"webdo","article_publisher":"https:\/\/www.facebook.com\/webdotn","article_published_time":"2023-04-24T18:10:00+00:00","article_modified_time":"2025-05-20T22:49:58+00:00","og_image":[{"width":750,"height":400,"url":"https:\/\/www.webdo.tn\/fr\/wp-content\/uploads\/2023\/04\/5169ecc48785f7c43c6b156735e30da7.jpg","type":"image\/jpeg"}],"author":"CL","twitter_card":"summary_large_image","twitter_creator":"@webdo_tn","twitter_site":"@webdo_tn","twitter_misc":{"\u00c9crit par":"CL","Dur\u00e9e de lecture estim\u00e9e":"1 minute"},"schema":{"@context":"https:\/\/schema.org","@graph":[{"@type":"NewsArticle","@id":"https:\/\/www.webdo.tn\/fr\/actualite\/national\/du-nouveau-dans-le-projet-du-pont-de-bizerte\/205122\/#article","isPartOf":{"@id":"https:\/\/www.webdo.tn\/fr\/actualite\/national\/du-nouveau-dans-le-projet-du-pont-de-bizerte\/205122\/"},"author":{"name":"CL","@id":"https:\/\/www.webdo.tn\/fr\/#\/schema\/person\/f35b42a42c5e2511bbd282959d6385cc"},"headline":"Du nouveau dans le projet du pont de Bizerte","datePublished":"2023-04-24T18:10:00+00:00","dateModified":"2025-05-20T22:49:58+00:00","mainEntityOfPage":{"@id":"https:\/\/www.webdo.tn\/fr\/actualite\/national\/du-nouveau-dans-le-projet-du-pont-de-bizerte\/205122\/"},"wordCount":224,"commentCount":0,"publisher":{"@id":"https:\/\/www.webdo.tn\/fr\/#organization"},"image":{"@id":"https:\/\/www.webdo.tn\/fr\/actualite\/national\/du-nouveau-dans-le-projet-du-pont-de-bizerte\/205122\/#primaryimage"},"thumbnailUrl":"https:\/\/www.webdo.tn\/fr\/wp-content\/uploads\/2023\/04\/5169ecc48785f7c43c6b156735e30da7.jpg","keywords":["Bizerte","Pont","projet"],"articleSection":["National"],"inLanguage":"fr-FR"},{"@type":"WebPage","@id":"https:\/\/www.webdo.tn\/fr\/actualite\/national\/du-nouveau-dans-le-projet-du-pont-de-bizerte\/205122\/","url":"https:\/\/www.webdo.tn\/fr\/actualite\/national\/du-nouveau-dans-le-projet-du-pont-de-bizerte\/205122\/","name":"Du nouveau dans le projet du pont de Bizerte","isPartOf":{"@id":"https:\/\/www.webdo.tn\/fr\/#website"},"primaryImageOfPage":{"@id":"https:\/\/www.webdo.tn\/fr\/actualite\/national\/du-nouveau-dans-le-projet-du-pont-de-bizerte\/205122\/#primaryimage"},"image":{"@id":"https:\/\/www.webdo.tn\/fr\/actualite\/national\/du-nouveau-dans-le-projet-du-pont-de-bizerte\/205122\/#primaryimage"},"thumbnailUrl":"https:\/\/www.webdo.tn\/fr\/wp-content\/uploads\/2023\/04\/5169ecc48785f7c43c6b156735e30da7.jpg","datePublished":"2023-04-24T18:10:00+00:00","dateModified":"2025-05-20T22:49:58+00:00","description":"La premi\u00e8re tranche du projet de pont fixe de Bizerte relative \u00e0 un segment d\u2019autoroute enregistre un taux d\u2019avancement de 25%.","breadcrumb":{"@id":"https:\/\/www.webdo.tn\/fr\/actualite\/national\/du-nouveau-dans-le-projet-du-pont-de-bizerte\/205122\/#breadcrumb"},"inLanguage":"fr-FR","potentialAction":[{"@type":"ReadAction","target":["https:\/\/www.webdo.tn\/fr\/actualite\/national\/du-nouveau-dans-le-projet-du-pont-de-bizerte\/205122\/"]}]},{"@type":"ImageObject","inLanguage":"fr-FR","@id":"https:\/\/www.webdo.tn\/fr\/actualite\/national\/du-nouveau-dans-le-projet-du-pont-de-bizerte\/205122\/#primaryimage","url":"https:\/\/www.webdo.tn\/fr\/wp-content\/uploads\/2023\/04\/5169ecc48785f7c43c6b156735e30da7.jpg","contentUrl":"https:\/\/www.webdo.tn\/fr\/wp-content\/uploads\/2023\/04\/5169ecc48785f7c43c6b156735e30da7.jpg","width":750,"height":400,"caption":"Pont de Bizerte"},{"@type":"BreadcrumbList","@id":"https:\/\/www.webdo.tn\/fr\/actualite\/national\/du-nouveau-dans-le-projet-du-pont-de-bizerte\/205122\/#breadcrumb","itemListElement":[{"@type":"ListItem","position":1,"name":"Accueil","item":"https:\/\/www.webdo.tn\/fr\/"},{"@type":"ListItem","position":2,"name":"Du nouveau dans le projet du pont de Bizerte"}]},{"@type":"WebSite","@id":"https:\/\/www.webdo.tn\/fr\/#website","url":"https:\/\/www.webdo.tn\/fr\/","name":"webdo","description":"Tunisie - News en Tunisie et \u00e0 l&#039;international sur Webdo.tn","publisher":{"@id":"https:\/\/www.webdo.tn\/fr\/#organization"},"potentialAction":[{"@type":"SearchAction","target":{"@type":"EntryPoint","urlTemplate":"https:\/\/www.webdo.tn\/fr\/?s={search_term_string}"},"query-input":{"@type":"PropertyValueSpecification","valueRequired":true,"valueName":"search_term_string"}}],"inLanguage":"fr-FR"},{"@type":"Organization","@id":"https:\/\/www.webdo.tn\/fr\/#organization","name":"Webdo","alternateName":"Webdo.tn","url":"https:\/\/www.webdo.tn\/fr\/","logo":{"@type":"ImageObject","inLanguage":"fr-FR","@id":"https:\/\/www.webdo.tn\/fr\/#\/schema\/logo\/image\/","url":"https:\/\/www.webdo.tn\/fr\/wp-content\/uploads\/2025\/06\/Webdo-Tunisie_168377.jpg","contentUrl":"https:\/\/www.webdo.tn\/fr\/wp-content\/uploads\/2025\/06\/Webdo-Tunisie_168377.jpg","width":301,"height":301,"caption":"Webdo"},"image":{"@id":"https:\/\/www.webdo.tn\/fr\/#\/schema\/logo\/image\/"},"sameAs":["https:\/\/www.facebook.com\/webdotn","https:\/\/x.com\/webdo_tn"],"description":"Webdo est un m\u00e9dia num\u00e9rique tunisien fond\u00e9 en 2010, sp\u00e9cialis\u00e9 dans l\u2019actualit\u00e9 nationale et internationale, l\u2019\u00e9conomie, la soci\u00e9t\u00e9 et les analyses politiques. Le site s\u2019adresse \u00e0 un large public francophone et couvre l\u2019information tunisienne en temps r\u00e9el.","email":"redac@webdo.tn","legalName":"YNJ SARL","foundingDate":"2010-09-06","numberOfEmployees":{"@type":"QuantitativeValue","minValue":"11","maxValue":"50"}},{"@type":"Person","@id":"https:\/\/www.webdo.tn\/fr\/#\/schema\/person\/f35b42a42c5e2511bbd282959d6385cc","name":"CL","image":{"@type":"ImageObject","inLanguage":"fr-FR","@id":"https:\/\/secure.gravatar.com\/avatar\/1447a49909b67aa657c488aec6512e1dd6143a480c1ecfee9b5b5cd74eb3b59e?s=96&d=mm&r=g","url":"https:\/\/secure.gravatar.com\/avatar\/1447a49909b67aa657c488aec6512e1dd6143a480c1ecfee9b5b5cd74eb3b59e?s=96&d=mm&r=g","contentUrl":"https:\/\/secure.gravatar.com\/avatar\/1447a49909b67aa657c488aec6512e1dd6143a480c1ecfee9b5b5cd74eb3b59e?s=96&d=mm&r=g","caption":"CL"},"url":"https:\/\/www.webdo.tn\/fr\/actualite\/author\/cl\/"}]}},"_links":{"self":[{"href":"https:\/\/www.webdo.tn\/fr\/wp-json\/wp\/v2\/posts\/205122","targetHints":{"allow":["GET"]}}],"collection":[{"href":"https:\/\/www.webdo.tn\/fr\/wp-json\/wp\/v2\/posts"}],"about":[{"href":"https:\/\/www.webdo.tn\/fr\/wp-json\/wp\/v2\/types\/post"}],"author":[{"embeddable":true,"href":"https:\/\/www.webdo.tn\/fr\/wp-json\/wp\/v2\/users\/3175"}],"replies":[{"embeddable":true,"href":"https:\/\/www.webdo.tn\/fr\/wp-json\/wp\/v2\/comments?post=205122"}],"version-history":[{"count":0,"href":"https:\/\/www.webdo.tn\/fr\/wp-json\/wp\/v2\/posts\/205122\/revisions"}],"wp:featuredmedia":[{"embeddable":true,"href":"https:\/\/www.webdo.tn\/fr\/wp-json\/wp\/v2\/media\/278104"}],"wp:attachment":[{"href":"https:\/\/www.webdo.tn\/fr\/wp-json\/wp\/v2\/media?parent=205122"}],"wp:term":[{"taxonomy":"category","embeddable":true,"href":"https:\/\/www.webdo.tn\/fr\/wp-json\/wp\/v2\/categories?post=205122"},{"taxonomy":"post_tag","embeddable":true,"href":"https:\/\/www.webdo.tn\/fr\/wp-json\/wp\/v2\/tags?post=205122"}],"curies":[{"name":"wp","href":"https:\/\/api.w.org\/{rel}","templated":true}]}}