{"id":205115,"date":"2023-04-24T14:16:00","date_gmt":"2023-04-24T14:16:00","guid":{"rendered":"https:\/\/www.webdo.tn\/fr\/blog\/reamenagement-a-sfax-d-un-cimetiere-pour-les-migrants-irreguliers-etrangers\/205115\/"},"modified":"2025-05-20T22:08:38","modified_gmt":"2025-05-20T22:08:38","slug":"reamenagement-a-sfax-d-un-cimetiere-pour-les-migrants-irreguliers-etrangers","status":"publish","type":"post","link":"https:\/\/www.webdo.tn\/fr\/actualite\/national\/reamenagement-a-sfax-d-un-cimetiere-pour-les-migrants-irreguliers-etrangers\/205115\/","title":{"rendered":"R\u00e9am\u00e9nagement \u00e0 Sfax d&rsquo;un cimeti\u00e8re pour les migrants irr\u00e9guliers \u00e9trangers"},"content":{"rendered":"<p>Des travaux ont d\u00e9marr\u00e9 \u00e0 Sfax pour r\u00e9am\u00e9nager un cimeti\u00e8re sp\u00e9cifique aux migrants irr\u00e9guliers \u00e9trangers morts noy\u00e9s au large des c\u00f4tes de la r\u00e9gion de Sfax.<\/p>\n<p>\t\t\t\t\t\t\t\t\tUne initiative destin\u00e9e \u00e0 solutionner la crise de la gestion des cadavres des migrants irr\u00e9guliers transport\u00e9s au service mortuaire du CHU de Sfax, sachant que le service en question re\u00e7oit quotidiennement plus que sa capacit\u00e9 estim\u00e9e \u00e0 35 morts.<\/p>\n<p>Selon les statistiques, le nombre des cadavres trait\u00e9s dans l&rsquo;h\u00f4pital et enterr\u00e9s dans les diff\u00e9rents cimeti\u00e8res du gouvernorat de Sfax a d\u00e9pass\u00e9 durant l&rsquo;ann\u00e9e 2022 les 800 cadavres issus de nationalit\u00e9s diff\u00e9rentes de pays d&rsquo;Afrique subsaharienne.<\/p>\n","protected":false},"excerpt":{"rendered":"<p>Des travaux ont d\u00e9marr\u00e9 \u00e0 Sfax pour r\u00e9am\u00e9nager un cimeti\u00e8re sp\u00e9cifique aux migrants irr\u00e9guliers \u00e9trangers morts noy\u00e9s au large des c\u00f4tes de la r\u00e9gion de Sfax.<\/p>\n","protected":false},"author":3162,"featured_media":278099,"comment_status":"open","ping_status":"closed","sticky":false,"template":"","format":"standard","meta":{"footnotes":""},"categories":[44],"tags":[3608,7925,2675],"class_list":["post-205115","post","type-post","status-publish","format-standard","has-post-thumbnail","hentry","category-national","tag-cimetiere","tag-migrants-irreguliers","tag-sfax"],"yoast_head":"<!-- This site is optimized with the Yoast SEO Premium plugin v27.5 (Yoast SEO v27.5) - https:\/\/yoast.com\/product\/yoast-seo-premium-wordpress\/ -->\n<title>R\u00e9am\u00e9nagement \u00e0 Sfax d&#039;un cimeti\u00e8re pour les migrants irr\u00e9guliers \u00e9trangers<\/title>\n<meta name=\"description\" content=\"Des travaux ont d\u00e9marr\u00e9 \u00e0 Sfax pour r\u00e9am\u00e9nager un cimeti\u00e8re sp\u00e9cifique aux migrants irr\u00e9guliers \u00e9trangers morts noy\u00e9s au large des c\u00f4tes de la r\u00e9gion de Sfax.\" \/>\n<link rel=\"canonical\" href=\"https:\/\/www.webdo.tn\/fr\/actualite\/national\/reamenagement-a-sfax-d-un-cimetiere-pour-les-migrants-irreguliers-etrangers\/205115\/\" \/>\n<meta property=\"og:locale\" content=\"fr_FR\" \/>\n<meta property=\"og:type\" content=\"article\" \/>\n<meta property=\"og:title\" content=\"R\u00e9am\u00e9nagement \u00e0 Sfax d&#039;un cimeti\u00e8re pour les migrants irr\u00e9guliers \u00e9trangers\" \/>\n<meta property=\"og:description\" content=\"Des travaux ont d\u00e9marr\u00e9 \u00e0 Sfax pour r\u00e9am\u00e9nager un cimeti\u00e8re sp\u00e9cifique aux migrants irr\u00e9guliers \u00e9trangers morts noy\u00e9s au large des c\u00f4tes de la r\u00e9gion de Sfax.\" \/>\n<meta property=\"og:url\" content=\"https:\/\/www.webdo.tn\/fr\/actualite\/national\/reamenagement-a-sfax-d-un-cimetiere-pour-les-migrants-irreguliers-etrangers\/205115\/\" \/>\n<meta property=\"og:site_name\" content=\"webdo\" \/>\n<meta property=\"article:publisher\" content=\"https:\/\/www.facebook.com\/webdotn\" \/>\n<meta property=\"article:published_time\" content=\"2023-04-24T14:16:00+00:00\" \/>\n<meta property=\"article:modified_time\" content=\"2025-05-20T22:08:38+00:00\" \/>\n<meta property=\"og:image\" content=\"https:\/\/www.webdo.tn\/fr\/wp-content\/uploads\/2023\/04\/3fc943dc72c261ded05793035d577386.jpeg\" \/>\n\t<meta property=\"og:image:width\" content=\"750\" \/>\n\t<meta property=\"og:image:height\" content=\"400\" \/>\n\t<meta property=\"og:image:type\" content=\"image\/jpeg\" \/>\n<meta name=\"author\" content=\"MC\" \/>\n<meta name=\"twitter:card\" content=\"summary_large_image\" \/>\n<meta name=\"twitter:creator\" content=\"@webdo_tn\" \/>\n<meta name=\"twitter:site\" content=\"@webdo_tn\" \/>\n<meta name=\"twitter:label1\" content=\"\u00c9crit par\" \/>\n\t<meta name=\"twitter:data1\" content=\"MC\" \/>\n\t<meta name=\"twitter:label2\" content=\"Dur\u00e9e de lecture estim\u00e9e\" \/>\n\t<meta name=\"twitter:data2\" content=\"1 minute\" \/>\n<script type=\"application\/ld+json\" class=\"yoast-schema-graph\">{\"@context\":\"https:\\\/\\\/schema.org\",\"@graph\":[{\"@type\":\"NewsArticle\",\"@id\":\"https:\\\/\\\/www.webdo.tn\\\/fr\\\/actualite\\\/national\\\/reamenagement-a-sfax-d-un-cimetiere-pour-les-migrants-irreguliers-etrangers\\\/205115\\\/#article\",\"isPartOf\":{\"@id\":\"https:\\\/\\\/www.webdo.tn\\\/fr\\\/actualite\\\/national\\\/reamenagement-a-sfax-d-un-cimetiere-pour-les-migrants-irreguliers-etrangers\\\/205115\\\/\"},\"author\":{\"name\":\"MC\",\"@id\":\"https:\\\/\\\/www.webdo.tn\\\/fr\\\/#\\\/schema\\\/person\\\/2c4929cbf5a809e3bd38617c6ce150f6\"},\"headline\":\"R\u00e9am\u00e9nagement \u00e0 Sfax d&rsquo;un cimeti\u00e8re pour les migrants irr\u00e9guliers \u00e9trangers\",\"datePublished\":\"2023-04-24T14:16:00+00:00\",\"dateModified\":\"2025-05-20T22:08:38+00:00\",\"mainEntityOfPage\":{\"@id\":\"https:\\\/\\\/www.webdo.tn\\\/fr\\\/actualite\\\/national\\\/reamenagement-a-sfax-d-un-cimetiere-pour-les-migrants-irreguliers-etrangers\\\/205115\\\/\"},\"wordCount\":135,\"commentCount\":0,\"publisher\":{\"@id\":\"https:\\\/\\\/www.webdo.tn\\\/fr\\\/#organization\"},\"image\":{\"@id\":\"https:\\\/\\\/www.webdo.tn\\\/fr\\\/actualite\\\/national\\\/reamenagement-a-sfax-d-un-cimetiere-pour-les-migrants-irreguliers-etrangers\\\/205115\\\/#primaryimage\"},\"thumbnailUrl\":\"https:\\\/\\\/www.webdo.tn\\\/fr\\\/wp-content\\\/uploads\\\/2023\\\/04\\\/3fc943dc72c261ded05793035d577386.jpeg\",\"keywords\":[\"cimeti\u00e8re\",\"migrants irr\u00e9guliers\",\"Sfax\"],\"articleSection\":[\"National\"],\"inLanguage\":\"fr-FR\"},{\"@type\":\"WebPage\",\"@id\":\"https:\\\/\\\/www.webdo.tn\\\/fr\\\/actualite\\\/national\\\/reamenagement-a-sfax-d-un-cimetiere-pour-les-migrants-irreguliers-etrangers\\\/205115\\\/\",\"url\":\"https:\\\/\\\/www.webdo.tn\\\/fr\\\/actualite\\\/national\\\/reamenagement-a-sfax-d-un-cimetiere-pour-les-migrants-irreguliers-etrangers\\\/205115\\\/\",\"name\":\"R\u00e9am\u00e9nagement \u00e0 Sfax d'un cimeti\u00e8re pour les migrants irr\u00e9guliers \u00e9trangers\",\"isPartOf\":{\"@id\":\"https:\\\/\\\/www.webdo.tn\\\/fr\\\/#website\"},\"primaryImageOfPage\":{\"@id\":\"https:\\\/\\\/www.webdo.tn\\\/fr\\\/actualite\\\/national\\\/reamenagement-a-sfax-d-un-cimetiere-pour-les-migrants-irreguliers-etrangers\\\/205115\\\/#primaryimage\"},\"image\":{\"@id\":\"https:\\\/\\\/www.webdo.tn\\\/fr\\\/actualite\\\/national\\\/reamenagement-a-sfax-d-un-cimetiere-pour-les-migrants-irreguliers-etrangers\\\/205115\\\/#primaryimage\"},\"thumbnailUrl\":\"https:\\\/\\\/www.webdo.tn\\\/fr\\\/wp-content\\\/uploads\\\/2023\\\/04\\\/3fc943dc72c261ded05793035d577386.jpeg\",\"datePublished\":\"2023-04-24T14:16:00+00:00\",\"dateModified\":\"2025-05-20T22:08:38+00:00\",\"description\":\"Des travaux ont d\u00e9marr\u00e9 \u00e0 Sfax pour r\u00e9am\u00e9nager un cimeti\u00e8re sp\u00e9cifique aux migrants irr\u00e9guliers \u00e9trangers morts noy\u00e9s au large des c\u00f4tes de la r\u00e9gion de Sfax.\",\"breadcrumb\":{\"@id\":\"https:\\\/\\\/www.webdo.tn\\\/fr\\\/actualite\\\/national\\\/reamenagement-a-sfax-d-un-cimetiere-pour-les-migrants-irreguliers-etrangers\\\/205115\\\/#breadcrumb\"},\"inLanguage\":\"fr-FR\",\"potentialAction\":[{\"@type\":\"ReadAction\",\"target\":[\"https:\\\/\\\/www.webdo.tn\\\/fr\\\/actualite\\\/national\\\/reamenagement-a-sfax-d-un-cimetiere-pour-les-migrants-irreguliers-etrangers\\\/205115\\\/\"]}]},{\"@type\":\"ImageObject\",\"inLanguage\":\"fr-FR\",\"@id\":\"https:\\\/\\\/www.webdo.tn\\\/fr\\\/actualite\\\/national\\\/reamenagement-a-sfax-d-un-cimetiere-pour-les-migrants-irreguliers-etrangers\\\/205115\\\/#primaryimage\",\"url\":\"https:\\\/\\\/www.webdo.tn\\\/fr\\\/wp-content\\\/uploads\\\/2023\\\/04\\\/3fc943dc72c261ded05793035d577386.jpeg\",\"contentUrl\":\"https:\\\/\\\/www.webdo.tn\\\/fr\\\/wp-content\\\/uploads\\\/2023\\\/04\\\/3fc943dc72c261ded05793035d577386.jpeg\",\"width\":750,\"height\":400,\"caption\":\"R\u00e9am\u00e9nagement \u00e0 Sfax d'un cimeti\u00e8re pour les migrants irr\u00e9guliers \u00e9trangers\"},{\"@type\":\"BreadcrumbList\",\"@id\":\"https:\\\/\\\/www.webdo.tn\\\/fr\\\/actualite\\\/national\\\/reamenagement-a-sfax-d-un-cimetiere-pour-les-migrants-irreguliers-etrangers\\\/205115\\\/#breadcrumb\",\"itemListElement\":[{\"@type\":\"ListItem\",\"position\":1,\"name\":\"Accueil\",\"item\":\"https:\\\/\\\/www.webdo.tn\\\/fr\\\/\"},{\"@type\":\"ListItem\",\"position\":2,\"name\":\"R\u00e9am\u00e9nagement \u00e0 Sfax d&rsquo;un cimeti\u00e8re pour les migrants irr\u00e9guliers \u00e9trangers\"}]},{\"@type\":\"WebSite\",\"@id\":\"https:\\\/\\\/www.webdo.tn\\\/fr\\\/#website\",\"url\":\"https:\\\/\\\/www.webdo.tn\\\/fr\\\/\",\"name\":\"webdo\",\"description\":\"Tunisie - News en Tunisie et \u00e0 l&#039;international sur Webdo.tn\",\"publisher\":{\"@id\":\"https:\\\/\\\/www.webdo.tn\\\/fr\\\/#organization\"},\"potentialAction\":[{\"@type\":\"SearchAction\",\"target\":{\"@type\":\"EntryPoint\",\"urlTemplate\":\"https:\\\/\\\/www.webdo.tn\\\/fr\\\/?s={search_term_string}\"},\"query-input\":{\"@type\":\"PropertyValueSpecification\",\"valueRequired\":true,\"valueName\":\"search_term_string\"}}],\"inLanguage\":\"fr-FR\"},{\"@type\":\"Organization\",\"@id\":\"https:\\\/\\\/www.webdo.tn\\\/fr\\\/#organization\",\"name\":\"Webdo\",\"alternateName\":\"Webdo.tn\",\"url\":\"https:\\\/\\\/www.webdo.tn\\\/fr\\\/\",\"logo\":{\"@type\":\"ImageObject\",\"inLanguage\":\"fr-FR\",\"@id\":\"https:\\\/\\\/www.webdo.tn\\\/fr\\\/#\\\/schema\\\/logo\\\/image\\\/\",\"url\":\"https:\\\/\\\/www.webdo.tn\\\/fr\\\/wp-content\\\/uploads\\\/2025\\\/06\\\/Webdo-Tunisie_168377.jpg\",\"contentUrl\":\"https:\\\/\\\/www.webdo.tn\\\/fr\\\/wp-content\\\/uploads\\\/2025\\\/06\\\/Webdo-Tunisie_168377.jpg\",\"width\":301,\"height\":301,\"caption\":\"Webdo\"},\"image\":{\"@id\":\"https:\\\/\\\/www.webdo.tn\\\/fr\\\/#\\\/schema\\\/logo\\\/image\\\/\"},\"sameAs\":[\"https:\\\/\\\/www.facebook.com\\\/webdotn\",\"https:\\\/\\\/x.com\\\/webdo_tn\"],\"description\":\"Webdo est un m\u00e9dia num\u00e9rique tunisien fond\u00e9 en 2010, sp\u00e9cialis\u00e9 dans l\u2019actualit\u00e9 nationale et internationale, l\u2019\u00e9conomie, la soci\u00e9t\u00e9 et les analyses politiques. Le site s\u2019adresse \u00e0 un large public francophone et couvre l\u2019information tunisienne en temps r\u00e9el.\",\"email\":\"redac@webdo.tn\",\"legalName\":\"YNJ SARL\",\"foundingDate\":\"2010-09-06\",\"numberOfEmployees\":{\"@type\":\"QuantitativeValue\",\"minValue\":\"11\",\"maxValue\":\"50\"}},{\"@type\":\"Person\",\"@id\":\"https:\\\/\\\/www.webdo.tn\\\/fr\\\/#\\\/schema\\\/person\\\/2c4929cbf5a809e3bd38617c6ce150f6\",\"name\":\"MC\",\"image\":{\"@type\":\"ImageObject\",\"inLanguage\":\"fr-FR\",\"@id\":\"https:\\\/\\\/secure.gravatar.com\\\/avatar\\\/a545bbb6f84efdd5553dbbc2895e3ca8f1d12c5215e00a041c9670b54aa9b18a?s=96&d=mm&r=g\",\"url\":\"https:\\\/\\\/secure.gravatar.com\\\/avatar\\\/a545bbb6f84efdd5553dbbc2895e3ca8f1d12c5215e00a041c9670b54aa9b18a?s=96&d=mm&r=g\",\"contentUrl\":\"https:\\\/\\\/secure.gravatar.com\\\/avatar\\\/a545bbb6f84efdd5553dbbc2895e3ca8f1d12c5215e00a041c9670b54aa9b18a?s=96&d=mm&r=g\",\"caption\":\"MC\"},\"url\":\"https:\\\/\\\/www.webdo.tn\\\/fr\\\/actualite\\\/author\\\/mc\\\/\"}]}<\/script>\n<!-- \/ Yoast SEO Premium plugin. -->","yoast_head_json":{"title":"R\u00e9am\u00e9nagement \u00e0 Sfax d'un cimeti\u00e8re pour les migrants irr\u00e9guliers \u00e9trangers","description":"Des travaux ont d\u00e9marr\u00e9 \u00e0 Sfax pour r\u00e9am\u00e9nager un cimeti\u00e8re sp\u00e9cifique aux migrants irr\u00e9guliers \u00e9trangers morts noy\u00e9s au large des c\u00f4tes de la r\u00e9gion de Sfax.","canonical":"https:\/\/www.webdo.tn\/fr\/actualite\/national\/reamenagement-a-sfax-d-un-cimetiere-pour-les-migrants-irreguliers-etrangers\/205115\/","og_locale":"fr_FR","og_type":"article","og_title":"R\u00e9am\u00e9nagement \u00e0 Sfax d'un cimeti\u00e8re pour les migrants irr\u00e9guliers \u00e9trangers","og_description":"Des travaux ont d\u00e9marr\u00e9 \u00e0 Sfax pour r\u00e9am\u00e9nager un cimeti\u00e8re sp\u00e9cifique aux migrants irr\u00e9guliers \u00e9trangers morts noy\u00e9s au large des c\u00f4tes de la r\u00e9gion de Sfax.","og_url":"https:\/\/www.webdo.tn\/fr\/actualite\/national\/reamenagement-a-sfax-d-un-cimetiere-pour-les-migrants-irreguliers-etrangers\/205115\/","og_site_name":"webdo","article_publisher":"https:\/\/www.facebook.com\/webdotn","article_published_time":"2023-04-24T14:16:00+00:00","article_modified_time":"2025-05-20T22:08:38+00:00","og_image":[{"width":750,"height":400,"url":"https:\/\/www.webdo.tn\/fr\/wp-content\/uploads\/2023\/04\/3fc943dc72c261ded05793035d577386.jpeg","type":"image\/jpeg"}],"author":"MC","twitter_card":"summary_large_image","twitter_creator":"@webdo_tn","twitter_site":"@webdo_tn","twitter_misc":{"\u00c9crit par":"MC","Dur\u00e9e de lecture estim\u00e9e":"1 minute"},"schema":{"@context":"https:\/\/schema.org","@graph":[{"@type":"NewsArticle","@id":"https:\/\/www.webdo.tn\/fr\/actualite\/national\/reamenagement-a-sfax-d-un-cimetiere-pour-les-migrants-irreguliers-etrangers\/205115\/#article","isPartOf":{"@id":"https:\/\/www.webdo.tn\/fr\/actualite\/national\/reamenagement-a-sfax-d-un-cimetiere-pour-les-migrants-irreguliers-etrangers\/205115\/"},"author":{"name":"MC","@id":"https:\/\/www.webdo.tn\/fr\/#\/schema\/person\/2c4929cbf5a809e3bd38617c6ce150f6"},"headline":"R\u00e9am\u00e9nagement \u00e0 Sfax d&rsquo;un cimeti\u00e8re pour les migrants irr\u00e9guliers \u00e9trangers","datePublished":"2023-04-24T14:16:00+00:00","dateModified":"2025-05-20T22:08:38+00:00","mainEntityOfPage":{"@id":"https:\/\/www.webdo.tn\/fr\/actualite\/national\/reamenagement-a-sfax-d-un-cimetiere-pour-les-migrants-irreguliers-etrangers\/205115\/"},"wordCount":135,"commentCount":0,"publisher":{"@id":"https:\/\/www.webdo.tn\/fr\/#organization"},"image":{"@id":"https:\/\/www.webdo.tn\/fr\/actualite\/national\/reamenagement-a-sfax-d-un-cimetiere-pour-les-migrants-irreguliers-etrangers\/205115\/#primaryimage"},"thumbnailUrl":"https:\/\/www.webdo.tn\/fr\/wp-content\/uploads\/2023\/04\/3fc943dc72c261ded05793035d577386.jpeg","keywords":["cimeti\u00e8re","migrants irr\u00e9guliers","Sfax"],"articleSection":["National"],"inLanguage":"fr-FR"},{"@type":"WebPage","@id":"https:\/\/www.webdo.tn\/fr\/actualite\/national\/reamenagement-a-sfax-d-un-cimetiere-pour-les-migrants-irreguliers-etrangers\/205115\/","url":"https:\/\/www.webdo.tn\/fr\/actualite\/national\/reamenagement-a-sfax-d-un-cimetiere-pour-les-migrants-irreguliers-etrangers\/205115\/","name":"R\u00e9am\u00e9nagement \u00e0 Sfax d'un cimeti\u00e8re pour les migrants irr\u00e9guliers \u00e9trangers","isPartOf":{"@id":"https:\/\/www.webdo.tn\/fr\/#website"},"primaryImageOfPage":{"@id":"https:\/\/www.webdo.tn\/fr\/actualite\/national\/reamenagement-a-sfax-d-un-cimetiere-pour-les-migrants-irreguliers-etrangers\/205115\/#primaryimage"},"image":{"@id":"https:\/\/www.webdo.tn\/fr\/actualite\/national\/reamenagement-a-sfax-d-un-cimetiere-pour-les-migrants-irreguliers-etrangers\/205115\/#primaryimage"},"thumbnailUrl":"https:\/\/www.webdo.tn\/fr\/wp-content\/uploads\/2023\/04\/3fc943dc72c261ded05793035d577386.jpeg","datePublished":"2023-04-24T14:16:00+00:00","dateModified":"2025-05-20T22:08:38+00:00","description":"Des travaux ont d\u00e9marr\u00e9 \u00e0 Sfax pour r\u00e9am\u00e9nager un cimeti\u00e8re sp\u00e9cifique aux migrants irr\u00e9guliers \u00e9trangers morts noy\u00e9s au large des c\u00f4tes de la r\u00e9gion de Sfax.","breadcrumb":{"@id":"https:\/\/www.webdo.tn\/fr\/actualite\/national\/reamenagement-a-sfax-d-un-cimetiere-pour-les-migrants-irreguliers-etrangers\/205115\/#breadcrumb"},"inLanguage":"fr-FR","potentialAction":[{"@type":"ReadAction","target":["https:\/\/www.webdo.tn\/fr\/actualite\/national\/reamenagement-a-sfax-d-un-cimetiere-pour-les-migrants-irreguliers-etrangers\/205115\/"]}]},{"@type":"ImageObject","inLanguage":"fr-FR","@id":"https:\/\/www.webdo.tn\/fr\/actualite\/national\/reamenagement-a-sfax-d-un-cimetiere-pour-les-migrants-irreguliers-etrangers\/205115\/#primaryimage","url":"https:\/\/www.webdo.tn\/fr\/wp-content\/uploads\/2023\/04\/3fc943dc72c261ded05793035d577386.jpeg","contentUrl":"https:\/\/www.webdo.tn\/fr\/wp-content\/uploads\/2023\/04\/3fc943dc72c261ded05793035d577386.jpeg","width":750,"height":400,"caption":"R\u00e9am\u00e9nagement \u00e0 Sfax d'un cimeti\u00e8re pour les migrants irr\u00e9guliers \u00e9trangers"},{"@type":"BreadcrumbList","@id":"https:\/\/www.webdo.tn\/fr\/actualite\/national\/reamenagement-a-sfax-d-un-cimetiere-pour-les-migrants-irreguliers-etrangers\/205115\/#breadcrumb","itemListElement":[{"@type":"ListItem","position":1,"name":"Accueil","item":"https:\/\/www.webdo.tn\/fr\/"},{"@type":"ListItem","position":2,"name":"R\u00e9am\u00e9nagement \u00e0 Sfax d&rsquo;un cimeti\u00e8re pour les migrants irr\u00e9guliers \u00e9trangers"}]},{"@type":"WebSite","@id":"https:\/\/www.webdo.tn\/fr\/#website","url":"https:\/\/www.webdo.tn\/fr\/","name":"webdo","description":"Tunisie - News en Tunisie et \u00e0 l&#039;international sur Webdo.tn","publisher":{"@id":"https:\/\/www.webdo.tn\/fr\/#organization"},"potentialAction":[{"@type":"SearchAction","target":{"@type":"EntryPoint","urlTemplate":"https:\/\/www.webdo.tn\/fr\/?s={search_term_string}"},"query-input":{"@type":"PropertyValueSpecification","valueRequired":true,"valueName":"search_term_string"}}],"inLanguage":"fr-FR"},{"@type":"Organization","@id":"https:\/\/www.webdo.tn\/fr\/#organization","name":"Webdo","alternateName":"Webdo.tn","url":"https:\/\/www.webdo.tn\/fr\/","logo":{"@type":"ImageObject","inLanguage":"fr-FR","@id":"https:\/\/www.webdo.tn\/fr\/#\/schema\/logo\/image\/","url":"https:\/\/www.webdo.tn\/fr\/wp-content\/uploads\/2025\/06\/Webdo-Tunisie_168377.jpg","contentUrl":"https:\/\/www.webdo.tn\/fr\/wp-content\/uploads\/2025\/06\/Webdo-Tunisie_168377.jpg","width":301,"height":301,"caption":"Webdo"},"image":{"@id":"https:\/\/www.webdo.tn\/fr\/#\/schema\/logo\/image\/"},"sameAs":["https:\/\/www.facebook.com\/webdotn","https:\/\/x.com\/webdo_tn"],"description":"Webdo est un m\u00e9dia num\u00e9rique tunisien fond\u00e9 en 2010, sp\u00e9cialis\u00e9 dans l\u2019actualit\u00e9 nationale et internationale, l\u2019\u00e9conomie, la soci\u00e9t\u00e9 et les analyses politiques. Le site s\u2019adresse \u00e0 un large public francophone et couvre l\u2019information tunisienne en temps r\u00e9el.","email":"redac@webdo.tn","legalName":"YNJ SARL","foundingDate":"2010-09-06","numberOfEmployees":{"@type":"QuantitativeValue","minValue":"11","maxValue":"50"}},{"@type":"Person","@id":"https:\/\/www.webdo.tn\/fr\/#\/schema\/person\/2c4929cbf5a809e3bd38617c6ce150f6","name":"MC","image":{"@type":"ImageObject","inLanguage":"fr-FR","@id":"https:\/\/secure.gravatar.com\/avatar\/a545bbb6f84efdd5553dbbc2895e3ca8f1d12c5215e00a041c9670b54aa9b18a?s=96&d=mm&r=g","url":"https:\/\/secure.gravatar.com\/avatar\/a545bbb6f84efdd5553dbbc2895e3ca8f1d12c5215e00a041c9670b54aa9b18a?s=96&d=mm&r=g","contentUrl":"https:\/\/secure.gravatar.com\/avatar\/a545bbb6f84efdd5553dbbc2895e3ca8f1d12c5215e00a041c9670b54aa9b18a?s=96&d=mm&r=g","caption":"MC"},"url":"https:\/\/www.webdo.tn\/fr\/actualite\/author\/mc\/"}]}},"_links":{"self":[{"href":"https:\/\/www.webdo.tn\/fr\/wp-json\/wp\/v2\/posts\/205115","targetHints":{"allow":["GET"]}}],"collection":[{"href":"https:\/\/www.webdo.tn\/fr\/wp-json\/wp\/v2\/posts"}],"about":[{"href":"https:\/\/www.webdo.tn\/fr\/wp-json\/wp\/v2\/types\/post"}],"author":[{"embeddable":true,"href":"https:\/\/www.webdo.tn\/fr\/wp-json\/wp\/v2\/users\/3162"}],"replies":[{"embeddable":true,"href":"https:\/\/www.webdo.tn\/fr\/wp-json\/wp\/v2\/comments?post=205115"}],"version-history":[{"count":0,"href":"https:\/\/www.webdo.tn\/fr\/wp-json\/wp\/v2\/posts\/205115\/revisions"}],"wp:featuredmedia":[{"embeddable":true,"href":"https:\/\/www.webdo.tn\/fr\/wp-json\/wp\/v2\/media\/278099"}],"wp:attachment":[{"href":"https:\/\/www.webdo.tn\/fr\/wp-json\/wp\/v2\/media?parent=205115"}],"wp:term":[{"taxonomy":"category","embeddable":true,"href":"https:\/\/www.webdo.tn\/fr\/wp-json\/wp\/v2\/categories?post=205115"},{"taxonomy":"post_tag","embeddable":true,"href":"https:\/\/www.webdo.tn\/fr\/wp-json\/wp\/v2\/tags?post=205115"}],"curies":[{"name":"wp","href":"https:\/\/api.w.org\/{rel}","templated":true}]}}