{"id":205111,"date":"2023-04-24T12:27:00","date_gmt":"2023-04-24T12:27:00","guid":{"rendered":"https:\/\/www.webdo.tn\/fr\/blog\/31-corps-en-decomposition-repeches-au-large-des-cotes-tunisiennes\/205111\/"},"modified":"2025-05-20T22:08:37","modified_gmt":"2025-05-20T22:08:37","slug":"31-corps-en-decomposition-repeches-au-large-des-cotes-tunisiennes","status":"publish","type":"post","link":"https:\/\/www.webdo.tn\/fr\/actualite\/national\/31-corps-en-decomposition-repeches-au-large-des-cotes-tunisiennes\/205111\/","title":{"rendered":"31 corps en d\u00e9composition rep\u00each\u00e9s au large des c\u00f4tes tunisiennes"},"content":{"rendered":"<p>Trente-et-un corps en \u00e9tat avanc\u00e9 de d\u00e9composition ont \u00e9t\u00e9 rep\u00each\u00e9s par les garde-c\u00f4tes tunisiens au large des c\u00f4tes tunisiennes, a indiqu\u00e9, ce lundi 24 avril 2023, le porte-parole de la garde nationale Houssemeddine Jebabli.<\/p>\n<p>\t\t\t\t\t\t\t\t\tCes cadavres ont \u00e9t\u00e9 rep\u00each\u00e9s au large des gouvernorats de Sfax, Mahdia et Gab\u00e8s, a-t-il pr\u00e9cis\u00e9 dans un communiqu\u00e9, soulignant que deux corps de femmes et deux autres d\u2019enfants figurent parmi les d\u00e9pouilles rep\u00each\u00e9es.<\/p>\n<p>D\u2019apr\u00e8s des \u00e9chantillons pr\u00e9lev\u00e9s sur les d\u00e9pouilles pour effectuer les analyses ADN,\u00a0 il s\u2019agit de migrants subsahariens, a pr\u00e9cis\u00e9 le porte-parole de la garde nationale.<\/p>\n","protected":false},"excerpt":{"rendered":"<p>Trente-et-un corps en \u00e9tat avanc\u00e9 de d\u00e9composition ont \u00e9t\u00e9 rep\u00each\u00e9s par les garde-c\u00f4tes tunisiens au large des c\u00f4tes tunisiennes, a indiqu\u00e9, ce lundi 24 avril 2&#8230;<\/p>\n","protected":false},"author":3162,"featured_media":278091,"comment_status":"open","ping_status":"closed","sticky":false,"template":"","format":"standard","meta":{"footnotes":""},"categories":[44],"tags":[4687,9454,9453,2894],"class_list":["post-205111","post","type-post","status-publish","format-standard","has-post-thumbnail","hentry","category-national","tag-corps","tag-cotes","tag-depouilles","tag-migrants"],"yoast_head":"<!-- This site is optimized with the Yoast SEO Premium plugin v27.4 (Yoast SEO v27.5) - https:\/\/yoast.com\/product\/yoast-seo-premium-wordpress\/ -->\n<title>31 corps en d\u00e9composition rep\u00each\u00e9s au large des c\u00f4tes tunisiennes<\/title>\n<meta name=\"description\" content=\"Trente-et-un corps en \u00e9tat avanc\u00e9 de d\u00e9composition ont \u00e9t\u00e9 rep\u00each\u00e9s par les garde-c\u00f4tes tunisiens au large des c\u00f4tes tunisiennes, a indiqu\u00e9, ce lundi 24 avril 2...\" \/>\n<link rel=\"canonical\" href=\"https:\/\/www.webdo.tn\/fr\/actualite\/national\/31-corps-en-decomposition-repeches-au-large-des-cotes-tunisiennes\/205111\/\" \/>\n<meta property=\"og:locale\" content=\"fr_FR\" \/>\n<meta property=\"og:type\" content=\"article\" \/>\n<meta property=\"og:title\" content=\"31 corps en d\u00e9composition rep\u00each\u00e9s au large des c\u00f4tes tunisiennes\" \/>\n<meta property=\"og:description\" content=\"Trente-et-un corps en \u00e9tat avanc\u00e9 de d\u00e9composition ont \u00e9t\u00e9 rep\u00each\u00e9s par les garde-c\u00f4tes tunisiens au large des c\u00f4tes tunisiennes, a indiqu\u00e9, ce lundi 24 avril 2...\" \/>\n<meta property=\"og:url\" content=\"https:\/\/www.webdo.tn\/fr\/actualite\/national\/31-corps-en-decomposition-repeches-au-large-des-cotes-tunisiennes\/205111\/\" \/>\n<meta property=\"og:site_name\" content=\"webdo\" \/>\n<meta property=\"article:publisher\" content=\"https:\/\/www.facebook.com\/webdotn\" \/>\n<meta property=\"article:published_time\" content=\"2023-04-24T12:27:00+00:00\" \/>\n<meta property=\"article:modified_time\" content=\"2025-05-20T22:08:37+00:00\" \/>\n<meta property=\"og:image\" content=\"https:\/\/www.webdo.tn\/fr\/wp-content\/uploads\/2023\/04\/1684bd583d584023d767b4253d32aeef.jpg\" \/>\n\t<meta property=\"og:image:width\" content=\"680\" \/>\n\t<meta property=\"og:image:height\" content=\"363\" \/>\n\t<meta property=\"og:image:type\" content=\"image\/jpeg\" \/>\n<meta name=\"author\" content=\"MC\" \/>\n<meta name=\"twitter:card\" content=\"summary_large_image\" \/>\n<meta name=\"twitter:creator\" content=\"@webdo_tn\" \/>\n<meta name=\"twitter:site\" content=\"@webdo_tn\" \/>\n<meta name=\"twitter:label1\" content=\"\u00c9crit par\" \/>\n\t<meta name=\"twitter:data1\" content=\"MC\" \/>\n\t<meta name=\"twitter:label2\" content=\"Dur\u00e9e de lecture estim\u00e9e\" \/>\n\t<meta name=\"twitter:data2\" content=\"1 minute\" \/>\n<script type=\"application\/ld+json\" class=\"yoast-schema-graph\">{\"@context\":\"https:\\\/\\\/schema.org\",\"@graph\":[{\"@type\":\"NewsArticle\",\"@id\":\"https:\\\/\\\/www.webdo.tn\\\/fr\\\/actualite\\\/national\\\/31-corps-en-decomposition-repeches-au-large-des-cotes-tunisiennes\\\/205111\\\/#article\",\"isPartOf\":{\"@id\":\"https:\\\/\\\/www.webdo.tn\\\/fr\\\/actualite\\\/national\\\/31-corps-en-decomposition-repeches-au-large-des-cotes-tunisiennes\\\/205111\\\/\"},\"author\":{\"name\":\"MC\",\"@id\":\"https:\\\/\\\/www.webdo.tn\\\/fr\\\/#\\\/schema\\\/person\\\/2c4929cbf5a809e3bd38617c6ce150f6\"},\"headline\":\"31 corps en d\u00e9composition rep\u00each\u00e9s au large des c\u00f4tes tunisiennes\",\"datePublished\":\"2023-04-24T12:27:00+00:00\",\"dateModified\":\"2025-05-20T22:08:37+00:00\",\"mainEntityOfPage\":{\"@id\":\"https:\\\/\\\/www.webdo.tn\\\/fr\\\/actualite\\\/national\\\/31-corps-en-decomposition-repeches-au-large-des-cotes-tunisiennes\\\/205111\\\/\"},\"wordCount\":124,\"commentCount\":0,\"publisher\":{\"@id\":\"https:\\\/\\\/www.webdo.tn\\\/fr\\\/#organization\"},\"image\":{\"@id\":\"https:\\\/\\\/www.webdo.tn\\\/fr\\\/actualite\\\/national\\\/31-corps-en-decomposition-repeches-au-large-des-cotes-tunisiennes\\\/205111\\\/#primaryimage\"},\"thumbnailUrl\":\"https:\\\/\\\/www.webdo.tn\\\/fr\\\/wp-content\\\/uploads\\\/2023\\\/04\\\/1684bd583d584023d767b4253d32aeef.jpg\",\"keywords\":[\"corps\",\"c\u00f4tes\",\"d\u00e9pouilles\",\"migrants\"],\"articleSection\":[\"National\"],\"inLanguage\":\"fr-FR\"},{\"@type\":\"WebPage\",\"@id\":\"https:\\\/\\\/www.webdo.tn\\\/fr\\\/actualite\\\/national\\\/31-corps-en-decomposition-repeches-au-large-des-cotes-tunisiennes\\\/205111\\\/\",\"url\":\"https:\\\/\\\/www.webdo.tn\\\/fr\\\/actualite\\\/national\\\/31-corps-en-decomposition-repeches-au-large-des-cotes-tunisiennes\\\/205111\\\/\",\"name\":\"31 corps en d\u00e9composition rep\u00each\u00e9s au large des c\u00f4tes tunisiennes\",\"isPartOf\":{\"@id\":\"https:\\\/\\\/www.webdo.tn\\\/fr\\\/#website\"},\"primaryImageOfPage\":{\"@id\":\"https:\\\/\\\/www.webdo.tn\\\/fr\\\/actualite\\\/national\\\/31-corps-en-decomposition-repeches-au-large-des-cotes-tunisiennes\\\/205111\\\/#primaryimage\"},\"image\":{\"@id\":\"https:\\\/\\\/www.webdo.tn\\\/fr\\\/actualite\\\/national\\\/31-corps-en-decomposition-repeches-au-large-des-cotes-tunisiennes\\\/205111\\\/#primaryimage\"},\"thumbnailUrl\":\"https:\\\/\\\/www.webdo.tn\\\/fr\\\/wp-content\\\/uploads\\\/2023\\\/04\\\/1684bd583d584023d767b4253d32aeef.jpg\",\"datePublished\":\"2023-04-24T12:27:00+00:00\",\"dateModified\":\"2025-05-20T22:08:37+00:00\",\"description\":\"Trente-et-un corps en \u00e9tat avanc\u00e9 de d\u00e9composition ont \u00e9t\u00e9 rep\u00each\u00e9s par les garde-c\u00f4tes tunisiens au large des c\u00f4tes tunisiennes, a indiqu\u00e9, ce lundi 24 avril 2...\",\"breadcrumb\":{\"@id\":\"https:\\\/\\\/www.webdo.tn\\\/fr\\\/actualite\\\/national\\\/31-corps-en-decomposition-repeches-au-large-des-cotes-tunisiennes\\\/205111\\\/#breadcrumb\"},\"inLanguage\":\"fr-FR\",\"potentialAction\":[{\"@type\":\"ReadAction\",\"target\":[\"https:\\\/\\\/www.webdo.tn\\\/fr\\\/actualite\\\/national\\\/31-corps-en-decomposition-repeches-au-large-des-cotes-tunisiennes\\\/205111\\\/\"]}]},{\"@type\":\"ImageObject\",\"inLanguage\":\"fr-FR\",\"@id\":\"https:\\\/\\\/www.webdo.tn\\\/fr\\\/actualite\\\/national\\\/31-corps-en-decomposition-repeches-au-large-des-cotes-tunisiennes\\\/205111\\\/#primaryimage\",\"url\":\"https:\\\/\\\/www.webdo.tn\\\/fr\\\/wp-content\\\/uploads\\\/2023\\\/04\\\/1684bd583d584023d767b4253d32aeef.jpg\",\"contentUrl\":\"https:\\\/\\\/www.webdo.tn\\\/fr\\\/wp-content\\\/uploads\\\/2023\\\/04\\\/1684bd583d584023d767b4253d32aeef.jpg\",\"width\":680,\"height\":363,\"caption\":\"31 corps en d\u00e9composition rep\u00each\u00e9s au large des c\u00f4tes tunisiennes\"},{\"@type\":\"BreadcrumbList\",\"@id\":\"https:\\\/\\\/www.webdo.tn\\\/fr\\\/actualite\\\/national\\\/31-corps-en-decomposition-repeches-au-large-des-cotes-tunisiennes\\\/205111\\\/#breadcrumb\",\"itemListElement\":[{\"@type\":\"ListItem\",\"position\":1,\"name\":\"Accueil\",\"item\":\"https:\\\/\\\/www.webdo.tn\\\/fr\\\/\"},{\"@type\":\"ListItem\",\"position\":2,\"name\":\"31 corps en d\u00e9composition rep\u00each\u00e9s au large des c\u00f4tes tunisiennes\"}]},{\"@type\":\"WebSite\",\"@id\":\"https:\\\/\\\/www.webdo.tn\\\/fr\\\/#website\",\"url\":\"https:\\\/\\\/www.webdo.tn\\\/fr\\\/\",\"name\":\"webdo\",\"description\":\"Tunisie - News en Tunisie et \u00e0 l&#039;international sur Webdo.tn\",\"publisher\":{\"@id\":\"https:\\\/\\\/www.webdo.tn\\\/fr\\\/#organization\"},\"potentialAction\":[{\"@type\":\"SearchAction\",\"target\":{\"@type\":\"EntryPoint\",\"urlTemplate\":\"https:\\\/\\\/www.webdo.tn\\\/fr\\\/?s={search_term_string}\"},\"query-input\":{\"@type\":\"PropertyValueSpecification\",\"valueRequired\":true,\"valueName\":\"search_term_string\"}}],\"inLanguage\":\"fr-FR\"},{\"@type\":\"Organization\",\"@id\":\"https:\\\/\\\/www.webdo.tn\\\/fr\\\/#organization\",\"name\":\"Webdo\",\"alternateName\":\"Webdo.tn\",\"url\":\"https:\\\/\\\/www.webdo.tn\\\/fr\\\/\",\"logo\":{\"@type\":\"ImageObject\",\"inLanguage\":\"fr-FR\",\"@id\":\"https:\\\/\\\/www.webdo.tn\\\/fr\\\/#\\\/schema\\\/logo\\\/image\\\/\",\"url\":\"https:\\\/\\\/www.webdo.tn\\\/fr\\\/wp-content\\\/uploads\\\/2025\\\/06\\\/Webdo-Tunisie_168377.jpg\",\"contentUrl\":\"https:\\\/\\\/www.webdo.tn\\\/fr\\\/wp-content\\\/uploads\\\/2025\\\/06\\\/Webdo-Tunisie_168377.jpg\",\"width\":301,\"height\":301,\"caption\":\"Webdo\"},\"image\":{\"@id\":\"https:\\\/\\\/www.webdo.tn\\\/fr\\\/#\\\/schema\\\/logo\\\/image\\\/\"},\"sameAs\":[\"https:\\\/\\\/www.facebook.com\\\/webdotn\",\"https:\\\/\\\/x.com\\\/webdo_tn\"],\"description\":\"Webdo est un m\u00e9dia num\u00e9rique tunisien fond\u00e9 en 2010, sp\u00e9cialis\u00e9 dans l\u2019actualit\u00e9 nationale et internationale, l\u2019\u00e9conomie, la soci\u00e9t\u00e9 et les analyses politiques. Le site s\u2019adresse \u00e0 un large public francophone et couvre l\u2019information tunisienne en temps r\u00e9el.\",\"email\":\"redac@webdo.tn\",\"legalName\":\"YNJ SARL\",\"foundingDate\":\"2010-09-06\",\"numberOfEmployees\":{\"@type\":\"QuantitativeValue\",\"minValue\":\"11\",\"maxValue\":\"50\"}},{\"@type\":\"Person\",\"@id\":\"https:\\\/\\\/www.webdo.tn\\\/fr\\\/#\\\/schema\\\/person\\\/2c4929cbf5a809e3bd38617c6ce150f6\",\"name\":\"MC\",\"image\":{\"@type\":\"ImageObject\",\"inLanguage\":\"fr-FR\",\"@id\":\"https:\\\/\\\/secure.gravatar.com\\\/avatar\\\/a545bbb6f84efdd5553dbbc2895e3ca8f1d12c5215e00a041c9670b54aa9b18a?s=96&d=mm&r=g\",\"url\":\"https:\\\/\\\/secure.gravatar.com\\\/avatar\\\/a545bbb6f84efdd5553dbbc2895e3ca8f1d12c5215e00a041c9670b54aa9b18a?s=96&d=mm&r=g\",\"contentUrl\":\"https:\\\/\\\/secure.gravatar.com\\\/avatar\\\/a545bbb6f84efdd5553dbbc2895e3ca8f1d12c5215e00a041c9670b54aa9b18a?s=96&d=mm&r=g\",\"caption\":\"MC\"},\"url\":\"https:\\\/\\\/www.webdo.tn\\\/fr\\\/actualite\\\/author\\\/mc\\\/\"}]}<\/script>\n<!-- \/ Yoast SEO Premium plugin. -->","yoast_head_json":{"title":"31 corps en d\u00e9composition rep\u00each\u00e9s au large des c\u00f4tes tunisiennes","description":"Trente-et-un corps en \u00e9tat avanc\u00e9 de d\u00e9composition ont \u00e9t\u00e9 rep\u00each\u00e9s par les garde-c\u00f4tes tunisiens au large des c\u00f4tes tunisiennes, a indiqu\u00e9, ce lundi 24 avril 2...","canonical":"https:\/\/www.webdo.tn\/fr\/actualite\/national\/31-corps-en-decomposition-repeches-au-large-des-cotes-tunisiennes\/205111\/","og_locale":"fr_FR","og_type":"article","og_title":"31 corps en d\u00e9composition rep\u00each\u00e9s au large des c\u00f4tes tunisiennes","og_description":"Trente-et-un corps en \u00e9tat avanc\u00e9 de d\u00e9composition ont \u00e9t\u00e9 rep\u00each\u00e9s par les garde-c\u00f4tes tunisiens au large des c\u00f4tes tunisiennes, a indiqu\u00e9, ce lundi 24 avril 2...","og_url":"https:\/\/www.webdo.tn\/fr\/actualite\/national\/31-corps-en-decomposition-repeches-au-large-des-cotes-tunisiennes\/205111\/","og_site_name":"webdo","article_publisher":"https:\/\/www.facebook.com\/webdotn","article_published_time":"2023-04-24T12:27:00+00:00","article_modified_time":"2025-05-20T22:08:37+00:00","og_image":[{"width":680,"height":363,"url":"https:\/\/www.webdo.tn\/fr\/wp-content\/uploads\/2023\/04\/1684bd583d584023d767b4253d32aeef.jpg","type":"image\/jpeg"}],"author":"MC","twitter_card":"summary_large_image","twitter_creator":"@webdo_tn","twitter_site":"@webdo_tn","twitter_misc":{"\u00c9crit par":"MC","Dur\u00e9e de lecture estim\u00e9e":"1 minute"},"schema":{"@context":"https:\/\/schema.org","@graph":[{"@type":"NewsArticle","@id":"https:\/\/www.webdo.tn\/fr\/actualite\/national\/31-corps-en-decomposition-repeches-au-large-des-cotes-tunisiennes\/205111\/#article","isPartOf":{"@id":"https:\/\/www.webdo.tn\/fr\/actualite\/national\/31-corps-en-decomposition-repeches-au-large-des-cotes-tunisiennes\/205111\/"},"author":{"name":"MC","@id":"https:\/\/www.webdo.tn\/fr\/#\/schema\/person\/2c4929cbf5a809e3bd38617c6ce150f6"},"headline":"31 corps en d\u00e9composition rep\u00each\u00e9s au large des c\u00f4tes tunisiennes","datePublished":"2023-04-24T12:27:00+00:00","dateModified":"2025-05-20T22:08:37+00:00","mainEntityOfPage":{"@id":"https:\/\/www.webdo.tn\/fr\/actualite\/national\/31-corps-en-decomposition-repeches-au-large-des-cotes-tunisiennes\/205111\/"},"wordCount":124,"commentCount":0,"publisher":{"@id":"https:\/\/www.webdo.tn\/fr\/#organization"},"image":{"@id":"https:\/\/www.webdo.tn\/fr\/actualite\/national\/31-corps-en-decomposition-repeches-au-large-des-cotes-tunisiennes\/205111\/#primaryimage"},"thumbnailUrl":"https:\/\/www.webdo.tn\/fr\/wp-content\/uploads\/2023\/04\/1684bd583d584023d767b4253d32aeef.jpg","keywords":["corps","c\u00f4tes","d\u00e9pouilles","migrants"],"articleSection":["National"],"inLanguage":"fr-FR"},{"@type":"WebPage","@id":"https:\/\/www.webdo.tn\/fr\/actualite\/national\/31-corps-en-decomposition-repeches-au-large-des-cotes-tunisiennes\/205111\/","url":"https:\/\/www.webdo.tn\/fr\/actualite\/national\/31-corps-en-decomposition-repeches-au-large-des-cotes-tunisiennes\/205111\/","name":"31 corps en d\u00e9composition rep\u00each\u00e9s au large des c\u00f4tes tunisiennes","isPartOf":{"@id":"https:\/\/www.webdo.tn\/fr\/#website"},"primaryImageOfPage":{"@id":"https:\/\/www.webdo.tn\/fr\/actualite\/national\/31-corps-en-decomposition-repeches-au-large-des-cotes-tunisiennes\/205111\/#primaryimage"},"image":{"@id":"https:\/\/www.webdo.tn\/fr\/actualite\/national\/31-corps-en-decomposition-repeches-au-large-des-cotes-tunisiennes\/205111\/#primaryimage"},"thumbnailUrl":"https:\/\/www.webdo.tn\/fr\/wp-content\/uploads\/2023\/04\/1684bd583d584023d767b4253d32aeef.jpg","datePublished":"2023-04-24T12:27:00+00:00","dateModified":"2025-05-20T22:08:37+00:00","description":"Trente-et-un corps en \u00e9tat avanc\u00e9 de d\u00e9composition ont \u00e9t\u00e9 rep\u00each\u00e9s par les garde-c\u00f4tes tunisiens au large des c\u00f4tes tunisiennes, a indiqu\u00e9, ce lundi 24 avril 2...","breadcrumb":{"@id":"https:\/\/www.webdo.tn\/fr\/actualite\/national\/31-corps-en-decomposition-repeches-au-large-des-cotes-tunisiennes\/205111\/#breadcrumb"},"inLanguage":"fr-FR","potentialAction":[{"@type":"ReadAction","target":["https:\/\/www.webdo.tn\/fr\/actualite\/national\/31-corps-en-decomposition-repeches-au-large-des-cotes-tunisiennes\/205111\/"]}]},{"@type":"ImageObject","inLanguage":"fr-FR","@id":"https:\/\/www.webdo.tn\/fr\/actualite\/national\/31-corps-en-decomposition-repeches-au-large-des-cotes-tunisiennes\/205111\/#primaryimage","url":"https:\/\/www.webdo.tn\/fr\/wp-content\/uploads\/2023\/04\/1684bd583d584023d767b4253d32aeef.jpg","contentUrl":"https:\/\/www.webdo.tn\/fr\/wp-content\/uploads\/2023\/04\/1684bd583d584023d767b4253d32aeef.jpg","width":680,"height":363,"caption":"31 corps en d\u00e9composition rep\u00each\u00e9s au large des c\u00f4tes tunisiennes"},{"@type":"BreadcrumbList","@id":"https:\/\/www.webdo.tn\/fr\/actualite\/national\/31-corps-en-decomposition-repeches-au-large-des-cotes-tunisiennes\/205111\/#breadcrumb","itemListElement":[{"@type":"ListItem","position":1,"name":"Accueil","item":"https:\/\/www.webdo.tn\/fr\/"},{"@type":"ListItem","position":2,"name":"31 corps en d\u00e9composition rep\u00each\u00e9s au large des c\u00f4tes tunisiennes"}]},{"@type":"WebSite","@id":"https:\/\/www.webdo.tn\/fr\/#website","url":"https:\/\/www.webdo.tn\/fr\/","name":"webdo","description":"Tunisie - News en Tunisie et \u00e0 l&#039;international sur Webdo.tn","publisher":{"@id":"https:\/\/www.webdo.tn\/fr\/#organization"},"potentialAction":[{"@type":"SearchAction","target":{"@type":"EntryPoint","urlTemplate":"https:\/\/www.webdo.tn\/fr\/?s={search_term_string}"},"query-input":{"@type":"PropertyValueSpecification","valueRequired":true,"valueName":"search_term_string"}}],"inLanguage":"fr-FR"},{"@type":"Organization","@id":"https:\/\/www.webdo.tn\/fr\/#organization","name":"Webdo","alternateName":"Webdo.tn","url":"https:\/\/www.webdo.tn\/fr\/","logo":{"@type":"ImageObject","inLanguage":"fr-FR","@id":"https:\/\/www.webdo.tn\/fr\/#\/schema\/logo\/image\/","url":"https:\/\/www.webdo.tn\/fr\/wp-content\/uploads\/2025\/06\/Webdo-Tunisie_168377.jpg","contentUrl":"https:\/\/www.webdo.tn\/fr\/wp-content\/uploads\/2025\/06\/Webdo-Tunisie_168377.jpg","width":301,"height":301,"caption":"Webdo"},"image":{"@id":"https:\/\/www.webdo.tn\/fr\/#\/schema\/logo\/image\/"},"sameAs":["https:\/\/www.facebook.com\/webdotn","https:\/\/x.com\/webdo_tn"],"description":"Webdo est un m\u00e9dia num\u00e9rique tunisien fond\u00e9 en 2010, sp\u00e9cialis\u00e9 dans l\u2019actualit\u00e9 nationale et internationale, l\u2019\u00e9conomie, la soci\u00e9t\u00e9 et les analyses politiques. Le site s\u2019adresse \u00e0 un large public francophone et couvre l\u2019information tunisienne en temps r\u00e9el.","email":"redac@webdo.tn","legalName":"YNJ SARL","foundingDate":"2010-09-06","numberOfEmployees":{"@type":"QuantitativeValue","minValue":"11","maxValue":"50"}},{"@type":"Person","@id":"https:\/\/www.webdo.tn\/fr\/#\/schema\/person\/2c4929cbf5a809e3bd38617c6ce150f6","name":"MC","image":{"@type":"ImageObject","inLanguage":"fr-FR","@id":"https:\/\/secure.gravatar.com\/avatar\/a545bbb6f84efdd5553dbbc2895e3ca8f1d12c5215e00a041c9670b54aa9b18a?s=96&d=mm&r=g","url":"https:\/\/secure.gravatar.com\/avatar\/a545bbb6f84efdd5553dbbc2895e3ca8f1d12c5215e00a041c9670b54aa9b18a?s=96&d=mm&r=g","contentUrl":"https:\/\/secure.gravatar.com\/avatar\/a545bbb6f84efdd5553dbbc2895e3ca8f1d12c5215e00a041c9670b54aa9b18a?s=96&d=mm&r=g","caption":"MC"},"url":"https:\/\/www.webdo.tn\/fr\/actualite\/author\/mc\/"}]}},"_links":{"self":[{"href":"https:\/\/www.webdo.tn\/fr\/wp-json\/wp\/v2\/posts\/205111","targetHints":{"allow":["GET"]}}],"collection":[{"href":"https:\/\/www.webdo.tn\/fr\/wp-json\/wp\/v2\/posts"}],"about":[{"href":"https:\/\/www.webdo.tn\/fr\/wp-json\/wp\/v2\/types\/post"}],"author":[{"embeddable":true,"href":"https:\/\/www.webdo.tn\/fr\/wp-json\/wp\/v2\/users\/3162"}],"replies":[{"embeddable":true,"href":"https:\/\/www.webdo.tn\/fr\/wp-json\/wp\/v2\/comments?post=205111"}],"version-history":[{"count":0,"href":"https:\/\/www.webdo.tn\/fr\/wp-json\/wp\/v2\/posts\/205111\/revisions"}],"wp:featuredmedia":[{"embeddable":true,"href":"https:\/\/www.webdo.tn\/fr\/wp-json\/wp\/v2\/media\/278091"}],"wp:attachment":[{"href":"https:\/\/www.webdo.tn\/fr\/wp-json\/wp\/v2\/media?parent=205111"}],"wp:term":[{"taxonomy":"category","embeddable":true,"href":"https:\/\/www.webdo.tn\/fr\/wp-json\/wp\/v2\/categories?post=205111"},{"taxonomy":"post_tag","embeddable":true,"href":"https:\/\/www.webdo.tn\/fr\/wp-json\/wp\/v2\/tags?post=205111"}],"curies":[{"name":"wp","href":"https:\/\/api.w.org\/{rel}","templated":true}]}}