{"id":205108,"date":"2023-04-24T11:44:00","date_gmt":"2023-04-24T11:44:00","guid":{"rendered":"https:\/\/www.webdo.tn\/fr\/blog\/le-drame-des-veuves-egyptiennes-tutelle-legale-et-injustice-patriarcale-dans-le-feuilleton-taht-el-wissaya\/205108\/"},"modified":"2025-05-21T08:56:55","modified_gmt":"2025-05-21T08:56:55","slug":"le-drame-des-veuves-egyptiennes-tutelle-legale-et-injustice-patriarcale-dans-le-feuilleton-taht-el-wissaya","status":"publish","type":"post","link":"https:\/\/www.webdo.tn\/fr\/actualite\/culture\/le-drame-des-veuves-egyptiennes-tutelle-legale-et-injustice-patriarcale-dans-le-feuilleton-taht-el-wissaya\/205108\/","title":{"rendered":"Le drame des veuves \u00e9gyptiennes : Tutelle l\u00e9gale et injustice patriarcale dans le feuilleton \u00ab\u00a0Taht El Wissaya\u00a0\u00bb"},"content":{"rendered":"<div class=\"single-body entry-content typography-copy\" itemprop=\"articleBody\">\n<p style=\"font-weight: bold; text-align: justify\">\n\t\t\t\t\t\t\t\t\tHanen a \u00e9t\u00e9 condamn\u00e9e \u00e0 un an de prison. De quoi \u00e9tait-elle accus\u00e9e ?<br \/>\nD\u2019avoir voulu pr\u00e9server l\u2019h\u00e9ritage de ses enfants mineurs, que leur cupide oncle paternel voulait s\u2019approprier, et de vouloir que ses enfants aient un bel avenir, alors que le grand-p\u00e8re paternel, leur tuteur, voulait qu\u2019ils apprennent un m\u00e9tier au lieu d\u2019aller \u00e0 l\u2019\u00e9cole. Elle avait ainsi contrevenu \u00e0 la loi \u00e9gyptienne qui veut qu\u2019au d\u00e9c\u00e8s du papa, c\u2019est aux HOMMES de la famille paternelle de prendre les d\u00e9cisions qui concernent les enfants mineurs.\n\t\t\t\t\t\t\t\t<\/p>\n<div class=\"coprs\" style=\"text-align: center\"><\/div>\n<div class=\"coprs\" style=\"text-align: justify\">\n<p><span><span>Hanen, interpr\u00e9t\u00e9e par Mona Zaki, est le personnage principal du feuilleton \u00e9gyptien <em>Taht El Wissaya (Sous la tutelle),<\/em> \u00e9crit par Khaled et Shyrine Diab, r\u00e9alis\u00e9 par Mohamed Shaker Khodair et diffus\u00e9 pendant la deuxi\u00e8me quinzaine du mois de\u00a0ramadan.<\/span><\/span><\/p>\n<p><span><span>Hanen est une jeune veuve qui doit faire face \u00e0 la tutelle l\u00e9gale du grand-p\u00e8re paternel de ses deux enfants mineurs, qui ont h\u00e9rit\u00e9 d&rsquo;un bateau de p\u00eache de leur p\u00e8re d\u00e9c\u00e9d\u00e9. Selon la loi \u00e9gyptienne inspir\u00e9e de la chariaa, la tutelle des enfants mineurs revient au grand-p\u00e8re paternel en cas de d\u00e9c\u00e8s du p\u00e8re, ce qui lui donne le droit de prendre toutes les d\u00e9cisions concernant les enfants, m\u00eame si la m\u00e8re n\u2019est pas d\u2019accord. Le feuilleton traite de ce sujet sensible et d\u00e9nonce l&rsquo;injustice de ce syst\u00e8me \u00e0 travers l&rsquo;histoire de Hanen, qui doit non seulement subir la tutelle l\u00e9gale du grand-p\u00e8re paternel, mais \u00e9galement la tutelle morale d&rsquo;une soci\u00e9t\u00e9 patriarcale et machiste. Le feuilleton montre comment un tel syst\u00e8me peut non seulement briser des familles, mais \u00e9galement mettre en danger l&rsquo;avenir des enfants.<\/span><\/span><\/p>\n<p>\u00a0<\/p>\n<p><iframe allowfullscreen=\"true\" frameborder=\"0\" height=\"314\" scrolling=\"no\" src=\"https:\/\/www.facebook.com\/plugins\/video.php?height=314&amp;href=https%3A%2F%2Fwww.facebook.com%2FOfficialMonaZaki%2Fvideos%2F926151458434465%2F&amp;show_text=false&amp;width=560&amp;t=0\" width=\"560\"><\/iframe><\/p>\n<p>\n<span><span>En Tunisie, certaines personnes sont choqu\u00e9es par <em>Taht el wissaya<\/em>, qui met en sc\u00e8ne les souffrances et les luttes des veuves \u00e9gyptiennes ayant des enfants mineurs. La loi, inspir\u00e9e de la chariaa, conf\u00e8re la tutelle aux grands-p\u00e8res paternels et m\u00eame aux oncles paternels pour g\u00e9rer l&rsquo;h\u00e9ritage de ces enfants mineurs et prendre des d\u00e9cisions importantes pour eux, comme les inscrire ou non \u00e0 l&rsquo;\u00e9cole, leur permettre ou non de travailler ou de rejoindre un club de sport. Le grand-p\u00e8re d\u00e9cide. Parfois, en plus de l&rsquo;accord du grand-p\u00e8re, il faut \u00e9galement l&rsquo;accord de l&rsquo;\u00c9tat, par exemple pour vendre un bien appartenant \u00e0 ces enfants mineurs. Quant \u00e0 la m\u00e8re, elle est compl\u00e8tement inexistante aux yeux de la loi. Elle n&rsquo;a servi qu&rsquo;\u00e0 porter ces enfants et doit maintenant se contenter de les \u00ab\u00a0servir\u00a0\u00bb, c&rsquo;est-\u00e0-dire de leur pr\u00e9parer \u00e0 manger, de les soigner lorsqu&rsquo;ils sont malades, de les aider \u00e0 prendre un bain, comme une simple nourrice ou gouvernante. Elle n&rsquo;a m\u00eame pas le droit de d\u00e9cider si elle doit ou non couper les cheveux de ses propres enfants.<\/span><\/span><\/p>\n<p><span><span>Il convient de souligner que ce que montre ce feuilleton n&rsquo;est pas sp\u00e9cifique \u00e0 l&rsquo;\u00c9gypte. C&rsquo;est ainsi dans tous les pays qui appliquent la chariaa, et qui sait, peut-\u00eatre un jour chez nous ?<\/span><\/span><\/p>\n<p><span><span>Imaginez ce que ressentent ces femmes, ces m\u00e8res, \u00e0 qui l&rsquo;on arrache tous les droits sur leurs enfants et qui sont \u00e0 la merci d&rsquo;un grand-p\u00e8re ou d&rsquo;un oncle qui, bien s\u00fbr, peuvent \u00eatre bienveillants, mais qui peuvent aussi \u00eatre ignorants, cupides ou autres.<\/span><\/span><\/p>\n<p>\u00a0<\/p>\n<p><iframe allowfullscreen=\"true\" frameborder=\"0\" height=\"314\" scrolling=\"no\" src=\"https:\/\/www.facebook.com\/plugins\/video.php?height=314&amp;href=https%3A%2F%2Fwww.facebook.com%2FMediaHubAdv%2Fvideos%2F531461192491432%2F&amp;show_text=false&amp;width=560&amp;t=0\" width=\"560\"><\/iframe><\/p>\n<p>\u00a0<\/p>\n<p><span><span>Il n&rsquo;y a pas si longtemps, les m\u00e8res tunisiennes \u00e9taient aussi confront\u00e9es \u00e0 une situation humiliante et d\u00e9gradante : obtenir l&rsquo;autorisation du p\u00e8re pour emmener leurs enfants mineurs \u00e0 l&rsquo;\u00e9tranger. J&rsquo;ai moi-m\u00eame v\u00e9cu cette situation et je peux comprendre ce que ressentent toutes ces femmes dans le monde arabo-musulman. <\/span><\/span><\/p>\n<p><span><span>A l\u2019\u00e9poque mon mari \u00e9tait parti en France pour son travail et m&rsquo;avait propos\u00e9 de le rejoindre avec notre fille mineure pendant les vacances.<\/span><\/span><\/p>\n<p><span><span>J&rsquo;avais tout pr\u00e9par\u00e9 pour le voyage, mais j&rsquo;avais compl\u00e8tement oubli\u00e9 cette exigence d&rsquo;autorisation paternelle pour quitter le territoire. Ma fille et moi \u00e9tions donc arriv\u00e9es \u00e0 l&rsquo;a\u00e9roport et lors du contr\u00f4le \u00e0 la police des fronti\u00e8res, on m&rsquo;avait demand\u00e9 cette autorisation. J&rsquo;avais expliqu\u00e9 que le papa \u00e9tait d\u00e9j\u00e0 en France et que nous allions le rejoindre, mais cela avait \u00e9t\u00e9 refus\u00e9 de mani\u00e8re cat\u00e9gorique. En tant que m\u00e8re, je n&rsquo;avais pas le droit d&#8217;emmener ma fille hors des fronti\u00e8res tunisiennes.<\/span><\/span><\/p>\n<p><span><span>On m\u2019avait refus\u00e9 d\u2019appeler mon mari pour obtenir son autorisation par t\u00e9l\u00e9phone, puisque rien ne prouvait que ce f\u00fbt bien lui au bout du fil. La seule et unique option \u00e9tait de faire appel au grand-p\u00e8re ou un oncle paternel pour obtenir cette autorisation. Ma fille et moi avons donc \u00e9t\u00e9 emmen\u00e9es dans un bureau pour attendre l&rsquo;arriv\u00e9e de l&rsquo;oncle paternel que j&rsquo;avais contact\u00e9. Une fois sur place, il a d\u00fb r\u00e9pondre \u00e0 de nombreuses questions pour prouver son identit\u00e9 et garantir que ma fille ne risquait pas d&rsquo;\u00eatre en danger avec moi. Je me suis retrouv\u00e9e impuissante, sans pouvoir ouvrir la bouche pour m&rsquo;exprimer, car un agent me faisait taire \u00e0 chaque tentative.<\/span><\/span><\/p>\n<p><span><span>La police des fronti\u00e8res a fait confiance \u00e0 l&rsquo;oncle parce qu&rsquo;il est un homme et m&rsquo;a permis de voyager avec ma fille, mais cette m\u00eame police des fronti\u00e8res ne m&rsquo;a pas fait confiance \u00e0 moi, la m\u00e8re, parce que femme. Moi la m\u00e8re qui l&rsquo;avait port\u00e9e en moi, moi la m\u00e8re qui l&rsquo;avait allait\u00e9e, moi la m\u00e8re qui l&rsquo;avait veill\u00e9e, moi la m\u00e8re qui l\u2019emmenait chez le p\u00e9diatre, moi la m\u00e8re qui veillait \u00e0 ce qu\u2019elle ait tous ses vaccins, moi la m\u00e8re qui l&rsquo;avait soign\u00e9e, moi la m\u00e8re qui l&#8217;emmenait \u00e0 l&rsquo;\u00e9cole, qui lui faisait faire faire ses devoirs, qui la faisait manger, qui l&#8217;emmenait acheter des v\u00eatements, qui dormait avec elle lorsqu&rsquo;elle \u00e9tait malade&#8230;. Mais je n&rsquo;\u00e9tais que la m\u00e8re et pour la police des fronti\u00e8res, j&rsquo;\u00e9tais cette femme qui aurait pu s&rsquo;enfuir avec cette petite fille mineure. Sachant que dans la situation inverse, son p\u00e8re aurait pu l&#8217;emmener \u00e0 tout moment, y compris pour s&rsquo;enfuir avec elle sans que personne ne lui demande des comptes. Il \u00e9tait le p\u00e8re, l&rsquo;HOMME!!!<\/span><\/span><\/p>\n<p><span><span>Mais tout cela n&rsquo;avait aucune valeur aux yeux de ces agents, ni de celui qui avait \u00ab\u00a0pondu\u00a0\u00bb cette r\u00e8gle injuste et discriminatoire. En tant que m\u00e8re, j&rsquo;\u00e9tais impuissante face \u00e0 une autorit\u00e9 qui accordait plus de pouvoir \u00e0 un homme qu&rsquo;\u00e0 une femme, simplement en raison de son genre. C&rsquo;\u00e9tait humiliant, d\u00e9gradant et injuste.<\/span><\/span><\/p>\n<p><span><span>Cette injustice est une r\u00e9alit\u00e9 que de nombreuses femmes dans le monde arabo-musulman vivent au quotidien. La loi, inspir\u00e9e de la chariaa, continue de donner le pouvoir aux hommes sur la vie de leurs enfants mineurs, rel\u00e9guant les m\u00e8res au second plan, sans voix ni choix.<\/span><\/span><\/p>\n<p><span><span>Imaginez la douleur de ces femmes, ces m\u00e8res, qui voient leurs droits maternels bafou\u00e9s, qui sont \u00e9cart\u00e9es de la prise de d\u00e9cision concernant leurs propres enfants. Imaginez la frustration de voir des hommes d\u00e9cider du sort de leurs enfants, sans m\u00eame prendre en compte les besoins et les souhaits des m\u00e8res. Imaginez \u00e0 quel point c\u2019est horrible, surtout lorsque cet homme n\u2019est m\u00eame pas le p\u00e8re de ces enfants\u00a0!!!<\/span><\/span><\/p>\n<p><span><span>Et cela ne se limite pas \u00e0 la tutelle l\u00e9gale. Les femmes sont souvent confront\u00e9es \u00e0 des discriminations et des in\u00e9galit\u00e9s dans d&rsquo;autres aspects de leur vie, comme le travail, l&rsquo;\u00e9ducation et la libert\u00e9 de mouvement. Elles sont souvent limit\u00e9es dans leurs choix et leurs opportunit\u00e9s en raison de normes sociales et de lois discriminatoires bas\u00e9es sur le genre.<\/span><\/span><\/p>\n<p><span><span>Mais malgr\u00e9 tout cela, les femmes continuent de se battre, de lutter pour leurs droits et pour l&rsquo;\u00e9galit\u00e9. Elles se rel\u00e8vent apr\u00e8s chaque obstacle, d\u00e9fiant les normes et les attentes de la soci\u00e9t\u00e9, et montrant leur d\u00e9termination \u00e0 \u00eatre trait\u00e9es comme des \u00eatres humains \u00e9gaux en droits et en dignit\u00e9.<\/span><\/span><\/p>\n<p><span><span>Je me souviens de la joie et du soulagement que j&rsquo;ai ressenti lorsqu\u2019en Tunisie cette r\u00e8gle injuste avait \u00e9t\u00e9 abrog\u00e9e et que j&rsquo;ai enfin pu voyager avec ma fille sans autorisation aucune, lorsque j&rsquo;ai pu exercer mes droits maternels sans \u00eatre entrav\u00e9e par des lois discriminatoires. C&rsquo;\u00e9tait une petite victoire, mais cela a renforc\u00e9 ma d\u00e9termination \u00e0 continuer de me battre pour les droits des femmes, pour un avenir o\u00f9 les femmes seront respect\u00e9es, valoris\u00e9es et \u00e9gales aux hommes dans tous les aspects de la vie.<\/span><\/span><\/p>\n<p><span><span>Je suis reconnaissante envers ceux qui ont contribu\u00e9 et continuent de contribuer \u00e0 la lutte pour l&rsquo;\u00e9mancipation des femmes en Tunisie. Leurs efforts ont ouvert la voie \u00e0 un changement positif, mais il reste encore beaucoup \u00e0 faire. Nous devons continuer \u00e0 nous battre pour un monde o\u00f9 les femmes auront les m\u00eames droits que les hommes, o\u00f9 les m\u00e8res auront une voix forte dans la vie de leurs enfants, et o\u00f9 les femmes seront respect\u00e9es et valoris\u00e9es pour leur r\u00f4le essentiel dans la soci\u00e9t\u00e9.<\/span><\/span><\/p>\n<p><span><span>En Tunisie, en \u00c9gypte et partout dans le monde, il est temps de mettre fin \u00e0 ces lois discriminatoires bas\u00e9es sur le genre, inspir\u00e9es de la chariaa ou d&rsquo;autres normes sociales oppressives, qui privent les femmes de leurs droits maternels et les rel\u00e8guent \u00e0 un statut inf\u00e9rieur. Il est temps de reconna\u00eetre la valeur et l&rsquo;importance des femmes en tant que m\u00e8res et en tant qu&rsquo;\u00eatres humains \u00e9gaux en droits. Il est temps de cr\u00e9er un avenir o\u00f9 les femmes auront la libert\u00e9 de prendre des d\u00e9cisions pour leurs enfants et pour elles-m\u00eames, sans \u00eatre entrav\u00e9es par des lois absurdes, injustes et discriminatoires.<\/span><\/span><\/p>\n<p>\u00a0<\/p>\n<p><img decoding=\"async\" alt=\"\" height=\"473\" src=\"\/assets\/uploads\/images\/\/Neila\/Hanen%20est%20ses%20enfants.jpeg\" width=\"840\"><\/p>\n<p>\u00a0<\/p>\n<p><span><span>F\u00e9licitations aux sc\u00e9naristes Khaled et Shyrine Diab pour leur r\u00f4le de sensibilisation \u00e0 cette question \u00e0 travers leur feuilleton, qui pourrait contribuer \u00e0 faire changer les lois en \u00c9gypte. Il est encourageant de constater qu\u2019une d\u00e9put\u00e9e a d\u00e9j\u00e0 demand\u00e9 \u00e0 saisir le parlement \u00e0 ce sujet, t\u00e9moignant ainsi de l&rsquo;\u00e9volution positive de la soci\u00e9t\u00e9 \u00e9gyptienne. Il est primordial que de telles lois archa\u00efques soient modifi\u00e9es, permettant ainsi aux m\u00e8res d&rsquo;obtenir la tutelle de leurs enfants mineurs, car ce sont elles qui les connaissent le mieux et savent ce qui est le mieux pour eux. Notamment, \u00e0 une \u00e9poque o\u00f9 les femmes, de plus en plus \u00e9duqu\u00e9es, quittent les cuisines o\u00f9 elles \u00e9taient rel\u00e9gu\u00e9es pour prendre part \u00e0 la vie active.<\/span><\/span><\/p>\n<p><span><span>Il convient de rappeler qu&rsquo;en \u00c9gypte, des films ont d\u00e9j\u00e0 eu un impact sur le changement des lois. Le cas le plus connu est celui du film <em>Ouridou Hallan (Je veux une solution)<\/em> (1975), avec Faten Hamama dans le r\u00f4le principal. Ce film raconte les difficult\u00e9s que rencontraient les \u00e9gyptiennes qui souhaitent divorcer malgr\u00e9 l&rsquo;opposition de leur conjoint et qui pouvaient passer de tr\u00e8s longues ann\u00e9es devant les tribunaux sans parvenir \u00e0 obtenir satisfaction. Gr\u00e2ce \u00e0 ce film, la loi sur le \u00ab\u00a0khol3\u00a0\u00bb qui permet aux femmes d&rsquo;obtenir le divorce, a \u00e9t\u00e9 vot\u00e9e.<\/span><\/span><\/p>\n<p><span><strong><span>Ne\u00efla Driss<\/span><\/strong><\/span><\/p>\n<p>\u00a0<\/p>\n<p>\u00a0<\/p>\n<\/p><\/div>\n<div class=\"coprs\" style=\"text-align: center\"><\/div><\/div>\n","protected":false},"excerpt":{"rendered":"<p>Hanen a \u00e9t\u00e9 condamn\u00e9e \u00e0 un an de prison. De quoi \u00e9tait-elle accus\u00e9e ?  D\u2019avoir voulu pr\u00e9server l\u2019h\u00e9ritage de ses enfants mineurs, que leur cupide oncle paterne&#8230;<\/p>\n","protected":false},"author":3164,"featured_media":278095,"comment_status":"open","ping_status":"closed","sticky":false,"template":"","format":"standard","meta":{"footnotes":""},"categories":[2594],"tags":[8695,3833,6711,9458,2944],"class_list":["post-205108","post","type-post","status-publish","format-standard","has-post-thumbnail","hentry","category-culture","tag-droits-des-femmes","tag-feuilleton","tag-feuilleton-egyptien","tag-taht-el-wissaya","tag-television"],"yoast_head":"<!-- This site is optimized with the Yoast SEO Premium plugin v27.5 (Yoast SEO v27.5) - https:\/\/yoast.com\/product\/yoast-seo-premium-wordpress\/ -->\n<title>Le drame des veuves \u00e9gyptiennes : Tutelle l\u00e9gale et injustice patriarcale dans le feuilleton Taht El Wissaya<\/title>\n<meta name=\"description\" content=\"Hanen a \u00e9t\u00e9 condamn\u00e9e \u00e0 un an de prison. De quoi \u00e9tait-elle accus\u00e9e ? D\u2019avoir voulu pr\u00e9server l\u2019h\u00e9ritage de ses enfants mineurs, que leur cupide oncle paterne...\" \/>\n<link rel=\"canonical\" href=\"https:\/\/www.webdo.tn\/fr\/actualite\/culture\/le-drame-des-veuves-egyptiennes-tutelle-legale-et-injustice-patriarcale-dans-le-feuilleton-taht-el-wissaya\/205108\/\" \/>\n<meta property=\"og:locale\" content=\"fr_FR\" \/>\n<meta property=\"og:type\" content=\"article\" \/>\n<meta property=\"og:title\" content=\"Le drame des veuves \u00e9gyptiennes : Tutelle l\u00e9gale et injustice patriarcale dans le feuilleton &quot;Taht El Wissaya&quot;\" \/>\n<meta property=\"og:description\" content=\"Hanen a \u00e9t\u00e9 condamn\u00e9e \u00e0 un an de prison. De quoi \u00e9tait-elle accus\u00e9e ? D\u2019avoir voulu pr\u00e9server l\u2019h\u00e9ritage de ses enfants mineurs, que leur cupide oncle paterne...\" \/>\n<meta property=\"og:url\" content=\"https:\/\/www.webdo.tn\/fr\/actualite\/culture\/le-drame-des-veuves-egyptiennes-tutelle-legale-et-injustice-patriarcale-dans-le-feuilleton-taht-el-wissaya\/205108\/\" \/>\n<meta property=\"og:site_name\" content=\"webdo\" \/>\n<meta property=\"article:publisher\" content=\"https:\/\/www.facebook.com\/webdotn\" \/>\n<meta property=\"article:author\" content=\"https:\/\/www.facebook.com\/massir.destiniii\/\" \/>\n<meta property=\"article:published_time\" content=\"2023-04-24T11:44:00+00:00\" \/>\n<meta property=\"article:modified_time\" content=\"2025-05-21T08:56:55+00:00\" \/>\n<meta property=\"og:image\" content=\"https:\/\/www.webdo.tn\/fr\/wp-content\/uploads\/2023\/04\/1d0025e7f3c9928e7546b599a78fcabc.jpeg\" \/>\n\t<meta property=\"og:image:width\" content=\"739\" \/>\n\t<meta property=\"og:image:height\" content=\"394\" \/>\n\t<meta property=\"og:image:type\" content=\"image\/jpeg\" \/>\n<meta name=\"author\" content=\"Ne\u00efla DRISS\" \/>\n<meta name=\"twitter:card\" content=\"summary_large_image\" \/>\n<meta name=\"twitter:creator\" content=\"@https:\/\/x.com\/MassirDestin\" \/>\n<meta name=\"twitter:site\" content=\"@webdo_tn\" \/>\n<meta name=\"twitter:label1\" content=\"\u00c9crit par\" \/>\n\t<meta name=\"twitter:data1\" content=\"Ne\u00efla DRISS\" \/>\n\t<meta name=\"twitter:label2\" content=\"Dur\u00e9e de lecture estim\u00e9e\" \/>\n\t<meta name=\"twitter:data2\" content=\"9 minutes\" \/>\n<script type=\"application\/ld+json\" class=\"yoast-schema-graph\">{\"@context\":\"https:\\\/\\\/schema.org\",\"@graph\":[{\"@type\":\"NewsArticle\",\"@id\":\"https:\\\/\\\/www.webdo.tn\\\/fr\\\/actualite\\\/culture\\\/le-drame-des-veuves-egyptiennes-tutelle-legale-et-injustice-patriarcale-dans-le-feuilleton-taht-el-wissaya\\\/205108\\\/#article\",\"isPartOf\":{\"@id\":\"https:\\\/\\\/www.webdo.tn\\\/fr\\\/actualite\\\/culture\\\/le-drame-des-veuves-egyptiennes-tutelle-legale-et-injustice-patriarcale-dans-le-feuilleton-taht-el-wissaya\\\/205108\\\/\"},\"author\":{\"name\":\"Ne\u00efla DRISS\",\"@id\":\"https:\\\/\\\/www.webdo.tn\\\/fr\\\/#\\\/schema\\\/person\\\/60d5ba619ed3f58783b0dc82b7dada80\"},\"headline\":\"Le drame des veuves \u00e9gyptiennes : Tutelle l\u00e9gale et injustice patriarcale dans le feuilleton \u00ab\u00a0Taht El Wissaya\u00a0\u00bb\",\"datePublished\":\"2023-04-24T11:44:00+00:00\",\"dateModified\":\"2025-05-21T08:56:55+00:00\",\"mainEntityOfPage\":{\"@id\":\"https:\\\/\\\/www.webdo.tn\\\/fr\\\/actualite\\\/culture\\\/le-drame-des-veuves-egyptiennes-tutelle-legale-et-injustice-patriarcale-dans-le-feuilleton-taht-el-wissaya\\\/205108\\\/\"},\"wordCount\":1960,\"commentCount\":0,\"publisher\":{\"@id\":\"https:\\\/\\\/www.webdo.tn\\\/fr\\\/#organization\"},\"image\":{\"@id\":\"https:\\\/\\\/www.webdo.tn\\\/fr\\\/actualite\\\/culture\\\/le-drame-des-veuves-egyptiennes-tutelle-legale-et-injustice-patriarcale-dans-le-feuilleton-taht-el-wissaya\\\/205108\\\/#primaryimage\"},\"thumbnailUrl\":\"https:\\\/\\\/www.webdo.tn\\\/fr\\\/wp-content\\\/uploads\\\/2023\\\/04\\\/1d0025e7f3c9928e7546b599a78fcabc.jpeg\",\"keywords\":[\"Droits des femmes\",\"feuilleton\",\"Feuilleton \u00e9gyptien\",\"Taht El wissaya\",\"T\u00e9l\u00e9vision\"],\"articleSection\":[\"Culture\"],\"inLanguage\":\"fr-FR\"},{\"@type\":\"WebPage\",\"@id\":\"https:\\\/\\\/www.webdo.tn\\\/fr\\\/actualite\\\/culture\\\/le-drame-des-veuves-egyptiennes-tutelle-legale-et-injustice-patriarcale-dans-le-feuilleton-taht-el-wissaya\\\/205108\\\/\",\"url\":\"https:\\\/\\\/www.webdo.tn\\\/fr\\\/actualite\\\/culture\\\/le-drame-des-veuves-egyptiennes-tutelle-legale-et-injustice-patriarcale-dans-le-feuilleton-taht-el-wissaya\\\/205108\\\/\",\"name\":\"Le drame des veuves \u00e9gyptiennes : Tutelle l\u00e9gale et injustice patriarcale dans le feuilleton Taht El Wissaya\",\"isPartOf\":{\"@id\":\"https:\\\/\\\/www.webdo.tn\\\/fr\\\/#website\"},\"primaryImageOfPage\":{\"@id\":\"https:\\\/\\\/www.webdo.tn\\\/fr\\\/actualite\\\/culture\\\/le-drame-des-veuves-egyptiennes-tutelle-legale-et-injustice-patriarcale-dans-le-feuilleton-taht-el-wissaya\\\/205108\\\/#primaryimage\"},\"image\":{\"@id\":\"https:\\\/\\\/www.webdo.tn\\\/fr\\\/actualite\\\/culture\\\/le-drame-des-veuves-egyptiennes-tutelle-legale-et-injustice-patriarcale-dans-le-feuilleton-taht-el-wissaya\\\/205108\\\/#primaryimage\"},\"thumbnailUrl\":\"https:\\\/\\\/www.webdo.tn\\\/fr\\\/wp-content\\\/uploads\\\/2023\\\/04\\\/1d0025e7f3c9928e7546b599a78fcabc.jpeg\",\"datePublished\":\"2023-04-24T11:44:00+00:00\",\"dateModified\":\"2025-05-21T08:56:55+00:00\",\"description\":\"Hanen a \u00e9t\u00e9 condamn\u00e9e \u00e0 un an de prison. De quoi \u00e9tait-elle accus\u00e9e ? D\u2019avoir voulu pr\u00e9server l\u2019h\u00e9ritage de ses enfants mineurs, que leur cupide oncle paterne...\",\"breadcrumb\":{\"@id\":\"https:\\\/\\\/www.webdo.tn\\\/fr\\\/actualite\\\/culture\\\/le-drame-des-veuves-egyptiennes-tutelle-legale-et-injustice-patriarcale-dans-le-feuilleton-taht-el-wissaya\\\/205108\\\/#breadcrumb\"},\"inLanguage\":\"fr-FR\",\"potentialAction\":[{\"@type\":\"ReadAction\",\"target\":[\"https:\\\/\\\/www.webdo.tn\\\/fr\\\/actualite\\\/culture\\\/le-drame-des-veuves-egyptiennes-tutelle-legale-et-injustice-patriarcale-dans-le-feuilleton-taht-el-wissaya\\\/205108\\\/\"]}]},{\"@type\":\"ImageObject\",\"inLanguage\":\"fr-FR\",\"@id\":\"https:\\\/\\\/www.webdo.tn\\\/fr\\\/actualite\\\/culture\\\/le-drame-des-veuves-egyptiennes-tutelle-legale-et-injustice-patriarcale-dans-le-feuilleton-taht-el-wissaya\\\/205108\\\/#primaryimage\",\"url\":\"https:\\\/\\\/www.webdo.tn\\\/fr\\\/wp-content\\\/uploads\\\/2023\\\/04\\\/1d0025e7f3c9928e7546b599a78fcabc.jpeg\",\"contentUrl\":\"https:\\\/\\\/www.webdo.tn\\\/fr\\\/wp-content\\\/uploads\\\/2023\\\/04\\\/1d0025e7f3c9928e7546b599a78fcabc.jpeg\",\"width\":739,\"height\":394,\"caption\":\"Le drame des veuves \u00e9gyptiennes : Tutelle l\u00e9gale et injustice patriarcale dans le feuilleton \\\"Taht El Wissaya\\\"\"},{\"@type\":\"BreadcrumbList\",\"@id\":\"https:\\\/\\\/www.webdo.tn\\\/fr\\\/actualite\\\/culture\\\/le-drame-des-veuves-egyptiennes-tutelle-legale-et-injustice-patriarcale-dans-le-feuilleton-taht-el-wissaya\\\/205108\\\/#breadcrumb\",\"itemListElement\":[{\"@type\":\"ListItem\",\"position\":1,\"name\":\"Accueil\",\"item\":\"https:\\\/\\\/www.webdo.tn\\\/fr\\\/\"},{\"@type\":\"ListItem\",\"position\":2,\"name\":\"Le drame des veuves \u00e9gyptiennes : Tutelle l\u00e9gale et injustice patriarcale dans le feuilleton \u00ab\u00a0Taht El Wissaya\u00a0\u00bb\"}]},{\"@type\":\"WebSite\",\"@id\":\"https:\\\/\\\/www.webdo.tn\\\/fr\\\/#website\",\"url\":\"https:\\\/\\\/www.webdo.tn\\\/fr\\\/\",\"name\":\"webdo\",\"description\":\"Tunisie - News en Tunisie et \u00e0 l&#039;international sur Webdo.tn\",\"publisher\":{\"@id\":\"https:\\\/\\\/www.webdo.tn\\\/fr\\\/#organization\"},\"potentialAction\":[{\"@type\":\"SearchAction\",\"target\":{\"@type\":\"EntryPoint\",\"urlTemplate\":\"https:\\\/\\\/www.webdo.tn\\\/fr\\\/?s={search_term_string}\"},\"query-input\":{\"@type\":\"PropertyValueSpecification\",\"valueRequired\":true,\"valueName\":\"search_term_string\"}}],\"inLanguage\":\"fr-FR\"},{\"@type\":\"Organization\",\"@id\":\"https:\\\/\\\/www.webdo.tn\\\/fr\\\/#organization\",\"name\":\"Webdo\",\"alternateName\":\"Webdo.tn\",\"url\":\"https:\\\/\\\/www.webdo.tn\\\/fr\\\/\",\"logo\":{\"@type\":\"ImageObject\",\"inLanguage\":\"fr-FR\",\"@id\":\"https:\\\/\\\/www.webdo.tn\\\/fr\\\/#\\\/schema\\\/logo\\\/image\\\/\",\"url\":\"https:\\\/\\\/www.webdo.tn\\\/fr\\\/wp-content\\\/uploads\\\/2025\\\/06\\\/Webdo-Tunisie_168377.jpg\",\"contentUrl\":\"https:\\\/\\\/www.webdo.tn\\\/fr\\\/wp-content\\\/uploads\\\/2025\\\/06\\\/Webdo-Tunisie_168377.jpg\",\"width\":301,\"height\":301,\"caption\":\"Webdo\"},\"image\":{\"@id\":\"https:\\\/\\\/www.webdo.tn\\\/fr\\\/#\\\/schema\\\/logo\\\/image\\\/\"},\"sameAs\":[\"https:\\\/\\\/www.facebook.com\\\/webdotn\",\"https:\\\/\\\/x.com\\\/webdo_tn\"],\"description\":\"Webdo est un m\u00e9dia num\u00e9rique tunisien fond\u00e9 en 2010, sp\u00e9cialis\u00e9 dans l\u2019actualit\u00e9 nationale et internationale, l\u2019\u00e9conomie, la soci\u00e9t\u00e9 et les analyses politiques. Le site s\u2019adresse \u00e0 un large public francophone et couvre l\u2019information tunisienne en temps r\u00e9el.\",\"email\":\"redac@webdo.tn\",\"legalName\":\"YNJ SARL\",\"foundingDate\":\"2010-09-06\",\"numberOfEmployees\":{\"@type\":\"QuantitativeValue\",\"minValue\":\"11\",\"maxValue\":\"50\"}},{\"@type\":\"Person\",\"@id\":\"https:\\\/\\\/www.webdo.tn\\\/fr\\\/#\\\/schema\\\/person\\\/60d5ba619ed3f58783b0dc82b7dada80\",\"name\":\"Ne\u00efla DRISS\",\"image\":{\"@type\":\"ImageObject\",\"inLanguage\":\"fr-FR\",\"@id\":\"https:\\\/\\\/www.webdo.tn\\\/fr\\\/wp-content\\\/uploads\\\/2026\\\/04\\\/neila-driss_avatar-96x96.jpg\",\"url\":\"https:\\\/\\\/www.webdo.tn\\\/fr\\\/wp-content\\\/uploads\\\/2026\\\/04\\\/neila-driss_avatar-96x96.jpg\",\"contentUrl\":\"https:\\\/\\\/www.webdo.tn\\\/fr\\\/wp-content\\\/uploads\\\/2026\\\/04\\\/neila-driss_avatar-96x96.jpg\",\"caption\":\"Ne\u00efla DRISS\"},\"description\":\"Ne\u00efla Driss est juriste, journaliste culturelle et critique de cin\u00e9ma tunisienne. Titulaire d\u2019un DEA en droit priv\u00e9 de l\u2019Universit\u00e9 Paris II et d\u2019un DESS de l\u2019IHEC Carthage, elle d\u00e9bute sa carri\u00e8re comme juriste sp\u00e9cialis\u00e9e en gestion de patrimoine immobilier. Elle s\u2019oriente ensuite vers l\u2019\u00e9criture en ligne, o\u00f9 elle se distingue d\u00e8s 2006 aux Tunisia Blog Awards, avant de se consacrer au journalisme culturel, avec une sp\u00e9cialisation dans la critique cin\u00e9matographique. Elle couvre r\u00e9guli\u00e8rement les grands festivals internationaux, notamment le Festival de Cannes, les Journ\u00e9es Cin\u00e9matographiques de Carthage et le Festival du film du Caire. Membre de l\u2019ATPCC et de la FIPRESCI, elle participe \u00e0 des jurys et initiatives internationales de critique. Depuis 2024, elle est \u00e9lectrice internationale aux Golden Globes. Facebook : https:\\\/\\\/www.facebook.com\\\/massir.destiniii\\\/ X : https:\\\/\\\/x.com\\\/MassirDestin\",\"sameAs\":[\"https:\\\/\\\/www.facebook.com\\\/massir.destiniii\\\/\",\"https:\\\/\\\/www.instagram.com\\\/neila.driss\\\/?hl=fr\",\"https:\\\/\\\/www.linkedin.com\\\/in\\\/neila-driss-22606a80\\\/\",\"https:\\\/\\\/x.com\\\/https:\\\/\\\/x.com\\\/MassirDestin\"],\"knowsAbout\":[\"Cin\u00e9ma international\",\"critique cin\u00e9matographique\",\"festivals de cin\u00e9ma\",\"journalisme culturel\"],\"knowsLanguage\":[\"Fran\u00e7ais\",\"Arabe\",\"Anglais\"],\"jobTitle\":\"Journaliste culturelle et critique de cin\u00e9ma\",\"worksFor\":\"Webdo\",\"url\":\"https:\\\/\\\/www.webdo.tn\\\/fr\\\/actualite\\\/author\\\/neila-driss\\\/\"}]}<\/script>\n<!-- \/ Yoast SEO Premium plugin. -->","yoast_head_json":{"title":"Le drame des veuves \u00e9gyptiennes : Tutelle l\u00e9gale et injustice patriarcale dans le feuilleton Taht El Wissaya","description":"Hanen a \u00e9t\u00e9 condamn\u00e9e \u00e0 un an de prison. De quoi \u00e9tait-elle accus\u00e9e ? D\u2019avoir voulu pr\u00e9server l\u2019h\u00e9ritage de ses enfants mineurs, que leur cupide oncle paterne...","canonical":"https:\/\/www.webdo.tn\/fr\/actualite\/culture\/le-drame-des-veuves-egyptiennes-tutelle-legale-et-injustice-patriarcale-dans-le-feuilleton-taht-el-wissaya\/205108\/","og_locale":"fr_FR","og_type":"article","og_title":"Le drame des veuves \u00e9gyptiennes : Tutelle l\u00e9gale et injustice patriarcale dans le feuilleton \"Taht El Wissaya\"","og_description":"Hanen a \u00e9t\u00e9 condamn\u00e9e \u00e0 un an de prison. De quoi \u00e9tait-elle accus\u00e9e ? D\u2019avoir voulu pr\u00e9server l\u2019h\u00e9ritage de ses enfants mineurs, que leur cupide oncle paterne...","og_url":"https:\/\/www.webdo.tn\/fr\/actualite\/culture\/le-drame-des-veuves-egyptiennes-tutelle-legale-et-injustice-patriarcale-dans-le-feuilleton-taht-el-wissaya\/205108\/","og_site_name":"webdo","article_publisher":"https:\/\/www.facebook.com\/webdotn","article_author":"https:\/\/www.facebook.com\/massir.destiniii\/","article_published_time":"2023-04-24T11:44:00+00:00","article_modified_time":"2025-05-21T08:56:55+00:00","og_image":[{"width":739,"height":394,"url":"https:\/\/www.webdo.tn\/fr\/wp-content\/uploads\/2023\/04\/1d0025e7f3c9928e7546b599a78fcabc.jpeg","type":"image\/jpeg"}],"author":"Ne\u00efla DRISS","twitter_card":"summary_large_image","twitter_creator":"@https:\/\/x.com\/MassirDestin","twitter_site":"@webdo_tn","twitter_misc":{"\u00c9crit par":"Ne\u00efla DRISS","Dur\u00e9e de lecture estim\u00e9e":"9 minutes"},"schema":{"@context":"https:\/\/schema.org","@graph":[{"@type":"NewsArticle","@id":"https:\/\/www.webdo.tn\/fr\/actualite\/culture\/le-drame-des-veuves-egyptiennes-tutelle-legale-et-injustice-patriarcale-dans-le-feuilleton-taht-el-wissaya\/205108\/#article","isPartOf":{"@id":"https:\/\/www.webdo.tn\/fr\/actualite\/culture\/le-drame-des-veuves-egyptiennes-tutelle-legale-et-injustice-patriarcale-dans-le-feuilleton-taht-el-wissaya\/205108\/"},"author":{"name":"Ne\u00efla DRISS","@id":"https:\/\/www.webdo.tn\/fr\/#\/schema\/person\/60d5ba619ed3f58783b0dc82b7dada80"},"headline":"Le drame des veuves \u00e9gyptiennes : Tutelle l\u00e9gale et injustice patriarcale dans le feuilleton \u00ab\u00a0Taht El Wissaya\u00a0\u00bb","datePublished":"2023-04-24T11:44:00+00:00","dateModified":"2025-05-21T08:56:55+00:00","mainEntityOfPage":{"@id":"https:\/\/www.webdo.tn\/fr\/actualite\/culture\/le-drame-des-veuves-egyptiennes-tutelle-legale-et-injustice-patriarcale-dans-le-feuilleton-taht-el-wissaya\/205108\/"},"wordCount":1960,"commentCount":0,"publisher":{"@id":"https:\/\/www.webdo.tn\/fr\/#organization"},"image":{"@id":"https:\/\/www.webdo.tn\/fr\/actualite\/culture\/le-drame-des-veuves-egyptiennes-tutelle-legale-et-injustice-patriarcale-dans-le-feuilleton-taht-el-wissaya\/205108\/#primaryimage"},"thumbnailUrl":"https:\/\/www.webdo.tn\/fr\/wp-content\/uploads\/2023\/04\/1d0025e7f3c9928e7546b599a78fcabc.jpeg","keywords":["Droits des femmes","feuilleton","Feuilleton \u00e9gyptien","Taht El wissaya","T\u00e9l\u00e9vision"],"articleSection":["Culture"],"inLanguage":"fr-FR"},{"@type":"WebPage","@id":"https:\/\/www.webdo.tn\/fr\/actualite\/culture\/le-drame-des-veuves-egyptiennes-tutelle-legale-et-injustice-patriarcale-dans-le-feuilleton-taht-el-wissaya\/205108\/","url":"https:\/\/www.webdo.tn\/fr\/actualite\/culture\/le-drame-des-veuves-egyptiennes-tutelle-legale-et-injustice-patriarcale-dans-le-feuilleton-taht-el-wissaya\/205108\/","name":"Le drame des veuves \u00e9gyptiennes : Tutelle l\u00e9gale et injustice patriarcale dans le feuilleton Taht El Wissaya","isPartOf":{"@id":"https:\/\/www.webdo.tn\/fr\/#website"},"primaryImageOfPage":{"@id":"https:\/\/www.webdo.tn\/fr\/actualite\/culture\/le-drame-des-veuves-egyptiennes-tutelle-legale-et-injustice-patriarcale-dans-le-feuilleton-taht-el-wissaya\/205108\/#primaryimage"},"image":{"@id":"https:\/\/www.webdo.tn\/fr\/actualite\/culture\/le-drame-des-veuves-egyptiennes-tutelle-legale-et-injustice-patriarcale-dans-le-feuilleton-taht-el-wissaya\/205108\/#primaryimage"},"thumbnailUrl":"https:\/\/www.webdo.tn\/fr\/wp-content\/uploads\/2023\/04\/1d0025e7f3c9928e7546b599a78fcabc.jpeg","datePublished":"2023-04-24T11:44:00+00:00","dateModified":"2025-05-21T08:56:55+00:00","description":"Hanen a \u00e9t\u00e9 condamn\u00e9e \u00e0 un an de prison. De quoi \u00e9tait-elle accus\u00e9e ? D\u2019avoir voulu pr\u00e9server l\u2019h\u00e9ritage de ses enfants mineurs, que leur cupide oncle paterne...","breadcrumb":{"@id":"https:\/\/www.webdo.tn\/fr\/actualite\/culture\/le-drame-des-veuves-egyptiennes-tutelle-legale-et-injustice-patriarcale-dans-le-feuilleton-taht-el-wissaya\/205108\/#breadcrumb"},"inLanguage":"fr-FR","potentialAction":[{"@type":"ReadAction","target":["https:\/\/www.webdo.tn\/fr\/actualite\/culture\/le-drame-des-veuves-egyptiennes-tutelle-legale-et-injustice-patriarcale-dans-le-feuilleton-taht-el-wissaya\/205108\/"]}]},{"@type":"ImageObject","inLanguage":"fr-FR","@id":"https:\/\/www.webdo.tn\/fr\/actualite\/culture\/le-drame-des-veuves-egyptiennes-tutelle-legale-et-injustice-patriarcale-dans-le-feuilleton-taht-el-wissaya\/205108\/#primaryimage","url":"https:\/\/www.webdo.tn\/fr\/wp-content\/uploads\/2023\/04\/1d0025e7f3c9928e7546b599a78fcabc.jpeg","contentUrl":"https:\/\/www.webdo.tn\/fr\/wp-content\/uploads\/2023\/04\/1d0025e7f3c9928e7546b599a78fcabc.jpeg","width":739,"height":394,"caption":"Le drame des veuves \u00e9gyptiennes : Tutelle l\u00e9gale et injustice patriarcale dans le feuilleton \"Taht El Wissaya\""},{"@type":"BreadcrumbList","@id":"https:\/\/www.webdo.tn\/fr\/actualite\/culture\/le-drame-des-veuves-egyptiennes-tutelle-legale-et-injustice-patriarcale-dans-le-feuilleton-taht-el-wissaya\/205108\/#breadcrumb","itemListElement":[{"@type":"ListItem","position":1,"name":"Accueil","item":"https:\/\/www.webdo.tn\/fr\/"},{"@type":"ListItem","position":2,"name":"Le drame des veuves \u00e9gyptiennes : Tutelle l\u00e9gale et injustice patriarcale dans le feuilleton \u00ab\u00a0Taht El Wissaya\u00a0\u00bb"}]},{"@type":"WebSite","@id":"https:\/\/www.webdo.tn\/fr\/#website","url":"https:\/\/www.webdo.tn\/fr\/","name":"webdo","description":"Tunisie - News en Tunisie et \u00e0 l&#039;international sur Webdo.tn","publisher":{"@id":"https:\/\/www.webdo.tn\/fr\/#organization"},"potentialAction":[{"@type":"SearchAction","target":{"@type":"EntryPoint","urlTemplate":"https:\/\/www.webdo.tn\/fr\/?s={search_term_string}"},"query-input":{"@type":"PropertyValueSpecification","valueRequired":true,"valueName":"search_term_string"}}],"inLanguage":"fr-FR"},{"@type":"Organization","@id":"https:\/\/www.webdo.tn\/fr\/#organization","name":"Webdo","alternateName":"Webdo.tn","url":"https:\/\/www.webdo.tn\/fr\/","logo":{"@type":"ImageObject","inLanguage":"fr-FR","@id":"https:\/\/www.webdo.tn\/fr\/#\/schema\/logo\/image\/","url":"https:\/\/www.webdo.tn\/fr\/wp-content\/uploads\/2025\/06\/Webdo-Tunisie_168377.jpg","contentUrl":"https:\/\/www.webdo.tn\/fr\/wp-content\/uploads\/2025\/06\/Webdo-Tunisie_168377.jpg","width":301,"height":301,"caption":"Webdo"},"image":{"@id":"https:\/\/www.webdo.tn\/fr\/#\/schema\/logo\/image\/"},"sameAs":["https:\/\/www.facebook.com\/webdotn","https:\/\/x.com\/webdo_tn"],"description":"Webdo est un m\u00e9dia num\u00e9rique tunisien fond\u00e9 en 2010, sp\u00e9cialis\u00e9 dans l\u2019actualit\u00e9 nationale et internationale, l\u2019\u00e9conomie, la soci\u00e9t\u00e9 et les analyses politiques. Le site s\u2019adresse \u00e0 un large public francophone et couvre l\u2019information tunisienne en temps r\u00e9el.","email":"redac@webdo.tn","legalName":"YNJ SARL","foundingDate":"2010-09-06","numberOfEmployees":{"@type":"QuantitativeValue","minValue":"11","maxValue":"50"}},{"@type":"Person","@id":"https:\/\/www.webdo.tn\/fr\/#\/schema\/person\/60d5ba619ed3f58783b0dc82b7dada80","name":"Ne\u00efla DRISS","image":{"@type":"ImageObject","inLanguage":"fr-FR","@id":"https:\/\/www.webdo.tn\/fr\/wp-content\/uploads\/2026\/04\/neila-driss_avatar-96x96.jpg","url":"https:\/\/www.webdo.tn\/fr\/wp-content\/uploads\/2026\/04\/neila-driss_avatar-96x96.jpg","contentUrl":"https:\/\/www.webdo.tn\/fr\/wp-content\/uploads\/2026\/04\/neila-driss_avatar-96x96.jpg","caption":"Ne\u00efla DRISS"},"description":"Ne\u00efla Driss est juriste, journaliste culturelle et critique de cin\u00e9ma tunisienne. Titulaire d\u2019un DEA en droit priv\u00e9 de l\u2019Universit\u00e9 Paris II et d\u2019un DESS de l\u2019IHEC Carthage, elle d\u00e9bute sa carri\u00e8re comme juriste sp\u00e9cialis\u00e9e en gestion de patrimoine immobilier. Elle s\u2019oriente ensuite vers l\u2019\u00e9criture en ligne, o\u00f9 elle se distingue d\u00e8s 2006 aux Tunisia Blog Awards, avant de se consacrer au journalisme culturel, avec une sp\u00e9cialisation dans la critique cin\u00e9matographique. Elle couvre r\u00e9guli\u00e8rement les grands festivals internationaux, notamment le Festival de Cannes, les Journ\u00e9es Cin\u00e9matographiques de Carthage et le Festival du film du Caire. Membre de l\u2019ATPCC et de la FIPRESCI, elle participe \u00e0 des jurys et initiatives internationales de critique. Depuis 2024, elle est \u00e9lectrice internationale aux Golden Globes. Facebook : https:\/\/www.facebook.com\/massir.destiniii\/ X : https:\/\/x.com\/MassirDestin","sameAs":["https:\/\/www.facebook.com\/massir.destiniii\/","https:\/\/www.instagram.com\/neila.driss\/?hl=fr","https:\/\/www.linkedin.com\/in\/neila-driss-22606a80\/","https:\/\/x.com\/https:\/\/x.com\/MassirDestin"],"knowsAbout":["Cin\u00e9ma international","critique cin\u00e9matographique","festivals de cin\u00e9ma","journalisme culturel"],"knowsLanguage":["Fran\u00e7ais","Arabe","Anglais"],"jobTitle":"Journaliste culturelle et critique de cin\u00e9ma","worksFor":"Webdo","url":"https:\/\/www.webdo.tn\/fr\/actualite\/author\/neila-driss\/"}]}},"_links":{"self":[{"href":"https:\/\/www.webdo.tn\/fr\/wp-json\/wp\/v2\/posts\/205108","targetHints":{"allow":["GET"]}}],"collection":[{"href":"https:\/\/www.webdo.tn\/fr\/wp-json\/wp\/v2\/posts"}],"about":[{"href":"https:\/\/www.webdo.tn\/fr\/wp-json\/wp\/v2\/types\/post"}],"author":[{"embeddable":true,"href":"https:\/\/www.webdo.tn\/fr\/wp-json\/wp\/v2\/users\/3164"}],"replies":[{"embeddable":true,"href":"https:\/\/www.webdo.tn\/fr\/wp-json\/wp\/v2\/comments?post=205108"}],"version-history":[{"count":0,"href":"https:\/\/www.webdo.tn\/fr\/wp-json\/wp\/v2\/posts\/205108\/revisions"}],"wp:featuredmedia":[{"embeddable":true,"href":"https:\/\/www.webdo.tn\/fr\/wp-json\/wp\/v2\/media\/278095"}],"wp:attachment":[{"href":"https:\/\/www.webdo.tn\/fr\/wp-json\/wp\/v2\/media?parent=205108"}],"wp:term":[{"taxonomy":"category","embeddable":true,"href":"https:\/\/www.webdo.tn\/fr\/wp-json\/wp\/v2\/categories?post=205108"},{"taxonomy":"post_tag","embeddable":true,"href":"https:\/\/www.webdo.tn\/fr\/wp-json\/wp\/v2\/tags?post=205108"}],"curies":[{"name":"wp","href":"https:\/\/api.w.org\/{rel}","templated":true}]}}