{"id":205107,"date":"2023-04-24T11:42:00","date_gmt":"2023-04-24T11:42:00","guid":{"rendered":"https:\/\/www.webdo.tn\/fr\/blog\/mardi-a-l-ift-d-autres-voix-d-ukraine-et-de-russie-a-tunis\/205107\/"},"modified":"2023-04-24T11:42:00","modified_gmt":"2023-04-24T11:42:00","slug":"mardi-a-l-ift-d-autres-voix-d-ukraine-et-de-russie-a-tunis","status":"publish","type":"post","link":"https:\/\/www.webdo.tn\/fr\/actualite\/divers\/mardi-a-l-ift-d-autres-voix-d-ukraine-et-de-russie-a-tunis\/205107\/","title":{"rendered":"Mardi \u00e0 l&rsquo;IFT : D&rsquo;autres voix d&rsquo;Ukraine et de Russie \u00e0 Tunis"},"content":{"rendered":"<p>L&rsquo;Institut fran\u00e7ais de Tunisie accueille mardi 25 avril \u00e0 18h, une rencontre avec l&rsquo;universitaire Anna Colin Lebedev dans le cadre d&rsquo;un nouveau cycle de d\u00e9bats sur les enjeux g\u00e9opolitiques contemporains.<\/p>\n<p>\t\t\t\t\t\t\t\t\t\u00ab Hiwar\u2019na \u00bb est en effet le nouveau cycle de conf\u00e9rence-d\u00e9bats g\u00e9opolitiques de l\u2019IFT. Afin de d\u00e9velopper une r\u00e9flexion conjointe entre experts tunisiens et francophones sur l\u2019actualit\u00e9 internationale accessibles \u00e0 un public d\u2019\u00e9tudiants, de journalistes et d\u2019intellectuels, ce cycle a vocation \u00e0 proposer une vision originale des grands enjeux g\u00e9opolitiques en ancrant, dans le calendrier m\u00e9diatique, des rencontres mensuelles entre sp\u00e9cialistes aux parcours divers.<\/p>\n<p>Depuis plus d\u2019un an, la guerre en Ukraine soul\u00e8ve des questions fondamentales sur le droit international, sur le r\u00f4le de la force et des jeux de puissance dans le monde. Elle pose \u00e9galement la question de la guerre et de son impact sur les soci\u00e9t\u00e9s et les mentalit\u00e9s en Europe, en Russie et en Ukraine.<\/p>\n<p>Ce premier d\u00e9bat \u00ab Ukraine-Russie, d\u2019autres voix r\u00e9sonnent dans la guerre \u00bb se fera autour de l\u2019enseignante-chercheuse Anna Colin Lebedev, ma\u00eetresse de conf\u00e9rence \u00e0 l\u2019universit\u00e9 de Nanterre, auteure d\u2019un ouvrage remarqu\u00e9 en 2022 sur les soci\u00e9t\u00e9s russe et ukrainienne (Jamais fr\u00e8res ? Ukraine et Russie : une trag\u00e9die post-sovi\u00e9tique) devenue, l\u2019ann\u00e9e derni\u00e8re une commentatrice tr\u00e8s suivie en France sur la guerre en Ukraine. L\u2019id\u00e9e est de d\u00e9velopper aupr\u00e8s du public tunisien un angle de vue diff\u00e9rent sur le conflit, et de cr\u00e9er un d\u00e9bat \u2013sur une crise contemporaine majeure.<\/p>\n<p>Le d\u00e9bat sera introduit par Zyed Krichen (r\u00e9dacteur en chef, Al Maghreb) qui en sera le mod\u00e9rateur et analysera l&rsquo;angle suivant : \u00ab\u00a0La guerre vue de Tunisie : une guerre lointaine ?\u00a0\u00bb<\/p>\n<p>Anna Colin-Lebedev qui est sociologue et professeure des universit\u00e9s \u00e0 Paris Nanterre) traitera de \u00ab\u00a0La guerre en Ukraine vue des peuples russe et ukrainien : des fr\u00e8res ennemis ?\u00a0\u00bb.<\/p>\n<p>Enfin, Ahmed Ounaies (ancien ministre tunisien des affaires \u00e9trang\u00e8res, vice-pr\u00e9sident du Centre tunisien pour les relations internationales) interviendra \u00e0 propos de la perception tunisienne du conflit actuel.<\/p>\n<p>Par ailleurs, dans le cadre de sa venue en Tunisie, Anna Colin Lebedev donnera \u00e9galement une conf\u00e9rence sur le m\u00eame th\u00e8me \u00e0 l\u2019Universit\u00e9 de la Manouba le lundi 24 avril.<\/p>\n","protected":false},"excerpt":{"rendered":"<p>L&rsquo;Institut fran\u00e7ais de Tunisie accueille mardi 25 avril \u00e0 18h, une rencontre avec l&rsquo;universitaire Anna Colin Lebedev dans le cadre d&rsquo;un nouveau cycle de d\u00e9bats&#8230;<\/p>\n","protected":false},"author":3229,"featured_media":251348,"comment_status":"open","ping_status":"closed","sticky":false,"template":"","format":"standard","meta":{"footnotes":""},"categories":[2839],"tags":[2600,3299,3295],"class_list":["post-205107","post","type-post","status-publish","format-standard","has-post-thumbnail","hentry","category-divers","tag-guerre","tag-russie","tag-ukraine"],"yoast_head":"<!-- This site is optimized with the Yoast SEO Premium plugin v27.5 (Yoast SEO v27.5) - https:\/\/yoast.com\/product\/yoast-seo-premium-wordpress\/ -->\n<title>Mardi \u00e0 l&#039;IFT : D&#039;autres voix d&#039;Ukraine et de Russie \u00e0 Tunis<\/title>\n<meta name=\"description\" content=\"L&#039;Institut fran\u00e7ais de Tunisie accueille mardi 25 avril \u00e0 18h, une rencontre avec l&#039;universitaire Anna Colin Lebedev dans le cadre d&#039;un nouveau cycle de d\u00e9bats...\" \/>\n<link rel=\"canonical\" href=\"https:\/\/www.webdo.tn\/fr\/actualite\/divers\/mardi-a-l-ift-d-autres-voix-d-ukraine-et-de-russie-a-tunis\/205107\/\" \/>\n<meta property=\"og:locale\" content=\"fr_FR\" \/>\n<meta property=\"og:type\" content=\"article\" \/>\n<meta property=\"og:title\" content=\"Mardi \u00e0 l&#039;IFT : D&#039;autres voix d&#039;Ukraine et de Russie \u00e0 Tunis\" \/>\n<meta property=\"og:description\" content=\"L&#039;Institut fran\u00e7ais de Tunisie accueille mardi 25 avril \u00e0 18h, une rencontre avec l&#039;universitaire Anna Colin Lebedev dans le cadre d&#039;un nouveau cycle de d\u00e9bats...\" \/>\n<meta property=\"og:url\" content=\"https:\/\/www.webdo.tn\/fr\/actualite\/divers\/mardi-a-l-ift-d-autres-voix-d-ukraine-et-de-russie-a-tunis\/205107\/\" \/>\n<meta property=\"og:site_name\" content=\"webdo\" \/>\n<meta property=\"article:publisher\" content=\"https:\/\/www.facebook.com\/webdotn\" \/>\n<meta property=\"article:author\" content=\"https:\/\/www.facebook.com\/hatem.bourial.2025\" \/>\n<meta property=\"article:published_time\" content=\"2023-04-24T11:42:00+00:00\" \/>\n<meta property=\"og:image\" content=\"https:\/\/www.webdo.tn\/fr\/wp-content\/uploads\/2023\/04\/ac68a4f7818d5cfdbd8c0c0f45754105.jpg\" \/>\n\t<meta property=\"og:image:width\" content=\"750\" \/>\n\t<meta property=\"og:image:height\" content=\"400\" \/>\n\t<meta property=\"og:image:type\" content=\"image\/jpeg\" \/>\n<meta name=\"author\" content=\"Hatem Bourial\" \/>\n<meta name=\"twitter:card\" content=\"summary_large_image\" \/>\n<meta name=\"twitter:creator\" content=\"@webdo_tn\" \/>\n<meta name=\"twitter:site\" content=\"@webdo_tn\" \/>\n<meta name=\"twitter:label1\" content=\"\u00c9crit par\" \/>\n\t<meta name=\"twitter:data1\" content=\"Hatem Bourial\" \/>\n\t<meta name=\"twitter:label2\" content=\"Dur\u00e9e de lecture estim\u00e9e\" \/>\n\t<meta name=\"twitter:data2\" content=\"2 minutes\" \/>\n<script type=\"application\/ld+json\" class=\"yoast-schema-graph\">{\"@context\":\"https:\\\/\\\/schema.org\",\"@graph\":[{\"@type\":\"NewsArticle\",\"@id\":\"https:\\\/\\\/www.webdo.tn\\\/fr\\\/actualite\\\/divers\\\/mardi-a-l-ift-d-autres-voix-d-ukraine-et-de-russie-a-tunis\\\/205107\\\/#article\",\"isPartOf\":{\"@id\":\"https:\\\/\\\/www.webdo.tn\\\/fr\\\/actualite\\\/divers\\\/mardi-a-l-ift-d-autres-voix-d-ukraine-et-de-russie-a-tunis\\\/205107\\\/\"},\"author\":{\"name\":\"Hatem Bourial\",\"@id\":\"https:\\\/\\\/www.webdo.tn\\\/fr\\\/#\\\/schema\\\/person\\\/6bc0beba2cd23aec27cb5df85ca2554f\"},\"headline\":\"Mardi \u00e0 l&rsquo;IFT : D&rsquo;autres voix d&rsquo;Ukraine et de Russie \u00e0 Tunis\",\"datePublished\":\"2023-04-24T11:42:00+00:00\",\"mainEntityOfPage\":{\"@id\":\"https:\\\/\\\/www.webdo.tn\\\/fr\\\/actualite\\\/divers\\\/mardi-a-l-ift-d-autres-voix-d-ukraine-et-de-russie-a-tunis\\\/205107\\\/\"},\"wordCount\":408,\"commentCount\":0,\"publisher\":{\"@id\":\"https:\\\/\\\/www.webdo.tn\\\/fr\\\/#organization\"},\"image\":{\"@id\":\"https:\\\/\\\/www.webdo.tn\\\/fr\\\/actualite\\\/divers\\\/mardi-a-l-ift-d-autres-voix-d-ukraine-et-de-russie-a-tunis\\\/205107\\\/#primaryimage\"},\"thumbnailUrl\":\"https:\\\/\\\/www.webdo.tn\\\/fr\\\/wp-content\\\/uploads\\\/2023\\\/04\\\/ac68a4f7818d5cfdbd8c0c0f45754105.jpg\",\"keywords\":[\"guerre\",\"Russie\",\"Ukraine\"],\"articleSection\":[\"Divers\"],\"inLanguage\":\"fr-FR\"},{\"@type\":\"WebPage\",\"@id\":\"https:\\\/\\\/www.webdo.tn\\\/fr\\\/actualite\\\/divers\\\/mardi-a-l-ift-d-autres-voix-d-ukraine-et-de-russie-a-tunis\\\/205107\\\/\",\"url\":\"https:\\\/\\\/www.webdo.tn\\\/fr\\\/actualite\\\/divers\\\/mardi-a-l-ift-d-autres-voix-d-ukraine-et-de-russie-a-tunis\\\/205107\\\/\",\"name\":\"Mardi \u00e0 l'IFT : D'autres voix d'Ukraine et de Russie \u00e0 Tunis\",\"isPartOf\":{\"@id\":\"https:\\\/\\\/www.webdo.tn\\\/fr\\\/#website\"},\"primaryImageOfPage\":{\"@id\":\"https:\\\/\\\/www.webdo.tn\\\/fr\\\/actualite\\\/divers\\\/mardi-a-l-ift-d-autres-voix-d-ukraine-et-de-russie-a-tunis\\\/205107\\\/#primaryimage\"},\"image\":{\"@id\":\"https:\\\/\\\/www.webdo.tn\\\/fr\\\/actualite\\\/divers\\\/mardi-a-l-ift-d-autres-voix-d-ukraine-et-de-russie-a-tunis\\\/205107\\\/#primaryimage\"},\"thumbnailUrl\":\"https:\\\/\\\/www.webdo.tn\\\/fr\\\/wp-content\\\/uploads\\\/2023\\\/04\\\/ac68a4f7818d5cfdbd8c0c0f45754105.jpg\",\"datePublished\":\"2023-04-24T11:42:00+00:00\",\"description\":\"L'Institut fran\u00e7ais de Tunisie accueille mardi 25 avril \u00e0 18h, une rencontre avec l'universitaire Anna Colin Lebedev dans le cadre d'un nouveau cycle de d\u00e9bats...\",\"breadcrumb\":{\"@id\":\"https:\\\/\\\/www.webdo.tn\\\/fr\\\/actualite\\\/divers\\\/mardi-a-l-ift-d-autres-voix-d-ukraine-et-de-russie-a-tunis\\\/205107\\\/#breadcrumb\"},\"inLanguage\":\"fr-FR\",\"potentialAction\":[{\"@type\":\"ReadAction\",\"target\":[\"https:\\\/\\\/www.webdo.tn\\\/fr\\\/actualite\\\/divers\\\/mardi-a-l-ift-d-autres-voix-d-ukraine-et-de-russie-a-tunis\\\/205107\\\/\"]}]},{\"@type\":\"ImageObject\",\"inLanguage\":\"fr-FR\",\"@id\":\"https:\\\/\\\/www.webdo.tn\\\/fr\\\/actualite\\\/divers\\\/mardi-a-l-ift-d-autres-voix-d-ukraine-et-de-russie-a-tunis\\\/205107\\\/#primaryimage\",\"url\":\"https:\\\/\\\/www.webdo.tn\\\/fr\\\/wp-content\\\/uploads\\\/2023\\\/04\\\/ac68a4f7818d5cfdbd8c0c0f45754105.jpg\",\"contentUrl\":\"https:\\\/\\\/www.webdo.tn\\\/fr\\\/wp-content\\\/uploads\\\/2023\\\/04\\\/ac68a4f7818d5cfdbd8c0c0f45754105.jpg\",\"width\":750,\"height\":400,\"caption\":\"Anna Colin-Lebedev\"},{\"@type\":\"BreadcrumbList\",\"@id\":\"https:\\\/\\\/www.webdo.tn\\\/fr\\\/actualite\\\/divers\\\/mardi-a-l-ift-d-autres-voix-d-ukraine-et-de-russie-a-tunis\\\/205107\\\/#breadcrumb\",\"itemListElement\":[{\"@type\":\"ListItem\",\"position\":1,\"name\":\"Accueil\",\"item\":\"https:\\\/\\\/www.webdo.tn\\\/fr\\\/\"},{\"@type\":\"ListItem\",\"position\":2,\"name\":\"Mardi \u00e0 l&rsquo;IFT : D&rsquo;autres voix d&rsquo;Ukraine et de Russie \u00e0 Tunis\"}]},{\"@type\":\"WebSite\",\"@id\":\"https:\\\/\\\/www.webdo.tn\\\/fr\\\/#website\",\"url\":\"https:\\\/\\\/www.webdo.tn\\\/fr\\\/\",\"name\":\"webdo\",\"description\":\"Tunisie - News en Tunisie et \u00e0 l&#039;international sur Webdo.tn\",\"publisher\":{\"@id\":\"https:\\\/\\\/www.webdo.tn\\\/fr\\\/#organization\"},\"potentialAction\":[{\"@type\":\"SearchAction\",\"target\":{\"@type\":\"EntryPoint\",\"urlTemplate\":\"https:\\\/\\\/www.webdo.tn\\\/fr\\\/?s={search_term_string}\"},\"query-input\":{\"@type\":\"PropertyValueSpecification\",\"valueRequired\":true,\"valueName\":\"search_term_string\"}}],\"inLanguage\":\"fr-FR\"},{\"@type\":\"Organization\",\"@id\":\"https:\\\/\\\/www.webdo.tn\\\/fr\\\/#organization\",\"name\":\"Webdo\",\"alternateName\":\"Webdo.tn\",\"url\":\"https:\\\/\\\/www.webdo.tn\\\/fr\\\/\",\"logo\":{\"@type\":\"ImageObject\",\"inLanguage\":\"fr-FR\",\"@id\":\"https:\\\/\\\/www.webdo.tn\\\/fr\\\/#\\\/schema\\\/logo\\\/image\\\/\",\"url\":\"https:\\\/\\\/www.webdo.tn\\\/fr\\\/wp-content\\\/uploads\\\/2025\\\/06\\\/Webdo-Tunisie_168377.jpg\",\"contentUrl\":\"https:\\\/\\\/www.webdo.tn\\\/fr\\\/wp-content\\\/uploads\\\/2025\\\/06\\\/Webdo-Tunisie_168377.jpg\",\"width\":301,\"height\":301,\"caption\":\"Webdo\"},\"image\":{\"@id\":\"https:\\\/\\\/www.webdo.tn\\\/fr\\\/#\\\/schema\\\/logo\\\/image\\\/\"},\"sameAs\":[\"https:\\\/\\\/www.facebook.com\\\/webdotn\",\"https:\\\/\\\/x.com\\\/webdo_tn\"],\"description\":\"Webdo est un m\u00e9dia num\u00e9rique tunisien fond\u00e9 en 2010, sp\u00e9cialis\u00e9 dans l\u2019actualit\u00e9 nationale et internationale, l\u2019\u00e9conomie, la soci\u00e9t\u00e9 et les analyses politiques. Le site s\u2019adresse \u00e0 un large public francophone et couvre l\u2019information tunisienne en temps r\u00e9el.\",\"email\":\"redac@webdo.tn\",\"legalName\":\"YNJ SARL\",\"foundingDate\":\"2010-09-06\",\"numberOfEmployees\":{\"@type\":\"QuantitativeValue\",\"minValue\":\"11\",\"maxValue\":\"50\"}},{\"@type\":\"Person\",\"@id\":\"https:\\\/\\\/www.webdo.tn\\\/fr\\\/#\\\/schema\\\/person\\\/6bc0beba2cd23aec27cb5df85ca2554f\",\"name\":\"Hatem Bourial\",\"image\":{\"@type\":\"ImageObject\",\"inLanguage\":\"fr-FR\",\"@id\":\"https:\\\/\\\/www.webdo.tn\\\/fr\\\/wp-content\\\/uploads\\\/2026\\\/04\\\/hatem-bourial_avatar-96x96.jpg\",\"url\":\"https:\\\/\\\/www.webdo.tn\\\/fr\\\/wp-content\\\/uploads\\\/2026\\\/04\\\/hatem-bourial_avatar-96x96.jpg\",\"contentUrl\":\"https:\\\/\\\/www.webdo.tn\\\/fr\\\/wp-content\\\/uploads\\\/2026\\\/04\\\/hatem-bourial_avatar-96x96.jpg\",\"caption\":\"Hatem Bourial\"},\"description\":\"Hatem Bourial est journaliste, \u00e9crivain et chroniqueur tunisien. Actif depuis plusieurs d\u00e9cennies, il s\u2019est impos\u00e9 comme un observateur attentif de la soci\u00e9t\u00e9 tunisienne, m\u00ealant dans ses \u00e9crits m\u00e9moire, culture et analyse du quotidien. Auteur de nombreux ouvrages, il d\u00e9veloppe une \u0153uvre \u00e0 la crois\u00e9e du r\u00e9cit, de la po\u00e9sie et de l\u2019observation sociologique. Parall\u00e8lement \u00e0 ses contributions dans la presse, il intervient r\u00e9guli\u00e8rement \u00e0 la radio et dans des espaces culturels, o\u00f9 il explore les enjeux li\u00e9s au patrimoine, \u00e0 l\u2019identit\u00e9 et aux transformations du monde contemporain. \u00c0 travers ses chroniques, Hatem Bourial propose une lecture sensible et approfondie de l\u2019actualit\u00e9, nourrie par une exp\u00e9rience journalistique et litt\u00e9raire reconnue. \ud83d\udd17 Facebook : https:\\\/\\\/www.facebook.com\\\/hatem.bourial.2025\",\"sameAs\":[\"https:\\\/\\\/www.facebook.com\\\/hatem.bourial.2025\",\"https:\\\/\\\/fr.wikipedia.org\\\/wiki\\\/Fichier:Hatem_Bourial.jpg\"],\"knowsAbout\":[\"Culture & patrimoine tunisien\",\"Chronique soci\u00e9tale\",\"Litt\u00e9rature & m\u00e9moire\",\"Cin\u00e9ma & critique culturelle\",\"Identit\u00e9 & mutations sociales\"],\"knowsLanguage\":[\"Arabe\",\"Fran\u00e7ais\",\"Anglais\",\"Italien\",\"Polonais\"],\"jobTitle\":\"Journaliste, \u00e9crivain et chroniqueur culturel\",\"worksFor\":\"Webdo\",\"url\":\"https:\\\/\\\/www.webdo.tn\\\/fr\\\/actualite\\\/author\\\/hatem-bourial-2\\\/\"}]}<\/script>\n<!-- \/ Yoast SEO Premium plugin. -->","yoast_head_json":{"title":"Mardi \u00e0 l'IFT : D'autres voix d'Ukraine et de Russie \u00e0 Tunis","description":"L'Institut fran\u00e7ais de Tunisie accueille mardi 25 avril \u00e0 18h, une rencontre avec l'universitaire Anna Colin Lebedev dans le cadre d'un nouveau cycle de d\u00e9bats...","canonical":"https:\/\/www.webdo.tn\/fr\/actualite\/divers\/mardi-a-l-ift-d-autres-voix-d-ukraine-et-de-russie-a-tunis\/205107\/","og_locale":"fr_FR","og_type":"article","og_title":"Mardi \u00e0 l'IFT : D'autres voix d'Ukraine et de Russie \u00e0 Tunis","og_description":"L'Institut fran\u00e7ais de Tunisie accueille mardi 25 avril \u00e0 18h, une rencontre avec l'universitaire Anna Colin Lebedev dans le cadre d'un nouveau cycle de d\u00e9bats...","og_url":"https:\/\/www.webdo.tn\/fr\/actualite\/divers\/mardi-a-l-ift-d-autres-voix-d-ukraine-et-de-russie-a-tunis\/205107\/","og_site_name":"webdo","article_publisher":"https:\/\/www.facebook.com\/webdotn","article_author":"https:\/\/www.facebook.com\/hatem.bourial.2025","article_published_time":"2023-04-24T11:42:00+00:00","og_image":[{"width":750,"height":400,"url":"https:\/\/www.webdo.tn\/fr\/wp-content\/uploads\/2023\/04\/ac68a4f7818d5cfdbd8c0c0f45754105.jpg","type":"image\/jpeg"}],"author":"Hatem Bourial","twitter_card":"summary_large_image","twitter_creator":"@webdo_tn","twitter_site":"@webdo_tn","twitter_misc":{"\u00c9crit par":"Hatem Bourial","Dur\u00e9e de lecture estim\u00e9e":"2 minutes"},"schema":{"@context":"https:\/\/schema.org","@graph":[{"@type":"NewsArticle","@id":"https:\/\/www.webdo.tn\/fr\/actualite\/divers\/mardi-a-l-ift-d-autres-voix-d-ukraine-et-de-russie-a-tunis\/205107\/#article","isPartOf":{"@id":"https:\/\/www.webdo.tn\/fr\/actualite\/divers\/mardi-a-l-ift-d-autres-voix-d-ukraine-et-de-russie-a-tunis\/205107\/"},"author":{"name":"Hatem Bourial","@id":"https:\/\/www.webdo.tn\/fr\/#\/schema\/person\/6bc0beba2cd23aec27cb5df85ca2554f"},"headline":"Mardi \u00e0 l&rsquo;IFT : D&rsquo;autres voix d&rsquo;Ukraine et de Russie \u00e0 Tunis","datePublished":"2023-04-24T11:42:00+00:00","mainEntityOfPage":{"@id":"https:\/\/www.webdo.tn\/fr\/actualite\/divers\/mardi-a-l-ift-d-autres-voix-d-ukraine-et-de-russie-a-tunis\/205107\/"},"wordCount":408,"commentCount":0,"publisher":{"@id":"https:\/\/www.webdo.tn\/fr\/#organization"},"image":{"@id":"https:\/\/www.webdo.tn\/fr\/actualite\/divers\/mardi-a-l-ift-d-autres-voix-d-ukraine-et-de-russie-a-tunis\/205107\/#primaryimage"},"thumbnailUrl":"https:\/\/www.webdo.tn\/fr\/wp-content\/uploads\/2023\/04\/ac68a4f7818d5cfdbd8c0c0f45754105.jpg","keywords":["guerre","Russie","Ukraine"],"articleSection":["Divers"],"inLanguage":"fr-FR"},{"@type":"WebPage","@id":"https:\/\/www.webdo.tn\/fr\/actualite\/divers\/mardi-a-l-ift-d-autres-voix-d-ukraine-et-de-russie-a-tunis\/205107\/","url":"https:\/\/www.webdo.tn\/fr\/actualite\/divers\/mardi-a-l-ift-d-autres-voix-d-ukraine-et-de-russie-a-tunis\/205107\/","name":"Mardi \u00e0 l'IFT : D'autres voix d'Ukraine et de Russie \u00e0 Tunis","isPartOf":{"@id":"https:\/\/www.webdo.tn\/fr\/#website"},"primaryImageOfPage":{"@id":"https:\/\/www.webdo.tn\/fr\/actualite\/divers\/mardi-a-l-ift-d-autres-voix-d-ukraine-et-de-russie-a-tunis\/205107\/#primaryimage"},"image":{"@id":"https:\/\/www.webdo.tn\/fr\/actualite\/divers\/mardi-a-l-ift-d-autres-voix-d-ukraine-et-de-russie-a-tunis\/205107\/#primaryimage"},"thumbnailUrl":"https:\/\/www.webdo.tn\/fr\/wp-content\/uploads\/2023\/04\/ac68a4f7818d5cfdbd8c0c0f45754105.jpg","datePublished":"2023-04-24T11:42:00+00:00","description":"L'Institut fran\u00e7ais de Tunisie accueille mardi 25 avril \u00e0 18h, une rencontre avec l'universitaire Anna Colin Lebedev dans le cadre d'un nouveau cycle de d\u00e9bats...","breadcrumb":{"@id":"https:\/\/www.webdo.tn\/fr\/actualite\/divers\/mardi-a-l-ift-d-autres-voix-d-ukraine-et-de-russie-a-tunis\/205107\/#breadcrumb"},"inLanguage":"fr-FR","potentialAction":[{"@type":"ReadAction","target":["https:\/\/www.webdo.tn\/fr\/actualite\/divers\/mardi-a-l-ift-d-autres-voix-d-ukraine-et-de-russie-a-tunis\/205107\/"]}]},{"@type":"ImageObject","inLanguage":"fr-FR","@id":"https:\/\/www.webdo.tn\/fr\/actualite\/divers\/mardi-a-l-ift-d-autres-voix-d-ukraine-et-de-russie-a-tunis\/205107\/#primaryimage","url":"https:\/\/www.webdo.tn\/fr\/wp-content\/uploads\/2023\/04\/ac68a4f7818d5cfdbd8c0c0f45754105.jpg","contentUrl":"https:\/\/www.webdo.tn\/fr\/wp-content\/uploads\/2023\/04\/ac68a4f7818d5cfdbd8c0c0f45754105.jpg","width":750,"height":400,"caption":"Anna Colin-Lebedev"},{"@type":"BreadcrumbList","@id":"https:\/\/www.webdo.tn\/fr\/actualite\/divers\/mardi-a-l-ift-d-autres-voix-d-ukraine-et-de-russie-a-tunis\/205107\/#breadcrumb","itemListElement":[{"@type":"ListItem","position":1,"name":"Accueil","item":"https:\/\/www.webdo.tn\/fr\/"},{"@type":"ListItem","position":2,"name":"Mardi \u00e0 l&rsquo;IFT : D&rsquo;autres voix d&rsquo;Ukraine et de Russie \u00e0 Tunis"}]},{"@type":"WebSite","@id":"https:\/\/www.webdo.tn\/fr\/#website","url":"https:\/\/www.webdo.tn\/fr\/","name":"webdo","description":"Tunisie - News en Tunisie et \u00e0 l&#039;international sur Webdo.tn","publisher":{"@id":"https:\/\/www.webdo.tn\/fr\/#organization"},"potentialAction":[{"@type":"SearchAction","target":{"@type":"EntryPoint","urlTemplate":"https:\/\/www.webdo.tn\/fr\/?s={search_term_string}"},"query-input":{"@type":"PropertyValueSpecification","valueRequired":true,"valueName":"search_term_string"}}],"inLanguage":"fr-FR"},{"@type":"Organization","@id":"https:\/\/www.webdo.tn\/fr\/#organization","name":"Webdo","alternateName":"Webdo.tn","url":"https:\/\/www.webdo.tn\/fr\/","logo":{"@type":"ImageObject","inLanguage":"fr-FR","@id":"https:\/\/www.webdo.tn\/fr\/#\/schema\/logo\/image\/","url":"https:\/\/www.webdo.tn\/fr\/wp-content\/uploads\/2025\/06\/Webdo-Tunisie_168377.jpg","contentUrl":"https:\/\/www.webdo.tn\/fr\/wp-content\/uploads\/2025\/06\/Webdo-Tunisie_168377.jpg","width":301,"height":301,"caption":"Webdo"},"image":{"@id":"https:\/\/www.webdo.tn\/fr\/#\/schema\/logo\/image\/"},"sameAs":["https:\/\/www.facebook.com\/webdotn","https:\/\/x.com\/webdo_tn"],"description":"Webdo est un m\u00e9dia num\u00e9rique tunisien fond\u00e9 en 2010, sp\u00e9cialis\u00e9 dans l\u2019actualit\u00e9 nationale et internationale, l\u2019\u00e9conomie, la soci\u00e9t\u00e9 et les analyses politiques. Le site s\u2019adresse \u00e0 un large public francophone et couvre l\u2019information tunisienne en temps r\u00e9el.","email":"redac@webdo.tn","legalName":"YNJ SARL","foundingDate":"2010-09-06","numberOfEmployees":{"@type":"QuantitativeValue","minValue":"11","maxValue":"50"}},{"@type":"Person","@id":"https:\/\/www.webdo.tn\/fr\/#\/schema\/person\/6bc0beba2cd23aec27cb5df85ca2554f","name":"Hatem Bourial","image":{"@type":"ImageObject","inLanguage":"fr-FR","@id":"https:\/\/www.webdo.tn\/fr\/wp-content\/uploads\/2026\/04\/hatem-bourial_avatar-96x96.jpg","url":"https:\/\/www.webdo.tn\/fr\/wp-content\/uploads\/2026\/04\/hatem-bourial_avatar-96x96.jpg","contentUrl":"https:\/\/www.webdo.tn\/fr\/wp-content\/uploads\/2026\/04\/hatem-bourial_avatar-96x96.jpg","caption":"Hatem Bourial"},"description":"Hatem Bourial est journaliste, \u00e9crivain et chroniqueur tunisien. Actif depuis plusieurs d\u00e9cennies, il s\u2019est impos\u00e9 comme un observateur attentif de la soci\u00e9t\u00e9 tunisienne, m\u00ealant dans ses \u00e9crits m\u00e9moire, culture et analyse du quotidien. Auteur de nombreux ouvrages, il d\u00e9veloppe une \u0153uvre \u00e0 la crois\u00e9e du r\u00e9cit, de la po\u00e9sie et de l\u2019observation sociologique. Parall\u00e8lement \u00e0 ses contributions dans la presse, il intervient r\u00e9guli\u00e8rement \u00e0 la radio et dans des espaces culturels, o\u00f9 il explore les enjeux li\u00e9s au patrimoine, \u00e0 l\u2019identit\u00e9 et aux transformations du monde contemporain. \u00c0 travers ses chroniques, Hatem Bourial propose une lecture sensible et approfondie de l\u2019actualit\u00e9, nourrie par une exp\u00e9rience journalistique et litt\u00e9raire reconnue. \ud83d\udd17 Facebook : https:\/\/www.facebook.com\/hatem.bourial.2025","sameAs":["https:\/\/www.facebook.com\/hatem.bourial.2025","https:\/\/fr.wikipedia.org\/wiki\/Fichier:Hatem_Bourial.jpg"],"knowsAbout":["Culture & patrimoine tunisien","Chronique soci\u00e9tale","Litt\u00e9rature & m\u00e9moire","Cin\u00e9ma & critique culturelle","Identit\u00e9 & mutations sociales"],"knowsLanguage":["Arabe","Fran\u00e7ais","Anglais","Italien","Polonais"],"jobTitle":"Journaliste, \u00e9crivain et chroniqueur culturel","worksFor":"Webdo","url":"https:\/\/www.webdo.tn\/fr\/actualite\/author\/hatem-bourial-2\/"}]}},"_links":{"self":[{"href":"https:\/\/www.webdo.tn\/fr\/wp-json\/wp\/v2\/posts\/205107","targetHints":{"allow":["GET"]}}],"collection":[{"href":"https:\/\/www.webdo.tn\/fr\/wp-json\/wp\/v2\/posts"}],"about":[{"href":"https:\/\/www.webdo.tn\/fr\/wp-json\/wp\/v2\/types\/post"}],"author":[{"embeddable":true,"href":"https:\/\/www.webdo.tn\/fr\/wp-json\/wp\/v2\/users\/3229"}],"replies":[{"embeddable":true,"href":"https:\/\/www.webdo.tn\/fr\/wp-json\/wp\/v2\/comments?post=205107"}],"version-history":[{"count":0,"href":"https:\/\/www.webdo.tn\/fr\/wp-json\/wp\/v2\/posts\/205107\/revisions"}],"wp:featuredmedia":[{"embeddable":true,"href":"https:\/\/www.webdo.tn\/fr\/wp-json\/wp\/v2\/media\/251348"}],"wp:attachment":[{"href":"https:\/\/www.webdo.tn\/fr\/wp-json\/wp\/v2\/media?parent=205107"}],"wp:term":[{"taxonomy":"category","embeddable":true,"href":"https:\/\/www.webdo.tn\/fr\/wp-json\/wp\/v2\/categories?post=205107"},{"taxonomy":"post_tag","embeddable":true,"href":"https:\/\/www.webdo.tn\/fr\/wp-json\/wp\/v2\/tags?post=205107"}],"curies":[{"name":"wp","href":"https:\/\/api.w.org\/{rel}","templated":true}]}}