{"id":205089,"date":"2023-04-23T11:56:00","date_gmt":"2023-04-23T11:56:00","guid":{"rendered":"https:\/\/www.webdo.tn\/fr\/blog\/tunisie-aucun-changement-des-conditions-d-entree-des-europeens\/205089\/"},"modified":"2025-05-20T22:43:57","modified_gmt":"2025-05-20T22:43:57","slug":"tunisie-aucun-changement-des-conditions-d-entree-des-europeens","status":"publish","type":"post","link":"https:\/\/www.webdo.tn\/fr\/actualite\/national\/tunisie-aucun-changement-des-conditions-d-entree-des-europeens\/205089\/","title":{"rendered":"Tunisie : Aucun changement des conditions d\u2019entr\u00e9e des Europ\u00e9ens"},"content":{"rendered":"<p>Dans un communiqu\u00e9 rendu public ce samedi 22 avril, le minist\u00e8re des Affaires \u00e9trang\u00e8res d\u00e9ment tout changement au niveau des conditions d\u2019entr\u00e9e des ressortissants europ\u00e9ens.<\/p>\n<p>\t\t\t\t\t\t\t\t\t\u00ab Contrairement aux informations infond\u00e9es selon lesquelles de nouvelles conditions d&rsquo;entr\u00e9e en Tunisie seraient impos\u00e9es aux personnes en provenance des pays europ\u00e9ens, les autorit\u00e9s tunisiennes tiennent \u00e0 confirmer qu&rsquo;il n&rsquo;y a eu aucun changement au niveau des conditions d&rsquo;entr\u00e9e en Tunisie ni par voie a\u00e9rienne, ni maritime, ni terrestre, et que les voyageurs arrivant en Tunisie sont accueillis selon les m\u00eames r\u00e8gles et les conditions en vigueur appliqu\u00e9es depuis plusieurs ann\u00e9es, sans aucune proc\u00e9dure nouvelle ou suppl\u00e9mentaire \u00bb, indique le d\u00e9partement.\u00a0<\/p>\n<p>Les autorit\u00e9s tunisiennes continuent de fournir les meilleures conditions pour accueillir les h\u00f4tes de la Tunisie en provenance de tous les pays fr\u00e8res et amis et accordent toutes les facilit\u00e9s n\u00e9cessaires pour leur permettre de passer un s\u00e9jour en toute s\u00e9curit\u00e9, a-t-on \u00e9galement expliqu\u00e9.<\/p>\n","protected":false},"excerpt":{"rendered":"<p>Dans un communiqu\u00e9 rendu public ce samedi 22 avril, le minist\u00e8re des Affaires \u00e9trang\u00e8res d\u00e9ment tout changement au niveau des conditions d\u2019entr\u00e9e des ressortiss&#8230;<\/p>\n","protected":false},"author":3175,"featured_media":251340,"comment_status":"open","ping_status":"closed","sticky":false,"template":"","format":"standard","meta":{"footnotes":""},"categories":[44],"tags":[8521,6717,2608],"class_list":["post-205089","post","type-post","status-publish","format-standard","has-post-thumbnail","hentry","category-national","tag-conditions-dentree","tag-europeens","tag-tunisie"],"yoast_head":"<!-- This site is optimized with the Yoast SEO Premium plugin v27.4 (Yoast SEO v27.4) - https:\/\/yoast.com\/product\/yoast-seo-premium-wordpress\/ -->\n<title>Tunisie : Aucun changement des conditions d\u2019entr\u00e9e des Europ\u00e9ens<\/title>\n<meta name=\"description\" content=\"Dans un communiqu\u00e9 rendu public ce samedi 22 avril, le minist\u00e8re des Affaires \u00e9trang\u00e8res d\u00e9ment tout changement au niveau des conditions d\u2019entr\u00e9e des ressortiss...\" \/>\n<link rel=\"canonical\" href=\"https:\/\/www.webdo.tn\/fr\/actualite\/national\/tunisie-aucun-changement-des-conditions-d-entree-des-europeens\/205089\/\" \/>\n<meta property=\"og:locale\" content=\"fr_FR\" \/>\n<meta property=\"og:type\" content=\"article\" \/>\n<meta property=\"og:title\" content=\"Tunisie : Aucun changement des conditions d\u2019entr\u00e9e des Europ\u00e9ens\" \/>\n<meta property=\"og:description\" content=\"Dans un communiqu\u00e9 rendu public ce samedi 22 avril, le minist\u00e8re des Affaires \u00e9trang\u00e8res d\u00e9ment tout changement au niveau des conditions d\u2019entr\u00e9e des ressortiss...\" \/>\n<meta property=\"og:url\" content=\"https:\/\/www.webdo.tn\/fr\/actualite\/national\/tunisie-aucun-changement-des-conditions-d-entree-des-europeens\/205089\/\" \/>\n<meta property=\"og:site_name\" content=\"webdo\" \/>\n<meta property=\"article:publisher\" content=\"https:\/\/www.facebook.com\/webdotn\" \/>\n<meta property=\"article:published_time\" content=\"2023-04-23T11:56:00+00:00\" \/>\n<meta property=\"article:modified_time\" content=\"2025-05-20T22:43:57+00:00\" \/>\n<meta property=\"og:image\" content=\"https:\/\/www.webdo.tn\/fr\/wp-content\/uploads\/2023\/04\/b0a402323c448270d3ec8887f681bff5.jpg\" \/>\n\t<meta property=\"og:image:width\" content=\"673\" \/>\n\t<meta property=\"og:image:height\" content=\"359\" \/>\n\t<meta property=\"og:image:type\" content=\"image\/jpeg\" \/>\n<meta name=\"author\" content=\"CL\" \/>\n<meta name=\"twitter:card\" content=\"summary_large_image\" \/>\n<meta name=\"twitter:creator\" content=\"@webdo_tn\" \/>\n<meta name=\"twitter:site\" content=\"@webdo_tn\" \/>\n<meta name=\"twitter:label1\" content=\"\u00c9crit par\" \/>\n\t<meta name=\"twitter:data1\" content=\"CL\" \/>\n\t<meta name=\"twitter:label2\" content=\"Dur\u00e9e de lecture estim\u00e9e\" \/>\n\t<meta name=\"twitter:data2\" content=\"1 minute\" \/>\n<script type=\"application\/ld+json\" class=\"yoast-schema-graph\">{\"@context\":\"https:\\\/\\\/schema.org\",\"@graph\":[{\"@type\":\"NewsArticle\",\"@id\":\"https:\\\/\\\/www.webdo.tn\\\/fr\\\/actualite\\\/national\\\/tunisie-aucun-changement-des-conditions-d-entree-des-europeens\\\/205089\\\/#article\",\"isPartOf\":{\"@id\":\"https:\\\/\\\/www.webdo.tn\\\/fr\\\/actualite\\\/national\\\/tunisie-aucun-changement-des-conditions-d-entree-des-europeens\\\/205089\\\/\"},\"author\":{\"name\":\"CL\",\"@id\":\"https:\\\/\\\/www.webdo.tn\\\/fr\\\/#\\\/schema\\\/person\\\/f35b42a42c5e2511bbd282959d6385cc\"},\"headline\":\"Tunisie : Aucun changement des conditions d\u2019entr\u00e9e des Europ\u00e9ens\",\"datePublished\":\"2023-04-23T11:56:00+00:00\",\"dateModified\":\"2025-05-20T22:43:57+00:00\",\"mainEntityOfPage\":{\"@id\":\"https:\\\/\\\/www.webdo.tn\\\/fr\\\/actualite\\\/national\\\/tunisie-aucun-changement-des-conditions-d-entree-des-europeens\\\/205089\\\/\"},\"wordCount\":188,\"commentCount\":0,\"publisher\":{\"@id\":\"https:\\\/\\\/www.webdo.tn\\\/fr\\\/#organization\"},\"image\":{\"@id\":\"https:\\\/\\\/www.webdo.tn\\\/fr\\\/actualite\\\/national\\\/tunisie-aucun-changement-des-conditions-d-entree-des-europeens\\\/205089\\\/#primaryimage\"},\"thumbnailUrl\":\"https:\\\/\\\/www.webdo.tn\\\/fr\\\/wp-content\\\/uploads\\\/2023\\\/04\\\/b0a402323c448270d3ec8887f681bff5.jpg\",\"keywords\":[\"Conditions d'entr\u00e9e\",\"Europ\u00e9ens\",\"Tunisie\"],\"articleSection\":[\"National\"],\"inLanguage\":\"fr-FR\"},{\"@type\":\"WebPage\",\"@id\":\"https:\\\/\\\/www.webdo.tn\\\/fr\\\/actualite\\\/national\\\/tunisie-aucun-changement-des-conditions-d-entree-des-europeens\\\/205089\\\/\",\"url\":\"https:\\\/\\\/www.webdo.tn\\\/fr\\\/actualite\\\/national\\\/tunisie-aucun-changement-des-conditions-d-entree-des-europeens\\\/205089\\\/\",\"name\":\"Tunisie : Aucun changement des conditions d\u2019entr\u00e9e des Europ\u00e9ens\",\"isPartOf\":{\"@id\":\"https:\\\/\\\/www.webdo.tn\\\/fr\\\/#website\"},\"primaryImageOfPage\":{\"@id\":\"https:\\\/\\\/www.webdo.tn\\\/fr\\\/actualite\\\/national\\\/tunisie-aucun-changement-des-conditions-d-entree-des-europeens\\\/205089\\\/#primaryimage\"},\"image\":{\"@id\":\"https:\\\/\\\/www.webdo.tn\\\/fr\\\/actualite\\\/national\\\/tunisie-aucun-changement-des-conditions-d-entree-des-europeens\\\/205089\\\/#primaryimage\"},\"thumbnailUrl\":\"https:\\\/\\\/www.webdo.tn\\\/fr\\\/wp-content\\\/uploads\\\/2023\\\/04\\\/b0a402323c448270d3ec8887f681bff5.jpg\",\"datePublished\":\"2023-04-23T11:56:00+00:00\",\"dateModified\":\"2025-05-20T22:43:57+00:00\",\"description\":\"Dans un communiqu\u00e9 rendu public ce samedi 22 avril, le minist\u00e8re des Affaires \u00e9trang\u00e8res d\u00e9ment tout changement au niveau des conditions d\u2019entr\u00e9e des ressortiss...\",\"breadcrumb\":{\"@id\":\"https:\\\/\\\/www.webdo.tn\\\/fr\\\/actualite\\\/national\\\/tunisie-aucun-changement-des-conditions-d-entree-des-europeens\\\/205089\\\/#breadcrumb\"},\"inLanguage\":\"fr-FR\",\"potentialAction\":[{\"@type\":\"ReadAction\",\"target\":[\"https:\\\/\\\/www.webdo.tn\\\/fr\\\/actualite\\\/national\\\/tunisie-aucun-changement-des-conditions-d-entree-des-europeens\\\/205089\\\/\"]}]},{\"@type\":\"ImageObject\",\"inLanguage\":\"fr-FR\",\"@id\":\"https:\\\/\\\/www.webdo.tn\\\/fr\\\/actualite\\\/national\\\/tunisie-aucun-changement-des-conditions-d-entree-des-europeens\\\/205089\\\/#primaryimage\",\"url\":\"https:\\\/\\\/www.webdo.tn\\\/fr\\\/wp-content\\\/uploads\\\/2023\\\/04\\\/b0a402323c448270d3ec8887f681bff5.jpg\",\"contentUrl\":\"https:\\\/\\\/www.webdo.tn\\\/fr\\\/wp-content\\\/uploads\\\/2023\\\/04\\\/b0a402323c448270d3ec8887f681bff5.jpg\",\"width\":673,\"height\":359,\"caption\":\"MAE\"},{\"@type\":\"BreadcrumbList\",\"@id\":\"https:\\\/\\\/www.webdo.tn\\\/fr\\\/actualite\\\/national\\\/tunisie-aucun-changement-des-conditions-d-entree-des-europeens\\\/205089\\\/#breadcrumb\",\"itemListElement\":[{\"@type\":\"ListItem\",\"position\":1,\"name\":\"Accueil\",\"item\":\"https:\\\/\\\/www.webdo.tn\\\/fr\\\/\"},{\"@type\":\"ListItem\",\"position\":2,\"name\":\"Tunisie : Aucun changement des conditions d\u2019entr\u00e9e des Europ\u00e9ens\"}]},{\"@type\":\"WebSite\",\"@id\":\"https:\\\/\\\/www.webdo.tn\\\/fr\\\/#website\",\"url\":\"https:\\\/\\\/www.webdo.tn\\\/fr\\\/\",\"name\":\"webdo\",\"description\":\"Tunisie - News en Tunisie et \u00e0 l&#039;international sur Webdo.tn\",\"publisher\":{\"@id\":\"https:\\\/\\\/www.webdo.tn\\\/fr\\\/#organization\"},\"potentialAction\":[{\"@type\":\"SearchAction\",\"target\":{\"@type\":\"EntryPoint\",\"urlTemplate\":\"https:\\\/\\\/www.webdo.tn\\\/fr\\\/?s={search_term_string}\"},\"query-input\":{\"@type\":\"PropertyValueSpecification\",\"valueRequired\":true,\"valueName\":\"search_term_string\"}}],\"inLanguage\":\"fr-FR\"},{\"@type\":\"Organization\",\"@id\":\"https:\\\/\\\/www.webdo.tn\\\/fr\\\/#organization\",\"name\":\"Webdo\",\"alternateName\":\"Webdo.tn\",\"url\":\"https:\\\/\\\/www.webdo.tn\\\/fr\\\/\",\"logo\":{\"@type\":\"ImageObject\",\"inLanguage\":\"fr-FR\",\"@id\":\"https:\\\/\\\/www.webdo.tn\\\/fr\\\/#\\\/schema\\\/logo\\\/image\\\/\",\"url\":\"https:\\\/\\\/www.webdo.tn\\\/fr\\\/wp-content\\\/uploads\\\/2025\\\/06\\\/Webdo-Tunisie_168377.jpg\",\"contentUrl\":\"https:\\\/\\\/www.webdo.tn\\\/fr\\\/wp-content\\\/uploads\\\/2025\\\/06\\\/Webdo-Tunisie_168377.jpg\",\"width\":301,\"height\":301,\"caption\":\"Webdo\"},\"image\":{\"@id\":\"https:\\\/\\\/www.webdo.tn\\\/fr\\\/#\\\/schema\\\/logo\\\/image\\\/\"},\"sameAs\":[\"https:\\\/\\\/www.facebook.com\\\/webdotn\",\"https:\\\/\\\/x.com\\\/webdo_tn\"],\"description\":\"Webdo est un m\u00e9dia num\u00e9rique tunisien fond\u00e9 en 2010, sp\u00e9cialis\u00e9 dans l\u2019actualit\u00e9 nationale et internationale, l\u2019\u00e9conomie, la soci\u00e9t\u00e9 et les analyses politiques. Le site s\u2019adresse \u00e0 un large public francophone et couvre l\u2019information tunisienne en temps r\u00e9el.\",\"email\":\"redac@webdo.tn\",\"legalName\":\"YNJ SARL\",\"foundingDate\":\"2010-09-06\",\"numberOfEmployees\":{\"@type\":\"QuantitativeValue\",\"minValue\":\"11\",\"maxValue\":\"50\"}},{\"@type\":\"Person\",\"@id\":\"https:\\\/\\\/www.webdo.tn\\\/fr\\\/#\\\/schema\\\/person\\\/f35b42a42c5e2511bbd282959d6385cc\",\"name\":\"CL\",\"image\":{\"@type\":\"ImageObject\",\"inLanguage\":\"fr-FR\",\"@id\":\"https:\\\/\\\/secure.gravatar.com\\\/avatar\\\/1447a49909b67aa657c488aec6512e1dd6143a480c1ecfee9b5b5cd74eb3b59e?s=96&d=mm&r=g\",\"url\":\"https:\\\/\\\/secure.gravatar.com\\\/avatar\\\/1447a49909b67aa657c488aec6512e1dd6143a480c1ecfee9b5b5cd74eb3b59e?s=96&d=mm&r=g\",\"contentUrl\":\"https:\\\/\\\/secure.gravatar.com\\\/avatar\\\/1447a49909b67aa657c488aec6512e1dd6143a480c1ecfee9b5b5cd74eb3b59e?s=96&d=mm&r=g\",\"caption\":\"CL\"},\"url\":\"https:\\\/\\\/www.webdo.tn\\\/fr\\\/actualite\\\/author\\\/cl\\\/\"}]}<\/script>\n<!-- \/ Yoast SEO Premium plugin. -->","yoast_head_json":{"title":"Tunisie : Aucun changement des conditions d\u2019entr\u00e9e des Europ\u00e9ens","description":"Dans un communiqu\u00e9 rendu public ce samedi 22 avril, le minist\u00e8re des Affaires \u00e9trang\u00e8res d\u00e9ment tout changement au niveau des conditions d\u2019entr\u00e9e des ressortiss...","canonical":"https:\/\/www.webdo.tn\/fr\/actualite\/national\/tunisie-aucun-changement-des-conditions-d-entree-des-europeens\/205089\/","og_locale":"fr_FR","og_type":"article","og_title":"Tunisie : Aucun changement des conditions d\u2019entr\u00e9e des Europ\u00e9ens","og_description":"Dans un communiqu\u00e9 rendu public ce samedi 22 avril, le minist\u00e8re des Affaires \u00e9trang\u00e8res d\u00e9ment tout changement au niveau des conditions d\u2019entr\u00e9e des ressortiss...","og_url":"https:\/\/www.webdo.tn\/fr\/actualite\/national\/tunisie-aucun-changement-des-conditions-d-entree-des-europeens\/205089\/","og_site_name":"webdo","article_publisher":"https:\/\/www.facebook.com\/webdotn","article_published_time":"2023-04-23T11:56:00+00:00","article_modified_time":"2025-05-20T22:43:57+00:00","og_image":[{"width":673,"height":359,"url":"https:\/\/www.webdo.tn\/fr\/wp-content\/uploads\/2023\/04\/b0a402323c448270d3ec8887f681bff5.jpg","type":"image\/jpeg"}],"author":"CL","twitter_card":"summary_large_image","twitter_creator":"@webdo_tn","twitter_site":"@webdo_tn","twitter_misc":{"\u00c9crit par":"CL","Dur\u00e9e de lecture estim\u00e9e":"1 minute"},"schema":{"@context":"https:\/\/schema.org","@graph":[{"@type":"NewsArticle","@id":"https:\/\/www.webdo.tn\/fr\/actualite\/national\/tunisie-aucun-changement-des-conditions-d-entree-des-europeens\/205089\/#article","isPartOf":{"@id":"https:\/\/www.webdo.tn\/fr\/actualite\/national\/tunisie-aucun-changement-des-conditions-d-entree-des-europeens\/205089\/"},"author":{"name":"CL","@id":"https:\/\/www.webdo.tn\/fr\/#\/schema\/person\/f35b42a42c5e2511bbd282959d6385cc"},"headline":"Tunisie : Aucun changement des conditions d\u2019entr\u00e9e des Europ\u00e9ens","datePublished":"2023-04-23T11:56:00+00:00","dateModified":"2025-05-20T22:43:57+00:00","mainEntityOfPage":{"@id":"https:\/\/www.webdo.tn\/fr\/actualite\/national\/tunisie-aucun-changement-des-conditions-d-entree-des-europeens\/205089\/"},"wordCount":188,"commentCount":0,"publisher":{"@id":"https:\/\/www.webdo.tn\/fr\/#organization"},"image":{"@id":"https:\/\/www.webdo.tn\/fr\/actualite\/national\/tunisie-aucun-changement-des-conditions-d-entree-des-europeens\/205089\/#primaryimage"},"thumbnailUrl":"https:\/\/www.webdo.tn\/fr\/wp-content\/uploads\/2023\/04\/b0a402323c448270d3ec8887f681bff5.jpg","keywords":["Conditions d'entr\u00e9e","Europ\u00e9ens","Tunisie"],"articleSection":["National"],"inLanguage":"fr-FR"},{"@type":"WebPage","@id":"https:\/\/www.webdo.tn\/fr\/actualite\/national\/tunisie-aucun-changement-des-conditions-d-entree-des-europeens\/205089\/","url":"https:\/\/www.webdo.tn\/fr\/actualite\/national\/tunisie-aucun-changement-des-conditions-d-entree-des-europeens\/205089\/","name":"Tunisie : Aucun changement des conditions d\u2019entr\u00e9e des Europ\u00e9ens","isPartOf":{"@id":"https:\/\/www.webdo.tn\/fr\/#website"},"primaryImageOfPage":{"@id":"https:\/\/www.webdo.tn\/fr\/actualite\/national\/tunisie-aucun-changement-des-conditions-d-entree-des-europeens\/205089\/#primaryimage"},"image":{"@id":"https:\/\/www.webdo.tn\/fr\/actualite\/national\/tunisie-aucun-changement-des-conditions-d-entree-des-europeens\/205089\/#primaryimage"},"thumbnailUrl":"https:\/\/www.webdo.tn\/fr\/wp-content\/uploads\/2023\/04\/b0a402323c448270d3ec8887f681bff5.jpg","datePublished":"2023-04-23T11:56:00+00:00","dateModified":"2025-05-20T22:43:57+00:00","description":"Dans un communiqu\u00e9 rendu public ce samedi 22 avril, le minist\u00e8re des Affaires \u00e9trang\u00e8res d\u00e9ment tout changement au niveau des conditions d\u2019entr\u00e9e des ressortiss...","breadcrumb":{"@id":"https:\/\/www.webdo.tn\/fr\/actualite\/national\/tunisie-aucun-changement-des-conditions-d-entree-des-europeens\/205089\/#breadcrumb"},"inLanguage":"fr-FR","potentialAction":[{"@type":"ReadAction","target":["https:\/\/www.webdo.tn\/fr\/actualite\/national\/tunisie-aucun-changement-des-conditions-d-entree-des-europeens\/205089\/"]}]},{"@type":"ImageObject","inLanguage":"fr-FR","@id":"https:\/\/www.webdo.tn\/fr\/actualite\/national\/tunisie-aucun-changement-des-conditions-d-entree-des-europeens\/205089\/#primaryimage","url":"https:\/\/www.webdo.tn\/fr\/wp-content\/uploads\/2023\/04\/b0a402323c448270d3ec8887f681bff5.jpg","contentUrl":"https:\/\/www.webdo.tn\/fr\/wp-content\/uploads\/2023\/04\/b0a402323c448270d3ec8887f681bff5.jpg","width":673,"height":359,"caption":"MAE"},{"@type":"BreadcrumbList","@id":"https:\/\/www.webdo.tn\/fr\/actualite\/national\/tunisie-aucun-changement-des-conditions-d-entree-des-europeens\/205089\/#breadcrumb","itemListElement":[{"@type":"ListItem","position":1,"name":"Accueil","item":"https:\/\/www.webdo.tn\/fr\/"},{"@type":"ListItem","position":2,"name":"Tunisie : Aucun changement des conditions d\u2019entr\u00e9e des Europ\u00e9ens"}]},{"@type":"WebSite","@id":"https:\/\/www.webdo.tn\/fr\/#website","url":"https:\/\/www.webdo.tn\/fr\/","name":"webdo","description":"Tunisie - News en Tunisie et \u00e0 l&#039;international sur Webdo.tn","publisher":{"@id":"https:\/\/www.webdo.tn\/fr\/#organization"},"potentialAction":[{"@type":"SearchAction","target":{"@type":"EntryPoint","urlTemplate":"https:\/\/www.webdo.tn\/fr\/?s={search_term_string}"},"query-input":{"@type":"PropertyValueSpecification","valueRequired":true,"valueName":"search_term_string"}}],"inLanguage":"fr-FR"},{"@type":"Organization","@id":"https:\/\/www.webdo.tn\/fr\/#organization","name":"Webdo","alternateName":"Webdo.tn","url":"https:\/\/www.webdo.tn\/fr\/","logo":{"@type":"ImageObject","inLanguage":"fr-FR","@id":"https:\/\/www.webdo.tn\/fr\/#\/schema\/logo\/image\/","url":"https:\/\/www.webdo.tn\/fr\/wp-content\/uploads\/2025\/06\/Webdo-Tunisie_168377.jpg","contentUrl":"https:\/\/www.webdo.tn\/fr\/wp-content\/uploads\/2025\/06\/Webdo-Tunisie_168377.jpg","width":301,"height":301,"caption":"Webdo"},"image":{"@id":"https:\/\/www.webdo.tn\/fr\/#\/schema\/logo\/image\/"},"sameAs":["https:\/\/www.facebook.com\/webdotn","https:\/\/x.com\/webdo_tn"],"description":"Webdo est un m\u00e9dia num\u00e9rique tunisien fond\u00e9 en 2010, sp\u00e9cialis\u00e9 dans l\u2019actualit\u00e9 nationale et internationale, l\u2019\u00e9conomie, la soci\u00e9t\u00e9 et les analyses politiques. Le site s\u2019adresse \u00e0 un large public francophone et couvre l\u2019information tunisienne en temps r\u00e9el.","email":"redac@webdo.tn","legalName":"YNJ SARL","foundingDate":"2010-09-06","numberOfEmployees":{"@type":"QuantitativeValue","minValue":"11","maxValue":"50"}},{"@type":"Person","@id":"https:\/\/www.webdo.tn\/fr\/#\/schema\/person\/f35b42a42c5e2511bbd282959d6385cc","name":"CL","image":{"@type":"ImageObject","inLanguage":"fr-FR","@id":"https:\/\/secure.gravatar.com\/avatar\/1447a49909b67aa657c488aec6512e1dd6143a480c1ecfee9b5b5cd74eb3b59e?s=96&d=mm&r=g","url":"https:\/\/secure.gravatar.com\/avatar\/1447a49909b67aa657c488aec6512e1dd6143a480c1ecfee9b5b5cd74eb3b59e?s=96&d=mm&r=g","contentUrl":"https:\/\/secure.gravatar.com\/avatar\/1447a49909b67aa657c488aec6512e1dd6143a480c1ecfee9b5b5cd74eb3b59e?s=96&d=mm&r=g","caption":"CL"},"url":"https:\/\/www.webdo.tn\/fr\/actualite\/author\/cl\/"}]}},"_links":{"self":[{"href":"https:\/\/www.webdo.tn\/fr\/wp-json\/wp\/v2\/posts\/205089","targetHints":{"allow":["GET"]}}],"collection":[{"href":"https:\/\/www.webdo.tn\/fr\/wp-json\/wp\/v2\/posts"}],"about":[{"href":"https:\/\/www.webdo.tn\/fr\/wp-json\/wp\/v2\/types\/post"}],"author":[{"embeddable":true,"href":"https:\/\/www.webdo.tn\/fr\/wp-json\/wp\/v2\/users\/3175"}],"replies":[{"embeddable":true,"href":"https:\/\/www.webdo.tn\/fr\/wp-json\/wp\/v2\/comments?post=205089"}],"version-history":[{"count":0,"href":"https:\/\/www.webdo.tn\/fr\/wp-json\/wp\/v2\/posts\/205089\/revisions"}],"wp:featuredmedia":[{"embeddable":true,"href":"https:\/\/www.webdo.tn\/fr\/wp-json\/wp\/v2\/media\/251340"}],"wp:attachment":[{"href":"https:\/\/www.webdo.tn\/fr\/wp-json\/wp\/v2\/media?parent=205089"}],"wp:term":[{"taxonomy":"category","embeddable":true,"href":"https:\/\/www.webdo.tn\/fr\/wp-json\/wp\/v2\/categories?post=205089"},{"taxonomy":"post_tag","embeddable":true,"href":"https:\/\/www.webdo.tn\/fr\/wp-json\/wp\/v2\/tags?post=205089"}],"curies":[{"name":"wp","href":"https:\/\/api.w.org\/{rel}","templated":true}]}}