{"id":205086,"date":"2023-04-23T10:35:00","date_gmt":"2023-04-23T10:35:00","guid":{"rendered":"https:\/\/www.webdo.tn\/fr\/blog\/tunisie-ghazi-chaouachi-comparait-mardi-devant-le-juge-d-instruction\/205086\/"},"modified":"2025-05-20T22:49:57","modified_gmt":"2025-05-20T22:49:57","slug":"tunisie-ghazi-chaouachi-comparait-mardi-devant-le-juge-d-instruction","status":"publish","type":"post","link":"https:\/\/www.webdo.tn\/fr\/actualite\/national\/tunisie-ghazi-chaouachi-comparait-mardi-devant-le-juge-d-instruction\/205086\/","title":{"rendered":"Tunisie : Ghazi Chaouachi compara\u00eet mardi devant le juge d\u2019instruction"},"content":{"rendered":"<p>Ghazi Chaouachi, avocat et ancien secr\u00e9taire g\u00e9n\u00e9ral du parti le Courant populaire, compara\u00eet, mardi prochain, devant le juge d&rsquo;instruction pr\u00e8s le Tribunal de premi\u00e8re instance de Tunis pour \u00eatre entendu dans une plainte d\u00e9pos\u00e9e \u00e0 son encontre par la ministre de la Justice, sur la base du d\u00e9cret-loi n\u00b02022-54, relatif \u00e0 la lutte contre les infractions se rapportant aux syst\u00e8mes d&rsquo;information et de communication.<\/p>\n<p>\t\t\t\t\t\t\t\t\tAyachi Hammami, membre du comit\u00e9 de d\u00e9fense a appel\u00e9, samedi, dans une d\u00e9claration, \u00e0 se mobiliser pour la cause de son client et \u00e0 \u0153uvrer pour faire annuler ce d\u00e9cret-loi qu&rsquo;il a qualifi\u00e9 d'\u00a0\u00bb \u00e9p\u00e9e suspendue \u00e0 toute voix libre et qui sape les bases de la profession de journalisme et la libert\u00e9 d&rsquo;expression et d&rsquo;information \u00ab\u00a0.<\/p>\n<p>La ministre de la Justice, Leila Jaffel, avait d\u00e9pos\u00e9 une plainte \u00e0 l&rsquo;encontre de Ghazi Chaouchi suite \u00e0 une d\u00e9claration faite par celui-ci aux m\u00e9dias, pr\u00e9tendant que la Cheffe du gouvernement, Najla Bouden, avait pr\u00e9sent\u00e9 au pr\u00e9sident de la R\u00e9publique sa d\u00e9mission et que ce dernier ne l&rsquo;a pas accept\u00e9e.<br \/>\nIl a aussi pr\u00e9tendu l&rsquo;existence de conflits derri\u00e8re les coulisses concernant sa succession.<\/p>\n<p>Chaouachi est arr\u00eat\u00e9 depuis le 24 f\u00e9vrier dernier pour \u00a0\u00bb complot contre la s\u00e9curit\u00e9 interne et externe de l&rsquo;Etat \u00ab\u00a0.<br \/>\nDes activistes politiques et des dirigeants de partis politiques de l&rsquo;opposition sont \u00e9galement arr\u00eat\u00e9s dans le cadre de cette affaire.<\/p>\n<p>Il s&rsquo;agit, notamment, de Abdelhamid Jelassi, Lazhar Akremi, Khayam Turki, Issam Chebbi, Chaima Issa et Jawhar Ben Mbarek.<\/p>\n<p>D\u00e9but mars, le pr\u00e9sident de la R\u00e9publique, Kais Saied, avait soulign\u00e9, lors d&rsquo;une rencontre avec la ministre de la Justice, que \u00ab\u00a0les comploteurs contre la s\u00e9curit\u00e9 interne et externe de l&rsquo;Etat ne peuvent continuer \u00e0 faire figure de victime\u00a0\u00bb.<\/p>\n<p>La vraie victime, a-t-il dit, est le peuple qui se ttrouve priv\u00e9 de son droit \u00e0 la sant\u00e9 et des attributs d&rsquo;une vie digne.<\/p>\n","protected":false},"excerpt":{"rendered":"<p>Ghazi Chaouachi, avocat et ancien secr\u00e9taire g\u00e9n\u00e9ral du parti le Courant populaire, compara\u00eet, mardi prochain, devant le juge d&rsquo;instruction pr\u00e8s le Tribunal de&#8230;<\/p>\n","protected":false},"author":3175,"featured_media":278098,"comment_status":"open","ping_status":"closed","sticky":false,"template":"","format":"standard","meta":{"footnotes":""},"categories":[44],"tags":[6133,2619,2608],"class_list":["post-205086","post","type-post","status-publish","format-standard","has-post-thumbnail","hentry","category-national","tag-ghazi-chaouachi","tag-justice","tag-tunisie"],"yoast_head":"<!-- This site is optimized with the Yoast SEO Premium plugin v27.4 (Yoast SEO v27.5) - https:\/\/yoast.com\/product\/yoast-seo-premium-wordpress\/ -->\n<title>Tunisie : Ghazi Chaouachi compara\u00eet mardi devant le juge d\u2019instruction<\/title>\n<meta name=\"description\" content=\"Ghazi Chaouachi, avocat et ancien secr\u00e9taire g\u00e9n\u00e9ral du parti le Courant populaire, compara\u00eet, mardi prochain, devant le juge d&#039;instruction pr\u00e8s le Tribunal de...\" \/>\n<link rel=\"canonical\" href=\"https:\/\/www.webdo.tn\/fr\/actualite\/national\/tunisie-ghazi-chaouachi-comparait-mardi-devant-le-juge-d-instruction\/205086\/\" \/>\n<meta property=\"og:locale\" content=\"fr_FR\" \/>\n<meta property=\"og:type\" content=\"article\" \/>\n<meta property=\"og:title\" content=\"Tunisie : Ghazi Chaouachi compara\u00eet mardi devant le juge d\u2019instruction\" \/>\n<meta property=\"og:description\" content=\"Ghazi Chaouachi, avocat et ancien secr\u00e9taire g\u00e9n\u00e9ral du parti le Courant populaire, compara\u00eet, mardi prochain, devant le juge d&#039;instruction pr\u00e8s le Tribunal de...\" \/>\n<meta property=\"og:url\" content=\"https:\/\/www.webdo.tn\/fr\/actualite\/national\/tunisie-ghazi-chaouachi-comparait-mardi-devant-le-juge-d-instruction\/205086\/\" \/>\n<meta property=\"og:site_name\" content=\"webdo\" \/>\n<meta property=\"article:publisher\" content=\"https:\/\/www.facebook.com\/webdotn\" \/>\n<meta property=\"article:published_time\" content=\"2023-04-23T10:35:00+00:00\" \/>\n<meta property=\"article:modified_time\" content=\"2025-05-20T22:49:57+00:00\" \/>\n<meta property=\"og:image\" content=\"https:\/\/www.webdo.tn\/fr\/wp-content\/uploads\/2023\/04\/1b2e35717e35649bc222d6bfd38efd9e.jpg\" \/>\n\t<meta property=\"og:image:width\" content=\"750\" \/>\n\t<meta property=\"og:image:height\" content=\"400\" \/>\n\t<meta property=\"og:image:type\" content=\"image\/jpeg\" \/>\n<meta name=\"author\" content=\"CL\" \/>\n<meta name=\"twitter:card\" content=\"summary_large_image\" \/>\n<meta name=\"twitter:creator\" content=\"@webdo_tn\" \/>\n<meta name=\"twitter:site\" content=\"@webdo_tn\" \/>\n<meta name=\"twitter:label1\" content=\"\u00c9crit par\" \/>\n\t<meta name=\"twitter:data1\" content=\"CL\" \/>\n\t<meta name=\"twitter:label2\" content=\"Dur\u00e9e de lecture estim\u00e9e\" \/>\n\t<meta name=\"twitter:data2\" content=\"2 minutes\" \/>\n<script type=\"application\/ld+json\" class=\"yoast-schema-graph\">{\"@context\":\"https:\\\/\\\/schema.org\",\"@graph\":[{\"@type\":\"NewsArticle\",\"@id\":\"https:\\\/\\\/www.webdo.tn\\\/fr\\\/actualite\\\/national\\\/tunisie-ghazi-chaouachi-comparait-mardi-devant-le-juge-d-instruction\\\/205086\\\/#article\",\"isPartOf\":{\"@id\":\"https:\\\/\\\/www.webdo.tn\\\/fr\\\/actualite\\\/national\\\/tunisie-ghazi-chaouachi-comparait-mardi-devant-le-juge-d-instruction\\\/205086\\\/\"},\"author\":{\"name\":\"CL\",\"@id\":\"https:\\\/\\\/www.webdo.tn\\\/fr\\\/#\\\/schema\\\/person\\\/f35b42a42c5e2511bbd282959d6385cc\"},\"headline\":\"Tunisie : Ghazi Chaouachi compara\u00eet mardi devant le juge d\u2019instruction\",\"datePublished\":\"2023-04-23T10:35:00+00:00\",\"dateModified\":\"2025-05-20T22:49:57+00:00\",\"mainEntityOfPage\":{\"@id\":\"https:\\\/\\\/www.webdo.tn\\\/fr\\\/actualite\\\/national\\\/tunisie-ghazi-chaouachi-comparait-mardi-devant-le-juge-d-instruction\\\/205086\\\/\"},\"wordCount\":352,\"commentCount\":0,\"publisher\":{\"@id\":\"https:\\\/\\\/www.webdo.tn\\\/fr\\\/#organization\"},\"image\":{\"@id\":\"https:\\\/\\\/www.webdo.tn\\\/fr\\\/actualite\\\/national\\\/tunisie-ghazi-chaouachi-comparait-mardi-devant-le-juge-d-instruction\\\/205086\\\/#primaryimage\"},\"thumbnailUrl\":\"https:\\\/\\\/www.webdo.tn\\\/fr\\\/wp-content\\\/uploads\\\/2023\\\/04\\\/1b2e35717e35649bc222d6bfd38efd9e.jpg\",\"keywords\":[\"Ghazi Chaouachi\",\"justice\",\"Tunisie\"],\"articleSection\":[\"National\"],\"inLanguage\":\"fr-FR\"},{\"@type\":\"WebPage\",\"@id\":\"https:\\\/\\\/www.webdo.tn\\\/fr\\\/actualite\\\/national\\\/tunisie-ghazi-chaouachi-comparait-mardi-devant-le-juge-d-instruction\\\/205086\\\/\",\"url\":\"https:\\\/\\\/www.webdo.tn\\\/fr\\\/actualite\\\/national\\\/tunisie-ghazi-chaouachi-comparait-mardi-devant-le-juge-d-instruction\\\/205086\\\/\",\"name\":\"Tunisie : Ghazi Chaouachi compara\u00eet mardi devant le juge d\u2019instruction\",\"isPartOf\":{\"@id\":\"https:\\\/\\\/www.webdo.tn\\\/fr\\\/#website\"},\"primaryImageOfPage\":{\"@id\":\"https:\\\/\\\/www.webdo.tn\\\/fr\\\/actualite\\\/national\\\/tunisie-ghazi-chaouachi-comparait-mardi-devant-le-juge-d-instruction\\\/205086\\\/#primaryimage\"},\"image\":{\"@id\":\"https:\\\/\\\/www.webdo.tn\\\/fr\\\/actualite\\\/national\\\/tunisie-ghazi-chaouachi-comparait-mardi-devant-le-juge-d-instruction\\\/205086\\\/#primaryimage\"},\"thumbnailUrl\":\"https:\\\/\\\/www.webdo.tn\\\/fr\\\/wp-content\\\/uploads\\\/2023\\\/04\\\/1b2e35717e35649bc222d6bfd38efd9e.jpg\",\"datePublished\":\"2023-04-23T10:35:00+00:00\",\"dateModified\":\"2025-05-20T22:49:57+00:00\",\"description\":\"Ghazi Chaouachi, avocat et ancien secr\u00e9taire g\u00e9n\u00e9ral du parti le Courant populaire, compara\u00eet, mardi prochain, devant le juge d'instruction pr\u00e8s le Tribunal de...\",\"breadcrumb\":{\"@id\":\"https:\\\/\\\/www.webdo.tn\\\/fr\\\/actualite\\\/national\\\/tunisie-ghazi-chaouachi-comparait-mardi-devant-le-juge-d-instruction\\\/205086\\\/#breadcrumb\"},\"inLanguage\":\"fr-FR\",\"potentialAction\":[{\"@type\":\"ReadAction\",\"target\":[\"https:\\\/\\\/www.webdo.tn\\\/fr\\\/actualite\\\/national\\\/tunisie-ghazi-chaouachi-comparait-mardi-devant-le-juge-d-instruction\\\/205086\\\/\"]}]},{\"@type\":\"ImageObject\",\"inLanguage\":\"fr-FR\",\"@id\":\"https:\\\/\\\/www.webdo.tn\\\/fr\\\/actualite\\\/national\\\/tunisie-ghazi-chaouachi-comparait-mardi-devant-le-juge-d-instruction\\\/205086\\\/#primaryimage\",\"url\":\"https:\\\/\\\/www.webdo.tn\\\/fr\\\/wp-content\\\/uploads\\\/2023\\\/04\\\/1b2e35717e35649bc222d6bfd38efd9e.jpg\",\"contentUrl\":\"https:\\\/\\\/www.webdo.tn\\\/fr\\\/wp-content\\\/uploads\\\/2023\\\/04\\\/1b2e35717e35649bc222d6bfd38efd9e.jpg\",\"width\":750,\"height\":400,\"caption\":\"Ghazi Chaouachi\"},{\"@type\":\"BreadcrumbList\",\"@id\":\"https:\\\/\\\/www.webdo.tn\\\/fr\\\/actualite\\\/national\\\/tunisie-ghazi-chaouachi-comparait-mardi-devant-le-juge-d-instruction\\\/205086\\\/#breadcrumb\",\"itemListElement\":[{\"@type\":\"ListItem\",\"position\":1,\"name\":\"Accueil\",\"item\":\"https:\\\/\\\/www.webdo.tn\\\/fr\\\/\"},{\"@type\":\"ListItem\",\"position\":2,\"name\":\"Tunisie : Ghazi Chaouachi compara\u00eet mardi devant le juge d\u2019instruction\"}]},{\"@type\":\"WebSite\",\"@id\":\"https:\\\/\\\/www.webdo.tn\\\/fr\\\/#website\",\"url\":\"https:\\\/\\\/www.webdo.tn\\\/fr\\\/\",\"name\":\"webdo\",\"description\":\"Tunisie - News en Tunisie et \u00e0 l&#039;international sur Webdo.tn\",\"publisher\":{\"@id\":\"https:\\\/\\\/www.webdo.tn\\\/fr\\\/#organization\"},\"potentialAction\":[{\"@type\":\"SearchAction\",\"target\":{\"@type\":\"EntryPoint\",\"urlTemplate\":\"https:\\\/\\\/www.webdo.tn\\\/fr\\\/?s={search_term_string}\"},\"query-input\":{\"@type\":\"PropertyValueSpecification\",\"valueRequired\":true,\"valueName\":\"search_term_string\"}}],\"inLanguage\":\"fr-FR\"},{\"@type\":\"Organization\",\"@id\":\"https:\\\/\\\/www.webdo.tn\\\/fr\\\/#organization\",\"name\":\"Webdo\",\"alternateName\":\"Webdo.tn\",\"url\":\"https:\\\/\\\/www.webdo.tn\\\/fr\\\/\",\"logo\":{\"@type\":\"ImageObject\",\"inLanguage\":\"fr-FR\",\"@id\":\"https:\\\/\\\/www.webdo.tn\\\/fr\\\/#\\\/schema\\\/logo\\\/image\\\/\",\"url\":\"https:\\\/\\\/www.webdo.tn\\\/fr\\\/wp-content\\\/uploads\\\/2025\\\/06\\\/Webdo-Tunisie_168377.jpg\",\"contentUrl\":\"https:\\\/\\\/www.webdo.tn\\\/fr\\\/wp-content\\\/uploads\\\/2025\\\/06\\\/Webdo-Tunisie_168377.jpg\",\"width\":301,\"height\":301,\"caption\":\"Webdo\"},\"image\":{\"@id\":\"https:\\\/\\\/www.webdo.tn\\\/fr\\\/#\\\/schema\\\/logo\\\/image\\\/\"},\"sameAs\":[\"https:\\\/\\\/www.facebook.com\\\/webdotn\",\"https:\\\/\\\/x.com\\\/webdo_tn\"],\"description\":\"Webdo est un m\u00e9dia num\u00e9rique tunisien fond\u00e9 en 2010, sp\u00e9cialis\u00e9 dans l\u2019actualit\u00e9 nationale et internationale, l\u2019\u00e9conomie, la soci\u00e9t\u00e9 et les analyses politiques. Le site s\u2019adresse \u00e0 un large public francophone et couvre l\u2019information tunisienne en temps r\u00e9el.\",\"email\":\"redac@webdo.tn\",\"legalName\":\"YNJ SARL\",\"foundingDate\":\"2010-09-06\",\"numberOfEmployees\":{\"@type\":\"QuantitativeValue\",\"minValue\":\"11\",\"maxValue\":\"50\"}},{\"@type\":\"Person\",\"@id\":\"https:\\\/\\\/www.webdo.tn\\\/fr\\\/#\\\/schema\\\/person\\\/f35b42a42c5e2511bbd282959d6385cc\",\"name\":\"CL\",\"image\":{\"@type\":\"ImageObject\",\"inLanguage\":\"fr-FR\",\"@id\":\"https:\\\/\\\/secure.gravatar.com\\\/avatar\\\/1447a49909b67aa657c488aec6512e1dd6143a480c1ecfee9b5b5cd74eb3b59e?s=96&d=mm&r=g\",\"url\":\"https:\\\/\\\/secure.gravatar.com\\\/avatar\\\/1447a49909b67aa657c488aec6512e1dd6143a480c1ecfee9b5b5cd74eb3b59e?s=96&d=mm&r=g\",\"contentUrl\":\"https:\\\/\\\/secure.gravatar.com\\\/avatar\\\/1447a49909b67aa657c488aec6512e1dd6143a480c1ecfee9b5b5cd74eb3b59e?s=96&d=mm&r=g\",\"caption\":\"CL\"},\"url\":\"https:\\\/\\\/www.webdo.tn\\\/fr\\\/actualite\\\/author\\\/cl\\\/\"}]}<\/script>\n<!-- \/ Yoast SEO Premium plugin. -->","yoast_head_json":{"title":"Tunisie : Ghazi Chaouachi compara\u00eet mardi devant le juge d\u2019instruction","description":"Ghazi Chaouachi, avocat et ancien secr\u00e9taire g\u00e9n\u00e9ral du parti le Courant populaire, compara\u00eet, mardi prochain, devant le juge d'instruction pr\u00e8s le Tribunal de...","canonical":"https:\/\/www.webdo.tn\/fr\/actualite\/national\/tunisie-ghazi-chaouachi-comparait-mardi-devant-le-juge-d-instruction\/205086\/","og_locale":"fr_FR","og_type":"article","og_title":"Tunisie : Ghazi Chaouachi compara\u00eet mardi devant le juge d\u2019instruction","og_description":"Ghazi Chaouachi, avocat et ancien secr\u00e9taire g\u00e9n\u00e9ral du parti le Courant populaire, compara\u00eet, mardi prochain, devant le juge d'instruction pr\u00e8s le Tribunal de...","og_url":"https:\/\/www.webdo.tn\/fr\/actualite\/national\/tunisie-ghazi-chaouachi-comparait-mardi-devant-le-juge-d-instruction\/205086\/","og_site_name":"webdo","article_publisher":"https:\/\/www.facebook.com\/webdotn","article_published_time":"2023-04-23T10:35:00+00:00","article_modified_time":"2025-05-20T22:49:57+00:00","og_image":[{"width":750,"height":400,"url":"https:\/\/www.webdo.tn\/fr\/wp-content\/uploads\/2023\/04\/1b2e35717e35649bc222d6bfd38efd9e.jpg","type":"image\/jpeg"}],"author":"CL","twitter_card":"summary_large_image","twitter_creator":"@webdo_tn","twitter_site":"@webdo_tn","twitter_misc":{"\u00c9crit par":"CL","Dur\u00e9e de lecture estim\u00e9e":"2 minutes"},"schema":{"@context":"https:\/\/schema.org","@graph":[{"@type":"NewsArticle","@id":"https:\/\/www.webdo.tn\/fr\/actualite\/national\/tunisie-ghazi-chaouachi-comparait-mardi-devant-le-juge-d-instruction\/205086\/#article","isPartOf":{"@id":"https:\/\/www.webdo.tn\/fr\/actualite\/national\/tunisie-ghazi-chaouachi-comparait-mardi-devant-le-juge-d-instruction\/205086\/"},"author":{"name":"CL","@id":"https:\/\/www.webdo.tn\/fr\/#\/schema\/person\/f35b42a42c5e2511bbd282959d6385cc"},"headline":"Tunisie : Ghazi Chaouachi compara\u00eet mardi devant le juge d\u2019instruction","datePublished":"2023-04-23T10:35:00+00:00","dateModified":"2025-05-20T22:49:57+00:00","mainEntityOfPage":{"@id":"https:\/\/www.webdo.tn\/fr\/actualite\/national\/tunisie-ghazi-chaouachi-comparait-mardi-devant-le-juge-d-instruction\/205086\/"},"wordCount":352,"commentCount":0,"publisher":{"@id":"https:\/\/www.webdo.tn\/fr\/#organization"},"image":{"@id":"https:\/\/www.webdo.tn\/fr\/actualite\/national\/tunisie-ghazi-chaouachi-comparait-mardi-devant-le-juge-d-instruction\/205086\/#primaryimage"},"thumbnailUrl":"https:\/\/www.webdo.tn\/fr\/wp-content\/uploads\/2023\/04\/1b2e35717e35649bc222d6bfd38efd9e.jpg","keywords":["Ghazi Chaouachi","justice","Tunisie"],"articleSection":["National"],"inLanguage":"fr-FR"},{"@type":"WebPage","@id":"https:\/\/www.webdo.tn\/fr\/actualite\/national\/tunisie-ghazi-chaouachi-comparait-mardi-devant-le-juge-d-instruction\/205086\/","url":"https:\/\/www.webdo.tn\/fr\/actualite\/national\/tunisie-ghazi-chaouachi-comparait-mardi-devant-le-juge-d-instruction\/205086\/","name":"Tunisie : Ghazi Chaouachi compara\u00eet mardi devant le juge d\u2019instruction","isPartOf":{"@id":"https:\/\/www.webdo.tn\/fr\/#website"},"primaryImageOfPage":{"@id":"https:\/\/www.webdo.tn\/fr\/actualite\/national\/tunisie-ghazi-chaouachi-comparait-mardi-devant-le-juge-d-instruction\/205086\/#primaryimage"},"image":{"@id":"https:\/\/www.webdo.tn\/fr\/actualite\/national\/tunisie-ghazi-chaouachi-comparait-mardi-devant-le-juge-d-instruction\/205086\/#primaryimage"},"thumbnailUrl":"https:\/\/www.webdo.tn\/fr\/wp-content\/uploads\/2023\/04\/1b2e35717e35649bc222d6bfd38efd9e.jpg","datePublished":"2023-04-23T10:35:00+00:00","dateModified":"2025-05-20T22:49:57+00:00","description":"Ghazi Chaouachi, avocat et ancien secr\u00e9taire g\u00e9n\u00e9ral du parti le Courant populaire, compara\u00eet, mardi prochain, devant le juge d'instruction pr\u00e8s le Tribunal de...","breadcrumb":{"@id":"https:\/\/www.webdo.tn\/fr\/actualite\/national\/tunisie-ghazi-chaouachi-comparait-mardi-devant-le-juge-d-instruction\/205086\/#breadcrumb"},"inLanguage":"fr-FR","potentialAction":[{"@type":"ReadAction","target":["https:\/\/www.webdo.tn\/fr\/actualite\/national\/tunisie-ghazi-chaouachi-comparait-mardi-devant-le-juge-d-instruction\/205086\/"]}]},{"@type":"ImageObject","inLanguage":"fr-FR","@id":"https:\/\/www.webdo.tn\/fr\/actualite\/national\/tunisie-ghazi-chaouachi-comparait-mardi-devant-le-juge-d-instruction\/205086\/#primaryimage","url":"https:\/\/www.webdo.tn\/fr\/wp-content\/uploads\/2023\/04\/1b2e35717e35649bc222d6bfd38efd9e.jpg","contentUrl":"https:\/\/www.webdo.tn\/fr\/wp-content\/uploads\/2023\/04\/1b2e35717e35649bc222d6bfd38efd9e.jpg","width":750,"height":400,"caption":"Ghazi Chaouachi"},{"@type":"BreadcrumbList","@id":"https:\/\/www.webdo.tn\/fr\/actualite\/national\/tunisie-ghazi-chaouachi-comparait-mardi-devant-le-juge-d-instruction\/205086\/#breadcrumb","itemListElement":[{"@type":"ListItem","position":1,"name":"Accueil","item":"https:\/\/www.webdo.tn\/fr\/"},{"@type":"ListItem","position":2,"name":"Tunisie : Ghazi Chaouachi compara\u00eet mardi devant le juge d\u2019instruction"}]},{"@type":"WebSite","@id":"https:\/\/www.webdo.tn\/fr\/#website","url":"https:\/\/www.webdo.tn\/fr\/","name":"webdo","description":"Tunisie - News en Tunisie et \u00e0 l&#039;international sur Webdo.tn","publisher":{"@id":"https:\/\/www.webdo.tn\/fr\/#organization"},"potentialAction":[{"@type":"SearchAction","target":{"@type":"EntryPoint","urlTemplate":"https:\/\/www.webdo.tn\/fr\/?s={search_term_string}"},"query-input":{"@type":"PropertyValueSpecification","valueRequired":true,"valueName":"search_term_string"}}],"inLanguage":"fr-FR"},{"@type":"Organization","@id":"https:\/\/www.webdo.tn\/fr\/#organization","name":"Webdo","alternateName":"Webdo.tn","url":"https:\/\/www.webdo.tn\/fr\/","logo":{"@type":"ImageObject","inLanguage":"fr-FR","@id":"https:\/\/www.webdo.tn\/fr\/#\/schema\/logo\/image\/","url":"https:\/\/www.webdo.tn\/fr\/wp-content\/uploads\/2025\/06\/Webdo-Tunisie_168377.jpg","contentUrl":"https:\/\/www.webdo.tn\/fr\/wp-content\/uploads\/2025\/06\/Webdo-Tunisie_168377.jpg","width":301,"height":301,"caption":"Webdo"},"image":{"@id":"https:\/\/www.webdo.tn\/fr\/#\/schema\/logo\/image\/"},"sameAs":["https:\/\/www.facebook.com\/webdotn","https:\/\/x.com\/webdo_tn"],"description":"Webdo est un m\u00e9dia num\u00e9rique tunisien fond\u00e9 en 2010, sp\u00e9cialis\u00e9 dans l\u2019actualit\u00e9 nationale et internationale, l\u2019\u00e9conomie, la soci\u00e9t\u00e9 et les analyses politiques. Le site s\u2019adresse \u00e0 un large public francophone et couvre l\u2019information tunisienne en temps r\u00e9el.","email":"redac@webdo.tn","legalName":"YNJ SARL","foundingDate":"2010-09-06","numberOfEmployees":{"@type":"QuantitativeValue","minValue":"11","maxValue":"50"}},{"@type":"Person","@id":"https:\/\/www.webdo.tn\/fr\/#\/schema\/person\/f35b42a42c5e2511bbd282959d6385cc","name":"CL","image":{"@type":"ImageObject","inLanguage":"fr-FR","@id":"https:\/\/secure.gravatar.com\/avatar\/1447a49909b67aa657c488aec6512e1dd6143a480c1ecfee9b5b5cd74eb3b59e?s=96&d=mm&r=g","url":"https:\/\/secure.gravatar.com\/avatar\/1447a49909b67aa657c488aec6512e1dd6143a480c1ecfee9b5b5cd74eb3b59e?s=96&d=mm&r=g","contentUrl":"https:\/\/secure.gravatar.com\/avatar\/1447a49909b67aa657c488aec6512e1dd6143a480c1ecfee9b5b5cd74eb3b59e?s=96&d=mm&r=g","caption":"CL"},"url":"https:\/\/www.webdo.tn\/fr\/actualite\/author\/cl\/"}]}},"_links":{"self":[{"href":"https:\/\/www.webdo.tn\/fr\/wp-json\/wp\/v2\/posts\/205086","targetHints":{"allow":["GET"]}}],"collection":[{"href":"https:\/\/www.webdo.tn\/fr\/wp-json\/wp\/v2\/posts"}],"about":[{"href":"https:\/\/www.webdo.tn\/fr\/wp-json\/wp\/v2\/types\/post"}],"author":[{"embeddable":true,"href":"https:\/\/www.webdo.tn\/fr\/wp-json\/wp\/v2\/users\/3175"}],"replies":[{"embeddable":true,"href":"https:\/\/www.webdo.tn\/fr\/wp-json\/wp\/v2\/comments?post=205086"}],"version-history":[{"count":0,"href":"https:\/\/www.webdo.tn\/fr\/wp-json\/wp\/v2\/posts\/205086\/revisions"}],"wp:featuredmedia":[{"embeddable":true,"href":"https:\/\/www.webdo.tn\/fr\/wp-json\/wp\/v2\/media\/278098"}],"wp:attachment":[{"href":"https:\/\/www.webdo.tn\/fr\/wp-json\/wp\/v2\/media?parent=205086"}],"wp:term":[{"taxonomy":"category","embeddable":true,"href":"https:\/\/www.webdo.tn\/fr\/wp-json\/wp\/v2\/categories?post=205086"},{"taxonomy":"post_tag","embeddable":true,"href":"https:\/\/www.webdo.tn\/fr\/wp-json\/wp\/v2\/tags?post=205086"}],"curies":[{"name":"wp","href":"https:\/\/api.w.org\/{rel}","templated":true}]}}