{"id":205074,"date":"2023-04-22T11:38:00","date_gmt":"2023-04-22T11:38:00","guid":{"rendered":"https:\/\/www.webdo.tn\/fr\/blog\/antonio-tajani-deplore-la-forte-hausse-de-l-immigration-clandestine-en-provenance-de-la-tunisie\/205074\/"},"modified":"2023-04-22T11:38:00","modified_gmt":"2023-04-22T11:38:00","slug":"antonio-tajani-deplore-la-forte-hausse-de-l-immigration-clandestine-en-provenance-de-la-tunisie","status":"publish","type":"post","link":"https:\/\/www.webdo.tn\/fr\/actualite\/national\/antonio-tajani-deplore-la-forte-hausse-de-l-immigration-clandestine-en-provenance-de-la-tunisie\/205074\/","title":{"rendered":"Antonio Tajani d\u00e9plore la forte hausse de l&rsquo;immigration clandestine en provenance de la Tunisie"},"content":{"rendered":"<p>Le ministre italien des Affaires \u00e9trang\u00e8res, Antonio Tajani a expliqu\u00e9, dans une d\u00e9claration \u00e0 l\u2019agence de presse italienne AdnKronos, que l&rsquo;immigration clandestines vers l\u2019Italie depuis la Tunisie, mais aussi la Libye, est en forte hausse depuis quelques mois.<\/p>\n<p>\t\t\t\t\t\t\t\t\tFace \u00e0 ce probl\u00e8me de taille pour les Italiens, Antonio Tajani a confi\u00e9 que l\u2019Union europ\u00e9enne accepte\u00a0d\u00e9sormais qu&rsquo;une plus grande solidarit\u00e9 en mati\u00e8re de migration est indispensable.<\/p>\n<p>Le MAE transalpin regrette m\u00eame que l&rsquo;UE\u00a0n&rsquo;a pas fait preuve d&rsquo;une solidarit\u00e9 suffisante avec nous jusqu&rsquo;\u00e0 pr\u00e9sent alors que tous les migrants clandestins arrivent tours en Italie. D\u00e9sormais la donne a chang\u00e9, et l&rsquo;UE\u00a0commence \u00e0 r\u00e9aliser que c&rsquo;est n\u00e9cessaire car les migrants ne restent \u00e9videmment\u00a0pas \u00e0 Lampedusa.<\/p>\n<p>En ce sens, Antonio Tajani exhorte les ministres des Affaires \u00e9trang\u00e8res de l\u2019UE \u00e0 approuver une aide financi\u00e8re \u00e0 la Tunisie, alors que le Conseil europ\u00e9en des Affaires \u00e9trang\u00e8res se r\u00e9unira, \u00a0ce lundi 24 avril,\u00a0et abordera la situation en Tunisie et au Soudan.<\/p>\n","protected":false},"excerpt":{"rendered":"<p>Le ministre italien des Affaires \u00e9trang\u00e8res, Antonio Tajani a expliqu\u00e9, dans une d\u00e9claration \u00e0 l\u2019agence de presse italienne AdnKronos, que l&rsquo;immigration clandes&#8230;<\/p>\n","protected":false},"author":3169,"featured_media":251364,"comment_status":"open","ping_status":"closed","sticky":false,"template":"","format":"standard","meta":{"footnotes":""},"categories":[44],"tags":[7718,2660,2894,2608,2897],"class_list":["post-205074","post","type-post","status-publish","format-standard","has-post-thumbnail","hentry","category-national","tag-antonio-tajani","tag-italie","tag-migrants","tag-tunisie","tag-ue"],"yoast_head":"<!-- This site is optimized with the Yoast SEO Premium plugin v27.4 (Yoast SEO v27.4) - https:\/\/yoast.com\/product\/yoast-seo-premium-wordpress\/ -->\n<title>Antonio Tajani d\u00e9plore la forte hausse de l&#039;immigration clandestine en provenance de la Tunisie<\/title>\n<meta name=\"description\" content=\"Le ministre italien des Affaires \u00e9trang\u00e8res, Antonio Tajani a expliqu\u00e9, dans une d\u00e9claration \u00e0 l\u2019agence de presse italienne AdnKronos, que l&#039;immigration clandes...\" \/>\n<link rel=\"canonical\" href=\"https:\/\/www.webdo.tn\/fr\/actualite\/national\/antonio-tajani-deplore-la-forte-hausse-de-l-immigration-clandestine-en-provenance-de-la-tunisie\/205074\/\" \/>\n<meta property=\"og:locale\" content=\"fr_FR\" \/>\n<meta property=\"og:type\" content=\"article\" \/>\n<meta property=\"og:title\" content=\"Antonio Tajani d\u00e9plore la forte hausse de l&#039;immigration clandestine en provenance de la Tunisie\" \/>\n<meta property=\"og:description\" content=\"Le ministre italien des Affaires \u00e9trang\u00e8res, Antonio Tajani a expliqu\u00e9, dans une d\u00e9claration \u00e0 l\u2019agence de presse italienne AdnKronos, que l&#039;immigration clandes...\" \/>\n<meta property=\"og:url\" content=\"https:\/\/www.webdo.tn\/fr\/actualite\/national\/antonio-tajani-deplore-la-forte-hausse-de-l-immigration-clandestine-en-provenance-de-la-tunisie\/205074\/\" \/>\n<meta property=\"og:site_name\" content=\"webdo\" \/>\n<meta property=\"article:publisher\" content=\"https:\/\/www.facebook.com\/webdotn\" \/>\n<meta property=\"article:published_time\" content=\"2023-04-22T11:38:00+00:00\" \/>\n<meta property=\"og:image\" content=\"https:\/\/www.webdo.tn\/fr\/wp-content\/uploads\/2023\/04\/9b08fe16c8bc217bc1c1c3f9c0cdfede.jpg\" \/>\n\t<meta property=\"og:image:width\" content=\"750\" \/>\n\t<meta property=\"og:image:height\" content=\"400\" \/>\n\t<meta property=\"og:image:type\" content=\"image\/jpeg\" \/>\n<meta name=\"author\" content=\"Webdo\" \/>\n<meta name=\"twitter:card\" content=\"summary_large_image\" \/>\n<meta name=\"twitter:creator\" content=\"@webdo_tn\" \/>\n<meta name=\"twitter:site\" content=\"@webdo_tn\" \/>\n<meta name=\"twitter:label1\" content=\"\u00c9crit par\" \/>\n\t<meta name=\"twitter:data1\" content=\"Webdo\" \/>\n\t<meta name=\"twitter:label2\" content=\"Dur\u00e9e de lecture estim\u00e9e\" \/>\n\t<meta name=\"twitter:data2\" content=\"1 minute\" \/>\n<script type=\"application\/ld+json\" class=\"yoast-schema-graph\">{\"@context\":\"https:\\\/\\\/schema.org\",\"@graph\":[{\"@type\":\"NewsArticle\",\"@id\":\"https:\\\/\\\/www.webdo.tn\\\/fr\\\/actualite\\\/national\\\/antonio-tajani-deplore-la-forte-hausse-de-l-immigration-clandestine-en-provenance-de-la-tunisie\\\/205074\\\/#article\",\"isPartOf\":{\"@id\":\"https:\\\/\\\/www.webdo.tn\\\/fr\\\/actualite\\\/national\\\/antonio-tajani-deplore-la-forte-hausse-de-l-immigration-clandestine-en-provenance-de-la-tunisie\\\/205074\\\/\"},\"author\":{\"name\":\"Webdo\",\"@id\":\"https:\\\/\\\/www.webdo.tn\\\/fr\\\/#\\\/schema\\\/person\\\/1f4e491e0907b413d61089e8eb573acc\"},\"headline\":\"Antonio Tajani d\u00e9plore la forte hausse de l&rsquo;immigration clandestine en provenance de la Tunisie\",\"datePublished\":\"2023-04-22T11:38:00+00:00\",\"mainEntityOfPage\":{\"@id\":\"https:\\\/\\\/www.webdo.tn\\\/fr\\\/actualite\\\/national\\\/antonio-tajani-deplore-la-forte-hausse-de-l-immigration-clandestine-en-provenance-de-la-tunisie\\\/205074\\\/\"},\"wordCount\":196,\"commentCount\":0,\"publisher\":{\"@id\":\"https:\\\/\\\/www.webdo.tn\\\/fr\\\/#organization\"},\"image\":{\"@id\":\"https:\\\/\\\/www.webdo.tn\\\/fr\\\/actualite\\\/national\\\/antonio-tajani-deplore-la-forte-hausse-de-l-immigration-clandestine-en-provenance-de-la-tunisie\\\/205074\\\/#primaryimage\"},\"thumbnailUrl\":\"https:\\\/\\\/www.webdo.tn\\\/fr\\\/wp-content\\\/uploads\\\/2023\\\/04\\\/9b08fe16c8bc217bc1c1c3f9c0cdfede.jpg\",\"keywords\":[\"antonio tajani\",\"Italie\",\"migrants\",\"Tunisie\",\"UE\"],\"articleSection\":[\"National\"],\"inLanguage\":\"fr-FR\"},{\"@type\":\"WebPage\",\"@id\":\"https:\\\/\\\/www.webdo.tn\\\/fr\\\/actualite\\\/national\\\/antonio-tajani-deplore-la-forte-hausse-de-l-immigration-clandestine-en-provenance-de-la-tunisie\\\/205074\\\/\",\"url\":\"https:\\\/\\\/www.webdo.tn\\\/fr\\\/actualite\\\/national\\\/antonio-tajani-deplore-la-forte-hausse-de-l-immigration-clandestine-en-provenance-de-la-tunisie\\\/205074\\\/\",\"name\":\"Antonio Tajani d\u00e9plore la forte hausse de l'immigration clandestine en provenance de la Tunisie\",\"isPartOf\":{\"@id\":\"https:\\\/\\\/www.webdo.tn\\\/fr\\\/#website\"},\"primaryImageOfPage\":{\"@id\":\"https:\\\/\\\/www.webdo.tn\\\/fr\\\/actualite\\\/national\\\/antonio-tajani-deplore-la-forte-hausse-de-l-immigration-clandestine-en-provenance-de-la-tunisie\\\/205074\\\/#primaryimage\"},\"image\":{\"@id\":\"https:\\\/\\\/www.webdo.tn\\\/fr\\\/actualite\\\/national\\\/antonio-tajani-deplore-la-forte-hausse-de-l-immigration-clandestine-en-provenance-de-la-tunisie\\\/205074\\\/#primaryimage\"},\"thumbnailUrl\":\"https:\\\/\\\/www.webdo.tn\\\/fr\\\/wp-content\\\/uploads\\\/2023\\\/04\\\/9b08fe16c8bc217bc1c1c3f9c0cdfede.jpg\",\"datePublished\":\"2023-04-22T11:38:00+00:00\",\"description\":\"Le ministre italien des Affaires \u00e9trang\u00e8res, Antonio Tajani a expliqu\u00e9, dans une d\u00e9claration \u00e0 l\u2019agence de presse italienne AdnKronos, que l'immigration clandes...\",\"breadcrumb\":{\"@id\":\"https:\\\/\\\/www.webdo.tn\\\/fr\\\/actualite\\\/national\\\/antonio-tajani-deplore-la-forte-hausse-de-l-immigration-clandestine-en-provenance-de-la-tunisie\\\/205074\\\/#breadcrumb\"},\"inLanguage\":\"fr-FR\",\"potentialAction\":[{\"@type\":\"ReadAction\",\"target\":[\"https:\\\/\\\/www.webdo.tn\\\/fr\\\/actualite\\\/national\\\/antonio-tajani-deplore-la-forte-hausse-de-l-immigration-clandestine-en-provenance-de-la-tunisie\\\/205074\\\/\"]}]},{\"@type\":\"ImageObject\",\"inLanguage\":\"fr-FR\",\"@id\":\"https:\\\/\\\/www.webdo.tn\\\/fr\\\/actualite\\\/national\\\/antonio-tajani-deplore-la-forte-hausse-de-l-immigration-clandestine-en-provenance-de-la-tunisie\\\/205074\\\/#primaryimage\",\"url\":\"https:\\\/\\\/www.webdo.tn\\\/fr\\\/wp-content\\\/uploads\\\/2023\\\/04\\\/9b08fe16c8bc217bc1c1c3f9c0cdfede.jpg\",\"contentUrl\":\"https:\\\/\\\/www.webdo.tn\\\/fr\\\/wp-content\\\/uploads\\\/2023\\\/04\\\/9b08fe16c8bc217bc1c1c3f9c0cdfede.jpg\",\"width\":750,\"height\":400,\"caption\":\"Antonio Tajani d\u00e9plore la forte hausse de l'immigration clandestine en provenance de la Tunisie\"},{\"@type\":\"BreadcrumbList\",\"@id\":\"https:\\\/\\\/www.webdo.tn\\\/fr\\\/actualite\\\/national\\\/antonio-tajani-deplore-la-forte-hausse-de-l-immigration-clandestine-en-provenance-de-la-tunisie\\\/205074\\\/#breadcrumb\",\"itemListElement\":[{\"@type\":\"ListItem\",\"position\":1,\"name\":\"Accueil\",\"item\":\"https:\\\/\\\/www.webdo.tn\\\/fr\\\/\"},{\"@type\":\"ListItem\",\"position\":2,\"name\":\"Antonio Tajani d\u00e9plore la forte hausse de l&#8217;immigration clandestine en provenance de la Tunisie\"}]},{\"@type\":\"WebSite\",\"@id\":\"https:\\\/\\\/www.webdo.tn\\\/fr\\\/#website\",\"url\":\"https:\\\/\\\/www.webdo.tn\\\/fr\\\/\",\"name\":\"webdo\",\"description\":\"Tunisie - News en Tunisie et \u00e0 l&#039;international sur Webdo.tn\",\"publisher\":{\"@id\":\"https:\\\/\\\/www.webdo.tn\\\/fr\\\/#organization\"},\"potentialAction\":[{\"@type\":\"SearchAction\",\"target\":{\"@type\":\"EntryPoint\",\"urlTemplate\":\"https:\\\/\\\/www.webdo.tn\\\/fr\\\/?s={search_term_string}\"},\"query-input\":{\"@type\":\"PropertyValueSpecification\",\"valueRequired\":true,\"valueName\":\"search_term_string\"}}],\"inLanguage\":\"fr-FR\"},{\"@type\":\"Organization\",\"@id\":\"https:\\\/\\\/www.webdo.tn\\\/fr\\\/#organization\",\"name\":\"Webdo\",\"alternateName\":\"Webdo.tn\",\"url\":\"https:\\\/\\\/www.webdo.tn\\\/fr\\\/\",\"logo\":{\"@type\":\"ImageObject\",\"inLanguage\":\"fr-FR\",\"@id\":\"https:\\\/\\\/www.webdo.tn\\\/fr\\\/#\\\/schema\\\/logo\\\/image\\\/\",\"url\":\"https:\\\/\\\/www.webdo.tn\\\/fr\\\/wp-content\\\/uploads\\\/2025\\\/06\\\/Webdo-Tunisie_168377.jpg\",\"contentUrl\":\"https:\\\/\\\/www.webdo.tn\\\/fr\\\/wp-content\\\/uploads\\\/2025\\\/06\\\/Webdo-Tunisie_168377.jpg\",\"width\":301,\"height\":301,\"caption\":\"Webdo\"},\"image\":{\"@id\":\"https:\\\/\\\/www.webdo.tn\\\/fr\\\/#\\\/schema\\\/logo\\\/image\\\/\"},\"sameAs\":[\"https:\\\/\\\/www.facebook.com\\\/webdotn\",\"https:\\\/\\\/x.com\\\/webdo_tn\"],\"description\":\"Webdo est un m\u00e9dia num\u00e9rique tunisien fond\u00e9 en 2010, sp\u00e9cialis\u00e9 dans l\u2019actualit\u00e9 nationale et internationale, l\u2019\u00e9conomie, la soci\u00e9t\u00e9 et les analyses politiques. Le site s\u2019adresse \u00e0 un large public francophone et couvre l\u2019information tunisienne en temps r\u00e9el.\",\"email\":\"redac@webdo.tn\",\"legalName\":\"YNJ SARL\",\"foundingDate\":\"2010-09-06\",\"numberOfEmployees\":{\"@type\":\"QuantitativeValue\",\"minValue\":\"11\",\"maxValue\":\"50\"}},{\"@type\":\"Person\",\"@id\":\"https:\\\/\\\/www.webdo.tn\\\/fr\\\/#\\\/schema\\\/person\\\/1f4e491e0907b413d61089e8eb573acc\",\"name\":\"Webdo\",\"image\":{\"@type\":\"ImageObject\",\"inLanguage\":\"fr-FR\",\"@id\":\"https:\\\/\\\/secure.gravatar.com\\\/avatar\\\/de97aeec1bb80978a9dbb127e47dfc88aaacb2f3c29aac907d8d3222e3495d49?s=96&d=mm&r=g\",\"url\":\"https:\\\/\\\/secure.gravatar.com\\\/avatar\\\/de97aeec1bb80978a9dbb127e47dfc88aaacb2f3c29aac907d8d3222e3495d49?s=96&d=mm&r=g\",\"contentUrl\":\"https:\\\/\\\/secure.gravatar.com\\\/avatar\\\/de97aeec1bb80978a9dbb127e47dfc88aaacb2f3c29aac907d8d3222e3495d49?s=96&d=mm&r=g\",\"caption\":\"Webdo\"},\"url\":\"https:\\\/\\\/www.webdo.tn\\\/fr\\\/actualite\\\/author\\\/webdo\\\/\"}]}<\/script>\n<!-- \/ Yoast SEO Premium plugin. -->","yoast_head_json":{"title":"Antonio Tajani d\u00e9plore la forte hausse de l'immigration clandestine en provenance de la Tunisie","description":"Le ministre italien des Affaires \u00e9trang\u00e8res, Antonio Tajani a expliqu\u00e9, dans une d\u00e9claration \u00e0 l\u2019agence de presse italienne AdnKronos, que l'immigration clandes...","canonical":"https:\/\/www.webdo.tn\/fr\/actualite\/national\/antonio-tajani-deplore-la-forte-hausse-de-l-immigration-clandestine-en-provenance-de-la-tunisie\/205074\/","og_locale":"fr_FR","og_type":"article","og_title":"Antonio Tajani d\u00e9plore la forte hausse de l'immigration clandestine en provenance de la Tunisie","og_description":"Le ministre italien des Affaires \u00e9trang\u00e8res, Antonio Tajani a expliqu\u00e9, dans une d\u00e9claration \u00e0 l\u2019agence de presse italienne AdnKronos, que l'immigration clandes...","og_url":"https:\/\/www.webdo.tn\/fr\/actualite\/national\/antonio-tajani-deplore-la-forte-hausse-de-l-immigration-clandestine-en-provenance-de-la-tunisie\/205074\/","og_site_name":"webdo","article_publisher":"https:\/\/www.facebook.com\/webdotn","article_published_time":"2023-04-22T11:38:00+00:00","og_image":[{"width":750,"height":400,"url":"https:\/\/www.webdo.tn\/fr\/wp-content\/uploads\/2023\/04\/9b08fe16c8bc217bc1c1c3f9c0cdfede.jpg","type":"image\/jpeg"}],"author":"Webdo","twitter_card":"summary_large_image","twitter_creator":"@webdo_tn","twitter_site":"@webdo_tn","twitter_misc":{"\u00c9crit par":"Webdo","Dur\u00e9e de lecture estim\u00e9e":"1 minute"},"schema":{"@context":"https:\/\/schema.org","@graph":[{"@type":"NewsArticle","@id":"https:\/\/www.webdo.tn\/fr\/actualite\/national\/antonio-tajani-deplore-la-forte-hausse-de-l-immigration-clandestine-en-provenance-de-la-tunisie\/205074\/#article","isPartOf":{"@id":"https:\/\/www.webdo.tn\/fr\/actualite\/national\/antonio-tajani-deplore-la-forte-hausse-de-l-immigration-clandestine-en-provenance-de-la-tunisie\/205074\/"},"author":{"name":"Webdo","@id":"https:\/\/www.webdo.tn\/fr\/#\/schema\/person\/1f4e491e0907b413d61089e8eb573acc"},"headline":"Antonio Tajani d\u00e9plore la forte hausse de l&rsquo;immigration clandestine en provenance de la Tunisie","datePublished":"2023-04-22T11:38:00+00:00","mainEntityOfPage":{"@id":"https:\/\/www.webdo.tn\/fr\/actualite\/national\/antonio-tajani-deplore-la-forte-hausse-de-l-immigration-clandestine-en-provenance-de-la-tunisie\/205074\/"},"wordCount":196,"commentCount":0,"publisher":{"@id":"https:\/\/www.webdo.tn\/fr\/#organization"},"image":{"@id":"https:\/\/www.webdo.tn\/fr\/actualite\/national\/antonio-tajani-deplore-la-forte-hausse-de-l-immigration-clandestine-en-provenance-de-la-tunisie\/205074\/#primaryimage"},"thumbnailUrl":"https:\/\/www.webdo.tn\/fr\/wp-content\/uploads\/2023\/04\/9b08fe16c8bc217bc1c1c3f9c0cdfede.jpg","keywords":["antonio tajani","Italie","migrants","Tunisie","UE"],"articleSection":["National"],"inLanguage":"fr-FR"},{"@type":"WebPage","@id":"https:\/\/www.webdo.tn\/fr\/actualite\/national\/antonio-tajani-deplore-la-forte-hausse-de-l-immigration-clandestine-en-provenance-de-la-tunisie\/205074\/","url":"https:\/\/www.webdo.tn\/fr\/actualite\/national\/antonio-tajani-deplore-la-forte-hausse-de-l-immigration-clandestine-en-provenance-de-la-tunisie\/205074\/","name":"Antonio Tajani d\u00e9plore la forte hausse de l'immigration clandestine en provenance de la Tunisie","isPartOf":{"@id":"https:\/\/www.webdo.tn\/fr\/#website"},"primaryImageOfPage":{"@id":"https:\/\/www.webdo.tn\/fr\/actualite\/national\/antonio-tajani-deplore-la-forte-hausse-de-l-immigration-clandestine-en-provenance-de-la-tunisie\/205074\/#primaryimage"},"image":{"@id":"https:\/\/www.webdo.tn\/fr\/actualite\/national\/antonio-tajani-deplore-la-forte-hausse-de-l-immigration-clandestine-en-provenance-de-la-tunisie\/205074\/#primaryimage"},"thumbnailUrl":"https:\/\/www.webdo.tn\/fr\/wp-content\/uploads\/2023\/04\/9b08fe16c8bc217bc1c1c3f9c0cdfede.jpg","datePublished":"2023-04-22T11:38:00+00:00","description":"Le ministre italien des Affaires \u00e9trang\u00e8res, Antonio Tajani a expliqu\u00e9, dans une d\u00e9claration \u00e0 l\u2019agence de presse italienne AdnKronos, que l'immigration clandes...","breadcrumb":{"@id":"https:\/\/www.webdo.tn\/fr\/actualite\/national\/antonio-tajani-deplore-la-forte-hausse-de-l-immigration-clandestine-en-provenance-de-la-tunisie\/205074\/#breadcrumb"},"inLanguage":"fr-FR","potentialAction":[{"@type":"ReadAction","target":["https:\/\/www.webdo.tn\/fr\/actualite\/national\/antonio-tajani-deplore-la-forte-hausse-de-l-immigration-clandestine-en-provenance-de-la-tunisie\/205074\/"]}]},{"@type":"ImageObject","inLanguage":"fr-FR","@id":"https:\/\/www.webdo.tn\/fr\/actualite\/national\/antonio-tajani-deplore-la-forte-hausse-de-l-immigration-clandestine-en-provenance-de-la-tunisie\/205074\/#primaryimage","url":"https:\/\/www.webdo.tn\/fr\/wp-content\/uploads\/2023\/04\/9b08fe16c8bc217bc1c1c3f9c0cdfede.jpg","contentUrl":"https:\/\/www.webdo.tn\/fr\/wp-content\/uploads\/2023\/04\/9b08fe16c8bc217bc1c1c3f9c0cdfede.jpg","width":750,"height":400,"caption":"Antonio Tajani d\u00e9plore la forte hausse de l'immigration clandestine en provenance de la Tunisie"},{"@type":"BreadcrumbList","@id":"https:\/\/www.webdo.tn\/fr\/actualite\/national\/antonio-tajani-deplore-la-forte-hausse-de-l-immigration-clandestine-en-provenance-de-la-tunisie\/205074\/#breadcrumb","itemListElement":[{"@type":"ListItem","position":1,"name":"Accueil","item":"https:\/\/www.webdo.tn\/fr\/"},{"@type":"ListItem","position":2,"name":"Antonio Tajani d\u00e9plore la forte hausse de l&#8217;immigration clandestine en provenance de la Tunisie"}]},{"@type":"WebSite","@id":"https:\/\/www.webdo.tn\/fr\/#website","url":"https:\/\/www.webdo.tn\/fr\/","name":"webdo","description":"Tunisie - News en Tunisie et \u00e0 l&#039;international sur Webdo.tn","publisher":{"@id":"https:\/\/www.webdo.tn\/fr\/#organization"},"potentialAction":[{"@type":"SearchAction","target":{"@type":"EntryPoint","urlTemplate":"https:\/\/www.webdo.tn\/fr\/?s={search_term_string}"},"query-input":{"@type":"PropertyValueSpecification","valueRequired":true,"valueName":"search_term_string"}}],"inLanguage":"fr-FR"},{"@type":"Organization","@id":"https:\/\/www.webdo.tn\/fr\/#organization","name":"Webdo","alternateName":"Webdo.tn","url":"https:\/\/www.webdo.tn\/fr\/","logo":{"@type":"ImageObject","inLanguage":"fr-FR","@id":"https:\/\/www.webdo.tn\/fr\/#\/schema\/logo\/image\/","url":"https:\/\/www.webdo.tn\/fr\/wp-content\/uploads\/2025\/06\/Webdo-Tunisie_168377.jpg","contentUrl":"https:\/\/www.webdo.tn\/fr\/wp-content\/uploads\/2025\/06\/Webdo-Tunisie_168377.jpg","width":301,"height":301,"caption":"Webdo"},"image":{"@id":"https:\/\/www.webdo.tn\/fr\/#\/schema\/logo\/image\/"},"sameAs":["https:\/\/www.facebook.com\/webdotn","https:\/\/x.com\/webdo_tn"],"description":"Webdo est un m\u00e9dia num\u00e9rique tunisien fond\u00e9 en 2010, sp\u00e9cialis\u00e9 dans l\u2019actualit\u00e9 nationale et internationale, l\u2019\u00e9conomie, la soci\u00e9t\u00e9 et les analyses politiques. Le site s\u2019adresse \u00e0 un large public francophone et couvre l\u2019information tunisienne en temps r\u00e9el.","email":"redac@webdo.tn","legalName":"YNJ SARL","foundingDate":"2010-09-06","numberOfEmployees":{"@type":"QuantitativeValue","minValue":"11","maxValue":"50"}},{"@type":"Person","@id":"https:\/\/www.webdo.tn\/fr\/#\/schema\/person\/1f4e491e0907b413d61089e8eb573acc","name":"Webdo","image":{"@type":"ImageObject","inLanguage":"fr-FR","@id":"https:\/\/secure.gravatar.com\/avatar\/de97aeec1bb80978a9dbb127e47dfc88aaacb2f3c29aac907d8d3222e3495d49?s=96&d=mm&r=g","url":"https:\/\/secure.gravatar.com\/avatar\/de97aeec1bb80978a9dbb127e47dfc88aaacb2f3c29aac907d8d3222e3495d49?s=96&d=mm&r=g","contentUrl":"https:\/\/secure.gravatar.com\/avatar\/de97aeec1bb80978a9dbb127e47dfc88aaacb2f3c29aac907d8d3222e3495d49?s=96&d=mm&r=g","caption":"Webdo"},"url":"https:\/\/www.webdo.tn\/fr\/actualite\/author\/webdo\/"}]}},"_links":{"self":[{"href":"https:\/\/www.webdo.tn\/fr\/wp-json\/wp\/v2\/posts\/205074","targetHints":{"allow":["GET"]}}],"collection":[{"href":"https:\/\/www.webdo.tn\/fr\/wp-json\/wp\/v2\/posts"}],"about":[{"href":"https:\/\/www.webdo.tn\/fr\/wp-json\/wp\/v2\/types\/post"}],"author":[{"embeddable":true,"href":"https:\/\/www.webdo.tn\/fr\/wp-json\/wp\/v2\/users\/3169"}],"replies":[{"embeddable":true,"href":"https:\/\/www.webdo.tn\/fr\/wp-json\/wp\/v2\/comments?post=205074"}],"version-history":[{"count":0,"href":"https:\/\/www.webdo.tn\/fr\/wp-json\/wp\/v2\/posts\/205074\/revisions"}],"wp:featuredmedia":[{"embeddable":true,"href":"https:\/\/www.webdo.tn\/fr\/wp-json\/wp\/v2\/media\/251364"}],"wp:attachment":[{"href":"https:\/\/www.webdo.tn\/fr\/wp-json\/wp\/v2\/media?parent=205074"}],"wp:term":[{"taxonomy":"category","embeddable":true,"href":"https:\/\/www.webdo.tn\/fr\/wp-json\/wp\/v2\/categories?post=205074"},{"taxonomy":"post_tag","embeddable":true,"href":"https:\/\/www.webdo.tn\/fr\/wp-json\/wp\/v2\/tags?post=205074"}],"curies":[{"name":"wp","href":"https:\/\/api.w.org\/{rel}","templated":true}]}}