{"id":205073,"date":"2023-04-22T11:13:00","date_gmt":"2023-04-22T11:13:00","guid":{"rendered":"https:\/\/www.webdo.tn\/fr\/blog\/tunisie-hausse-de-6-6-du-nombre-des-recrutes-a-l-etranger-1er-trimestre-2023\/205073\/"},"modified":"2023-04-22T11:13:00","modified_gmt":"2023-04-22T11:13:00","slug":"tunisie-hausse-de-6-6-du-nombre-des-recrutes-a-l-etranger-1er-trimestre-2023","status":"publish","type":"post","link":"https:\/\/www.webdo.tn\/fr\/actualite\/national\/tunisie-hausse-de-6-6-du-nombre-des-recrutes-a-l-etranger-1er-trimestre-2023\/205073\/","title":{"rendered":"Tunisie : Hausse de 6,6% du nombre des recrut\u00e9s \u00e0 l&rsquo;\u00e9tranger (1er trimestre 2023)"},"content":{"rendered":"<p>Le nombre de Tunisiens recrut\u00e9s \u00e0 l&rsquo;\u00e9tranger dans le cadre de la coop\u00e9ration technique ont atteint 826 personnes, lors du premier trimestre de l&rsquo;ann\u00e9e 2023, selon les chiffres publi\u00e9s par l&rsquo;Agence Tunisienne de Coop\u00e9ration Technique (ATCT).<\/p>\n<p>\t\t\t\t\t\t\t\t\tCette croissance repr\u00e9sente\u00a06,6% par rapport \u00e0 la m\u00eame p\u00e9riode de l&rsquo;ann\u00e9e 2022. L&rsquo;ATCT pr\u00e9cise que les recrutements ont touch\u00e9 le secteur de la sant\u00e9 (14%) qui a occup\u00e9 la plus grande part avec 365 cadres m\u00e9dicaux et param\u00e9dicaux,\u00a0les secteurs de l&rsquo;ing\u00e9nierie avec 137 personnes recrut\u00e9es, de l\u2019informatique (66 personnes recrut\u00e9es) et l&rsquo;\u00e9ducation (51 personnes recrut\u00e9es).<\/p>\n<p>Les pays europ\u00e9ens ont occup\u00e9 la premi\u00e8re position en mati\u00e8re de recrutement des comp\u00e9tences tunisiennes avec 372 personnes recrut\u00e9es, soit 45% du total des recrutements. Ils sont suivis par les pays arabes (228 personnes recrut\u00e9es), les pays am\u00e9ricains et asiatiques ( 178 personnes recrut\u00e9es), les pays africains (24 personnes recrut\u00e9es.<\/p>\n","protected":false},"excerpt":{"rendered":"<p>Le nombre de Tunisiens recrut\u00e9s \u00e0 l&rsquo;\u00e9tranger dans le cadre de la coop\u00e9ration technique ont atteint 826 personnes, lors du premier trimestre de l&rsquo;ann\u00e9e 2023, sel&#8230;<\/p>\n","protected":false},"author":3169,"featured_media":251363,"comment_status":"open","ping_status":"closed","sticky":false,"template":"","format":"standard","meta":{"footnotes":""},"categories":[44],"tags":[3619,2789,3872,2608],"class_list":["post-205073","post","type-post","status-publish","format-standard","has-post-thumbnail","hentry","category-national","tag-atct","tag-competences","tag-recrutement","tag-tunisie"],"yoast_head":"<!-- This site is optimized with the Yoast SEO Premium plugin v27.4 (Yoast SEO v27.5) - https:\/\/yoast.com\/product\/yoast-seo-premium-wordpress\/ -->\n<title>Tunisie : Hausse de 6,6% du nombre des recrut\u00e9s \u00e0 l&#039;\u00e9tranger (1er trimestre 2023)<\/title>\n<meta name=\"description\" content=\"Le nombre de Tunisiens recrut\u00e9s \u00e0 l&#039;\u00e9tranger dans le cadre de la coop\u00e9ration technique ont atteint 826 personnes, lors du premier trimestre de l&#039;ann\u00e9e 2023, sel...\" \/>\n<link rel=\"canonical\" href=\"https:\/\/www.webdo.tn\/fr\/actualite\/national\/tunisie-hausse-de-6-6-du-nombre-des-recrutes-a-l-etranger-1er-trimestre-2023\/205073\/\" \/>\n<meta property=\"og:locale\" content=\"fr_FR\" \/>\n<meta property=\"og:type\" content=\"article\" \/>\n<meta property=\"og:title\" content=\"Tunisie : Hausse de 6,6% du nombre des recrut\u00e9s \u00e0 l&#039;\u00e9tranger (1er trimestre 2023)\" \/>\n<meta property=\"og:description\" content=\"Le nombre de Tunisiens recrut\u00e9s \u00e0 l&#039;\u00e9tranger dans le cadre de la coop\u00e9ration technique ont atteint 826 personnes, lors du premier trimestre de l&#039;ann\u00e9e 2023, sel...\" \/>\n<meta property=\"og:url\" content=\"https:\/\/www.webdo.tn\/fr\/actualite\/national\/tunisie-hausse-de-6-6-du-nombre-des-recrutes-a-l-etranger-1er-trimestre-2023\/205073\/\" \/>\n<meta property=\"og:site_name\" content=\"webdo\" \/>\n<meta property=\"article:publisher\" content=\"https:\/\/www.facebook.com\/webdotn\" \/>\n<meta property=\"article:published_time\" content=\"2023-04-22T11:13:00+00:00\" \/>\n<meta property=\"og:image\" content=\"https:\/\/www.webdo.tn\/fr\/wp-content\/uploads\/2023\/04\/f60b7de39fbdf3a0e136395b4a32c289.jpg\" \/>\n\t<meta property=\"og:image:width\" content=\"680\" \/>\n\t<meta property=\"og:image:height\" content=\"363\" \/>\n\t<meta property=\"og:image:type\" content=\"image\/jpeg\" \/>\n<meta name=\"author\" content=\"Webdo\" \/>\n<meta name=\"twitter:card\" content=\"summary_large_image\" \/>\n<meta name=\"twitter:creator\" content=\"@webdo_tn\" \/>\n<meta name=\"twitter:site\" content=\"@webdo_tn\" \/>\n<meta name=\"twitter:label1\" content=\"\u00c9crit par\" \/>\n\t<meta name=\"twitter:data1\" content=\"Webdo\" \/>\n\t<meta name=\"twitter:label2\" content=\"Dur\u00e9e de lecture estim\u00e9e\" \/>\n\t<meta name=\"twitter:data2\" content=\"1 minute\" \/>\n<script type=\"application\/ld+json\" class=\"yoast-schema-graph\">{\"@context\":\"https:\\\/\\\/schema.org\",\"@graph\":[{\"@type\":\"NewsArticle\",\"@id\":\"https:\\\/\\\/www.webdo.tn\\\/fr\\\/actualite\\\/national\\\/tunisie-hausse-de-6-6-du-nombre-des-recrutes-a-l-etranger-1er-trimestre-2023\\\/205073\\\/#article\",\"isPartOf\":{\"@id\":\"https:\\\/\\\/www.webdo.tn\\\/fr\\\/actualite\\\/national\\\/tunisie-hausse-de-6-6-du-nombre-des-recrutes-a-l-etranger-1er-trimestre-2023\\\/205073\\\/\"},\"author\":{\"name\":\"Webdo\",\"@id\":\"https:\\\/\\\/www.webdo.tn\\\/fr\\\/#\\\/schema\\\/person\\\/1f4e491e0907b413d61089e8eb573acc\"},\"headline\":\"Tunisie : Hausse de 6,6% du nombre des recrut\u00e9s \u00e0 l&rsquo;\u00e9tranger (1er trimestre 2023)\",\"datePublished\":\"2023-04-22T11:13:00+00:00\",\"mainEntityOfPage\":{\"@id\":\"https:\\\/\\\/www.webdo.tn\\\/fr\\\/actualite\\\/national\\\/tunisie-hausse-de-6-6-du-nombre-des-recrutes-a-l-etranger-1er-trimestre-2023\\\/205073\\\/\"},\"wordCount\":171,\"commentCount\":0,\"publisher\":{\"@id\":\"https:\\\/\\\/www.webdo.tn\\\/fr\\\/#organization\"},\"image\":{\"@id\":\"https:\\\/\\\/www.webdo.tn\\\/fr\\\/actualite\\\/national\\\/tunisie-hausse-de-6-6-du-nombre-des-recrutes-a-l-etranger-1er-trimestre-2023\\\/205073\\\/#primaryimage\"},\"thumbnailUrl\":\"https:\\\/\\\/www.webdo.tn\\\/fr\\\/wp-content\\\/uploads\\\/2023\\\/04\\\/f60b7de39fbdf3a0e136395b4a32c289.jpg\",\"keywords\":[\"atct\",\"comp\u00e9tences\",\"recrutement\",\"Tunisie\"],\"articleSection\":[\"National\"],\"inLanguage\":\"fr-FR\"},{\"@type\":\"WebPage\",\"@id\":\"https:\\\/\\\/www.webdo.tn\\\/fr\\\/actualite\\\/national\\\/tunisie-hausse-de-6-6-du-nombre-des-recrutes-a-l-etranger-1er-trimestre-2023\\\/205073\\\/\",\"url\":\"https:\\\/\\\/www.webdo.tn\\\/fr\\\/actualite\\\/national\\\/tunisie-hausse-de-6-6-du-nombre-des-recrutes-a-l-etranger-1er-trimestre-2023\\\/205073\\\/\",\"name\":\"Tunisie : Hausse de 6,6% du nombre des recrut\u00e9s \u00e0 l'\u00e9tranger (1er trimestre 2023)\",\"isPartOf\":{\"@id\":\"https:\\\/\\\/www.webdo.tn\\\/fr\\\/#website\"},\"primaryImageOfPage\":{\"@id\":\"https:\\\/\\\/www.webdo.tn\\\/fr\\\/actualite\\\/national\\\/tunisie-hausse-de-6-6-du-nombre-des-recrutes-a-l-etranger-1er-trimestre-2023\\\/205073\\\/#primaryimage\"},\"image\":{\"@id\":\"https:\\\/\\\/www.webdo.tn\\\/fr\\\/actualite\\\/national\\\/tunisie-hausse-de-6-6-du-nombre-des-recrutes-a-l-etranger-1er-trimestre-2023\\\/205073\\\/#primaryimage\"},\"thumbnailUrl\":\"https:\\\/\\\/www.webdo.tn\\\/fr\\\/wp-content\\\/uploads\\\/2023\\\/04\\\/f60b7de39fbdf3a0e136395b4a32c289.jpg\",\"datePublished\":\"2023-04-22T11:13:00+00:00\",\"description\":\"Le nombre de Tunisiens recrut\u00e9s \u00e0 l'\u00e9tranger dans le cadre de la coop\u00e9ration technique ont atteint 826 personnes, lors du premier trimestre de l'ann\u00e9e 2023, sel...\",\"breadcrumb\":{\"@id\":\"https:\\\/\\\/www.webdo.tn\\\/fr\\\/actualite\\\/national\\\/tunisie-hausse-de-6-6-du-nombre-des-recrutes-a-l-etranger-1er-trimestre-2023\\\/205073\\\/#breadcrumb\"},\"inLanguage\":\"fr-FR\",\"potentialAction\":[{\"@type\":\"ReadAction\",\"target\":[\"https:\\\/\\\/www.webdo.tn\\\/fr\\\/actualite\\\/national\\\/tunisie-hausse-de-6-6-du-nombre-des-recrutes-a-l-etranger-1er-trimestre-2023\\\/205073\\\/\"]}]},{\"@type\":\"ImageObject\",\"inLanguage\":\"fr-FR\",\"@id\":\"https:\\\/\\\/www.webdo.tn\\\/fr\\\/actualite\\\/national\\\/tunisie-hausse-de-6-6-du-nombre-des-recrutes-a-l-etranger-1er-trimestre-2023\\\/205073\\\/#primaryimage\",\"url\":\"https:\\\/\\\/www.webdo.tn\\\/fr\\\/wp-content\\\/uploads\\\/2023\\\/04\\\/f60b7de39fbdf3a0e136395b4a32c289.jpg\",\"contentUrl\":\"https:\\\/\\\/www.webdo.tn\\\/fr\\\/wp-content\\\/uploads\\\/2023\\\/04\\\/f60b7de39fbdf3a0e136395b4a32c289.jpg\",\"width\":680,\"height\":363,\"caption\":\"Tunisie : Hausse de 6,6% du nombre des recrut\u00e9s \u00e0 l'\u00e9tranger (1er trimestre 2023)\"},{\"@type\":\"BreadcrumbList\",\"@id\":\"https:\\\/\\\/www.webdo.tn\\\/fr\\\/actualite\\\/national\\\/tunisie-hausse-de-6-6-du-nombre-des-recrutes-a-l-etranger-1er-trimestre-2023\\\/205073\\\/#breadcrumb\",\"itemListElement\":[{\"@type\":\"ListItem\",\"position\":1,\"name\":\"Accueil\",\"item\":\"https:\\\/\\\/www.webdo.tn\\\/fr\\\/\"},{\"@type\":\"ListItem\",\"position\":2,\"name\":\"Tunisie : Hausse de 6,6% du nombre des recrut\u00e9s \u00e0 l&#8217;\u00e9tranger (1er trimestre 2023)\"}]},{\"@type\":\"WebSite\",\"@id\":\"https:\\\/\\\/www.webdo.tn\\\/fr\\\/#website\",\"url\":\"https:\\\/\\\/www.webdo.tn\\\/fr\\\/\",\"name\":\"webdo\",\"description\":\"Tunisie - News en Tunisie et \u00e0 l&#039;international sur Webdo.tn\",\"publisher\":{\"@id\":\"https:\\\/\\\/www.webdo.tn\\\/fr\\\/#organization\"},\"potentialAction\":[{\"@type\":\"SearchAction\",\"target\":{\"@type\":\"EntryPoint\",\"urlTemplate\":\"https:\\\/\\\/www.webdo.tn\\\/fr\\\/?s={search_term_string}\"},\"query-input\":{\"@type\":\"PropertyValueSpecification\",\"valueRequired\":true,\"valueName\":\"search_term_string\"}}],\"inLanguage\":\"fr-FR\"},{\"@type\":\"Organization\",\"@id\":\"https:\\\/\\\/www.webdo.tn\\\/fr\\\/#organization\",\"name\":\"Webdo\",\"alternateName\":\"Webdo.tn\",\"url\":\"https:\\\/\\\/www.webdo.tn\\\/fr\\\/\",\"logo\":{\"@type\":\"ImageObject\",\"inLanguage\":\"fr-FR\",\"@id\":\"https:\\\/\\\/www.webdo.tn\\\/fr\\\/#\\\/schema\\\/logo\\\/image\\\/\",\"url\":\"https:\\\/\\\/www.webdo.tn\\\/fr\\\/wp-content\\\/uploads\\\/2025\\\/06\\\/Webdo-Tunisie_168377.jpg\",\"contentUrl\":\"https:\\\/\\\/www.webdo.tn\\\/fr\\\/wp-content\\\/uploads\\\/2025\\\/06\\\/Webdo-Tunisie_168377.jpg\",\"width\":301,\"height\":301,\"caption\":\"Webdo\"},\"image\":{\"@id\":\"https:\\\/\\\/www.webdo.tn\\\/fr\\\/#\\\/schema\\\/logo\\\/image\\\/\"},\"sameAs\":[\"https:\\\/\\\/www.facebook.com\\\/webdotn\",\"https:\\\/\\\/x.com\\\/webdo_tn\"],\"description\":\"Webdo est un m\u00e9dia num\u00e9rique tunisien fond\u00e9 en 2010, sp\u00e9cialis\u00e9 dans l\u2019actualit\u00e9 nationale et internationale, l\u2019\u00e9conomie, la soci\u00e9t\u00e9 et les analyses politiques. Le site s\u2019adresse \u00e0 un large public francophone et couvre l\u2019information tunisienne en temps r\u00e9el.\",\"email\":\"redac@webdo.tn\",\"legalName\":\"YNJ SARL\",\"foundingDate\":\"2010-09-06\",\"numberOfEmployees\":{\"@type\":\"QuantitativeValue\",\"minValue\":\"11\",\"maxValue\":\"50\"}},{\"@type\":\"Person\",\"@id\":\"https:\\\/\\\/www.webdo.tn\\\/fr\\\/#\\\/schema\\\/person\\\/1f4e491e0907b413d61089e8eb573acc\",\"name\":\"Webdo\",\"image\":{\"@type\":\"ImageObject\",\"inLanguage\":\"fr-FR\",\"@id\":\"https:\\\/\\\/secure.gravatar.com\\\/avatar\\\/de97aeec1bb80978a9dbb127e47dfc88aaacb2f3c29aac907d8d3222e3495d49?s=96&d=mm&r=g\",\"url\":\"https:\\\/\\\/secure.gravatar.com\\\/avatar\\\/de97aeec1bb80978a9dbb127e47dfc88aaacb2f3c29aac907d8d3222e3495d49?s=96&d=mm&r=g\",\"contentUrl\":\"https:\\\/\\\/secure.gravatar.com\\\/avatar\\\/de97aeec1bb80978a9dbb127e47dfc88aaacb2f3c29aac907d8d3222e3495d49?s=96&d=mm&r=g\",\"caption\":\"Webdo\"},\"url\":\"https:\\\/\\\/www.webdo.tn\\\/fr\\\/actualite\\\/author\\\/webdo\\\/\"}]}<\/script>\n<!-- \/ Yoast SEO Premium plugin. -->","yoast_head_json":{"title":"Tunisie : Hausse de 6,6% du nombre des recrut\u00e9s \u00e0 l'\u00e9tranger (1er trimestre 2023)","description":"Le nombre de Tunisiens recrut\u00e9s \u00e0 l'\u00e9tranger dans le cadre de la coop\u00e9ration technique ont atteint 826 personnes, lors du premier trimestre de l'ann\u00e9e 2023, sel...","canonical":"https:\/\/www.webdo.tn\/fr\/actualite\/national\/tunisie-hausse-de-6-6-du-nombre-des-recrutes-a-l-etranger-1er-trimestre-2023\/205073\/","og_locale":"fr_FR","og_type":"article","og_title":"Tunisie : Hausse de 6,6% du nombre des recrut\u00e9s \u00e0 l'\u00e9tranger (1er trimestre 2023)","og_description":"Le nombre de Tunisiens recrut\u00e9s \u00e0 l'\u00e9tranger dans le cadre de la coop\u00e9ration technique ont atteint 826 personnes, lors du premier trimestre de l'ann\u00e9e 2023, sel...","og_url":"https:\/\/www.webdo.tn\/fr\/actualite\/national\/tunisie-hausse-de-6-6-du-nombre-des-recrutes-a-l-etranger-1er-trimestre-2023\/205073\/","og_site_name":"webdo","article_publisher":"https:\/\/www.facebook.com\/webdotn","article_published_time":"2023-04-22T11:13:00+00:00","og_image":[{"width":680,"height":363,"url":"https:\/\/www.webdo.tn\/fr\/wp-content\/uploads\/2023\/04\/f60b7de39fbdf3a0e136395b4a32c289.jpg","type":"image\/jpeg"}],"author":"Webdo","twitter_card":"summary_large_image","twitter_creator":"@webdo_tn","twitter_site":"@webdo_tn","twitter_misc":{"\u00c9crit par":"Webdo","Dur\u00e9e de lecture estim\u00e9e":"1 minute"},"schema":{"@context":"https:\/\/schema.org","@graph":[{"@type":"NewsArticle","@id":"https:\/\/www.webdo.tn\/fr\/actualite\/national\/tunisie-hausse-de-6-6-du-nombre-des-recrutes-a-l-etranger-1er-trimestre-2023\/205073\/#article","isPartOf":{"@id":"https:\/\/www.webdo.tn\/fr\/actualite\/national\/tunisie-hausse-de-6-6-du-nombre-des-recrutes-a-l-etranger-1er-trimestre-2023\/205073\/"},"author":{"name":"Webdo","@id":"https:\/\/www.webdo.tn\/fr\/#\/schema\/person\/1f4e491e0907b413d61089e8eb573acc"},"headline":"Tunisie : Hausse de 6,6% du nombre des recrut\u00e9s \u00e0 l&rsquo;\u00e9tranger (1er trimestre 2023)","datePublished":"2023-04-22T11:13:00+00:00","mainEntityOfPage":{"@id":"https:\/\/www.webdo.tn\/fr\/actualite\/national\/tunisie-hausse-de-6-6-du-nombre-des-recrutes-a-l-etranger-1er-trimestre-2023\/205073\/"},"wordCount":171,"commentCount":0,"publisher":{"@id":"https:\/\/www.webdo.tn\/fr\/#organization"},"image":{"@id":"https:\/\/www.webdo.tn\/fr\/actualite\/national\/tunisie-hausse-de-6-6-du-nombre-des-recrutes-a-l-etranger-1er-trimestre-2023\/205073\/#primaryimage"},"thumbnailUrl":"https:\/\/www.webdo.tn\/fr\/wp-content\/uploads\/2023\/04\/f60b7de39fbdf3a0e136395b4a32c289.jpg","keywords":["atct","comp\u00e9tences","recrutement","Tunisie"],"articleSection":["National"],"inLanguage":"fr-FR"},{"@type":"WebPage","@id":"https:\/\/www.webdo.tn\/fr\/actualite\/national\/tunisie-hausse-de-6-6-du-nombre-des-recrutes-a-l-etranger-1er-trimestre-2023\/205073\/","url":"https:\/\/www.webdo.tn\/fr\/actualite\/national\/tunisie-hausse-de-6-6-du-nombre-des-recrutes-a-l-etranger-1er-trimestre-2023\/205073\/","name":"Tunisie : Hausse de 6,6% du nombre des recrut\u00e9s \u00e0 l'\u00e9tranger (1er trimestre 2023)","isPartOf":{"@id":"https:\/\/www.webdo.tn\/fr\/#website"},"primaryImageOfPage":{"@id":"https:\/\/www.webdo.tn\/fr\/actualite\/national\/tunisie-hausse-de-6-6-du-nombre-des-recrutes-a-l-etranger-1er-trimestre-2023\/205073\/#primaryimage"},"image":{"@id":"https:\/\/www.webdo.tn\/fr\/actualite\/national\/tunisie-hausse-de-6-6-du-nombre-des-recrutes-a-l-etranger-1er-trimestre-2023\/205073\/#primaryimage"},"thumbnailUrl":"https:\/\/www.webdo.tn\/fr\/wp-content\/uploads\/2023\/04\/f60b7de39fbdf3a0e136395b4a32c289.jpg","datePublished":"2023-04-22T11:13:00+00:00","description":"Le nombre de Tunisiens recrut\u00e9s \u00e0 l'\u00e9tranger dans le cadre de la coop\u00e9ration technique ont atteint 826 personnes, lors du premier trimestre de l'ann\u00e9e 2023, sel...","breadcrumb":{"@id":"https:\/\/www.webdo.tn\/fr\/actualite\/national\/tunisie-hausse-de-6-6-du-nombre-des-recrutes-a-l-etranger-1er-trimestre-2023\/205073\/#breadcrumb"},"inLanguage":"fr-FR","potentialAction":[{"@type":"ReadAction","target":["https:\/\/www.webdo.tn\/fr\/actualite\/national\/tunisie-hausse-de-6-6-du-nombre-des-recrutes-a-l-etranger-1er-trimestre-2023\/205073\/"]}]},{"@type":"ImageObject","inLanguage":"fr-FR","@id":"https:\/\/www.webdo.tn\/fr\/actualite\/national\/tunisie-hausse-de-6-6-du-nombre-des-recrutes-a-l-etranger-1er-trimestre-2023\/205073\/#primaryimage","url":"https:\/\/www.webdo.tn\/fr\/wp-content\/uploads\/2023\/04\/f60b7de39fbdf3a0e136395b4a32c289.jpg","contentUrl":"https:\/\/www.webdo.tn\/fr\/wp-content\/uploads\/2023\/04\/f60b7de39fbdf3a0e136395b4a32c289.jpg","width":680,"height":363,"caption":"Tunisie : Hausse de 6,6% du nombre des recrut\u00e9s \u00e0 l'\u00e9tranger (1er trimestre 2023)"},{"@type":"BreadcrumbList","@id":"https:\/\/www.webdo.tn\/fr\/actualite\/national\/tunisie-hausse-de-6-6-du-nombre-des-recrutes-a-l-etranger-1er-trimestre-2023\/205073\/#breadcrumb","itemListElement":[{"@type":"ListItem","position":1,"name":"Accueil","item":"https:\/\/www.webdo.tn\/fr\/"},{"@type":"ListItem","position":2,"name":"Tunisie : Hausse de 6,6% du nombre des recrut\u00e9s \u00e0 l&#8217;\u00e9tranger (1er trimestre 2023)"}]},{"@type":"WebSite","@id":"https:\/\/www.webdo.tn\/fr\/#website","url":"https:\/\/www.webdo.tn\/fr\/","name":"webdo","description":"Tunisie - News en Tunisie et \u00e0 l&#039;international sur Webdo.tn","publisher":{"@id":"https:\/\/www.webdo.tn\/fr\/#organization"},"potentialAction":[{"@type":"SearchAction","target":{"@type":"EntryPoint","urlTemplate":"https:\/\/www.webdo.tn\/fr\/?s={search_term_string}"},"query-input":{"@type":"PropertyValueSpecification","valueRequired":true,"valueName":"search_term_string"}}],"inLanguage":"fr-FR"},{"@type":"Organization","@id":"https:\/\/www.webdo.tn\/fr\/#organization","name":"Webdo","alternateName":"Webdo.tn","url":"https:\/\/www.webdo.tn\/fr\/","logo":{"@type":"ImageObject","inLanguage":"fr-FR","@id":"https:\/\/www.webdo.tn\/fr\/#\/schema\/logo\/image\/","url":"https:\/\/www.webdo.tn\/fr\/wp-content\/uploads\/2025\/06\/Webdo-Tunisie_168377.jpg","contentUrl":"https:\/\/www.webdo.tn\/fr\/wp-content\/uploads\/2025\/06\/Webdo-Tunisie_168377.jpg","width":301,"height":301,"caption":"Webdo"},"image":{"@id":"https:\/\/www.webdo.tn\/fr\/#\/schema\/logo\/image\/"},"sameAs":["https:\/\/www.facebook.com\/webdotn","https:\/\/x.com\/webdo_tn"],"description":"Webdo est un m\u00e9dia num\u00e9rique tunisien fond\u00e9 en 2010, sp\u00e9cialis\u00e9 dans l\u2019actualit\u00e9 nationale et internationale, l\u2019\u00e9conomie, la soci\u00e9t\u00e9 et les analyses politiques. Le site s\u2019adresse \u00e0 un large public francophone et couvre l\u2019information tunisienne en temps r\u00e9el.","email":"redac@webdo.tn","legalName":"YNJ SARL","foundingDate":"2010-09-06","numberOfEmployees":{"@type":"QuantitativeValue","minValue":"11","maxValue":"50"}},{"@type":"Person","@id":"https:\/\/www.webdo.tn\/fr\/#\/schema\/person\/1f4e491e0907b413d61089e8eb573acc","name":"Webdo","image":{"@type":"ImageObject","inLanguage":"fr-FR","@id":"https:\/\/secure.gravatar.com\/avatar\/de97aeec1bb80978a9dbb127e47dfc88aaacb2f3c29aac907d8d3222e3495d49?s=96&d=mm&r=g","url":"https:\/\/secure.gravatar.com\/avatar\/de97aeec1bb80978a9dbb127e47dfc88aaacb2f3c29aac907d8d3222e3495d49?s=96&d=mm&r=g","contentUrl":"https:\/\/secure.gravatar.com\/avatar\/de97aeec1bb80978a9dbb127e47dfc88aaacb2f3c29aac907d8d3222e3495d49?s=96&d=mm&r=g","caption":"Webdo"},"url":"https:\/\/www.webdo.tn\/fr\/actualite\/author\/webdo\/"}]}},"_links":{"self":[{"href":"https:\/\/www.webdo.tn\/fr\/wp-json\/wp\/v2\/posts\/205073","targetHints":{"allow":["GET"]}}],"collection":[{"href":"https:\/\/www.webdo.tn\/fr\/wp-json\/wp\/v2\/posts"}],"about":[{"href":"https:\/\/www.webdo.tn\/fr\/wp-json\/wp\/v2\/types\/post"}],"author":[{"embeddable":true,"href":"https:\/\/www.webdo.tn\/fr\/wp-json\/wp\/v2\/users\/3169"}],"replies":[{"embeddable":true,"href":"https:\/\/www.webdo.tn\/fr\/wp-json\/wp\/v2\/comments?post=205073"}],"version-history":[{"count":0,"href":"https:\/\/www.webdo.tn\/fr\/wp-json\/wp\/v2\/posts\/205073\/revisions"}],"wp:featuredmedia":[{"embeddable":true,"href":"https:\/\/www.webdo.tn\/fr\/wp-json\/wp\/v2\/media\/251363"}],"wp:attachment":[{"href":"https:\/\/www.webdo.tn\/fr\/wp-json\/wp\/v2\/media?parent=205073"}],"wp:term":[{"taxonomy":"category","embeddable":true,"href":"https:\/\/www.webdo.tn\/fr\/wp-json\/wp\/v2\/categories?post=205073"},{"taxonomy":"post_tag","embeddable":true,"href":"https:\/\/www.webdo.tn\/fr\/wp-json\/wp\/v2\/tags?post=205073"}],"curies":[{"name":"wp","href":"https:\/\/api.w.org\/{rel}","templated":true}]}}