{"id":205057,"date":"2023-04-21T09:39:00","date_gmt":"2023-04-21T09:39:00","guid":{"rendered":"https:\/\/www.webdo.tn\/fr\/blog\/tunisie-tous-les-details-sur-la-deuxieme-tranche-de-l-emprunt-obligataire-national\/205057\/"},"modified":"2025-05-20T22:44:02","modified_gmt":"2025-05-20T22:44:02","slug":"tunisie-tous-les-details-sur-la-deuxieme-tranche-de-l-emprunt-obligataire-national","status":"publish","type":"post","link":"https:\/\/www.webdo.tn\/fr\/actualite\/national\/tunisie-tous-les-details-sur-la-deuxieme-tranche-de-l-emprunt-obligataire-national\/205057\/","title":{"rendered":"Tunisie : Tous les d\u00e9tails sur la deuxi\u00e8me tranche de l&#8217;emprunt obligataire national"},"content":{"rendered":"<p>Le minist\u00e8re des Finances a pris une d\u00e9cision portant sur les sp\u00e9cificit\u00e9s et les conditions de l&rsquo;\u00e9mission de la deuxi\u00e8me tranche de l&#8217;emprunt obligataire national 2023 ainsi que sur la date de l&rsquo;ouverture et de la cl\u00f4ture de la souscription.<\/p>\n<p>\t\t\t\t\t\t\t\t\tPubli\u00e9e jeudi dans le dernier num\u00e9ro (40) du Journal Officiel de la R\u00e9publique tunisienne (JORT), la d\u00e9cision comprend 8 articles ; le premier a d\u00e9termin\u00e9 le montant de la deuxi\u00e8me tranche de l&#8217;emprunt \u00e0 raison de 700 MD avec la possibilit\u00e9 d&rsquo;augmenter sa valeur.<\/p>\n<p>La souscription dans cette tranche s&rsquo;ouvre du 8 mai au 17 mai prochain avec la possibilit\u00e9 de cl\u00f4turer la souscription avant cette date ou la prolonger.<\/p>\n<p>L&rsquo;article 3, donne la possibilit\u00e9 de souscrire dans l&#8217;emprunt obligataire national selon le choix du souscripteur dans les trois cat\u00e9gories : cat\u00e9gorie \u00a0\u00bb A \u00a0\u00bb d&rsquo;une valeur nominale pour chaque titre de 10 dinars, la cat\u00e9gorie \u00a0\u00bb B \u00a0\u00bb d&rsquo;une valeur nominale pour chaque titre de 100 dinars avec une p\u00e9riode de remboursement de 7 ans alors que la cat\u00e9gorie \u00a0\u00bb C \u00a0\u00bb porte une valeur nominale pour chaque titre de 100 dinars avec une p\u00e9riode de remboursement de 10 ans.<\/p>\n<p>Les taux d&rsquo;int\u00e9r\u00eat pour ces trois cat\u00e9gories repr\u00e9sentent respectivement 9,75% par an, 9, 80% et 9,95% par an.<br \/>\nIl convient de rappeler que la Tunisie a r\u00e9ussi en f\u00e9vrier dernier \u00e0 mobiliser 715 MD au titre de la premi\u00e8re tranche de l&#8217;emprunt obligataire national pour l&rsquo;ann\u00e9e 2023, d\u00e9passant ainsi l&rsquo;objectif trac\u00e9 aux alentours de 700 MD.<\/p>\n<p>La Tunisie ambitionne, \u00e0 travers la souscription dans les quatre tranches, de mobiliser un montant de 2,8 milliards de dinars, surtout que l&#8217;emprunt obligataire lanc\u00e9 en 2022 sur 4 tranches a permis de mobiliser 2,9 milliards de dinars contre 1,4 milliards de dinars fix\u00e9s comme premier plafond de cet emprunt.<\/p>\n","protected":false},"excerpt":{"rendered":"<p>Le minist\u00e8re des Finances a pris une d\u00e9cision portant sur les sp\u00e9cificit\u00e9s et les conditions de l&rsquo;\u00e9mission de la deuxi\u00e8me tranche de l&#8217;emprunt obligataire natio&#8230;<\/p>\n","protected":false},"author":3175,"featured_media":251359,"comment_status":"open","ping_status":"closed","sticky":false,"template":"","format":"standard","meta":{"footnotes":""},"categories":[44],"tags":[5345,2608],"class_list":["post-205057","post","type-post","status-publish","format-standard","has-post-thumbnail","hentry","category-national","tag-emprunt-obligataire","tag-tunisie"],"yoast_head":"<!-- This site is optimized with the Yoast SEO Premium plugin v27.4 (Yoast SEO v27.5) - https:\/\/yoast.com\/product\/yoast-seo-premium-wordpress\/ -->\n<title>Tunisie : Tous les d\u00e9tails sur la deuxi\u00e8me tranche de l&#039;emprunt obligataire national<\/title>\n<meta name=\"description\" content=\"Le minist\u00e8re des Finances a pris une d\u00e9cision portant sur les sp\u00e9cificit\u00e9s et les conditions de l&#039;\u00e9mission de la deuxi\u00e8me tranche de l&#039;emprunt obligataire natio...\" \/>\n<link rel=\"canonical\" href=\"https:\/\/www.webdo.tn\/fr\/actualite\/national\/tunisie-tous-les-details-sur-la-deuxieme-tranche-de-l-emprunt-obligataire-national\/205057\/\" \/>\n<meta property=\"og:locale\" content=\"fr_FR\" \/>\n<meta property=\"og:type\" content=\"article\" \/>\n<meta property=\"og:title\" content=\"Tunisie : Tous les d\u00e9tails sur la deuxi\u00e8me tranche de l&#039;emprunt obligataire national\" \/>\n<meta property=\"og:description\" content=\"Le minist\u00e8re des Finances a pris une d\u00e9cision portant sur les sp\u00e9cificit\u00e9s et les conditions de l&#039;\u00e9mission de la deuxi\u00e8me tranche de l&#039;emprunt obligataire natio...\" \/>\n<meta property=\"og:url\" content=\"https:\/\/www.webdo.tn\/fr\/actualite\/national\/tunisie-tous-les-details-sur-la-deuxieme-tranche-de-l-emprunt-obligataire-national\/205057\/\" \/>\n<meta property=\"og:site_name\" content=\"webdo\" \/>\n<meta property=\"article:publisher\" content=\"https:\/\/www.facebook.com\/webdotn\" \/>\n<meta property=\"article:published_time\" content=\"2023-04-21T09:39:00+00:00\" \/>\n<meta property=\"article:modified_time\" content=\"2025-05-20T22:44:02+00:00\" \/>\n<meta property=\"og:image\" content=\"https:\/\/www.webdo.tn\/fr\/wp-content\/uploads\/2023\/04\/f72039b2b8ee3fd1b9a8c8fbda4b5a16.png\" \/>\n\t<meta property=\"og:image:width\" content=\"750\" \/>\n\t<meta property=\"og:image:height\" content=\"400\" \/>\n\t<meta property=\"og:image:type\" content=\"image\/png\" \/>\n<meta name=\"author\" content=\"CL\" \/>\n<meta name=\"twitter:card\" content=\"summary_large_image\" \/>\n<meta name=\"twitter:creator\" content=\"@webdo_tn\" \/>\n<meta name=\"twitter:site\" content=\"@webdo_tn\" \/>\n<meta name=\"twitter:label1\" content=\"\u00c9crit par\" \/>\n\t<meta name=\"twitter:data1\" content=\"CL\" \/>\n\t<meta name=\"twitter:label2\" content=\"Dur\u00e9e de lecture estim\u00e9e\" \/>\n\t<meta name=\"twitter:data2\" content=\"1 minute\" \/>\n<script type=\"application\/ld+json\" class=\"yoast-schema-graph\">{\"@context\":\"https:\\\/\\\/schema.org\",\"@graph\":[{\"@type\":\"NewsArticle\",\"@id\":\"https:\\\/\\\/www.webdo.tn\\\/fr\\\/actualite\\\/national\\\/tunisie-tous-les-details-sur-la-deuxieme-tranche-de-l-emprunt-obligataire-national\\\/205057\\\/#article\",\"isPartOf\":{\"@id\":\"https:\\\/\\\/www.webdo.tn\\\/fr\\\/actualite\\\/national\\\/tunisie-tous-les-details-sur-la-deuxieme-tranche-de-l-emprunt-obligataire-national\\\/205057\\\/\"},\"author\":{\"name\":\"CL\",\"@id\":\"https:\\\/\\\/www.webdo.tn\\\/fr\\\/#\\\/schema\\\/person\\\/f35b42a42c5e2511bbd282959d6385cc\"},\"headline\":\"Tunisie : Tous les d\u00e9tails sur la deuxi\u00e8me tranche de l&#8217;emprunt obligataire national\",\"datePublished\":\"2023-04-21T09:39:00+00:00\",\"dateModified\":\"2025-05-20T22:44:02+00:00\",\"mainEntityOfPage\":{\"@id\":\"https:\\\/\\\/www.webdo.tn\\\/fr\\\/actualite\\\/national\\\/tunisie-tous-les-details-sur-la-deuxieme-tranche-de-l-emprunt-obligataire-national\\\/205057\\\/\"},\"wordCount\":321,\"commentCount\":0,\"publisher\":{\"@id\":\"https:\\\/\\\/www.webdo.tn\\\/fr\\\/#organization\"},\"image\":{\"@id\":\"https:\\\/\\\/www.webdo.tn\\\/fr\\\/actualite\\\/national\\\/tunisie-tous-les-details-sur-la-deuxieme-tranche-de-l-emprunt-obligataire-national\\\/205057\\\/#primaryimage\"},\"thumbnailUrl\":\"https:\\\/\\\/www.webdo.tn\\\/fr\\\/wp-content\\\/uploads\\\/2023\\\/04\\\/f72039b2b8ee3fd1b9a8c8fbda4b5a16.png\",\"keywords\":[\"emprunt obligataire\",\"Tunisie\"],\"articleSection\":[\"National\"],\"inLanguage\":\"fr-FR\"},{\"@type\":\"WebPage\",\"@id\":\"https:\\\/\\\/www.webdo.tn\\\/fr\\\/actualite\\\/national\\\/tunisie-tous-les-details-sur-la-deuxieme-tranche-de-l-emprunt-obligataire-national\\\/205057\\\/\",\"url\":\"https:\\\/\\\/www.webdo.tn\\\/fr\\\/actualite\\\/national\\\/tunisie-tous-les-details-sur-la-deuxieme-tranche-de-l-emprunt-obligataire-national\\\/205057\\\/\",\"name\":\"Tunisie : Tous les d\u00e9tails sur la deuxi\u00e8me tranche de l'emprunt obligataire national\",\"isPartOf\":{\"@id\":\"https:\\\/\\\/www.webdo.tn\\\/fr\\\/#website\"},\"primaryImageOfPage\":{\"@id\":\"https:\\\/\\\/www.webdo.tn\\\/fr\\\/actualite\\\/national\\\/tunisie-tous-les-details-sur-la-deuxieme-tranche-de-l-emprunt-obligataire-national\\\/205057\\\/#primaryimage\"},\"image\":{\"@id\":\"https:\\\/\\\/www.webdo.tn\\\/fr\\\/actualite\\\/national\\\/tunisie-tous-les-details-sur-la-deuxieme-tranche-de-l-emprunt-obligataire-national\\\/205057\\\/#primaryimage\"},\"thumbnailUrl\":\"https:\\\/\\\/www.webdo.tn\\\/fr\\\/wp-content\\\/uploads\\\/2023\\\/04\\\/f72039b2b8ee3fd1b9a8c8fbda4b5a16.png\",\"datePublished\":\"2023-04-21T09:39:00+00:00\",\"dateModified\":\"2025-05-20T22:44:02+00:00\",\"description\":\"Le minist\u00e8re des Finances a pris une d\u00e9cision portant sur les sp\u00e9cificit\u00e9s et les conditions de l'\u00e9mission de la deuxi\u00e8me tranche de l'emprunt obligataire natio...\",\"breadcrumb\":{\"@id\":\"https:\\\/\\\/www.webdo.tn\\\/fr\\\/actualite\\\/national\\\/tunisie-tous-les-details-sur-la-deuxieme-tranche-de-l-emprunt-obligataire-national\\\/205057\\\/#breadcrumb\"},\"inLanguage\":\"fr-FR\",\"potentialAction\":[{\"@type\":\"ReadAction\",\"target\":[\"https:\\\/\\\/www.webdo.tn\\\/fr\\\/actualite\\\/national\\\/tunisie-tous-les-details-sur-la-deuxieme-tranche-de-l-emprunt-obligataire-national\\\/205057\\\/\"]}]},{\"@type\":\"ImageObject\",\"inLanguage\":\"fr-FR\",\"@id\":\"https:\\\/\\\/www.webdo.tn\\\/fr\\\/actualite\\\/national\\\/tunisie-tous-les-details-sur-la-deuxieme-tranche-de-l-emprunt-obligataire-national\\\/205057\\\/#primaryimage\",\"url\":\"https:\\\/\\\/www.webdo.tn\\\/fr\\\/wp-content\\\/uploads\\\/2023\\\/04\\\/f72039b2b8ee3fd1b9a8c8fbda4b5a16.png\",\"contentUrl\":\"https:\\\/\\\/www.webdo.tn\\\/fr\\\/wp-content\\\/uploads\\\/2023\\\/04\\\/f72039b2b8ee3fd1b9a8c8fbda4b5a16.png\",\"width\":750,\"height\":400,\"caption\":\"Minist\u00e8re des Finances\"},{\"@type\":\"BreadcrumbList\",\"@id\":\"https:\\\/\\\/www.webdo.tn\\\/fr\\\/actualite\\\/national\\\/tunisie-tous-les-details-sur-la-deuxieme-tranche-de-l-emprunt-obligataire-national\\\/205057\\\/#breadcrumb\",\"itemListElement\":[{\"@type\":\"ListItem\",\"position\":1,\"name\":\"Accueil\",\"item\":\"https:\\\/\\\/www.webdo.tn\\\/fr\\\/\"},{\"@type\":\"ListItem\",\"position\":2,\"name\":\"Tunisie : Tous les d\u00e9tails sur la deuxi\u00e8me tranche de l&#8217;emprunt obligataire national\"}]},{\"@type\":\"WebSite\",\"@id\":\"https:\\\/\\\/www.webdo.tn\\\/fr\\\/#website\",\"url\":\"https:\\\/\\\/www.webdo.tn\\\/fr\\\/\",\"name\":\"webdo\",\"description\":\"Tunisie - News en Tunisie et \u00e0 l&#039;international sur Webdo.tn\",\"publisher\":{\"@id\":\"https:\\\/\\\/www.webdo.tn\\\/fr\\\/#organization\"},\"potentialAction\":[{\"@type\":\"SearchAction\",\"target\":{\"@type\":\"EntryPoint\",\"urlTemplate\":\"https:\\\/\\\/www.webdo.tn\\\/fr\\\/?s={search_term_string}\"},\"query-input\":{\"@type\":\"PropertyValueSpecification\",\"valueRequired\":true,\"valueName\":\"search_term_string\"}}],\"inLanguage\":\"fr-FR\"},{\"@type\":\"Organization\",\"@id\":\"https:\\\/\\\/www.webdo.tn\\\/fr\\\/#organization\",\"name\":\"Webdo\",\"alternateName\":\"Webdo.tn\",\"url\":\"https:\\\/\\\/www.webdo.tn\\\/fr\\\/\",\"logo\":{\"@type\":\"ImageObject\",\"inLanguage\":\"fr-FR\",\"@id\":\"https:\\\/\\\/www.webdo.tn\\\/fr\\\/#\\\/schema\\\/logo\\\/image\\\/\",\"url\":\"https:\\\/\\\/www.webdo.tn\\\/fr\\\/wp-content\\\/uploads\\\/2025\\\/06\\\/Webdo-Tunisie_168377.jpg\",\"contentUrl\":\"https:\\\/\\\/www.webdo.tn\\\/fr\\\/wp-content\\\/uploads\\\/2025\\\/06\\\/Webdo-Tunisie_168377.jpg\",\"width\":301,\"height\":301,\"caption\":\"Webdo\"},\"image\":{\"@id\":\"https:\\\/\\\/www.webdo.tn\\\/fr\\\/#\\\/schema\\\/logo\\\/image\\\/\"},\"sameAs\":[\"https:\\\/\\\/www.facebook.com\\\/webdotn\",\"https:\\\/\\\/x.com\\\/webdo_tn\"],\"description\":\"Webdo est un m\u00e9dia num\u00e9rique tunisien fond\u00e9 en 2010, sp\u00e9cialis\u00e9 dans l\u2019actualit\u00e9 nationale et internationale, l\u2019\u00e9conomie, la soci\u00e9t\u00e9 et les analyses politiques. Le site s\u2019adresse \u00e0 un large public francophone et couvre l\u2019information tunisienne en temps r\u00e9el.\",\"email\":\"redac@webdo.tn\",\"legalName\":\"YNJ SARL\",\"foundingDate\":\"2010-09-06\",\"numberOfEmployees\":{\"@type\":\"QuantitativeValue\",\"minValue\":\"11\",\"maxValue\":\"50\"}},{\"@type\":\"Person\",\"@id\":\"https:\\\/\\\/www.webdo.tn\\\/fr\\\/#\\\/schema\\\/person\\\/f35b42a42c5e2511bbd282959d6385cc\",\"name\":\"CL\",\"image\":{\"@type\":\"ImageObject\",\"inLanguage\":\"fr-FR\",\"@id\":\"https:\\\/\\\/secure.gravatar.com\\\/avatar\\\/1447a49909b67aa657c488aec6512e1dd6143a480c1ecfee9b5b5cd74eb3b59e?s=96&d=mm&r=g\",\"url\":\"https:\\\/\\\/secure.gravatar.com\\\/avatar\\\/1447a49909b67aa657c488aec6512e1dd6143a480c1ecfee9b5b5cd74eb3b59e?s=96&d=mm&r=g\",\"contentUrl\":\"https:\\\/\\\/secure.gravatar.com\\\/avatar\\\/1447a49909b67aa657c488aec6512e1dd6143a480c1ecfee9b5b5cd74eb3b59e?s=96&d=mm&r=g\",\"caption\":\"CL\"},\"url\":\"https:\\\/\\\/www.webdo.tn\\\/fr\\\/actualite\\\/author\\\/cl\\\/\"}]}<\/script>\n<!-- \/ Yoast SEO Premium plugin. -->","yoast_head_json":{"title":"Tunisie : Tous les d\u00e9tails sur la deuxi\u00e8me tranche de l'emprunt obligataire national","description":"Le minist\u00e8re des Finances a pris une d\u00e9cision portant sur les sp\u00e9cificit\u00e9s et les conditions de l'\u00e9mission de la deuxi\u00e8me tranche de l'emprunt obligataire natio...","canonical":"https:\/\/www.webdo.tn\/fr\/actualite\/national\/tunisie-tous-les-details-sur-la-deuxieme-tranche-de-l-emprunt-obligataire-national\/205057\/","og_locale":"fr_FR","og_type":"article","og_title":"Tunisie : Tous les d\u00e9tails sur la deuxi\u00e8me tranche de l'emprunt obligataire national","og_description":"Le minist\u00e8re des Finances a pris une d\u00e9cision portant sur les sp\u00e9cificit\u00e9s et les conditions de l'\u00e9mission de la deuxi\u00e8me tranche de l'emprunt obligataire natio...","og_url":"https:\/\/www.webdo.tn\/fr\/actualite\/national\/tunisie-tous-les-details-sur-la-deuxieme-tranche-de-l-emprunt-obligataire-national\/205057\/","og_site_name":"webdo","article_publisher":"https:\/\/www.facebook.com\/webdotn","article_published_time":"2023-04-21T09:39:00+00:00","article_modified_time":"2025-05-20T22:44:02+00:00","og_image":[{"width":750,"height":400,"url":"https:\/\/www.webdo.tn\/fr\/wp-content\/uploads\/2023\/04\/f72039b2b8ee3fd1b9a8c8fbda4b5a16.png","type":"image\/png"}],"author":"CL","twitter_card":"summary_large_image","twitter_creator":"@webdo_tn","twitter_site":"@webdo_tn","twitter_misc":{"\u00c9crit par":"CL","Dur\u00e9e de lecture estim\u00e9e":"1 minute"},"schema":{"@context":"https:\/\/schema.org","@graph":[{"@type":"NewsArticle","@id":"https:\/\/www.webdo.tn\/fr\/actualite\/national\/tunisie-tous-les-details-sur-la-deuxieme-tranche-de-l-emprunt-obligataire-national\/205057\/#article","isPartOf":{"@id":"https:\/\/www.webdo.tn\/fr\/actualite\/national\/tunisie-tous-les-details-sur-la-deuxieme-tranche-de-l-emprunt-obligataire-national\/205057\/"},"author":{"name":"CL","@id":"https:\/\/www.webdo.tn\/fr\/#\/schema\/person\/f35b42a42c5e2511bbd282959d6385cc"},"headline":"Tunisie : Tous les d\u00e9tails sur la deuxi\u00e8me tranche de l&#8217;emprunt obligataire national","datePublished":"2023-04-21T09:39:00+00:00","dateModified":"2025-05-20T22:44:02+00:00","mainEntityOfPage":{"@id":"https:\/\/www.webdo.tn\/fr\/actualite\/national\/tunisie-tous-les-details-sur-la-deuxieme-tranche-de-l-emprunt-obligataire-national\/205057\/"},"wordCount":321,"commentCount":0,"publisher":{"@id":"https:\/\/www.webdo.tn\/fr\/#organization"},"image":{"@id":"https:\/\/www.webdo.tn\/fr\/actualite\/national\/tunisie-tous-les-details-sur-la-deuxieme-tranche-de-l-emprunt-obligataire-national\/205057\/#primaryimage"},"thumbnailUrl":"https:\/\/www.webdo.tn\/fr\/wp-content\/uploads\/2023\/04\/f72039b2b8ee3fd1b9a8c8fbda4b5a16.png","keywords":["emprunt obligataire","Tunisie"],"articleSection":["National"],"inLanguage":"fr-FR"},{"@type":"WebPage","@id":"https:\/\/www.webdo.tn\/fr\/actualite\/national\/tunisie-tous-les-details-sur-la-deuxieme-tranche-de-l-emprunt-obligataire-national\/205057\/","url":"https:\/\/www.webdo.tn\/fr\/actualite\/national\/tunisie-tous-les-details-sur-la-deuxieme-tranche-de-l-emprunt-obligataire-national\/205057\/","name":"Tunisie : Tous les d\u00e9tails sur la deuxi\u00e8me tranche de l'emprunt obligataire national","isPartOf":{"@id":"https:\/\/www.webdo.tn\/fr\/#website"},"primaryImageOfPage":{"@id":"https:\/\/www.webdo.tn\/fr\/actualite\/national\/tunisie-tous-les-details-sur-la-deuxieme-tranche-de-l-emprunt-obligataire-national\/205057\/#primaryimage"},"image":{"@id":"https:\/\/www.webdo.tn\/fr\/actualite\/national\/tunisie-tous-les-details-sur-la-deuxieme-tranche-de-l-emprunt-obligataire-national\/205057\/#primaryimage"},"thumbnailUrl":"https:\/\/www.webdo.tn\/fr\/wp-content\/uploads\/2023\/04\/f72039b2b8ee3fd1b9a8c8fbda4b5a16.png","datePublished":"2023-04-21T09:39:00+00:00","dateModified":"2025-05-20T22:44:02+00:00","description":"Le minist\u00e8re des Finances a pris une d\u00e9cision portant sur les sp\u00e9cificit\u00e9s et les conditions de l'\u00e9mission de la deuxi\u00e8me tranche de l'emprunt obligataire natio...","breadcrumb":{"@id":"https:\/\/www.webdo.tn\/fr\/actualite\/national\/tunisie-tous-les-details-sur-la-deuxieme-tranche-de-l-emprunt-obligataire-national\/205057\/#breadcrumb"},"inLanguage":"fr-FR","potentialAction":[{"@type":"ReadAction","target":["https:\/\/www.webdo.tn\/fr\/actualite\/national\/tunisie-tous-les-details-sur-la-deuxieme-tranche-de-l-emprunt-obligataire-national\/205057\/"]}]},{"@type":"ImageObject","inLanguage":"fr-FR","@id":"https:\/\/www.webdo.tn\/fr\/actualite\/national\/tunisie-tous-les-details-sur-la-deuxieme-tranche-de-l-emprunt-obligataire-national\/205057\/#primaryimage","url":"https:\/\/www.webdo.tn\/fr\/wp-content\/uploads\/2023\/04\/f72039b2b8ee3fd1b9a8c8fbda4b5a16.png","contentUrl":"https:\/\/www.webdo.tn\/fr\/wp-content\/uploads\/2023\/04\/f72039b2b8ee3fd1b9a8c8fbda4b5a16.png","width":750,"height":400,"caption":"Minist\u00e8re des Finances"},{"@type":"BreadcrumbList","@id":"https:\/\/www.webdo.tn\/fr\/actualite\/national\/tunisie-tous-les-details-sur-la-deuxieme-tranche-de-l-emprunt-obligataire-national\/205057\/#breadcrumb","itemListElement":[{"@type":"ListItem","position":1,"name":"Accueil","item":"https:\/\/www.webdo.tn\/fr\/"},{"@type":"ListItem","position":2,"name":"Tunisie : Tous les d\u00e9tails sur la deuxi\u00e8me tranche de l&#8217;emprunt obligataire national"}]},{"@type":"WebSite","@id":"https:\/\/www.webdo.tn\/fr\/#website","url":"https:\/\/www.webdo.tn\/fr\/","name":"webdo","description":"Tunisie - News en Tunisie et \u00e0 l&#039;international sur Webdo.tn","publisher":{"@id":"https:\/\/www.webdo.tn\/fr\/#organization"},"potentialAction":[{"@type":"SearchAction","target":{"@type":"EntryPoint","urlTemplate":"https:\/\/www.webdo.tn\/fr\/?s={search_term_string}"},"query-input":{"@type":"PropertyValueSpecification","valueRequired":true,"valueName":"search_term_string"}}],"inLanguage":"fr-FR"},{"@type":"Organization","@id":"https:\/\/www.webdo.tn\/fr\/#organization","name":"Webdo","alternateName":"Webdo.tn","url":"https:\/\/www.webdo.tn\/fr\/","logo":{"@type":"ImageObject","inLanguage":"fr-FR","@id":"https:\/\/www.webdo.tn\/fr\/#\/schema\/logo\/image\/","url":"https:\/\/www.webdo.tn\/fr\/wp-content\/uploads\/2025\/06\/Webdo-Tunisie_168377.jpg","contentUrl":"https:\/\/www.webdo.tn\/fr\/wp-content\/uploads\/2025\/06\/Webdo-Tunisie_168377.jpg","width":301,"height":301,"caption":"Webdo"},"image":{"@id":"https:\/\/www.webdo.tn\/fr\/#\/schema\/logo\/image\/"},"sameAs":["https:\/\/www.facebook.com\/webdotn","https:\/\/x.com\/webdo_tn"],"description":"Webdo est un m\u00e9dia num\u00e9rique tunisien fond\u00e9 en 2010, sp\u00e9cialis\u00e9 dans l\u2019actualit\u00e9 nationale et internationale, l\u2019\u00e9conomie, la soci\u00e9t\u00e9 et les analyses politiques. Le site s\u2019adresse \u00e0 un large public francophone et couvre l\u2019information tunisienne en temps r\u00e9el.","email":"redac@webdo.tn","legalName":"YNJ SARL","foundingDate":"2010-09-06","numberOfEmployees":{"@type":"QuantitativeValue","minValue":"11","maxValue":"50"}},{"@type":"Person","@id":"https:\/\/www.webdo.tn\/fr\/#\/schema\/person\/f35b42a42c5e2511bbd282959d6385cc","name":"CL","image":{"@type":"ImageObject","inLanguage":"fr-FR","@id":"https:\/\/secure.gravatar.com\/avatar\/1447a49909b67aa657c488aec6512e1dd6143a480c1ecfee9b5b5cd74eb3b59e?s=96&d=mm&r=g","url":"https:\/\/secure.gravatar.com\/avatar\/1447a49909b67aa657c488aec6512e1dd6143a480c1ecfee9b5b5cd74eb3b59e?s=96&d=mm&r=g","contentUrl":"https:\/\/secure.gravatar.com\/avatar\/1447a49909b67aa657c488aec6512e1dd6143a480c1ecfee9b5b5cd74eb3b59e?s=96&d=mm&r=g","caption":"CL"},"url":"https:\/\/www.webdo.tn\/fr\/actualite\/author\/cl\/"}]}},"_links":{"self":[{"href":"https:\/\/www.webdo.tn\/fr\/wp-json\/wp\/v2\/posts\/205057","targetHints":{"allow":["GET"]}}],"collection":[{"href":"https:\/\/www.webdo.tn\/fr\/wp-json\/wp\/v2\/posts"}],"about":[{"href":"https:\/\/www.webdo.tn\/fr\/wp-json\/wp\/v2\/types\/post"}],"author":[{"embeddable":true,"href":"https:\/\/www.webdo.tn\/fr\/wp-json\/wp\/v2\/users\/3175"}],"replies":[{"embeddable":true,"href":"https:\/\/www.webdo.tn\/fr\/wp-json\/wp\/v2\/comments?post=205057"}],"version-history":[{"count":0,"href":"https:\/\/www.webdo.tn\/fr\/wp-json\/wp\/v2\/posts\/205057\/revisions"}],"wp:featuredmedia":[{"embeddable":true,"href":"https:\/\/www.webdo.tn\/fr\/wp-json\/wp\/v2\/media\/251359"}],"wp:attachment":[{"href":"https:\/\/www.webdo.tn\/fr\/wp-json\/wp\/v2\/media?parent=205057"}],"wp:term":[{"taxonomy":"category","embeddable":true,"href":"https:\/\/www.webdo.tn\/fr\/wp-json\/wp\/v2\/categories?post=205057"},{"taxonomy":"post_tag","embeddable":true,"href":"https:\/\/www.webdo.tn\/fr\/wp-json\/wp\/v2\/tags?post=205057"}],"curies":[{"name":"wp","href":"https:\/\/api.w.org\/{rel}","templated":true}]}}