{"id":205055,"date":"2023-04-21T09:21:00","date_gmt":"2023-04-21T09:21:00","guid":{"rendered":"https:\/\/www.webdo.tn\/fr\/blog\/aid-el-fitr-grace-presidentielle-au-profit-de-474-detenus\/205055\/"},"modified":"2025-05-20T22:44:00","modified_gmt":"2025-05-20T22:44:00","slug":"aid-el-fitr-grace-presidentielle-au-profit-de-474-detenus","status":"publish","type":"post","link":"https:\/\/www.webdo.tn\/fr\/actualite\/national\/aid-el-fitr-grace-presidentielle-au-profit-de-474-detenus\/205055\/","title":{"rendered":"A\u00eed El-Fitr : Gr\u00e2ce pr\u00e9sidentielle au profit de 474 d\u00e9tenus"},"content":{"rendered":"<p>A l&rsquo;occasion de la c\u00e9l\u00e9bration d\u2019A\u00eed El-Fitr, le pr\u00e9sident de la R\u00e9publique, Ka\u00efs Sa\u00efed, a d\u00e9cid\u00e9 d&rsquo;accorder une gr\u00e2ce sp\u00e9ciale \u00e0 474 d\u00e9tenus.<\/p>\n<p>\t\t\t\t\t\t\t\t\tHier, le pr\u00e9sident de la R\u00e9publique a pr\u00e9sent\u00e9 ses meilleurs v\u0153ux aux Tunisiens \u00e0 l\u2019occasion de l\u2019A\u00efd Al-Fitr.<\/p>\n<p>C\u2019est \u00e0 la Mosqu\u00e9e de la Zitouna \u00e0 Tunis que le pr\u00e9sident de la R\u00e9publique s\u2019est adress\u00e9 aux Tunisiens, accompagn\u00e9 du Mufti de la R\u00e9publique.<\/p>\n","protected":false},"excerpt":{"rendered":"<p>A l&rsquo;occasion de la c\u00e9l\u00e9bration d\u2019A\u00eed El-Fitr, le pr\u00e9sident de la R\u00e9publique, Ka\u00efs Sa\u00efed, a d\u00e9cid\u00e9 d&rsquo;accorder une gr\u00e2ce sp\u00e9ciale \u00e0 474 d\u00e9tenus.<\/p>\n","protected":false},"author":3175,"featured_media":251355,"comment_status":"open","ping_status":"closed","sticky":false,"template":"","format":"standard","meta":{"footnotes":""},"categories":[44],"tags":[3583,2608],"class_list":["post-205055","post","type-post","status-publish","format-standard","has-post-thumbnail","hentry","category-national","tag-grace-presidentielle","tag-tunisie"],"yoast_head":"<!-- This site is optimized with the Yoast SEO Premium plugin v27.4 (Yoast SEO v27.4) - https:\/\/yoast.com\/product\/yoast-seo-premium-wordpress\/ -->\n<title>A\u00eed El-Fitr : Gr\u00e2ce pr\u00e9sidentielle au profit de 474 d\u00e9tenus<\/title>\n<meta name=\"description\" content=\"A l&#039;occasion de la c\u00e9l\u00e9bration d\u2019A\u00eed El-Fitr, le pr\u00e9sident de la R\u00e9publique, Ka\u00efs Sa\u00efed, a d\u00e9cid\u00e9 d&#039;accorder une gr\u00e2ce sp\u00e9ciale \u00e0 474 d\u00e9tenus.\" \/>\n<link rel=\"canonical\" href=\"https:\/\/www.webdo.tn\/fr\/actualite\/national\/aid-el-fitr-grace-presidentielle-au-profit-de-474-detenus\/205055\/\" \/>\n<meta property=\"og:locale\" content=\"fr_FR\" \/>\n<meta property=\"og:type\" content=\"article\" \/>\n<meta property=\"og:title\" content=\"A\u00eed El-Fitr : Gr\u00e2ce pr\u00e9sidentielle au profit de 474 d\u00e9tenus\" \/>\n<meta property=\"og:description\" content=\"A l&#039;occasion de la c\u00e9l\u00e9bration d\u2019A\u00eed El-Fitr, le pr\u00e9sident de la R\u00e9publique, Ka\u00efs Sa\u00efed, a d\u00e9cid\u00e9 d&#039;accorder une gr\u00e2ce sp\u00e9ciale \u00e0 474 d\u00e9tenus.\" \/>\n<meta property=\"og:url\" content=\"https:\/\/www.webdo.tn\/fr\/actualite\/national\/aid-el-fitr-grace-presidentielle-au-profit-de-474-detenus\/205055\/\" \/>\n<meta property=\"og:site_name\" content=\"webdo\" \/>\n<meta property=\"article:publisher\" content=\"https:\/\/www.facebook.com\/webdotn\" \/>\n<meta property=\"article:published_time\" content=\"2023-04-21T09:21:00+00:00\" \/>\n<meta property=\"article:modified_time\" content=\"2025-05-20T22:44:00+00:00\" \/>\n<meta property=\"og:image\" content=\"https:\/\/www.webdo.tn\/fr\/wp-content\/uploads\/2023\/04\/44459490db86aae5232722082e473c75.png\" \/>\n\t<meta property=\"og:image:width\" content=\"750\" \/>\n\t<meta property=\"og:image:height\" content=\"400\" \/>\n\t<meta property=\"og:image:type\" content=\"image\/png\" \/>\n<meta name=\"author\" content=\"CL\" \/>\n<meta name=\"twitter:card\" content=\"summary_large_image\" \/>\n<meta name=\"twitter:creator\" content=\"@webdo_tn\" \/>\n<meta name=\"twitter:site\" content=\"@webdo_tn\" \/>\n<meta name=\"twitter:label1\" content=\"\u00c9crit par\" \/>\n\t<meta name=\"twitter:data1\" content=\"CL\" \/>\n<script type=\"application\/ld+json\" class=\"yoast-schema-graph\">{\"@context\":\"https:\\\/\\\/schema.org\",\"@graph\":[{\"@type\":\"NewsArticle\",\"@id\":\"https:\\\/\\\/www.webdo.tn\\\/fr\\\/actualite\\\/national\\\/aid-el-fitr-grace-presidentielle-au-profit-de-474-detenus\\\/205055\\\/#article\",\"isPartOf\":{\"@id\":\"https:\\\/\\\/www.webdo.tn\\\/fr\\\/actualite\\\/national\\\/aid-el-fitr-grace-presidentielle-au-profit-de-474-detenus\\\/205055\\\/\"},\"author\":{\"name\":\"CL\",\"@id\":\"https:\\\/\\\/www.webdo.tn\\\/fr\\\/#\\\/schema\\\/person\\\/f35b42a42c5e2511bbd282959d6385cc\"},\"headline\":\"A\u00eed El-Fitr : Gr\u00e2ce pr\u00e9sidentielle au profit de 474 d\u00e9tenus\",\"datePublished\":\"2023-04-21T09:21:00+00:00\",\"dateModified\":\"2025-05-20T22:44:00+00:00\",\"mainEntityOfPage\":{\"@id\":\"https:\\\/\\\/www.webdo.tn\\\/fr\\\/actualite\\\/national\\\/aid-el-fitr-grace-presidentielle-au-profit-de-474-detenus\\\/205055\\\/\"},\"wordCount\":100,\"commentCount\":0,\"publisher\":{\"@id\":\"https:\\\/\\\/www.webdo.tn\\\/fr\\\/#organization\"},\"image\":{\"@id\":\"https:\\\/\\\/www.webdo.tn\\\/fr\\\/actualite\\\/national\\\/aid-el-fitr-grace-presidentielle-au-profit-de-474-detenus\\\/205055\\\/#primaryimage\"},\"thumbnailUrl\":\"https:\\\/\\\/www.webdo.tn\\\/fr\\\/wp-content\\\/uploads\\\/2023\\\/04\\\/44459490db86aae5232722082e473c75.png\",\"keywords\":[\"gr\u00e2ce pr\u00e9sidentielle\",\"Tunisie\"],\"articleSection\":[\"National\"],\"inLanguage\":\"fr-FR\"},{\"@type\":\"WebPage\",\"@id\":\"https:\\\/\\\/www.webdo.tn\\\/fr\\\/actualite\\\/national\\\/aid-el-fitr-grace-presidentielle-au-profit-de-474-detenus\\\/205055\\\/\",\"url\":\"https:\\\/\\\/www.webdo.tn\\\/fr\\\/actualite\\\/national\\\/aid-el-fitr-grace-presidentielle-au-profit-de-474-detenus\\\/205055\\\/\",\"name\":\"A\u00eed El-Fitr : Gr\u00e2ce pr\u00e9sidentielle au profit de 474 d\u00e9tenus\",\"isPartOf\":{\"@id\":\"https:\\\/\\\/www.webdo.tn\\\/fr\\\/#website\"},\"primaryImageOfPage\":{\"@id\":\"https:\\\/\\\/www.webdo.tn\\\/fr\\\/actualite\\\/national\\\/aid-el-fitr-grace-presidentielle-au-profit-de-474-detenus\\\/205055\\\/#primaryimage\"},\"image\":{\"@id\":\"https:\\\/\\\/www.webdo.tn\\\/fr\\\/actualite\\\/national\\\/aid-el-fitr-grace-presidentielle-au-profit-de-474-detenus\\\/205055\\\/#primaryimage\"},\"thumbnailUrl\":\"https:\\\/\\\/www.webdo.tn\\\/fr\\\/wp-content\\\/uploads\\\/2023\\\/04\\\/44459490db86aae5232722082e473c75.png\",\"datePublished\":\"2023-04-21T09:21:00+00:00\",\"dateModified\":\"2025-05-20T22:44:00+00:00\",\"description\":\"A l'occasion de la c\u00e9l\u00e9bration d\u2019A\u00eed El-Fitr, le pr\u00e9sident de la R\u00e9publique, Ka\u00efs Sa\u00efed, a d\u00e9cid\u00e9 d'accorder une gr\u00e2ce sp\u00e9ciale \u00e0 474 d\u00e9tenus.\",\"breadcrumb\":{\"@id\":\"https:\\\/\\\/www.webdo.tn\\\/fr\\\/actualite\\\/national\\\/aid-el-fitr-grace-presidentielle-au-profit-de-474-detenus\\\/205055\\\/#breadcrumb\"},\"inLanguage\":\"fr-FR\",\"potentialAction\":[{\"@type\":\"ReadAction\",\"target\":[\"https:\\\/\\\/www.webdo.tn\\\/fr\\\/actualite\\\/national\\\/aid-el-fitr-grace-presidentielle-au-profit-de-474-detenus\\\/205055\\\/\"]}]},{\"@type\":\"ImageObject\",\"inLanguage\":\"fr-FR\",\"@id\":\"https:\\\/\\\/www.webdo.tn\\\/fr\\\/actualite\\\/national\\\/aid-el-fitr-grace-presidentielle-au-profit-de-474-detenus\\\/205055\\\/#primaryimage\",\"url\":\"https:\\\/\\\/www.webdo.tn\\\/fr\\\/wp-content\\\/uploads\\\/2023\\\/04\\\/44459490db86aae5232722082e473c75.png\",\"contentUrl\":\"https:\\\/\\\/www.webdo.tn\\\/fr\\\/wp-content\\\/uploads\\\/2023\\\/04\\\/44459490db86aae5232722082e473c75.png\",\"width\":750,\"height\":400,\"caption\":\"Kais Saied\"},{\"@type\":\"BreadcrumbList\",\"@id\":\"https:\\\/\\\/www.webdo.tn\\\/fr\\\/actualite\\\/national\\\/aid-el-fitr-grace-presidentielle-au-profit-de-474-detenus\\\/205055\\\/#breadcrumb\",\"itemListElement\":[{\"@type\":\"ListItem\",\"position\":1,\"name\":\"Accueil\",\"item\":\"https:\\\/\\\/www.webdo.tn\\\/fr\\\/\"},{\"@type\":\"ListItem\",\"position\":2,\"name\":\"A\u00eed El-Fitr : Gr\u00e2ce pr\u00e9sidentielle au profit de 474 d\u00e9tenus\"}]},{\"@type\":\"WebSite\",\"@id\":\"https:\\\/\\\/www.webdo.tn\\\/fr\\\/#website\",\"url\":\"https:\\\/\\\/www.webdo.tn\\\/fr\\\/\",\"name\":\"webdo\",\"description\":\"Tunisie - News en Tunisie et \u00e0 l&#039;international sur Webdo.tn\",\"publisher\":{\"@id\":\"https:\\\/\\\/www.webdo.tn\\\/fr\\\/#organization\"},\"potentialAction\":[{\"@type\":\"SearchAction\",\"target\":{\"@type\":\"EntryPoint\",\"urlTemplate\":\"https:\\\/\\\/www.webdo.tn\\\/fr\\\/?s={search_term_string}\"},\"query-input\":{\"@type\":\"PropertyValueSpecification\",\"valueRequired\":true,\"valueName\":\"search_term_string\"}}],\"inLanguage\":\"fr-FR\"},{\"@type\":\"Organization\",\"@id\":\"https:\\\/\\\/www.webdo.tn\\\/fr\\\/#organization\",\"name\":\"Webdo\",\"alternateName\":\"Webdo.tn\",\"url\":\"https:\\\/\\\/www.webdo.tn\\\/fr\\\/\",\"logo\":{\"@type\":\"ImageObject\",\"inLanguage\":\"fr-FR\",\"@id\":\"https:\\\/\\\/www.webdo.tn\\\/fr\\\/#\\\/schema\\\/logo\\\/image\\\/\",\"url\":\"https:\\\/\\\/www.webdo.tn\\\/fr\\\/wp-content\\\/uploads\\\/2025\\\/06\\\/Webdo-Tunisie_168377.jpg\",\"contentUrl\":\"https:\\\/\\\/www.webdo.tn\\\/fr\\\/wp-content\\\/uploads\\\/2025\\\/06\\\/Webdo-Tunisie_168377.jpg\",\"width\":301,\"height\":301,\"caption\":\"Webdo\"},\"image\":{\"@id\":\"https:\\\/\\\/www.webdo.tn\\\/fr\\\/#\\\/schema\\\/logo\\\/image\\\/\"},\"sameAs\":[\"https:\\\/\\\/www.facebook.com\\\/webdotn\",\"https:\\\/\\\/x.com\\\/webdo_tn\"],\"description\":\"Webdo est un m\u00e9dia num\u00e9rique tunisien fond\u00e9 en 2010, sp\u00e9cialis\u00e9 dans l\u2019actualit\u00e9 nationale et internationale, l\u2019\u00e9conomie, la soci\u00e9t\u00e9 et les analyses politiques. Le site s\u2019adresse \u00e0 un large public francophone et couvre l\u2019information tunisienne en temps r\u00e9el.\",\"email\":\"redac@webdo.tn\",\"legalName\":\"YNJ SARL\",\"foundingDate\":\"2010-09-06\",\"numberOfEmployees\":{\"@type\":\"QuantitativeValue\",\"minValue\":\"11\",\"maxValue\":\"50\"}},{\"@type\":\"Person\",\"@id\":\"https:\\\/\\\/www.webdo.tn\\\/fr\\\/#\\\/schema\\\/person\\\/f35b42a42c5e2511bbd282959d6385cc\",\"name\":\"CL\",\"image\":{\"@type\":\"ImageObject\",\"inLanguage\":\"fr-FR\",\"@id\":\"https:\\\/\\\/secure.gravatar.com\\\/avatar\\\/1447a49909b67aa657c488aec6512e1dd6143a480c1ecfee9b5b5cd74eb3b59e?s=96&d=mm&r=g\",\"url\":\"https:\\\/\\\/secure.gravatar.com\\\/avatar\\\/1447a49909b67aa657c488aec6512e1dd6143a480c1ecfee9b5b5cd74eb3b59e?s=96&d=mm&r=g\",\"contentUrl\":\"https:\\\/\\\/secure.gravatar.com\\\/avatar\\\/1447a49909b67aa657c488aec6512e1dd6143a480c1ecfee9b5b5cd74eb3b59e?s=96&d=mm&r=g\",\"caption\":\"CL\"},\"url\":\"https:\\\/\\\/www.webdo.tn\\\/fr\\\/actualite\\\/author\\\/cl\\\/\"}]}<\/script>\n<!-- \/ Yoast SEO Premium plugin. -->","yoast_head_json":{"title":"A\u00eed El-Fitr : Gr\u00e2ce pr\u00e9sidentielle au profit de 474 d\u00e9tenus","description":"A l'occasion de la c\u00e9l\u00e9bration d\u2019A\u00eed El-Fitr, le pr\u00e9sident de la R\u00e9publique, Ka\u00efs Sa\u00efed, a d\u00e9cid\u00e9 d'accorder une gr\u00e2ce sp\u00e9ciale \u00e0 474 d\u00e9tenus.","canonical":"https:\/\/www.webdo.tn\/fr\/actualite\/national\/aid-el-fitr-grace-presidentielle-au-profit-de-474-detenus\/205055\/","og_locale":"fr_FR","og_type":"article","og_title":"A\u00eed El-Fitr : Gr\u00e2ce pr\u00e9sidentielle au profit de 474 d\u00e9tenus","og_description":"A l'occasion de la c\u00e9l\u00e9bration d\u2019A\u00eed El-Fitr, le pr\u00e9sident de la R\u00e9publique, Ka\u00efs Sa\u00efed, a d\u00e9cid\u00e9 d'accorder une gr\u00e2ce sp\u00e9ciale \u00e0 474 d\u00e9tenus.","og_url":"https:\/\/www.webdo.tn\/fr\/actualite\/national\/aid-el-fitr-grace-presidentielle-au-profit-de-474-detenus\/205055\/","og_site_name":"webdo","article_publisher":"https:\/\/www.facebook.com\/webdotn","article_published_time":"2023-04-21T09:21:00+00:00","article_modified_time":"2025-05-20T22:44:00+00:00","og_image":[{"width":750,"height":400,"url":"https:\/\/www.webdo.tn\/fr\/wp-content\/uploads\/2023\/04\/44459490db86aae5232722082e473c75.png","type":"image\/png"}],"author":"CL","twitter_card":"summary_large_image","twitter_creator":"@webdo_tn","twitter_site":"@webdo_tn","twitter_misc":{"\u00c9crit par":"CL"},"schema":{"@context":"https:\/\/schema.org","@graph":[{"@type":"NewsArticle","@id":"https:\/\/www.webdo.tn\/fr\/actualite\/national\/aid-el-fitr-grace-presidentielle-au-profit-de-474-detenus\/205055\/#article","isPartOf":{"@id":"https:\/\/www.webdo.tn\/fr\/actualite\/national\/aid-el-fitr-grace-presidentielle-au-profit-de-474-detenus\/205055\/"},"author":{"name":"CL","@id":"https:\/\/www.webdo.tn\/fr\/#\/schema\/person\/f35b42a42c5e2511bbd282959d6385cc"},"headline":"A\u00eed El-Fitr : Gr\u00e2ce pr\u00e9sidentielle au profit de 474 d\u00e9tenus","datePublished":"2023-04-21T09:21:00+00:00","dateModified":"2025-05-20T22:44:00+00:00","mainEntityOfPage":{"@id":"https:\/\/www.webdo.tn\/fr\/actualite\/national\/aid-el-fitr-grace-presidentielle-au-profit-de-474-detenus\/205055\/"},"wordCount":100,"commentCount":0,"publisher":{"@id":"https:\/\/www.webdo.tn\/fr\/#organization"},"image":{"@id":"https:\/\/www.webdo.tn\/fr\/actualite\/national\/aid-el-fitr-grace-presidentielle-au-profit-de-474-detenus\/205055\/#primaryimage"},"thumbnailUrl":"https:\/\/www.webdo.tn\/fr\/wp-content\/uploads\/2023\/04\/44459490db86aae5232722082e473c75.png","keywords":["gr\u00e2ce pr\u00e9sidentielle","Tunisie"],"articleSection":["National"],"inLanguage":"fr-FR"},{"@type":"WebPage","@id":"https:\/\/www.webdo.tn\/fr\/actualite\/national\/aid-el-fitr-grace-presidentielle-au-profit-de-474-detenus\/205055\/","url":"https:\/\/www.webdo.tn\/fr\/actualite\/national\/aid-el-fitr-grace-presidentielle-au-profit-de-474-detenus\/205055\/","name":"A\u00eed El-Fitr : Gr\u00e2ce pr\u00e9sidentielle au profit de 474 d\u00e9tenus","isPartOf":{"@id":"https:\/\/www.webdo.tn\/fr\/#website"},"primaryImageOfPage":{"@id":"https:\/\/www.webdo.tn\/fr\/actualite\/national\/aid-el-fitr-grace-presidentielle-au-profit-de-474-detenus\/205055\/#primaryimage"},"image":{"@id":"https:\/\/www.webdo.tn\/fr\/actualite\/national\/aid-el-fitr-grace-presidentielle-au-profit-de-474-detenus\/205055\/#primaryimage"},"thumbnailUrl":"https:\/\/www.webdo.tn\/fr\/wp-content\/uploads\/2023\/04\/44459490db86aae5232722082e473c75.png","datePublished":"2023-04-21T09:21:00+00:00","dateModified":"2025-05-20T22:44:00+00:00","description":"A l'occasion de la c\u00e9l\u00e9bration d\u2019A\u00eed El-Fitr, le pr\u00e9sident de la R\u00e9publique, Ka\u00efs Sa\u00efed, a d\u00e9cid\u00e9 d'accorder une gr\u00e2ce sp\u00e9ciale \u00e0 474 d\u00e9tenus.","breadcrumb":{"@id":"https:\/\/www.webdo.tn\/fr\/actualite\/national\/aid-el-fitr-grace-presidentielle-au-profit-de-474-detenus\/205055\/#breadcrumb"},"inLanguage":"fr-FR","potentialAction":[{"@type":"ReadAction","target":["https:\/\/www.webdo.tn\/fr\/actualite\/national\/aid-el-fitr-grace-presidentielle-au-profit-de-474-detenus\/205055\/"]}]},{"@type":"ImageObject","inLanguage":"fr-FR","@id":"https:\/\/www.webdo.tn\/fr\/actualite\/national\/aid-el-fitr-grace-presidentielle-au-profit-de-474-detenus\/205055\/#primaryimage","url":"https:\/\/www.webdo.tn\/fr\/wp-content\/uploads\/2023\/04\/44459490db86aae5232722082e473c75.png","contentUrl":"https:\/\/www.webdo.tn\/fr\/wp-content\/uploads\/2023\/04\/44459490db86aae5232722082e473c75.png","width":750,"height":400,"caption":"Kais Saied"},{"@type":"BreadcrumbList","@id":"https:\/\/www.webdo.tn\/fr\/actualite\/national\/aid-el-fitr-grace-presidentielle-au-profit-de-474-detenus\/205055\/#breadcrumb","itemListElement":[{"@type":"ListItem","position":1,"name":"Accueil","item":"https:\/\/www.webdo.tn\/fr\/"},{"@type":"ListItem","position":2,"name":"A\u00eed El-Fitr : Gr\u00e2ce pr\u00e9sidentielle au profit de 474 d\u00e9tenus"}]},{"@type":"WebSite","@id":"https:\/\/www.webdo.tn\/fr\/#website","url":"https:\/\/www.webdo.tn\/fr\/","name":"webdo","description":"Tunisie - News en Tunisie et \u00e0 l&#039;international sur Webdo.tn","publisher":{"@id":"https:\/\/www.webdo.tn\/fr\/#organization"},"potentialAction":[{"@type":"SearchAction","target":{"@type":"EntryPoint","urlTemplate":"https:\/\/www.webdo.tn\/fr\/?s={search_term_string}"},"query-input":{"@type":"PropertyValueSpecification","valueRequired":true,"valueName":"search_term_string"}}],"inLanguage":"fr-FR"},{"@type":"Organization","@id":"https:\/\/www.webdo.tn\/fr\/#organization","name":"Webdo","alternateName":"Webdo.tn","url":"https:\/\/www.webdo.tn\/fr\/","logo":{"@type":"ImageObject","inLanguage":"fr-FR","@id":"https:\/\/www.webdo.tn\/fr\/#\/schema\/logo\/image\/","url":"https:\/\/www.webdo.tn\/fr\/wp-content\/uploads\/2025\/06\/Webdo-Tunisie_168377.jpg","contentUrl":"https:\/\/www.webdo.tn\/fr\/wp-content\/uploads\/2025\/06\/Webdo-Tunisie_168377.jpg","width":301,"height":301,"caption":"Webdo"},"image":{"@id":"https:\/\/www.webdo.tn\/fr\/#\/schema\/logo\/image\/"},"sameAs":["https:\/\/www.facebook.com\/webdotn","https:\/\/x.com\/webdo_tn"],"description":"Webdo est un m\u00e9dia num\u00e9rique tunisien fond\u00e9 en 2010, sp\u00e9cialis\u00e9 dans l\u2019actualit\u00e9 nationale et internationale, l\u2019\u00e9conomie, la soci\u00e9t\u00e9 et les analyses politiques. Le site s\u2019adresse \u00e0 un large public francophone et couvre l\u2019information tunisienne en temps r\u00e9el.","email":"redac@webdo.tn","legalName":"YNJ SARL","foundingDate":"2010-09-06","numberOfEmployees":{"@type":"QuantitativeValue","minValue":"11","maxValue":"50"}},{"@type":"Person","@id":"https:\/\/www.webdo.tn\/fr\/#\/schema\/person\/f35b42a42c5e2511bbd282959d6385cc","name":"CL","image":{"@type":"ImageObject","inLanguage":"fr-FR","@id":"https:\/\/secure.gravatar.com\/avatar\/1447a49909b67aa657c488aec6512e1dd6143a480c1ecfee9b5b5cd74eb3b59e?s=96&d=mm&r=g","url":"https:\/\/secure.gravatar.com\/avatar\/1447a49909b67aa657c488aec6512e1dd6143a480c1ecfee9b5b5cd74eb3b59e?s=96&d=mm&r=g","contentUrl":"https:\/\/secure.gravatar.com\/avatar\/1447a49909b67aa657c488aec6512e1dd6143a480c1ecfee9b5b5cd74eb3b59e?s=96&d=mm&r=g","caption":"CL"},"url":"https:\/\/www.webdo.tn\/fr\/actualite\/author\/cl\/"}]}},"_links":{"self":[{"href":"https:\/\/www.webdo.tn\/fr\/wp-json\/wp\/v2\/posts\/205055","targetHints":{"allow":["GET"]}}],"collection":[{"href":"https:\/\/www.webdo.tn\/fr\/wp-json\/wp\/v2\/posts"}],"about":[{"href":"https:\/\/www.webdo.tn\/fr\/wp-json\/wp\/v2\/types\/post"}],"author":[{"embeddable":true,"href":"https:\/\/www.webdo.tn\/fr\/wp-json\/wp\/v2\/users\/3175"}],"replies":[{"embeddable":true,"href":"https:\/\/www.webdo.tn\/fr\/wp-json\/wp\/v2\/comments?post=205055"}],"version-history":[{"count":0,"href":"https:\/\/www.webdo.tn\/fr\/wp-json\/wp\/v2\/posts\/205055\/revisions"}],"wp:featuredmedia":[{"embeddable":true,"href":"https:\/\/www.webdo.tn\/fr\/wp-json\/wp\/v2\/media\/251355"}],"wp:attachment":[{"href":"https:\/\/www.webdo.tn\/fr\/wp-json\/wp\/v2\/media?parent=205055"}],"wp:term":[{"taxonomy":"category","embeddable":true,"href":"https:\/\/www.webdo.tn\/fr\/wp-json\/wp\/v2\/categories?post=205055"},{"taxonomy":"post_tag","embeddable":true,"href":"https:\/\/www.webdo.tn\/fr\/wp-json\/wp\/v2\/tags?post=205055"}],"curies":[{"name":"wp","href":"https:\/\/api.w.org\/{rel}","templated":true}]}}