{"id":205035,"date":"2023-04-20T14:44:00","date_gmt":"2023-04-20T14:44:00","guid":{"rendered":"https:\/\/www.webdo.tn\/fr\/blog\/le-front-de-salut-avertit-contre-toute-atteinte-pouvant-nuire-a-la-sante-de-rached-ghannouchi\/205035\/"},"modified":"2025-05-20T22:00:33","modified_gmt":"2025-05-20T22:00:33","slug":"le-front-de-salut-avertit-contre-toute-atteinte-pouvant-nuire-a-la-sante-de-rached-ghannouchi","status":"publish","type":"post","link":"https:\/\/www.webdo.tn\/fr\/actualite\/national\/le-front-de-salut-avertit-contre-toute-atteinte-pouvant-nuire-a-la-sante-de-rached-ghannouchi\/205035\/","title":{"rendered":"Le FSN avertit contre \u00ab\u00a0toute atteinte \u00e0 la sant\u00e9 de Rached Ghannouchi\u00a0\u00bb"},"content":{"rendered":"<p>Le Front de Salut national (FSN) r\u00e9clame la lib\u00e9ration du pr\u00e9sident du mouvement Ennahdha, Rached Ghannouchi, et de toutes les personnes d\u00e9tenues dans le cadre de cette affaire.<\/p>\n<p>\t\t\t\t\t\t\t\t\t\u00ab\u00a0L&rsquo;arrestation de Rached Ghannouchi fait partie d&rsquo;une campagne ayant cibl\u00e9 plus d\u2019une vingtaine de personnes repr\u00e9sentant l&rsquo;opposition\u00a0\u00bb, peut-on lire dans une d\u00e9claration publi\u00e9e, ce jeudi 20 avril 2023, par le FSN.<\/p>\n<p>Le Front estime que \u00ab\u00a0les d\u00e9tenus sont poursuivis sur la base de chefs d&rsquo;accusation mensongers et qu&rsquo;il n&rsquo;y a aucune preuve valable pour les d\u00e9tenir pendant plus de deux mois\u00a0\u00bb.<\/p>\n<p>Il tient \u00ab\u00a0le pouvoir en place pour responsable devant la loi contre toute atteinte pouvant nuire \u00e0 la sant\u00e9 de Rached Ghannouchi\u00a0\u00bb, ajoutant que ce dernier \u00ab\u00a0souffre de maladies chroniques\u00a0\u00bb.<\/p>\n<p>Huit personnes ont \u00e9t\u00e9 arr\u00eat\u00e9es dans cette affaire, trois ont fait l\u2019objet d\u2019un mandat de d\u00e9p\u00f4t, cinq ont \u00e9t\u00e9 maintenues en \u00e9tat de libert\u00e9 et quatre sont recherch\u00e9es.<\/p>\n<p>Le minist\u00e8re public pr\u00e8s le Tribunal de premi\u00e8re instance de Tunis a ouvert une information judiciaire contre ces 12 personnes, mercredi 19 avril 2023, pour complot contre la s\u00fbret\u00e9 int\u00e9rieure de l\u2019Etat.<\/p>\n<p>Trois mandats de d\u00e9p\u00f4t ont \u00e9t\u00e9 \u00e9mis par le juge d\u2019instruction au bureau 33 au Tribunal de premi\u00e8re instance de Tunis \u00e0 l\u2019encontre du pr\u00e9sident du mouvement Ennahdha, Rached Ghannouchi, d\u2019Ahmed Mechergui et de Youssef Nouri.<\/p>\n<p>Le juge d\u2019instruction charg\u00e9 du dossier a, par ailleurs maintenu en \u00e9tat de libert\u00e9 cinq autres accus\u00e9s. Il s\u2019agit de Mohamed Goumani, Belgacem Hassen, Mohamed Cheniba et deux autres personnes. Tous sont interdits de voyager.<\/p>\n<p>Quatre autres personnes, dont Rafik Abdessalem, Maher Zid, ou Mokded Mejri, actuellement \u00e0 l\u2019\u00e9tranger, sont \u00e9galement concern\u00e9es par cette information judiciaire.<\/p>\n<p>Outre ces neuf personnes, Abdallah Skhiri, Mouaffak Ka\u00e2bi et Mohamed Samti, font \u00e9galement partie de la liste des personnes concern\u00e9es par l&rsquo;enqu\u00eate.<\/p>\n<p>Rappelons qu\u2019une enqu\u00eate a \u00e9t\u00e9 ouverte contre les suspects pour des accusations de \u00ab\u00a0complot contre la s\u00fbret\u00e9 de l&rsquo;Etat\u00a0\u00bb sur la base des articles 68 et 72 du Code p\u00e9nal.<\/p>\n<p>Rached Ghannouchi a \u00e9t\u00e9 arr\u00eat\u00e9, dans la soir\u00e9e de lundi 17 avril 2023, apr\u00e8s avoir affirm\u00e9 au cours du weekend que la Tunisie serait menac\u00e9e d&rsquo;une \u00ab\u00a0guerre civile\u00a0\u00bb si l&rsquo;islam politique y \u00e9tait \u00e9limin\u00e9.<\/p>\n<p>Des d\u00e9clarations qui \u00ab\u00a0entrent dans le cadre des crimes li\u00e9s \u00e0 vouloir changer le syst\u00e8me de l\u2019Etat, \u00e0 inciter au chaos et \u00e0 pousser les citoyens \u00e0 s\u2019entretuer et au chaos\u00a0\u00bb, a pr\u00e9cis\u00e9 entretemps, le porte-parole de la direction g\u00e9n\u00e9rale de la Garde nationale, Houssemeddine Jebabli.<\/p>\n<p>\u00ab\u00a0Toute tentative d&rsquo;\u00e9liminer une des composantes politiques ne peut mener qu&rsquo;\u00e0 la guerre civile (&#8230;) Il est inconcevable d&rsquo;imaginer la soci\u00e9t\u00e9 tunisienne sans Ennahdha, sans islam politique et sans gauche&#8230;\u00a0\u00bb a dit Rached Ghannouchi, qualifiant les mesures prises par le pr\u00e9sident de la R\u00e9publique le 25 juillet 2021 de \u00ab\u00a0coup d&rsquo;Etat contre la d\u00e9mocratie\u00a0\u00bb.<\/p>\n<p>Or, le mouvement Ennahdha a d\u00e9nonc\u00e9, ce jeudi 20 avril, via un communiqu\u00e9 la d\u00e9cision du juge d\u2019instruction d\u2019\u00e9mettre un mandat de d\u00e9p\u00f4t contre Rached Ghannouchi \u00e0 cause d\u2019une d\u00e9claration en marge d\u2019un \u00e9v\u00e9nement organis\u00e9 par le Front du salut national, le 15 avril.<\/p>\n<p>Il s&rsquo;agit, selon Ennahdha, d\u2019une d\u00e9cision injuste et politique par excellence, qui consid\u00e8re que l\u2019intervention de Ghannouchi ne contient aucune incitation et ne touche pas la paix sociale.<\/p>\n","protected":false},"excerpt":{"rendered":"<p>Le Front de Salut national (FSN) r\u00e9clame la lib\u00e9ration du pr\u00e9sident du mouvement Ennahdha, Rached Ghannouchi, et de toutes les personnes d\u00e9tenues dans le cadre&#8230;<\/p>\n","protected":false},"author":3162,"featured_media":251351,"comment_status":"open","ping_status":"closed","sticky":false,"template":"","format":"standard","meta":{"footnotes":""},"categories":[44],"tags":[5999,5644],"class_list":["post-205035","post","type-post","status-publish","format-standard","has-post-thumbnail","hentry","category-national","tag-front-de-salut","tag-rached-ghannouchi"],"yoast_head":"<!-- This site is optimized with the Yoast SEO Premium plugin v27.5 (Yoast SEO v27.5) - https:\/\/yoast.com\/product\/yoast-seo-premium-wordpress\/ -->\n<title>Le FSN avertit contre toute atteinte \u00e0 la sant\u00e9 de Rached Ghannouchi<\/title>\n<meta name=\"description\" content=\"Le Front de Salut national (FSN) r\u00e9clame la lib\u00e9ration du pr\u00e9sident du mouvement Ennahdha, Rached Ghannouchi, et de toutes les personnes d\u00e9tenues dans le cadre...\" \/>\n<link rel=\"canonical\" href=\"https:\/\/www.webdo.tn\/fr\/actualite\/national\/le-front-de-salut-avertit-contre-toute-atteinte-pouvant-nuire-a-la-sante-de-rached-ghannouchi\/205035\/\" \/>\n<meta property=\"og:locale\" content=\"fr_FR\" \/>\n<meta property=\"og:type\" content=\"article\" \/>\n<meta property=\"og:title\" content=\"Le FSN avertit contre &quot;toute atteinte \u00e0 la sant\u00e9 de Rached Ghannouchi&quot;\" \/>\n<meta property=\"og:description\" content=\"Le Front de Salut national (FSN) r\u00e9clame la lib\u00e9ration du pr\u00e9sident du mouvement Ennahdha, Rached Ghannouchi, et de toutes les personnes d\u00e9tenues dans le cadre...\" \/>\n<meta property=\"og:url\" content=\"https:\/\/www.webdo.tn\/fr\/actualite\/national\/le-front-de-salut-avertit-contre-toute-atteinte-pouvant-nuire-a-la-sante-de-rached-ghannouchi\/205035\/\" \/>\n<meta property=\"og:site_name\" content=\"webdo\" \/>\n<meta property=\"article:publisher\" content=\"https:\/\/www.facebook.com\/webdotn\" \/>\n<meta property=\"article:published_time\" content=\"2023-04-20T14:44:00+00:00\" \/>\n<meta property=\"article:modified_time\" content=\"2025-05-20T22:00:33+00:00\" \/>\n<meta property=\"og:image\" content=\"https:\/\/www.webdo.tn\/fr\/wp-content\/uploads\/2023\/04\/fffefd08d4e67afd12605382a48125be.jpg\" \/>\n\t<meta property=\"og:image:width\" content=\"675\" \/>\n\t<meta property=\"og:image:height\" content=\"360\" \/>\n\t<meta property=\"og:image:type\" content=\"image\/jpeg\" \/>\n<meta name=\"author\" content=\"MC\" \/>\n<meta name=\"twitter:card\" content=\"summary_large_image\" \/>\n<meta name=\"twitter:creator\" content=\"@webdo_tn\" \/>\n<meta name=\"twitter:site\" content=\"@webdo_tn\" \/>\n<meta name=\"twitter:label1\" content=\"\u00c9crit par\" \/>\n\t<meta name=\"twitter:data1\" content=\"MC\" \/>\n\t<meta name=\"twitter:label2\" content=\"Dur\u00e9e de lecture estim\u00e9e\" \/>\n\t<meta name=\"twitter:data2\" content=\"3 minutes\" \/>\n<script type=\"application\/ld+json\" class=\"yoast-schema-graph\">{\"@context\":\"https:\\\/\\\/schema.org\",\"@graph\":[{\"@type\":\"NewsArticle\",\"@id\":\"https:\\\/\\\/www.webdo.tn\\\/fr\\\/actualite\\\/national\\\/le-front-de-salut-avertit-contre-toute-atteinte-pouvant-nuire-a-la-sante-de-rached-ghannouchi\\\/205035\\\/#article\",\"isPartOf\":{\"@id\":\"https:\\\/\\\/www.webdo.tn\\\/fr\\\/actualite\\\/national\\\/le-front-de-salut-avertit-contre-toute-atteinte-pouvant-nuire-a-la-sante-de-rached-ghannouchi\\\/205035\\\/\"},\"author\":{\"name\":\"MC\",\"@id\":\"https:\\\/\\\/www.webdo.tn\\\/fr\\\/#\\\/schema\\\/person\\\/2c4929cbf5a809e3bd38617c6ce150f6\"},\"headline\":\"Le FSN avertit contre \u00ab\u00a0toute atteinte \u00e0 la sant\u00e9 de Rached Ghannouchi\u00a0\u00bb\",\"datePublished\":\"2023-04-20T14:44:00+00:00\",\"dateModified\":\"2025-05-20T22:00:33+00:00\",\"mainEntityOfPage\":{\"@id\":\"https:\\\/\\\/www.webdo.tn\\\/fr\\\/actualite\\\/national\\\/le-front-de-salut-avertit-contre-toute-atteinte-pouvant-nuire-a-la-sante-de-rached-ghannouchi\\\/205035\\\/\"},\"wordCount\":603,\"commentCount\":0,\"publisher\":{\"@id\":\"https:\\\/\\\/www.webdo.tn\\\/fr\\\/#organization\"},\"image\":{\"@id\":\"https:\\\/\\\/www.webdo.tn\\\/fr\\\/actualite\\\/national\\\/le-front-de-salut-avertit-contre-toute-atteinte-pouvant-nuire-a-la-sante-de-rached-ghannouchi\\\/205035\\\/#primaryimage\"},\"thumbnailUrl\":\"https:\\\/\\\/www.webdo.tn\\\/fr\\\/wp-content\\\/uploads\\\/2023\\\/04\\\/fffefd08d4e67afd12605382a48125be.jpg\",\"keywords\":[\"Front de salut\",\"Rached Ghannouchi\"],\"articleSection\":[\"National\"],\"inLanguage\":\"fr-FR\"},{\"@type\":\"WebPage\",\"@id\":\"https:\\\/\\\/www.webdo.tn\\\/fr\\\/actualite\\\/national\\\/le-front-de-salut-avertit-contre-toute-atteinte-pouvant-nuire-a-la-sante-de-rached-ghannouchi\\\/205035\\\/\",\"url\":\"https:\\\/\\\/www.webdo.tn\\\/fr\\\/actualite\\\/national\\\/le-front-de-salut-avertit-contre-toute-atteinte-pouvant-nuire-a-la-sante-de-rached-ghannouchi\\\/205035\\\/\",\"name\":\"Le FSN avertit contre toute atteinte \u00e0 la sant\u00e9 de Rached Ghannouchi\",\"isPartOf\":{\"@id\":\"https:\\\/\\\/www.webdo.tn\\\/fr\\\/#website\"},\"primaryImageOfPage\":{\"@id\":\"https:\\\/\\\/www.webdo.tn\\\/fr\\\/actualite\\\/national\\\/le-front-de-salut-avertit-contre-toute-atteinte-pouvant-nuire-a-la-sante-de-rached-ghannouchi\\\/205035\\\/#primaryimage\"},\"image\":{\"@id\":\"https:\\\/\\\/www.webdo.tn\\\/fr\\\/actualite\\\/national\\\/le-front-de-salut-avertit-contre-toute-atteinte-pouvant-nuire-a-la-sante-de-rached-ghannouchi\\\/205035\\\/#primaryimage\"},\"thumbnailUrl\":\"https:\\\/\\\/www.webdo.tn\\\/fr\\\/wp-content\\\/uploads\\\/2023\\\/04\\\/fffefd08d4e67afd12605382a48125be.jpg\",\"datePublished\":\"2023-04-20T14:44:00+00:00\",\"dateModified\":\"2025-05-20T22:00:33+00:00\",\"description\":\"Le Front de Salut national (FSN) r\u00e9clame la lib\u00e9ration du pr\u00e9sident du mouvement Ennahdha, Rached Ghannouchi, et de toutes les personnes d\u00e9tenues dans le cadre...\",\"breadcrumb\":{\"@id\":\"https:\\\/\\\/www.webdo.tn\\\/fr\\\/actualite\\\/national\\\/le-front-de-salut-avertit-contre-toute-atteinte-pouvant-nuire-a-la-sante-de-rached-ghannouchi\\\/205035\\\/#breadcrumb\"},\"inLanguage\":\"fr-FR\",\"potentialAction\":[{\"@type\":\"ReadAction\",\"target\":[\"https:\\\/\\\/www.webdo.tn\\\/fr\\\/actualite\\\/national\\\/le-front-de-salut-avertit-contre-toute-atteinte-pouvant-nuire-a-la-sante-de-rached-ghannouchi\\\/205035\\\/\"]}]},{\"@type\":\"ImageObject\",\"inLanguage\":\"fr-FR\",\"@id\":\"https:\\\/\\\/www.webdo.tn\\\/fr\\\/actualite\\\/national\\\/le-front-de-salut-avertit-contre-toute-atteinte-pouvant-nuire-a-la-sante-de-rached-ghannouchi\\\/205035\\\/#primaryimage\",\"url\":\"https:\\\/\\\/www.webdo.tn\\\/fr\\\/wp-content\\\/uploads\\\/2023\\\/04\\\/fffefd08d4e67afd12605382a48125be.jpg\",\"contentUrl\":\"https:\\\/\\\/www.webdo.tn\\\/fr\\\/wp-content\\\/uploads\\\/2023\\\/04\\\/fffefd08d4e67afd12605382a48125be.jpg\",\"width\":675,\"height\":360,\"caption\":\"Le FSN avertit contre \\\"toute atteinte \u00e0 la sant\u00e9 de Rached Ghannouchi\\\"\"},{\"@type\":\"BreadcrumbList\",\"@id\":\"https:\\\/\\\/www.webdo.tn\\\/fr\\\/actualite\\\/national\\\/le-front-de-salut-avertit-contre-toute-atteinte-pouvant-nuire-a-la-sante-de-rached-ghannouchi\\\/205035\\\/#breadcrumb\",\"itemListElement\":[{\"@type\":\"ListItem\",\"position\":1,\"name\":\"Accueil\",\"item\":\"https:\\\/\\\/www.webdo.tn\\\/fr\\\/\"},{\"@type\":\"ListItem\",\"position\":2,\"name\":\"Le FSN avertit contre &#8220;toute atteinte \u00e0 la sant\u00e9 de Rached Ghannouchi&#8221;\"}]},{\"@type\":\"WebSite\",\"@id\":\"https:\\\/\\\/www.webdo.tn\\\/fr\\\/#website\",\"url\":\"https:\\\/\\\/www.webdo.tn\\\/fr\\\/\",\"name\":\"webdo\",\"description\":\"Tunisie - News en Tunisie et \u00e0 l&#039;international sur Webdo.tn\",\"publisher\":{\"@id\":\"https:\\\/\\\/www.webdo.tn\\\/fr\\\/#organization\"},\"potentialAction\":[{\"@type\":\"SearchAction\",\"target\":{\"@type\":\"EntryPoint\",\"urlTemplate\":\"https:\\\/\\\/www.webdo.tn\\\/fr\\\/?s={search_term_string}\"},\"query-input\":{\"@type\":\"PropertyValueSpecification\",\"valueRequired\":true,\"valueName\":\"search_term_string\"}}],\"inLanguage\":\"fr-FR\"},{\"@type\":\"Organization\",\"@id\":\"https:\\\/\\\/www.webdo.tn\\\/fr\\\/#organization\",\"name\":\"Webdo\",\"alternateName\":\"Webdo.tn\",\"url\":\"https:\\\/\\\/www.webdo.tn\\\/fr\\\/\",\"logo\":{\"@type\":\"ImageObject\",\"inLanguage\":\"fr-FR\",\"@id\":\"https:\\\/\\\/www.webdo.tn\\\/fr\\\/#\\\/schema\\\/logo\\\/image\\\/\",\"url\":\"https:\\\/\\\/www.webdo.tn\\\/fr\\\/wp-content\\\/uploads\\\/2025\\\/06\\\/Webdo-Tunisie_168377.jpg\",\"contentUrl\":\"https:\\\/\\\/www.webdo.tn\\\/fr\\\/wp-content\\\/uploads\\\/2025\\\/06\\\/Webdo-Tunisie_168377.jpg\",\"width\":301,\"height\":301,\"caption\":\"Webdo\"},\"image\":{\"@id\":\"https:\\\/\\\/www.webdo.tn\\\/fr\\\/#\\\/schema\\\/logo\\\/image\\\/\"},\"sameAs\":[\"https:\\\/\\\/www.facebook.com\\\/webdotn\",\"https:\\\/\\\/x.com\\\/webdo_tn\"],\"description\":\"Webdo est un m\u00e9dia num\u00e9rique tunisien fond\u00e9 en 2010, sp\u00e9cialis\u00e9 dans l\u2019actualit\u00e9 nationale et internationale, l\u2019\u00e9conomie, la soci\u00e9t\u00e9 et les analyses politiques. Le site s\u2019adresse \u00e0 un large public francophone et couvre l\u2019information tunisienne en temps r\u00e9el.\",\"email\":\"redac@webdo.tn\",\"legalName\":\"YNJ SARL\",\"foundingDate\":\"2010-09-06\",\"numberOfEmployees\":{\"@type\":\"QuantitativeValue\",\"minValue\":\"11\",\"maxValue\":\"50\"}},{\"@type\":\"Person\",\"@id\":\"https:\\\/\\\/www.webdo.tn\\\/fr\\\/#\\\/schema\\\/person\\\/2c4929cbf5a809e3bd38617c6ce150f6\",\"name\":\"MC\",\"image\":{\"@type\":\"ImageObject\",\"inLanguage\":\"fr-FR\",\"@id\":\"https:\\\/\\\/secure.gravatar.com\\\/avatar\\\/a545bbb6f84efdd5553dbbc2895e3ca8f1d12c5215e00a041c9670b54aa9b18a?s=96&d=mm&r=g\",\"url\":\"https:\\\/\\\/secure.gravatar.com\\\/avatar\\\/a545bbb6f84efdd5553dbbc2895e3ca8f1d12c5215e00a041c9670b54aa9b18a?s=96&d=mm&r=g\",\"contentUrl\":\"https:\\\/\\\/secure.gravatar.com\\\/avatar\\\/a545bbb6f84efdd5553dbbc2895e3ca8f1d12c5215e00a041c9670b54aa9b18a?s=96&d=mm&r=g\",\"caption\":\"MC\"},\"url\":\"https:\\\/\\\/www.webdo.tn\\\/fr\\\/actualite\\\/author\\\/mc\\\/\"}]}<\/script>\n<!-- \/ Yoast SEO Premium plugin. -->","yoast_head_json":{"title":"Le FSN avertit contre toute atteinte \u00e0 la sant\u00e9 de Rached Ghannouchi","description":"Le Front de Salut national (FSN) r\u00e9clame la lib\u00e9ration du pr\u00e9sident du mouvement Ennahdha, Rached Ghannouchi, et de toutes les personnes d\u00e9tenues dans le cadre...","canonical":"https:\/\/www.webdo.tn\/fr\/actualite\/national\/le-front-de-salut-avertit-contre-toute-atteinte-pouvant-nuire-a-la-sante-de-rached-ghannouchi\/205035\/","og_locale":"fr_FR","og_type":"article","og_title":"Le FSN avertit contre \"toute atteinte \u00e0 la sant\u00e9 de Rached Ghannouchi\"","og_description":"Le Front de Salut national (FSN) r\u00e9clame la lib\u00e9ration du pr\u00e9sident du mouvement Ennahdha, Rached Ghannouchi, et de toutes les personnes d\u00e9tenues dans le cadre...","og_url":"https:\/\/www.webdo.tn\/fr\/actualite\/national\/le-front-de-salut-avertit-contre-toute-atteinte-pouvant-nuire-a-la-sante-de-rached-ghannouchi\/205035\/","og_site_name":"webdo","article_publisher":"https:\/\/www.facebook.com\/webdotn","article_published_time":"2023-04-20T14:44:00+00:00","article_modified_time":"2025-05-20T22:00:33+00:00","og_image":[{"width":675,"height":360,"url":"https:\/\/www.webdo.tn\/fr\/wp-content\/uploads\/2023\/04\/fffefd08d4e67afd12605382a48125be.jpg","type":"image\/jpeg"}],"author":"MC","twitter_card":"summary_large_image","twitter_creator":"@webdo_tn","twitter_site":"@webdo_tn","twitter_misc":{"\u00c9crit par":"MC","Dur\u00e9e de lecture estim\u00e9e":"3 minutes"},"schema":{"@context":"https:\/\/schema.org","@graph":[{"@type":"NewsArticle","@id":"https:\/\/www.webdo.tn\/fr\/actualite\/national\/le-front-de-salut-avertit-contre-toute-atteinte-pouvant-nuire-a-la-sante-de-rached-ghannouchi\/205035\/#article","isPartOf":{"@id":"https:\/\/www.webdo.tn\/fr\/actualite\/national\/le-front-de-salut-avertit-contre-toute-atteinte-pouvant-nuire-a-la-sante-de-rached-ghannouchi\/205035\/"},"author":{"name":"MC","@id":"https:\/\/www.webdo.tn\/fr\/#\/schema\/person\/2c4929cbf5a809e3bd38617c6ce150f6"},"headline":"Le FSN avertit contre \u00ab\u00a0toute atteinte \u00e0 la sant\u00e9 de Rached Ghannouchi\u00a0\u00bb","datePublished":"2023-04-20T14:44:00+00:00","dateModified":"2025-05-20T22:00:33+00:00","mainEntityOfPage":{"@id":"https:\/\/www.webdo.tn\/fr\/actualite\/national\/le-front-de-salut-avertit-contre-toute-atteinte-pouvant-nuire-a-la-sante-de-rached-ghannouchi\/205035\/"},"wordCount":603,"commentCount":0,"publisher":{"@id":"https:\/\/www.webdo.tn\/fr\/#organization"},"image":{"@id":"https:\/\/www.webdo.tn\/fr\/actualite\/national\/le-front-de-salut-avertit-contre-toute-atteinte-pouvant-nuire-a-la-sante-de-rached-ghannouchi\/205035\/#primaryimage"},"thumbnailUrl":"https:\/\/www.webdo.tn\/fr\/wp-content\/uploads\/2023\/04\/fffefd08d4e67afd12605382a48125be.jpg","keywords":["Front de salut","Rached Ghannouchi"],"articleSection":["National"],"inLanguage":"fr-FR"},{"@type":"WebPage","@id":"https:\/\/www.webdo.tn\/fr\/actualite\/national\/le-front-de-salut-avertit-contre-toute-atteinte-pouvant-nuire-a-la-sante-de-rached-ghannouchi\/205035\/","url":"https:\/\/www.webdo.tn\/fr\/actualite\/national\/le-front-de-salut-avertit-contre-toute-atteinte-pouvant-nuire-a-la-sante-de-rached-ghannouchi\/205035\/","name":"Le FSN avertit contre toute atteinte \u00e0 la sant\u00e9 de Rached Ghannouchi","isPartOf":{"@id":"https:\/\/www.webdo.tn\/fr\/#website"},"primaryImageOfPage":{"@id":"https:\/\/www.webdo.tn\/fr\/actualite\/national\/le-front-de-salut-avertit-contre-toute-atteinte-pouvant-nuire-a-la-sante-de-rached-ghannouchi\/205035\/#primaryimage"},"image":{"@id":"https:\/\/www.webdo.tn\/fr\/actualite\/national\/le-front-de-salut-avertit-contre-toute-atteinte-pouvant-nuire-a-la-sante-de-rached-ghannouchi\/205035\/#primaryimage"},"thumbnailUrl":"https:\/\/www.webdo.tn\/fr\/wp-content\/uploads\/2023\/04\/fffefd08d4e67afd12605382a48125be.jpg","datePublished":"2023-04-20T14:44:00+00:00","dateModified":"2025-05-20T22:00:33+00:00","description":"Le Front de Salut national (FSN) r\u00e9clame la lib\u00e9ration du pr\u00e9sident du mouvement Ennahdha, Rached Ghannouchi, et de toutes les personnes d\u00e9tenues dans le cadre...","breadcrumb":{"@id":"https:\/\/www.webdo.tn\/fr\/actualite\/national\/le-front-de-salut-avertit-contre-toute-atteinte-pouvant-nuire-a-la-sante-de-rached-ghannouchi\/205035\/#breadcrumb"},"inLanguage":"fr-FR","potentialAction":[{"@type":"ReadAction","target":["https:\/\/www.webdo.tn\/fr\/actualite\/national\/le-front-de-salut-avertit-contre-toute-atteinte-pouvant-nuire-a-la-sante-de-rached-ghannouchi\/205035\/"]}]},{"@type":"ImageObject","inLanguage":"fr-FR","@id":"https:\/\/www.webdo.tn\/fr\/actualite\/national\/le-front-de-salut-avertit-contre-toute-atteinte-pouvant-nuire-a-la-sante-de-rached-ghannouchi\/205035\/#primaryimage","url":"https:\/\/www.webdo.tn\/fr\/wp-content\/uploads\/2023\/04\/fffefd08d4e67afd12605382a48125be.jpg","contentUrl":"https:\/\/www.webdo.tn\/fr\/wp-content\/uploads\/2023\/04\/fffefd08d4e67afd12605382a48125be.jpg","width":675,"height":360,"caption":"Le FSN avertit contre \"toute atteinte \u00e0 la sant\u00e9 de Rached Ghannouchi\""},{"@type":"BreadcrumbList","@id":"https:\/\/www.webdo.tn\/fr\/actualite\/national\/le-front-de-salut-avertit-contre-toute-atteinte-pouvant-nuire-a-la-sante-de-rached-ghannouchi\/205035\/#breadcrumb","itemListElement":[{"@type":"ListItem","position":1,"name":"Accueil","item":"https:\/\/www.webdo.tn\/fr\/"},{"@type":"ListItem","position":2,"name":"Le FSN avertit contre &#8220;toute atteinte \u00e0 la sant\u00e9 de Rached Ghannouchi&#8221;"}]},{"@type":"WebSite","@id":"https:\/\/www.webdo.tn\/fr\/#website","url":"https:\/\/www.webdo.tn\/fr\/","name":"webdo","description":"Tunisie - News en Tunisie et \u00e0 l&#039;international sur Webdo.tn","publisher":{"@id":"https:\/\/www.webdo.tn\/fr\/#organization"},"potentialAction":[{"@type":"SearchAction","target":{"@type":"EntryPoint","urlTemplate":"https:\/\/www.webdo.tn\/fr\/?s={search_term_string}"},"query-input":{"@type":"PropertyValueSpecification","valueRequired":true,"valueName":"search_term_string"}}],"inLanguage":"fr-FR"},{"@type":"Organization","@id":"https:\/\/www.webdo.tn\/fr\/#organization","name":"Webdo","alternateName":"Webdo.tn","url":"https:\/\/www.webdo.tn\/fr\/","logo":{"@type":"ImageObject","inLanguage":"fr-FR","@id":"https:\/\/www.webdo.tn\/fr\/#\/schema\/logo\/image\/","url":"https:\/\/www.webdo.tn\/fr\/wp-content\/uploads\/2025\/06\/Webdo-Tunisie_168377.jpg","contentUrl":"https:\/\/www.webdo.tn\/fr\/wp-content\/uploads\/2025\/06\/Webdo-Tunisie_168377.jpg","width":301,"height":301,"caption":"Webdo"},"image":{"@id":"https:\/\/www.webdo.tn\/fr\/#\/schema\/logo\/image\/"},"sameAs":["https:\/\/www.facebook.com\/webdotn","https:\/\/x.com\/webdo_tn"],"description":"Webdo est un m\u00e9dia num\u00e9rique tunisien fond\u00e9 en 2010, sp\u00e9cialis\u00e9 dans l\u2019actualit\u00e9 nationale et internationale, l\u2019\u00e9conomie, la soci\u00e9t\u00e9 et les analyses politiques. Le site s\u2019adresse \u00e0 un large public francophone et couvre l\u2019information tunisienne en temps r\u00e9el.","email":"redac@webdo.tn","legalName":"YNJ SARL","foundingDate":"2010-09-06","numberOfEmployees":{"@type":"QuantitativeValue","minValue":"11","maxValue":"50"}},{"@type":"Person","@id":"https:\/\/www.webdo.tn\/fr\/#\/schema\/person\/2c4929cbf5a809e3bd38617c6ce150f6","name":"MC","image":{"@type":"ImageObject","inLanguage":"fr-FR","@id":"https:\/\/secure.gravatar.com\/avatar\/a545bbb6f84efdd5553dbbc2895e3ca8f1d12c5215e00a041c9670b54aa9b18a?s=96&d=mm&r=g","url":"https:\/\/secure.gravatar.com\/avatar\/a545bbb6f84efdd5553dbbc2895e3ca8f1d12c5215e00a041c9670b54aa9b18a?s=96&d=mm&r=g","contentUrl":"https:\/\/secure.gravatar.com\/avatar\/a545bbb6f84efdd5553dbbc2895e3ca8f1d12c5215e00a041c9670b54aa9b18a?s=96&d=mm&r=g","caption":"MC"},"url":"https:\/\/www.webdo.tn\/fr\/actualite\/author\/mc\/"}]}},"_links":{"self":[{"href":"https:\/\/www.webdo.tn\/fr\/wp-json\/wp\/v2\/posts\/205035","targetHints":{"allow":["GET"]}}],"collection":[{"href":"https:\/\/www.webdo.tn\/fr\/wp-json\/wp\/v2\/posts"}],"about":[{"href":"https:\/\/www.webdo.tn\/fr\/wp-json\/wp\/v2\/types\/post"}],"author":[{"embeddable":true,"href":"https:\/\/www.webdo.tn\/fr\/wp-json\/wp\/v2\/users\/3162"}],"replies":[{"embeddable":true,"href":"https:\/\/www.webdo.tn\/fr\/wp-json\/wp\/v2\/comments?post=205035"}],"version-history":[{"count":0,"href":"https:\/\/www.webdo.tn\/fr\/wp-json\/wp\/v2\/posts\/205035\/revisions"}],"wp:featuredmedia":[{"embeddable":true,"href":"https:\/\/www.webdo.tn\/fr\/wp-json\/wp\/v2\/media\/251351"}],"wp:attachment":[{"href":"https:\/\/www.webdo.tn\/fr\/wp-json\/wp\/v2\/media?parent=205035"}],"wp:term":[{"taxonomy":"category","embeddable":true,"href":"https:\/\/www.webdo.tn\/fr\/wp-json\/wp\/v2\/categories?post=205035"},{"taxonomy":"post_tag","embeddable":true,"href":"https:\/\/www.webdo.tn\/fr\/wp-json\/wp\/v2\/tags?post=205035"}],"curies":[{"name":"wp","href":"https:\/\/api.w.org\/{rel}","templated":true}]}}