{"id":205024,"date":"2023-04-20T09:42:00","date_gmt":"2023-04-20T09:42:00","guid":{"rendered":"https:\/\/www.webdo.tn\/fr\/blog\/bousculade-meurtriere-au-yemen-85-morts-et-plus-de-300-blesses-a-sanaa\/205024\/"},"modified":"2025-05-20T22:00:37","modified_gmt":"2025-05-20T22:00:37","slug":"bousculade-meurtriere-au-yemen-85-morts-et-plus-de-300-blesses-a-sanaa","status":"publish","type":"post","link":"https:\/\/www.webdo.tn\/fr\/actualite\/international\/bousculade-meurtriere-au-yemen-85-morts-et-plus-de-300-blesses-a-sanaa\/205024\/","title":{"rendered":"Bousculade meurtri\u00e8re au Y\u00e9men : 85 morts et plus de 300 bless\u00e9s \u00e0 Sanaa"},"content":{"rendered":"<p>Au moins 85 personnes ont \u00e9t\u00e9 tu\u00e9es et plus de 322 bless\u00e9es, ce jeudi 20 avril 2023, au Y\u00e9men dans une bousculade des plus meurtri\u00e8res, lors d&rsquo;une action caritative dans la capitale Sanaa.<\/p>\n<p>\t\t\t\t\t\t\t\t\t\u00ab\u00a0Quatre-vingt-cinq personnes ont \u00e9t\u00e9 tu\u00e9es, et plus de 322 ont \u00e9t\u00e9 bless\u00e9es\u00a0\u00bb dans la bousculade survenue dans la nuit lors d&rsquo;une op\u00e9ration caritative organis\u00e9e dans le quartier de Bab el-Y\u00e9men, selon un responsable houthi de la s\u00e9curit\u00e9 \u00e0 Sanaa.<\/p>\n<p>\u00ab\u00a0Des enfants figurent parmi les personnes d\u00e9c\u00e9d\u00e9es\u00a0\u00bb et une cinquantaine de bless\u00e9s se trouvent dans un \u00e9tat grave, selon le responsable.<\/p>\n<p>Ce mouvement de foule a eu lieu dans une \u00e9cole du quartier de la vieille ville, o\u00f9 des centaines de personnes s&rsquo;\u00e9taient rassembl\u00e9es pour recevoir des aides financi\u00e8res.<\/p>\n<p>Un haut responsable Houthi a attribu\u00e9 la catastrophe \u00e0 \u00ab\u00a0l&rsquo;exc\u00e8s de monde\u00a0\u00bb dans la rue \u00e9troite menant \u00e0 l&rsquo;\u00e9cole. Quand les portes ont ouvert, la foule s&rsquo;est pr\u00e9cipit\u00e9e dans les escaliers menant \u00e0 la cour d&rsquo;\u00e9cole o\u00f9 la distribution \u00e9tait pr\u00e9vue, a pr\u00e9cis\u00e9 Mohammed Ali al-Houthi, membre du Conseil politique supr\u00eame des rebelles.<\/p>\n<p>Mais certains t\u00e9moins affirment que des coups de feu ont provoqu\u00e9 le mouvement de foule.<\/p>\n","protected":false},"excerpt":{"rendered":"<p>Au moins 85 personnes ont \u00e9t\u00e9 tu\u00e9es et plus de 322 bless\u00e9es, ce jeudi 20 avril 2023, au Y\u00e9men dans une bousculade des plus meurtri\u00e8res, lors d&rsquo;une action carita&#8230;<\/p>\n","protected":false},"author":3162,"featured_media":251380,"comment_status":"open","ping_status":"closed","sticky":false,"template":"","format":"standard","meta":{"footnotes":""},"categories":[2598],"tags":[8531,2638,3208,2637],"class_list":["post-205024","post","type-post","status-publish","format-standard","has-post-thumbnail","hentry","category-international","tag-bousculade","tag-houthis","tag-morts","tag-yemen"],"yoast_head":"<!-- This site is optimized with the Yoast SEO Premium plugin v27.5 (Yoast SEO v27.5) - https:\/\/yoast.com\/product\/yoast-seo-premium-wordpress\/ -->\n<title>Bousculade meurtri\u00e8re au Y\u00e9men : 85 morts et plus de 300 bless\u00e9s \u00e0 Sanaa<\/title>\n<meta name=\"description\" content=\"Au moins 85 personnes ont \u00e9t\u00e9 tu\u00e9es et plus de 322 bless\u00e9es, ce jeudi 20 avril 2023, au Y\u00e9men dans une bousculade des plus meurtri\u00e8res, lors d&#039;une action carita...\" \/>\n<link rel=\"canonical\" href=\"https:\/\/www.webdo.tn\/fr\/actualite\/international\/bousculade-meurtriere-au-yemen-85-morts-et-plus-de-300-blesses-a-sanaa\/205024\/\" \/>\n<meta property=\"og:locale\" content=\"fr_FR\" \/>\n<meta property=\"og:type\" content=\"article\" \/>\n<meta property=\"og:title\" content=\"Bousculade meurtri\u00e8re au Y\u00e9men : 85 morts et plus de 300 bless\u00e9s \u00e0 Sanaa\" \/>\n<meta property=\"og:description\" content=\"Au moins 85 personnes ont \u00e9t\u00e9 tu\u00e9es et plus de 322 bless\u00e9es, ce jeudi 20 avril 2023, au Y\u00e9men dans une bousculade des plus meurtri\u00e8res, lors d&#039;une action carita...\" \/>\n<meta property=\"og:url\" content=\"https:\/\/www.webdo.tn\/fr\/actualite\/international\/bousculade-meurtriere-au-yemen-85-morts-et-plus-de-300-blesses-a-sanaa\/205024\/\" \/>\n<meta property=\"og:site_name\" content=\"webdo\" \/>\n<meta property=\"article:publisher\" content=\"https:\/\/www.facebook.com\/webdotn\" \/>\n<meta property=\"article:published_time\" content=\"2023-04-20T09:42:00+00:00\" \/>\n<meta property=\"article:modified_time\" content=\"2025-05-20T22:00:37+00:00\" \/>\n<meta property=\"og:image\" content=\"https:\/\/www.webdo.tn\/fr\/wp-content\/uploads\/2023\/04\/8ad74bee141f2c15db82f879255ace59.jpg\" \/>\n\t<meta property=\"og:image:width\" content=\"650\" \/>\n\t<meta property=\"og:image:height\" content=\"347\" \/>\n\t<meta property=\"og:image:type\" content=\"image\/jpeg\" \/>\n<meta name=\"author\" content=\"MC\" \/>\n<meta name=\"twitter:card\" content=\"summary_large_image\" \/>\n<meta name=\"twitter:creator\" content=\"@webdo_tn\" \/>\n<meta name=\"twitter:site\" content=\"@webdo_tn\" \/>\n<meta name=\"twitter:label1\" content=\"\u00c9crit par\" \/>\n\t<meta name=\"twitter:data1\" content=\"MC\" \/>\n\t<meta name=\"twitter:label2\" content=\"Dur\u00e9e de lecture estim\u00e9e\" \/>\n\t<meta name=\"twitter:data2\" content=\"1 minute\" \/>\n<script type=\"application\/ld+json\" class=\"yoast-schema-graph\">{\"@context\":\"https:\\\/\\\/schema.org\",\"@graph\":[{\"@type\":\"NewsArticle\",\"@id\":\"https:\\\/\\\/www.webdo.tn\\\/fr\\\/actualite\\\/international\\\/bousculade-meurtriere-au-yemen-85-morts-et-plus-de-300-blesses-a-sanaa\\\/205024\\\/#article\",\"isPartOf\":{\"@id\":\"https:\\\/\\\/www.webdo.tn\\\/fr\\\/actualite\\\/international\\\/bousculade-meurtriere-au-yemen-85-morts-et-plus-de-300-blesses-a-sanaa\\\/205024\\\/\"},\"author\":{\"name\":\"MC\",\"@id\":\"https:\\\/\\\/www.webdo.tn\\\/fr\\\/#\\\/schema\\\/person\\\/2c4929cbf5a809e3bd38617c6ce150f6\"},\"headline\":\"Bousculade meurtri\u00e8re au Y\u00e9men : 85 morts et plus de 300 bless\u00e9s \u00e0 Sanaa\",\"datePublished\":\"2023-04-20T09:42:00+00:00\",\"dateModified\":\"2025-05-20T22:00:37+00:00\",\"mainEntityOfPage\":{\"@id\":\"https:\\\/\\\/www.webdo.tn\\\/fr\\\/actualite\\\/international\\\/bousculade-meurtriere-au-yemen-85-morts-et-plus-de-300-blesses-a-sanaa\\\/205024\\\/\"},\"wordCount\":223,\"commentCount\":0,\"publisher\":{\"@id\":\"https:\\\/\\\/www.webdo.tn\\\/fr\\\/#organization\"},\"image\":{\"@id\":\"https:\\\/\\\/www.webdo.tn\\\/fr\\\/actualite\\\/international\\\/bousculade-meurtriere-au-yemen-85-morts-et-plus-de-300-blesses-a-sanaa\\\/205024\\\/#primaryimage\"},\"thumbnailUrl\":\"https:\\\/\\\/www.webdo.tn\\\/fr\\\/wp-content\\\/uploads\\\/2023\\\/04\\\/8ad74bee141f2c15db82f879255ace59.jpg\",\"keywords\":[\"bousculade\",\"houthis\",\"morts\",\"y\u00e9men\"],\"articleSection\":[\"International\"],\"inLanguage\":\"fr-FR\"},{\"@type\":\"WebPage\",\"@id\":\"https:\\\/\\\/www.webdo.tn\\\/fr\\\/actualite\\\/international\\\/bousculade-meurtriere-au-yemen-85-morts-et-plus-de-300-blesses-a-sanaa\\\/205024\\\/\",\"url\":\"https:\\\/\\\/www.webdo.tn\\\/fr\\\/actualite\\\/international\\\/bousculade-meurtriere-au-yemen-85-morts-et-plus-de-300-blesses-a-sanaa\\\/205024\\\/\",\"name\":\"Bousculade meurtri\u00e8re au Y\u00e9men : 85 morts et plus de 300 bless\u00e9s \u00e0 Sanaa\",\"isPartOf\":{\"@id\":\"https:\\\/\\\/www.webdo.tn\\\/fr\\\/#website\"},\"primaryImageOfPage\":{\"@id\":\"https:\\\/\\\/www.webdo.tn\\\/fr\\\/actualite\\\/international\\\/bousculade-meurtriere-au-yemen-85-morts-et-plus-de-300-blesses-a-sanaa\\\/205024\\\/#primaryimage\"},\"image\":{\"@id\":\"https:\\\/\\\/www.webdo.tn\\\/fr\\\/actualite\\\/international\\\/bousculade-meurtriere-au-yemen-85-morts-et-plus-de-300-blesses-a-sanaa\\\/205024\\\/#primaryimage\"},\"thumbnailUrl\":\"https:\\\/\\\/www.webdo.tn\\\/fr\\\/wp-content\\\/uploads\\\/2023\\\/04\\\/8ad74bee141f2c15db82f879255ace59.jpg\",\"datePublished\":\"2023-04-20T09:42:00+00:00\",\"dateModified\":\"2025-05-20T22:00:37+00:00\",\"description\":\"Au moins 85 personnes ont \u00e9t\u00e9 tu\u00e9es et plus de 322 bless\u00e9es, ce jeudi 20 avril 2023, au Y\u00e9men dans une bousculade des plus meurtri\u00e8res, lors d'une action carita...\",\"breadcrumb\":{\"@id\":\"https:\\\/\\\/www.webdo.tn\\\/fr\\\/actualite\\\/international\\\/bousculade-meurtriere-au-yemen-85-morts-et-plus-de-300-blesses-a-sanaa\\\/205024\\\/#breadcrumb\"},\"inLanguage\":\"fr-FR\",\"potentialAction\":[{\"@type\":\"ReadAction\",\"target\":[\"https:\\\/\\\/www.webdo.tn\\\/fr\\\/actualite\\\/international\\\/bousculade-meurtriere-au-yemen-85-morts-et-plus-de-300-blesses-a-sanaa\\\/205024\\\/\"]}]},{\"@type\":\"ImageObject\",\"inLanguage\":\"fr-FR\",\"@id\":\"https:\\\/\\\/www.webdo.tn\\\/fr\\\/actualite\\\/international\\\/bousculade-meurtriere-au-yemen-85-morts-et-plus-de-300-blesses-a-sanaa\\\/205024\\\/#primaryimage\",\"url\":\"https:\\\/\\\/www.webdo.tn\\\/fr\\\/wp-content\\\/uploads\\\/2023\\\/04\\\/8ad74bee141f2c15db82f879255ace59.jpg\",\"contentUrl\":\"https:\\\/\\\/www.webdo.tn\\\/fr\\\/wp-content\\\/uploads\\\/2023\\\/04\\\/8ad74bee141f2c15db82f879255ace59.jpg\",\"width\":650,\"height\":347,\"caption\":\"Bousculade meurtri\u00e8re au Y\u00e9men : 85 morts et plus de 300 bless\u00e9s \u00e0 Sanaa\"},{\"@type\":\"BreadcrumbList\",\"@id\":\"https:\\\/\\\/www.webdo.tn\\\/fr\\\/actualite\\\/international\\\/bousculade-meurtriere-au-yemen-85-morts-et-plus-de-300-blesses-a-sanaa\\\/205024\\\/#breadcrumb\",\"itemListElement\":[{\"@type\":\"ListItem\",\"position\":1,\"name\":\"Accueil\",\"item\":\"https:\\\/\\\/www.webdo.tn\\\/fr\\\/\"},{\"@type\":\"ListItem\",\"position\":2,\"name\":\"Bousculade meurtri\u00e8re au Y\u00e9men : 85 morts et plus de 300 bless\u00e9s \u00e0 Sanaa\"}]},{\"@type\":\"WebSite\",\"@id\":\"https:\\\/\\\/www.webdo.tn\\\/fr\\\/#website\",\"url\":\"https:\\\/\\\/www.webdo.tn\\\/fr\\\/\",\"name\":\"webdo\",\"description\":\"Tunisie - News en Tunisie et \u00e0 l&#039;international sur Webdo.tn\",\"publisher\":{\"@id\":\"https:\\\/\\\/www.webdo.tn\\\/fr\\\/#organization\"},\"potentialAction\":[{\"@type\":\"SearchAction\",\"target\":{\"@type\":\"EntryPoint\",\"urlTemplate\":\"https:\\\/\\\/www.webdo.tn\\\/fr\\\/?s={search_term_string}\"},\"query-input\":{\"@type\":\"PropertyValueSpecification\",\"valueRequired\":true,\"valueName\":\"search_term_string\"}}],\"inLanguage\":\"fr-FR\"},{\"@type\":\"Organization\",\"@id\":\"https:\\\/\\\/www.webdo.tn\\\/fr\\\/#organization\",\"name\":\"Webdo\",\"alternateName\":\"Webdo.tn\",\"url\":\"https:\\\/\\\/www.webdo.tn\\\/fr\\\/\",\"logo\":{\"@type\":\"ImageObject\",\"inLanguage\":\"fr-FR\",\"@id\":\"https:\\\/\\\/www.webdo.tn\\\/fr\\\/#\\\/schema\\\/logo\\\/image\\\/\",\"url\":\"https:\\\/\\\/www.webdo.tn\\\/fr\\\/wp-content\\\/uploads\\\/2025\\\/06\\\/Webdo-Tunisie_168377.jpg\",\"contentUrl\":\"https:\\\/\\\/www.webdo.tn\\\/fr\\\/wp-content\\\/uploads\\\/2025\\\/06\\\/Webdo-Tunisie_168377.jpg\",\"width\":301,\"height\":301,\"caption\":\"Webdo\"},\"image\":{\"@id\":\"https:\\\/\\\/www.webdo.tn\\\/fr\\\/#\\\/schema\\\/logo\\\/image\\\/\"},\"sameAs\":[\"https:\\\/\\\/www.facebook.com\\\/webdotn\",\"https:\\\/\\\/x.com\\\/webdo_tn\"],\"description\":\"Webdo est un m\u00e9dia num\u00e9rique tunisien fond\u00e9 en 2010, sp\u00e9cialis\u00e9 dans l\u2019actualit\u00e9 nationale et internationale, l\u2019\u00e9conomie, la soci\u00e9t\u00e9 et les analyses politiques. Le site s\u2019adresse \u00e0 un large public francophone et couvre l\u2019information tunisienne en temps r\u00e9el.\",\"email\":\"redac@webdo.tn\",\"legalName\":\"YNJ SARL\",\"foundingDate\":\"2010-09-06\",\"numberOfEmployees\":{\"@type\":\"QuantitativeValue\",\"minValue\":\"11\",\"maxValue\":\"50\"}},{\"@type\":\"Person\",\"@id\":\"https:\\\/\\\/www.webdo.tn\\\/fr\\\/#\\\/schema\\\/person\\\/2c4929cbf5a809e3bd38617c6ce150f6\",\"name\":\"MC\",\"image\":{\"@type\":\"ImageObject\",\"inLanguage\":\"fr-FR\",\"@id\":\"https:\\\/\\\/secure.gravatar.com\\\/avatar\\\/a545bbb6f84efdd5553dbbc2895e3ca8f1d12c5215e00a041c9670b54aa9b18a?s=96&d=mm&r=g\",\"url\":\"https:\\\/\\\/secure.gravatar.com\\\/avatar\\\/a545bbb6f84efdd5553dbbc2895e3ca8f1d12c5215e00a041c9670b54aa9b18a?s=96&d=mm&r=g\",\"contentUrl\":\"https:\\\/\\\/secure.gravatar.com\\\/avatar\\\/a545bbb6f84efdd5553dbbc2895e3ca8f1d12c5215e00a041c9670b54aa9b18a?s=96&d=mm&r=g\",\"caption\":\"MC\"},\"url\":\"https:\\\/\\\/www.webdo.tn\\\/fr\\\/actualite\\\/author\\\/mc\\\/\"}]}<\/script>\n<!-- \/ Yoast SEO Premium plugin. -->","yoast_head_json":{"title":"Bousculade meurtri\u00e8re au Y\u00e9men : 85 morts et plus de 300 bless\u00e9s \u00e0 Sanaa","description":"Au moins 85 personnes ont \u00e9t\u00e9 tu\u00e9es et plus de 322 bless\u00e9es, ce jeudi 20 avril 2023, au Y\u00e9men dans une bousculade des plus meurtri\u00e8res, lors d'une action carita...","canonical":"https:\/\/www.webdo.tn\/fr\/actualite\/international\/bousculade-meurtriere-au-yemen-85-morts-et-plus-de-300-blesses-a-sanaa\/205024\/","og_locale":"fr_FR","og_type":"article","og_title":"Bousculade meurtri\u00e8re au Y\u00e9men : 85 morts et plus de 300 bless\u00e9s \u00e0 Sanaa","og_description":"Au moins 85 personnes ont \u00e9t\u00e9 tu\u00e9es et plus de 322 bless\u00e9es, ce jeudi 20 avril 2023, au Y\u00e9men dans une bousculade des plus meurtri\u00e8res, lors d'une action carita...","og_url":"https:\/\/www.webdo.tn\/fr\/actualite\/international\/bousculade-meurtriere-au-yemen-85-morts-et-plus-de-300-blesses-a-sanaa\/205024\/","og_site_name":"webdo","article_publisher":"https:\/\/www.facebook.com\/webdotn","article_published_time":"2023-04-20T09:42:00+00:00","article_modified_time":"2025-05-20T22:00:37+00:00","og_image":[{"width":650,"height":347,"url":"https:\/\/www.webdo.tn\/fr\/wp-content\/uploads\/2023\/04\/8ad74bee141f2c15db82f879255ace59.jpg","type":"image\/jpeg"}],"author":"MC","twitter_card":"summary_large_image","twitter_creator":"@webdo_tn","twitter_site":"@webdo_tn","twitter_misc":{"\u00c9crit par":"MC","Dur\u00e9e de lecture estim\u00e9e":"1 minute"},"schema":{"@context":"https:\/\/schema.org","@graph":[{"@type":"NewsArticle","@id":"https:\/\/www.webdo.tn\/fr\/actualite\/international\/bousculade-meurtriere-au-yemen-85-morts-et-plus-de-300-blesses-a-sanaa\/205024\/#article","isPartOf":{"@id":"https:\/\/www.webdo.tn\/fr\/actualite\/international\/bousculade-meurtriere-au-yemen-85-morts-et-plus-de-300-blesses-a-sanaa\/205024\/"},"author":{"name":"MC","@id":"https:\/\/www.webdo.tn\/fr\/#\/schema\/person\/2c4929cbf5a809e3bd38617c6ce150f6"},"headline":"Bousculade meurtri\u00e8re au Y\u00e9men : 85 morts et plus de 300 bless\u00e9s \u00e0 Sanaa","datePublished":"2023-04-20T09:42:00+00:00","dateModified":"2025-05-20T22:00:37+00:00","mainEntityOfPage":{"@id":"https:\/\/www.webdo.tn\/fr\/actualite\/international\/bousculade-meurtriere-au-yemen-85-morts-et-plus-de-300-blesses-a-sanaa\/205024\/"},"wordCount":223,"commentCount":0,"publisher":{"@id":"https:\/\/www.webdo.tn\/fr\/#organization"},"image":{"@id":"https:\/\/www.webdo.tn\/fr\/actualite\/international\/bousculade-meurtriere-au-yemen-85-morts-et-plus-de-300-blesses-a-sanaa\/205024\/#primaryimage"},"thumbnailUrl":"https:\/\/www.webdo.tn\/fr\/wp-content\/uploads\/2023\/04\/8ad74bee141f2c15db82f879255ace59.jpg","keywords":["bousculade","houthis","morts","y\u00e9men"],"articleSection":["International"],"inLanguage":"fr-FR"},{"@type":"WebPage","@id":"https:\/\/www.webdo.tn\/fr\/actualite\/international\/bousculade-meurtriere-au-yemen-85-morts-et-plus-de-300-blesses-a-sanaa\/205024\/","url":"https:\/\/www.webdo.tn\/fr\/actualite\/international\/bousculade-meurtriere-au-yemen-85-morts-et-plus-de-300-blesses-a-sanaa\/205024\/","name":"Bousculade meurtri\u00e8re au Y\u00e9men : 85 morts et plus de 300 bless\u00e9s \u00e0 Sanaa","isPartOf":{"@id":"https:\/\/www.webdo.tn\/fr\/#website"},"primaryImageOfPage":{"@id":"https:\/\/www.webdo.tn\/fr\/actualite\/international\/bousculade-meurtriere-au-yemen-85-morts-et-plus-de-300-blesses-a-sanaa\/205024\/#primaryimage"},"image":{"@id":"https:\/\/www.webdo.tn\/fr\/actualite\/international\/bousculade-meurtriere-au-yemen-85-morts-et-plus-de-300-blesses-a-sanaa\/205024\/#primaryimage"},"thumbnailUrl":"https:\/\/www.webdo.tn\/fr\/wp-content\/uploads\/2023\/04\/8ad74bee141f2c15db82f879255ace59.jpg","datePublished":"2023-04-20T09:42:00+00:00","dateModified":"2025-05-20T22:00:37+00:00","description":"Au moins 85 personnes ont \u00e9t\u00e9 tu\u00e9es et plus de 322 bless\u00e9es, ce jeudi 20 avril 2023, au Y\u00e9men dans une bousculade des plus meurtri\u00e8res, lors d'une action carita...","breadcrumb":{"@id":"https:\/\/www.webdo.tn\/fr\/actualite\/international\/bousculade-meurtriere-au-yemen-85-morts-et-plus-de-300-blesses-a-sanaa\/205024\/#breadcrumb"},"inLanguage":"fr-FR","potentialAction":[{"@type":"ReadAction","target":["https:\/\/www.webdo.tn\/fr\/actualite\/international\/bousculade-meurtriere-au-yemen-85-morts-et-plus-de-300-blesses-a-sanaa\/205024\/"]}]},{"@type":"ImageObject","inLanguage":"fr-FR","@id":"https:\/\/www.webdo.tn\/fr\/actualite\/international\/bousculade-meurtriere-au-yemen-85-morts-et-plus-de-300-blesses-a-sanaa\/205024\/#primaryimage","url":"https:\/\/www.webdo.tn\/fr\/wp-content\/uploads\/2023\/04\/8ad74bee141f2c15db82f879255ace59.jpg","contentUrl":"https:\/\/www.webdo.tn\/fr\/wp-content\/uploads\/2023\/04\/8ad74bee141f2c15db82f879255ace59.jpg","width":650,"height":347,"caption":"Bousculade meurtri\u00e8re au Y\u00e9men : 85 morts et plus de 300 bless\u00e9s \u00e0 Sanaa"},{"@type":"BreadcrumbList","@id":"https:\/\/www.webdo.tn\/fr\/actualite\/international\/bousculade-meurtriere-au-yemen-85-morts-et-plus-de-300-blesses-a-sanaa\/205024\/#breadcrumb","itemListElement":[{"@type":"ListItem","position":1,"name":"Accueil","item":"https:\/\/www.webdo.tn\/fr\/"},{"@type":"ListItem","position":2,"name":"Bousculade meurtri\u00e8re au Y\u00e9men : 85 morts et plus de 300 bless\u00e9s \u00e0 Sanaa"}]},{"@type":"WebSite","@id":"https:\/\/www.webdo.tn\/fr\/#website","url":"https:\/\/www.webdo.tn\/fr\/","name":"webdo","description":"Tunisie - News en Tunisie et \u00e0 l&#039;international sur Webdo.tn","publisher":{"@id":"https:\/\/www.webdo.tn\/fr\/#organization"},"potentialAction":[{"@type":"SearchAction","target":{"@type":"EntryPoint","urlTemplate":"https:\/\/www.webdo.tn\/fr\/?s={search_term_string}"},"query-input":{"@type":"PropertyValueSpecification","valueRequired":true,"valueName":"search_term_string"}}],"inLanguage":"fr-FR"},{"@type":"Organization","@id":"https:\/\/www.webdo.tn\/fr\/#organization","name":"Webdo","alternateName":"Webdo.tn","url":"https:\/\/www.webdo.tn\/fr\/","logo":{"@type":"ImageObject","inLanguage":"fr-FR","@id":"https:\/\/www.webdo.tn\/fr\/#\/schema\/logo\/image\/","url":"https:\/\/www.webdo.tn\/fr\/wp-content\/uploads\/2025\/06\/Webdo-Tunisie_168377.jpg","contentUrl":"https:\/\/www.webdo.tn\/fr\/wp-content\/uploads\/2025\/06\/Webdo-Tunisie_168377.jpg","width":301,"height":301,"caption":"Webdo"},"image":{"@id":"https:\/\/www.webdo.tn\/fr\/#\/schema\/logo\/image\/"},"sameAs":["https:\/\/www.facebook.com\/webdotn","https:\/\/x.com\/webdo_tn"],"description":"Webdo est un m\u00e9dia num\u00e9rique tunisien fond\u00e9 en 2010, sp\u00e9cialis\u00e9 dans l\u2019actualit\u00e9 nationale et internationale, l\u2019\u00e9conomie, la soci\u00e9t\u00e9 et les analyses politiques. Le site s\u2019adresse \u00e0 un large public francophone et couvre l\u2019information tunisienne en temps r\u00e9el.","email":"redac@webdo.tn","legalName":"YNJ SARL","foundingDate":"2010-09-06","numberOfEmployees":{"@type":"QuantitativeValue","minValue":"11","maxValue":"50"}},{"@type":"Person","@id":"https:\/\/www.webdo.tn\/fr\/#\/schema\/person\/2c4929cbf5a809e3bd38617c6ce150f6","name":"MC","image":{"@type":"ImageObject","inLanguage":"fr-FR","@id":"https:\/\/secure.gravatar.com\/avatar\/a545bbb6f84efdd5553dbbc2895e3ca8f1d12c5215e00a041c9670b54aa9b18a?s=96&d=mm&r=g","url":"https:\/\/secure.gravatar.com\/avatar\/a545bbb6f84efdd5553dbbc2895e3ca8f1d12c5215e00a041c9670b54aa9b18a?s=96&d=mm&r=g","contentUrl":"https:\/\/secure.gravatar.com\/avatar\/a545bbb6f84efdd5553dbbc2895e3ca8f1d12c5215e00a041c9670b54aa9b18a?s=96&d=mm&r=g","caption":"MC"},"url":"https:\/\/www.webdo.tn\/fr\/actualite\/author\/mc\/"}]}},"_links":{"self":[{"href":"https:\/\/www.webdo.tn\/fr\/wp-json\/wp\/v2\/posts\/205024","targetHints":{"allow":["GET"]}}],"collection":[{"href":"https:\/\/www.webdo.tn\/fr\/wp-json\/wp\/v2\/posts"}],"about":[{"href":"https:\/\/www.webdo.tn\/fr\/wp-json\/wp\/v2\/types\/post"}],"author":[{"embeddable":true,"href":"https:\/\/www.webdo.tn\/fr\/wp-json\/wp\/v2\/users\/3162"}],"replies":[{"embeddable":true,"href":"https:\/\/www.webdo.tn\/fr\/wp-json\/wp\/v2\/comments?post=205024"}],"version-history":[{"count":0,"href":"https:\/\/www.webdo.tn\/fr\/wp-json\/wp\/v2\/posts\/205024\/revisions"}],"wp:featuredmedia":[{"embeddable":true,"href":"https:\/\/www.webdo.tn\/fr\/wp-json\/wp\/v2\/media\/251380"}],"wp:attachment":[{"href":"https:\/\/www.webdo.tn\/fr\/wp-json\/wp\/v2\/media?parent=205024"}],"wp:term":[{"taxonomy":"category","embeddable":true,"href":"https:\/\/www.webdo.tn\/fr\/wp-json\/wp\/v2\/categories?post=205024"},{"taxonomy":"post_tag","embeddable":true,"href":"https:\/\/www.webdo.tn\/fr\/wp-json\/wp\/v2\/tags?post=205024"}],"curies":[{"name":"wp","href":"https:\/\/api.w.org\/{rel}","templated":true}]}}