{"id":205018,"date":"2023-04-19T22:39:00","date_gmt":"2023-04-19T22:39:00","guid":{"rendered":"https:\/\/www.webdo.tn\/fr\/blog\/open-de-stuttgart-la-remontada-d-ons-jabeur\/205018\/"},"modified":"2025-05-20T22:58:26","modified_gmt":"2025-05-20T22:58:26","slug":"open-de-stuttgart-la-remontada-d-ons-jabeur","status":"publish","type":"post","link":"https:\/\/www.webdo.tn\/fr\/actualite\/sport\/open-de-stuttgart-la-remontada-d-ons-jabeur\/205018\/","title":{"rendered":"Open de Stuttgart : la remontada d\u2019Ons Jabeur"},"content":{"rendered":"<p>Men\u00e9e 6-1 au premier set, Ons Jabeur effectue une remontada au second set qu\u2019elle s\u2019adjuge 7-5 avant de porter l\u2019estocade au troisi\u00e8me set et renverser Ostapenko en huiti\u00e8mes de finale de l\u2019open de Stuttgart.<\/p>\n<p>\t\t\t\t\t\t\t\t\tApr\u00e8s sa victoire \u00e0 Charleston, One Jabeur, 4\u00e8me au classement WTA, n\u00e9gocie victorieusement son entr\u00e9e en mati\u00e8re au tournoi de Stuttgart.<\/p>\n<p>En difficult\u00e9 au premier set qu\u2019elle conc\u00e8de 6-1 \u00e0 la Lettone Ostapenko, la championne tunisienne se rebiffe en fin du second set qu\u2019elle remporte 7-5.<\/p>\n<p>Au troisi\u00e8me set, la Tunisienne, gr\u00e2ce \u00e0 son premier service, prend les devants et finit en force un set qu\u2019elle gagne 6-3.<\/p>\n<p>Auteur de 8 aces et de 80% de premiers services, Ons Jabeur acc\u00e8de en quarts de finale et se pr\u00e9sente aux c\u00f4t\u00e9s de la N\u00b01 mondiale Iga Swiatek comme l\u2019une des favoris du tournoi.<\/p>\n","protected":false},"excerpt":{"rendered":"<p>Men\u00e9e 6-1 au premier set, Ons Jabeur effectue une remontada au second set qu\u2019elle s\u2019adjuge 7-5 avant de porter l\u2019estocade au troisi\u00e8me set et renverser Ostapenk&#8230;<\/p>\n","protected":false},"author":3188,"featured_media":251374,"comment_status":"open","ping_status":"closed","sticky":false,"template":"","format":"standard","meta":{"footnotes":""},"categories":[2593],"tags":[2604,6660],"class_list":["post-205018","post","type-post","status-publish","format-standard","has-post-thumbnail","hentry","category-sport","tag-ons-jabeur","tag-stuttgart"],"yoast_head":"<!-- This site is optimized with the Yoast SEO Premium plugin v27.5 (Yoast SEO v27.5) - https:\/\/yoast.com\/product\/yoast-seo-premium-wordpress\/ -->\n<title>Open de Stuttgart : la remontada d\u2019Ons Jabeur<\/title>\n<meta name=\"description\" content=\"Men\u00e9e 6-1 au premier set, Ons Jabeur effectue une remontada au second set qu\u2019elle s\u2019adjuge 7-5 avant de porter l\u2019estocade au troisi\u00e8me set et renverser Ostapenk...\" \/>\n<link rel=\"canonical\" href=\"https:\/\/www.webdo.tn\/fr\/actualite\/sport\/open-de-stuttgart-la-remontada-d-ons-jabeur\/205018\/\" \/>\n<meta property=\"og:locale\" content=\"fr_FR\" \/>\n<meta property=\"og:type\" content=\"article\" \/>\n<meta property=\"og:title\" content=\"Open de Stuttgart : la remontada d\u2019Ons Jabeur\" \/>\n<meta property=\"og:description\" content=\"Men\u00e9e 6-1 au premier set, Ons Jabeur effectue une remontada au second set qu\u2019elle s\u2019adjuge 7-5 avant de porter l\u2019estocade au troisi\u00e8me set et renverser Ostapenk...\" \/>\n<meta property=\"og:url\" content=\"https:\/\/www.webdo.tn\/fr\/actualite\/sport\/open-de-stuttgart-la-remontada-d-ons-jabeur\/205018\/\" \/>\n<meta property=\"og:site_name\" content=\"webdo\" \/>\n<meta property=\"article:publisher\" content=\"https:\/\/www.facebook.com\/webdotn\" \/>\n<meta property=\"article:published_time\" content=\"2023-04-19T22:39:00+00:00\" \/>\n<meta property=\"article:modified_time\" content=\"2025-05-20T22:58:26+00:00\" \/>\n<meta property=\"og:image\" content=\"https:\/\/www.webdo.tn\/fr\/wp-content\/uploads\/2023\/04\/a5a5ac0dca88ba6a1e8f67565882b484.jpg\" \/>\n\t<meta property=\"og:image:width\" content=\"750\" \/>\n\t<meta property=\"og:image:height\" content=\"400\" \/>\n\t<meta property=\"og:image:type\" content=\"image\/jpeg\" \/>\n<meta name=\"author\" content=\"Ramzi\" \/>\n<meta name=\"twitter:card\" content=\"summary_large_image\" \/>\n<meta name=\"twitter:creator\" content=\"@webdo_tn\" \/>\n<meta name=\"twitter:site\" content=\"@webdo_tn\" \/>\n<meta name=\"twitter:label1\" content=\"\u00c9crit par\" \/>\n\t<meta name=\"twitter:data1\" content=\"Ramzi\" \/>\n\t<meta name=\"twitter:label2\" content=\"Dur\u00e9e de lecture estim\u00e9e\" \/>\n\t<meta name=\"twitter:data2\" content=\"1 minute\" \/>\n<script type=\"application\/ld+json\" class=\"yoast-schema-graph\">{\"@context\":\"https:\\\/\\\/schema.org\",\"@graph\":[{\"@type\":\"NewsArticle\",\"@id\":\"https:\\\/\\\/www.webdo.tn\\\/fr\\\/actualite\\\/sport\\\/open-de-stuttgart-la-remontada-d-ons-jabeur\\\/205018\\\/#article\",\"isPartOf\":{\"@id\":\"https:\\\/\\\/www.webdo.tn\\\/fr\\\/actualite\\\/sport\\\/open-de-stuttgart-la-remontada-d-ons-jabeur\\\/205018\\\/\"},\"author\":{\"name\":\"Ramzi\",\"@id\":\"https:\\\/\\\/www.webdo.tn\\\/fr\\\/#\\\/schema\\\/person\\\/590cb5f81adcfde6385530fdbdf468e2\"},\"headline\":\"Open de Stuttgart : la remontada d\u2019Ons Jabeur\",\"datePublished\":\"2023-04-19T22:39:00+00:00\",\"dateModified\":\"2025-05-20T22:58:26+00:00\",\"mainEntityOfPage\":{\"@id\":\"https:\\\/\\\/www.webdo.tn\\\/fr\\\/actualite\\\/sport\\\/open-de-stuttgart-la-remontada-d-ons-jabeur\\\/205018\\\/\"},\"wordCount\":161,\"commentCount\":0,\"publisher\":{\"@id\":\"https:\\\/\\\/www.webdo.tn\\\/fr\\\/#organization\"},\"image\":{\"@id\":\"https:\\\/\\\/www.webdo.tn\\\/fr\\\/actualite\\\/sport\\\/open-de-stuttgart-la-remontada-d-ons-jabeur\\\/205018\\\/#primaryimage\"},\"thumbnailUrl\":\"https:\\\/\\\/www.webdo.tn\\\/fr\\\/wp-content\\\/uploads\\\/2023\\\/04\\\/a5a5ac0dca88ba6a1e8f67565882b484.jpg\",\"keywords\":[\"Ons Jabeur\",\"stuttgart\"],\"articleSection\":[\"Sport\"],\"inLanguage\":\"fr-FR\"},{\"@type\":\"WebPage\",\"@id\":\"https:\\\/\\\/www.webdo.tn\\\/fr\\\/actualite\\\/sport\\\/open-de-stuttgart-la-remontada-d-ons-jabeur\\\/205018\\\/\",\"url\":\"https:\\\/\\\/www.webdo.tn\\\/fr\\\/actualite\\\/sport\\\/open-de-stuttgart-la-remontada-d-ons-jabeur\\\/205018\\\/\",\"name\":\"Open de Stuttgart : la remontada d\u2019Ons Jabeur\",\"isPartOf\":{\"@id\":\"https:\\\/\\\/www.webdo.tn\\\/fr\\\/#website\"},\"primaryImageOfPage\":{\"@id\":\"https:\\\/\\\/www.webdo.tn\\\/fr\\\/actualite\\\/sport\\\/open-de-stuttgart-la-remontada-d-ons-jabeur\\\/205018\\\/#primaryimage\"},\"image\":{\"@id\":\"https:\\\/\\\/www.webdo.tn\\\/fr\\\/actualite\\\/sport\\\/open-de-stuttgart-la-remontada-d-ons-jabeur\\\/205018\\\/#primaryimage\"},\"thumbnailUrl\":\"https:\\\/\\\/www.webdo.tn\\\/fr\\\/wp-content\\\/uploads\\\/2023\\\/04\\\/a5a5ac0dca88ba6a1e8f67565882b484.jpg\",\"datePublished\":\"2023-04-19T22:39:00+00:00\",\"dateModified\":\"2025-05-20T22:58:26+00:00\",\"description\":\"Men\u00e9e 6-1 au premier set, Ons Jabeur effectue une remontada au second set qu\u2019elle s\u2019adjuge 7-5 avant de porter l\u2019estocade au troisi\u00e8me set et renverser Ostapenk...\",\"breadcrumb\":{\"@id\":\"https:\\\/\\\/www.webdo.tn\\\/fr\\\/actualite\\\/sport\\\/open-de-stuttgart-la-remontada-d-ons-jabeur\\\/205018\\\/#breadcrumb\"},\"inLanguage\":\"fr-FR\",\"potentialAction\":[{\"@type\":\"ReadAction\",\"target\":[\"https:\\\/\\\/www.webdo.tn\\\/fr\\\/actualite\\\/sport\\\/open-de-stuttgart-la-remontada-d-ons-jabeur\\\/205018\\\/\"]}]},{\"@type\":\"ImageObject\",\"inLanguage\":\"fr-FR\",\"@id\":\"https:\\\/\\\/www.webdo.tn\\\/fr\\\/actualite\\\/sport\\\/open-de-stuttgart-la-remontada-d-ons-jabeur\\\/205018\\\/#primaryimage\",\"url\":\"https:\\\/\\\/www.webdo.tn\\\/fr\\\/wp-content\\\/uploads\\\/2023\\\/04\\\/a5a5ac0dca88ba6a1e8f67565882b484.jpg\",\"contentUrl\":\"https:\\\/\\\/www.webdo.tn\\\/fr\\\/wp-content\\\/uploads\\\/2023\\\/04\\\/a5a5ac0dca88ba6a1e8f67565882b484.jpg\",\"width\":750,\"height\":400,\"caption\":\"Open de Stuttgart : la remontada d\u2019Ons Jabeur\"},{\"@type\":\"BreadcrumbList\",\"@id\":\"https:\\\/\\\/www.webdo.tn\\\/fr\\\/actualite\\\/sport\\\/open-de-stuttgart-la-remontada-d-ons-jabeur\\\/205018\\\/#breadcrumb\",\"itemListElement\":[{\"@type\":\"ListItem\",\"position\":1,\"name\":\"Accueil\",\"item\":\"https:\\\/\\\/www.webdo.tn\\\/fr\\\/\"},{\"@type\":\"ListItem\",\"position\":2,\"name\":\"Open de Stuttgart : la remontada d\u2019Ons Jabeur\"}]},{\"@type\":\"WebSite\",\"@id\":\"https:\\\/\\\/www.webdo.tn\\\/fr\\\/#website\",\"url\":\"https:\\\/\\\/www.webdo.tn\\\/fr\\\/\",\"name\":\"webdo\",\"description\":\"Tunisie - News en Tunisie et \u00e0 l&#039;international sur Webdo.tn\",\"publisher\":{\"@id\":\"https:\\\/\\\/www.webdo.tn\\\/fr\\\/#organization\"},\"potentialAction\":[{\"@type\":\"SearchAction\",\"target\":{\"@type\":\"EntryPoint\",\"urlTemplate\":\"https:\\\/\\\/www.webdo.tn\\\/fr\\\/?s={search_term_string}\"},\"query-input\":{\"@type\":\"PropertyValueSpecification\",\"valueRequired\":true,\"valueName\":\"search_term_string\"}}],\"inLanguage\":\"fr-FR\"},{\"@type\":\"Organization\",\"@id\":\"https:\\\/\\\/www.webdo.tn\\\/fr\\\/#organization\",\"name\":\"Webdo\",\"alternateName\":\"Webdo.tn\",\"url\":\"https:\\\/\\\/www.webdo.tn\\\/fr\\\/\",\"logo\":{\"@type\":\"ImageObject\",\"inLanguage\":\"fr-FR\",\"@id\":\"https:\\\/\\\/www.webdo.tn\\\/fr\\\/#\\\/schema\\\/logo\\\/image\\\/\",\"url\":\"https:\\\/\\\/www.webdo.tn\\\/fr\\\/wp-content\\\/uploads\\\/2025\\\/06\\\/Webdo-Tunisie_168377.jpg\",\"contentUrl\":\"https:\\\/\\\/www.webdo.tn\\\/fr\\\/wp-content\\\/uploads\\\/2025\\\/06\\\/Webdo-Tunisie_168377.jpg\",\"width\":301,\"height\":301,\"caption\":\"Webdo\"},\"image\":{\"@id\":\"https:\\\/\\\/www.webdo.tn\\\/fr\\\/#\\\/schema\\\/logo\\\/image\\\/\"},\"sameAs\":[\"https:\\\/\\\/www.facebook.com\\\/webdotn\",\"https:\\\/\\\/x.com\\\/webdo_tn\"],\"description\":\"Webdo est un m\u00e9dia num\u00e9rique tunisien fond\u00e9 en 2010, sp\u00e9cialis\u00e9 dans l\u2019actualit\u00e9 nationale et internationale, l\u2019\u00e9conomie, la soci\u00e9t\u00e9 et les analyses politiques. Le site s\u2019adresse \u00e0 un large public francophone et couvre l\u2019information tunisienne en temps r\u00e9el.\",\"email\":\"redac@webdo.tn\",\"legalName\":\"YNJ SARL\",\"foundingDate\":\"2010-09-06\",\"numberOfEmployees\":{\"@type\":\"QuantitativeValue\",\"minValue\":\"11\",\"maxValue\":\"50\"}},{\"@type\":\"Person\",\"@id\":\"https:\\\/\\\/www.webdo.tn\\\/fr\\\/#\\\/schema\\\/person\\\/590cb5f81adcfde6385530fdbdf468e2\",\"name\":\"Ramzi\",\"image\":{\"@type\":\"ImageObject\",\"inLanguage\":\"fr-FR\",\"@id\":\"https:\\\/\\\/secure.gravatar.com\\\/avatar\\\/48df7d18915e10cf866ba8e27604c81ff9243fd52704a1d210c3e387e1cb8d87?s=96&d=mm&r=g\",\"url\":\"https:\\\/\\\/secure.gravatar.com\\\/avatar\\\/48df7d18915e10cf866ba8e27604c81ff9243fd52704a1d210c3e387e1cb8d87?s=96&d=mm&r=g\",\"contentUrl\":\"https:\\\/\\\/secure.gravatar.com\\\/avatar\\\/48df7d18915e10cf866ba8e27604c81ff9243fd52704a1d210c3e387e1cb8d87?s=96&d=mm&r=g\",\"caption\":\"Ramzi\"},\"url\":\"https:\\\/\\\/www.webdo.tn\\\/fr\\\/actualite\\\/author\\\/ramzi\\\/\"}]}<\/script>\n<!-- \/ Yoast SEO Premium plugin. -->","yoast_head_json":{"title":"Open de Stuttgart : la remontada d\u2019Ons Jabeur","description":"Men\u00e9e 6-1 au premier set, Ons Jabeur effectue une remontada au second set qu\u2019elle s\u2019adjuge 7-5 avant de porter l\u2019estocade au troisi\u00e8me set et renverser Ostapenk...","canonical":"https:\/\/www.webdo.tn\/fr\/actualite\/sport\/open-de-stuttgart-la-remontada-d-ons-jabeur\/205018\/","og_locale":"fr_FR","og_type":"article","og_title":"Open de Stuttgart : la remontada d\u2019Ons Jabeur","og_description":"Men\u00e9e 6-1 au premier set, Ons Jabeur effectue une remontada au second set qu\u2019elle s\u2019adjuge 7-5 avant de porter l\u2019estocade au troisi\u00e8me set et renverser Ostapenk...","og_url":"https:\/\/www.webdo.tn\/fr\/actualite\/sport\/open-de-stuttgart-la-remontada-d-ons-jabeur\/205018\/","og_site_name":"webdo","article_publisher":"https:\/\/www.facebook.com\/webdotn","article_published_time":"2023-04-19T22:39:00+00:00","article_modified_time":"2025-05-20T22:58:26+00:00","og_image":[{"width":750,"height":400,"url":"https:\/\/www.webdo.tn\/fr\/wp-content\/uploads\/2023\/04\/a5a5ac0dca88ba6a1e8f67565882b484.jpg","type":"image\/jpeg"}],"author":"Ramzi","twitter_card":"summary_large_image","twitter_creator":"@webdo_tn","twitter_site":"@webdo_tn","twitter_misc":{"\u00c9crit par":"Ramzi","Dur\u00e9e de lecture estim\u00e9e":"1 minute"},"schema":{"@context":"https:\/\/schema.org","@graph":[{"@type":"NewsArticle","@id":"https:\/\/www.webdo.tn\/fr\/actualite\/sport\/open-de-stuttgart-la-remontada-d-ons-jabeur\/205018\/#article","isPartOf":{"@id":"https:\/\/www.webdo.tn\/fr\/actualite\/sport\/open-de-stuttgart-la-remontada-d-ons-jabeur\/205018\/"},"author":{"name":"Ramzi","@id":"https:\/\/www.webdo.tn\/fr\/#\/schema\/person\/590cb5f81adcfde6385530fdbdf468e2"},"headline":"Open de Stuttgart : la remontada d\u2019Ons Jabeur","datePublished":"2023-04-19T22:39:00+00:00","dateModified":"2025-05-20T22:58:26+00:00","mainEntityOfPage":{"@id":"https:\/\/www.webdo.tn\/fr\/actualite\/sport\/open-de-stuttgart-la-remontada-d-ons-jabeur\/205018\/"},"wordCount":161,"commentCount":0,"publisher":{"@id":"https:\/\/www.webdo.tn\/fr\/#organization"},"image":{"@id":"https:\/\/www.webdo.tn\/fr\/actualite\/sport\/open-de-stuttgart-la-remontada-d-ons-jabeur\/205018\/#primaryimage"},"thumbnailUrl":"https:\/\/www.webdo.tn\/fr\/wp-content\/uploads\/2023\/04\/a5a5ac0dca88ba6a1e8f67565882b484.jpg","keywords":["Ons Jabeur","stuttgart"],"articleSection":["Sport"],"inLanguage":"fr-FR"},{"@type":"WebPage","@id":"https:\/\/www.webdo.tn\/fr\/actualite\/sport\/open-de-stuttgart-la-remontada-d-ons-jabeur\/205018\/","url":"https:\/\/www.webdo.tn\/fr\/actualite\/sport\/open-de-stuttgart-la-remontada-d-ons-jabeur\/205018\/","name":"Open de Stuttgart : la remontada d\u2019Ons Jabeur","isPartOf":{"@id":"https:\/\/www.webdo.tn\/fr\/#website"},"primaryImageOfPage":{"@id":"https:\/\/www.webdo.tn\/fr\/actualite\/sport\/open-de-stuttgart-la-remontada-d-ons-jabeur\/205018\/#primaryimage"},"image":{"@id":"https:\/\/www.webdo.tn\/fr\/actualite\/sport\/open-de-stuttgart-la-remontada-d-ons-jabeur\/205018\/#primaryimage"},"thumbnailUrl":"https:\/\/www.webdo.tn\/fr\/wp-content\/uploads\/2023\/04\/a5a5ac0dca88ba6a1e8f67565882b484.jpg","datePublished":"2023-04-19T22:39:00+00:00","dateModified":"2025-05-20T22:58:26+00:00","description":"Men\u00e9e 6-1 au premier set, Ons Jabeur effectue une remontada au second set qu\u2019elle s\u2019adjuge 7-5 avant de porter l\u2019estocade au troisi\u00e8me set et renverser Ostapenk...","breadcrumb":{"@id":"https:\/\/www.webdo.tn\/fr\/actualite\/sport\/open-de-stuttgart-la-remontada-d-ons-jabeur\/205018\/#breadcrumb"},"inLanguage":"fr-FR","potentialAction":[{"@type":"ReadAction","target":["https:\/\/www.webdo.tn\/fr\/actualite\/sport\/open-de-stuttgart-la-remontada-d-ons-jabeur\/205018\/"]}]},{"@type":"ImageObject","inLanguage":"fr-FR","@id":"https:\/\/www.webdo.tn\/fr\/actualite\/sport\/open-de-stuttgart-la-remontada-d-ons-jabeur\/205018\/#primaryimage","url":"https:\/\/www.webdo.tn\/fr\/wp-content\/uploads\/2023\/04\/a5a5ac0dca88ba6a1e8f67565882b484.jpg","contentUrl":"https:\/\/www.webdo.tn\/fr\/wp-content\/uploads\/2023\/04\/a5a5ac0dca88ba6a1e8f67565882b484.jpg","width":750,"height":400,"caption":"Open de Stuttgart : la remontada d\u2019Ons Jabeur"},{"@type":"BreadcrumbList","@id":"https:\/\/www.webdo.tn\/fr\/actualite\/sport\/open-de-stuttgart-la-remontada-d-ons-jabeur\/205018\/#breadcrumb","itemListElement":[{"@type":"ListItem","position":1,"name":"Accueil","item":"https:\/\/www.webdo.tn\/fr\/"},{"@type":"ListItem","position":2,"name":"Open de Stuttgart : la remontada d\u2019Ons Jabeur"}]},{"@type":"WebSite","@id":"https:\/\/www.webdo.tn\/fr\/#website","url":"https:\/\/www.webdo.tn\/fr\/","name":"webdo","description":"Tunisie - News en Tunisie et \u00e0 l&#039;international sur Webdo.tn","publisher":{"@id":"https:\/\/www.webdo.tn\/fr\/#organization"},"potentialAction":[{"@type":"SearchAction","target":{"@type":"EntryPoint","urlTemplate":"https:\/\/www.webdo.tn\/fr\/?s={search_term_string}"},"query-input":{"@type":"PropertyValueSpecification","valueRequired":true,"valueName":"search_term_string"}}],"inLanguage":"fr-FR"},{"@type":"Organization","@id":"https:\/\/www.webdo.tn\/fr\/#organization","name":"Webdo","alternateName":"Webdo.tn","url":"https:\/\/www.webdo.tn\/fr\/","logo":{"@type":"ImageObject","inLanguage":"fr-FR","@id":"https:\/\/www.webdo.tn\/fr\/#\/schema\/logo\/image\/","url":"https:\/\/www.webdo.tn\/fr\/wp-content\/uploads\/2025\/06\/Webdo-Tunisie_168377.jpg","contentUrl":"https:\/\/www.webdo.tn\/fr\/wp-content\/uploads\/2025\/06\/Webdo-Tunisie_168377.jpg","width":301,"height":301,"caption":"Webdo"},"image":{"@id":"https:\/\/www.webdo.tn\/fr\/#\/schema\/logo\/image\/"},"sameAs":["https:\/\/www.facebook.com\/webdotn","https:\/\/x.com\/webdo_tn"],"description":"Webdo est un m\u00e9dia num\u00e9rique tunisien fond\u00e9 en 2010, sp\u00e9cialis\u00e9 dans l\u2019actualit\u00e9 nationale et internationale, l\u2019\u00e9conomie, la soci\u00e9t\u00e9 et les analyses politiques. Le site s\u2019adresse \u00e0 un large public francophone et couvre l\u2019information tunisienne en temps r\u00e9el.","email":"redac@webdo.tn","legalName":"YNJ SARL","foundingDate":"2010-09-06","numberOfEmployees":{"@type":"QuantitativeValue","minValue":"11","maxValue":"50"}},{"@type":"Person","@id":"https:\/\/www.webdo.tn\/fr\/#\/schema\/person\/590cb5f81adcfde6385530fdbdf468e2","name":"Ramzi","image":{"@type":"ImageObject","inLanguage":"fr-FR","@id":"https:\/\/secure.gravatar.com\/avatar\/48df7d18915e10cf866ba8e27604c81ff9243fd52704a1d210c3e387e1cb8d87?s=96&d=mm&r=g","url":"https:\/\/secure.gravatar.com\/avatar\/48df7d18915e10cf866ba8e27604c81ff9243fd52704a1d210c3e387e1cb8d87?s=96&d=mm&r=g","contentUrl":"https:\/\/secure.gravatar.com\/avatar\/48df7d18915e10cf866ba8e27604c81ff9243fd52704a1d210c3e387e1cb8d87?s=96&d=mm&r=g","caption":"Ramzi"},"url":"https:\/\/www.webdo.tn\/fr\/actualite\/author\/ramzi\/"}]}},"_links":{"self":[{"href":"https:\/\/www.webdo.tn\/fr\/wp-json\/wp\/v2\/posts\/205018","targetHints":{"allow":["GET"]}}],"collection":[{"href":"https:\/\/www.webdo.tn\/fr\/wp-json\/wp\/v2\/posts"}],"about":[{"href":"https:\/\/www.webdo.tn\/fr\/wp-json\/wp\/v2\/types\/post"}],"author":[{"embeddable":true,"href":"https:\/\/www.webdo.tn\/fr\/wp-json\/wp\/v2\/users\/3188"}],"replies":[{"embeddable":true,"href":"https:\/\/www.webdo.tn\/fr\/wp-json\/wp\/v2\/comments?post=205018"}],"version-history":[{"count":0,"href":"https:\/\/www.webdo.tn\/fr\/wp-json\/wp\/v2\/posts\/205018\/revisions"}],"wp:featuredmedia":[{"embeddable":true,"href":"https:\/\/www.webdo.tn\/fr\/wp-json\/wp\/v2\/media\/251374"}],"wp:attachment":[{"href":"https:\/\/www.webdo.tn\/fr\/wp-json\/wp\/v2\/media?parent=205018"}],"wp:term":[{"taxonomy":"category","embeddable":true,"href":"https:\/\/www.webdo.tn\/fr\/wp-json\/wp\/v2\/categories?post=205018"},{"taxonomy":"post_tag","embeddable":true,"href":"https:\/\/www.webdo.tn\/fr\/wp-json\/wp\/v2\/tags?post=205018"}],"curies":[{"name":"wp","href":"https:\/\/api.w.org\/{rel}","templated":true}]}}