{"id":205000,"date":"2023-04-19T13:29:00","date_gmt":"2023-04-19T13:29:00","guid":{"rendered":"https:\/\/www.webdo.tn\/fr\/blog\/mandats-de-depot-contre-neuf-presumes-terroristes\/205000\/"},"modified":"2025-05-20T22:00:34","modified_gmt":"2025-05-20T22:00:34","slug":"mandats-de-depot-contre-neuf-presumes-terroristes","status":"publish","type":"post","link":"https:\/\/www.webdo.tn\/fr\/actualite\/national\/mandats-de-depot-contre-neuf-presumes-terroristes\/205000\/","title":{"rendered":"Mandats de d\u00e9p\u00f4t contre neuf pr\u00e9sum\u00e9s terroristes"},"content":{"rendered":"<p>Neuf membres d\u2019une cellule terroriste d\u00e9mantel\u00e9e r\u00e9cemment, accus\u00e9s d\u2019avoir planifi\u00e9 des attentats-suicides, ont fait l\u2019objet de mandats de d\u00e9p\u00f4t.<\/p>\n<p>\t\t\t\t\t\t\t\t\tLe juge d\u2019instruction au P\u00f4le judiciaire de lutte contre le terrorisme a \u00e9mis des mandats de d\u00e9p\u00f4t contre ces neuf individus arr\u00eat\u00e9s r\u00e9cemment dans une des d\u00e9l\u00e9gations du gouvernorat de Zaghouan.<\/p>\n<p>Ils sont accus\u00e9s d\u2019appartenir \u00e0 une cellule terroriste et d\u2019avoir planifi\u00e9 des attentats-suicides dans des gouvernorats du Sahel. Les onze membres arr\u00eat\u00e9s ont \u00e9t\u00e9 traduits devant le juge d\u2019instruction. Neuf ont \u00e9t\u00e9 plac\u00e9s en prison et deux autres ont \u00e9t\u00e9 maintenus en \u00e9tat de libert\u00e9.<\/p>\n<p>Lors de leur arrestation, les agents de l\u2019Unit\u00e9 nationale de recherche dans les crimes terroristes et les crimes touchant \u00e0 la s\u00fbret\u00e9 du territoire national, diff\u00e9rents outils, des ordinateurs et d\u2019autres \u00e9l\u00e9ments avaient \u00e9t\u00e9 saisis.<\/p>\n","protected":false},"excerpt":{"rendered":"<p>Neuf membres d\u2019une cellule terroriste d\u00e9mantel\u00e9e r\u00e9cemment, accus\u00e9s d\u2019avoir planifi\u00e9 des attentats-suicides, ont fait l\u2019objet de mandats de d\u00e9p\u00f4t.<\/p>\n","protected":false},"author":3162,"featured_media":251366,"comment_status":"open","ping_status":"closed","sticky":false,"template":"","format":"standard","meta":{"footnotes":""},"categories":[44],"tags":[2886,2845,4788],"class_list":["post-205000","post","type-post","status-publish","format-standard","has-post-thumbnail","hentry","category-national","tag-mandat-de-depot","tag-terrorisme","tag-zaghouan"],"yoast_head":"<!-- This site is optimized with the Yoast SEO Premium plugin v27.5 (Yoast SEO v27.5) - https:\/\/yoast.com\/product\/yoast-seo-premium-wordpress\/ -->\n<title>Mandats de d\u00e9p\u00f4t contre neuf pr\u00e9sum\u00e9s terroristes<\/title>\n<meta name=\"description\" content=\"Neuf membres d\u2019une cellule terroriste d\u00e9mantel\u00e9e r\u00e9cemment, accus\u00e9s d\u2019avoir planifi\u00e9 des attentats-suicides, ont fait l\u2019objet de mandats de d\u00e9p\u00f4t.\" \/>\n<link rel=\"canonical\" href=\"https:\/\/www.webdo.tn\/fr\/actualite\/national\/mandats-de-depot-contre-neuf-presumes-terroristes\/205000\/\" \/>\n<meta property=\"og:locale\" content=\"fr_FR\" \/>\n<meta property=\"og:type\" content=\"article\" \/>\n<meta property=\"og:title\" content=\"Mandats de d\u00e9p\u00f4t contre neuf pr\u00e9sum\u00e9s terroristes\" \/>\n<meta property=\"og:description\" content=\"Neuf membres d\u2019une cellule terroriste d\u00e9mantel\u00e9e r\u00e9cemment, accus\u00e9s d\u2019avoir planifi\u00e9 des attentats-suicides, ont fait l\u2019objet de mandats de d\u00e9p\u00f4t.\" \/>\n<meta property=\"og:url\" content=\"https:\/\/www.webdo.tn\/fr\/actualite\/national\/mandats-de-depot-contre-neuf-presumes-terroristes\/205000\/\" \/>\n<meta property=\"og:site_name\" content=\"webdo\" \/>\n<meta property=\"article:publisher\" content=\"https:\/\/www.facebook.com\/webdotn\" \/>\n<meta property=\"article:published_time\" content=\"2023-04-19T13:29:00+00:00\" \/>\n<meta property=\"article:modified_time\" content=\"2025-05-20T22:00:34+00:00\" \/>\n<meta property=\"og:image\" content=\"https:\/\/www.webdo.tn\/fr\/wp-content\/uploads\/2023\/04\/40d6767ea045537de91043a8da02fc62.jpg\" \/>\n\t<meta property=\"og:image:width\" content=\"750\" \/>\n\t<meta property=\"og:image:height\" content=\"400\" \/>\n\t<meta property=\"og:image:type\" content=\"image\/jpeg\" \/>\n<meta name=\"author\" content=\"MC\" \/>\n<meta name=\"twitter:card\" content=\"summary_large_image\" \/>\n<meta name=\"twitter:creator\" content=\"@webdo_tn\" \/>\n<meta name=\"twitter:site\" content=\"@webdo_tn\" \/>\n<meta name=\"twitter:label1\" content=\"\u00c9crit par\" \/>\n\t<meta name=\"twitter:data1\" content=\"MC\" \/>\n\t<meta name=\"twitter:label2\" content=\"Dur\u00e9e de lecture estim\u00e9e\" \/>\n\t<meta name=\"twitter:data2\" content=\"1 minute\" \/>\n<script type=\"application\/ld+json\" class=\"yoast-schema-graph\">{\"@context\":\"https:\\\/\\\/schema.org\",\"@graph\":[{\"@type\":\"NewsArticle\",\"@id\":\"https:\\\/\\\/www.webdo.tn\\\/fr\\\/actualite\\\/national\\\/mandats-de-depot-contre-neuf-presumes-terroristes\\\/205000\\\/#article\",\"isPartOf\":{\"@id\":\"https:\\\/\\\/www.webdo.tn\\\/fr\\\/actualite\\\/national\\\/mandats-de-depot-contre-neuf-presumes-terroristes\\\/205000\\\/\"},\"author\":{\"name\":\"MC\",\"@id\":\"https:\\\/\\\/www.webdo.tn\\\/fr\\\/#\\\/schema\\\/person\\\/2c4929cbf5a809e3bd38617c6ce150f6\"},\"headline\":\"Mandats de d\u00e9p\u00f4t contre neuf pr\u00e9sum\u00e9s terroristes\",\"datePublished\":\"2023-04-19T13:29:00+00:00\",\"dateModified\":\"2025-05-20T22:00:34+00:00\",\"mainEntityOfPage\":{\"@id\":\"https:\\\/\\\/www.webdo.tn\\\/fr\\\/actualite\\\/national\\\/mandats-de-depot-contre-neuf-presumes-terroristes\\\/205000\\\/\"},\"wordCount\":169,\"commentCount\":0,\"publisher\":{\"@id\":\"https:\\\/\\\/www.webdo.tn\\\/fr\\\/#organization\"},\"image\":{\"@id\":\"https:\\\/\\\/www.webdo.tn\\\/fr\\\/actualite\\\/national\\\/mandats-de-depot-contre-neuf-presumes-terroristes\\\/205000\\\/#primaryimage\"},\"thumbnailUrl\":\"https:\\\/\\\/www.webdo.tn\\\/fr\\\/wp-content\\\/uploads\\\/2023\\\/04\\\/40d6767ea045537de91043a8da02fc62.jpg\",\"keywords\":[\"mandat de d\u00e9p\u00f4t\",\"Terrorisme\",\"zaghouan\"],\"articleSection\":[\"National\"],\"inLanguage\":\"fr-FR\"},{\"@type\":\"WebPage\",\"@id\":\"https:\\\/\\\/www.webdo.tn\\\/fr\\\/actualite\\\/national\\\/mandats-de-depot-contre-neuf-presumes-terroristes\\\/205000\\\/\",\"url\":\"https:\\\/\\\/www.webdo.tn\\\/fr\\\/actualite\\\/national\\\/mandats-de-depot-contre-neuf-presumes-terroristes\\\/205000\\\/\",\"name\":\"Mandats de d\u00e9p\u00f4t contre neuf pr\u00e9sum\u00e9s terroristes\",\"isPartOf\":{\"@id\":\"https:\\\/\\\/www.webdo.tn\\\/fr\\\/#website\"},\"primaryImageOfPage\":{\"@id\":\"https:\\\/\\\/www.webdo.tn\\\/fr\\\/actualite\\\/national\\\/mandats-de-depot-contre-neuf-presumes-terroristes\\\/205000\\\/#primaryimage\"},\"image\":{\"@id\":\"https:\\\/\\\/www.webdo.tn\\\/fr\\\/actualite\\\/national\\\/mandats-de-depot-contre-neuf-presumes-terroristes\\\/205000\\\/#primaryimage\"},\"thumbnailUrl\":\"https:\\\/\\\/www.webdo.tn\\\/fr\\\/wp-content\\\/uploads\\\/2023\\\/04\\\/40d6767ea045537de91043a8da02fc62.jpg\",\"datePublished\":\"2023-04-19T13:29:00+00:00\",\"dateModified\":\"2025-05-20T22:00:34+00:00\",\"description\":\"Neuf membres d\u2019une cellule terroriste d\u00e9mantel\u00e9e r\u00e9cemment, accus\u00e9s d\u2019avoir planifi\u00e9 des attentats-suicides, ont fait l\u2019objet de mandats de d\u00e9p\u00f4t.\",\"breadcrumb\":{\"@id\":\"https:\\\/\\\/www.webdo.tn\\\/fr\\\/actualite\\\/national\\\/mandats-de-depot-contre-neuf-presumes-terroristes\\\/205000\\\/#breadcrumb\"},\"inLanguage\":\"fr-FR\",\"potentialAction\":[{\"@type\":\"ReadAction\",\"target\":[\"https:\\\/\\\/www.webdo.tn\\\/fr\\\/actualite\\\/national\\\/mandats-de-depot-contre-neuf-presumes-terroristes\\\/205000\\\/\"]}]},{\"@type\":\"ImageObject\",\"inLanguage\":\"fr-FR\",\"@id\":\"https:\\\/\\\/www.webdo.tn\\\/fr\\\/actualite\\\/national\\\/mandats-de-depot-contre-neuf-presumes-terroristes\\\/205000\\\/#primaryimage\",\"url\":\"https:\\\/\\\/www.webdo.tn\\\/fr\\\/wp-content\\\/uploads\\\/2023\\\/04\\\/40d6767ea045537de91043a8da02fc62.jpg\",\"contentUrl\":\"https:\\\/\\\/www.webdo.tn\\\/fr\\\/wp-content\\\/uploads\\\/2023\\\/04\\\/40d6767ea045537de91043a8da02fc62.jpg\",\"width\":750,\"height\":400,\"caption\":\"Mandats de d\u00e9p\u00f4t contre neuf pr\u00e9sum\u00e9s terroristes\"},{\"@type\":\"BreadcrumbList\",\"@id\":\"https:\\\/\\\/www.webdo.tn\\\/fr\\\/actualite\\\/national\\\/mandats-de-depot-contre-neuf-presumes-terroristes\\\/205000\\\/#breadcrumb\",\"itemListElement\":[{\"@type\":\"ListItem\",\"position\":1,\"name\":\"Accueil\",\"item\":\"https:\\\/\\\/www.webdo.tn\\\/fr\\\/\"},{\"@type\":\"ListItem\",\"position\":2,\"name\":\"Mandats de d\u00e9p\u00f4t contre neuf pr\u00e9sum\u00e9s terroristes\"}]},{\"@type\":\"WebSite\",\"@id\":\"https:\\\/\\\/www.webdo.tn\\\/fr\\\/#website\",\"url\":\"https:\\\/\\\/www.webdo.tn\\\/fr\\\/\",\"name\":\"webdo\",\"description\":\"Tunisie - News en Tunisie et \u00e0 l&#039;international sur Webdo.tn\",\"publisher\":{\"@id\":\"https:\\\/\\\/www.webdo.tn\\\/fr\\\/#organization\"},\"potentialAction\":[{\"@type\":\"SearchAction\",\"target\":{\"@type\":\"EntryPoint\",\"urlTemplate\":\"https:\\\/\\\/www.webdo.tn\\\/fr\\\/?s={search_term_string}\"},\"query-input\":{\"@type\":\"PropertyValueSpecification\",\"valueRequired\":true,\"valueName\":\"search_term_string\"}}],\"inLanguage\":\"fr-FR\"},{\"@type\":\"Organization\",\"@id\":\"https:\\\/\\\/www.webdo.tn\\\/fr\\\/#organization\",\"name\":\"Webdo\",\"alternateName\":\"Webdo.tn\",\"url\":\"https:\\\/\\\/www.webdo.tn\\\/fr\\\/\",\"logo\":{\"@type\":\"ImageObject\",\"inLanguage\":\"fr-FR\",\"@id\":\"https:\\\/\\\/www.webdo.tn\\\/fr\\\/#\\\/schema\\\/logo\\\/image\\\/\",\"url\":\"https:\\\/\\\/www.webdo.tn\\\/fr\\\/wp-content\\\/uploads\\\/2025\\\/06\\\/Webdo-Tunisie_168377.jpg\",\"contentUrl\":\"https:\\\/\\\/www.webdo.tn\\\/fr\\\/wp-content\\\/uploads\\\/2025\\\/06\\\/Webdo-Tunisie_168377.jpg\",\"width\":301,\"height\":301,\"caption\":\"Webdo\"},\"image\":{\"@id\":\"https:\\\/\\\/www.webdo.tn\\\/fr\\\/#\\\/schema\\\/logo\\\/image\\\/\"},\"sameAs\":[\"https:\\\/\\\/www.facebook.com\\\/webdotn\",\"https:\\\/\\\/x.com\\\/webdo_tn\"],\"description\":\"Webdo est un m\u00e9dia num\u00e9rique tunisien fond\u00e9 en 2010, sp\u00e9cialis\u00e9 dans l\u2019actualit\u00e9 nationale et internationale, l\u2019\u00e9conomie, la soci\u00e9t\u00e9 et les analyses politiques. Le site s\u2019adresse \u00e0 un large public francophone et couvre l\u2019information tunisienne en temps r\u00e9el.\",\"email\":\"redac@webdo.tn\",\"legalName\":\"YNJ SARL\",\"foundingDate\":\"2010-09-06\",\"numberOfEmployees\":{\"@type\":\"QuantitativeValue\",\"minValue\":\"11\",\"maxValue\":\"50\"}},{\"@type\":\"Person\",\"@id\":\"https:\\\/\\\/www.webdo.tn\\\/fr\\\/#\\\/schema\\\/person\\\/2c4929cbf5a809e3bd38617c6ce150f6\",\"name\":\"MC\",\"image\":{\"@type\":\"ImageObject\",\"inLanguage\":\"fr-FR\",\"@id\":\"https:\\\/\\\/secure.gravatar.com\\\/avatar\\\/a545bbb6f84efdd5553dbbc2895e3ca8f1d12c5215e00a041c9670b54aa9b18a?s=96&d=mm&r=g\",\"url\":\"https:\\\/\\\/secure.gravatar.com\\\/avatar\\\/a545bbb6f84efdd5553dbbc2895e3ca8f1d12c5215e00a041c9670b54aa9b18a?s=96&d=mm&r=g\",\"contentUrl\":\"https:\\\/\\\/secure.gravatar.com\\\/avatar\\\/a545bbb6f84efdd5553dbbc2895e3ca8f1d12c5215e00a041c9670b54aa9b18a?s=96&d=mm&r=g\",\"caption\":\"MC\"},\"url\":\"https:\\\/\\\/www.webdo.tn\\\/fr\\\/actualite\\\/author\\\/mc\\\/\"}]}<\/script>\n<!-- \/ Yoast SEO Premium plugin. -->","yoast_head_json":{"title":"Mandats de d\u00e9p\u00f4t contre neuf pr\u00e9sum\u00e9s terroristes","description":"Neuf membres d\u2019une cellule terroriste d\u00e9mantel\u00e9e r\u00e9cemment, accus\u00e9s d\u2019avoir planifi\u00e9 des attentats-suicides, ont fait l\u2019objet de mandats de d\u00e9p\u00f4t.","canonical":"https:\/\/www.webdo.tn\/fr\/actualite\/national\/mandats-de-depot-contre-neuf-presumes-terroristes\/205000\/","og_locale":"fr_FR","og_type":"article","og_title":"Mandats de d\u00e9p\u00f4t contre neuf pr\u00e9sum\u00e9s terroristes","og_description":"Neuf membres d\u2019une cellule terroriste d\u00e9mantel\u00e9e r\u00e9cemment, accus\u00e9s d\u2019avoir planifi\u00e9 des attentats-suicides, ont fait l\u2019objet de mandats de d\u00e9p\u00f4t.","og_url":"https:\/\/www.webdo.tn\/fr\/actualite\/national\/mandats-de-depot-contre-neuf-presumes-terroristes\/205000\/","og_site_name":"webdo","article_publisher":"https:\/\/www.facebook.com\/webdotn","article_published_time":"2023-04-19T13:29:00+00:00","article_modified_time":"2025-05-20T22:00:34+00:00","og_image":[{"width":750,"height":400,"url":"https:\/\/www.webdo.tn\/fr\/wp-content\/uploads\/2023\/04\/40d6767ea045537de91043a8da02fc62.jpg","type":"image\/jpeg"}],"author":"MC","twitter_card":"summary_large_image","twitter_creator":"@webdo_tn","twitter_site":"@webdo_tn","twitter_misc":{"\u00c9crit par":"MC","Dur\u00e9e de lecture estim\u00e9e":"1 minute"},"schema":{"@context":"https:\/\/schema.org","@graph":[{"@type":"NewsArticle","@id":"https:\/\/www.webdo.tn\/fr\/actualite\/national\/mandats-de-depot-contre-neuf-presumes-terroristes\/205000\/#article","isPartOf":{"@id":"https:\/\/www.webdo.tn\/fr\/actualite\/national\/mandats-de-depot-contre-neuf-presumes-terroristes\/205000\/"},"author":{"name":"MC","@id":"https:\/\/www.webdo.tn\/fr\/#\/schema\/person\/2c4929cbf5a809e3bd38617c6ce150f6"},"headline":"Mandats de d\u00e9p\u00f4t contre neuf pr\u00e9sum\u00e9s terroristes","datePublished":"2023-04-19T13:29:00+00:00","dateModified":"2025-05-20T22:00:34+00:00","mainEntityOfPage":{"@id":"https:\/\/www.webdo.tn\/fr\/actualite\/national\/mandats-de-depot-contre-neuf-presumes-terroristes\/205000\/"},"wordCount":169,"commentCount":0,"publisher":{"@id":"https:\/\/www.webdo.tn\/fr\/#organization"},"image":{"@id":"https:\/\/www.webdo.tn\/fr\/actualite\/national\/mandats-de-depot-contre-neuf-presumes-terroristes\/205000\/#primaryimage"},"thumbnailUrl":"https:\/\/www.webdo.tn\/fr\/wp-content\/uploads\/2023\/04\/40d6767ea045537de91043a8da02fc62.jpg","keywords":["mandat de d\u00e9p\u00f4t","Terrorisme","zaghouan"],"articleSection":["National"],"inLanguage":"fr-FR"},{"@type":"WebPage","@id":"https:\/\/www.webdo.tn\/fr\/actualite\/national\/mandats-de-depot-contre-neuf-presumes-terroristes\/205000\/","url":"https:\/\/www.webdo.tn\/fr\/actualite\/national\/mandats-de-depot-contre-neuf-presumes-terroristes\/205000\/","name":"Mandats de d\u00e9p\u00f4t contre neuf pr\u00e9sum\u00e9s terroristes","isPartOf":{"@id":"https:\/\/www.webdo.tn\/fr\/#website"},"primaryImageOfPage":{"@id":"https:\/\/www.webdo.tn\/fr\/actualite\/national\/mandats-de-depot-contre-neuf-presumes-terroristes\/205000\/#primaryimage"},"image":{"@id":"https:\/\/www.webdo.tn\/fr\/actualite\/national\/mandats-de-depot-contre-neuf-presumes-terroristes\/205000\/#primaryimage"},"thumbnailUrl":"https:\/\/www.webdo.tn\/fr\/wp-content\/uploads\/2023\/04\/40d6767ea045537de91043a8da02fc62.jpg","datePublished":"2023-04-19T13:29:00+00:00","dateModified":"2025-05-20T22:00:34+00:00","description":"Neuf membres d\u2019une cellule terroriste d\u00e9mantel\u00e9e r\u00e9cemment, accus\u00e9s d\u2019avoir planifi\u00e9 des attentats-suicides, ont fait l\u2019objet de mandats de d\u00e9p\u00f4t.","breadcrumb":{"@id":"https:\/\/www.webdo.tn\/fr\/actualite\/national\/mandats-de-depot-contre-neuf-presumes-terroristes\/205000\/#breadcrumb"},"inLanguage":"fr-FR","potentialAction":[{"@type":"ReadAction","target":["https:\/\/www.webdo.tn\/fr\/actualite\/national\/mandats-de-depot-contre-neuf-presumes-terroristes\/205000\/"]}]},{"@type":"ImageObject","inLanguage":"fr-FR","@id":"https:\/\/www.webdo.tn\/fr\/actualite\/national\/mandats-de-depot-contre-neuf-presumes-terroristes\/205000\/#primaryimage","url":"https:\/\/www.webdo.tn\/fr\/wp-content\/uploads\/2023\/04\/40d6767ea045537de91043a8da02fc62.jpg","contentUrl":"https:\/\/www.webdo.tn\/fr\/wp-content\/uploads\/2023\/04\/40d6767ea045537de91043a8da02fc62.jpg","width":750,"height":400,"caption":"Mandats de d\u00e9p\u00f4t contre neuf pr\u00e9sum\u00e9s terroristes"},{"@type":"BreadcrumbList","@id":"https:\/\/www.webdo.tn\/fr\/actualite\/national\/mandats-de-depot-contre-neuf-presumes-terroristes\/205000\/#breadcrumb","itemListElement":[{"@type":"ListItem","position":1,"name":"Accueil","item":"https:\/\/www.webdo.tn\/fr\/"},{"@type":"ListItem","position":2,"name":"Mandats de d\u00e9p\u00f4t contre neuf pr\u00e9sum\u00e9s terroristes"}]},{"@type":"WebSite","@id":"https:\/\/www.webdo.tn\/fr\/#website","url":"https:\/\/www.webdo.tn\/fr\/","name":"webdo","description":"Tunisie - News en Tunisie et \u00e0 l&#039;international sur Webdo.tn","publisher":{"@id":"https:\/\/www.webdo.tn\/fr\/#organization"},"potentialAction":[{"@type":"SearchAction","target":{"@type":"EntryPoint","urlTemplate":"https:\/\/www.webdo.tn\/fr\/?s={search_term_string}"},"query-input":{"@type":"PropertyValueSpecification","valueRequired":true,"valueName":"search_term_string"}}],"inLanguage":"fr-FR"},{"@type":"Organization","@id":"https:\/\/www.webdo.tn\/fr\/#organization","name":"Webdo","alternateName":"Webdo.tn","url":"https:\/\/www.webdo.tn\/fr\/","logo":{"@type":"ImageObject","inLanguage":"fr-FR","@id":"https:\/\/www.webdo.tn\/fr\/#\/schema\/logo\/image\/","url":"https:\/\/www.webdo.tn\/fr\/wp-content\/uploads\/2025\/06\/Webdo-Tunisie_168377.jpg","contentUrl":"https:\/\/www.webdo.tn\/fr\/wp-content\/uploads\/2025\/06\/Webdo-Tunisie_168377.jpg","width":301,"height":301,"caption":"Webdo"},"image":{"@id":"https:\/\/www.webdo.tn\/fr\/#\/schema\/logo\/image\/"},"sameAs":["https:\/\/www.facebook.com\/webdotn","https:\/\/x.com\/webdo_tn"],"description":"Webdo est un m\u00e9dia num\u00e9rique tunisien fond\u00e9 en 2010, sp\u00e9cialis\u00e9 dans l\u2019actualit\u00e9 nationale et internationale, l\u2019\u00e9conomie, la soci\u00e9t\u00e9 et les analyses politiques. Le site s\u2019adresse \u00e0 un large public francophone et couvre l\u2019information tunisienne en temps r\u00e9el.","email":"redac@webdo.tn","legalName":"YNJ SARL","foundingDate":"2010-09-06","numberOfEmployees":{"@type":"QuantitativeValue","minValue":"11","maxValue":"50"}},{"@type":"Person","@id":"https:\/\/www.webdo.tn\/fr\/#\/schema\/person\/2c4929cbf5a809e3bd38617c6ce150f6","name":"MC","image":{"@type":"ImageObject","inLanguage":"fr-FR","@id":"https:\/\/secure.gravatar.com\/avatar\/a545bbb6f84efdd5553dbbc2895e3ca8f1d12c5215e00a041c9670b54aa9b18a?s=96&d=mm&r=g","url":"https:\/\/secure.gravatar.com\/avatar\/a545bbb6f84efdd5553dbbc2895e3ca8f1d12c5215e00a041c9670b54aa9b18a?s=96&d=mm&r=g","contentUrl":"https:\/\/secure.gravatar.com\/avatar\/a545bbb6f84efdd5553dbbc2895e3ca8f1d12c5215e00a041c9670b54aa9b18a?s=96&d=mm&r=g","caption":"MC"},"url":"https:\/\/www.webdo.tn\/fr\/actualite\/author\/mc\/"}]}},"_links":{"self":[{"href":"https:\/\/www.webdo.tn\/fr\/wp-json\/wp\/v2\/posts\/205000","targetHints":{"allow":["GET"]}}],"collection":[{"href":"https:\/\/www.webdo.tn\/fr\/wp-json\/wp\/v2\/posts"}],"about":[{"href":"https:\/\/www.webdo.tn\/fr\/wp-json\/wp\/v2\/types\/post"}],"author":[{"embeddable":true,"href":"https:\/\/www.webdo.tn\/fr\/wp-json\/wp\/v2\/users\/3162"}],"replies":[{"embeddable":true,"href":"https:\/\/www.webdo.tn\/fr\/wp-json\/wp\/v2\/comments?post=205000"}],"version-history":[{"count":0,"href":"https:\/\/www.webdo.tn\/fr\/wp-json\/wp\/v2\/posts\/205000\/revisions"}],"wp:featuredmedia":[{"embeddable":true,"href":"https:\/\/www.webdo.tn\/fr\/wp-json\/wp\/v2\/media\/251366"}],"wp:attachment":[{"href":"https:\/\/www.webdo.tn\/fr\/wp-json\/wp\/v2\/media?parent=205000"}],"wp:term":[{"taxonomy":"category","embeddable":true,"href":"https:\/\/www.webdo.tn\/fr\/wp-json\/wp\/v2\/categories?post=205000"},{"taxonomy":"post_tag","embeddable":true,"href":"https:\/\/www.webdo.tn\/fr\/wp-json\/wp\/v2\/tags?post=205000"}],"curies":[{"name":"wp","href":"https:\/\/api.w.org\/{rel}","templated":true}]}}