{"id":204990,"date":"2023-04-19T10:04:00","date_gmt":"2023-04-19T10:04:00","guid":{"rendered":"https:\/\/www.webdo.tn\/fr\/blog\/erdogan-l-arrestation-de-rached-ghannouchi-est-inappropriee\/204990\/"},"modified":"2025-05-20T22:08:35","modified_gmt":"2025-05-20T22:08:35","slug":"erdogan-l-arrestation-de-rached-ghannouchi-est-inappropriee","status":"publish","type":"post","link":"https:\/\/www.webdo.tn\/fr\/actualite\/national\/erdogan-l-arrestation-de-rached-ghannouchi-est-inappropriee\/204990\/","title":{"rendered":"Erdogan : \u00ab\u00a0L\u2019arrestation de Rached Ghannouchi est inappropri\u00e9e\u00a0\u00bb"},"content":{"rendered":"<p>Apr\u00e8s l\u2019Union europ\u00e9enne, le Royaume-Uni et la France, au tour de la Turquie de r\u00e9agir \u00e0 l\u2019arrestation du pr\u00e9sident du mouvement Ennahdha, Rached Ghannouchi.<\/p>\n<p>\t\t\t\t\t\t\t\t\tDans ce contexte, le pr\u00e9sident turc Recep Tayyip Erdogan, s\u2019est exprim\u00e9, mardi 18 avril 2023, lors d\u2019une interview accord\u00e9e \u00e0 la cha\u00eene TRT, sur cette question.<\/p>\n<p>\u00ab\u00a0Mon fr\u00e8re Rached Ghannouchi a \u00e9t\u00e9 arr\u00eat\u00e9, mais nous n\u2019avons pas r\u00e9ussi \u00e0 contacter les autorit\u00e9s \u00e0 Tunis par t\u00e9l\u00e9phone mais nous allons encore tenter de les joindre et si nous parvenons \u00e0 le faire, nous allons leur dire que nous estimons que l\u2019arrestation de Ghannouchi est inappropri\u00e9\u00a0\u00bb, a notamment d\u00e9clar\u00e9 le pr\u00e9sident turc.. \u00a0<\/p>\n<p>Il a soulign\u00e9 qu\u2019il abordera avec les autorit\u00e9s tunisiennes ses craintes suite \u00e0 l\u2019arrestation de Rached Ghannouchi.<br \/>\n\u00a0<br \/>\nRappelons que Rached Ghannouchi a \u00e9t\u00e9 arr\u00eat\u00e9, dans la soir\u00e9e de lundi 17 avril, sur ordre du minist\u00e8re public pr\u00e8s le P\u00f4le judiciaire antiterroriste, en marge de ses d\u00e9clarations selon lesquelles la Tunisie serait menac\u00e9e d&rsquo;une \u00ab\u00a0guerre civile\u00a0\u00bb si l&rsquo;islam politique y \u00e9tait \u00e9limin\u00e9.<\/p>\n<p>\u00ab\u00a0Toute tentative d&rsquo;\u00e9liminer une des composantes politiques ne peut mener qu&rsquo;\u00e0 la guerre civile (&#8230;) Il est inconcevable d&rsquo;imaginer la soci\u00e9t\u00e9 tunisienne sans Ennahdha, sans islam politique et sans gauche&#8230;\u00a0\u00bb a dit Rached Ghannouchi, qualifiant les mesures prises par le pr\u00e9sident de la R\u00e9publique le 25 juillet 2021 de \u00ab\u00a0coup d&rsquo;Etat contre la d\u00e9mocratie\u00a0\u00bb.<\/p>\n","protected":false},"excerpt":{"rendered":"<p>Apr\u00e8s l\u2019Union europ\u00e9enne, le Royaume-Uni et la France, au tour de la Turquie de r\u00e9agir \u00e0 l\u2019arrestation du pr\u00e9sident du mouvement Ennahdha, Rached Ghannouchi.<\/p>\n","protected":false},"author":3162,"featured_media":278112,"comment_status":"open","ping_status":"closed","sticky":false,"template":"","format":"standard","meta":{"footnotes":""},"categories":[44],"tags":[8361,5644],"class_list":["post-204990","post","type-post","status-publish","format-standard","has-post-thumbnail","hentry","category-national","tag-erdogan","tag-rached-ghannouchi"],"yoast_head":"<!-- This site is optimized with the Yoast SEO Premium plugin v27.4 (Yoast SEO v27.5) - https:\/\/yoast.com\/product\/yoast-seo-premium-wordpress\/ -->\n<title>Erdogan : L\u2019arrestation de Rached Ghannouchi est inappropri\u00e9e<\/title>\n<meta name=\"description\" content=\"Apr\u00e8s l\u2019Union europ\u00e9enne, le Royaume-Uni et la France, au tour de la Turquie de r\u00e9agir \u00e0 l\u2019arrestation du pr\u00e9sident du mouvement Ennahdha, Rached Ghannouchi.\" \/>\n<link rel=\"canonical\" href=\"https:\/\/www.webdo.tn\/fr\/actualite\/national\/erdogan-l-arrestation-de-rached-ghannouchi-est-inappropriee\/204990\/\" \/>\n<meta property=\"og:locale\" content=\"fr_FR\" \/>\n<meta property=\"og:type\" content=\"article\" \/>\n<meta property=\"og:title\" content=\"Erdogan : &quot;L\u2019arrestation de Rached Ghannouchi est inappropri\u00e9e&quot;\" \/>\n<meta property=\"og:description\" content=\"Apr\u00e8s l\u2019Union europ\u00e9enne, le Royaume-Uni et la France, au tour de la Turquie de r\u00e9agir \u00e0 l\u2019arrestation du pr\u00e9sident du mouvement Ennahdha, Rached Ghannouchi.\" \/>\n<meta property=\"og:url\" content=\"https:\/\/www.webdo.tn\/fr\/actualite\/national\/erdogan-l-arrestation-de-rached-ghannouchi-est-inappropriee\/204990\/\" \/>\n<meta property=\"og:site_name\" content=\"webdo\" \/>\n<meta property=\"article:publisher\" content=\"https:\/\/www.facebook.com\/webdotn\" \/>\n<meta property=\"article:published_time\" content=\"2023-04-19T10:04:00+00:00\" \/>\n<meta property=\"article:modified_time\" content=\"2025-05-20T22:08:35+00:00\" \/>\n<meta property=\"og:image\" content=\"https:\/\/www.webdo.tn\/fr\/wp-content\/uploads\/2023\/04\/0288058699c90ebd049406fc72435f0b.jpg\" \/>\n\t<meta property=\"og:image:width\" content=\"650\" \/>\n\t<meta property=\"og:image:height\" content=\"347\" \/>\n\t<meta property=\"og:image:type\" content=\"image\/jpeg\" \/>\n<meta name=\"author\" content=\"MC\" \/>\n<meta name=\"twitter:card\" content=\"summary_large_image\" \/>\n<meta name=\"twitter:creator\" content=\"@webdo_tn\" \/>\n<meta name=\"twitter:site\" content=\"@webdo_tn\" \/>\n<meta name=\"twitter:label1\" content=\"\u00c9crit par\" \/>\n\t<meta name=\"twitter:data1\" content=\"MC\" \/>\n\t<meta name=\"twitter:label2\" content=\"Dur\u00e9e de lecture estim\u00e9e\" \/>\n\t<meta name=\"twitter:data2\" content=\"1 minute\" \/>\n<script type=\"application\/ld+json\" class=\"yoast-schema-graph\">{\"@context\":\"https:\\\/\\\/schema.org\",\"@graph\":[{\"@type\":\"NewsArticle\",\"@id\":\"https:\\\/\\\/www.webdo.tn\\\/fr\\\/actualite\\\/national\\\/erdogan-l-arrestation-de-rached-ghannouchi-est-inappropriee\\\/204990\\\/#article\",\"isPartOf\":{\"@id\":\"https:\\\/\\\/www.webdo.tn\\\/fr\\\/actualite\\\/national\\\/erdogan-l-arrestation-de-rached-ghannouchi-est-inappropriee\\\/204990\\\/\"},\"author\":{\"name\":\"MC\",\"@id\":\"https:\\\/\\\/www.webdo.tn\\\/fr\\\/#\\\/schema\\\/person\\\/2c4929cbf5a809e3bd38617c6ce150f6\"},\"headline\":\"Erdogan : \u00ab\u00a0L\u2019arrestation de Rached Ghannouchi est inappropri\u00e9e\u00a0\u00bb\",\"datePublished\":\"2023-04-19T10:04:00+00:00\",\"dateModified\":\"2025-05-20T22:08:35+00:00\",\"mainEntityOfPage\":{\"@id\":\"https:\\\/\\\/www.webdo.tn\\\/fr\\\/actualite\\\/national\\\/erdogan-l-arrestation-de-rached-ghannouchi-est-inappropriee\\\/204990\\\/\"},\"wordCount\":256,\"commentCount\":0,\"publisher\":{\"@id\":\"https:\\\/\\\/www.webdo.tn\\\/fr\\\/#organization\"},\"image\":{\"@id\":\"https:\\\/\\\/www.webdo.tn\\\/fr\\\/actualite\\\/national\\\/erdogan-l-arrestation-de-rached-ghannouchi-est-inappropriee\\\/204990\\\/#primaryimage\"},\"thumbnailUrl\":\"https:\\\/\\\/www.webdo.tn\\\/fr\\\/wp-content\\\/uploads\\\/2023\\\/04\\\/0288058699c90ebd049406fc72435f0b.jpg\",\"keywords\":[\"erdogan\",\"Rached Ghannouchi\"],\"articleSection\":[\"National\"],\"inLanguage\":\"fr-FR\"},{\"@type\":\"WebPage\",\"@id\":\"https:\\\/\\\/www.webdo.tn\\\/fr\\\/actualite\\\/national\\\/erdogan-l-arrestation-de-rached-ghannouchi-est-inappropriee\\\/204990\\\/\",\"url\":\"https:\\\/\\\/www.webdo.tn\\\/fr\\\/actualite\\\/national\\\/erdogan-l-arrestation-de-rached-ghannouchi-est-inappropriee\\\/204990\\\/\",\"name\":\"Erdogan : L\u2019arrestation de Rached Ghannouchi est inappropri\u00e9e\",\"isPartOf\":{\"@id\":\"https:\\\/\\\/www.webdo.tn\\\/fr\\\/#website\"},\"primaryImageOfPage\":{\"@id\":\"https:\\\/\\\/www.webdo.tn\\\/fr\\\/actualite\\\/national\\\/erdogan-l-arrestation-de-rached-ghannouchi-est-inappropriee\\\/204990\\\/#primaryimage\"},\"image\":{\"@id\":\"https:\\\/\\\/www.webdo.tn\\\/fr\\\/actualite\\\/national\\\/erdogan-l-arrestation-de-rached-ghannouchi-est-inappropriee\\\/204990\\\/#primaryimage\"},\"thumbnailUrl\":\"https:\\\/\\\/www.webdo.tn\\\/fr\\\/wp-content\\\/uploads\\\/2023\\\/04\\\/0288058699c90ebd049406fc72435f0b.jpg\",\"datePublished\":\"2023-04-19T10:04:00+00:00\",\"dateModified\":\"2025-05-20T22:08:35+00:00\",\"description\":\"Apr\u00e8s l\u2019Union europ\u00e9enne, le Royaume-Uni et la France, au tour de la Turquie de r\u00e9agir \u00e0 l\u2019arrestation du pr\u00e9sident du mouvement Ennahdha, Rached Ghannouchi.\",\"breadcrumb\":{\"@id\":\"https:\\\/\\\/www.webdo.tn\\\/fr\\\/actualite\\\/national\\\/erdogan-l-arrestation-de-rached-ghannouchi-est-inappropriee\\\/204990\\\/#breadcrumb\"},\"inLanguage\":\"fr-FR\",\"potentialAction\":[{\"@type\":\"ReadAction\",\"target\":[\"https:\\\/\\\/www.webdo.tn\\\/fr\\\/actualite\\\/national\\\/erdogan-l-arrestation-de-rached-ghannouchi-est-inappropriee\\\/204990\\\/\"]}]},{\"@type\":\"ImageObject\",\"inLanguage\":\"fr-FR\",\"@id\":\"https:\\\/\\\/www.webdo.tn\\\/fr\\\/actualite\\\/national\\\/erdogan-l-arrestation-de-rached-ghannouchi-est-inappropriee\\\/204990\\\/#primaryimage\",\"url\":\"https:\\\/\\\/www.webdo.tn\\\/fr\\\/wp-content\\\/uploads\\\/2023\\\/04\\\/0288058699c90ebd049406fc72435f0b.jpg\",\"contentUrl\":\"https:\\\/\\\/www.webdo.tn\\\/fr\\\/wp-content\\\/uploads\\\/2023\\\/04\\\/0288058699c90ebd049406fc72435f0b.jpg\",\"width\":650,\"height\":347,\"caption\":\"Erdogan : \\\"L\u2019arrestation de Rached Ghannouchi est inappropri\u00e9e\\\"\"},{\"@type\":\"BreadcrumbList\",\"@id\":\"https:\\\/\\\/www.webdo.tn\\\/fr\\\/actualite\\\/national\\\/erdogan-l-arrestation-de-rached-ghannouchi-est-inappropriee\\\/204990\\\/#breadcrumb\",\"itemListElement\":[{\"@type\":\"ListItem\",\"position\":1,\"name\":\"Accueil\",\"item\":\"https:\\\/\\\/www.webdo.tn\\\/fr\\\/\"},{\"@type\":\"ListItem\",\"position\":2,\"name\":\"Erdogan : \u00ab\u00a0L\u2019arrestation de Rached Ghannouchi est inappropri\u00e9e\u00a0\u00bb\"}]},{\"@type\":\"WebSite\",\"@id\":\"https:\\\/\\\/www.webdo.tn\\\/fr\\\/#website\",\"url\":\"https:\\\/\\\/www.webdo.tn\\\/fr\\\/\",\"name\":\"webdo\",\"description\":\"Tunisie - News en Tunisie et \u00e0 l&#039;international sur Webdo.tn\",\"publisher\":{\"@id\":\"https:\\\/\\\/www.webdo.tn\\\/fr\\\/#organization\"},\"potentialAction\":[{\"@type\":\"SearchAction\",\"target\":{\"@type\":\"EntryPoint\",\"urlTemplate\":\"https:\\\/\\\/www.webdo.tn\\\/fr\\\/?s={search_term_string}\"},\"query-input\":{\"@type\":\"PropertyValueSpecification\",\"valueRequired\":true,\"valueName\":\"search_term_string\"}}],\"inLanguage\":\"fr-FR\"},{\"@type\":\"Organization\",\"@id\":\"https:\\\/\\\/www.webdo.tn\\\/fr\\\/#organization\",\"name\":\"Webdo\",\"alternateName\":\"Webdo.tn\",\"url\":\"https:\\\/\\\/www.webdo.tn\\\/fr\\\/\",\"logo\":{\"@type\":\"ImageObject\",\"inLanguage\":\"fr-FR\",\"@id\":\"https:\\\/\\\/www.webdo.tn\\\/fr\\\/#\\\/schema\\\/logo\\\/image\\\/\",\"url\":\"https:\\\/\\\/www.webdo.tn\\\/fr\\\/wp-content\\\/uploads\\\/2025\\\/06\\\/Webdo-Tunisie_168377.jpg\",\"contentUrl\":\"https:\\\/\\\/www.webdo.tn\\\/fr\\\/wp-content\\\/uploads\\\/2025\\\/06\\\/Webdo-Tunisie_168377.jpg\",\"width\":301,\"height\":301,\"caption\":\"Webdo\"},\"image\":{\"@id\":\"https:\\\/\\\/www.webdo.tn\\\/fr\\\/#\\\/schema\\\/logo\\\/image\\\/\"},\"sameAs\":[\"https:\\\/\\\/www.facebook.com\\\/webdotn\",\"https:\\\/\\\/x.com\\\/webdo_tn\"],\"description\":\"Webdo est un m\u00e9dia num\u00e9rique tunisien fond\u00e9 en 2010, sp\u00e9cialis\u00e9 dans l\u2019actualit\u00e9 nationale et internationale, l\u2019\u00e9conomie, la soci\u00e9t\u00e9 et les analyses politiques. Le site s\u2019adresse \u00e0 un large public francophone et couvre l\u2019information tunisienne en temps r\u00e9el.\",\"email\":\"redac@webdo.tn\",\"legalName\":\"YNJ SARL\",\"foundingDate\":\"2010-09-06\",\"numberOfEmployees\":{\"@type\":\"QuantitativeValue\",\"minValue\":\"11\",\"maxValue\":\"50\"}},{\"@type\":\"Person\",\"@id\":\"https:\\\/\\\/www.webdo.tn\\\/fr\\\/#\\\/schema\\\/person\\\/2c4929cbf5a809e3bd38617c6ce150f6\",\"name\":\"MC\",\"image\":{\"@type\":\"ImageObject\",\"inLanguage\":\"fr-FR\",\"@id\":\"https:\\\/\\\/secure.gravatar.com\\\/avatar\\\/a545bbb6f84efdd5553dbbc2895e3ca8f1d12c5215e00a041c9670b54aa9b18a?s=96&d=mm&r=g\",\"url\":\"https:\\\/\\\/secure.gravatar.com\\\/avatar\\\/a545bbb6f84efdd5553dbbc2895e3ca8f1d12c5215e00a041c9670b54aa9b18a?s=96&d=mm&r=g\",\"contentUrl\":\"https:\\\/\\\/secure.gravatar.com\\\/avatar\\\/a545bbb6f84efdd5553dbbc2895e3ca8f1d12c5215e00a041c9670b54aa9b18a?s=96&d=mm&r=g\",\"caption\":\"MC\"},\"url\":\"https:\\\/\\\/www.webdo.tn\\\/fr\\\/actualite\\\/author\\\/mc\\\/\"}]}<\/script>\n<!-- \/ Yoast SEO Premium plugin. -->","yoast_head_json":{"title":"Erdogan : L\u2019arrestation de Rached Ghannouchi est inappropri\u00e9e","description":"Apr\u00e8s l\u2019Union europ\u00e9enne, le Royaume-Uni et la France, au tour de la Turquie de r\u00e9agir \u00e0 l\u2019arrestation du pr\u00e9sident du mouvement Ennahdha, Rached Ghannouchi.","canonical":"https:\/\/www.webdo.tn\/fr\/actualite\/national\/erdogan-l-arrestation-de-rached-ghannouchi-est-inappropriee\/204990\/","og_locale":"fr_FR","og_type":"article","og_title":"Erdogan : \"L\u2019arrestation de Rached Ghannouchi est inappropri\u00e9e\"","og_description":"Apr\u00e8s l\u2019Union europ\u00e9enne, le Royaume-Uni et la France, au tour de la Turquie de r\u00e9agir \u00e0 l\u2019arrestation du pr\u00e9sident du mouvement Ennahdha, Rached Ghannouchi.","og_url":"https:\/\/www.webdo.tn\/fr\/actualite\/national\/erdogan-l-arrestation-de-rached-ghannouchi-est-inappropriee\/204990\/","og_site_name":"webdo","article_publisher":"https:\/\/www.facebook.com\/webdotn","article_published_time":"2023-04-19T10:04:00+00:00","article_modified_time":"2025-05-20T22:08:35+00:00","og_image":[{"width":650,"height":347,"url":"https:\/\/www.webdo.tn\/fr\/wp-content\/uploads\/2023\/04\/0288058699c90ebd049406fc72435f0b.jpg","type":"image\/jpeg"}],"author":"MC","twitter_card":"summary_large_image","twitter_creator":"@webdo_tn","twitter_site":"@webdo_tn","twitter_misc":{"\u00c9crit par":"MC","Dur\u00e9e de lecture estim\u00e9e":"1 minute"},"schema":{"@context":"https:\/\/schema.org","@graph":[{"@type":"NewsArticle","@id":"https:\/\/www.webdo.tn\/fr\/actualite\/national\/erdogan-l-arrestation-de-rached-ghannouchi-est-inappropriee\/204990\/#article","isPartOf":{"@id":"https:\/\/www.webdo.tn\/fr\/actualite\/national\/erdogan-l-arrestation-de-rached-ghannouchi-est-inappropriee\/204990\/"},"author":{"name":"MC","@id":"https:\/\/www.webdo.tn\/fr\/#\/schema\/person\/2c4929cbf5a809e3bd38617c6ce150f6"},"headline":"Erdogan : \u00ab\u00a0L\u2019arrestation de Rached Ghannouchi est inappropri\u00e9e\u00a0\u00bb","datePublished":"2023-04-19T10:04:00+00:00","dateModified":"2025-05-20T22:08:35+00:00","mainEntityOfPage":{"@id":"https:\/\/www.webdo.tn\/fr\/actualite\/national\/erdogan-l-arrestation-de-rached-ghannouchi-est-inappropriee\/204990\/"},"wordCount":256,"commentCount":0,"publisher":{"@id":"https:\/\/www.webdo.tn\/fr\/#organization"},"image":{"@id":"https:\/\/www.webdo.tn\/fr\/actualite\/national\/erdogan-l-arrestation-de-rached-ghannouchi-est-inappropriee\/204990\/#primaryimage"},"thumbnailUrl":"https:\/\/www.webdo.tn\/fr\/wp-content\/uploads\/2023\/04\/0288058699c90ebd049406fc72435f0b.jpg","keywords":["erdogan","Rached Ghannouchi"],"articleSection":["National"],"inLanguage":"fr-FR"},{"@type":"WebPage","@id":"https:\/\/www.webdo.tn\/fr\/actualite\/national\/erdogan-l-arrestation-de-rached-ghannouchi-est-inappropriee\/204990\/","url":"https:\/\/www.webdo.tn\/fr\/actualite\/national\/erdogan-l-arrestation-de-rached-ghannouchi-est-inappropriee\/204990\/","name":"Erdogan : L\u2019arrestation de Rached Ghannouchi est inappropri\u00e9e","isPartOf":{"@id":"https:\/\/www.webdo.tn\/fr\/#website"},"primaryImageOfPage":{"@id":"https:\/\/www.webdo.tn\/fr\/actualite\/national\/erdogan-l-arrestation-de-rached-ghannouchi-est-inappropriee\/204990\/#primaryimage"},"image":{"@id":"https:\/\/www.webdo.tn\/fr\/actualite\/national\/erdogan-l-arrestation-de-rached-ghannouchi-est-inappropriee\/204990\/#primaryimage"},"thumbnailUrl":"https:\/\/www.webdo.tn\/fr\/wp-content\/uploads\/2023\/04\/0288058699c90ebd049406fc72435f0b.jpg","datePublished":"2023-04-19T10:04:00+00:00","dateModified":"2025-05-20T22:08:35+00:00","description":"Apr\u00e8s l\u2019Union europ\u00e9enne, le Royaume-Uni et la France, au tour de la Turquie de r\u00e9agir \u00e0 l\u2019arrestation du pr\u00e9sident du mouvement Ennahdha, Rached Ghannouchi.","breadcrumb":{"@id":"https:\/\/www.webdo.tn\/fr\/actualite\/national\/erdogan-l-arrestation-de-rached-ghannouchi-est-inappropriee\/204990\/#breadcrumb"},"inLanguage":"fr-FR","potentialAction":[{"@type":"ReadAction","target":["https:\/\/www.webdo.tn\/fr\/actualite\/national\/erdogan-l-arrestation-de-rached-ghannouchi-est-inappropriee\/204990\/"]}]},{"@type":"ImageObject","inLanguage":"fr-FR","@id":"https:\/\/www.webdo.tn\/fr\/actualite\/national\/erdogan-l-arrestation-de-rached-ghannouchi-est-inappropriee\/204990\/#primaryimage","url":"https:\/\/www.webdo.tn\/fr\/wp-content\/uploads\/2023\/04\/0288058699c90ebd049406fc72435f0b.jpg","contentUrl":"https:\/\/www.webdo.tn\/fr\/wp-content\/uploads\/2023\/04\/0288058699c90ebd049406fc72435f0b.jpg","width":650,"height":347,"caption":"Erdogan : \"L\u2019arrestation de Rached Ghannouchi est inappropri\u00e9e\""},{"@type":"BreadcrumbList","@id":"https:\/\/www.webdo.tn\/fr\/actualite\/national\/erdogan-l-arrestation-de-rached-ghannouchi-est-inappropriee\/204990\/#breadcrumb","itemListElement":[{"@type":"ListItem","position":1,"name":"Accueil","item":"https:\/\/www.webdo.tn\/fr\/"},{"@type":"ListItem","position":2,"name":"Erdogan : \u00ab\u00a0L\u2019arrestation de Rached Ghannouchi est inappropri\u00e9e\u00a0\u00bb"}]},{"@type":"WebSite","@id":"https:\/\/www.webdo.tn\/fr\/#website","url":"https:\/\/www.webdo.tn\/fr\/","name":"webdo","description":"Tunisie - News en Tunisie et \u00e0 l&#039;international sur Webdo.tn","publisher":{"@id":"https:\/\/www.webdo.tn\/fr\/#organization"},"potentialAction":[{"@type":"SearchAction","target":{"@type":"EntryPoint","urlTemplate":"https:\/\/www.webdo.tn\/fr\/?s={search_term_string}"},"query-input":{"@type":"PropertyValueSpecification","valueRequired":true,"valueName":"search_term_string"}}],"inLanguage":"fr-FR"},{"@type":"Organization","@id":"https:\/\/www.webdo.tn\/fr\/#organization","name":"Webdo","alternateName":"Webdo.tn","url":"https:\/\/www.webdo.tn\/fr\/","logo":{"@type":"ImageObject","inLanguage":"fr-FR","@id":"https:\/\/www.webdo.tn\/fr\/#\/schema\/logo\/image\/","url":"https:\/\/www.webdo.tn\/fr\/wp-content\/uploads\/2025\/06\/Webdo-Tunisie_168377.jpg","contentUrl":"https:\/\/www.webdo.tn\/fr\/wp-content\/uploads\/2025\/06\/Webdo-Tunisie_168377.jpg","width":301,"height":301,"caption":"Webdo"},"image":{"@id":"https:\/\/www.webdo.tn\/fr\/#\/schema\/logo\/image\/"},"sameAs":["https:\/\/www.facebook.com\/webdotn","https:\/\/x.com\/webdo_tn"],"description":"Webdo est un m\u00e9dia num\u00e9rique tunisien fond\u00e9 en 2010, sp\u00e9cialis\u00e9 dans l\u2019actualit\u00e9 nationale et internationale, l\u2019\u00e9conomie, la soci\u00e9t\u00e9 et les analyses politiques. Le site s\u2019adresse \u00e0 un large public francophone et couvre l\u2019information tunisienne en temps r\u00e9el.","email":"redac@webdo.tn","legalName":"YNJ SARL","foundingDate":"2010-09-06","numberOfEmployees":{"@type":"QuantitativeValue","minValue":"11","maxValue":"50"}},{"@type":"Person","@id":"https:\/\/www.webdo.tn\/fr\/#\/schema\/person\/2c4929cbf5a809e3bd38617c6ce150f6","name":"MC","image":{"@type":"ImageObject","inLanguage":"fr-FR","@id":"https:\/\/secure.gravatar.com\/avatar\/a545bbb6f84efdd5553dbbc2895e3ca8f1d12c5215e00a041c9670b54aa9b18a?s=96&d=mm&r=g","url":"https:\/\/secure.gravatar.com\/avatar\/a545bbb6f84efdd5553dbbc2895e3ca8f1d12c5215e00a041c9670b54aa9b18a?s=96&d=mm&r=g","contentUrl":"https:\/\/secure.gravatar.com\/avatar\/a545bbb6f84efdd5553dbbc2895e3ca8f1d12c5215e00a041c9670b54aa9b18a?s=96&d=mm&r=g","caption":"MC"},"url":"https:\/\/www.webdo.tn\/fr\/actualite\/author\/mc\/"}]}},"_links":{"self":[{"href":"https:\/\/www.webdo.tn\/fr\/wp-json\/wp\/v2\/posts\/204990","targetHints":{"allow":["GET"]}}],"collection":[{"href":"https:\/\/www.webdo.tn\/fr\/wp-json\/wp\/v2\/posts"}],"about":[{"href":"https:\/\/www.webdo.tn\/fr\/wp-json\/wp\/v2\/types\/post"}],"author":[{"embeddable":true,"href":"https:\/\/www.webdo.tn\/fr\/wp-json\/wp\/v2\/users\/3162"}],"replies":[{"embeddable":true,"href":"https:\/\/www.webdo.tn\/fr\/wp-json\/wp\/v2\/comments?post=204990"}],"version-history":[{"count":0,"href":"https:\/\/www.webdo.tn\/fr\/wp-json\/wp\/v2\/posts\/204990\/revisions"}],"wp:featuredmedia":[{"embeddable":true,"href":"https:\/\/www.webdo.tn\/fr\/wp-json\/wp\/v2\/media\/278112"}],"wp:attachment":[{"href":"https:\/\/www.webdo.tn\/fr\/wp-json\/wp\/v2\/media?parent=204990"}],"wp:term":[{"taxonomy":"category","embeddable":true,"href":"https:\/\/www.webdo.tn\/fr\/wp-json\/wp\/v2\/categories?post=204990"},{"taxonomy":"post_tag","embeddable":true,"href":"https:\/\/www.webdo.tn\/fr\/wp-json\/wp\/v2\/tags?post=204990"}],"curies":[{"name":"wp","href":"https:\/\/api.w.org\/{rel}","templated":true}]}}