{"id":204987,"date":"2023-04-19T09:25:00","date_gmt":"2023-04-19T09:25:00","guid":{"rendered":"https:\/\/www.webdo.tn\/fr\/blog\/stuttgart-ons-jabeur-ouvre-face-a-jelena-ostapenko\/204987\/"},"modified":"2025-05-20T22:08:35","modified_gmt":"2025-05-20T22:08:35","slug":"stuttgart-ons-jabeur-ouvre-face-a-jelena-ostapenko","status":"publish","type":"post","link":"https:\/\/www.webdo.tn\/fr\/actualite\/sport\/stuttgart-ons-jabeur-ouvre-face-a-jelena-ostapenko\/204987\/","title":{"rendered":"Stuttgart : Ons Jabeur ouvre face \u00e0 Jelena Ostapenko"},"content":{"rendered":"<p>Ons Jabeur, 4\u00e8me mondiale, fait, aujourd\u2019hui, ses d\u00e9buts au WTA 500 de Stuttgart. Son entame aura lieu face \u00e0 la Lettone Jelena Ostapenko (22\u00e8me WTA).<\/p>\n<p>\t\t\t\t\t\t\t\t\tExempt\u00e9e du premier tour, Ons Jabeur, t\u00eate de s\u00e9rie num\u00e9ro 3 entre en lice en huiti\u00e8mes de finale, ce mercredi 19 avril 2023 aux alentours de 19h00, face \u00e0 une adversaire qu\u2019elle a d\u00e9j\u00e0 affront\u00e9e \u00e0 trois reprises par le pass\u00e9.<\/p>\n<p>En 2015, lors de leur premi\u00e8re opposition, Jelena Ostapenko avait battu Ons Jabeur en quarts de finale du tournoi de Sobota. La Tunisienne avait pris sa revanche en 2020 au 2\u00e8me tour du tournoi d\u2019Ostrava. En 2021, la Lettone avait de nouveau battu la Tunisienne au 2\u00e8me tour d\u2019Eastbourne.<\/p>\n<p>Participent au WTA 500 de Stuttgart ou Porsche Tennis Grand Prix la num\u00e9ro 1 mondiale, Iga Swiatek et la num\u00e9ro 2 Aryna Sabalenka tout comme Caroline Garcia, Coco Gauff, Elena Rybakina, Daria Kasatkina ou Maria Sakkari.<\/p>\n","protected":false},"excerpt":{"rendered":"<p>Ons Jabeur, 4\u00e8me mondiale, fait, aujourd\u2019hui, ses d\u00e9buts au WTA 500 de Stuttgart. Son entame aura lieu face \u00e0 la Lettone Jelena Ostapenko (22\u00e8me WTA).<\/p>\n","protected":false},"author":3162,"featured_media":278110,"comment_status":"open","ping_status":"closed","sticky":false,"template":"","format":"standard","meta":{"footnotes":""},"categories":[2593],"tags":[2604,6660],"class_list":["post-204987","post","type-post","status-publish","format-standard","has-post-thumbnail","hentry","category-sport","tag-ons-jabeur","tag-stuttgart"],"yoast_head":"<!-- This site is optimized with the Yoast SEO Premium plugin v27.5 (Yoast SEO v27.5) - https:\/\/yoast.com\/product\/yoast-seo-premium-wordpress\/ -->\n<title>Stuttgart : Ons Jabeur ouvre face \u00e0 Jelena Ostapenko<\/title>\n<meta name=\"description\" content=\"Ons Jabeur, 4\u00e8me mondiale, fait, aujourd\u2019hui, ses d\u00e9buts au WTA 500 de Stuttgart. Son entame aura lieu face \u00e0 la Lettone Jelena Ostapenko (22\u00e8me WTA).\" \/>\n<link rel=\"canonical\" href=\"https:\/\/www.webdo.tn\/fr\/actualite\/sport\/stuttgart-ons-jabeur-ouvre-face-a-jelena-ostapenko\/204987\/\" \/>\n<meta property=\"og:locale\" content=\"fr_FR\" \/>\n<meta property=\"og:type\" content=\"article\" \/>\n<meta property=\"og:title\" content=\"Stuttgart : Ons Jabeur ouvre face \u00e0 Jelena Ostapenko\" \/>\n<meta property=\"og:description\" content=\"Ons Jabeur, 4\u00e8me mondiale, fait, aujourd\u2019hui, ses d\u00e9buts au WTA 500 de Stuttgart. Son entame aura lieu face \u00e0 la Lettone Jelena Ostapenko (22\u00e8me WTA).\" \/>\n<meta property=\"og:url\" content=\"https:\/\/www.webdo.tn\/fr\/actualite\/sport\/stuttgart-ons-jabeur-ouvre-face-a-jelena-ostapenko\/204987\/\" \/>\n<meta property=\"og:site_name\" content=\"webdo\" \/>\n<meta property=\"article:publisher\" content=\"https:\/\/www.facebook.com\/webdotn\" \/>\n<meta property=\"article:published_time\" content=\"2023-04-19T09:25:00+00:00\" \/>\n<meta property=\"article:modified_time\" content=\"2025-05-20T22:08:35+00:00\" \/>\n<meta property=\"og:image\" content=\"https:\/\/www.webdo.tn\/fr\/wp-content\/uploads\/2023\/04\/5cb8d8db191f105f0c15bc52e46ff4ec.jpg\" \/>\n\t<meta property=\"og:image:width\" content=\"750\" \/>\n\t<meta property=\"og:image:height\" content=\"400\" \/>\n\t<meta property=\"og:image:type\" content=\"image\/jpeg\" \/>\n<meta name=\"author\" content=\"MC\" \/>\n<meta name=\"twitter:card\" content=\"summary_large_image\" \/>\n<meta name=\"twitter:creator\" content=\"@webdo_tn\" \/>\n<meta name=\"twitter:site\" content=\"@webdo_tn\" \/>\n<meta name=\"twitter:label1\" content=\"\u00c9crit par\" \/>\n\t<meta name=\"twitter:data1\" content=\"MC\" \/>\n\t<meta name=\"twitter:label2\" content=\"Dur\u00e9e de lecture estim\u00e9e\" \/>\n\t<meta name=\"twitter:data2\" content=\"1 minute\" \/>\n<script type=\"application\/ld+json\" class=\"yoast-schema-graph\">{\"@context\":\"https:\\\/\\\/schema.org\",\"@graph\":[{\"@type\":\"NewsArticle\",\"@id\":\"https:\\\/\\\/www.webdo.tn\\\/fr\\\/actualite\\\/sport\\\/stuttgart-ons-jabeur-ouvre-face-a-jelena-ostapenko\\\/204987\\\/#article\",\"isPartOf\":{\"@id\":\"https:\\\/\\\/www.webdo.tn\\\/fr\\\/actualite\\\/sport\\\/stuttgart-ons-jabeur-ouvre-face-a-jelena-ostapenko\\\/204987\\\/\"},\"author\":{\"name\":\"MC\",\"@id\":\"https:\\\/\\\/www.webdo.tn\\\/fr\\\/#\\\/schema\\\/person\\\/2c4929cbf5a809e3bd38617c6ce150f6\"},\"headline\":\"Stuttgart : Ons Jabeur ouvre face \u00e0 Jelena Ostapenko\",\"datePublished\":\"2023-04-19T09:25:00+00:00\",\"dateModified\":\"2025-05-20T22:08:35+00:00\",\"mainEntityOfPage\":{\"@id\":\"https:\\\/\\\/www.webdo.tn\\\/fr\\\/actualite\\\/sport\\\/stuttgart-ons-jabeur-ouvre-face-a-jelena-ostapenko\\\/204987\\\/\"},\"wordCount\":160,\"commentCount\":0,\"publisher\":{\"@id\":\"https:\\\/\\\/www.webdo.tn\\\/fr\\\/#organization\"},\"image\":{\"@id\":\"https:\\\/\\\/www.webdo.tn\\\/fr\\\/actualite\\\/sport\\\/stuttgart-ons-jabeur-ouvre-face-a-jelena-ostapenko\\\/204987\\\/#primaryimage\"},\"thumbnailUrl\":\"https:\\\/\\\/www.webdo.tn\\\/fr\\\/wp-content\\\/uploads\\\/2023\\\/04\\\/5cb8d8db191f105f0c15bc52e46ff4ec.jpg\",\"keywords\":[\"Ons Jabeur\",\"stuttgart\"],\"articleSection\":[\"Sport\"],\"inLanguage\":\"fr-FR\"},{\"@type\":\"WebPage\",\"@id\":\"https:\\\/\\\/www.webdo.tn\\\/fr\\\/actualite\\\/sport\\\/stuttgart-ons-jabeur-ouvre-face-a-jelena-ostapenko\\\/204987\\\/\",\"url\":\"https:\\\/\\\/www.webdo.tn\\\/fr\\\/actualite\\\/sport\\\/stuttgart-ons-jabeur-ouvre-face-a-jelena-ostapenko\\\/204987\\\/\",\"name\":\"Stuttgart : Ons Jabeur ouvre face \u00e0 Jelena Ostapenko\",\"isPartOf\":{\"@id\":\"https:\\\/\\\/www.webdo.tn\\\/fr\\\/#website\"},\"primaryImageOfPage\":{\"@id\":\"https:\\\/\\\/www.webdo.tn\\\/fr\\\/actualite\\\/sport\\\/stuttgart-ons-jabeur-ouvre-face-a-jelena-ostapenko\\\/204987\\\/#primaryimage\"},\"image\":{\"@id\":\"https:\\\/\\\/www.webdo.tn\\\/fr\\\/actualite\\\/sport\\\/stuttgart-ons-jabeur-ouvre-face-a-jelena-ostapenko\\\/204987\\\/#primaryimage\"},\"thumbnailUrl\":\"https:\\\/\\\/www.webdo.tn\\\/fr\\\/wp-content\\\/uploads\\\/2023\\\/04\\\/5cb8d8db191f105f0c15bc52e46ff4ec.jpg\",\"datePublished\":\"2023-04-19T09:25:00+00:00\",\"dateModified\":\"2025-05-20T22:08:35+00:00\",\"description\":\"Ons Jabeur, 4\u00e8me mondiale, fait, aujourd\u2019hui, ses d\u00e9buts au WTA 500 de Stuttgart. Son entame aura lieu face \u00e0 la Lettone Jelena Ostapenko (22\u00e8me WTA).\",\"breadcrumb\":{\"@id\":\"https:\\\/\\\/www.webdo.tn\\\/fr\\\/actualite\\\/sport\\\/stuttgart-ons-jabeur-ouvre-face-a-jelena-ostapenko\\\/204987\\\/#breadcrumb\"},\"inLanguage\":\"fr-FR\",\"potentialAction\":[{\"@type\":\"ReadAction\",\"target\":[\"https:\\\/\\\/www.webdo.tn\\\/fr\\\/actualite\\\/sport\\\/stuttgart-ons-jabeur-ouvre-face-a-jelena-ostapenko\\\/204987\\\/\"]}]},{\"@type\":\"ImageObject\",\"inLanguage\":\"fr-FR\",\"@id\":\"https:\\\/\\\/www.webdo.tn\\\/fr\\\/actualite\\\/sport\\\/stuttgart-ons-jabeur-ouvre-face-a-jelena-ostapenko\\\/204987\\\/#primaryimage\",\"url\":\"https:\\\/\\\/www.webdo.tn\\\/fr\\\/wp-content\\\/uploads\\\/2023\\\/04\\\/5cb8d8db191f105f0c15bc52e46ff4ec.jpg\",\"contentUrl\":\"https:\\\/\\\/www.webdo.tn\\\/fr\\\/wp-content\\\/uploads\\\/2023\\\/04\\\/5cb8d8db191f105f0c15bc52e46ff4ec.jpg\",\"width\":750,\"height\":400,\"caption\":\"Stuttgart : Ons Jabeur ouvre face \u00e0 Jelena Ostapenko\"},{\"@type\":\"BreadcrumbList\",\"@id\":\"https:\\\/\\\/www.webdo.tn\\\/fr\\\/actualite\\\/sport\\\/stuttgart-ons-jabeur-ouvre-face-a-jelena-ostapenko\\\/204987\\\/#breadcrumb\",\"itemListElement\":[{\"@type\":\"ListItem\",\"position\":1,\"name\":\"Accueil\",\"item\":\"https:\\\/\\\/www.webdo.tn\\\/fr\\\/\"},{\"@type\":\"ListItem\",\"position\":2,\"name\":\"Stuttgart : Ons Jabeur ouvre face \u00e0 Jelena Ostapenko\"}]},{\"@type\":\"WebSite\",\"@id\":\"https:\\\/\\\/www.webdo.tn\\\/fr\\\/#website\",\"url\":\"https:\\\/\\\/www.webdo.tn\\\/fr\\\/\",\"name\":\"webdo\",\"description\":\"Tunisie - News en Tunisie et \u00e0 l&#039;international sur Webdo.tn\",\"publisher\":{\"@id\":\"https:\\\/\\\/www.webdo.tn\\\/fr\\\/#organization\"},\"potentialAction\":[{\"@type\":\"SearchAction\",\"target\":{\"@type\":\"EntryPoint\",\"urlTemplate\":\"https:\\\/\\\/www.webdo.tn\\\/fr\\\/?s={search_term_string}\"},\"query-input\":{\"@type\":\"PropertyValueSpecification\",\"valueRequired\":true,\"valueName\":\"search_term_string\"}}],\"inLanguage\":\"fr-FR\"},{\"@type\":\"Organization\",\"@id\":\"https:\\\/\\\/www.webdo.tn\\\/fr\\\/#organization\",\"name\":\"Webdo\",\"alternateName\":\"Webdo.tn\",\"url\":\"https:\\\/\\\/www.webdo.tn\\\/fr\\\/\",\"logo\":{\"@type\":\"ImageObject\",\"inLanguage\":\"fr-FR\",\"@id\":\"https:\\\/\\\/www.webdo.tn\\\/fr\\\/#\\\/schema\\\/logo\\\/image\\\/\",\"url\":\"https:\\\/\\\/www.webdo.tn\\\/fr\\\/wp-content\\\/uploads\\\/2025\\\/06\\\/Webdo-Tunisie_168377.jpg\",\"contentUrl\":\"https:\\\/\\\/www.webdo.tn\\\/fr\\\/wp-content\\\/uploads\\\/2025\\\/06\\\/Webdo-Tunisie_168377.jpg\",\"width\":301,\"height\":301,\"caption\":\"Webdo\"},\"image\":{\"@id\":\"https:\\\/\\\/www.webdo.tn\\\/fr\\\/#\\\/schema\\\/logo\\\/image\\\/\"},\"sameAs\":[\"https:\\\/\\\/www.facebook.com\\\/webdotn\",\"https:\\\/\\\/x.com\\\/webdo_tn\"],\"description\":\"Webdo est un m\u00e9dia num\u00e9rique tunisien fond\u00e9 en 2010, sp\u00e9cialis\u00e9 dans l\u2019actualit\u00e9 nationale et internationale, l\u2019\u00e9conomie, la soci\u00e9t\u00e9 et les analyses politiques. Le site s\u2019adresse \u00e0 un large public francophone et couvre l\u2019information tunisienne en temps r\u00e9el.\",\"email\":\"redac@webdo.tn\",\"legalName\":\"YNJ SARL\",\"foundingDate\":\"2010-09-06\",\"numberOfEmployees\":{\"@type\":\"QuantitativeValue\",\"minValue\":\"11\",\"maxValue\":\"50\"}},{\"@type\":\"Person\",\"@id\":\"https:\\\/\\\/www.webdo.tn\\\/fr\\\/#\\\/schema\\\/person\\\/2c4929cbf5a809e3bd38617c6ce150f6\",\"name\":\"MC\",\"image\":{\"@type\":\"ImageObject\",\"inLanguage\":\"fr-FR\",\"@id\":\"https:\\\/\\\/secure.gravatar.com\\\/avatar\\\/a545bbb6f84efdd5553dbbc2895e3ca8f1d12c5215e00a041c9670b54aa9b18a?s=96&d=mm&r=g\",\"url\":\"https:\\\/\\\/secure.gravatar.com\\\/avatar\\\/a545bbb6f84efdd5553dbbc2895e3ca8f1d12c5215e00a041c9670b54aa9b18a?s=96&d=mm&r=g\",\"contentUrl\":\"https:\\\/\\\/secure.gravatar.com\\\/avatar\\\/a545bbb6f84efdd5553dbbc2895e3ca8f1d12c5215e00a041c9670b54aa9b18a?s=96&d=mm&r=g\",\"caption\":\"MC\"},\"url\":\"https:\\\/\\\/www.webdo.tn\\\/fr\\\/actualite\\\/author\\\/mc\\\/\"}]}<\/script>\n<!-- \/ Yoast SEO Premium plugin. -->","yoast_head_json":{"title":"Stuttgart : Ons Jabeur ouvre face \u00e0 Jelena Ostapenko","description":"Ons Jabeur, 4\u00e8me mondiale, fait, aujourd\u2019hui, ses d\u00e9buts au WTA 500 de Stuttgart. Son entame aura lieu face \u00e0 la Lettone Jelena Ostapenko (22\u00e8me WTA).","canonical":"https:\/\/www.webdo.tn\/fr\/actualite\/sport\/stuttgart-ons-jabeur-ouvre-face-a-jelena-ostapenko\/204987\/","og_locale":"fr_FR","og_type":"article","og_title":"Stuttgart : Ons Jabeur ouvre face \u00e0 Jelena Ostapenko","og_description":"Ons Jabeur, 4\u00e8me mondiale, fait, aujourd\u2019hui, ses d\u00e9buts au WTA 500 de Stuttgart. Son entame aura lieu face \u00e0 la Lettone Jelena Ostapenko (22\u00e8me WTA).","og_url":"https:\/\/www.webdo.tn\/fr\/actualite\/sport\/stuttgart-ons-jabeur-ouvre-face-a-jelena-ostapenko\/204987\/","og_site_name":"webdo","article_publisher":"https:\/\/www.facebook.com\/webdotn","article_published_time":"2023-04-19T09:25:00+00:00","article_modified_time":"2025-05-20T22:08:35+00:00","og_image":[{"width":750,"height":400,"url":"https:\/\/www.webdo.tn\/fr\/wp-content\/uploads\/2023\/04\/5cb8d8db191f105f0c15bc52e46ff4ec.jpg","type":"image\/jpeg"}],"author":"MC","twitter_card":"summary_large_image","twitter_creator":"@webdo_tn","twitter_site":"@webdo_tn","twitter_misc":{"\u00c9crit par":"MC","Dur\u00e9e de lecture estim\u00e9e":"1 minute"},"schema":{"@context":"https:\/\/schema.org","@graph":[{"@type":"NewsArticle","@id":"https:\/\/www.webdo.tn\/fr\/actualite\/sport\/stuttgart-ons-jabeur-ouvre-face-a-jelena-ostapenko\/204987\/#article","isPartOf":{"@id":"https:\/\/www.webdo.tn\/fr\/actualite\/sport\/stuttgart-ons-jabeur-ouvre-face-a-jelena-ostapenko\/204987\/"},"author":{"name":"MC","@id":"https:\/\/www.webdo.tn\/fr\/#\/schema\/person\/2c4929cbf5a809e3bd38617c6ce150f6"},"headline":"Stuttgart : Ons Jabeur ouvre face \u00e0 Jelena Ostapenko","datePublished":"2023-04-19T09:25:00+00:00","dateModified":"2025-05-20T22:08:35+00:00","mainEntityOfPage":{"@id":"https:\/\/www.webdo.tn\/fr\/actualite\/sport\/stuttgart-ons-jabeur-ouvre-face-a-jelena-ostapenko\/204987\/"},"wordCount":160,"commentCount":0,"publisher":{"@id":"https:\/\/www.webdo.tn\/fr\/#organization"},"image":{"@id":"https:\/\/www.webdo.tn\/fr\/actualite\/sport\/stuttgart-ons-jabeur-ouvre-face-a-jelena-ostapenko\/204987\/#primaryimage"},"thumbnailUrl":"https:\/\/www.webdo.tn\/fr\/wp-content\/uploads\/2023\/04\/5cb8d8db191f105f0c15bc52e46ff4ec.jpg","keywords":["Ons Jabeur","stuttgart"],"articleSection":["Sport"],"inLanguage":"fr-FR"},{"@type":"WebPage","@id":"https:\/\/www.webdo.tn\/fr\/actualite\/sport\/stuttgart-ons-jabeur-ouvre-face-a-jelena-ostapenko\/204987\/","url":"https:\/\/www.webdo.tn\/fr\/actualite\/sport\/stuttgart-ons-jabeur-ouvre-face-a-jelena-ostapenko\/204987\/","name":"Stuttgart : Ons Jabeur ouvre face \u00e0 Jelena Ostapenko","isPartOf":{"@id":"https:\/\/www.webdo.tn\/fr\/#website"},"primaryImageOfPage":{"@id":"https:\/\/www.webdo.tn\/fr\/actualite\/sport\/stuttgart-ons-jabeur-ouvre-face-a-jelena-ostapenko\/204987\/#primaryimage"},"image":{"@id":"https:\/\/www.webdo.tn\/fr\/actualite\/sport\/stuttgart-ons-jabeur-ouvre-face-a-jelena-ostapenko\/204987\/#primaryimage"},"thumbnailUrl":"https:\/\/www.webdo.tn\/fr\/wp-content\/uploads\/2023\/04\/5cb8d8db191f105f0c15bc52e46ff4ec.jpg","datePublished":"2023-04-19T09:25:00+00:00","dateModified":"2025-05-20T22:08:35+00:00","description":"Ons Jabeur, 4\u00e8me mondiale, fait, aujourd\u2019hui, ses d\u00e9buts au WTA 500 de Stuttgart. Son entame aura lieu face \u00e0 la Lettone Jelena Ostapenko (22\u00e8me WTA).","breadcrumb":{"@id":"https:\/\/www.webdo.tn\/fr\/actualite\/sport\/stuttgart-ons-jabeur-ouvre-face-a-jelena-ostapenko\/204987\/#breadcrumb"},"inLanguage":"fr-FR","potentialAction":[{"@type":"ReadAction","target":["https:\/\/www.webdo.tn\/fr\/actualite\/sport\/stuttgart-ons-jabeur-ouvre-face-a-jelena-ostapenko\/204987\/"]}]},{"@type":"ImageObject","inLanguage":"fr-FR","@id":"https:\/\/www.webdo.tn\/fr\/actualite\/sport\/stuttgart-ons-jabeur-ouvre-face-a-jelena-ostapenko\/204987\/#primaryimage","url":"https:\/\/www.webdo.tn\/fr\/wp-content\/uploads\/2023\/04\/5cb8d8db191f105f0c15bc52e46ff4ec.jpg","contentUrl":"https:\/\/www.webdo.tn\/fr\/wp-content\/uploads\/2023\/04\/5cb8d8db191f105f0c15bc52e46ff4ec.jpg","width":750,"height":400,"caption":"Stuttgart : Ons Jabeur ouvre face \u00e0 Jelena Ostapenko"},{"@type":"BreadcrumbList","@id":"https:\/\/www.webdo.tn\/fr\/actualite\/sport\/stuttgart-ons-jabeur-ouvre-face-a-jelena-ostapenko\/204987\/#breadcrumb","itemListElement":[{"@type":"ListItem","position":1,"name":"Accueil","item":"https:\/\/www.webdo.tn\/fr\/"},{"@type":"ListItem","position":2,"name":"Stuttgart : Ons Jabeur ouvre face \u00e0 Jelena Ostapenko"}]},{"@type":"WebSite","@id":"https:\/\/www.webdo.tn\/fr\/#website","url":"https:\/\/www.webdo.tn\/fr\/","name":"webdo","description":"Tunisie - News en Tunisie et \u00e0 l&#039;international sur Webdo.tn","publisher":{"@id":"https:\/\/www.webdo.tn\/fr\/#organization"},"potentialAction":[{"@type":"SearchAction","target":{"@type":"EntryPoint","urlTemplate":"https:\/\/www.webdo.tn\/fr\/?s={search_term_string}"},"query-input":{"@type":"PropertyValueSpecification","valueRequired":true,"valueName":"search_term_string"}}],"inLanguage":"fr-FR"},{"@type":"Organization","@id":"https:\/\/www.webdo.tn\/fr\/#organization","name":"Webdo","alternateName":"Webdo.tn","url":"https:\/\/www.webdo.tn\/fr\/","logo":{"@type":"ImageObject","inLanguage":"fr-FR","@id":"https:\/\/www.webdo.tn\/fr\/#\/schema\/logo\/image\/","url":"https:\/\/www.webdo.tn\/fr\/wp-content\/uploads\/2025\/06\/Webdo-Tunisie_168377.jpg","contentUrl":"https:\/\/www.webdo.tn\/fr\/wp-content\/uploads\/2025\/06\/Webdo-Tunisie_168377.jpg","width":301,"height":301,"caption":"Webdo"},"image":{"@id":"https:\/\/www.webdo.tn\/fr\/#\/schema\/logo\/image\/"},"sameAs":["https:\/\/www.facebook.com\/webdotn","https:\/\/x.com\/webdo_tn"],"description":"Webdo est un m\u00e9dia num\u00e9rique tunisien fond\u00e9 en 2010, sp\u00e9cialis\u00e9 dans l\u2019actualit\u00e9 nationale et internationale, l\u2019\u00e9conomie, la soci\u00e9t\u00e9 et les analyses politiques. Le site s\u2019adresse \u00e0 un large public francophone et couvre l\u2019information tunisienne en temps r\u00e9el.","email":"redac@webdo.tn","legalName":"YNJ SARL","foundingDate":"2010-09-06","numberOfEmployees":{"@type":"QuantitativeValue","minValue":"11","maxValue":"50"}},{"@type":"Person","@id":"https:\/\/www.webdo.tn\/fr\/#\/schema\/person\/2c4929cbf5a809e3bd38617c6ce150f6","name":"MC","image":{"@type":"ImageObject","inLanguage":"fr-FR","@id":"https:\/\/secure.gravatar.com\/avatar\/a545bbb6f84efdd5553dbbc2895e3ca8f1d12c5215e00a041c9670b54aa9b18a?s=96&d=mm&r=g","url":"https:\/\/secure.gravatar.com\/avatar\/a545bbb6f84efdd5553dbbc2895e3ca8f1d12c5215e00a041c9670b54aa9b18a?s=96&d=mm&r=g","contentUrl":"https:\/\/secure.gravatar.com\/avatar\/a545bbb6f84efdd5553dbbc2895e3ca8f1d12c5215e00a041c9670b54aa9b18a?s=96&d=mm&r=g","caption":"MC"},"url":"https:\/\/www.webdo.tn\/fr\/actualite\/author\/mc\/"}]}},"_links":{"self":[{"href":"https:\/\/www.webdo.tn\/fr\/wp-json\/wp\/v2\/posts\/204987","targetHints":{"allow":["GET"]}}],"collection":[{"href":"https:\/\/www.webdo.tn\/fr\/wp-json\/wp\/v2\/posts"}],"about":[{"href":"https:\/\/www.webdo.tn\/fr\/wp-json\/wp\/v2\/types\/post"}],"author":[{"embeddable":true,"href":"https:\/\/www.webdo.tn\/fr\/wp-json\/wp\/v2\/users\/3162"}],"replies":[{"embeddable":true,"href":"https:\/\/www.webdo.tn\/fr\/wp-json\/wp\/v2\/comments?post=204987"}],"version-history":[{"count":0,"href":"https:\/\/www.webdo.tn\/fr\/wp-json\/wp\/v2\/posts\/204987\/revisions"}],"wp:featuredmedia":[{"embeddable":true,"href":"https:\/\/www.webdo.tn\/fr\/wp-json\/wp\/v2\/media\/278110"}],"wp:attachment":[{"href":"https:\/\/www.webdo.tn\/fr\/wp-json\/wp\/v2\/media?parent=204987"}],"wp:term":[{"taxonomy":"category","embeddable":true,"href":"https:\/\/www.webdo.tn\/fr\/wp-json\/wp\/v2\/categories?post=204987"},{"taxonomy":"post_tag","embeddable":true,"href":"https:\/\/www.webdo.tn\/fr\/wp-json\/wp\/v2\/tags?post=204987"}],"curies":[{"name":"wp","href":"https:\/\/api.w.org\/{rel}","templated":true}]}}