{"id":204970,"date":"2023-04-18T19:50:00","date_gmt":"2023-04-18T19:50:00","guid":{"rendered":"https:\/\/www.webdo.tn\/fr\/blog\/aid-el-fitr-arret-des-cours-a-partir-de-jeudi\/204970\/"},"modified":"2025-05-20T22:00:39","modified_gmt":"2025-05-20T22:00:39","slug":"aid-el-fitr-arret-des-cours-a-partir-de-jeudi","status":"publish","type":"post","link":"https:\/\/www.webdo.tn\/fr\/actualite\/national\/aid-el-fitr-arret-des-cours-a-partir-de-jeudi\/204970\/","title":{"rendered":"Aid El Fitr : Arr\u00eat des cours \u00e0 partir de jeudi"},"content":{"rendered":"<p>Les minist\u00e8res de l&rsquo;Education, de l&rsquo;enseignement sup\u00e9rieur et de la recherche scientifique et celui de l&#8217;emploi et de la formation professionnelle, ont annonc\u00e9 l\u2019arr\u00eat des cours \u00e0 partir de jeudi 20 avril.<\/p>\n<p>\t\t\t\t\t\t\t\t\tLes trois minist\u00e8res ont annonc\u00e9, aujourd\u2019hui, dans un communiqu\u00e9 commun, un arr\u00eat des cours dans les diff\u00e9rents \u00e9tablissements universitaires, \u00e9ducatifs et de formation professionnelle et de l&#8217;emploi, et ce les 20, 21 et 22 avril 2023.<\/p>\n<p>L&rsquo;arr\u00eat des cours a \u00e9t\u00e9 d\u00e9cid\u00e9 \u00e0 l&rsquo;occasion de l\u2019Aid El Fitr.<\/p>\n","protected":false},"excerpt":{"rendered":"<p>Les minist\u00e8res de l&rsquo;Education, de l&rsquo;enseignement sup\u00e9rieur et de la recherche scientifique et celui de l&#8217;emploi et de la formation professionnelle, ont annonc\u00e9&#8230;<\/p>\n","protected":false},"author":3162,"featured_media":251388,"comment_status":"open","ping_status":"closed","sticky":false,"template":"","format":"standard","meta":{"footnotes":""},"categories":[44],"tags":[3420,4352],"class_list":["post-204970","post","type-post","status-publish","format-standard","has-post-thumbnail","hentry","category-national","tag-aid-el-fitr","tag-cours"],"yoast_head":"<!-- This site is optimized with the Yoast SEO Premium plugin v27.5 (Yoast SEO v27.5) - https:\/\/yoast.com\/product\/yoast-seo-premium-wordpress\/ -->\n<title>Aid El Fitr : Arr\u00eat des cours \u00e0 partir de jeudi<\/title>\n<meta name=\"description\" content=\"Les minist\u00e8res de l&#039;Education, de l&#039;enseignement sup\u00e9rieur et de la recherche scientifique et celui de l&#039;emploi et de la formation professionnelle, ont annonc\u00e9...\" \/>\n<link rel=\"canonical\" href=\"https:\/\/www.webdo.tn\/fr\/actualite\/national\/aid-el-fitr-arret-des-cours-a-partir-de-jeudi\/204970\/\" \/>\n<meta property=\"og:locale\" content=\"fr_FR\" \/>\n<meta property=\"og:type\" content=\"article\" \/>\n<meta property=\"og:title\" content=\"Aid El Fitr : Arr\u00eat des cours \u00e0 partir de jeudi\" \/>\n<meta property=\"og:description\" content=\"Les minist\u00e8res de l&#039;Education, de l&#039;enseignement sup\u00e9rieur et de la recherche scientifique et celui de l&#039;emploi et de la formation professionnelle, ont annonc\u00e9...\" \/>\n<meta property=\"og:url\" content=\"https:\/\/www.webdo.tn\/fr\/actualite\/national\/aid-el-fitr-arret-des-cours-a-partir-de-jeudi\/204970\/\" \/>\n<meta property=\"og:site_name\" content=\"webdo\" \/>\n<meta property=\"article:publisher\" content=\"https:\/\/www.facebook.com\/webdotn\" \/>\n<meta property=\"article:published_time\" content=\"2023-04-18T19:50:00+00:00\" \/>\n<meta property=\"article:modified_time\" content=\"2025-05-20T22:00:39+00:00\" \/>\n<meta property=\"og:image\" content=\"https:\/\/www.webdo.tn\/fr\/wp-content\/uploads\/2023\/04\/5f1dcb93a66c9535695885536e67a6c0.jpg\" \/>\n\t<meta property=\"og:image:width\" content=\"680\" \/>\n\t<meta property=\"og:image:height\" content=\"363\" \/>\n\t<meta property=\"og:image:type\" content=\"image\/jpeg\" \/>\n<meta name=\"author\" content=\"MC\" \/>\n<meta name=\"twitter:card\" content=\"summary_large_image\" \/>\n<meta name=\"twitter:creator\" content=\"@webdo_tn\" \/>\n<meta name=\"twitter:site\" content=\"@webdo_tn\" \/>\n<meta name=\"twitter:label1\" content=\"\u00c9crit par\" \/>\n\t<meta name=\"twitter:data1\" content=\"MC\" \/>\n<script type=\"application\/ld+json\" class=\"yoast-schema-graph\">{\"@context\":\"https:\\\/\\\/schema.org\",\"@graph\":[{\"@type\":\"NewsArticle\",\"@id\":\"https:\\\/\\\/www.webdo.tn\\\/fr\\\/actualite\\\/national\\\/aid-el-fitr-arret-des-cours-a-partir-de-jeudi\\\/204970\\\/#article\",\"isPartOf\":{\"@id\":\"https:\\\/\\\/www.webdo.tn\\\/fr\\\/actualite\\\/national\\\/aid-el-fitr-arret-des-cours-a-partir-de-jeudi\\\/204970\\\/\"},\"author\":{\"name\":\"MC\",\"@id\":\"https:\\\/\\\/www.webdo.tn\\\/fr\\\/#\\\/schema\\\/person\\\/2c4929cbf5a809e3bd38617c6ce150f6\"},\"headline\":\"Aid El Fitr : Arr\u00eat des cours \u00e0 partir de jeudi\",\"datePublished\":\"2023-04-18T19:50:00+00:00\",\"dateModified\":\"2025-05-20T22:00:39+00:00\",\"mainEntityOfPage\":{\"@id\":\"https:\\\/\\\/www.webdo.tn\\\/fr\\\/actualite\\\/national\\\/aid-el-fitr-arret-des-cours-a-partir-de-jeudi\\\/204970\\\/\"},\"wordCount\":100,\"commentCount\":0,\"publisher\":{\"@id\":\"https:\\\/\\\/www.webdo.tn\\\/fr\\\/#organization\"},\"image\":{\"@id\":\"https:\\\/\\\/www.webdo.tn\\\/fr\\\/actualite\\\/national\\\/aid-el-fitr-arret-des-cours-a-partir-de-jeudi\\\/204970\\\/#primaryimage\"},\"thumbnailUrl\":\"https:\\\/\\\/www.webdo.tn\\\/fr\\\/wp-content\\\/uploads\\\/2023\\\/04\\\/5f1dcb93a66c9535695885536e67a6c0.jpg\",\"keywords\":[\"A\u00efd-el-Fitr\",\"cours\"],\"articleSection\":[\"National\"],\"inLanguage\":\"fr-FR\"},{\"@type\":\"WebPage\",\"@id\":\"https:\\\/\\\/www.webdo.tn\\\/fr\\\/actualite\\\/national\\\/aid-el-fitr-arret-des-cours-a-partir-de-jeudi\\\/204970\\\/\",\"url\":\"https:\\\/\\\/www.webdo.tn\\\/fr\\\/actualite\\\/national\\\/aid-el-fitr-arret-des-cours-a-partir-de-jeudi\\\/204970\\\/\",\"name\":\"Aid El Fitr : Arr\u00eat des cours \u00e0 partir de jeudi\",\"isPartOf\":{\"@id\":\"https:\\\/\\\/www.webdo.tn\\\/fr\\\/#website\"},\"primaryImageOfPage\":{\"@id\":\"https:\\\/\\\/www.webdo.tn\\\/fr\\\/actualite\\\/national\\\/aid-el-fitr-arret-des-cours-a-partir-de-jeudi\\\/204970\\\/#primaryimage\"},\"image\":{\"@id\":\"https:\\\/\\\/www.webdo.tn\\\/fr\\\/actualite\\\/national\\\/aid-el-fitr-arret-des-cours-a-partir-de-jeudi\\\/204970\\\/#primaryimage\"},\"thumbnailUrl\":\"https:\\\/\\\/www.webdo.tn\\\/fr\\\/wp-content\\\/uploads\\\/2023\\\/04\\\/5f1dcb93a66c9535695885536e67a6c0.jpg\",\"datePublished\":\"2023-04-18T19:50:00+00:00\",\"dateModified\":\"2025-05-20T22:00:39+00:00\",\"description\":\"Les minist\u00e8res de l'Education, de l'enseignement sup\u00e9rieur et de la recherche scientifique et celui de l'emploi et de la formation professionnelle, ont annonc\u00e9...\",\"breadcrumb\":{\"@id\":\"https:\\\/\\\/www.webdo.tn\\\/fr\\\/actualite\\\/national\\\/aid-el-fitr-arret-des-cours-a-partir-de-jeudi\\\/204970\\\/#breadcrumb\"},\"inLanguage\":\"fr-FR\",\"potentialAction\":[{\"@type\":\"ReadAction\",\"target\":[\"https:\\\/\\\/www.webdo.tn\\\/fr\\\/actualite\\\/national\\\/aid-el-fitr-arret-des-cours-a-partir-de-jeudi\\\/204970\\\/\"]}]},{\"@type\":\"ImageObject\",\"inLanguage\":\"fr-FR\",\"@id\":\"https:\\\/\\\/www.webdo.tn\\\/fr\\\/actualite\\\/national\\\/aid-el-fitr-arret-des-cours-a-partir-de-jeudi\\\/204970\\\/#primaryimage\",\"url\":\"https:\\\/\\\/www.webdo.tn\\\/fr\\\/wp-content\\\/uploads\\\/2023\\\/04\\\/5f1dcb93a66c9535695885536e67a6c0.jpg\",\"contentUrl\":\"https:\\\/\\\/www.webdo.tn\\\/fr\\\/wp-content\\\/uploads\\\/2023\\\/04\\\/5f1dcb93a66c9535695885536e67a6c0.jpg\",\"width\":680,\"height\":363,\"caption\":\"Aid El Fitr : Arr\u00eat des cours \u00e0 partir de jeudi\"},{\"@type\":\"BreadcrumbList\",\"@id\":\"https:\\\/\\\/www.webdo.tn\\\/fr\\\/actualite\\\/national\\\/aid-el-fitr-arret-des-cours-a-partir-de-jeudi\\\/204970\\\/#breadcrumb\",\"itemListElement\":[{\"@type\":\"ListItem\",\"position\":1,\"name\":\"Accueil\",\"item\":\"https:\\\/\\\/www.webdo.tn\\\/fr\\\/\"},{\"@type\":\"ListItem\",\"position\":2,\"name\":\"Aid El Fitr : Arr\u00eat des cours \u00e0 partir de jeudi\"}]},{\"@type\":\"WebSite\",\"@id\":\"https:\\\/\\\/www.webdo.tn\\\/fr\\\/#website\",\"url\":\"https:\\\/\\\/www.webdo.tn\\\/fr\\\/\",\"name\":\"webdo\",\"description\":\"Tunisie - News en Tunisie et \u00e0 l&#039;international sur Webdo.tn\",\"publisher\":{\"@id\":\"https:\\\/\\\/www.webdo.tn\\\/fr\\\/#organization\"},\"potentialAction\":[{\"@type\":\"SearchAction\",\"target\":{\"@type\":\"EntryPoint\",\"urlTemplate\":\"https:\\\/\\\/www.webdo.tn\\\/fr\\\/?s={search_term_string}\"},\"query-input\":{\"@type\":\"PropertyValueSpecification\",\"valueRequired\":true,\"valueName\":\"search_term_string\"}}],\"inLanguage\":\"fr-FR\"},{\"@type\":\"Organization\",\"@id\":\"https:\\\/\\\/www.webdo.tn\\\/fr\\\/#organization\",\"name\":\"Webdo\",\"alternateName\":\"Webdo.tn\",\"url\":\"https:\\\/\\\/www.webdo.tn\\\/fr\\\/\",\"logo\":{\"@type\":\"ImageObject\",\"inLanguage\":\"fr-FR\",\"@id\":\"https:\\\/\\\/www.webdo.tn\\\/fr\\\/#\\\/schema\\\/logo\\\/image\\\/\",\"url\":\"https:\\\/\\\/www.webdo.tn\\\/fr\\\/wp-content\\\/uploads\\\/2025\\\/06\\\/Webdo-Tunisie_168377.jpg\",\"contentUrl\":\"https:\\\/\\\/www.webdo.tn\\\/fr\\\/wp-content\\\/uploads\\\/2025\\\/06\\\/Webdo-Tunisie_168377.jpg\",\"width\":301,\"height\":301,\"caption\":\"Webdo\"},\"image\":{\"@id\":\"https:\\\/\\\/www.webdo.tn\\\/fr\\\/#\\\/schema\\\/logo\\\/image\\\/\"},\"sameAs\":[\"https:\\\/\\\/www.facebook.com\\\/webdotn\",\"https:\\\/\\\/x.com\\\/webdo_tn\"],\"description\":\"Webdo est un m\u00e9dia num\u00e9rique tunisien fond\u00e9 en 2010, sp\u00e9cialis\u00e9 dans l\u2019actualit\u00e9 nationale et internationale, l\u2019\u00e9conomie, la soci\u00e9t\u00e9 et les analyses politiques. Le site s\u2019adresse \u00e0 un large public francophone et couvre l\u2019information tunisienne en temps r\u00e9el.\",\"email\":\"redac@webdo.tn\",\"legalName\":\"YNJ SARL\",\"foundingDate\":\"2010-09-06\",\"numberOfEmployees\":{\"@type\":\"QuantitativeValue\",\"minValue\":\"11\",\"maxValue\":\"50\"}},{\"@type\":\"Person\",\"@id\":\"https:\\\/\\\/www.webdo.tn\\\/fr\\\/#\\\/schema\\\/person\\\/2c4929cbf5a809e3bd38617c6ce150f6\",\"name\":\"MC\",\"image\":{\"@type\":\"ImageObject\",\"inLanguage\":\"fr-FR\",\"@id\":\"https:\\\/\\\/secure.gravatar.com\\\/avatar\\\/a545bbb6f84efdd5553dbbc2895e3ca8f1d12c5215e00a041c9670b54aa9b18a?s=96&d=mm&r=g\",\"url\":\"https:\\\/\\\/secure.gravatar.com\\\/avatar\\\/a545bbb6f84efdd5553dbbc2895e3ca8f1d12c5215e00a041c9670b54aa9b18a?s=96&d=mm&r=g\",\"contentUrl\":\"https:\\\/\\\/secure.gravatar.com\\\/avatar\\\/a545bbb6f84efdd5553dbbc2895e3ca8f1d12c5215e00a041c9670b54aa9b18a?s=96&d=mm&r=g\",\"caption\":\"MC\"},\"url\":\"https:\\\/\\\/www.webdo.tn\\\/fr\\\/actualite\\\/author\\\/mc\\\/\"}]}<\/script>\n<!-- \/ Yoast SEO Premium plugin. -->","yoast_head_json":{"title":"Aid El Fitr : Arr\u00eat des cours \u00e0 partir de jeudi","description":"Les minist\u00e8res de l'Education, de l'enseignement sup\u00e9rieur et de la recherche scientifique et celui de l'emploi et de la formation professionnelle, ont annonc\u00e9...","canonical":"https:\/\/www.webdo.tn\/fr\/actualite\/national\/aid-el-fitr-arret-des-cours-a-partir-de-jeudi\/204970\/","og_locale":"fr_FR","og_type":"article","og_title":"Aid El Fitr : Arr\u00eat des cours \u00e0 partir de jeudi","og_description":"Les minist\u00e8res de l'Education, de l'enseignement sup\u00e9rieur et de la recherche scientifique et celui de l'emploi et de la formation professionnelle, ont annonc\u00e9...","og_url":"https:\/\/www.webdo.tn\/fr\/actualite\/national\/aid-el-fitr-arret-des-cours-a-partir-de-jeudi\/204970\/","og_site_name":"webdo","article_publisher":"https:\/\/www.facebook.com\/webdotn","article_published_time":"2023-04-18T19:50:00+00:00","article_modified_time":"2025-05-20T22:00:39+00:00","og_image":[{"width":680,"height":363,"url":"https:\/\/www.webdo.tn\/fr\/wp-content\/uploads\/2023\/04\/5f1dcb93a66c9535695885536e67a6c0.jpg","type":"image\/jpeg"}],"author":"MC","twitter_card":"summary_large_image","twitter_creator":"@webdo_tn","twitter_site":"@webdo_tn","twitter_misc":{"\u00c9crit par":"MC"},"schema":{"@context":"https:\/\/schema.org","@graph":[{"@type":"NewsArticle","@id":"https:\/\/www.webdo.tn\/fr\/actualite\/national\/aid-el-fitr-arret-des-cours-a-partir-de-jeudi\/204970\/#article","isPartOf":{"@id":"https:\/\/www.webdo.tn\/fr\/actualite\/national\/aid-el-fitr-arret-des-cours-a-partir-de-jeudi\/204970\/"},"author":{"name":"MC","@id":"https:\/\/www.webdo.tn\/fr\/#\/schema\/person\/2c4929cbf5a809e3bd38617c6ce150f6"},"headline":"Aid El Fitr : Arr\u00eat des cours \u00e0 partir de jeudi","datePublished":"2023-04-18T19:50:00+00:00","dateModified":"2025-05-20T22:00:39+00:00","mainEntityOfPage":{"@id":"https:\/\/www.webdo.tn\/fr\/actualite\/national\/aid-el-fitr-arret-des-cours-a-partir-de-jeudi\/204970\/"},"wordCount":100,"commentCount":0,"publisher":{"@id":"https:\/\/www.webdo.tn\/fr\/#organization"},"image":{"@id":"https:\/\/www.webdo.tn\/fr\/actualite\/national\/aid-el-fitr-arret-des-cours-a-partir-de-jeudi\/204970\/#primaryimage"},"thumbnailUrl":"https:\/\/www.webdo.tn\/fr\/wp-content\/uploads\/2023\/04\/5f1dcb93a66c9535695885536e67a6c0.jpg","keywords":["A\u00efd-el-Fitr","cours"],"articleSection":["National"],"inLanguage":"fr-FR"},{"@type":"WebPage","@id":"https:\/\/www.webdo.tn\/fr\/actualite\/national\/aid-el-fitr-arret-des-cours-a-partir-de-jeudi\/204970\/","url":"https:\/\/www.webdo.tn\/fr\/actualite\/national\/aid-el-fitr-arret-des-cours-a-partir-de-jeudi\/204970\/","name":"Aid El Fitr : Arr\u00eat des cours \u00e0 partir de jeudi","isPartOf":{"@id":"https:\/\/www.webdo.tn\/fr\/#website"},"primaryImageOfPage":{"@id":"https:\/\/www.webdo.tn\/fr\/actualite\/national\/aid-el-fitr-arret-des-cours-a-partir-de-jeudi\/204970\/#primaryimage"},"image":{"@id":"https:\/\/www.webdo.tn\/fr\/actualite\/national\/aid-el-fitr-arret-des-cours-a-partir-de-jeudi\/204970\/#primaryimage"},"thumbnailUrl":"https:\/\/www.webdo.tn\/fr\/wp-content\/uploads\/2023\/04\/5f1dcb93a66c9535695885536e67a6c0.jpg","datePublished":"2023-04-18T19:50:00+00:00","dateModified":"2025-05-20T22:00:39+00:00","description":"Les minist\u00e8res de l'Education, de l'enseignement sup\u00e9rieur et de la recherche scientifique et celui de l'emploi et de la formation professionnelle, ont annonc\u00e9...","breadcrumb":{"@id":"https:\/\/www.webdo.tn\/fr\/actualite\/national\/aid-el-fitr-arret-des-cours-a-partir-de-jeudi\/204970\/#breadcrumb"},"inLanguage":"fr-FR","potentialAction":[{"@type":"ReadAction","target":["https:\/\/www.webdo.tn\/fr\/actualite\/national\/aid-el-fitr-arret-des-cours-a-partir-de-jeudi\/204970\/"]}]},{"@type":"ImageObject","inLanguage":"fr-FR","@id":"https:\/\/www.webdo.tn\/fr\/actualite\/national\/aid-el-fitr-arret-des-cours-a-partir-de-jeudi\/204970\/#primaryimage","url":"https:\/\/www.webdo.tn\/fr\/wp-content\/uploads\/2023\/04\/5f1dcb93a66c9535695885536e67a6c0.jpg","contentUrl":"https:\/\/www.webdo.tn\/fr\/wp-content\/uploads\/2023\/04\/5f1dcb93a66c9535695885536e67a6c0.jpg","width":680,"height":363,"caption":"Aid El Fitr : Arr\u00eat des cours \u00e0 partir de jeudi"},{"@type":"BreadcrumbList","@id":"https:\/\/www.webdo.tn\/fr\/actualite\/national\/aid-el-fitr-arret-des-cours-a-partir-de-jeudi\/204970\/#breadcrumb","itemListElement":[{"@type":"ListItem","position":1,"name":"Accueil","item":"https:\/\/www.webdo.tn\/fr\/"},{"@type":"ListItem","position":2,"name":"Aid El Fitr : Arr\u00eat des cours \u00e0 partir de jeudi"}]},{"@type":"WebSite","@id":"https:\/\/www.webdo.tn\/fr\/#website","url":"https:\/\/www.webdo.tn\/fr\/","name":"webdo","description":"Tunisie - News en Tunisie et \u00e0 l&#039;international sur Webdo.tn","publisher":{"@id":"https:\/\/www.webdo.tn\/fr\/#organization"},"potentialAction":[{"@type":"SearchAction","target":{"@type":"EntryPoint","urlTemplate":"https:\/\/www.webdo.tn\/fr\/?s={search_term_string}"},"query-input":{"@type":"PropertyValueSpecification","valueRequired":true,"valueName":"search_term_string"}}],"inLanguage":"fr-FR"},{"@type":"Organization","@id":"https:\/\/www.webdo.tn\/fr\/#organization","name":"Webdo","alternateName":"Webdo.tn","url":"https:\/\/www.webdo.tn\/fr\/","logo":{"@type":"ImageObject","inLanguage":"fr-FR","@id":"https:\/\/www.webdo.tn\/fr\/#\/schema\/logo\/image\/","url":"https:\/\/www.webdo.tn\/fr\/wp-content\/uploads\/2025\/06\/Webdo-Tunisie_168377.jpg","contentUrl":"https:\/\/www.webdo.tn\/fr\/wp-content\/uploads\/2025\/06\/Webdo-Tunisie_168377.jpg","width":301,"height":301,"caption":"Webdo"},"image":{"@id":"https:\/\/www.webdo.tn\/fr\/#\/schema\/logo\/image\/"},"sameAs":["https:\/\/www.facebook.com\/webdotn","https:\/\/x.com\/webdo_tn"],"description":"Webdo est un m\u00e9dia num\u00e9rique tunisien fond\u00e9 en 2010, sp\u00e9cialis\u00e9 dans l\u2019actualit\u00e9 nationale et internationale, l\u2019\u00e9conomie, la soci\u00e9t\u00e9 et les analyses politiques. Le site s\u2019adresse \u00e0 un large public francophone et couvre l\u2019information tunisienne en temps r\u00e9el.","email":"redac@webdo.tn","legalName":"YNJ SARL","foundingDate":"2010-09-06","numberOfEmployees":{"@type":"QuantitativeValue","minValue":"11","maxValue":"50"}},{"@type":"Person","@id":"https:\/\/www.webdo.tn\/fr\/#\/schema\/person\/2c4929cbf5a809e3bd38617c6ce150f6","name":"MC","image":{"@type":"ImageObject","inLanguage":"fr-FR","@id":"https:\/\/secure.gravatar.com\/avatar\/a545bbb6f84efdd5553dbbc2895e3ca8f1d12c5215e00a041c9670b54aa9b18a?s=96&d=mm&r=g","url":"https:\/\/secure.gravatar.com\/avatar\/a545bbb6f84efdd5553dbbc2895e3ca8f1d12c5215e00a041c9670b54aa9b18a?s=96&d=mm&r=g","contentUrl":"https:\/\/secure.gravatar.com\/avatar\/a545bbb6f84efdd5553dbbc2895e3ca8f1d12c5215e00a041c9670b54aa9b18a?s=96&d=mm&r=g","caption":"MC"},"url":"https:\/\/www.webdo.tn\/fr\/actualite\/author\/mc\/"}]}},"_links":{"self":[{"href":"https:\/\/www.webdo.tn\/fr\/wp-json\/wp\/v2\/posts\/204970","targetHints":{"allow":["GET"]}}],"collection":[{"href":"https:\/\/www.webdo.tn\/fr\/wp-json\/wp\/v2\/posts"}],"about":[{"href":"https:\/\/www.webdo.tn\/fr\/wp-json\/wp\/v2\/types\/post"}],"author":[{"embeddable":true,"href":"https:\/\/www.webdo.tn\/fr\/wp-json\/wp\/v2\/users\/3162"}],"replies":[{"embeddable":true,"href":"https:\/\/www.webdo.tn\/fr\/wp-json\/wp\/v2\/comments?post=204970"}],"version-history":[{"count":0,"href":"https:\/\/www.webdo.tn\/fr\/wp-json\/wp\/v2\/posts\/204970\/revisions"}],"wp:featuredmedia":[{"embeddable":true,"href":"https:\/\/www.webdo.tn\/fr\/wp-json\/wp\/v2\/media\/251388"}],"wp:attachment":[{"href":"https:\/\/www.webdo.tn\/fr\/wp-json\/wp\/v2\/media?parent=204970"}],"wp:term":[{"taxonomy":"category","embeddable":true,"href":"https:\/\/www.webdo.tn\/fr\/wp-json\/wp\/v2\/categories?post=204970"},{"taxonomy":"post_tag","embeddable":true,"href":"https:\/\/www.webdo.tn\/fr\/wp-json\/wp\/v2\/tags?post=204970"}],"curies":[{"name":"wp","href":"https:\/\/api.w.org\/{rel}","templated":true}]}}