{"id":204966,"date":"2023-04-18T14:38:00","date_gmt":"2023-04-18T14:38:00","guid":{"rendered":"https:\/\/www.webdo.tn\/fr\/blog\/banques-ouverture-des-guichets-a-l-occasion-de-l-aid-el-fitr\/204966\/"},"modified":"2025-05-20T22:44:06","modified_gmt":"2025-05-20T22:44:06","slug":"banques-ouverture-des-guichets-a-l-occasion-de-l-aid-el-fitr","status":"publish","type":"post","link":"https:\/\/www.webdo.tn\/fr\/actualite\/national\/banques-ouverture-des-guichets-a-l-occasion-de-l-aid-el-fitr\/204966\/","title":{"rendered":"Banques : Ouverture des guichets \u00e0 l\u2019occasion de l\u2019A\u00efd El Fitr"},"content":{"rendered":"<p>Les Banques assureront au public un service de caisse et de change manuel, le vendredi 21 Avril 2023, de 9 heures \u00e0 12 heures, dans le cas o\u00f9 le premier jour de la f\u00eate d\u2019A\u00efd El Fitr correspond au samedi 22 Avril, en vue de permettre le bon d\u00e9roulement des transactions \u00e0 l\u2019occasion du cong\u00e9 de cette f\u00eate, a annonc\u00e9 la Banque Centrale de Tunisie (BCT).<\/p>\n<p>\t\t\t\t\t\t\t\t\tDans un communiqu\u00e9 publi\u00e9 mardi, la BCT a ajout\u00e9 qu\u2019elle compte assurer, le m\u00eame jour, de 9 heures \u00e0 12 heures, un service de paiement \u00e0 son si\u00e8ge \u00e0 Tunis et dans ses succursales.<\/p>\n","protected":false},"excerpt":{"rendered":"<p>Les Banques assureront au public un service de caisse et de change manuel, le vendredi 21 Avril 2023, de 9 heures \u00e0 12 heures, dans le cas o\u00f9 le premier jour de&#8230;<\/p>\n","protected":false},"author":3175,"featured_media":251386,"comment_status":"open","ping_status":"closed","sticky":false,"template":"","format":"standard","meta":{"footnotes":""},"categories":[44],"tags":[3063,6329,2608],"class_list":["post-204966","post","type-post","status-publish","format-standard","has-post-thumbnail","hentry","category-national","tag-banques","tag-guichets","tag-tunisie"],"yoast_head":"<!-- This site is optimized with the Yoast SEO Premium plugin v27.5 (Yoast SEO v27.5) - https:\/\/yoast.com\/product\/yoast-seo-premium-wordpress\/ -->\n<title>Banques : Ouverture des guichets \u00e0 l\u2019occasion de l\u2019A\u00efd El Fitr<\/title>\n<meta name=\"description\" content=\"Les Banques assureront au public un service de caisse et de change manuel, le vendredi 21 Avril 2023, de 9 heures \u00e0 12 heures, dans le cas o\u00f9 le premier jour de...\" \/>\n<link rel=\"canonical\" href=\"https:\/\/www.webdo.tn\/fr\/actualite\/national\/banques-ouverture-des-guichets-a-l-occasion-de-l-aid-el-fitr\/204966\/\" \/>\n<meta property=\"og:locale\" content=\"fr_FR\" \/>\n<meta property=\"og:type\" content=\"article\" \/>\n<meta property=\"og:title\" content=\"Banques : Ouverture des guichets \u00e0 l\u2019occasion de l\u2019A\u00efd El Fitr\" \/>\n<meta property=\"og:description\" content=\"Les Banques assureront au public un service de caisse et de change manuel, le vendredi 21 Avril 2023, de 9 heures \u00e0 12 heures, dans le cas o\u00f9 le premier jour de...\" \/>\n<meta property=\"og:url\" content=\"https:\/\/www.webdo.tn\/fr\/actualite\/national\/banques-ouverture-des-guichets-a-l-occasion-de-l-aid-el-fitr\/204966\/\" \/>\n<meta property=\"og:site_name\" content=\"webdo\" \/>\n<meta property=\"article:publisher\" content=\"https:\/\/www.facebook.com\/webdotn\" \/>\n<meta property=\"article:published_time\" content=\"2023-04-18T14:38:00+00:00\" \/>\n<meta property=\"article:modified_time\" content=\"2025-05-20T22:44:06+00:00\" \/>\n<meta property=\"og:image\" content=\"https:\/\/www.webdo.tn\/fr\/wp-content\/uploads\/2023\/04\/e2af44e0d4324b96beee822b1e88146f.jpg\" \/>\n\t<meta property=\"og:image:width\" content=\"703\" \/>\n\t<meta property=\"og:image:height\" content=\"375\" \/>\n\t<meta property=\"og:image:type\" content=\"image\/jpeg\" \/>\n<meta name=\"author\" content=\"CL\" \/>\n<meta name=\"twitter:card\" content=\"summary_large_image\" \/>\n<meta name=\"twitter:creator\" content=\"@webdo_tn\" \/>\n<meta name=\"twitter:site\" content=\"@webdo_tn\" \/>\n<meta name=\"twitter:label1\" content=\"\u00c9crit par\" \/>\n\t<meta name=\"twitter:data1\" content=\"CL\" \/>\n<script type=\"application\/ld+json\" class=\"yoast-schema-graph\">{\"@context\":\"https:\\\/\\\/schema.org\",\"@graph\":[{\"@type\":\"NewsArticle\",\"@id\":\"https:\\\/\\\/www.webdo.tn\\\/fr\\\/actualite\\\/national\\\/banques-ouverture-des-guichets-a-l-occasion-de-l-aid-el-fitr\\\/204966\\\/#article\",\"isPartOf\":{\"@id\":\"https:\\\/\\\/www.webdo.tn\\\/fr\\\/actualite\\\/national\\\/banques-ouverture-des-guichets-a-l-occasion-de-l-aid-el-fitr\\\/204966\\\/\"},\"author\":{\"name\":\"CL\",\"@id\":\"https:\\\/\\\/www.webdo.tn\\\/fr\\\/#\\\/schema\\\/person\\\/f35b42a42c5e2511bbd282959d6385cc\"},\"headline\":\"Banques : Ouverture des guichets \u00e0 l\u2019occasion de l\u2019A\u00efd El Fitr\",\"datePublished\":\"2023-04-18T14:38:00+00:00\",\"dateModified\":\"2025-05-20T22:44:06+00:00\",\"mainEntityOfPage\":{\"@id\":\"https:\\\/\\\/www.webdo.tn\\\/fr\\\/actualite\\\/national\\\/banques-ouverture-des-guichets-a-l-occasion-de-l-aid-el-fitr\\\/204966\\\/\"},\"wordCount\":109,\"commentCount\":0,\"publisher\":{\"@id\":\"https:\\\/\\\/www.webdo.tn\\\/fr\\\/#organization\"},\"image\":{\"@id\":\"https:\\\/\\\/www.webdo.tn\\\/fr\\\/actualite\\\/national\\\/banques-ouverture-des-guichets-a-l-occasion-de-l-aid-el-fitr\\\/204966\\\/#primaryimage\"},\"thumbnailUrl\":\"https:\\\/\\\/www.webdo.tn\\\/fr\\\/wp-content\\\/uploads\\\/2023\\\/04\\\/e2af44e0d4324b96beee822b1e88146f.jpg\",\"keywords\":[\"Banques\",\"Guichets\",\"Tunisie\"],\"articleSection\":[\"National\"],\"inLanguage\":\"fr-FR\"},{\"@type\":\"WebPage\",\"@id\":\"https:\\\/\\\/www.webdo.tn\\\/fr\\\/actualite\\\/national\\\/banques-ouverture-des-guichets-a-l-occasion-de-l-aid-el-fitr\\\/204966\\\/\",\"url\":\"https:\\\/\\\/www.webdo.tn\\\/fr\\\/actualite\\\/national\\\/banques-ouverture-des-guichets-a-l-occasion-de-l-aid-el-fitr\\\/204966\\\/\",\"name\":\"Banques : Ouverture des guichets \u00e0 l\u2019occasion de l\u2019A\u00efd El Fitr\",\"isPartOf\":{\"@id\":\"https:\\\/\\\/www.webdo.tn\\\/fr\\\/#website\"},\"primaryImageOfPage\":{\"@id\":\"https:\\\/\\\/www.webdo.tn\\\/fr\\\/actualite\\\/national\\\/banques-ouverture-des-guichets-a-l-occasion-de-l-aid-el-fitr\\\/204966\\\/#primaryimage\"},\"image\":{\"@id\":\"https:\\\/\\\/www.webdo.tn\\\/fr\\\/actualite\\\/national\\\/banques-ouverture-des-guichets-a-l-occasion-de-l-aid-el-fitr\\\/204966\\\/#primaryimage\"},\"thumbnailUrl\":\"https:\\\/\\\/www.webdo.tn\\\/fr\\\/wp-content\\\/uploads\\\/2023\\\/04\\\/e2af44e0d4324b96beee822b1e88146f.jpg\",\"datePublished\":\"2023-04-18T14:38:00+00:00\",\"dateModified\":\"2025-05-20T22:44:06+00:00\",\"description\":\"Les Banques assureront au public un service de caisse et de change manuel, le vendredi 21 Avril 2023, de 9 heures \u00e0 12 heures, dans le cas o\u00f9 le premier jour de...\",\"breadcrumb\":{\"@id\":\"https:\\\/\\\/www.webdo.tn\\\/fr\\\/actualite\\\/national\\\/banques-ouverture-des-guichets-a-l-occasion-de-l-aid-el-fitr\\\/204966\\\/#breadcrumb\"},\"inLanguage\":\"fr-FR\",\"potentialAction\":[{\"@type\":\"ReadAction\",\"target\":[\"https:\\\/\\\/www.webdo.tn\\\/fr\\\/actualite\\\/national\\\/banques-ouverture-des-guichets-a-l-occasion-de-l-aid-el-fitr\\\/204966\\\/\"]}]},{\"@type\":\"ImageObject\",\"inLanguage\":\"fr-FR\",\"@id\":\"https:\\\/\\\/www.webdo.tn\\\/fr\\\/actualite\\\/national\\\/banques-ouverture-des-guichets-a-l-occasion-de-l-aid-el-fitr\\\/204966\\\/#primaryimage\",\"url\":\"https:\\\/\\\/www.webdo.tn\\\/fr\\\/wp-content\\\/uploads\\\/2023\\\/04\\\/e2af44e0d4324b96beee822b1e88146f.jpg\",\"contentUrl\":\"https:\\\/\\\/www.webdo.tn\\\/fr\\\/wp-content\\\/uploads\\\/2023\\\/04\\\/e2af44e0d4324b96beee822b1e88146f.jpg\",\"width\":703,\"height\":375,\"caption\":\"BCT\"},{\"@type\":\"BreadcrumbList\",\"@id\":\"https:\\\/\\\/www.webdo.tn\\\/fr\\\/actualite\\\/national\\\/banques-ouverture-des-guichets-a-l-occasion-de-l-aid-el-fitr\\\/204966\\\/#breadcrumb\",\"itemListElement\":[{\"@type\":\"ListItem\",\"position\":1,\"name\":\"Accueil\",\"item\":\"https:\\\/\\\/www.webdo.tn\\\/fr\\\/\"},{\"@type\":\"ListItem\",\"position\":2,\"name\":\"Banques : Ouverture des guichets \u00e0 l\u2019occasion de l\u2019A\u00efd El Fitr\"}]},{\"@type\":\"WebSite\",\"@id\":\"https:\\\/\\\/www.webdo.tn\\\/fr\\\/#website\",\"url\":\"https:\\\/\\\/www.webdo.tn\\\/fr\\\/\",\"name\":\"webdo\",\"description\":\"Tunisie - News en Tunisie et \u00e0 l&#039;international sur Webdo.tn\",\"publisher\":{\"@id\":\"https:\\\/\\\/www.webdo.tn\\\/fr\\\/#organization\"},\"potentialAction\":[{\"@type\":\"SearchAction\",\"target\":{\"@type\":\"EntryPoint\",\"urlTemplate\":\"https:\\\/\\\/www.webdo.tn\\\/fr\\\/?s={search_term_string}\"},\"query-input\":{\"@type\":\"PropertyValueSpecification\",\"valueRequired\":true,\"valueName\":\"search_term_string\"}}],\"inLanguage\":\"fr-FR\"},{\"@type\":\"Organization\",\"@id\":\"https:\\\/\\\/www.webdo.tn\\\/fr\\\/#organization\",\"name\":\"Webdo\",\"alternateName\":\"Webdo.tn\",\"url\":\"https:\\\/\\\/www.webdo.tn\\\/fr\\\/\",\"logo\":{\"@type\":\"ImageObject\",\"inLanguage\":\"fr-FR\",\"@id\":\"https:\\\/\\\/www.webdo.tn\\\/fr\\\/#\\\/schema\\\/logo\\\/image\\\/\",\"url\":\"https:\\\/\\\/www.webdo.tn\\\/fr\\\/wp-content\\\/uploads\\\/2025\\\/06\\\/Webdo-Tunisie_168377.jpg\",\"contentUrl\":\"https:\\\/\\\/www.webdo.tn\\\/fr\\\/wp-content\\\/uploads\\\/2025\\\/06\\\/Webdo-Tunisie_168377.jpg\",\"width\":301,\"height\":301,\"caption\":\"Webdo\"},\"image\":{\"@id\":\"https:\\\/\\\/www.webdo.tn\\\/fr\\\/#\\\/schema\\\/logo\\\/image\\\/\"},\"sameAs\":[\"https:\\\/\\\/www.facebook.com\\\/webdotn\",\"https:\\\/\\\/x.com\\\/webdo_tn\"],\"description\":\"Webdo est un m\u00e9dia num\u00e9rique tunisien fond\u00e9 en 2010, sp\u00e9cialis\u00e9 dans l\u2019actualit\u00e9 nationale et internationale, l\u2019\u00e9conomie, la soci\u00e9t\u00e9 et les analyses politiques. Le site s\u2019adresse \u00e0 un large public francophone et couvre l\u2019information tunisienne en temps r\u00e9el.\",\"email\":\"redac@webdo.tn\",\"legalName\":\"YNJ SARL\",\"foundingDate\":\"2010-09-06\",\"numberOfEmployees\":{\"@type\":\"QuantitativeValue\",\"minValue\":\"11\",\"maxValue\":\"50\"}},{\"@type\":\"Person\",\"@id\":\"https:\\\/\\\/www.webdo.tn\\\/fr\\\/#\\\/schema\\\/person\\\/f35b42a42c5e2511bbd282959d6385cc\",\"name\":\"CL\",\"image\":{\"@type\":\"ImageObject\",\"inLanguage\":\"fr-FR\",\"@id\":\"https:\\\/\\\/secure.gravatar.com\\\/avatar\\\/1447a49909b67aa657c488aec6512e1dd6143a480c1ecfee9b5b5cd74eb3b59e?s=96&d=mm&r=g\",\"url\":\"https:\\\/\\\/secure.gravatar.com\\\/avatar\\\/1447a49909b67aa657c488aec6512e1dd6143a480c1ecfee9b5b5cd74eb3b59e?s=96&d=mm&r=g\",\"contentUrl\":\"https:\\\/\\\/secure.gravatar.com\\\/avatar\\\/1447a49909b67aa657c488aec6512e1dd6143a480c1ecfee9b5b5cd74eb3b59e?s=96&d=mm&r=g\",\"caption\":\"CL\"},\"url\":\"https:\\\/\\\/www.webdo.tn\\\/fr\\\/actualite\\\/author\\\/cl\\\/\"}]}<\/script>\n<!-- \/ Yoast SEO Premium plugin. -->","yoast_head_json":{"title":"Banques : Ouverture des guichets \u00e0 l\u2019occasion de l\u2019A\u00efd El Fitr","description":"Les Banques assureront au public un service de caisse et de change manuel, le vendredi 21 Avril 2023, de 9 heures \u00e0 12 heures, dans le cas o\u00f9 le premier jour de...","canonical":"https:\/\/www.webdo.tn\/fr\/actualite\/national\/banques-ouverture-des-guichets-a-l-occasion-de-l-aid-el-fitr\/204966\/","og_locale":"fr_FR","og_type":"article","og_title":"Banques : Ouverture des guichets \u00e0 l\u2019occasion de l\u2019A\u00efd El Fitr","og_description":"Les Banques assureront au public un service de caisse et de change manuel, le vendredi 21 Avril 2023, de 9 heures \u00e0 12 heures, dans le cas o\u00f9 le premier jour de...","og_url":"https:\/\/www.webdo.tn\/fr\/actualite\/national\/banques-ouverture-des-guichets-a-l-occasion-de-l-aid-el-fitr\/204966\/","og_site_name":"webdo","article_publisher":"https:\/\/www.facebook.com\/webdotn","article_published_time":"2023-04-18T14:38:00+00:00","article_modified_time":"2025-05-20T22:44:06+00:00","og_image":[{"width":703,"height":375,"url":"https:\/\/www.webdo.tn\/fr\/wp-content\/uploads\/2023\/04\/e2af44e0d4324b96beee822b1e88146f.jpg","type":"image\/jpeg"}],"author":"CL","twitter_card":"summary_large_image","twitter_creator":"@webdo_tn","twitter_site":"@webdo_tn","twitter_misc":{"\u00c9crit par":"CL"},"schema":{"@context":"https:\/\/schema.org","@graph":[{"@type":"NewsArticle","@id":"https:\/\/www.webdo.tn\/fr\/actualite\/national\/banques-ouverture-des-guichets-a-l-occasion-de-l-aid-el-fitr\/204966\/#article","isPartOf":{"@id":"https:\/\/www.webdo.tn\/fr\/actualite\/national\/banques-ouverture-des-guichets-a-l-occasion-de-l-aid-el-fitr\/204966\/"},"author":{"name":"CL","@id":"https:\/\/www.webdo.tn\/fr\/#\/schema\/person\/f35b42a42c5e2511bbd282959d6385cc"},"headline":"Banques : Ouverture des guichets \u00e0 l\u2019occasion de l\u2019A\u00efd El Fitr","datePublished":"2023-04-18T14:38:00+00:00","dateModified":"2025-05-20T22:44:06+00:00","mainEntityOfPage":{"@id":"https:\/\/www.webdo.tn\/fr\/actualite\/national\/banques-ouverture-des-guichets-a-l-occasion-de-l-aid-el-fitr\/204966\/"},"wordCount":109,"commentCount":0,"publisher":{"@id":"https:\/\/www.webdo.tn\/fr\/#organization"},"image":{"@id":"https:\/\/www.webdo.tn\/fr\/actualite\/national\/banques-ouverture-des-guichets-a-l-occasion-de-l-aid-el-fitr\/204966\/#primaryimage"},"thumbnailUrl":"https:\/\/www.webdo.tn\/fr\/wp-content\/uploads\/2023\/04\/e2af44e0d4324b96beee822b1e88146f.jpg","keywords":["Banques","Guichets","Tunisie"],"articleSection":["National"],"inLanguage":"fr-FR"},{"@type":"WebPage","@id":"https:\/\/www.webdo.tn\/fr\/actualite\/national\/banques-ouverture-des-guichets-a-l-occasion-de-l-aid-el-fitr\/204966\/","url":"https:\/\/www.webdo.tn\/fr\/actualite\/national\/banques-ouverture-des-guichets-a-l-occasion-de-l-aid-el-fitr\/204966\/","name":"Banques : Ouverture des guichets \u00e0 l\u2019occasion de l\u2019A\u00efd El Fitr","isPartOf":{"@id":"https:\/\/www.webdo.tn\/fr\/#website"},"primaryImageOfPage":{"@id":"https:\/\/www.webdo.tn\/fr\/actualite\/national\/banques-ouverture-des-guichets-a-l-occasion-de-l-aid-el-fitr\/204966\/#primaryimage"},"image":{"@id":"https:\/\/www.webdo.tn\/fr\/actualite\/national\/banques-ouverture-des-guichets-a-l-occasion-de-l-aid-el-fitr\/204966\/#primaryimage"},"thumbnailUrl":"https:\/\/www.webdo.tn\/fr\/wp-content\/uploads\/2023\/04\/e2af44e0d4324b96beee822b1e88146f.jpg","datePublished":"2023-04-18T14:38:00+00:00","dateModified":"2025-05-20T22:44:06+00:00","description":"Les Banques assureront au public un service de caisse et de change manuel, le vendredi 21 Avril 2023, de 9 heures \u00e0 12 heures, dans le cas o\u00f9 le premier jour de...","breadcrumb":{"@id":"https:\/\/www.webdo.tn\/fr\/actualite\/national\/banques-ouverture-des-guichets-a-l-occasion-de-l-aid-el-fitr\/204966\/#breadcrumb"},"inLanguage":"fr-FR","potentialAction":[{"@type":"ReadAction","target":["https:\/\/www.webdo.tn\/fr\/actualite\/national\/banques-ouverture-des-guichets-a-l-occasion-de-l-aid-el-fitr\/204966\/"]}]},{"@type":"ImageObject","inLanguage":"fr-FR","@id":"https:\/\/www.webdo.tn\/fr\/actualite\/national\/banques-ouverture-des-guichets-a-l-occasion-de-l-aid-el-fitr\/204966\/#primaryimage","url":"https:\/\/www.webdo.tn\/fr\/wp-content\/uploads\/2023\/04\/e2af44e0d4324b96beee822b1e88146f.jpg","contentUrl":"https:\/\/www.webdo.tn\/fr\/wp-content\/uploads\/2023\/04\/e2af44e0d4324b96beee822b1e88146f.jpg","width":703,"height":375,"caption":"BCT"},{"@type":"BreadcrumbList","@id":"https:\/\/www.webdo.tn\/fr\/actualite\/national\/banques-ouverture-des-guichets-a-l-occasion-de-l-aid-el-fitr\/204966\/#breadcrumb","itemListElement":[{"@type":"ListItem","position":1,"name":"Accueil","item":"https:\/\/www.webdo.tn\/fr\/"},{"@type":"ListItem","position":2,"name":"Banques : Ouverture des guichets \u00e0 l\u2019occasion de l\u2019A\u00efd El Fitr"}]},{"@type":"WebSite","@id":"https:\/\/www.webdo.tn\/fr\/#website","url":"https:\/\/www.webdo.tn\/fr\/","name":"webdo","description":"Tunisie - News en Tunisie et \u00e0 l&#039;international sur Webdo.tn","publisher":{"@id":"https:\/\/www.webdo.tn\/fr\/#organization"},"potentialAction":[{"@type":"SearchAction","target":{"@type":"EntryPoint","urlTemplate":"https:\/\/www.webdo.tn\/fr\/?s={search_term_string}"},"query-input":{"@type":"PropertyValueSpecification","valueRequired":true,"valueName":"search_term_string"}}],"inLanguage":"fr-FR"},{"@type":"Organization","@id":"https:\/\/www.webdo.tn\/fr\/#organization","name":"Webdo","alternateName":"Webdo.tn","url":"https:\/\/www.webdo.tn\/fr\/","logo":{"@type":"ImageObject","inLanguage":"fr-FR","@id":"https:\/\/www.webdo.tn\/fr\/#\/schema\/logo\/image\/","url":"https:\/\/www.webdo.tn\/fr\/wp-content\/uploads\/2025\/06\/Webdo-Tunisie_168377.jpg","contentUrl":"https:\/\/www.webdo.tn\/fr\/wp-content\/uploads\/2025\/06\/Webdo-Tunisie_168377.jpg","width":301,"height":301,"caption":"Webdo"},"image":{"@id":"https:\/\/www.webdo.tn\/fr\/#\/schema\/logo\/image\/"},"sameAs":["https:\/\/www.facebook.com\/webdotn","https:\/\/x.com\/webdo_tn"],"description":"Webdo est un m\u00e9dia num\u00e9rique tunisien fond\u00e9 en 2010, sp\u00e9cialis\u00e9 dans l\u2019actualit\u00e9 nationale et internationale, l\u2019\u00e9conomie, la soci\u00e9t\u00e9 et les analyses politiques. Le site s\u2019adresse \u00e0 un large public francophone et couvre l\u2019information tunisienne en temps r\u00e9el.","email":"redac@webdo.tn","legalName":"YNJ SARL","foundingDate":"2010-09-06","numberOfEmployees":{"@type":"QuantitativeValue","minValue":"11","maxValue":"50"}},{"@type":"Person","@id":"https:\/\/www.webdo.tn\/fr\/#\/schema\/person\/f35b42a42c5e2511bbd282959d6385cc","name":"CL","image":{"@type":"ImageObject","inLanguage":"fr-FR","@id":"https:\/\/secure.gravatar.com\/avatar\/1447a49909b67aa657c488aec6512e1dd6143a480c1ecfee9b5b5cd74eb3b59e?s=96&d=mm&r=g","url":"https:\/\/secure.gravatar.com\/avatar\/1447a49909b67aa657c488aec6512e1dd6143a480c1ecfee9b5b5cd74eb3b59e?s=96&d=mm&r=g","contentUrl":"https:\/\/secure.gravatar.com\/avatar\/1447a49909b67aa657c488aec6512e1dd6143a480c1ecfee9b5b5cd74eb3b59e?s=96&d=mm&r=g","caption":"CL"},"url":"https:\/\/www.webdo.tn\/fr\/actualite\/author\/cl\/"}]}},"_links":{"self":[{"href":"https:\/\/www.webdo.tn\/fr\/wp-json\/wp\/v2\/posts\/204966","targetHints":{"allow":["GET"]}}],"collection":[{"href":"https:\/\/www.webdo.tn\/fr\/wp-json\/wp\/v2\/posts"}],"about":[{"href":"https:\/\/www.webdo.tn\/fr\/wp-json\/wp\/v2\/types\/post"}],"author":[{"embeddable":true,"href":"https:\/\/www.webdo.tn\/fr\/wp-json\/wp\/v2\/users\/3175"}],"replies":[{"embeddable":true,"href":"https:\/\/www.webdo.tn\/fr\/wp-json\/wp\/v2\/comments?post=204966"}],"version-history":[{"count":0,"href":"https:\/\/www.webdo.tn\/fr\/wp-json\/wp\/v2\/posts\/204966\/revisions"}],"wp:featuredmedia":[{"embeddable":true,"href":"https:\/\/www.webdo.tn\/fr\/wp-json\/wp\/v2\/media\/251386"}],"wp:attachment":[{"href":"https:\/\/www.webdo.tn\/fr\/wp-json\/wp\/v2\/media?parent=204966"}],"wp:term":[{"taxonomy":"category","embeddable":true,"href":"https:\/\/www.webdo.tn\/fr\/wp-json\/wp\/v2\/categories?post=204966"},{"taxonomy":"post_tag","embeddable":true,"href":"https:\/\/www.webdo.tn\/fr\/wp-json\/wp\/v2\/tags?post=204966"}],"curies":[{"name":"wp","href":"https:\/\/api.w.org\/{rel}","templated":true}]}}