{"id":204960,"date":"2023-04-18T13:11:00","date_gmt":"2023-04-18T13:11:00","guid":{"rendered":"https:\/\/www.webdo.tn\/fr\/blog\/saied-la-justice-doit-jouer-son-role-dans-cette-phase-delicate\/204960\/"},"modified":"2025-05-20T22:44:04","modified_gmt":"2025-05-20T22:44:04","slug":"saied-la-justice-doit-jouer-son-role-dans-cette-phase-delicate","status":"publish","type":"post","link":"https:\/\/www.webdo.tn\/fr\/actualite\/national\/saied-la-justice-doit-jouer-son-role-dans-cette-phase-delicate\/204960\/","title":{"rendered":"Saied : \u00ab La Justice doit jouer son r\u00f4le dans cette phase d\u00e9licate \u00bb"},"content":{"rendered":"<p>Le chef de l\u2019Etat a fait allusion \u00e0 l\u2019arrestation de Rached Ghannouchi en \u00e9voquant une phase d\u00e9licate que traverse la Tunisie et en encourageant encore une fois la justice \u00e0 jouer son r\u00f4le.<\/p>\n<p>Lors d\u2019un discours prononc\u00e9 ce mardi 18 avril 2023 \u00e0 l\u2019occasion du 67 anniversaires des forces de la s\u00e9curit\u00e9 int\u00e9rieure, le chef de l\u2019Etat a appel\u00e9 la justice \u00e0 jouer son r\u00f4le et \u00e0 assumer ses responsabilit\u00e9s pour r\u00e9pondre aux aspirations des Tunisiens.\u00a0<\/p>\n<p>Pour le chef de l\u2019Etat, les Tunisiens ont fait preuve de conscience et de patience et \u00e9taient confiants que les corrompus allaient \u00eatre jug\u00e9s.\u00a0<\/p>\n<p>\u00ab Ils font tout pour entraver le processus entam\u00e9 par le peuple tunisien \u00bb, a-t-il d\u00e9nonc\u00e9.\u00a0<\/p>\n<p>Ces declarations interviennent juste apr\u00e8s l\u2019arrestation du chef du parti Ennahdha Rached Ghannouchi, qui avait tenu de propos \u00e9voquant une guerre civile en Tunisie.<\/p>\n","protected":false},"excerpt":{"rendered":"<p>Le chef de l\u2019Etat a fait allusion \u00e0 l\u2019arrestation de Rached Ghannouchi en \u00e9voquant une phase d\u00e9licate que traverse la Tunisie et en encourageant encore une fois&#8230;<\/p>\n","protected":false},"author":3175,"featured_media":251383,"comment_status":"open","ping_status":"closed","sticky":false,"template":"","format":"standard","meta":{"footnotes":""},"categories":[44],"tags":[4127,2614,2608],"class_list":["post-204960","post","type-post","status-publish","format-standard","has-post-thumbnail","hentry","category-national","tag-ghannouchi","tag-kais-saied","tag-tunisie"],"yoast_head":"<!-- This site is optimized with the Yoast SEO Premium plugin v27.4 (Yoast SEO v27.4) - https:\/\/yoast.com\/product\/yoast-seo-premium-wordpress\/ -->\n<title>Saied : \u00ab La Justice doit jouer son r\u00f4le dans cette phase d\u00e9licate \u00bb<\/title>\n<meta name=\"description\" content=\"Le chef de l\u2019Etat a fait allusion \u00e0 l\u2019arrestation de Rached Ghannouchi en \u00e9voquant une phase d\u00e9licate que traverse la Tunisie et en encourageant encore une fois...\" \/>\n<link rel=\"canonical\" href=\"https:\/\/www.webdo.tn\/fr\/actualite\/national\/saied-la-justice-doit-jouer-son-role-dans-cette-phase-delicate\/204960\/\" \/>\n<meta property=\"og:locale\" content=\"fr_FR\" \/>\n<meta property=\"og:type\" content=\"article\" \/>\n<meta property=\"og:title\" content=\"Saied : \u00ab La Justice doit jouer son r\u00f4le dans cette phase d\u00e9licate \u00bb\" \/>\n<meta property=\"og:description\" content=\"Le chef de l\u2019Etat a fait allusion \u00e0 l\u2019arrestation de Rached Ghannouchi en \u00e9voquant une phase d\u00e9licate que traverse la Tunisie et en encourageant encore une fois...\" \/>\n<meta property=\"og:url\" content=\"https:\/\/www.webdo.tn\/fr\/actualite\/national\/saied-la-justice-doit-jouer-son-role-dans-cette-phase-delicate\/204960\/\" \/>\n<meta property=\"og:site_name\" content=\"webdo\" \/>\n<meta property=\"article:publisher\" content=\"https:\/\/www.facebook.com\/webdotn\" \/>\n<meta property=\"article:published_time\" content=\"2023-04-18T13:11:00+00:00\" \/>\n<meta property=\"article:modified_time\" content=\"2025-05-20T22:44:04+00:00\" \/>\n<meta property=\"og:image\" content=\"https:\/\/www.webdo.tn\/fr\/wp-content\/uploads\/2023\/04\/4bba120b621e531259b943fa6fca54a0.jpg\" \/>\n\t<meta property=\"og:image:width\" content=\"645\" \/>\n\t<meta property=\"og:image:height\" content=\"344\" \/>\n\t<meta property=\"og:image:type\" content=\"image\/jpeg\" \/>\n<meta name=\"author\" content=\"CL\" \/>\n<meta name=\"twitter:card\" content=\"summary_large_image\" \/>\n<meta name=\"twitter:creator\" content=\"@webdo_tn\" \/>\n<meta name=\"twitter:site\" content=\"@webdo_tn\" \/>\n<meta name=\"twitter:label1\" content=\"\u00c9crit par\" \/>\n\t<meta name=\"twitter:data1\" content=\"CL\" \/>\n\t<meta name=\"twitter:label2\" content=\"Dur\u00e9e de lecture estim\u00e9e\" \/>\n\t<meta name=\"twitter:data2\" content=\"1 minute\" \/>\n<script type=\"application\/ld+json\" class=\"yoast-schema-graph\">{\"@context\":\"https:\\\/\\\/schema.org\",\"@graph\":[{\"@type\":\"NewsArticle\",\"@id\":\"https:\\\/\\\/www.webdo.tn\\\/fr\\\/actualite\\\/national\\\/saied-la-justice-doit-jouer-son-role-dans-cette-phase-delicate\\\/204960\\\/#article\",\"isPartOf\":{\"@id\":\"https:\\\/\\\/www.webdo.tn\\\/fr\\\/actualite\\\/national\\\/saied-la-justice-doit-jouer-son-role-dans-cette-phase-delicate\\\/204960\\\/\"},\"author\":{\"name\":\"CL\",\"@id\":\"https:\\\/\\\/www.webdo.tn\\\/fr\\\/#\\\/schema\\\/person\\\/f35b42a42c5e2511bbd282959d6385cc\"},\"headline\":\"Saied : \u00ab La Justice doit jouer son r\u00f4le dans cette phase d\u00e9licate \u00bb\",\"datePublished\":\"2023-04-18T13:11:00+00:00\",\"dateModified\":\"2025-05-20T22:44:04+00:00\",\"mainEntityOfPage\":{\"@id\":\"https:\\\/\\\/www.webdo.tn\\\/fr\\\/actualite\\\/national\\\/saied-la-justice-doit-jouer-son-role-dans-cette-phase-delicate\\\/204960\\\/\"},\"wordCount\":160,\"commentCount\":0,\"publisher\":{\"@id\":\"https:\\\/\\\/www.webdo.tn\\\/fr\\\/#organization\"},\"image\":{\"@id\":\"https:\\\/\\\/www.webdo.tn\\\/fr\\\/actualite\\\/national\\\/saied-la-justice-doit-jouer-son-role-dans-cette-phase-delicate\\\/204960\\\/#primaryimage\"},\"thumbnailUrl\":\"https:\\\/\\\/www.webdo.tn\\\/fr\\\/wp-content\\\/uploads\\\/2023\\\/04\\\/4bba120b621e531259b943fa6fca54a0.jpg\",\"keywords\":[\"Ghannouchi\",\"Kais Saied\",\"Tunisie\"],\"articleSection\":[\"National\"],\"inLanguage\":\"fr-FR\"},{\"@type\":\"WebPage\",\"@id\":\"https:\\\/\\\/www.webdo.tn\\\/fr\\\/actualite\\\/national\\\/saied-la-justice-doit-jouer-son-role-dans-cette-phase-delicate\\\/204960\\\/\",\"url\":\"https:\\\/\\\/www.webdo.tn\\\/fr\\\/actualite\\\/national\\\/saied-la-justice-doit-jouer-son-role-dans-cette-phase-delicate\\\/204960\\\/\",\"name\":\"Saied : \u00ab La Justice doit jouer son r\u00f4le dans cette phase d\u00e9licate \u00bb\",\"isPartOf\":{\"@id\":\"https:\\\/\\\/www.webdo.tn\\\/fr\\\/#website\"},\"primaryImageOfPage\":{\"@id\":\"https:\\\/\\\/www.webdo.tn\\\/fr\\\/actualite\\\/national\\\/saied-la-justice-doit-jouer-son-role-dans-cette-phase-delicate\\\/204960\\\/#primaryimage\"},\"image\":{\"@id\":\"https:\\\/\\\/www.webdo.tn\\\/fr\\\/actualite\\\/national\\\/saied-la-justice-doit-jouer-son-role-dans-cette-phase-delicate\\\/204960\\\/#primaryimage\"},\"thumbnailUrl\":\"https:\\\/\\\/www.webdo.tn\\\/fr\\\/wp-content\\\/uploads\\\/2023\\\/04\\\/4bba120b621e531259b943fa6fca54a0.jpg\",\"datePublished\":\"2023-04-18T13:11:00+00:00\",\"dateModified\":\"2025-05-20T22:44:04+00:00\",\"description\":\"Le chef de l\u2019Etat a fait allusion \u00e0 l\u2019arrestation de Rached Ghannouchi en \u00e9voquant une phase d\u00e9licate que traverse la Tunisie et en encourageant encore une fois...\",\"breadcrumb\":{\"@id\":\"https:\\\/\\\/www.webdo.tn\\\/fr\\\/actualite\\\/national\\\/saied-la-justice-doit-jouer-son-role-dans-cette-phase-delicate\\\/204960\\\/#breadcrumb\"},\"inLanguage\":\"fr-FR\",\"potentialAction\":[{\"@type\":\"ReadAction\",\"target\":[\"https:\\\/\\\/www.webdo.tn\\\/fr\\\/actualite\\\/national\\\/saied-la-justice-doit-jouer-son-role-dans-cette-phase-delicate\\\/204960\\\/\"]}]},{\"@type\":\"ImageObject\",\"inLanguage\":\"fr-FR\",\"@id\":\"https:\\\/\\\/www.webdo.tn\\\/fr\\\/actualite\\\/national\\\/saied-la-justice-doit-jouer-son-role-dans-cette-phase-delicate\\\/204960\\\/#primaryimage\",\"url\":\"https:\\\/\\\/www.webdo.tn\\\/fr\\\/wp-content\\\/uploads\\\/2023\\\/04\\\/4bba120b621e531259b943fa6fca54a0.jpg\",\"contentUrl\":\"https:\\\/\\\/www.webdo.tn\\\/fr\\\/wp-content\\\/uploads\\\/2023\\\/04\\\/4bba120b621e531259b943fa6fca54a0.jpg\",\"width\":645,\"height\":344,\"caption\":\"Kais Saied\"},{\"@type\":\"BreadcrumbList\",\"@id\":\"https:\\\/\\\/www.webdo.tn\\\/fr\\\/actualite\\\/national\\\/saied-la-justice-doit-jouer-son-role-dans-cette-phase-delicate\\\/204960\\\/#breadcrumb\",\"itemListElement\":[{\"@type\":\"ListItem\",\"position\":1,\"name\":\"Accueil\",\"item\":\"https:\\\/\\\/www.webdo.tn\\\/fr\\\/\"},{\"@type\":\"ListItem\",\"position\":2,\"name\":\"Saied : \u00ab La Justice doit jouer son r\u00f4le dans cette phase d\u00e9licate \u00bb\"}]},{\"@type\":\"WebSite\",\"@id\":\"https:\\\/\\\/www.webdo.tn\\\/fr\\\/#website\",\"url\":\"https:\\\/\\\/www.webdo.tn\\\/fr\\\/\",\"name\":\"webdo\",\"description\":\"Tunisie - News en Tunisie et \u00e0 l&#039;international sur Webdo.tn\",\"publisher\":{\"@id\":\"https:\\\/\\\/www.webdo.tn\\\/fr\\\/#organization\"},\"potentialAction\":[{\"@type\":\"SearchAction\",\"target\":{\"@type\":\"EntryPoint\",\"urlTemplate\":\"https:\\\/\\\/www.webdo.tn\\\/fr\\\/?s={search_term_string}\"},\"query-input\":{\"@type\":\"PropertyValueSpecification\",\"valueRequired\":true,\"valueName\":\"search_term_string\"}}],\"inLanguage\":\"fr-FR\"},{\"@type\":\"Organization\",\"@id\":\"https:\\\/\\\/www.webdo.tn\\\/fr\\\/#organization\",\"name\":\"Webdo\",\"alternateName\":\"Webdo.tn\",\"url\":\"https:\\\/\\\/www.webdo.tn\\\/fr\\\/\",\"logo\":{\"@type\":\"ImageObject\",\"inLanguage\":\"fr-FR\",\"@id\":\"https:\\\/\\\/www.webdo.tn\\\/fr\\\/#\\\/schema\\\/logo\\\/image\\\/\",\"url\":\"https:\\\/\\\/www.webdo.tn\\\/fr\\\/wp-content\\\/uploads\\\/2025\\\/06\\\/Webdo-Tunisie_168377.jpg\",\"contentUrl\":\"https:\\\/\\\/www.webdo.tn\\\/fr\\\/wp-content\\\/uploads\\\/2025\\\/06\\\/Webdo-Tunisie_168377.jpg\",\"width\":301,\"height\":301,\"caption\":\"Webdo\"},\"image\":{\"@id\":\"https:\\\/\\\/www.webdo.tn\\\/fr\\\/#\\\/schema\\\/logo\\\/image\\\/\"},\"sameAs\":[\"https:\\\/\\\/www.facebook.com\\\/webdotn\",\"https:\\\/\\\/x.com\\\/webdo_tn\"],\"description\":\"Webdo est un m\u00e9dia num\u00e9rique tunisien fond\u00e9 en 2010, sp\u00e9cialis\u00e9 dans l\u2019actualit\u00e9 nationale et internationale, l\u2019\u00e9conomie, la soci\u00e9t\u00e9 et les analyses politiques. Le site s\u2019adresse \u00e0 un large public francophone et couvre l\u2019information tunisienne en temps r\u00e9el.\",\"email\":\"redac@webdo.tn\",\"legalName\":\"YNJ SARL\",\"foundingDate\":\"2010-09-06\",\"numberOfEmployees\":{\"@type\":\"QuantitativeValue\",\"minValue\":\"11\",\"maxValue\":\"50\"}},{\"@type\":\"Person\",\"@id\":\"https:\\\/\\\/www.webdo.tn\\\/fr\\\/#\\\/schema\\\/person\\\/f35b42a42c5e2511bbd282959d6385cc\",\"name\":\"CL\",\"image\":{\"@type\":\"ImageObject\",\"inLanguage\":\"fr-FR\",\"@id\":\"https:\\\/\\\/secure.gravatar.com\\\/avatar\\\/1447a49909b67aa657c488aec6512e1dd6143a480c1ecfee9b5b5cd74eb3b59e?s=96&d=mm&r=g\",\"url\":\"https:\\\/\\\/secure.gravatar.com\\\/avatar\\\/1447a49909b67aa657c488aec6512e1dd6143a480c1ecfee9b5b5cd74eb3b59e?s=96&d=mm&r=g\",\"contentUrl\":\"https:\\\/\\\/secure.gravatar.com\\\/avatar\\\/1447a49909b67aa657c488aec6512e1dd6143a480c1ecfee9b5b5cd74eb3b59e?s=96&d=mm&r=g\",\"caption\":\"CL\"},\"url\":\"https:\\\/\\\/www.webdo.tn\\\/fr\\\/actualite\\\/author\\\/cl\\\/\"}]}<\/script>\n<!-- \/ Yoast SEO Premium plugin. -->","yoast_head_json":{"title":"Saied : \u00ab La Justice doit jouer son r\u00f4le dans cette phase d\u00e9licate \u00bb","description":"Le chef de l\u2019Etat a fait allusion \u00e0 l\u2019arrestation de Rached Ghannouchi en \u00e9voquant une phase d\u00e9licate que traverse la Tunisie et en encourageant encore une fois...","canonical":"https:\/\/www.webdo.tn\/fr\/actualite\/national\/saied-la-justice-doit-jouer-son-role-dans-cette-phase-delicate\/204960\/","og_locale":"fr_FR","og_type":"article","og_title":"Saied : \u00ab La Justice doit jouer son r\u00f4le dans cette phase d\u00e9licate \u00bb","og_description":"Le chef de l\u2019Etat a fait allusion \u00e0 l\u2019arrestation de Rached Ghannouchi en \u00e9voquant une phase d\u00e9licate que traverse la Tunisie et en encourageant encore une fois...","og_url":"https:\/\/www.webdo.tn\/fr\/actualite\/national\/saied-la-justice-doit-jouer-son-role-dans-cette-phase-delicate\/204960\/","og_site_name":"webdo","article_publisher":"https:\/\/www.facebook.com\/webdotn","article_published_time":"2023-04-18T13:11:00+00:00","article_modified_time":"2025-05-20T22:44:04+00:00","og_image":[{"width":645,"height":344,"url":"https:\/\/www.webdo.tn\/fr\/wp-content\/uploads\/2023\/04\/4bba120b621e531259b943fa6fca54a0.jpg","type":"image\/jpeg"}],"author":"CL","twitter_card":"summary_large_image","twitter_creator":"@webdo_tn","twitter_site":"@webdo_tn","twitter_misc":{"\u00c9crit par":"CL","Dur\u00e9e de lecture estim\u00e9e":"1 minute"},"schema":{"@context":"https:\/\/schema.org","@graph":[{"@type":"NewsArticle","@id":"https:\/\/www.webdo.tn\/fr\/actualite\/national\/saied-la-justice-doit-jouer-son-role-dans-cette-phase-delicate\/204960\/#article","isPartOf":{"@id":"https:\/\/www.webdo.tn\/fr\/actualite\/national\/saied-la-justice-doit-jouer-son-role-dans-cette-phase-delicate\/204960\/"},"author":{"name":"CL","@id":"https:\/\/www.webdo.tn\/fr\/#\/schema\/person\/f35b42a42c5e2511bbd282959d6385cc"},"headline":"Saied : \u00ab La Justice doit jouer son r\u00f4le dans cette phase d\u00e9licate \u00bb","datePublished":"2023-04-18T13:11:00+00:00","dateModified":"2025-05-20T22:44:04+00:00","mainEntityOfPage":{"@id":"https:\/\/www.webdo.tn\/fr\/actualite\/national\/saied-la-justice-doit-jouer-son-role-dans-cette-phase-delicate\/204960\/"},"wordCount":160,"commentCount":0,"publisher":{"@id":"https:\/\/www.webdo.tn\/fr\/#organization"},"image":{"@id":"https:\/\/www.webdo.tn\/fr\/actualite\/national\/saied-la-justice-doit-jouer-son-role-dans-cette-phase-delicate\/204960\/#primaryimage"},"thumbnailUrl":"https:\/\/www.webdo.tn\/fr\/wp-content\/uploads\/2023\/04\/4bba120b621e531259b943fa6fca54a0.jpg","keywords":["Ghannouchi","Kais Saied","Tunisie"],"articleSection":["National"],"inLanguage":"fr-FR"},{"@type":"WebPage","@id":"https:\/\/www.webdo.tn\/fr\/actualite\/national\/saied-la-justice-doit-jouer-son-role-dans-cette-phase-delicate\/204960\/","url":"https:\/\/www.webdo.tn\/fr\/actualite\/national\/saied-la-justice-doit-jouer-son-role-dans-cette-phase-delicate\/204960\/","name":"Saied : \u00ab La Justice doit jouer son r\u00f4le dans cette phase d\u00e9licate \u00bb","isPartOf":{"@id":"https:\/\/www.webdo.tn\/fr\/#website"},"primaryImageOfPage":{"@id":"https:\/\/www.webdo.tn\/fr\/actualite\/national\/saied-la-justice-doit-jouer-son-role-dans-cette-phase-delicate\/204960\/#primaryimage"},"image":{"@id":"https:\/\/www.webdo.tn\/fr\/actualite\/national\/saied-la-justice-doit-jouer-son-role-dans-cette-phase-delicate\/204960\/#primaryimage"},"thumbnailUrl":"https:\/\/www.webdo.tn\/fr\/wp-content\/uploads\/2023\/04\/4bba120b621e531259b943fa6fca54a0.jpg","datePublished":"2023-04-18T13:11:00+00:00","dateModified":"2025-05-20T22:44:04+00:00","description":"Le chef de l\u2019Etat a fait allusion \u00e0 l\u2019arrestation de Rached Ghannouchi en \u00e9voquant une phase d\u00e9licate que traverse la Tunisie et en encourageant encore une fois...","breadcrumb":{"@id":"https:\/\/www.webdo.tn\/fr\/actualite\/national\/saied-la-justice-doit-jouer-son-role-dans-cette-phase-delicate\/204960\/#breadcrumb"},"inLanguage":"fr-FR","potentialAction":[{"@type":"ReadAction","target":["https:\/\/www.webdo.tn\/fr\/actualite\/national\/saied-la-justice-doit-jouer-son-role-dans-cette-phase-delicate\/204960\/"]}]},{"@type":"ImageObject","inLanguage":"fr-FR","@id":"https:\/\/www.webdo.tn\/fr\/actualite\/national\/saied-la-justice-doit-jouer-son-role-dans-cette-phase-delicate\/204960\/#primaryimage","url":"https:\/\/www.webdo.tn\/fr\/wp-content\/uploads\/2023\/04\/4bba120b621e531259b943fa6fca54a0.jpg","contentUrl":"https:\/\/www.webdo.tn\/fr\/wp-content\/uploads\/2023\/04\/4bba120b621e531259b943fa6fca54a0.jpg","width":645,"height":344,"caption":"Kais Saied"},{"@type":"BreadcrumbList","@id":"https:\/\/www.webdo.tn\/fr\/actualite\/national\/saied-la-justice-doit-jouer-son-role-dans-cette-phase-delicate\/204960\/#breadcrumb","itemListElement":[{"@type":"ListItem","position":1,"name":"Accueil","item":"https:\/\/www.webdo.tn\/fr\/"},{"@type":"ListItem","position":2,"name":"Saied : \u00ab La Justice doit jouer son r\u00f4le dans cette phase d\u00e9licate \u00bb"}]},{"@type":"WebSite","@id":"https:\/\/www.webdo.tn\/fr\/#website","url":"https:\/\/www.webdo.tn\/fr\/","name":"webdo","description":"Tunisie - News en Tunisie et \u00e0 l&#039;international sur Webdo.tn","publisher":{"@id":"https:\/\/www.webdo.tn\/fr\/#organization"},"potentialAction":[{"@type":"SearchAction","target":{"@type":"EntryPoint","urlTemplate":"https:\/\/www.webdo.tn\/fr\/?s={search_term_string}"},"query-input":{"@type":"PropertyValueSpecification","valueRequired":true,"valueName":"search_term_string"}}],"inLanguage":"fr-FR"},{"@type":"Organization","@id":"https:\/\/www.webdo.tn\/fr\/#organization","name":"Webdo","alternateName":"Webdo.tn","url":"https:\/\/www.webdo.tn\/fr\/","logo":{"@type":"ImageObject","inLanguage":"fr-FR","@id":"https:\/\/www.webdo.tn\/fr\/#\/schema\/logo\/image\/","url":"https:\/\/www.webdo.tn\/fr\/wp-content\/uploads\/2025\/06\/Webdo-Tunisie_168377.jpg","contentUrl":"https:\/\/www.webdo.tn\/fr\/wp-content\/uploads\/2025\/06\/Webdo-Tunisie_168377.jpg","width":301,"height":301,"caption":"Webdo"},"image":{"@id":"https:\/\/www.webdo.tn\/fr\/#\/schema\/logo\/image\/"},"sameAs":["https:\/\/www.facebook.com\/webdotn","https:\/\/x.com\/webdo_tn"],"description":"Webdo est un m\u00e9dia num\u00e9rique tunisien fond\u00e9 en 2010, sp\u00e9cialis\u00e9 dans l\u2019actualit\u00e9 nationale et internationale, l\u2019\u00e9conomie, la soci\u00e9t\u00e9 et les analyses politiques. Le site s\u2019adresse \u00e0 un large public francophone et couvre l\u2019information tunisienne en temps r\u00e9el.","email":"redac@webdo.tn","legalName":"YNJ SARL","foundingDate":"2010-09-06","numberOfEmployees":{"@type":"QuantitativeValue","minValue":"11","maxValue":"50"}},{"@type":"Person","@id":"https:\/\/www.webdo.tn\/fr\/#\/schema\/person\/f35b42a42c5e2511bbd282959d6385cc","name":"CL","image":{"@type":"ImageObject","inLanguage":"fr-FR","@id":"https:\/\/secure.gravatar.com\/avatar\/1447a49909b67aa657c488aec6512e1dd6143a480c1ecfee9b5b5cd74eb3b59e?s=96&d=mm&r=g","url":"https:\/\/secure.gravatar.com\/avatar\/1447a49909b67aa657c488aec6512e1dd6143a480c1ecfee9b5b5cd74eb3b59e?s=96&d=mm&r=g","contentUrl":"https:\/\/secure.gravatar.com\/avatar\/1447a49909b67aa657c488aec6512e1dd6143a480c1ecfee9b5b5cd74eb3b59e?s=96&d=mm&r=g","caption":"CL"},"url":"https:\/\/www.webdo.tn\/fr\/actualite\/author\/cl\/"}]}},"_links":{"self":[{"href":"https:\/\/www.webdo.tn\/fr\/wp-json\/wp\/v2\/posts\/204960","targetHints":{"allow":["GET"]}}],"collection":[{"href":"https:\/\/www.webdo.tn\/fr\/wp-json\/wp\/v2\/posts"}],"about":[{"href":"https:\/\/www.webdo.tn\/fr\/wp-json\/wp\/v2\/types\/post"}],"author":[{"embeddable":true,"href":"https:\/\/www.webdo.tn\/fr\/wp-json\/wp\/v2\/users\/3175"}],"replies":[{"embeddable":true,"href":"https:\/\/www.webdo.tn\/fr\/wp-json\/wp\/v2\/comments?post=204960"}],"version-history":[{"count":0,"href":"https:\/\/www.webdo.tn\/fr\/wp-json\/wp\/v2\/posts\/204960\/revisions"}],"wp:featuredmedia":[{"embeddable":true,"href":"https:\/\/www.webdo.tn\/fr\/wp-json\/wp\/v2\/media\/251383"}],"wp:attachment":[{"href":"https:\/\/www.webdo.tn\/fr\/wp-json\/wp\/v2\/media?parent=204960"}],"wp:term":[{"taxonomy":"category","embeddable":true,"href":"https:\/\/www.webdo.tn\/fr\/wp-json\/wp\/v2\/categories?post=204960"},{"taxonomy":"post_tag","embeddable":true,"href":"https:\/\/www.webdo.tn\/fr\/wp-json\/wp\/v2\/tags?post=204960"}],"curies":[{"name":"wp","href":"https:\/\/api.w.org\/{rel}","templated":true}]}}