{"id":204957,"date":"2023-04-18T12:20:00","date_gmt":"2023-04-18T12:20:00","guid":{"rendered":"https:\/\/www.webdo.tn\/fr\/blog\/les-bureaux-d-ennahdha-sur-l-ensemble-du-territoire-fermes-par-les-autorites\/204957\/"},"modified":"2025-05-20T22:00:38","modified_gmt":"2025-05-20T22:00:38","slug":"les-bureaux-d-ennahdha-sur-l-ensemble-du-territoire-fermes-par-les-autorites","status":"publish","type":"post","link":"https:\/\/www.webdo.tn\/fr\/actualite\/national\/les-bureaux-d-ennahdha-sur-l-ensemble-du-territoire-fermes-par-les-autorites\/204957\/","title":{"rendered":"Les bureaux d&rsquo;Ennahdha sur l\u2019ensemble du territoire, ferm\u00e9s par les autorit\u00e9s"},"content":{"rendered":"<p>Tous les si\u00e8ges et bureaux du mouvement Ennahdha \u00e0 travers tout le pays ont \u00e9t\u00e9 ferm\u00e9s par les autorit\u00e9s, ce mardi 18 avril 2023, et ce, au lendemain de l&rsquo;arrestation du pr\u00e9sident du mouvement islamiste, Rached Ghannouchi.<\/p>\n<p>\t\t\t\t\t\t\t\t\tSelon la d\u00e9claration du responsable au sein du mouvement Ennahdha, Riadh Chaibi \u00e0 l\u2019AFP \u00ab\u00a0la police a ferm\u00e9 le si\u00e8ge principal du parti \u00e0 Tunis, mais aussi tous les autres bureaux du parti partout ailleurs dans le pays et interdit toute r\u00e9union dans ces locaux\u00a0\u00bb.<\/p>\n<p>Il a pr\u00e9cis\u00e9 que deux autres responsables d&rsquo;Ennahdha, Mohamed Goumani et Belgacem Hassan ont \u00e9galement \u00e9t\u00e9 arr\u00eat\u00e9s lundi soir.<\/p>\n<p>Alors que tous les bureaux d\u2019Ennahdha ont \u00e9t\u00e9 ferm\u00e9s, une conf\u00e9rence de presse du pr\u00e9sident Front de salut national (FSN), Ahmed Nejib Chebbi, a \u00e9t\u00e9 interdite aujourd\u2019hui, mardi 18 avril alors que ce dernier s&rsquo;appr\u00eatait \u00e0 r\u00e9agir \u00e0 l&rsquo;arrestation de Rached Ghannouchi.<\/p>\n<p>L\u2019arrestation de Rached Ghannouchi, hier soir, intervient apr\u00e8s des d\u00e9clarations dans lesquelles il a affirm\u00e9 ce weekend que la Tunisie serait menac\u00e9e d&rsquo;une \u00ab\u00a0guerre civile\u00a0\u00bb si l&rsquo;islam politique y \u00e9tait \u00e9limin\u00e9.<\/p>\n","protected":false},"excerpt":{"rendered":"<p>Tous les si\u00e8ges et bureaux du mouvement Ennahdha \u00e0 travers tout le pays ont \u00e9t\u00e9 ferm\u00e9s par les autorit\u00e9s, ce mardi 18 avril 2023, et ce, au lendemain de l&rsquo;arres&#8230;<\/p>\n","protected":false},"author":3162,"featured_media":251381,"comment_status":"open","ping_status":"closed","sticky":false,"template":"","format":"standard","meta":{"footnotes":""},"categories":[44],"tags":[3057,5644,6586],"class_list":["post-204957","post","type-post","status-publish","format-standard","has-post-thumbnail","hentry","category-national","tag-ennahdha","tag-rached-ghannouchi","tag-siege"],"yoast_head":"<!-- This site is optimized with the Yoast SEO Premium plugin v27.5 (Yoast SEO v27.5) - https:\/\/yoast.com\/product\/yoast-seo-premium-wordpress\/ -->\n<title>Les bureaux d&#039;Ennahdha sur l\u2019ensemble du territoire, ferm\u00e9s par les autorit\u00e9s<\/title>\n<meta name=\"description\" content=\"Tous les si\u00e8ges et bureaux du mouvement Ennahdha \u00e0 travers tout le pays ont \u00e9t\u00e9 ferm\u00e9s par les autorit\u00e9s, ce mardi 18 avril 2023, et ce, au lendemain de l&#039;arres...\" \/>\n<link rel=\"canonical\" href=\"https:\/\/www.webdo.tn\/fr\/actualite\/national\/les-bureaux-d-ennahdha-sur-l-ensemble-du-territoire-fermes-par-les-autorites\/204957\/\" \/>\n<meta property=\"og:locale\" content=\"fr_FR\" \/>\n<meta property=\"og:type\" content=\"article\" \/>\n<meta property=\"og:title\" content=\"Les bureaux d&#039;Ennahdha sur l\u2019ensemble du territoire, ferm\u00e9s par les autorit\u00e9s\" \/>\n<meta property=\"og:description\" content=\"Tous les si\u00e8ges et bureaux du mouvement Ennahdha \u00e0 travers tout le pays ont \u00e9t\u00e9 ferm\u00e9s par les autorit\u00e9s, ce mardi 18 avril 2023, et ce, au lendemain de l&#039;arres...\" \/>\n<meta property=\"og:url\" content=\"https:\/\/www.webdo.tn\/fr\/actualite\/national\/les-bureaux-d-ennahdha-sur-l-ensemble-du-territoire-fermes-par-les-autorites\/204957\/\" \/>\n<meta property=\"og:site_name\" content=\"webdo\" \/>\n<meta property=\"article:publisher\" content=\"https:\/\/www.facebook.com\/webdotn\" \/>\n<meta property=\"article:published_time\" content=\"2023-04-18T12:20:00+00:00\" \/>\n<meta property=\"article:modified_time\" content=\"2025-05-20T22:00:38+00:00\" \/>\n<meta property=\"og:image\" content=\"https:\/\/www.webdo.tn\/fr\/wp-content\/uploads\/2023\/04\/45c2fb606be8e9199399a7f7e5c31b57.jpeg\" \/>\n\t<meta property=\"og:image:width\" content=\"750\" \/>\n\t<meta property=\"og:image:height\" content=\"400\" \/>\n\t<meta property=\"og:image:type\" content=\"image\/jpeg\" \/>\n<meta name=\"author\" content=\"MC\" \/>\n<meta name=\"twitter:card\" content=\"summary_large_image\" \/>\n<meta name=\"twitter:creator\" content=\"@webdo_tn\" \/>\n<meta name=\"twitter:site\" content=\"@webdo_tn\" \/>\n<meta name=\"twitter:label1\" content=\"\u00c9crit par\" \/>\n\t<meta name=\"twitter:data1\" content=\"MC\" \/>\n\t<meta name=\"twitter:label2\" content=\"Dur\u00e9e de lecture estim\u00e9e\" \/>\n\t<meta name=\"twitter:data2\" content=\"1 minute\" \/>\n<script type=\"application\/ld+json\" class=\"yoast-schema-graph\">{\"@context\":\"https:\\\/\\\/schema.org\",\"@graph\":[{\"@type\":\"NewsArticle\",\"@id\":\"https:\\\/\\\/www.webdo.tn\\\/fr\\\/actualite\\\/national\\\/les-bureaux-d-ennahdha-sur-l-ensemble-du-territoire-fermes-par-les-autorites\\\/204957\\\/#article\",\"isPartOf\":{\"@id\":\"https:\\\/\\\/www.webdo.tn\\\/fr\\\/actualite\\\/national\\\/les-bureaux-d-ennahdha-sur-l-ensemble-du-territoire-fermes-par-les-autorites\\\/204957\\\/\"},\"author\":{\"name\":\"MC\",\"@id\":\"https:\\\/\\\/www.webdo.tn\\\/fr\\\/#\\\/schema\\\/person\\\/2c4929cbf5a809e3bd38617c6ce150f6\"},\"headline\":\"Les bureaux d&rsquo;Ennahdha sur l\u2019ensemble du territoire, ferm\u00e9s par les autorit\u00e9s\",\"datePublished\":\"2023-04-18T12:20:00+00:00\",\"dateModified\":\"2025-05-20T22:00:38+00:00\",\"mainEntityOfPage\":{\"@id\":\"https:\\\/\\\/www.webdo.tn\\\/fr\\\/actualite\\\/national\\\/les-bureaux-d-ennahdha-sur-l-ensemble-du-territoire-fermes-par-les-autorites\\\/204957\\\/\"},\"wordCount\":209,\"commentCount\":0,\"publisher\":{\"@id\":\"https:\\\/\\\/www.webdo.tn\\\/fr\\\/#organization\"},\"image\":{\"@id\":\"https:\\\/\\\/www.webdo.tn\\\/fr\\\/actualite\\\/national\\\/les-bureaux-d-ennahdha-sur-l-ensemble-du-territoire-fermes-par-les-autorites\\\/204957\\\/#primaryimage\"},\"thumbnailUrl\":\"https:\\\/\\\/www.webdo.tn\\\/fr\\\/wp-content\\\/uploads\\\/2023\\\/04\\\/45c2fb606be8e9199399a7f7e5c31b57.jpeg\",\"keywords\":[\"Ennahdha\",\"Rached Ghannouchi\",\"Si\u00e8ge\"],\"articleSection\":[\"National\"],\"inLanguage\":\"fr-FR\"},{\"@type\":\"WebPage\",\"@id\":\"https:\\\/\\\/www.webdo.tn\\\/fr\\\/actualite\\\/national\\\/les-bureaux-d-ennahdha-sur-l-ensemble-du-territoire-fermes-par-les-autorites\\\/204957\\\/\",\"url\":\"https:\\\/\\\/www.webdo.tn\\\/fr\\\/actualite\\\/national\\\/les-bureaux-d-ennahdha-sur-l-ensemble-du-territoire-fermes-par-les-autorites\\\/204957\\\/\",\"name\":\"Les bureaux d'Ennahdha sur l\u2019ensemble du territoire, ferm\u00e9s par les autorit\u00e9s\",\"isPartOf\":{\"@id\":\"https:\\\/\\\/www.webdo.tn\\\/fr\\\/#website\"},\"primaryImageOfPage\":{\"@id\":\"https:\\\/\\\/www.webdo.tn\\\/fr\\\/actualite\\\/national\\\/les-bureaux-d-ennahdha-sur-l-ensemble-du-territoire-fermes-par-les-autorites\\\/204957\\\/#primaryimage\"},\"image\":{\"@id\":\"https:\\\/\\\/www.webdo.tn\\\/fr\\\/actualite\\\/national\\\/les-bureaux-d-ennahdha-sur-l-ensemble-du-territoire-fermes-par-les-autorites\\\/204957\\\/#primaryimage\"},\"thumbnailUrl\":\"https:\\\/\\\/www.webdo.tn\\\/fr\\\/wp-content\\\/uploads\\\/2023\\\/04\\\/45c2fb606be8e9199399a7f7e5c31b57.jpeg\",\"datePublished\":\"2023-04-18T12:20:00+00:00\",\"dateModified\":\"2025-05-20T22:00:38+00:00\",\"description\":\"Tous les si\u00e8ges et bureaux du mouvement Ennahdha \u00e0 travers tout le pays ont \u00e9t\u00e9 ferm\u00e9s par les autorit\u00e9s, ce mardi 18 avril 2023, et ce, au lendemain de l'arres...\",\"breadcrumb\":{\"@id\":\"https:\\\/\\\/www.webdo.tn\\\/fr\\\/actualite\\\/national\\\/les-bureaux-d-ennahdha-sur-l-ensemble-du-territoire-fermes-par-les-autorites\\\/204957\\\/#breadcrumb\"},\"inLanguage\":\"fr-FR\",\"potentialAction\":[{\"@type\":\"ReadAction\",\"target\":[\"https:\\\/\\\/www.webdo.tn\\\/fr\\\/actualite\\\/national\\\/les-bureaux-d-ennahdha-sur-l-ensemble-du-territoire-fermes-par-les-autorites\\\/204957\\\/\"]}]},{\"@type\":\"ImageObject\",\"inLanguage\":\"fr-FR\",\"@id\":\"https:\\\/\\\/www.webdo.tn\\\/fr\\\/actualite\\\/national\\\/les-bureaux-d-ennahdha-sur-l-ensemble-du-territoire-fermes-par-les-autorites\\\/204957\\\/#primaryimage\",\"url\":\"https:\\\/\\\/www.webdo.tn\\\/fr\\\/wp-content\\\/uploads\\\/2023\\\/04\\\/45c2fb606be8e9199399a7f7e5c31b57.jpeg\",\"contentUrl\":\"https:\\\/\\\/www.webdo.tn\\\/fr\\\/wp-content\\\/uploads\\\/2023\\\/04\\\/45c2fb606be8e9199399a7f7e5c31b57.jpeg\",\"width\":750,\"height\":400,\"caption\":\"Le si\u00e8ge d'Ennahdha, le 18 avril 2023. Photo REUTERS\"},{\"@type\":\"BreadcrumbList\",\"@id\":\"https:\\\/\\\/www.webdo.tn\\\/fr\\\/actualite\\\/national\\\/les-bureaux-d-ennahdha-sur-l-ensemble-du-territoire-fermes-par-les-autorites\\\/204957\\\/#breadcrumb\",\"itemListElement\":[{\"@type\":\"ListItem\",\"position\":1,\"name\":\"Accueil\",\"item\":\"https:\\\/\\\/www.webdo.tn\\\/fr\\\/\"},{\"@type\":\"ListItem\",\"position\":2,\"name\":\"Les bureaux d&#8217;Ennahdha sur l\u2019ensemble du territoire, ferm\u00e9s par les autorit\u00e9s\"}]},{\"@type\":\"WebSite\",\"@id\":\"https:\\\/\\\/www.webdo.tn\\\/fr\\\/#website\",\"url\":\"https:\\\/\\\/www.webdo.tn\\\/fr\\\/\",\"name\":\"webdo\",\"description\":\"Tunisie - News en Tunisie et \u00e0 l&#039;international sur Webdo.tn\",\"publisher\":{\"@id\":\"https:\\\/\\\/www.webdo.tn\\\/fr\\\/#organization\"},\"potentialAction\":[{\"@type\":\"SearchAction\",\"target\":{\"@type\":\"EntryPoint\",\"urlTemplate\":\"https:\\\/\\\/www.webdo.tn\\\/fr\\\/?s={search_term_string}\"},\"query-input\":{\"@type\":\"PropertyValueSpecification\",\"valueRequired\":true,\"valueName\":\"search_term_string\"}}],\"inLanguage\":\"fr-FR\"},{\"@type\":\"Organization\",\"@id\":\"https:\\\/\\\/www.webdo.tn\\\/fr\\\/#organization\",\"name\":\"Webdo\",\"alternateName\":\"Webdo.tn\",\"url\":\"https:\\\/\\\/www.webdo.tn\\\/fr\\\/\",\"logo\":{\"@type\":\"ImageObject\",\"inLanguage\":\"fr-FR\",\"@id\":\"https:\\\/\\\/www.webdo.tn\\\/fr\\\/#\\\/schema\\\/logo\\\/image\\\/\",\"url\":\"https:\\\/\\\/www.webdo.tn\\\/fr\\\/wp-content\\\/uploads\\\/2025\\\/06\\\/Webdo-Tunisie_168377.jpg\",\"contentUrl\":\"https:\\\/\\\/www.webdo.tn\\\/fr\\\/wp-content\\\/uploads\\\/2025\\\/06\\\/Webdo-Tunisie_168377.jpg\",\"width\":301,\"height\":301,\"caption\":\"Webdo\"},\"image\":{\"@id\":\"https:\\\/\\\/www.webdo.tn\\\/fr\\\/#\\\/schema\\\/logo\\\/image\\\/\"},\"sameAs\":[\"https:\\\/\\\/www.facebook.com\\\/webdotn\",\"https:\\\/\\\/x.com\\\/webdo_tn\"],\"description\":\"Webdo est un m\u00e9dia num\u00e9rique tunisien fond\u00e9 en 2010, sp\u00e9cialis\u00e9 dans l\u2019actualit\u00e9 nationale et internationale, l\u2019\u00e9conomie, la soci\u00e9t\u00e9 et les analyses politiques. Le site s\u2019adresse \u00e0 un large public francophone et couvre l\u2019information tunisienne en temps r\u00e9el.\",\"email\":\"redac@webdo.tn\",\"legalName\":\"YNJ SARL\",\"foundingDate\":\"2010-09-06\",\"numberOfEmployees\":{\"@type\":\"QuantitativeValue\",\"minValue\":\"11\",\"maxValue\":\"50\"}},{\"@type\":\"Person\",\"@id\":\"https:\\\/\\\/www.webdo.tn\\\/fr\\\/#\\\/schema\\\/person\\\/2c4929cbf5a809e3bd38617c6ce150f6\",\"name\":\"MC\",\"image\":{\"@type\":\"ImageObject\",\"inLanguage\":\"fr-FR\",\"@id\":\"https:\\\/\\\/secure.gravatar.com\\\/avatar\\\/a545bbb6f84efdd5553dbbc2895e3ca8f1d12c5215e00a041c9670b54aa9b18a?s=96&d=mm&r=g\",\"url\":\"https:\\\/\\\/secure.gravatar.com\\\/avatar\\\/a545bbb6f84efdd5553dbbc2895e3ca8f1d12c5215e00a041c9670b54aa9b18a?s=96&d=mm&r=g\",\"contentUrl\":\"https:\\\/\\\/secure.gravatar.com\\\/avatar\\\/a545bbb6f84efdd5553dbbc2895e3ca8f1d12c5215e00a041c9670b54aa9b18a?s=96&d=mm&r=g\",\"caption\":\"MC\"},\"url\":\"https:\\\/\\\/www.webdo.tn\\\/fr\\\/actualite\\\/author\\\/mc\\\/\"}]}<\/script>\n<!-- \/ Yoast SEO Premium plugin. -->","yoast_head_json":{"title":"Les bureaux d'Ennahdha sur l\u2019ensemble du territoire, ferm\u00e9s par les autorit\u00e9s","description":"Tous les si\u00e8ges et bureaux du mouvement Ennahdha \u00e0 travers tout le pays ont \u00e9t\u00e9 ferm\u00e9s par les autorit\u00e9s, ce mardi 18 avril 2023, et ce, au lendemain de l'arres...","canonical":"https:\/\/www.webdo.tn\/fr\/actualite\/national\/les-bureaux-d-ennahdha-sur-l-ensemble-du-territoire-fermes-par-les-autorites\/204957\/","og_locale":"fr_FR","og_type":"article","og_title":"Les bureaux d'Ennahdha sur l\u2019ensemble du territoire, ferm\u00e9s par les autorit\u00e9s","og_description":"Tous les si\u00e8ges et bureaux du mouvement Ennahdha \u00e0 travers tout le pays ont \u00e9t\u00e9 ferm\u00e9s par les autorit\u00e9s, ce mardi 18 avril 2023, et ce, au lendemain de l'arres...","og_url":"https:\/\/www.webdo.tn\/fr\/actualite\/national\/les-bureaux-d-ennahdha-sur-l-ensemble-du-territoire-fermes-par-les-autorites\/204957\/","og_site_name":"webdo","article_publisher":"https:\/\/www.facebook.com\/webdotn","article_published_time":"2023-04-18T12:20:00+00:00","article_modified_time":"2025-05-20T22:00:38+00:00","og_image":[{"width":750,"height":400,"url":"https:\/\/www.webdo.tn\/fr\/wp-content\/uploads\/2023\/04\/45c2fb606be8e9199399a7f7e5c31b57.jpeg","type":"image\/jpeg"}],"author":"MC","twitter_card":"summary_large_image","twitter_creator":"@webdo_tn","twitter_site":"@webdo_tn","twitter_misc":{"\u00c9crit par":"MC","Dur\u00e9e de lecture estim\u00e9e":"1 minute"},"schema":{"@context":"https:\/\/schema.org","@graph":[{"@type":"NewsArticle","@id":"https:\/\/www.webdo.tn\/fr\/actualite\/national\/les-bureaux-d-ennahdha-sur-l-ensemble-du-territoire-fermes-par-les-autorites\/204957\/#article","isPartOf":{"@id":"https:\/\/www.webdo.tn\/fr\/actualite\/national\/les-bureaux-d-ennahdha-sur-l-ensemble-du-territoire-fermes-par-les-autorites\/204957\/"},"author":{"name":"MC","@id":"https:\/\/www.webdo.tn\/fr\/#\/schema\/person\/2c4929cbf5a809e3bd38617c6ce150f6"},"headline":"Les bureaux d&rsquo;Ennahdha sur l\u2019ensemble du territoire, ferm\u00e9s par les autorit\u00e9s","datePublished":"2023-04-18T12:20:00+00:00","dateModified":"2025-05-20T22:00:38+00:00","mainEntityOfPage":{"@id":"https:\/\/www.webdo.tn\/fr\/actualite\/national\/les-bureaux-d-ennahdha-sur-l-ensemble-du-territoire-fermes-par-les-autorites\/204957\/"},"wordCount":209,"commentCount":0,"publisher":{"@id":"https:\/\/www.webdo.tn\/fr\/#organization"},"image":{"@id":"https:\/\/www.webdo.tn\/fr\/actualite\/national\/les-bureaux-d-ennahdha-sur-l-ensemble-du-territoire-fermes-par-les-autorites\/204957\/#primaryimage"},"thumbnailUrl":"https:\/\/www.webdo.tn\/fr\/wp-content\/uploads\/2023\/04\/45c2fb606be8e9199399a7f7e5c31b57.jpeg","keywords":["Ennahdha","Rached Ghannouchi","Si\u00e8ge"],"articleSection":["National"],"inLanguage":"fr-FR"},{"@type":"WebPage","@id":"https:\/\/www.webdo.tn\/fr\/actualite\/national\/les-bureaux-d-ennahdha-sur-l-ensemble-du-territoire-fermes-par-les-autorites\/204957\/","url":"https:\/\/www.webdo.tn\/fr\/actualite\/national\/les-bureaux-d-ennahdha-sur-l-ensemble-du-territoire-fermes-par-les-autorites\/204957\/","name":"Les bureaux d'Ennahdha sur l\u2019ensemble du territoire, ferm\u00e9s par les autorit\u00e9s","isPartOf":{"@id":"https:\/\/www.webdo.tn\/fr\/#website"},"primaryImageOfPage":{"@id":"https:\/\/www.webdo.tn\/fr\/actualite\/national\/les-bureaux-d-ennahdha-sur-l-ensemble-du-territoire-fermes-par-les-autorites\/204957\/#primaryimage"},"image":{"@id":"https:\/\/www.webdo.tn\/fr\/actualite\/national\/les-bureaux-d-ennahdha-sur-l-ensemble-du-territoire-fermes-par-les-autorites\/204957\/#primaryimage"},"thumbnailUrl":"https:\/\/www.webdo.tn\/fr\/wp-content\/uploads\/2023\/04\/45c2fb606be8e9199399a7f7e5c31b57.jpeg","datePublished":"2023-04-18T12:20:00+00:00","dateModified":"2025-05-20T22:00:38+00:00","description":"Tous les si\u00e8ges et bureaux du mouvement Ennahdha \u00e0 travers tout le pays ont \u00e9t\u00e9 ferm\u00e9s par les autorit\u00e9s, ce mardi 18 avril 2023, et ce, au lendemain de l'arres...","breadcrumb":{"@id":"https:\/\/www.webdo.tn\/fr\/actualite\/national\/les-bureaux-d-ennahdha-sur-l-ensemble-du-territoire-fermes-par-les-autorites\/204957\/#breadcrumb"},"inLanguage":"fr-FR","potentialAction":[{"@type":"ReadAction","target":["https:\/\/www.webdo.tn\/fr\/actualite\/national\/les-bureaux-d-ennahdha-sur-l-ensemble-du-territoire-fermes-par-les-autorites\/204957\/"]}]},{"@type":"ImageObject","inLanguage":"fr-FR","@id":"https:\/\/www.webdo.tn\/fr\/actualite\/national\/les-bureaux-d-ennahdha-sur-l-ensemble-du-territoire-fermes-par-les-autorites\/204957\/#primaryimage","url":"https:\/\/www.webdo.tn\/fr\/wp-content\/uploads\/2023\/04\/45c2fb606be8e9199399a7f7e5c31b57.jpeg","contentUrl":"https:\/\/www.webdo.tn\/fr\/wp-content\/uploads\/2023\/04\/45c2fb606be8e9199399a7f7e5c31b57.jpeg","width":750,"height":400,"caption":"Le si\u00e8ge d'Ennahdha, le 18 avril 2023. Photo REUTERS"},{"@type":"BreadcrumbList","@id":"https:\/\/www.webdo.tn\/fr\/actualite\/national\/les-bureaux-d-ennahdha-sur-l-ensemble-du-territoire-fermes-par-les-autorites\/204957\/#breadcrumb","itemListElement":[{"@type":"ListItem","position":1,"name":"Accueil","item":"https:\/\/www.webdo.tn\/fr\/"},{"@type":"ListItem","position":2,"name":"Les bureaux d&#8217;Ennahdha sur l\u2019ensemble du territoire, ferm\u00e9s par les autorit\u00e9s"}]},{"@type":"WebSite","@id":"https:\/\/www.webdo.tn\/fr\/#website","url":"https:\/\/www.webdo.tn\/fr\/","name":"webdo","description":"Tunisie - News en Tunisie et \u00e0 l&#039;international sur Webdo.tn","publisher":{"@id":"https:\/\/www.webdo.tn\/fr\/#organization"},"potentialAction":[{"@type":"SearchAction","target":{"@type":"EntryPoint","urlTemplate":"https:\/\/www.webdo.tn\/fr\/?s={search_term_string}"},"query-input":{"@type":"PropertyValueSpecification","valueRequired":true,"valueName":"search_term_string"}}],"inLanguage":"fr-FR"},{"@type":"Organization","@id":"https:\/\/www.webdo.tn\/fr\/#organization","name":"Webdo","alternateName":"Webdo.tn","url":"https:\/\/www.webdo.tn\/fr\/","logo":{"@type":"ImageObject","inLanguage":"fr-FR","@id":"https:\/\/www.webdo.tn\/fr\/#\/schema\/logo\/image\/","url":"https:\/\/www.webdo.tn\/fr\/wp-content\/uploads\/2025\/06\/Webdo-Tunisie_168377.jpg","contentUrl":"https:\/\/www.webdo.tn\/fr\/wp-content\/uploads\/2025\/06\/Webdo-Tunisie_168377.jpg","width":301,"height":301,"caption":"Webdo"},"image":{"@id":"https:\/\/www.webdo.tn\/fr\/#\/schema\/logo\/image\/"},"sameAs":["https:\/\/www.facebook.com\/webdotn","https:\/\/x.com\/webdo_tn"],"description":"Webdo est un m\u00e9dia num\u00e9rique tunisien fond\u00e9 en 2010, sp\u00e9cialis\u00e9 dans l\u2019actualit\u00e9 nationale et internationale, l\u2019\u00e9conomie, la soci\u00e9t\u00e9 et les analyses politiques. Le site s\u2019adresse \u00e0 un large public francophone et couvre l\u2019information tunisienne en temps r\u00e9el.","email":"redac@webdo.tn","legalName":"YNJ SARL","foundingDate":"2010-09-06","numberOfEmployees":{"@type":"QuantitativeValue","minValue":"11","maxValue":"50"}},{"@type":"Person","@id":"https:\/\/www.webdo.tn\/fr\/#\/schema\/person\/2c4929cbf5a809e3bd38617c6ce150f6","name":"MC","image":{"@type":"ImageObject","inLanguage":"fr-FR","@id":"https:\/\/secure.gravatar.com\/avatar\/a545bbb6f84efdd5553dbbc2895e3ca8f1d12c5215e00a041c9670b54aa9b18a?s=96&d=mm&r=g","url":"https:\/\/secure.gravatar.com\/avatar\/a545bbb6f84efdd5553dbbc2895e3ca8f1d12c5215e00a041c9670b54aa9b18a?s=96&d=mm&r=g","contentUrl":"https:\/\/secure.gravatar.com\/avatar\/a545bbb6f84efdd5553dbbc2895e3ca8f1d12c5215e00a041c9670b54aa9b18a?s=96&d=mm&r=g","caption":"MC"},"url":"https:\/\/www.webdo.tn\/fr\/actualite\/author\/mc\/"}]}},"_links":{"self":[{"href":"https:\/\/www.webdo.tn\/fr\/wp-json\/wp\/v2\/posts\/204957","targetHints":{"allow":["GET"]}}],"collection":[{"href":"https:\/\/www.webdo.tn\/fr\/wp-json\/wp\/v2\/posts"}],"about":[{"href":"https:\/\/www.webdo.tn\/fr\/wp-json\/wp\/v2\/types\/post"}],"author":[{"embeddable":true,"href":"https:\/\/www.webdo.tn\/fr\/wp-json\/wp\/v2\/users\/3162"}],"replies":[{"embeddable":true,"href":"https:\/\/www.webdo.tn\/fr\/wp-json\/wp\/v2\/comments?post=204957"}],"version-history":[{"count":0,"href":"https:\/\/www.webdo.tn\/fr\/wp-json\/wp\/v2\/posts\/204957\/revisions"}],"wp:featuredmedia":[{"embeddable":true,"href":"https:\/\/www.webdo.tn\/fr\/wp-json\/wp\/v2\/media\/251381"}],"wp:attachment":[{"href":"https:\/\/www.webdo.tn\/fr\/wp-json\/wp\/v2\/media?parent=204957"}],"wp:term":[{"taxonomy":"category","embeddable":true,"href":"https:\/\/www.webdo.tn\/fr\/wp-json\/wp\/v2\/categories?post=204957"},{"taxonomy":"post_tag","embeddable":true,"href":"https:\/\/www.webdo.tn\/fr\/wp-json\/wp\/v2\/tags?post=204957"}],"curies":[{"name":"wp","href":"https:\/\/api.w.org\/{rel}","templated":true}]}}