{"id":204956,"date":"2023-04-18T12:20:00","date_gmt":"2023-04-18T12:20:00","guid":{"rendered":"https:\/\/www.webdo.tn\/fr\/blog\/front-de-salut-siege-ferme-reunions-interdites\/204956\/"},"modified":"2025-05-20T22:44:04","modified_gmt":"2025-05-20T22:44:04","slug":"front-de-salut-siege-ferme-reunions-interdites","status":"publish","type":"post","link":"https:\/\/www.webdo.tn\/fr\/actualite\/national\/front-de-salut-siege-ferme-reunions-interdites\/204956\/","title":{"rendered":"Front de salut national : Si\u00e8ge ferm\u00e9, r\u00e9unions interdites&#8230;"},"content":{"rendered":"<p>Suite \u00e0 l\u2019arrestation de Rached Ghannouchi, les \u00e9v\u00e8nements semblent s\u2019acc\u00e9l\u00e9rer. Ce mardi 18 avril 2023, la conf\u00e9rence de presse du Front de salut a \u00e9t\u00e9 interdite.<\/p>\n<p>\t\t\t\t\t\t\t\t\tEn effet, selon l\u2019AFP, la police a proc\u00e9d\u00e9 \u00e0 la fermeture du si\u00e8ge principal du Front de salut national \u00e0 Tunis, cette d\u00e9cision porte \u00e9galement sur l\u2019interdiction de toutes les r\u00e9unions de ce mouvement politique s\u2019opposant aux mesures du 25 juillet 2021.\u00a0<\/p>\n<p>Ahmed Nejib Chebbi, chef du Front de salut national, principale coalition d&rsquo;opposition dont fait partie Ennahdha, a affirm\u00e9 que la police avait interdit mardi une conf\u00e9rence de presse que son groupe s&rsquo;appr\u00eatait \u00e0 tenir pour r\u00e9agir \u00e0 l&rsquo;arrestation de M. Ghannouchi.<\/p>\n<p>\u00ab\u00a0La police a emp\u00each\u00e9 la tenue de la conf\u00e9rence de presse et d\u00e9ploy\u00e9 des barri\u00e8res devant le si\u00e8ge du parti\u00a0\u00bb, a d\u00e9clar\u00e9 Ahmed N\u00e9jib Chebbi \u00e0 l&rsquo;AFP.<\/p>\n<p>Notons \u00e9galement que tous les locaux du mouvement Ennahdha ont \u00e9t\u00e9 ferm\u00e9s par la police.<\/p>\n","protected":false},"excerpt":{"rendered":"<p>Suite \u00e0 l\u2019arrestation de Rached Ghannouchi, les \u00e9v\u00e8nements semblent s\u2019acc\u00e9l\u00e9rer. Ce mardi 18 avril 2023, la conf\u00e9rence de presse du Front de salut a \u00e9t\u00e9 interdi&#8230;<\/p>\n","protected":false},"author":3175,"featured_media":251384,"comment_status":"open","ping_status":"closed","sticky":false,"template":"","format":"standard","meta":{"footnotes":""},"categories":[44],"tags":[3057,5999,6586,2608],"class_list":["post-204956","post","type-post","status-publish","format-standard","has-post-thumbnail","hentry","category-national","tag-ennahdha","tag-front-de-salut","tag-siege","tag-tunisie"],"yoast_head":"<!-- This site is optimized with the Yoast SEO Premium plugin v27.5 (Yoast SEO v27.5) - https:\/\/yoast.com\/product\/yoast-seo-premium-wordpress\/ -->\n<title>Front de salut national : Si\u00e8ge ferm\u00e9, r\u00e9unions interdites...<\/title>\n<meta name=\"description\" content=\"Suite \u00e0 l\u2019arrestation de Rached Ghannouchi, les \u00e9v\u00e8nements semblent s\u2019acc\u00e9l\u00e9rer. Ce mardi 18 avril 2023, la conf\u00e9rence de presse du Front de salut a \u00e9t\u00e9 interdi...\" \/>\n<link rel=\"canonical\" href=\"https:\/\/www.webdo.tn\/fr\/actualite\/national\/front-de-salut-siege-ferme-reunions-interdites\/204956\/\" \/>\n<meta property=\"og:locale\" content=\"fr_FR\" \/>\n<meta property=\"og:type\" content=\"article\" \/>\n<meta property=\"og:title\" content=\"Front de salut national : Si\u00e8ge ferm\u00e9, r\u00e9unions interdites...\" \/>\n<meta property=\"og:description\" content=\"Suite \u00e0 l\u2019arrestation de Rached Ghannouchi, les \u00e9v\u00e8nements semblent s\u2019acc\u00e9l\u00e9rer. Ce mardi 18 avril 2023, la conf\u00e9rence de presse du Front de salut a \u00e9t\u00e9 interdi...\" \/>\n<meta property=\"og:url\" content=\"https:\/\/www.webdo.tn\/fr\/actualite\/national\/front-de-salut-siege-ferme-reunions-interdites\/204956\/\" \/>\n<meta property=\"og:site_name\" content=\"webdo\" \/>\n<meta property=\"article:publisher\" content=\"https:\/\/www.facebook.com\/webdotn\" \/>\n<meta property=\"article:published_time\" content=\"2023-04-18T12:20:00+00:00\" \/>\n<meta property=\"article:modified_time\" content=\"2025-05-20T22:44:04+00:00\" \/>\n<meta property=\"og:image\" content=\"https:\/\/www.webdo.tn\/fr\/wp-content\/uploads\/2023\/04\/3c18ea29c28c0adff18ae0a40bba7788.png\" \/>\n\t<meta property=\"og:image:width\" content=\"750\" \/>\n\t<meta property=\"og:image:height\" content=\"400\" \/>\n\t<meta property=\"og:image:type\" content=\"image\/png\" \/>\n<meta name=\"author\" content=\"CL\" \/>\n<meta name=\"twitter:card\" content=\"summary_large_image\" \/>\n<meta name=\"twitter:creator\" content=\"@webdo_tn\" \/>\n<meta name=\"twitter:site\" content=\"@webdo_tn\" \/>\n<meta name=\"twitter:label1\" content=\"\u00c9crit par\" \/>\n\t<meta name=\"twitter:data1\" content=\"CL\" \/>\n\t<meta name=\"twitter:label2\" content=\"Dur\u00e9e de lecture estim\u00e9e\" \/>\n\t<meta name=\"twitter:data2\" content=\"1 minute\" \/>\n<script type=\"application\/ld+json\" class=\"yoast-schema-graph\">{\"@context\":\"https:\\\/\\\/schema.org\",\"@graph\":[{\"@type\":\"NewsArticle\",\"@id\":\"https:\\\/\\\/www.webdo.tn\\\/fr\\\/actualite\\\/national\\\/front-de-salut-siege-ferme-reunions-interdites\\\/204956\\\/#article\",\"isPartOf\":{\"@id\":\"https:\\\/\\\/www.webdo.tn\\\/fr\\\/actualite\\\/national\\\/front-de-salut-siege-ferme-reunions-interdites\\\/204956\\\/\"},\"author\":{\"name\":\"CL\",\"@id\":\"https:\\\/\\\/www.webdo.tn\\\/fr\\\/#\\\/schema\\\/person\\\/f35b42a42c5e2511bbd282959d6385cc\"},\"headline\":\"Front de salut national : Si\u00e8ge ferm\u00e9, r\u00e9unions interdites&#8230;\",\"datePublished\":\"2023-04-18T12:20:00+00:00\",\"dateModified\":\"2025-05-20T22:44:04+00:00\",\"mainEntityOfPage\":{\"@id\":\"https:\\\/\\\/www.webdo.tn\\\/fr\\\/actualite\\\/national\\\/front-de-salut-siege-ferme-reunions-interdites\\\/204956\\\/\"},\"wordCount\":179,\"commentCount\":0,\"publisher\":{\"@id\":\"https:\\\/\\\/www.webdo.tn\\\/fr\\\/#organization\"},\"image\":{\"@id\":\"https:\\\/\\\/www.webdo.tn\\\/fr\\\/actualite\\\/national\\\/front-de-salut-siege-ferme-reunions-interdites\\\/204956\\\/#primaryimage\"},\"thumbnailUrl\":\"https:\\\/\\\/www.webdo.tn\\\/fr\\\/wp-content\\\/uploads\\\/2023\\\/04\\\/3c18ea29c28c0adff18ae0a40bba7788.png\",\"keywords\":[\"Ennahdha\",\"Front de salut\",\"Si\u00e8ge\",\"Tunisie\"],\"articleSection\":[\"National\"],\"inLanguage\":\"fr-FR\"},{\"@type\":\"WebPage\",\"@id\":\"https:\\\/\\\/www.webdo.tn\\\/fr\\\/actualite\\\/national\\\/front-de-salut-siege-ferme-reunions-interdites\\\/204956\\\/\",\"url\":\"https:\\\/\\\/www.webdo.tn\\\/fr\\\/actualite\\\/national\\\/front-de-salut-siege-ferme-reunions-interdites\\\/204956\\\/\",\"name\":\"Front de salut national : Si\u00e8ge ferm\u00e9, r\u00e9unions interdites...\",\"isPartOf\":{\"@id\":\"https:\\\/\\\/www.webdo.tn\\\/fr\\\/#website\"},\"primaryImageOfPage\":{\"@id\":\"https:\\\/\\\/www.webdo.tn\\\/fr\\\/actualite\\\/national\\\/front-de-salut-siege-ferme-reunions-interdites\\\/204956\\\/#primaryimage\"},\"image\":{\"@id\":\"https:\\\/\\\/www.webdo.tn\\\/fr\\\/actualite\\\/national\\\/front-de-salut-siege-ferme-reunions-interdites\\\/204956\\\/#primaryimage\"},\"thumbnailUrl\":\"https:\\\/\\\/www.webdo.tn\\\/fr\\\/wp-content\\\/uploads\\\/2023\\\/04\\\/3c18ea29c28c0adff18ae0a40bba7788.png\",\"datePublished\":\"2023-04-18T12:20:00+00:00\",\"dateModified\":\"2025-05-20T22:44:04+00:00\",\"description\":\"Suite \u00e0 l\u2019arrestation de Rached Ghannouchi, les \u00e9v\u00e8nements semblent s\u2019acc\u00e9l\u00e9rer. Ce mardi 18 avril 2023, la conf\u00e9rence de presse du Front de salut a \u00e9t\u00e9 interdi...\",\"breadcrumb\":{\"@id\":\"https:\\\/\\\/www.webdo.tn\\\/fr\\\/actualite\\\/national\\\/front-de-salut-siege-ferme-reunions-interdites\\\/204956\\\/#breadcrumb\"},\"inLanguage\":\"fr-FR\",\"potentialAction\":[{\"@type\":\"ReadAction\",\"target\":[\"https:\\\/\\\/www.webdo.tn\\\/fr\\\/actualite\\\/national\\\/front-de-salut-siege-ferme-reunions-interdites\\\/204956\\\/\"]}]},{\"@type\":\"ImageObject\",\"inLanguage\":\"fr-FR\",\"@id\":\"https:\\\/\\\/www.webdo.tn\\\/fr\\\/actualite\\\/national\\\/front-de-salut-siege-ferme-reunions-interdites\\\/204956\\\/#primaryimage\",\"url\":\"https:\\\/\\\/www.webdo.tn\\\/fr\\\/wp-content\\\/uploads\\\/2023\\\/04\\\/3c18ea29c28c0adff18ae0a40bba7788.png\",\"contentUrl\":\"https:\\\/\\\/www.webdo.tn\\\/fr\\\/wp-content\\\/uploads\\\/2023\\\/04\\\/3c18ea29c28c0adff18ae0a40bba7788.png\",\"width\":750,\"height\":400,\"caption\":\"Front de salut\"},{\"@type\":\"BreadcrumbList\",\"@id\":\"https:\\\/\\\/www.webdo.tn\\\/fr\\\/actualite\\\/national\\\/front-de-salut-siege-ferme-reunions-interdites\\\/204956\\\/#breadcrumb\",\"itemListElement\":[{\"@type\":\"ListItem\",\"position\":1,\"name\":\"Accueil\",\"item\":\"https:\\\/\\\/www.webdo.tn\\\/fr\\\/\"},{\"@type\":\"ListItem\",\"position\":2,\"name\":\"Front de salut national : Si\u00e8ge ferm\u00e9, r\u00e9unions interdites&#8230;\"}]},{\"@type\":\"WebSite\",\"@id\":\"https:\\\/\\\/www.webdo.tn\\\/fr\\\/#website\",\"url\":\"https:\\\/\\\/www.webdo.tn\\\/fr\\\/\",\"name\":\"webdo\",\"description\":\"Tunisie - News en Tunisie et \u00e0 l&#039;international sur Webdo.tn\",\"publisher\":{\"@id\":\"https:\\\/\\\/www.webdo.tn\\\/fr\\\/#organization\"},\"potentialAction\":[{\"@type\":\"SearchAction\",\"target\":{\"@type\":\"EntryPoint\",\"urlTemplate\":\"https:\\\/\\\/www.webdo.tn\\\/fr\\\/?s={search_term_string}\"},\"query-input\":{\"@type\":\"PropertyValueSpecification\",\"valueRequired\":true,\"valueName\":\"search_term_string\"}}],\"inLanguage\":\"fr-FR\"},{\"@type\":\"Organization\",\"@id\":\"https:\\\/\\\/www.webdo.tn\\\/fr\\\/#organization\",\"name\":\"Webdo\",\"alternateName\":\"Webdo.tn\",\"url\":\"https:\\\/\\\/www.webdo.tn\\\/fr\\\/\",\"logo\":{\"@type\":\"ImageObject\",\"inLanguage\":\"fr-FR\",\"@id\":\"https:\\\/\\\/www.webdo.tn\\\/fr\\\/#\\\/schema\\\/logo\\\/image\\\/\",\"url\":\"https:\\\/\\\/www.webdo.tn\\\/fr\\\/wp-content\\\/uploads\\\/2025\\\/06\\\/Webdo-Tunisie_168377.jpg\",\"contentUrl\":\"https:\\\/\\\/www.webdo.tn\\\/fr\\\/wp-content\\\/uploads\\\/2025\\\/06\\\/Webdo-Tunisie_168377.jpg\",\"width\":301,\"height\":301,\"caption\":\"Webdo\"},\"image\":{\"@id\":\"https:\\\/\\\/www.webdo.tn\\\/fr\\\/#\\\/schema\\\/logo\\\/image\\\/\"},\"sameAs\":[\"https:\\\/\\\/www.facebook.com\\\/webdotn\",\"https:\\\/\\\/x.com\\\/webdo_tn\"],\"description\":\"Webdo est un m\u00e9dia num\u00e9rique tunisien fond\u00e9 en 2010, sp\u00e9cialis\u00e9 dans l\u2019actualit\u00e9 nationale et internationale, l\u2019\u00e9conomie, la soci\u00e9t\u00e9 et les analyses politiques. Le site s\u2019adresse \u00e0 un large public francophone et couvre l\u2019information tunisienne en temps r\u00e9el.\",\"email\":\"redac@webdo.tn\",\"legalName\":\"YNJ SARL\",\"foundingDate\":\"2010-09-06\",\"numberOfEmployees\":{\"@type\":\"QuantitativeValue\",\"minValue\":\"11\",\"maxValue\":\"50\"}},{\"@type\":\"Person\",\"@id\":\"https:\\\/\\\/www.webdo.tn\\\/fr\\\/#\\\/schema\\\/person\\\/f35b42a42c5e2511bbd282959d6385cc\",\"name\":\"CL\",\"image\":{\"@type\":\"ImageObject\",\"inLanguage\":\"fr-FR\",\"@id\":\"https:\\\/\\\/secure.gravatar.com\\\/avatar\\\/1447a49909b67aa657c488aec6512e1dd6143a480c1ecfee9b5b5cd74eb3b59e?s=96&d=mm&r=g\",\"url\":\"https:\\\/\\\/secure.gravatar.com\\\/avatar\\\/1447a49909b67aa657c488aec6512e1dd6143a480c1ecfee9b5b5cd74eb3b59e?s=96&d=mm&r=g\",\"contentUrl\":\"https:\\\/\\\/secure.gravatar.com\\\/avatar\\\/1447a49909b67aa657c488aec6512e1dd6143a480c1ecfee9b5b5cd74eb3b59e?s=96&d=mm&r=g\",\"caption\":\"CL\"},\"url\":\"https:\\\/\\\/www.webdo.tn\\\/fr\\\/actualite\\\/author\\\/cl\\\/\"}]}<\/script>\n<!-- \/ Yoast SEO Premium plugin. -->","yoast_head_json":{"title":"Front de salut national : Si\u00e8ge ferm\u00e9, r\u00e9unions interdites...","description":"Suite \u00e0 l\u2019arrestation de Rached Ghannouchi, les \u00e9v\u00e8nements semblent s\u2019acc\u00e9l\u00e9rer. Ce mardi 18 avril 2023, la conf\u00e9rence de presse du Front de salut a \u00e9t\u00e9 interdi...","canonical":"https:\/\/www.webdo.tn\/fr\/actualite\/national\/front-de-salut-siege-ferme-reunions-interdites\/204956\/","og_locale":"fr_FR","og_type":"article","og_title":"Front de salut national : Si\u00e8ge ferm\u00e9, r\u00e9unions interdites...","og_description":"Suite \u00e0 l\u2019arrestation de Rached Ghannouchi, les \u00e9v\u00e8nements semblent s\u2019acc\u00e9l\u00e9rer. Ce mardi 18 avril 2023, la conf\u00e9rence de presse du Front de salut a \u00e9t\u00e9 interdi...","og_url":"https:\/\/www.webdo.tn\/fr\/actualite\/national\/front-de-salut-siege-ferme-reunions-interdites\/204956\/","og_site_name":"webdo","article_publisher":"https:\/\/www.facebook.com\/webdotn","article_published_time":"2023-04-18T12:20:00+00:00","article_modified_time":"2025-05-20T22:44:04+00:00","og_image":[{"width":750,"height":400,"url":"https:\/\/www.webdo.tn\/fr\/wp-content\/uploads\/2023\/04\/3c18ea29c28c0adff18ae0a40bba7788.png","type":"image\/png"}],"author":"CL","twitter_card":"summary_large_image","twitter_creator":"@webdo_tn","twitter_site":"@webdo_tn","twitter_misc":{"\u00c9crit par":"CL","Dur\u00e9e de lecture estim\u00e9e":"1 minute"},"schema":{"@context":"https:\/\/schema.org","@graph":[{"@type":"NewsArticle","@id":"https:\/\/www.webdo.tn\/fr\/actualite\/national\/front-de-salut-siege-ferme-reunions-interdites\/204956\/#article","isPartOf":{"@id":"https:\/\/www.webdo.tn\/fr\/actualite\/national\/front-de-salut-siege-ferme-reunions-interdites\/204956\/"},"author":{"name":"CL","@id":"https:\/\/www.webdo.tn\/fr\/#\/schema\/person\/f35b42a42c5e2511bbd282959d6385cc"},"headline":"Front de salut national : Si\u00e8ge ferm\u00e9, r\u00e9unions interdites&#8230;","datePublished":"2023-04-18T12:20:00+00:00","dateModified":"2025-05-20T22:44:04+00:00","mainEntityOfPage":{"@id":"https:\/\/www.webdo.tn\/fr\/actualite\/national\/front-de-salut-siege-ferme-reunions-interdites\/204956\/"},"wordCount":179,"commentCount":0,"publisher":{"@id":"https:\/\/www.webdo.tn\/fr\/#organization"},"image":{"@id":"https:\/\/www.webdo.tn\/fr\/actualite\/national\/front-de-salut-siege-ferme-reunions-interdites\/204956\/#primaryimage"},"thumbnailUrl":"https:\/\/www.webdo.tn\/fr\/wp-content\/uploads\/2023\/04\/3c18ea29c28c0adff18ae0a40bba7788.png","keywords":["Ennahdha","Front de salut","Si\u00e8ge","Tunisie"],"articleSection":["National"],"inLanguage":"fr-FR"},{"@type":"WebPage","@id":"https:\/\/www.webdo.tn\/fr\/actualite\/national\/front-de-salut-siege-ferme-reunions-interdites\/204956\/","url":"https:\/\/www.webdo.tn\/fr\/actualite\/national\/front-de-salut-siege-ferme-reunions-interdites\/204956\/","name":"Front de salut national : Si\u00e8ge ferm\u00e9, r\u00e9unions interdites...","isPartOf":{"@id":"https:\/\/www.webdo.tn\/fr\/#website"},"primaryImageOfPage":{"@id":"https:\/\/www.webdo.tn\/fr\/actualite\/national\/front-de-salut-siege-ferme-reunions-interdites\/204956\/#primaryimage"},"image":{"@id":"https:\/\/www.webdo.tn\/fr\/actualite\/national\/front-de-salut-siege-ferme-reunions-interdites\/204956\/#primaryimage"},"thumbnailUrl":"https:\/\/www.webdo.tn\/fr\/wp-content\/uploads\/2023\/04\/3c18ea29c28c0adff18ae0a40bba7788.png","datePublished":"2023-04-18T12:20:00+00:00","dateModified":"2025-05-20T22:44:04+00:00","description":"Suite \u00e0 l\u2019arrestation de Rached Ghannouchi, les \u00e9v\u00e8nements semblent s\u2019acc\u00e9l\u00e9rer. Ce mardi 18 avril 2023, la conf\u00e9rence de presse du Front de salut a \u00e9t\u00e9 interdi...","breadcrumb":{"@id":"https:\/\/www.webdo.tn\/fr\/actualite\/national\/front-de-salut-siege-ferme-reunions-interdites\/204956\/#breadcrumb"},"inLanguage":"fr-FR","potentialAction":[{"@type":"ReadAction","target":["https:\/\/www.webdo.tn\/fr\/actualite\/national\/front-de-salut-siege-ferme-reunions-interdites\/204956\/"]}]},{"@type":"ImageObject","inLanguage":"fr-FR","@id":"https:\/\/www.webdo.tn\/fr\/actualite\/national\/front-de-salut-siege-ferme-reunions-interdites\/204956\/#primaryimage","url":"https:\/\/www.webdo.tn\/fr\/wp-content\/uploads\/2023\/04\/3c18ea29c28c0adff18ae0a40bba7788.png","contentUrl":"https:\/\/www.webdo.tn\/fr\/wp-content\/uploads\/2023\/04\/3c18ea29c28c0adff18ae0a40bba7788.png","width":750,"height":400,"caption":"Front de salut"},{"@type":"BreadcrumbList","@id":"https:\/\/www.webdo.tn\/fr\/actualite\/national\/front-de-salut-siege-ferme-reunions-interdites\/204956\/#breadcrumb","itemListElement":[{"@type":"ListItem","position":1,"name":"Accueil","item":"https:\/\/www.webdo.tn\/fr\/"},{"@type":"ListItem","position":2,"name":"Front de salut national : Si\u00e8ge ferm\u00e9, r\u00e9unions interdites&#8230;"}]},{"@type":"WebSite","@id":"https:\/\/www.webdo.tn\/fr\/#website","url":"https:\/\/www.webdo.tn\/fr\/","name":"webdo","description":"Tunisie - News en Tunisie et \u00e0 l&#039;international sur Webdo.tn","publisher":{"@id":"https:\/\/www.webdo.tn\/fr\/#organization"},"potentialAction":[{"@type":"SearchAction","target":{"@type":"EntryPoint","urlTemplate":"https:\/\/www.webdo.tn\/fr\/?s={search_term_string}"},"query-input":{"@type":"PropertyValueSpecification","valueRequired":true,"valueName":"search_term_string"}}],"inLanguage":"fr-FR"},{"@type":"Organization","@id":"https:\/\/www.webdo.tn\/fr\/#organization","name":"Webdo","alternateName":"Webdo.tn","url":"https:\/\/www.webdo.tn\/fr\/","logo":{"@type":"ImageObject","inLanguage":"fr-FR","@id":"https:\/\/www.webdo.tn\/fr\/#\/schema\/logo\/image\/","url":"https:\/\/www.webdo.tn\/fr\/wp-content\/uploads\/2025\/06\/Webdo-Tunisie_168377.jpg","contentUrl":"https:\/\/www.webdo.tn\/fr\/wp-content\/uploads\/2025\/06\/Webdo-Tunisie_168377.jpg","width":301,"height":301,"caption":"Webdo"},"image":{"@id":"https:\/\/www.webdo.tn\/fr\/#\/schema\/logo\/image\/"},"sameAs":["https:\/\/www.facebook.com\/webdotn","https:\/\/x.com\/webdo_tn"],"description":"Webdo est un m\u00e9dia num\u00e9rique tunisien fond\u00e9 en 2010, sp\u00e9cialis\u00e9 dans l\u2019actualit\u00e9 nationale et internationale, l\u2019\u00e9conomie, la soci\u00e9t\u00e9 et les analyses politiques. Le site s\u2019adresse \u00e0 un large public francophone et couvre l\u2019information tunisienne en temps r\u00e9el.","email":"redac@webdo.tn","legalName":"YNJ SARL","foundingDate":"2010-09-06","numberOfEmployees":{"@type":"QuantitativeValue","minValue":"11","maxValue":"50"}},{"@type":"Person","@id":"https:\/\/www.webdo.tn\/fr\/#\/schema\/person\/f35b42a42c5e2511bbd282959d6385cc","name":"CL","image":{"@type":"ImageObject","inLanguage":"fr-FR","@id":"https:\/\/secure.gravatar.com\/avatar\/1447a49909b67aa657c488aec6512e1dd6143a480c1ecfee9b5b5cd74eb3b59e?s=96&d=mm&r=g","url":"https:\/\/secure.gravatar.com\/avatar\/1447a49909b67aa657c488aec6512e1dd6143a480c1ecfee9b5b5cd74eb3b59e?s=96&d=mm&r=g","contentUrl":"https:\/\/secure.gravatar.com\/avatar\/1447a49909b67aa657c488aec6512e1dd6143a480c1ecfee9b5b5cd74eb3b59e?s=96&d=mm&r=g","caption":"CL"},"url":"https:\/\/www.webdo.tn\/fr\/actualite\/author\/cl\/"}]}},"_links":{"self":[{"href":"https:\/\/www.webdo.tn\/fr\/wp-json\/wp\/v2\/posts\/204956","targetHints":{"allow":["GET"]}}],"collection":[{"href":"https:\/\/www.webdo.tn\/fr\/wp-json\/wp\/v2\/posts"}],"about":[{"href":"https:\/\/www.webdo.tn\/fr\/wp-json\/wp\/v2\/types\/post"}],"author":[{"embeddable":true,"href":"https:\/\/www.webdo.tn\/fr\/wp-json\/wp\/v2\/users\/3175"}],"replies":[{"embeddable":true,"href":"https:\/\/www.webdo.tn\/fr\/wp-json\/wp\/v2\/comments?post=204956"}],"version-history":[{"count":0,"href":"https:\/\/www.webdo.tn\/fr\/wp-json\/wp\/v2\/posts\/204956\/revisions"}],"wp:featuredmedia":[{"embeddable":true,"href":"https:\/\/www.webdo.tn\/fr\/wp-json\/wp\/v2\/media\/251384"}],"wp:attachment":[{"href":"https:\/\/www.webdo.tn\/fr\/wp-json\/wp\/v2\/media?parent=204956"}],"wp:term":[{"taxonomy":"category","embeddable":true,"href":"https:\/\/www.webdo.tn\/fr\/wp-json\/wp\/v2\/categories?post=204956"},{"taxonomy":"post_tag","embeddable":true,"href":"https:\/\/www.webdo.tn\/fr\/wp-json\/wp\/v2\/tags?post=204956"}],"curies":[{"name":"wp","href":"https:\/\/api.w.org\/{rel}","templated":true}]}}