{"id":204934,"date":"2023-04-17T20:30:00","date_gmt":"2023-04-17T20:30:00","guid":{"rendered":"https:\/\/www.webdo.tn\/fr\/blog\/miff-2023-une-diversite-culturelle-a-travers-des-films-et-des-activites-cinematographiques\/204934\/"},"modified":"2025-05-21T08:56:43","modified_gmt":"2025-05-21T08:56:43","slug":"miff-2023-une-diversite-culturelle-a-travers-des-films-et-des-activites-cinematographiques","status":"publish","type":"post","link":"https:\/\/www.webdo.tn\/fr\/actualite\/culture\/miff-2023-une-diversite-culturelle-a-travers-des-films-et-des-activites-cinematographiques\/204934\/","title":{"rendered":"MIFF 2023 &#8211; Une diversit\u00e9 culturelle \u00e0 travers des films et des activit\u00e9s cin\u00e9matographiques"},"content":{"rendered":"<div class=\"single-body entry-content typography-copy\" itemprop=\"articleBody\">\n<p style=\"font-weight: bold; text-align: justify\">\n\t\t\t\t\t\t\t\t\tLe Master International Film Festival (MIFF) est de retour pour une deuxi\u00e8me \u00e9dition du 6 au 13 mai 2023 \u00e0 la M\u00e9dina Yasmine Hammamet.\u00a0\n\t\t\t\t\t\t\t\t<\/p>\n<div class=\"coprs\" style=\"text-align: center\"><\/div>\n<div class=\"coprs\" style=\"text-align: justify\">\n<p><span><span><span>La conf\u00e9rence de presse qui s&rsquo;est tenue r\u00e9cemment a permis de d\u00e9voiler les grandes lignes de cette nouvelle \u00e9dition, qui s&rsquo;annonce encore plus prometteuse que la premi\u00e8re. Le pr\u00e9sident fondateur du MIFF, le r\u00e9alisateur Mokhtar Ladjimi, a remerci\u00e9 chaleureusement tous ceux qui ont soutenu ce projet ambitieux, notamment les minist\u00e8res des Affaires culturelles et celui du Tourisme, ainsi que les partenaires et sponsors. Il a ensuite \u00e9num\u00e9r\u00e9 les sp\u00e9cificit\u00e9s de cette \u00e9dition, qui s&rsquo;annonce particuli\u00e8rement riche en \u00e9v\u00e9nements.<\/span><\/span><\/span><\/p>\n<p><span><span><span>Pour Ali Miaoui, directeur g\u00e9n\u00e9ral du Groupe \u00ab La Paix \u00bb et co-organisateur du festival, cette deuxi\u00e8me \u00e9dition est l&rsquo;occasion de renouveler l&rsquo;engagement de son institution \u00e0 soutenir un projet d&rsquo;envergure qui contribue \u00e0 l&rsquo;animation de la vie culturelle de M\u00e9dina Yasmine Hammamet et au d\u00e9veloppement du tourisme local. Le MIFF est en effet un \u00e9v\u00e9nement qui rassemble des cultures et des communaut\u00e9s diff\u00e9rentes, pour offrir aux visiteurs une exp\u00e9rience cin\u00e9matographique unique.<\/span><\/span><\/span><\/p>\n<p><span><span><span>Le MIFF est avant tout un \u00e9v\u00e9nement qui offre une activit\u00e9 suppl\u00e9mentaire aux touristes \u00e9trangers et tunisiens qui visitent Hammamet Sud. La M\u00e9dina est un lieu accessible gratuitement, o\u00f9 les visiteurs viennent se promener et passer de bon temps entre amis ou en famille. Le MIFF leur propose donc une exp\u00e9rience culturelle unique, en leur permettant de d\u00e9couvrir des films du monde entier, mais aussi de participer \u00e0 des d\u00e9bats et d&rsquo;autres activit\u00e9s. L&rsquo;objectif est de faire de la M\u00e9dina un v\u00e9ritable carrefour de rencontres, entre des invit\u00e9s venus de plusieurs pays et des visiteurs du monde entier.<\/span><\/span><\/span><\/p>\n<p>\u00a0<\/p>\n<div>\n<figure class=\"image\"><img decoding=\"async\" alt=\"\" height=\"441\" src=\"\/assets\/uploads\/images\/\/Neila\/MIFF%202023%20Confe%CC%81rence%20de%20presse.jpeg\" width=\"662\"><figcaption><em>Amani Boulares, Mokhtar Ladjimi et Ali Miouai<\/em><\/figcaption><\/figure>\n<\/div>\n<p>\u00a0<\/p>\n<p><span><span><span>Cette deuxi\u00e8me \u00e9dition du MIFF s&rsquo;annonce donc encore plus riche en \u00e9v\u00e9nements et en d\u00e9couvertes cin\u00e9matographiques. Les organisateurs ont mis en place un programme vari\u00e9, qui comprendra des projections de films, des d\u00e9bats, des ateliers et\u00a0des rencontres avec des professionnels du cin\u00e9ma. Les visiteurs pourront ainsi profiter d&rsquo;une exp\u00e9rience unique et enrichissante, qui leur permettra de d\u00e9couvrir le cin\u00e9ma sous toutes ses formes.<\/span><\/span><\/span><\/p>\n<p><span><span><span>Monsieur Ladjimi a annonc\u00e9 que plus de vingt nationalit\u00e9s seraient pr\u00e9sentes lors du MIFF 2023, qui proposera une programmation diversifi\u00e9e. Le festival mettra notamment \u00e0 l&rsquo;honneur le centenaire du cin\u00e9ma tunisien et proposera de nombreuses manifestations en rapport avec cet anniversaire.<\/span><\/span><\/span><\/p>\n<p><span><span><span>Parmi les nouveaut\u00e9s du festival, il y aura le \u00ab Mobile Film \u00bb, qui permettra aux cin\u00e9astes de r\u00e9aliser des s\u00e9quences d&rsquo;une minute maximum via leur t\u00e9l\u00e9phone portable. Ces films seront projet\u00e9s avant chaque long m\u00e9trage pour le plus grand plaisir des spectateurs.<\/span><\/span><\/span><\/p>\n<p><span><span><span>Dans le cadre du centenaire du cin\u00e9ma tunisien, un panel sur l&rsquo;\u00e9tat des lieux et la num\u00e9risation des archives cin\u00e9matographiques sera organis\u00e9. Un autre panel portera sur le \u00ab Shooting en Tunisie \u00bb, qui se concentrera sur les conditions et les al\u00e9as du tournage dans le pays et proposera des r\u00e9flexions sur les moyens de faire revenir les tournages \u00e9trangers en Tunisie.<\/span><\/span><\/span><\/p>\n<p><span><span><span>Le MIFF 2023 proposera \u00e9galement un panorama de films documentaires, dont la plupart porteront sur le centenaire du cin\u00e9ma tunisien. Des Master Class seront \u00e9galement propos\u00e9es, ainsi qu&rsquo;un focus sur le cin\u00e9ma d&rsquo;Am\u00e9rique latine. Un autre panel sur le financement alternatif des films sera anim\u00e9 par deux invit\u00e9s d&rsquo;Am\u00e9rique latine pour partager leur exp\u00e9rience.<\/span><\/span><\/span><\/p>\n<p><span><span><span>Enfin, l&rsquo;attraction principale du festival sera le \u00ab Cin\u00e9 Beach \u00bb, une projection de films tunisiens ou \u00e9trangers tourn\u00e9s en Tunisie qui aura lieu sur la plage de Yasmine Hammamet, en face de la M\u00e9dina. Une occasion unique pour les cin\u00e9philes de profiter du paysage et de d\u00e9couvrir les productions cin\u00e9matographiques locales.<\/span><\/span><\/span><\/p>\n<p><span><span><span>Pour la s\u00e9lection officielle et la comp\u00e9tition internationale, il y aura 12 longs m\u00e9trages, 12 courts m\u00e9trages et 6 films documentaires, en plus d\u2019autres films \u00e0 projeter dans les 4 salles dont dispose la M\u00e9dina Yasmine Hammamet et au Fort de Hammamet, une mani\u00e8re de promouvoir et le cin\u00e9ma et le festival au large public.<\/span><\/span><\/span><\/p>\n<p><span><span><span>Au total 60 films d\u2019environ de 24 pays diff\u00e9rents. <\/span><\/span><\/span><\/p>\n<p><span><span><span>Voici quelques films qui seront projet\u00e9s lors de cette deuxi\u00e8me \u00e9dition\u00a0:<\/span><\/span><\/span><\/p>\n<ul>\n<li><span><span><span><em><a href=\"https:\/\/www.webdo.tn\/fr\/actualite\/culture\/close-film-belge\/200883\">Close de Lukas Dhont (Belgique), un tr\u00e8s beau film qui a remport\u00e9 le Grand Prix au festival de Cannes 2022\u00a0<\/a><\/em>;<\/span><\/span><\/span><\/li>\n<li><span><span><span><em>Burning days<\/em> de Emin Alper (Turquie), qui a \u00e9t\u00e9 en comp\u00e9tition \u00e0 Cannes en 2022 dans la section Un certain Regard\u00a0;<\/span><\/span><\/span><\/li>\n<li><span><span><span><em>Mediterranean fever<\/em> de Maha Haj (Palestine), Prix du meilleur sc\u00e9nario Un certain regard \u00e0 Cannes 2022\u00a0;<\/span><\/span><\/span><\/li>\n<li><span><span><span><a href=\"https:\/\/www.webdo.tn\/fr\/actualite\/culture\/le-film-egyptien-19b-selectionne-pour-la-competition-internationale-du-44e-festival-international-du-film-du-caire\/116593\"><em>19 B<\/em> d\u2019Ahmad Abdalla (\u00c9gypte),<\/a> qui a remport\u00e9 le Prix du meilleur film arabe, de la meilleure contribution artistique et le prix FIPRESCI au festival du Caire en novembre 2022\u00a0;<\/span><\/span><\/span><\/li>\n<li><span><span><span><em><a href=\"https:\/\/www.webdo.tn\/fr\/actualite\/culture\/cannes-2022-under-the-fig-trees-est-un-bonbon\/200023\">Sous les figuiers d\u2019\u00c9rige Sehiri (Tunisie),<\/a><\/em> Tanit d\u2019Argent aux JCC 2022\u00a0;<\/span><\/span><\/span><\/li>\n<li><span><span><span><em>Les Rois du monde<\/em> de Laura Mora (Colombie)\u00a0;<\/span><\/span><\/span><\/li>\n<li><span><span><span><em>Chili 1976<\/em> de Manuela Martelli (Chili), s\u00e9lectionn\u00e9 \u00e0 la Quinzaine des r\u00e9alisateurs \u00e0 Cannes 2022\u00a0;<\/span><\/span><\/span><\/li>\n<li><span><span><span><em>Nostalgia<\/em> de Mario Martone, (Italie) en comp\u00e9tition officielle \u00e0 Cannes 2022\u00a0;<\/span><\/span><\/span><\/li>\n<li><span><span><span><em>Sira<\/em>, \u00e9crit et r\u00e9alis\u00e9 par\u00a0Apolline Traor\u00e9\u00a0 (Burkina Fasso) qui avait \u00e9t\u00e9 s\u00e9lectionn\u00e9 \u00e0 la 73\u00e8me \u00e9dition du festival de Berlin\u00a0; <\/span><\/span><\/span><\/li>\n<li><span><span><span><em>Last Queen<\/em> r\u00e9alis\u00e9 par Adila Bendimerad et Damien Ounouri (Alg\u00e9rie) s\u00e9lectionn\u00e9 dans la section Giornate degli Autori du Festival de Venise\u00a0;<\/span><\/span><\/span><\/li>\n<li><span><span><span><em>La syndicaliste<\/em>, de Jean-Paul Salom\u00e9 (France), s\u00e9lectionn\u00e9 dans la section Horizons au Festival de Venise\u00a0;<\/span><\/span><\/span><\/li>\n<li><span><span><span><em><a href=\"https:\/\/www.webdo.tn\/fr\/actualite\/culture\/cannes-2022-palmares-du-jury-de-la-fipresci\/200026\">Le bleu du caftan <\/a><\/em><a href=\"https:\/\/www.webdo.tn\/fr\/actualite\/culture\/cannes-2022-palmares-du-jury-de-la-fipresci\/200026\">de Maryam Touzani (Maroc), Prix FIPRESCI Un certain regard \u00e0 Cannes 2022\u00a0<\/a>;<\/span><\/span><\/span><\/li>\n<li><span><span><span><em>Je reviendrais l\u00e0-bas<\/em> de Yassine Redissi (Tunisie), Mention sp\u00e9ciale au Festival International du Film du Caire, section Horizons du cin\u00e9ma arabe. <\/span><\/span><\/span><br \/>\n\t\u00a0<\/li>\n<\/ul>\n<p><span><span><span>Quant aux jurys, ils seront compos\u00e9s de 7 membres pour celui des longs m\u00e9trages dont le pr\u00e9sident sera le c\u00e9l\u00e8bre Jorge Arriagada du Chili, 5 autres pour le jury des CM, et de m\u00eame pour les documentaires et le \u00ab\u00a0Mobile Film\u00a0\u00bb\u00a0; le dernier jury \u00e9tant celui d\u00e9sign\u00e9 par l\u2019UNESCO, pour le prix ICFT \u2013 CICT, qui r\u00e9compensera le film qui porte un discours de tol\u00e9rance, de cohabitation pacifique et de paix. <\/span><\/span><\/span><\/p>\n<p><span><span><span>Des hommages seront \u00e9videmment rendus \u00e0 de c\u00e9l\u00e8bres stars tunisiennes et \u00e9trang\u00e8res du cin\u00e9ma, telles que Dorra Zarrouk, Fethi Heddaoui et l\u2019actrice \u00e9gyptienne Youssra. L\u2019invit\u00e9e d\u2019honneur de cette \u00e9dition sera la r\u00e9alisatrice Salma Baccar.<\/span><\/span><\/span><\/p>\n<p><span><span><span>D\u2019autres invit\u00e9s de marque seront de m\u00eame pr\u00e9sents lors de ce MIFF 2023 en attendant la confirmation de leur participation.<\/span><\/span><\/span><\/p>\n<p><iframe allowfullscreen=\"true\" frameborder=\"0\" height=\"314\" scrolling=\"no\" src=\"https:\/\/www.facebook.com\/plugins\/video.php?height=314&amp;href=https%3A%2F%2Fwww.facebook.com%2Fmifftunisie%2Fvideos%2F2238327389695956%2F&amp;show_text=false&amp;width=560&amp;t=0\" width=\"560\"><\/iframe><\/p>\n<p>\u00a0<\/p>\n<p><span><span><span>Mokhtar Ladjimi a \u00e9galement d\u00e9voil\u00e9 l&rsquo;affiche de la deuxi\u00e8me \u00e9dition mettant en vedette Boussaddia, qui joue le r\u00f4le principal. Cette image suscite l&rsquo;int\u00e9r\u00eat et soul\u00e8ve la question de savoir ce que le cin\u00e9ma et Boussaddia ont en commun. Tout comme Boussaddia, le cin\u00e9ma est un art qui traverse les fronti\u00e8res g\u00e9ographiques et culturelles pour toucher les c\u0153urs de son public dans le monde entier. Cette symbolique montre l&rsquo;importance du cin\u00e9ma dans les soci\u00e9t\u00e9s, car il est capable de transcender les diff\u00e9rences et de rassembler les gens autour d&rsquo;une passion commune.<\/span><\/span><\/span><\/p>\n<p><span><span><span>Il est int\u00e9ressant de noter que Boussaddia est un personnage important du patrimoine tunisien et qu&rsquo;il s&rsquo;int\u00e8gre parfaitement au cadre traditionnel de la M\u00e9dina de Hammamet. L&rsquo;utilisation de cette ic\u00f4ne locale comme personnage principal de l&rsquo;affiche du MIFF 2023 montre l&rsquo;importance que l&rsquo;\u00e9v\u00e9nement accorde \u00e0 la promotion de la culture et du patrimoine tunisiens. Cette initiative pourrait \u00e9galement attirer l&rsquo;attention sur la richesse et la diversit\u00e9 culturelles de la Tunisie, tout en cr\u00e9ant un sentiment de fiert\u00e9 chez les Tunisiens.<\/span><\/span><\/span><\/p>\n<p>\n<span><span><strong><span>Ne\u00efla Driss<\/span><\/strong><\/span><\/span><\/p>\n<p>\u00a0<\/p>\n<\/p><\/div>\n<div class=\"coprs\" style=\"text-align: center\"><\/div><\/div>\n","protected":false},"excerpt":{"rendered":"<p>La deuxi\u00e8me \u00e9dition du Master International Film Festival (MIFF) aura lieu du 6 au 13 mai 2023 \u00e0 Yasmine Hammamet en Tunisie.<\/p>\n","protected":false},"author":3164,"featured_media":251406,"comment_status":"open","ping_status":"closed","sticky":false,"template":"","format":"standard","meta":{"footnotes":""},"categories":[2594],"tags":[2626,3607,8540,8206,8457,8137],"class_list":["post-204934","post","type-post","status-publish","format-standard","has-post-thumbnail","hentry","category-culture","tag-cinema","tag-hammamet","tag-master-international-film-festival-miff","tag-miff","tag-miff-2023","tag-yasmine-hammamet"],"yoast_head":"<!-- This site is optimized with the Yoast SEO Premium plugin v27.5 (Yoast SEO v27.5) - https:\/\/yoast.com\/product\/yoast-seo-premium-wordpress\/ -->\n<title>MIFF 2023 - Une diversit\u00e9 culturelle \u00e0 travers des films et des activit\u00e9s cin\u00e9matographiques<\/title>\n<meta name=\"description\" content=\"La deuxi\u00e8me \u00e9dition du Master International Film Festival (MIFF) aura lieu du 6 au 13 mai 2023 \u00e0 Yasmine Hammamet en Tunisie.\" \/>\n<link rel=\"canonical\" href=\"https:\/\/www.webdo.tn\/fr\/actualite\/culture\/miff-2023-une-diversite-culturelle-a-travers-des-films-et-des-activites-cinematographiques\/204934\/\" \/>\n<meta property=\"og:locale\" content=\"fr_FR\" \/>\n<meta property=\"og:type\" content=\"article\" \/>\n<meta property=\"og:title\" content=\"MIFF 2023 - Une diversit\u00e9 culturelle \u00e0 travers des films et des activit\u00e9s cin\u00e9matographiques\" \/>\n<meta property=\"og:description\" content=\"La deuxi\u00e8me \u00e9dition du Master International Film Festival (MIFF) aura lieu du 6 au 13 mai 2023 \u00e0 Yasmine Hammamet en Tunisie.\" \/>\n<meta property=\"og:url\" content=\"https:\/\/www.webdo.tn\/fr\/actualite\/culture\/miff-2023-une-diversite-culturelle-a-travers-des-films-et-des-activites-cinematographiques\/204934\/\" \/>\n<meta property=\"og:site_name\" content=\"webdo\" \/>\n<meta property=\"article:publisher\" content=\"https:\/\/www.facebook.com\/webdotn\" \/>\n<meta property=\"article:author\" content=\"https:\/\/www.facebook.com\/massir.destiniii\/\" \/>\n<meta property=\"article:published_time\" content=\"2023-04-17T20:30:00+00:00\" \/>\n<meta property=\"article:modified_time\" content=\"2025-05-21T08:56:43+00:00\" \/>\n<meta property=\"og:image\" content=\"https:\/\/www.webdo.tn\/fr\/wp-content\/uploads\/2023\/04\/a06778028bb096ee0a3b994e5384df21.jpeg\" \/>\n\t<meta property=\"og:image:width\" content=\"640\" \/>\n\t<meta property=\"og:image:height\" content=\"341\" \/>\n\t<meta property=\"og:image:type\" content=\"image\/jpeg\" \/>\n<meta name=\"author\" content=\"Ne\u00efla DRISS\" \/>\n<meta name=\"twitter:card\" content=\"summary_large_image\" \/>\n<meta name=\"twitter:creator\" content=\"@https:\/\/x.com\/MassirDestin\" \/>\n<meta name=\"twitter:site\" content=\"@webdo_tn\" \/>\n<meta name=\"twitter:label1\" content=\"\u00c9crit par\" \/>\n\t<meta name=\"twitter:data1\" content=\"Ne\u00efla DRISS\" \/>\n\t<meta name=\"twitter:label2\" content=\"Dur\u00e9e de lecture estim\u00e9e\" \/>\n\t<meta name=\"twitter:data2\" content=\"6 minutes\" \/>\n<script type=\"application\/ld+json\" class=\"yoast-schema-graph\">{\"@context\":\"https:\\\/\\\/schema.org\",\"@graph\":[{\"@type\":\"NewsArticle\",\"@id\":\"https:\\\/\\\/www.webdo.tn\\\/fr\\\/actualite\\\/culture\\\/miff-2023-une-diversite-culturelle-a-travers-des-films-et-des-activites-cinematographiques\\\/204934\\\/#article\",\"isPartOf\":{\"@id\":\"https:\\\/\\\/www.webdo.tn\\\/fr\\\/actualite\\\/culture\\\/miff-2023-une-diversite-culturelle-a-travers-des-films-et-des-activites-cinematographiques\\\/204934\\\/\"},\"author\":{\"name\":\"Ne\u00efla DRISS\",\"@id\":\"https:\\\/\\\/www.webdo.tn\\\/fr\\\/#\\\/schema\\\/person\\\/60d5ba619ed3f58783b0dc82b7dada80\"},\"headline\":\"MIFF 2023 &#8211; Une diversit\u00e9 culturelle \u00e0 travers des films et des activit\u00e9s cin\u00e9matographiques\",\"datePublished\":\"2023-04-17T20:30:00+00:00\",\"dateModified\":\"2025-05-21T08:56:43+00:00\",\"mainEntityOfPage\":{\"@id\":\"https:\\\/\\\/www.webdo.tn\\\/fr\\\/actualite\\\/culture\\\/miff-2023-une-diversite-culturelle-a-travers-des-films-et-des-activites-cinematographiques\\\/204934\\\/\"},\"wordCount\":1334,\"commentCount\":0,\"publisher\":{\"@id\":\"https:\\\/\\\/www.webdo.tn\\\/fr\\\/#organization\"},\"image\":{\"@id\":\"https:\\\/\\\/www.webdo.tn\\\/fr\\\/actualite\\\/culture\\\/miff-2023-une-diversite-culturelle-a-travers-des-films-et-des-activites-cinematographiques\\\/204934\\\/#primaryimage\"},\"thumbnailUrl\":\"https:\\\/\\\/www.webdo.tn\\\/fr\\\/wp-content\\\/uploads\\\/2023\\\/04\\\/a06778028bb096ee0a3b994e5384df21.jpeg\",\"keywords\":[\"Cin\u00e9ma\",\"hammamet\",\"Master International Film Festival (MIFF)\",\"MIFF\",\"MIFF 2023\",\"Yasmine Hammamet\"],\"articleSection\":[\"Culture\"],\"inLanguage\":\"fr-FR\"},{\"@type\":\"WebPage\",\"@id\":\"https:\\\/\\\/www.webdo.tn\\\/fr\\\/actualite\\\/culture\\\/miff-2023-une-diversite-culturelle-a-travers-des-films-et-des-activites-cinematographiques\\\/204934\\\/\",\"url\":\"https:\\\/\\\/www.webdo.tn\\\/fr\\\/actualite\\\/culture\\\/miff-2023-une-diversite-culturelle-a-travers-des-films-et-des-activites-cinematographiques\\\/204934\\\/\",\"name\":\"MIFF 2023 - Une diversit\u00e9 culturelle \u00e0 travers des films et des activit\u00e9s cin\u00e9matographiques\",\"isPartOf\":{\"@id\":\"https:\\\/\\\/www.webdo.tn\\\/fr\\\/#website\"},\"primaryImageOfPage\":{\"@id\":\"https:\\\/\\\/www.webdo.tn\\\/fr\\\/actualite\\\/culture\\\/miff-2023-une-diversite-culturelle-a-travers-des-films-et-des-activites-cinematographiques\\\/204934\\\/#primaryimage\"},\"image\":{\"@id\":\"https:\\\/\\\/www.webdo.tn\\\/fr\\\/actualite\\\/culture\\\/miff-2023-une-diversite-culturelle-a-travers-des-films-et-des-activites-cinematographiques\\\/204934\\\/#primaryimage\"},\"thumbnailUrl\":\"https:\\\/\\\/www.webdo.tn\\\/fr\\\/wp-content\\\/uploads\\\/2023\\\/04\\\/a06778028bb096ee0a3b994e5384df21.jpeg\",\"datePublished\":\"2023-04-17T20:30:00+00:00\",\"dateModified\":\"2025-05-21T08:56:43+00:00\",\"description\":\"La deuxi\u00e8me \u00e9dition du Master International Film Festival (MIFF) aura lieu du 6 au 13 mai 2023 \u00e0 Yasmine Hammamet en Tunisie.\",\"breadcrumb\":{\"@id\":\"https:\\\/\\\/www.webdo.tn\\\/fr\\\/actualite\\\/culture\\\/miff-2023-une-diversite-culturelle-a-travers-des-films-et-des-activites-cinematographiques\\\/204934\\\/#breadcrumb\"},\"inLanguage\":\"fr-FR\",\"potentialAction\":[{\"@type\":\"ReadAction\",\"target\":[\"https:\\\/\\\/www.webdo.tn\\\/fr\\\/actualite\\\/culture\\\/miff-2023-une-diversite-culturelle-a-travers-des-films-et-des-activites-cinematographiques\\\/204934\\\/\"]}]},{\"@type\":\"ImageObject\",\"inLanguage\":\"fr-FR\",\"@id\":\"https:\\\/\\\/www.webdo.tn\\\/fr\\\/actualite\\\/culture\\\/miff-2023-une-diversite-culturelle-a-travers-des-films-et-des-activites-cinematographiques\\\/204934\\\/#primaryimage\",\"url\":\"https:\\\/\\\/www.webdo.tn\\\/fr\\\/wp-content\\\/uploads\\\/2023\\\/04\\\/a06778028bb096ee0a3b994e5384df21.jpeg\",\"contentUrl\":\"https:\\\/\\\/www.webdo.tn\\\/fr\\\/wp-content\\\/uploads\\\/2023\\\/04\\\/a06778028bb096ee0a3b994e5384df21.jpeg\",\"width\":640,\"height\":341,\"caption\":\"MIFF 2023 - Une diversit\u00e9 culturelle \u00e0 travers des films et des activit\u00e9s cin\u00e9matographiques\"},{\"@type\":\"BreadcrumbList\",\"@id\":\"https:\\\/\\\/www.webdo.tn\\\/fr\\\/actualite\\\/culture\\\/miff-2023-une-diversite-culturelle-a-travers-des-films-et-des-activites-cinematographiques\\\/204934\\\/#breadcrumb\",\"itemListElement\":[{\"@type\":\"ListItem\",\"position\":1,\"name\":\"Accueil\",\"item\":\"https:\\\/\\\/www.webdo.tn\\\/fr\\\/\"},{\"@type\":\"ListItem\",\"position\":2,\"name\":\"MIFF 2023 &#8211; Une diversit\u00e9 culturelle \u00e0 travers des films et des activit\u00e9s cin\u00e9matographiques\"}]},{\"@type\":\"WebSite\",\"@id\":\"https:\\\/\\\/www.webdo.tn\\\/fr\\\/#website\",\"url\":\"https:\\\/\\\/www.webdo.tn\\\/fr\\\/\",\"name\":\"webdo\",\"description\":\"Tunisie - News en Tunisie et \u00e0 l&#039;international sur Webdo.tn\",\"publisher\":{\"@id\":\"https:\\\/\\\/www.webdo.tn\\\/fr\\\/#organization\"},\"potentialAction\":[{\"@type\":\"SearchAction\",\"target\":{\"@type\":\"EntryPoint\",\"urlTemplate\":\"https:\\\/\\\/www.webdo.tn\\\/fr\\\/?s={search_term_string}\"},\"query-input\":{\"@type\":\"PropertyValueSpecification\",\"valueRequired\":true,\"valueName\":\"search_term_string\"}}],\"inLanguage\":\"fr-FR\"},{\"@type\":\"Organization\",\"@id\":\"https:\\\/\\\/www.webdo.tn\\\/fr\\\/#organization\",\"name\":\"Webdo\",\"alternateName\":\"Webdo.tn\",\"url\":\"https:\\\/\\\/www.webdo.tn\\\/fr\\\/\",\"logo\":{\"@type\":\"ImageObject\",\"inLanguage\":\"fr-FR\",\"@id\":\"https:\\\/\\\/www.webdo.tn\\\/fr\\\/#\\\/schema\\\/logo\\\/image\\\/\",\"url\":\"https:\\\/\\\/www.webdo.tn\\\/fr\\\/wp-content\\\/uploads\\\/2025\\\/06\\\/Webdo-Tunisie_168377.jpg\",\"contentUrl\":\"https:\\\/\\\/www.webdo.tn\\\/fr\\\/wp-content\\\/uploads\\\/2025\\\/06\\\/Webdo-Tunisie_168377.jpg\",\"width\":301,\"height\":301,\"caption\":\"Webdo\"},\"image\":{\"@id\":\"https:\\\/\\\/www.webdo.tn\\\/fr\\\/#\\\/schema\\\/logo\\\/image\\\/\"},\"sameAs\":[\"https:\\\/\\\/www.facebook.com\\\/webdotn\",\"https:\\\/\\\/x.com\\\/webdo_tn\"],\"description\":\"Webdo est un m\u00e9dia num\u00e9rique tunisien fond\u00e9 en 2010, sp\u00e9cialis\u00e9 dans l\u2019actualit\u00e9 nationale et internationale, l\u2019\u00e9conomie, la soci\u00e9t\u00e9 et les analyses politiques. Le site s\u2019adresse \u00e0 un large public francophone et couvre l\u2019information tunisienne en temps r\u00e9el.\",\"email\":\"redac@webdo.tn\",\"legalName\":\"YNJ SARL\",\"foundingDate\":\"2010-09-06\",\"numberOfEmployees\":{\"@type\":\"QuantitativeValue\",\"minValue\":\"11\",\"maxValue\":\"50\"}},{\"@type\":\"Person\",\"@id\":\"https:\\\/\\\/www.webdo.tn\\\/fr\\\/#\\\/schema\\\/person\\\/60d5ba619ed3f58783b0dc82b7dada80\",\"name\":\"Ne\u00efla DRISS\",\"image\":{\"@type\":\"ImageObject\",\"inLanguage\":\"fr-FR\",\"@id\":\"https:\\\/\\\/www.webdo.tn\\\/fr\\\/wp-content\\\/uploads\\\/2026\\\/04\\\/neila-driss_avatar-96x96.jpg\",\"url\":\"https:\\\/\\\/www.webdo.tn\\\/fr\\\/wp-content\\\/uploads\\\/2026\\\/04\\\/neila-driss_avatar-96x96.jpg\",\"contentUrl\":\"https:\\\/\\\/www.webdo.tn\\\/fr\\\/wp-content\\\/uploads\\\/2026\\\/04\\\/neila-driss_avatar-96x96.jpg\",\"caption\":\"Ne\u00efla DRISS\"},\"description\":\"Ne\u00efla Driss est juriste, journaliste culturelle et critique de cin\u00e9ma tunisienne. Titulaire d\u2019un DEA en droit priv\u00e9 de l\u2019Universit\u00e9 Paris II et d\u2019un DESS de l\u2019IHEC Carthage, elle d\u00e9bute sa carri\u00e8re comme juriste sp\u00e9cialis\u00e9e en gestion de patrimoine immobilier. Elle s\u2019oriente ensuite vers l\u2019\u00e9criture en ligne, o\u00f9 elle se distingue d\u00e8s 2006 aux Tunisia Blog Awards, avant de se consacrer au journalisme culturel, avec une sp\u00e9cialisation dans la critique cin\u00e9matographique. Elle couvre r\u00e9guli\u00e8rement les grands festivals internationaux, notamment le Festival de Cannes, les Journ\u00e9es Cin\u00e9matographiques de Carthage et le Festival du film du Caire. Membre de l\u2019ATPCC et de la FIPRESCI, elle participe \u00e0 des jurys et initiatives internationales de critique. Depuis 2024, elle est \u00e9lectrice internationale aux Golden Globes. Facebook : https:\\\/\\\/www.facebook.com\\\/massir.destiniii\\\/ X : https:\\\/\\\/x.com\\\/MassirDestin\",\"sameAs\":[\"https:\\\/\\\/www.facebook.com\\\/massir.destiniii\\\/\",\"https:\\\/\\\/www.instagram.com\\\/neila.driss\\\/?hl=fr\",\"https:\\\/\\\/www.linkedin.com\\\/in\\\/neila-driss-22606a80\\\/\",\"https:\\\/\\\/x.com\\\/https:\\\/\\\/x.com\\\/MassirDestin\"],\"knowsAbout\":[\"Cin\u00e9ma international\",\"critique cin\u00e9matographique\",\"festivals de cin\u00e9ma\",\"journalisme culturel\"],\"knowsLanguage\":[\"Fran\u00e7ais\",\"Arabe\",\"Anglais\"],\"jobTitle\":\"Journaliste culturelle et critique de cin\u00e9ma\",\"worksFor\":\"Webdo\",\"url\":\"https:\\\/\\\/www.webdo.tn\\\/fr\\\/actualite\\\/author\\\/neila-driss\\\/\"}]}<\/script>\n<!-- \/ Yoast SEO Premium plugin. -->","yoast_head_json":{"title":"MIFF 2023 - Une diversit\u00e9 culturelle \u00e0 travers des films et des activit\u00e9s cin\u00e9matographiques","description":"La deuxi\u00e8me \u00e9dition du Master International Film Festival (MIFF) aura lieu du 6 au 13 mai 2023 \u00e0 Yasmine Hammamet en Tunisie.","canonical":"https:\/\/www.webdo.tn\/fr\/actualite\/culture\/miff-2023-une-diversite-culturelle-a-travers-des-films-et-des-activites-cinematographiques\/204934\/","og_locale":"fr_FR","og_type":"article","og_title":"MIFF 2023 - Une diversit\u00e9 culturelle \u00e0 travers des films et des activit\u00e9s cin\u00e9matographiques","og_description":"La deuxi\u00e8me \u00e9dition du Master International Film Festival (MIFF) aura lieu du 6 au 13 mai 2023 \u00e0 Yasmine Hammamet en Tunisie.","og_url":"https:\/\/www.webdo.tn\/fr\/actualite\/culture\/miff-2023-une-diversite-culturelle-a-travers-des-films-et-des-activites-cinematographiques\/204934\/","og_site_name":"webdo","article_publisher":"https:\/\/www.facebook.com\/webdotn","article_author":"https:\/\/www.facebook.com\/massir.destiniii\/","article_published_time":"2023-04-17T20:30:00+00:00","article_modified_time":"2025-05-21T08:56:43+00:00","og_image":[{"width":640,"height":341,"url":"https:\/\/www.webdo.tn\/fr\/wp-content\/uploads\/2023\/04\/a06778028bb096ee0a3b994e5384df21.jpeg","type":"image\/jpeg"}],"author":"Ne\u00efla DRISS","twitter_card":"summary_large_image","twitter_creator":"@https:\/\/x.com\/MassirDestin","twitter_site":"@webdo_tn","twitter_misc":{"\u00c9crit par":"Ne\u00efla DRISS","Dur\u00e9e de lecture estim\u00e9e":"6 minutes"},"schema":{"@context":"https:\/\/schema.org","@graph":[{"@type":"NewsArticle","@id":"https:\/\/www.webdo.tn\/fr\/actualite\/culture\/miff-2023-une-diversite-culturelle-a-travers-des-films-et-des-activites-cinematographiques\/204934\/#article","isPartOf":{"@id":"https:\/\/www.webdo.tn\/fr\/actualite\/culture\/miff-2023-une-diversite-culturelle-a-travers-des-films-et-des-activites-cinematographiques\/204934\/"},"author":{"name":"Ne\u00efla DRISS","@id":"https:\/\/www.webdo.tn\/fr\/#\/schema\/person\/60d5ba619ed3f58783b0dc82b7dada80"},"headline":"MIFF 2023 &#8211; Une diversit\u00e9 culturelle \u00e0 travers des films et des activit\u00e9s cin\u00e9matographiques","datePublished":"2023-04-17T20:30:00+00:00","dateModified":"2025-05-21T08:56:43+00:00","mainEntityOfPage":{"@id":"https:\/\/www.webdo.tn\/fr\/actualite\/culture\/miff-2023-une-diversite-culturelle-a-travers-des-films-et-des-activites-cinematographiques\/204934\/"},"wordCount":1334,"commentCount":0,"publisher":{"@id":"https:\/\/www.webdo.tn\/fr\/#organization"},"image":{"@id":"https:\/\/www.webdo.tn\/fr\/actualite\/culture\/miff-2023-une-diversite-culturelle-a-travers-des-films-et-des-activites-cinematographiques\/204934\/#primaryimage"},"thumbnailUrl":"https:\/\/www.webdo.tn\/fr\/wp-content\/uploads\/2023\/04\/a06778028bb096ee0a3b994e5384df21.jpeg","keywords":["Cin\u00e9ma","hammamet","Master International Film Festival (MIFF)","MIFF","MIFF 2023","Yasmine Hammamet"],"articleSection":["Culture"],"inLanguage":"fr-FR"},{"@type":"WebPage","@id":"https:\/\/www.webdo.tn\/fr\/actualite\/culture\/miff-2023-une-diversite-culturelle-a-travers-des-films-et-des-activites-cinematographiques\/204934\/","url":"https:\/\/www.webdo.tn\/fr\/actualite\/culture\/miff-2023-une-diversite-culturelle-a-travers-des-films-et-des-activites-cinematographiques\/204934\/","name":"MIFF 2023 - Une diversit\u00e9 culturelle \u00e0 travers des films et des activit\u00e9s cin\u00e9matographiques","isPartOf":{"@id":"https:\/\/www.webdo.tn\/fr\/#website"},"primaryImageOfPage":{"@id":"https:\/\/www.webdo.tn\/fr\/actualite\/culture\/miff-2023-une-diversite-culturelle-a-travers-des-films-et-des-activites-cinematographiques\/204934\/#primaryimage"},"image":{"@id":"https:\/\/www.webdo.tn\/fr\/actualite\/culture\/miff-2023-une-diversite-culturelle-a-travers-des-films-et-des-activites-cinematographiques\/204934\/#primaryimage"},"thumbnailUrl":"https:\/\/www.webdo.tn\/fr\/wp-content\/uploads\/2023\/04\/a06778028bb096ee0a3b994e5384df21.jpeg","datePublished":"2023-04-17T20:30:00+00:00","dateModified":"2025-05-21T08:56:43+00:00","description":"La deuxi\u00e8me \u00e9dition du Master International Film Festival (MIFF) aura lieu du 6 au 13 mai 2023 \u00e0 Yasmine Hammamet en Tunisie.","breadcrumb":{"@id":"https:\/\/www.webdo.tn\/fr\/actualite\/culture\/miff-2023-une-diversite-culturelle-a-travers-des-films-et-des-activites-cinematographiques\/204934\/#breadcrumb"},"inLanguage":"fr-FR","potentialAction":[{"@type":"ReadAction","target":["https:\/\/www.webdo.tn\/fr\/actualite\/culture\/miff-2023-une-diversite-culturelle-a-travers-des-films-et-des-activites-cinematographiques\/204934\/"]}]},{"@type":"ImageObject","inLanguage":"fr-FR","@id":"https:\/\/www.webdo.tn\/fr\/actualite\/culture\/miff-2023-une-diversite-culturelle-a-travers-des-films-et-des-activites-cinematographiques\/204934\/#primaryimage","url":"https:\/\/www.webdo.tn\/fr\/wp-content\/uploads\/2023\/04\/a06778028bb096ee0a3b994e5384df21.jpeg","contentUrl":"https:\/\/www.webdo.tn\/fr\/wp-content\/uploads\/2023\/04\/a06778028bb096ee0a3b994e5384df21.jpeg","width":640,"height":341,"caption":"MIFF 2023 - Une diversit\u00e9 culturelle \u00e0 travers des films et des activit\u00e9s cin\u00e9matographiques"},{"@type":"BreadcrumbList","@id":"https:\/\/www.webdo.tn\/fr\/actualite\/culture\/miff-2023-une-diversite-culturelle-a-travers-des-films-et-des-activites-cinematographiques\/204934\/#breadcrumb","itemListElement":[{"@type":"ListItem","position":1,"name":"Accueil","item":"https:\/\/www.webdo.tn\/fr\/"},{"@type":"ListItem","position":2,"name":"MIFF 2023 &#8211; Une diversit\u00e9 culturelle \u00e0 travers des films et des activit\u00e9s cin\u00e9matographiques"}]},{"@type":"WebSite","@id":"https:\/\/www.webdo.tn\/fr\/#website","url":"https:\/\/www.webdo.tn\/fr\/","name":"webdo","description":"Tunisie - News en Tunisie et \u00e0 l&#039;international sur Webdo.tn","publisher":{"@id":"https:\/\/www.webdo.tn\/fr\/#organization"},"potentialAction":[{"@type":"SearchAction","target":{"@type":"EntryPoint","urlTemplate":"https:\/\/www.webdo.tn\/fr\/?s={search_term_string}"},"query-input":{"@type":"PropertyValueSpecification","valueRequired":true,"valueName":"search_term_string"}}],"inLanguage":"fr-FR"},{"@type":"Organization","@id":"https:\/\/www.webdo.tn\/fr\/#organization","name":"Webdo","alternateName":"Webdo.tn","url":"https:\/\/www.webdo.tn\/fr\/","logo":{"@type":"ImageObject","inLanguage":"fr-FR","@id":"https:\/\/www.webdo.tn\/fr\/#\/schema\/logo\/image\/","url":"https:\/\/www.webdo.tn\/fr\/wp-content\/uploads\/2025\/06\/Webdo-Tunisie_168377.jpg","contentUrl":"https:\/\/www.webdo.tn\/fr\/wp-content\/uploads\/2025\/06\/Webdo-Tunisie_168377.jpg","width":301,"height":301,"caption":"Webdo"},"image":{"@id":"https:\/\/www.webdo.tn\/fr\/#\/schema\/logo\/image\/"},"sameAs":["https:\/\/www.facebook.com\/webdotn","https:\/\/x.com\/webdo_tn"],"description":"Webdo est un m\u00e9dia num\u00e9rique tunisien fond\u00e9 en 2010, sp\u00e9cialis\u00e9 dans l\u2019actualit\u00e9 nationale et internationale, l\u2019\u00e9conomie, la soci\u00e9t\u00e9 et les analyses politiques. Le site s\u2019adresse \u00e0 un large public francophone et couvre l\u2019information tunisienne en temps r\u00e9el.","email":"redac@webdo.tn","legalName":"YNJ SARL","foundingDate":"2010-09-06","numberOfEmployees":{"@type":"QuantitativeValue","minValue":"11","maxValue":"50"}},{"@type":"Person","@id":"https:\/\/www.webdo.tn\/fr\/#\/schema\/person\/60d5ba619ed3f58783b0dc82b7dada80","name":"Ne\u00efla DRISS","image":{"@type":"ImageObject","inLanguage":"fr-FR","@id":"https:\/\/www.webdo.tn\/fr\/wp-content\/uploads\/2026\/04\/neila-driss_avatar-96x96.jpg","url":"https:\/\/www.webdo.tn\/fr\/wp-content\/uploads\/2026\/04\/neila-driss_avatar-96x96.jpg","contentUrl":"https:\/\/www.webdo.tn\/fr\/wp-content\/uploads\/2026\/04\/neila-driss_avatar-96x96.jpg","caption":"Ne\u00efla DRISS"},"description":"Ne\u00efla Driss est juriste, journaliste culturelle et critique de cin\u00e9ma tunisienne. Titulaire d\u2019un DEA en droit priv\u00e9 de l\u2019Universit\u00e9 Paris II et d\u2019un DESS de l\u2019IHEC Carthage, elle d\u00e9bute sa carri\u00e8re comme juriste sp\u00e9cialis\u00e9e en gestion de patrimoine immobilier. Elle s\u2019oriente ensuite vers l\u2019\u00e9criture en ligne, o\u00f9 elle se distingue d\u00e8s 2006 aux Tunisia Blog Awards, avant de se consacrer au journalisme culturel, avec une sp\u00e9cialisation dans la critique cin\u00e9matographique. Elle couvre r\u00e9guli\u00e8rement les grands festivals internationaux, notamment le Festival de Cannes, les Journ\u00e9es Cin\u00e9matographiques de Carthage et le Festival du film du Caire. Membre de l\u2019ATPCC et de la FIPRESCI, elle participe \u00e0 des jurys et initiatives internationales de critique. Depuis 2024, elle est \u00e9lectrice internationale aux Golden Globes. Facebook : https:\/\/www.facebook.com\/massir.destiniii\/ X : https:\/\/x.com\/MassirDestin","sameAs":["https:\/\/www.facebook.com\/massir.destiniii\/","https:\/\/www.instagram.com\/neila.driss\/?hl=fr","https:\/\/www.linkedin.com\/in\/neila-driss-22606a80\/","https:\/\/x.com\/https:\/\/x.com\/MassirDestin"],"knowsAbout":["Cin\u00e9ma international","critique cin\u00e9matographique","festivals de cin\u00e9ma","journalisme culturel"],"knowsLanguage":["Fran\u00e7ais","Arabe","Anglais"],"jobTitle":"Journaliste culturelle et critique de cin\u00e9ma","worksFor":"Webdo","url":"https:\/\/www.webdo.tn\/fr\/actualite\/author\/neila-driss\/"}]}},"_links":{"self":[{"href":"https:\/\/www.webdo.tn\/fr\/wp-json\/wp\/v2\/posts\/204934","targetHints":{"allow":["GET"]}}],"collection":[{"href":"https:\/\/www.webdo.tn\/fr\/wp-json\/wp\/v2\/posts"}],"about":[{"href":"https:\/\/www.webdo.tn\/fr\/wp-json\/wp\/v2\/types\/post"}],"author":[{"embeddable":true,"href":"https:\/\/www.webdo.tn\/fr\/wp-json\/wp\/v2\/users\/3164"}],"replies":[{"embeddable":true,"href":"https:\/\/www.webdo.tn\/fr\/wp-json\/wp\/v2\/comments?post=204934"}],"version-history":[{"count":0,"href":"https:\/\/www.webdo.tn\/fr\/wp-json\/wp\/v2\/posts\/204934\/revisions"}],"wp:featuredmedia":[{"embeddable":true,"href":"https:\/\/www.webdo.tn\/fr\/wp-json\/wp\/v2\/media\/251406"}],"wp:attachment":[{"href":"https:\/\/www.webdo.tn\/fr\/wp-json\/wp\/v2\/media?parent=204934"}],"wp:term":[{"taxonomy":"category","embeddable":true,"href":"https:\/\/www.webdo.tn\/fr\/wp-json\/wp\/v2\/categories?post=204934"},{"taxonomy":"post_tag","embeddable":true,"href":"https:\/\/www.webdo.tn\/fr\/wp-json\/wp\/v2\/tags?post=204934"}],"curies":[{"name":"wp","href":"https:\/\/api.w.org\/{rel}","templated":true}]}}