{"id":204931,"date":"2023-04-17T20:02:00","date_gmt":"2023-04-17T20:02:00","guid":{"rendered":"https:\/\/www.webdo.tn\/fr\/blog\/tunisie-rached-ghannouchi-arrete-et-conduit-vers-la-caser-de-l-aouina\/204931\/"},"modified":"2025-05-20T22:44:07","modified_gmt":"2025-05-20T22:44:07","slug":"tunisie-rached-ghannouchi-arrete-et-conduit-vers-la-caser-de-l-aouina","status":"publish","type":"post","link":"https:\/\/www.webdo.tn\/fr\/actualite\/national\/tunisie-rached-ghannouchi-arrete-et-conduit-vers-la-caser-de-l-aouina\/204931\/","title":{"rendered":"Tunisie : Rached Ghannouchi arr\u00eat\u00e9 et conduit vers la caserne de l\u2019Aouina"},"content":{"rendered":"<p>Le chef du parti Ennahdha Rached Ghannouchi vient d\u2019\u00eatre arr\u00eat\u00e9 et conduit vers la caserne de l\u2019Aouinia, rapportent plusieurs sources concordantes.<\/p>\n<p>\t\t\t\t\t\t\t\t\tSon gendre Rafik Abdessalam a confirm\u00e9 cette information affirmant qu\u2019une descente a \u00e9t\u00e9 effectu\u00e9e dans son domicile.<\/p>\n<p>Un memebre du comit\u00e9 de sa d\u00e9fense explique pour sa part que cette arrestation a eu lieu quelques moments apr\u00e8s la rupture du je\u00fbne. \u00a0\u00a0<\/p>\n<p>Il faut rappeler que samedi dernier, Rached Ghannouchi a \u00e9voqu\u00e9 encore une fois le risque d\u2019une guerre civile en Tunisie en cas \u00ab d\u2019\u00e9limination de toute composante politique \u00bb.<\/p>\n","protected":false},"excerpt":{"rendered":"<p>Le chef du parti Ennahdha Rached Ghannouchi vient d\u2019\u00eatre arr\u00eat\u00e9 et conduit vers la caserne de l\u2019Aouinia, rapportent plusieurs sources concordantes.<\/p>\n","protected":false},"author":3175,"featured_media":251402,"comment_status":"open","ping_status":"closed","sticky":false,"template":"","format":"standard","meta":{"footnotes":""},"categories":[44],"tags":[4127,2608],"class_list":["post-204931","post","type-post","status-publish","format-standard","has-post-thumbnail","hentry","category-national","tag-ghannouchi","tag-tunisie"],"yoast_head":"<!-- This site is optimized with the Yoast SEO Premium plugin v27.5 (Yoast SEO v27.5) - https:\/\/yoast.com\/product\/yoast-seo-premium-wordpress\/ -->\n<title>Tunisie : Rached Ghannouchi arr\u00eat\u00e9 et conduit vers la caserne de l\u2019Aouina<\/title>\n<meta name=\"description\" content=\"Le chef du parti Ennahdha Rached Ghannouchi vient d\u2019\u00eatre arr\u00eat\u00e9 et conduit vers la caserne de l\u2019Aouinia, rapportent plusieurs sources concordantes.\" \/>\n<link rel=\"canonical\" href=\"https:\/\/www.webdo.tn\/fr\/actualite\/national\/tunisie-rached-ghannouchi-arrete-et-conduit-vers-la-caser-de-l-aouina\/204931\/\" \/>\n<meta property=\"og:locale\" content=\"fr_FR\" \/>\n<meta property=\"og:type\" content=\"article\" \/>\n<meta property=\"og:title\" content=\"Tunisie : Rached Ghannouchi arr\u00eat\u00e9 et conduit vers la caserne de l\u2019Aouina\" \/>\n<meta property=\"og:description\" content=\"Le chef du parti Ennahdha Rached Ghannouchi vient d\u2019\u00eatre arr\u00eat\u00e9 et conduit vers la caserne de l\u2019Aouinia, rapportent plusieurs sources concordantes.\" \/>\n<meta property=\"og:url\" content=\"https:\/\/www.webdo.tn\/fr\/actualite\/national\/tunisie-rached-ghannouchi-arrete-et-conduit-vers-la-caser-de-l-aouina\/204931\/\" \/>\n<meta property=\"og:site_name\" content=\"webdo\" \/>\n<meta property=\"article:publisher\" content=\"https:\/\/www.facebook.com\/webdotn\" \/>\n<meta property=\"article:published_time\" content=\"2023-04-17T20:02:00+00:00\" \/>\n<meta property=\"article:modified_time\" content=\"2025-05-20T22:44:07+00:00\" \/>\n<meta property=\"og:image\" content=\"https:\/\/www.webdo.tn\/fr\/wp-content\/uploads\/2023\/04\/eae3a7c101391a4cfdd570146b570181.png\" \/>\n\t<meta property=\"og:image:width\" content=\"750\" \/>\n\t<meta property=\"og:image:height\" content=\"400\" \/>\n\t<meta property=\"og:image:type\" content=\"image\/png\" \/>\n<meta name=\"author\" content=\"CL\" \/>\n<meta name=\"twitter:card\" content=\"summary_large_image\" \/>\n<meta name=\"twitter:creator\" content=\"@webdo_tn\" \/>\n<meta name=\"twitter:site\" content=\"@webdo_tn\" \/>\n<meta name=\"twitter:label1\" content=\"\u00c9crit par\" \/>\n\t<meta name=\"twitter:data1\" content=\"CL\" \/>\n<script type=\"application\/ld+json\" class=\"yoast-schema-graph\">{\"@context\":\"https:\\\/\\\/schema.org\",\"@graph\":[{\"@type\":\"NewsArticle\",\"@id\":\"https:\\\/\\\/www.webdo.tn\\\/fr\\\/actualite\\\/national\\\/tunisie-rached-ghannouchi-arrete-et-conduit-vers-la-caser-de-l-aouina\\\/204931\\\/#article\",\"isPartOf\":{\"@id\":\"https:\\\/\\\/www.webdo.tn\\\/fr\\\/actualite\\\/national\\\/tunisie-rached-ghannouchi-arrete-et-conduit-vers-la-caser-de-l-aouina\\\/204931\\\/\"},\"author\":{\"name\":\"CL\",\"@id\":\"https:\\\/\\\/www.webdo.tn\\\/fr\\\/#\\\/schema\\\/person\\\/f35b42a42c5e2511bbd282959d6385cc\"},\"headline\":\"Tunisie : Rached Ghannouchi arr\u00eat\u00e9 et conduit vers la caserne de l\u2019Aouina\",\"datePublished\":\"2023-04-17T20:02:00+00:00\",\"dateModified\":\"2025-05-20T22:44:07+00:00\",\"mainEntityOfPage\":{\"@id\":\"https:\\\/\\\/www.webdo.tn\\\/fr\\\/actualite\\\/national\\\/tunisie-rached-ghannouchi-arrete-et-conduit-vers-la-caser-de-l-aouina\\\/204931\\\/\"},\"wordCount\":112,\"commentCount\":0,\"publisher\":{\"@id\":\"https:\\\/\\\/www.webdo.tn\\\/fr\\\/#organization\"},\"image\":{\"@id\":\"https:\\\/\\\/www.webdo.tn\\\/fr\\\/actualite\\\/national\\\/tunisie-rached-ghannouchi-arrete-et-conduit-vers-la-caser-de-l-aouina\\\/204931\\\/#primaryimage\"},\"thumbnailUrl\":\"https:\\\/\\\/www.webdo.tn\\\/fr\\\/wp-content\\\/uploads\\\/2023\\\/04\\\/eae3a7c101391a4cfdd570146b570181.png\",\"keywords\":[\"Ghannouchi\",\"Tunisie\"],\"articleSection\":[\"National\"],\"inLanguage\":\"fr-FR\"},{\"@type\":\"WebPage\",\"@id\":\"https:\\\/\\\/www.webdo.tn\\\/fr\\\/actualite\\\/national\\\/tunisie-rached-ghannouchi-arrete-et-conduit-vers-la-caser-de-l-aouina\\\/204931\\\/\",\"url\":\"https:\\\/\\\/www.webdo.tn\\\/fr\\\/actualite\\\/national\\\/tunisie-rached-ghannouchi-arrete-et-conduit-vers-la-caser-de-l-aouina\\\/204931\\\/\",\"name\":\"Tunisie : Rached Ghannouchi arr\u00eat\u00e9 et conduit vers la caserne de l\u2019Aouina\",\"isPartOf\":{\"@id\":\"https:\\\/\\\/www.webdo.tn\\\/fr\\\/#website\"},\"primaryImageOfPage\":{\"@id\":\"https:\\\/\\\/www.webdo.tn\\\/fr\\\/actualite\\\/national\\\/tunisie-rached-ghannouchi-arrete-et-conduit-vers-la-caser-de-l-aouina\\\/204931\\\/#primaryimage\"},\"image\":{\"@id\":\"https:\\\/\\\/www.webdo.tn\\\/fr\\\/actualite\\\/national\\\/tunisie-rached-ghannouchi-arrete-et-conduit-vers-la-caser-de-l-aouina\\\/204931\\\/#primaryimage\"},\"thumbnailUrl\":\"https:\\\/\\\/www.webdo.tn\\\/fr\\\/wp-content\\\/uploads\\\/2023\\\/04\\\/eae3a7c101391a4cfdd570146b570181.png\",\"datePublished\":\"2023-04-17T20:02:00+00:00\",\"dateModified\":\"2025-05-20T22:44:07+00:00\",\"description\":\"Le chef du parti Ennahdha Rached Ghannouchi vient d\u2019\u00eatre arr\u00eat\u00e9 et conduit vers la caserne de l\u2019Aouinia, rapportent plusieurs sources concordantes.\",\"breadcrumb\":{\"@id\":\"https:\\\/\\\/www.webdo.tn\\\/fr\\\/actualite\\\/national\\\/tunisie-rached-ghannouchi-arrete-et-conduit-vers-la-caser-de-l-aouina\\\/204931\\\/#breadcrumb\"},\"inLanguage\":\"fr-FR\",\"potentialAction\":[{\"@type\":\"ReadAction\",\"target\":[\"https:\\\/\\\/www.webdo.tn\\\/fr\\\/actualite\\\/national\\\/tunisie-rached-ghannouchi-arrete-et-conduit-vers-la-caser-de-l-aouina\\\/204931\\\/\"]}]},{\"@type\":\"ImageObject\",\"inLanguage\":\"fr-FR\",\"@id\":\"https:\\\/\\\/www.webdo.tn\\\/fr\\\/actualite\\\/national\\\/tunisie-rached-ghannouchi-arrete-et-conduit-vers-la-caser-de-l-aouina\\\/204931\\\/#primaryimage\",\"url\":\"https:\\\/\\\/www.webdo.tn\\\/fr\\\/wp-content\\\/uploads\\\/2023\\\/04\\\/eae3a7c101391a4cfdd570146b570181.png\",\"contentUrl\":\"https:\\\/\\\/www.webdo.tn\\\/fr\\\/wp-content\\\/uploads\\\/2023\\\/04\\\/eae3a7c101391a4cfdd570146b570181.png\",\"width\":750,\"height\":400,\"caption\":\"Rached Ghannouchi\"},{\"@type\":\"BreadcrumbList\",\"@id\":\"https:\\\/\\\/www.webdo.tn\\\/fr\\\/actualite\\\/national\\\/tunisie-rached-ghannouchi-arrete-et-conduit-vers-la-caser-de-l-aouina\\\/204931\\\/#breadcrumb\",\"itemListElement\":[{\"@type\":\"ListItem\",\"position\":1,\"name\":\"Accueil\",\"item\":\"https:\\\/\\\/www.webdo.tn\\\/fr\\\/\"},{\"@type\":\"ListItem\",\"position\":2,\"name\":\"Tunisie : Rached Ghannouchi arr\u00eat\u00e9 et conduit vers la caserne de l\u2019Aouina\"}]},{\"@type\":\"WebSite\",\"@id\":\"https:\\\/\\\/www.webdo.tn\\\/fr\\\/#website\",\"url\":\"https:\\\/\\\/www.webdo.tn\\\/fr\\\/\",\"name\":\"webdo\",\"description\":\"Tunisie - News en Tunisie et \u00e0 l&#039;international sur Webdo.tn\",\"publisher\":{\"@id\":\"https:\\\/\\\/www.webdo.tn\\\/fr\\\/#organization\"},\"potentialAction\":[{\"@type\":\"SearchAction\",\"target\":{\"@type\":\"EntryPoint\",\"urlTemplate\":\"https:\\\/\\\/www.webdo.tn\\\/fr\\\/?s={search_term_string}\"},\"query-input\":{\"@type\":\"PropertyValueSpecification\",\"valueRequired\":true,\"valueName\":\"search_term_string\"}}],\"inLanguage\":\"fr-FR\"},{\"@type\":\"Organization\",\"@id\":\"https:\\\/\\\/www.webdo.tn\\\/fr\\\/#organization\",\"name\":\"Webdo\",\"alternateName\":\"Webdo.tn\",\"url\":\"https:\\\/\\\/www.webdo.tn\\\/fr\\\/\",\"logo\":{\"@type\":\"ImageObject\",\"inLanguage\":\"fr-FR\",\"@id\":\"https:\\\/\\\/www.webdo.tn\\\/fr\\\/#\\\/schema\\\/logo\\\/image\\\/\",\"url\":\"https:\\\/\\\/www.webdo.tn\\\/fr\\\/wp-content\\\/uploads\\\/2025\\\/06\\\/Webdo-Tunisie_168377.jpg\",\"contentUrl\":\"https:\\\/\\\/www.webdo.tn\\\/fr\\\/wp-content\\\/uploads\\\/2025\\\/06\\\/Webdo-Tunisie_168377.jpg\",\"width\":301,\"height\":301,\"caption\":\"Webdo\"},\"image\":{\"@id\":\"https:\\\/\\\/www.webdo.tn\\\/fr\\\/#\\\/schema\\\/logo\\\/image\\\/\"},\"sameAs\":[\"https:\\\/\\\/www.facebook.com\\\/webdotn\",\"https:\\\/\\\/x.com\\\/webdo_tn\"],\"description\":\"Webdo est un m\u00e9dia num\u00e9rique tunisien fond\u00e9 en 2010, sp\u00e9cialis\u00e9 dans l\u2019actualit\u00e9 nationale et internationale, l\u2019\u00e9conomie, la soci\u00e9t\u00e9 et les analyses politiques. Le site s\u2019adresse \u00e0 un large public francophone et couvre l\u2019information tunisienne en temps r\u00e9el.\",\"email\":\"redac@webdo.tn\",\"legalName\":\"YNJ SARL\",\"foundingDate\":\"2010-09-06\",\"numberOfEmployees\":{\"@type\":\"QuantitativeValue\",\"minValue\":\"11\",\"maxValue\":\"50\"}},{\"@type\":\"Person\",\"@id\":\"https:\\\/\\\/www.webdo.tn\\\/fr\\\/#\\\/schema\\\/person\\\/f35b42a42c5e2511bbd282959d6385cc\",\"name\":\"CL\",\"image\":{\"@type\":\"ImageObject\",\"inLanguage\":\"fr-FR\",\"@id\":\"https:\\\/\\\/secure.gravatar.com\\\/avatar\\\/1447a49909b67aa657c488aec6512e1dd6143a480c1ecfee9b5b5cd74eb3b59e?s=96&d=mm&r=g\",\"url\":\"https:\\\/\\\/secure.gravatar.com\\\/avatar\\\/1447a49909b67aa657c488aec6512e1dd6143a480c1ecfee9b5b5cd74eb3b59e?s=96&d=mm&r=g\",\"contentUrl\":\"https:\\\/\\\/secure.gravatar.com\\\/avatar\\\/1447a49909b67aa657c488aec6512e1dd6143a480c1ecfee9b5b5cd74eb3b59e?s=96&d=mm&r=g\",\"caption\":\"CL\"},\"url\":\"https:\\\/\\\/www.webdo.tn\\\/fr\\\/actualite\\\/author\\\/cl\\\/\"}]}<\/script>\n<!-- \/ Yoast SEO Premium plugin. -->","yoast_head_json":{"title":"Tunisie : Rached Ghannouchi arr\u00eat\u00e9 et conduit vers la caserne de l\u2019Aouina","description":"Le chef du parti Ennahdha Rached Ghannouchi vient d\u2019\u00eatre arr\u00eat\u00e9 et conduit vers la caserne de l\u2019Aouinia, rapportent plusieurs sources concordantes.","canonical":"https:\/\/www.webdo.tn\/fr\/actualite\/national\/tunisie-rached-ghannouchi-arrete-et-conduit-vers-la-caser-de-l-aouina\/204931\/","og_locale":"fr_FR","og_type":"article","og_title":"Tunisie : Rached Ghannouchi arr\u00eat\u00e9 et conduit vers la caserne de l\u2019Aouina","og_description":"Le chef du parti Ennahdha Rached Ghannouchi vient d\u2019\u00eatre arr\u00eat\u00e9 et conduit vers la caserne de l\u2019Aouinia, rapportent plusieurs sources concordantes.","og_url":"https:\/\/www.webdo.tn\/fr\/actualite\/national\/tunisie-rached-ghannouchi-arrete-et-conduit-vers-la-caser-de-l-aouina\/204931\/","og_site_name":"webdo","article_publisher":"https:\/\/www.facebook.com\/webdotn","article_published_time":"2023-04-17T20:02:00+00:00","article_modified_time":"2025-05-20T22:44:07+00:00","og_image":[{"width":750,"height":400,"url":"https:\/\/www.webdo.tn\/fr\/wp-content\/uploads\/2023\/04\/eae3a7c101391a4cfdd570146b570181.png","type":"image\/png"}],"author":"CL","twitter_card":"summary_large_image","twitter_creator":"@webdo_tn","twitter_site":"@webdo_tn","twitter_misc":{"\u00c9crit par":"CL"},"schema":{"@context":"https:\/\/schema.org","@graph":[{"@type":"NewsArticle","@id":"https:\/\/www.webdo.tn\/fr\/actualite\/national\/tunisie-rached-ghannouchi-arrete-et-conduit-vers-la-caser-de-l-aouina\/204931\/#article","isPartOf":{"@id":"https:\/\/www.webdo.tn\/fr\/actualite\/national\/tunisie-rached-ghannouchi-arrete-et-conduit-vers-la-caser-de-l-aouina\/204931\/"},"author":{"name":"CL","@id":"https:\/\/www.webdo.tn\/fr\/#\/schema\/person\/f35b42a42c5e2511bbd282959d6385cc"},"headline":"Tunisie : Rached Ghannouchi arr\u00eat\u00e9 et conduit vers la caserne de l\u2019Aouina","datePublished":"2023-04-17T20:02:00+00:00","dateModified":"2025-05-20T22:44:07+00:00","mainEntityOfPage":{"@id":"https:\/\/www.webdo.tn\/fr\/actualite\/national\/tunisie-rached-ghannouchi-arrete-et-conduit-vers-la-caser-de-l-aouina\/204931\/"},"wordCount":112,"commentCount":0,"publisher":{"@id":"https:\/\/www.webdo.tn\/fr\/#organization"},"image":{"@id":"https:\/\/www.webdo.tn\/fr\/actualite\/national\/tunisie-rached-ghannouchi-arrete-et-conduit-vers-la-caser-de-l-aouina\/204931\/#primaryimage"},"thumbnailUrl":"https:\/\/www.webdo.tn\/fr\/wp-content\/uploads\/2023\/04\/eae3a7c101391a4cfdd570146b570181.png","keywords":["Ghannouchi","Tunisie"],"articleSection":["National"],"inLanguage":"fr-FR"},{"@type":"WebPage","@id":"https:\/\/www.webdo.tn\/fr\/actualite\/national\/tunisie-rached-ghannouchi-arrete-et-conduit-vers-la-caser-de-l-aouina\/204931\/","url":"https:\/\/www.webdo.tn\/fr\/actualite\/national\/tunisie-rached-ghannouchi-arrete-et-conduit-vers-la-caser-de-l-aouina\/204931\/","name":"Tunisie : Rached Ghannouchi arr\u00eat\u00e9 et conduit vers la caserne de l\u2019Aouina","isPartOf":{"@id":"https:\/\/www.webdo.tn\/fr\/#website"},"primaryImageOfPage":{"@id":"https:\/\/www.webdo.tn\/fr\/actualite\/national\/tunisie-rached-ghannouchi-arrete-et-conduit-vers-la-caser-de-l-aouina\/204931\/#primaryimage"},"image":{"@id":"https:\/\/www.webdo.tn\/fr\/actualite\/national\/tunisie-rached-ghannouchi-arrete-et-conduit-vers-la-caser-de-l-aouina\/204931\/#primaryimage"},"thumbnailUrl":"https:\/\/www.webdo.tn\/fr\/wp-content\/uploads\/2023\/04\/eae3a7c101391a4cfdd570146b570181.png","datePublished":"2023-04-17T20:02:00+00:00","dateModified":"2025-05-20T22:44:07+00:00","description":"Le chef du parti Ennahdha Rached Ghannouchi vient d\u2019\u00eatre arr\u00eat\u00e9 et conduit vers la caserne de l\u2019Aouinia, rapportent plusieurs sources concordantes.","breadcrumb":{"@id":"https:\/\/www.webdo.tn\/fr\/actualite\/national\/tunisie-rached-ghannouchi-arrete-et-conduit-vers-la-caser-de-l-aouina\/204931\/#breadcrumb"},"inLanguage":"fr-FR","potentialAction":[{"@type":"ReadAction","target":["https:\/\/www.webdo.tn\/fr\/actualite\/national\/tunisie-rached-ghannouchi-arrete-et-conduit-vers-la-caser-de-l-aouina\/204931\/"]}]},{"@type":"ImageObject","inLanguage":"fr-FR","@id":"https:\/\/www.webdo.tn\/fr\/actualite\/national\/tunisie-rached-ghannouchi-arrete-et-conduit-vers-la-caser-de-l-aouina\/204931\/#primaryimage","url":"https:\/\/www.webdo.tn\/fr\/wp-content\/uploads\/2023\/04\/eae3a7c101391a4cfdd570146b570181.png","contentUrl":"https:\/\/www.webdo.tn\/fr\/wp-content\/uploads\/2023\/04\/eae3a7c101391a4cfdd570146b570181.png","width":750,"height":400,"caption":"Rached Ghannouchi"},{"@type":"BreadcrumbList","@id":"https:\/\/www.webdo.tn\/fr\/actualite\/national\/tunisie-rached-ghannouchi-arrete-et-conduit-vers-la-caser-de-l-aouina\/204931\/#breadcrumb","itemListElement":[{"@type":"ListItem","position":1,"name":"Accueil","item":"https:\/\/www.webdo.tn\/fr\/"},{"@type":"ListItem","position":2,"name":"Tunisie : Rached Ghannouchi arr\u00eat\u00e9 et conduit vers la caserne de l\u2019Aouina"}]},{"@type":"WebSite","@id":"https:\/\/www.webdo.tn\/fr\/#website","url":"https:\/\/www.webdo.tn\/fr\/","name":"webdo","description":"Tunisie - News en Tunisie et \u00e0 l&#039;international sur Webdo.tn","publisher":{"@id":"https:\/\/www.webdo.tn\/fr\/#organization"},"potentialAction":[{"@type":"SearchAction","target":{"@type":"EntryPoint","urlTemplate":"https:\/\/www.webdo.tn\/fr\/?s={search_term_string}"},"query-input":{"@type":"PropertyValueSpecification","valueRequired":true,"valueName":"search_term_string"}}],"inLanguage":"fr-FR"},{"@type":"Organization","@id":"https:\/\/www.webdo.tn\/fr\/#organization","name":"Webdo","alternateName":"Webdo.tn","url":"https:\/\/www.webdo.tn\/fr\/","logo":{"@type":"ImageObject","inLanguage":"fr-FR","@id":"https:\/\/www.webdo.tn\/fr\/#\/schema\/logo\/image\/","url":"https:\/\/www.webdo.tn\/fr\/wp-content\/uploads\/2025\/06\/Webdo-Tunisie_168377.jpg","contentUrl":"https:\/\/www.webdo.tn\/fr\/wp-content\/uploads\/2025\/06\/Webdo-Tunisie_168377.jpg","width":301,"height":301,"caption":"Webdo"},"image":{"@id":"https:\/\/www.webdo.tn\/fr\/#\/schema\/logo\/image\/"},"sameAs":["https:\/\/www.facebook.com\/webdotn","https:\/\/x.com\/webdo_tn"],"description":"Webdo est un m\u00e9dia num\u00e9rique tunisien fond\u00e9 en 2010, sp\u00e9cialis\u00e9 dans l\u2019actualit\u00e9 nationale et internationale, l\u2019\u00e9conomie, la soci\u00e9t\u00e9 et les analyses politiques. Le site s\u2019adresse \u00e0 un large public francophone et couvre l\u2019information tunisienne en temps r\u00e9el.","email":"redac@webdo.tn","legalName":"YNJ SARL","foundingDate":"2010-09-06","numberOfEmployees":{"@type":"QuantitativeValue","minValue":"11","maxValue":"50"}},{"@type":"Person","@id":"https:\/\/www.webdo.tn\/fr\/#\/schema\/person\/f35b42a42c5e2511bbd282959d6385cc","name":"CL","image":{"@type":"ImageObject","inLanguage":"fr-FR","@id":"https:\/\/secure.gravatar.com\/avatar\/1447a49909b67aa657c488aec6512e1dd6143a480c1ecfee9b5b5cd74eb3b59e?s=96&d=mm&r=g","url":"https:\/\/secure.gravatar.com\/avatar\/1447a49909b67aa657c488aec6512e1dd6143a480c1ecfee9b5b5cd74eb3b59e?s=96&d=mm&r=g","contentUrl":"https:\/\/secure.gravatar.com\/avatar\/1447a49909b67aa657c488aec6512e1dd6143a480c1ecfee9b5b5cd74eb3b59e?s=96&d=mm&r=g","caption":"CL"},"url":"https:\/\/www.webdo.tn\/fr\/actualite\/author\/cl\/"}]}},"_links":{"self":[{"href":"https:\/\/www.webdo.tn\/fr\/wp-json\/wp\/v2\/posts\/204931","targetHints":{"allow":["GET"]}}],"collection":[{"href":"https:\/\/www.webdo.tn\/fr\/wp-json\/wp\/v2\/posts"}],"about":[{"href":"https:\/\/www.webdo.tn\/fr\/wp-json\/wp\/v2\/types\/post"}],"author":[{"embeddable":true,"href":"https:\/\/www.webdo.tn\/fr\/wp-json\/wp\/v2\/users\/3175"}],"replies":[{"embeddable":true,"href":"https:\/\/www.webdo.tn\/fr\/wp-json\/wp\/v2\/comments?post=204931"}],"version-history":[{"count":0,"href":"https:\/\/www.webdo.tn\/fr\/wp-json\/wp\/v2\/posts\/204931\/revisions"}],"wp:featuredmedia":[{"embeddable":true,"href":"https:\/\/www.webdo.tn\/fr\/wp-json\/wp\/v2\/media\/251402"}],"wp:attachment":[{"href":"https:\/\/www.webdo.tn\/fr\/wp-json\/wp\/v2\/media?parent=204931"}],"wp:term":[{"taxonomy":"category","embeddable":true,"href":"https:\/\/www.webdo.tn\/fr\/wp-json\/wp\/v2\/categories?post=204931"},{"taxonomy":"post_tag","embeddable":true,"href":"https:\/\/www.webdo.tn\/fr\/wp-json\/wp\/v2\/tags?post=204931"}],"curies":[{"name":"wp","href":"https:\/\/api.w.org\/{rel}","templated":true}]}}