{"id":204923,"date":"2023-04-17T12:59:00","date_gmt":"2023-04-17T12:59:00","guid":{"rendered":"https:\/\/www.webdo.tn\/fr\/blog\/la-finale-de-la-coupe-de-libye-au-stade-hammadi-agrebi-de-rades\/204923\/"},"modified":"2025-05-20T22:00:44","modified_gmt":"2025-05-20T22:00:44","slug":"la-finale-de-la-coupe-de-libye-au-stade-hammadi-agrebi-de-rades","status":"publish","type":"post","link":"https:\/\/www.webdo.tn\/fr\/actualite\/sport\/la-finale-de-la-coupe-de-libye-au-stade-hammadi-agrebi-de-rades\/204923\/","title":{"rendered":"La finale de la Coupe de Libye\u2026 au stade Hammadi Agrebi de Rad\u00e8s"},"content":{"rendered":"<p>La finale de la Coupe de Libye se d\u00e9roulera \u00e0 Tunis, au stade Hammadi Agrebi de Rad\u00e8s.<\/p>\n<p>\t\t\t\t\t\t\t\t\tLa f\u00e9d\u00e9ration libyenne de football a fait cette annonce, dimanche 16 avril 2023, selon laquelle le stade Hammadi Agrebi abritera, le 2 mai prochain, la finale entre Al Ahly de Tripoli et Al Akhdhar.<\/p>\n<p>Rappelons que la phase play-off de la saison pr\u00e9c\u00e9dente du championnat libyen s&rsquo;est d\u00e9roul\u00e9e dans des stades tunisiens tels que le stade Hammadi Agrebi de Rad\u00e8s, le stade Mhiri de Sfax, le stade olympique de Sousse et le stade Mustapha Ben Jannet de Monastir.<\/p>\n","protected":false},"excerpt":{"rendered":"<p>La finale de la Coupe de Libye se d\u00e9roulera \u00e0 Tunis, au stade Hammadi Agrebi de Rad\u00e8s.<\/p>\n","protected":false},"author":3162,"featured_media":251400,"comment_status":"open","ping_status":"closed","sticky":false,"template":"","format":"standard","meta":{"footnotes":""},"categories":[2593],"tags":[4676,3279,2754],"class_list":["post-204923","post","type-post","status-publish","format-standard","has-post-thumbnail","hentry","category-sport","tag-finale","tag-libye","tag-rades"],"yoast_head":"<!-- This site is optimized with the Yoast SEO Premium plugin v27.4 (Yoast SEO v27.5) - https:\/\/yoast.com\/product\/yoast-seo-premium-wordpress\/ -->\n<title>La finale de la Coupe de Libye\u2026 au stade Hammadi Agrebi de Rad\u00e8s<\/title>\n<meta name=\"description\" content=\"La finale de la Coupe de Libye se d\u00e9roulera \u00e0 Tunis, au stade Hammadi Agrebi de Rad\u00e8s.\" \/>\n<link rel=\"canonical\" href=\"https:\/\/www.webdo.tn\/fr\/actualite\/sport\/la-finale-de-la-coupe-de-libye-au-stade-hammadi-agrebi-de-rades\/204923\/\" \/>\n<meta property=\"og:locale\" content=\"fr_FR\" \/>\n<meta property=\"og:type\" content=\"article\" \/>\n<meta property=\"og:title\" content=\"La finale de la Coupe de Libye\u2026 au stade Hammadi Agrebi de Rad\u00e8s\" \/>\n<meta property=\"og:description\" content=\"La finale de la Coupe de Libye se d\u00e9roulera \u00e0 Tunis, au stade Hammadi Agrebi de Rad\u00e8s.\" \/>\n<meta property=\"og:url\" content=\"https:\/\/www.webdo.tn\/fr\/actualite\/sport\/la-finale-de-la-coupe-de-libye-au-stade-hammadi-agrebi-de-rades\/204923\/\" \/>\n<meta property=\"og:site_name\" content=\"webdo\" \/>\n<meta property=\"article:publisher\" content=\"https:\/\/www.facebook.com\/webdotn\" \/>\n<meta property=\"article:published_time\" content=\"2023-04-17T12:59:00+00:00\" \/>\n<meta property=\"article:modified_time\" content=\"2025-05-20T22:00:44+00:00\" \/>\n<meta property=\"og:image\" content=\"https:\/\/www.webdo.tn\/fr\/wp-content\/uploads\/2023\/04\/13b428103776cb0eca1f96001a661507.jpg\" \/>\n\t<meta property=\"og:image:width\" content=\"750\" \/>\n\t<meta property=\"og:image:height\" content=\"400\" \/>\n\t<meta property=\"og:image:type\" content=\"image\/jpeg\" \/>\n<meta name=\"author\" content=\"MC\" \/>\n<meta name=\"twitter:card\" content=\"summary_large_image\" \/>\n<meta name=\"twitter:creator\" content=\"@webdo_tn\" \/>\n<meta name=\"twitter:site\" content=\"@webdo_tn\" \/>\n<meta name=\"twitter:label1\" content=\"\u00c9crit par\" \/>\n\t<meta name=\"twitter:data1\" content=\"MC\" \/>\n\t<meta name=\"twitter:label2\" content=\"Dur\u00e9e de lecture estim\u00e9e\" \/>\n\t<meta name=\"twitter:data2\" content=\"1 minute\" \/>\n<script type=\"application\/ld+json\" class=\"yoast-schema-graph\">{\"@context\":\"https:\\\/\\\/schema.org\",\"@graph\":[{\"@type\":\"NewsArticle\",\"@id\":\"https:\\\/\\\/www.webdo.tn\\\/fr\\\/actualite\\\/sport\\\/la-finale-de-la-coupe-de-libye-au-stade-hammadi-agrebi-de-rades\\\/204923\\\/#article\",\"isPartOf\":{\"@id\":\"https:\\\/\\\/www.webdo.tn\\\/fr\\\/actualite\\\/sport\\\/la-finale-de-la-coupe-de-libye-au-stade-hammadi-agrebi-de-rades\\\/204923\\\/\"},\"author\":{\"name\":\"MC\",\"@id\":\"https:\\\/\\\/www.webdo.tn\\\/fr\\\/#\\\/schema\\\/person\\\/2c4929cbf5a809e3bd38617c6ce150f6\"},\"headline\":\"La finale de la Coupe de Libye\u2026 au stade Hammadi Agrebi de Rad\u00e8s\",\"datePublished\":\"2023-04-17T12:59:00+00:00\",\"dateModified\":\"2025-05-20T22:00:44+00:00\",\"mainEntityOfPage\":{\"@id\":\"https:\\\/\\\/www.webdo.tn\\\/fr\\\/actualite\\\/sport\\\/la-finale-de-la-coupe-de-libye-au-stade-hammadi-agrebi-de-rades\\\/204923\\\/\"},\"wordCount\":115,\"commentCount\":0,\"publisher\":{\"@id\":\"https:\\\/\\\/www.webdo.tn\\\/fr\\\/#organization\"},\"image\":{\"@id\":\"https:\\\/\\\/www.webdo.tn\\\/fr\\\/actualite\\\/sport\\\/la-finale-de-la-coupe-de-libye-au-stade-hammadi-agrebi-de-rades\\\/204923\\\/#primaryimage\"},\"thumbnailUrl\":\"https:\\\/\\\/www.webdo.tn\\\/fr\\\/wp-content\\\/uploads\\\/2023\\\/04\\\/13b428103776cb0eca1f96001a661507.jpg\",\"keywords\":[\"finale\",\"Libye\",\"Rad\u00e8s\"],\"articleSection\":[\"Sport\"],\"inLanguage\":\"fr-FR\"},{\"@type\":\"WebPage\",\"@id\":\"https:\\\/\\\/www.webdo.tn\\\/fr\\\/actualite\\\/sport\\\/la-finale-de-la-coupe-de-libye-au-stade-hammadi-agrebi-de-rades\\\/204923\\\/\",\"url\":\"https:\\\/\\\/www.webdo.tn\\\/fr\\\/actualite\\\/sport\\\/la-finale-de-la-coupe-de-libye-au-stade-hammadi-agrebi-de-rades\\\/204923\\\/\",\"name\":\"La finale de la Coupe de Libye\u2026 au stade Hammadi Agrebi de Rad\u00e8s\",\"isPartOf\":{\"@id\":\"https:\\\/\\\/www.webdo.tn\\\/fr\\\/#website\"},\"primaryImageOfPage\":{\"@id\":\"https:\\\/\\\/www.webdo.tn\\\/fr\\\/actualite\\\/sport\\\/la-finale-de-la-coupe-de-libye-au-stade-hammadi-agrebi-de-rades\\\/204923\\\/#primaryimage\"},\"image\":{\"@id\":\"https:\\\/\\\/www.webdo.tn\\\/fr\\\/actualite\\\/sport\\\/la-finale-de-la-coupe-de-libye-au-stade-hammadi-agrebi-de-rades\\\/204923\\\/#primaryimage\"},\"thumbnailUrl\":\"https:\\\/\\\/www.webdo.tn\\\/fr\\\/wp-content\\\/uploads\\\/2023\\\/04\\\/13b428103776cb0eca1f96001a661507.jpg\",\"datePublished\":\"2023-04-17T12:59:00+00:00\",\"dateModified\":\"2025-05-20T22:00:44+00:00\",\"description\":\"La finale de la Coupe de Libye se d\u00e9roulera \u00e0 Tunis, au stade Hammadi Agrebi de Rad\u00e8s.\",\"breadcrumb\":{\"@id\":\"https:\\\/\\\/www.webdo.tn\\\/fr\\\/actualite\\\/sport\\\/la-finale-de-la-coupe-de-libye-au-stade-hammadi-agrebi-de-rades\\\/204923\\\/#breadcrumb\"},\"inLanguage\":\"fr-FR\",\"potentialAction\":[{\"@type\":\"ReadAction\",\"target\":[\"https:\\\/\\\/www.webdo.tn\\\/fr\\\/actualite\\\/sport\\\/la-finale-de-la-coupe-de-libye-au-stade-hammadi-agrebi-de-rades\\\/204923\\\/\"]}]},{\"@type\":\"ImageObject\",\"inLanguage\":\"fr-FR\",\"@id\":\"https:\\\/\\\/www.webdo.tn\\\/fr\\\/actualite\\\/sport\\\/la-finale-de-la-coupe-de-libye-au-stade-hammadi-agrebi-de-rades\\\/204923\\\/#primaryimage\",\"url\":\"https:\\\/\\\/www.webdo.tn\\\/fr\\\/wp-content\\\/uploads\\\/2023\\\/04\\\/13b428103776cb0eca1f96001a661507.jpg\",\"contentUrl\":\"https:\\\/\\\/www.webdo.tn\\\/fr\\\/wp-content\\\/uploads\\\/2023\\\/04\\\/13b428103776cb0eca1f96001a661507.jpg\",\"width\":750,\"height\":400,\"caption\":\"La finale de la Coupe de Libye\u2026 au stade Hammadi Agrebi de Rad\u00e8s\"},{\"@type\":\"BreadcrumbList\",\"@id\":\"https:\\\/\\\/www.webdo.tn\\\/fr\\\/actualite\\\/sport\\\/la-finale-de-la-coupe-de-libye-au-stade-hammadi-agrebi-de-rades\\\/204923\\\/#breadcrumb\",\"itemListElement\":[{\"@type\":\"ListItem\",\"position\":1,\"name\":\"Accueil\",\"item\":\"https:\\\/\\\/www.webdo.tn\\\/fr\\\/\"},{\"@type\":\"ListItem\",\"position\":2,\"name\":\"La finale de la Coupe de Libye\u2026 au stade Hammadi Agrebi de Rad\u00e8s\"}]},{\"@type\":\"WebSite\",\"@id\":\"https:\\\/\\\/www.webdo.tn\\\/fr\\\/#website\",\"url\":\"https:\\\/\\\/www.webdo.tn\\\/fr\\\/\",\"name\":\"webdo\",\"description\":\"Tunisie - News en Tunisie et \u00e0 l&#039;international sur Webdo.tn\",\"publisher\":{\"@id\":\"https:\\\/\\\/www.webdo.tn\\\/fr\\\/#organization\"},\"potentialAction\":[{\"@type\":\"SearchAction\",\"target\":{\"@type\":\"EntryPoint\",\"urlTemplate\":\"https:\\\/\\\/www.webdo.tn\\\/fr\\\/?s={search_term_string}\"},\"query-input\":{\"@type\":\"PropertyValueSpecification\",\"valueRequired\":true,\"valueName\":\"search_term_string\"}}],\"inLanguage\":\"fr-FR\"},{\"@type\":\"Organization\",\"@id\":\"https:\\\/\\\/www.webdo.tn\\\/fr\\\/#organization\",\"name\":\"Webdo\",\"alternateName\":\"Webdo.tn\",\"url\":\"https:\\\/\\\/www.webdo.tn\\\/fr\\\/\",\"logo\":{\"@type\":\"ImageObject\",\"inLanguage\":\"fr-FR\",\"@id\":\"https:\\\/\\\/www.webdo.tn\\\/fr\\\/#\\\/schema\\\/logo\\\/image\\\/\",\"url\":\"https:\\\/\\\/www.webdo.tn\\\/fr\\\/wp-content\\\/uploads\\\/2025\\\/06\\\/Webdo-Tunisie_168377.jpg\",\"contentUrl\":\"https:\\\/\\\/www.webdo.tn\\\/fr\\\/wp-content\\\/uploads\\\/2025\\\/06\\\/Webdo-Tunisie_168377.jpg\",\"width\":301,\"height\":301,\"caption\":\"Webdo\"},\"image\":{\"@id\":\"https:\\\/\\\/www.webdo.tn\\\/fr\\\/#\\\/schema\\\/logo\\\/image\\\/\"},\"sameAs\":[\"https:\\\/\\\/www.facebook.com\\\/webdotn\",\"https:\\\/\\\/x.com\\\/webdo_tn\"],\"description\":\"Webdo est un m\u00e9dia num\u00e9rique tunisien fond\u00e9 en 2010, sp\u00e9cialis\u00e9 dans l\u2019actualit\u00e9 nationale et internationale, l\u2019\u00e9conomie, la soci\u00e9t\u00e9 et les analyses politiques. Le site s\u2019adresse \u00e0 un large public francophone et couvre l\u2019information tunisienne en temps r\u00e9el.\",\"email\":\"redac@webdo.tn\",\"legalName\":\"YNJ SARL\",\"foundingDate\":\"2010-09-06\",\"numberOfEmployees\":{\"@type\":\"QuantitativeValue\",\"minValue\":\"11\",\"maxValue\":\"50\"}},{\"@type\":\"Person\",\"@id\":\"https:\\\/\\\/www.webdo.tn\\\/fr\\\/#\\\/schema\\\/person\\\/2c4929cbf5a809e3bd38617c6ce150f6\",\"name\":\"MC\",\"image\":{\"@type\":\"ImageObject\",\"inLanguage\":\"fr-FR\",\"@id\":\"https:\\\/\\\/secure.gravatar.com\\\/avatar\\\/a545bbb6f84efdd5553dbbc2895e3ca8f1d12c5215e00a041c9670b54aa9b18a?s=96&d=mm&r=g\",\"url\":\"https:\\\/\\\/secure.gravatar.com\\\/avatar\\\/a545bbb6f84efdd5553dbbc2895e3ca8f1d12c5215e00a041c9670b54aa9b18a?s=96&d=mm&r=g\",\"contentUrl\":\"https:\\\/\\\/secure.gravatar.com\\\/avatar\\\/a545bbb6f84efdd5553dbbc2895e3ca8f1d12c5215e00a041c9670b54aa9b18a?s=96&d=mm&r=g\",\"caption\":\"MC\"},\"url\":\"https:\\\/\\\/www.webdo.tn\\\/fr\\\/actualite\\\/author\\\/mc\\\/\"}]}<\/script>\n<!-- \/ Yoast SEO Premium plugin. -->","yoast_head_json":{"title":"La finale de la Coupe de Libye\u2026 au stade Hammadi Agrebi de Rad\u00e8s","description":"La finale de la Coupe de Libye se d\u00e9roulera \u00e0 Tunis, au stade Hammadi Agrebi de Rad\u00e8s.","canonical":"https:\/\/www.webdo.tn\/fr\/actualite\/sport\/la-finale-de-la-coupe-de-libye-au-stade-hammadi-agrebi-de-rades\/204923\/","og_locale":"fr_FR","og_type":"article","og_title":"La finale de la Coupe de Libye\u2026 au stade Hammadi Agrebi de Rad\u00e8s","og_description":"La finale de la Coupe de Libye se d\u00e9roulera \u00e0 Tunis, au stade Hammadi Agrebi de Rad\u00e8s.","og_url":"https:\/\/www.webdo.tn\/fr\/actualite\/sport\/la-finale-de-la-coupe-de-libye-au-stade-hammadi-agrebi-de-rades\/204923\/","og_site_name":"webdo","article_publisher":"https:\/\/www.facebook.com\/webdotn","article_published_time":"2023-04-17T12:59:00+00:00","article_modified_time":"2025-05-20T22:00:44+00:00","og_image":[{"width":750,"height":400,"url":"https:\/\/www.webdo.tn\/fr\/wp-content\/uploads\/2023\/04\/13b428103776cb0eca1f96001a661507.jpg","type":"image\/jpeg"}],"author":"MC","twitter_card":"summary_large_image","twitter_creator":"@webdo_tn","twitter_site":"@webdo_tn","twitter_misc":{"\u00c9crit par":"MC","Dur\u00e9e de lecture estim\u00e9e":"1 minute"},"schema":{"@context":"https:\/\/schema.org","@graph":[{"@type":"NewsArticle","@id":"https:\/\/www.webdo.tn\/fr\/actualite\/sport\/la-finale-de-la-coupe-de-libye-au-stade-hammadi-agrebi-de-rades\/204923\/#article","isPartOf":{"@id":"https:\/\/www.webdo.tn\/fr\/actualite\/sport\/la-finale-de-la-coupe-de-libye-au-stade-hammadi-agrebi-de-rades\/204923\/"},"author":{"name":"MC","@id":"https:\/\/www.webdo.tn\/fr\/#\/schema\/person\/2c4929cbf5a809e3bd38617c6ce150f6"},"headline":"La finale de la Coupe de Libye\u2026 au stade Hammadi Agrebi de Rad\u00e8s","datePublished":"2023-04-17T12:59:00+00:00","dateModified":"2025-05-20T22:00:44+00:00","mainEntityOfPage":{"@id":"https:\/\/www.webdo.tn\/fr\/actualite\/sport\/la-finale-de-la-coupe-de-libye-au-stade-hammadi-agrebi-de-rades\/204923\/"},"wordCount":115,"commentCount":0,"publisher":{"@id":"https:\/\/www.webdo.tn\/fr\/#organization"},"image":{"@id":"https:\/\/www.webdo.tn\/fr\/actualite\/sport\/la-finale-de-la-coupe-de-libye-au-stade-hammadi-agrebi-de-rades\/204923\/#primaryimage"},"thumbnailUrl":"https:\/\/www.webdo.tn\/fr\/wp-content\/uploads\/2023\/04\/13b428103776cb0eca1f96001a661507.jpg","keywords":["finale","Libye","Rad\u00e8s"],"articleSection":["Sport"],"inLanguage":"fr-FR"},{"@type":"WebPage","@id":"https:\/\/www.webdo.tn\/fr\/actualite\/sport\/la-finale-de-la-coupe-de-libye-au-stade-hammadi-agrebi-de-rades\/204923\/","url":"https:\/\/www.webdo.tn\/fr\/actualite\/sport\/la-finale-de-la-coupe-de-libye-au-stade-hammadi-agrebi-de-rades\/204923\/","name":"La finale de la Coupe de Libye\u2026 au stade Hammadi Agrebi de Rad\u00e8s","isPartOf":{"@id":"https:\/\/www.webdo.tn\/fr\/#website"},"primaryImageOfPage":{"@id":"https:\/\/www.webdo.tn\/fr\/actualite\/sport\/la-finale-de-la-coupe-de-libye-au-stade-hammadi-agrebi-de-rades\/204923\/#primaryimage"},"image":{"@id":"https:\/\/www.webdo.tn\/fr\/actualite\/sport\/la-finale-de-la-coupe-de-libye-au-stade-hammadi-agrebi-de-rades\/204923\/#primaryimage"},"thumbnailUrl":"https:\/\/www.webdo.tn\/fr\/wp-content\/uploads\/2023\/04\/13b428103776cb0eca1f96001a661507.jpg","datePublished":"2023-04-17T12:59:00+00:00","dateModified":"2025-05-20T22:00:44+00:00","description":"La finale de la Coupe de Libye se d\u00e9roulera \u00e0 Tunis, au stade Hammadi Agrebi de Rad\u00e8s.","breadcrumb":{"@id":"https:\/\/www.webdo.tn\/fr\/actualite\/sport\/la-finale-de-la-coupe-de-libye-au-stade-hammadi-agrebi-de-rades\/204923\/#breadcrumb"},"inLanguage":"fr-FR","potentialAction":[{"@type":"ReadAction","target":["https:\/\/www.webdo.tn\/fr\/actualite\/sport\/la-finale-de-la-coupe-de-libye-au-stade-hammadi-agrebi-de-rades\/204923\/"]}]},{"@type":"ImageObject","inLanguage":"fr-FR","@id":"https:\/\/www.webdo.tn\/fr\/actualite\/sport\/la-finale-de-la-coupe-de-libye-au-stade-hammadi-agrebi-de-rades\/204923\/#primaryimage","url":"https:\/\/www.webdo.tn\/fr\/wp-content\/uploads\/2023\/04\/13b428103776cb0eca1f96001a661507.jpg","contentUrl":"https:\/\/www.webdo.tn\/fr\/wp-content\/uploads\/2023\/04\/13b428103776cb0eca1f96001a661507.jpg","width":750,"height":400,"caption":"La finale de la Coupe de Libye\u2026 au stade Hammadi Agrebi de Rad\u00e8s"},{"@type":"BreadcrumbList","@id":"https:\/\/www.webdo.tn\/fr\/actualite\/sport\/la-finale-de-la-coupe-de-libye-au-stade-hammadi-agrebi-de-rades\/204923\/#breadcrumb","itemListElement":[{"@type":"ListItem","position":1,"name":"Accueil","item":"https:\/\/www.webdo.tn\/fr\/"},{"@type":"ListItem","position":2,"name":"La finale de la Coupe de Libye\u2026 au stade Hammadi Agrebi de Rad\u00e8s"}]},{"@type":"WebSite","@id":"https:\/\/www.webdo.tn\/fr\/#website","url":"https:\/\/www.webdo.tn\/fr\/","name":"webdo","description":"Tunisie - News en Tunisie et \u00e0 l&#039;international sur Webdo.tn","publisher":{"@id":"https:\/\/www.webdo.tn\/fr\/#organization"},"potentialAction":[{"@type":"SearchAction","target":{"@type":"EntryPoint","urlTemplate":"https:\/\/www.webdo.tn\/fr\/?s={search_term_string}"},"query-input":{"@type":"PropertyValueSpecification","valueRequired":true,"valueName":"search_term_string"}}],"inLanguage":"fr-FR"},{"@type":"Organization","@id":"https:\/\/www.webdo.tn\/fr\/#organization","name":"Webdo","alternateName":"Webdo.tn","url":"https:\/\/www.webdo.tn\/fr\/","logo":{"@type":"ImageObject","inLanguage":"fr-FR","@id":"https:\/\/www.webdo.tn\/fr\/#\/schema\/logo\/image\/","url":"https:\/\/www.webdo.tn\/fr\/wp-content\/uploads\/2025\/06\/Webdo-Tunisie_168377.jpg","contentUrl":"https:\/\/www.webdo.tn\/fr\/wp-content\/uploads\/2025\/06\/Webdo-Tunisie_168377.jpg","width":301,"height":301,"caption":"Webdo"},"image":{"@id":"https:\/\/www.webdo.tn\/fr\/#\/schema\/logo\/image\/"},"sameAs":["https:\/\/www.facebook.com\/webdotn","https:\/\/x.com\/webdo_tn"],"description":"Webdo est un m\u00e9dia num\u00e9rique tunisien fond\u00e9 en 2010, sp\u00e9cialis\u00e9 dans l\u2019actualit\u00e9 nationale et internationale, l\u2019\u00e9conomie, la soci\u00e9t\u00e9 et les analyses politiques. Le site s\u2019adresse \u00e0 un large public francophone et couvre l\u2019information tunisienne en temps r\u00e9el.","email":"redac@webdo.tn","legalName":"YNJ SARL","foundingDate":"2010-09-06","numberOfEmployees":{"@type":"QuantitativeValue","minValue":"11","maxValue":"50"}},{"@type":"Person","@id":"https:\/\/www.webdo.tn\/fr\/#\/schema\/person\/2c4929cbf5a809e3bd38617c6ce150f6","name":"MC","image":{"@type":"ImageObject","inLanguage":"fr-FR","@id":"https:\/\/secure.gravatar.com\/avatar\/a545bbb6f84efdd5553dbbc2895e3ca8f1d12c5215e00a041c9670b54aa9b18a?s=96&d=mm&r=g","url":"https:\/\/secure.gravatar.com\/avatar\/a545bbb6f84efdd5553dbbc2895e3ca8f1d12c5215e00a041c9670b54aa9b18a?s=96&d=mm&r=g","contentUrl":"https:\/\/secure.gravatar.com\/avatar\/a545bbb6f84efdd5553dbbc2895e3ca8f1d12c5215e00a041c9670b54aa9b18a?s=96&d=mm&r=g","caption":"MC"},"url":"https:\/\/www.webdo.tn\/fr\/actualite\/author\/mc\/"}]}},"_links":{"self":[{"href":"https:\/\/www.webdo.tn\/fr\/wp-json\/wp\/v2\/posts\/204923","targetHints":{"allow":["GET"]}}],"collection":[{"href":"https:\/\/www.webdo.tn\/fr\/wp-json\/wp\/v2\/posts"}],"about":[{"href":"https:\/\/www.webdo.tn\/fr\/wp-json\/wp\/v2\/types\/post"}],"author":[{"embeddable":true,"href":"https:\/\/www.webdo.tn\/fr\/wp-json\/wp\/v2\/users\/3162"}],"replies":[{"embeddable":true,"href":"https:\/\/www.webdo.tn\/fr\/wp-json\/wp\/v2\/comments?post=204923"}],"version-history":[{"count":0,"href":"https:\/\/www.webdo.tn\/fr\/wp-json\/wp\/v2\/posts\/204923\/revisions"}],"wp:featuredmedia":[{"embeddable":true,"href":"https:\/\/www.webdo.tn\/fr\/wp-json\/wp\/v2\/media\/251400"}],"wp:attachment":[{"href":"https:\/\/www.webdo.tn\/fr\/wp-json\/wp\/v2\/media?parent=204923"}],"wp:term":[{"taxonomy":"category","embeddable":true,"href":"https:\/\/www.webdo.tn\/fr\/wp-json\/wp\/v2\/categories?post=204923"},{"taxonomy":"post_tag","embeddable":true,"href":"https:\/\/www.webdo.tn\/fr\/wp-json\/wp\/v2\/tags?post=204923"}],"curies":[{"name":"wp","href":"https:\/\/api.w.org\/{rel}","templated":true}]}}