{"id":204918,"date":"2023-04-17T11:27:00","date_gmt":"2023-04-17T11:27:00","guid":{"rendered":"https:\/\/www.webdo.tn\/fr\/blog\/le-fmi-en-reunion-prochaine-avec-nemsia-et-abassi\/204918\/"},"modified":"2025-05-20T22:49:55","modified_gmt":"2025-05-20T22:49:55","slug":"le-fmi-en-reunion-prochaine-avec-nemsia-et-abassi","status":"publish","type":"post","link":"https:\/\/www.webdo.tn\/fr\/actualite\/national\/le-fmi-en-reunion-prochaine-avec-nemsia-et-abassi\/204918\/","title":{"rendered":"Le FMI en r\u00e9union prochaine avec Nemsia et Abassi"},"content":{"rendered":"<p>Alors que le flou persiste toujours sur les n\u00e9gociations entre le Fonds mon\u00e9taire international (FMI) et la Tunisie, une nouvelle r\u00e9union pourrait d\u00e9bloquer la situation.<\/p>\n<p>\t\t\t\t\t\t\t\t\tC\u2019est dans ce contexte confus que le directeur du d\u00e9partement Moyen-Orient et Asie centrale du Fonds mon\u00e9taire international (FMI), Jihad Azour a annonc\u00e9 qu\u2019une r\u00e9union entre des responsables du FMI et la ministre des Finances Sihem Nemsia et le gouverneur de la Banque Centrale Marouane Abassi sera tenue prochainement.\u00a0<\/p>\n<p>Cette r\u00e9union sera organis\u00e9e, a-t-il dit, pour revenir sur les derniers d\u00e9veloppement des n\u00e9gociations entre les deux parties.\u00a0<\/p>\n<p>Et d\u2019ajouter que les pourparlers entre les repr\u00e9sentants des deux parties n\u2019ont pas cess\u00e9 depuis plusieurs mois.<\/p>\n","protected":false},"excerpt":{"rendered":"<p>Alors que le flou persiste toujours sur les n\u00e9gociations entre le Fonds mon\u00e9taire international (FMI) et la Tunisie, une nouvelle r\u00e9union pourrait d\u00e9bloquer la&#8230;<\/p>\n","protected":false},"author":3175,"featured_media":278093,"comment_status":"open","ping_status":"closed","sticky":false,"template":"","format":"standard","meta":{"footnotes":""},"categories":[44],"tags":[4233,7178,2608],"class_list":["post-204918","post","type-post","status-publish","format-standard","has-post-thumbnail","hentry","category-national","tag-fmi","tag-negociations","tag-tunisie"],"yoast_head":"<!-- This site is optimized with the Yoast SEO Premium plugin v27.5 (Yoast SEO v27.5) - https:\/\/yoast.com\/product\/yoast-seo-premium-wordpress\/ -->\n<title>Le FMI en r\u00e9union prochaine avec Nemsia et Abassi<\/title>\n<meta name=\"description\" content=\"Alors que le flou persiste toujours sur les n\u00e9gociations entre le Fonds mon\u00e9taire international (FMI) et la Tunisie, une nouvelle r\u00e9union pourrait d\u00e9bloquer la...\" \/>\n<link rel=\"canonical\" href=\"https:\/\/www.webdo.tn\/fr\/actualite\/national\/le-fmi-en-reunion-prochaine-avec-nemsia-et-abassi\/204918\/\" \/>\n<meta property=\"og:locale\" content=\"fr_FR\" \/>\n<meta property=\"og:type\" content=\"article\" \/>\n<meta property=\"og:title\" content=\"Le FMI en r\u00e9union prochaine avec Nemsia et Abassi\" \/>\n<meta property=\"og:description\" content=\"Alors que le flou persiste toujours sur les n\u00e9gociations entre le Fonds mon\u00e9taire international (FMI) et la Tunisie, une nouvelle r\u00e9union pourrait d\u00e9bloquer la...\" \/>\n<meta property=\"og:url\" content=\"https:\/\/www.webdo.tn\/fr\/actualite\/national\/le-fmi-en-reunion-prochaine-avec-nemsia-et-abassi\/204918\/\" \/>\n<meta property=\"og:site_name\" content=\"webdo\" \/>\n<meta property=\"article:publisher\" content=\"https:\/\/www.facebook.com\/webdotn\" \/>\n<meta property=\"article:published_time\" content=\"2023-04-17T11:27:00+00:00\" \/>\n<meta property=\"article:modified_time\" content=\"2025-05-20T22:49:55+00:00\" \/>\n<meta property=\"og:image\" content=\"https:\/\/www.webdo.tn\/fr\/wp-content\/uploads\/2023\/04\/31cb5f5a2c527317726b1de5bddb8529.jpeg\" \/>\n\t<meta property=\"og:image:width\" content=\"750\" \/>\n\t<meta property=\"og:image:height\" content=\"400\" \/>\n\t<meta property=\"og:image:type\" content=\"image\/jpeg\" \/>\n<meta name=\"author\" content=\"CL\" \/>\n<meta name=\"twitter:card\" content=\"summary_large_image\" \/>\n<meta name=\"twitter:creator\" content=\"@webdo_tn\" \/>\n<meta name=\"twitter:site\" content=\"@webdo_tn\" \/>\n<meta name=\"twitter:label1\" content=\"\u00c9crit par\" \/>\n\t<meta name=\"twitter:data1\" content=\"CL\" \/>\n\t<meta name=\"twitter:label2\" content=\"Dur\u00e9e de lecture estim\u00e9e\" \/>\n\t<meta name=\"twitter:data2\" content=\"1 minute\" \/>\n<script type=\"application\/ld+json\" class=\"yoast-schema-graph\">{\"@context\":\"https:\\\/\\\/schema.org\",\"@graph\":[{\"@type\":\"NewsArticle\",\"@id\":\"https:\\\/\\\/www.webdo.tn\\\/fr\\\/actualite\\\/national\\\/le-fmi-en-reunion-prochaine-avec-nemsia-et-abassi\\\/204918\\\/#article\",\"isPartOf\":{\"@id\":\"https:\\\/\\\/www.webdo.tn\\\/fr\\\/actualite\\\/national\\\/le-fmi-en-reunion-prochaine-avec-nemsia-et-abassi\\\/204918\\\/\"},\"author\":{\"name\":\"CL\",\"@id\":\"https:\\\/\\\/www.webdo.tn\\\/fr\\\/#\\\/schema\\\/person\\\/f35b42a42c5e2511bbd282959d6385cc\"},\"headline\":\"Le FMI en r\u00e9union prochaine avec Nemsia et Abassi\",\"datePublished\":\"2023-04-17T11:27:00+00:00\",\"dateModified\":\"2025-05-20T22:49:55+00:00\",\"mainEntityOfPage\":{\"@id\":\"https:\\\/\\\/www.webdo.tn\\\/fr\\\/actualite\\\/national\\\/le-fmi-en-reunion-prochaine-avec-nemsia-et-abassi\\\/204918\\\/\"},\"wordCount\":135,\"commentCount\":0,\"publisher\":{\"@id\":\"https:\\\/\\\/www.webdo.tn\\\/fr\\\/#organization\"},\"image\":{\"@id\":\"https:\\\/\\\/www.webdo.tn\\\/fr\\\/actualite\\\/national\\\/le-fmi-en-reunion-prochaine-avec-nemsia-et-abassi\\\/204918\\\/#primaryimage\"},\"thumbnailUrl\":\"https:\\\/\\\/www.webdo.tn\\\/fr\\\/wp-content\\\/uploads\\\/2023\\\/04\\\/31cb5f5a2c527317726b1de5bddb8529.jpeg\",\"keywords\":[\"FMI\",\"N\u00e9gociations\",\"Tunisie\"],\"articleSection\":[\"National\"],\"inLanguage\":\"fr-FR\"},{\"@type\":\"WebPage\",\"@id\":\"https:\\\/\\\/www.webdo.tn\\\/fr\\\/actualite\\\/national\\\/le-fmi-en-reunion-prochaine-avec-nemsia-et-abassi\\\/204918\\\/\",\"url\":\"https:\\\/\\\/www.webdo.tn\\\/fr\\\/actualite\\\/national\\\/le-fmi-en-reunion-prochaine-avec-nemsia-et-abassi\\\/204918\\\/\",\"name\":\"Le FMI en r\u00e9union prochaine avec Nemsia et Abassi\",\"isPartOf\":{\"@id\":\"https:\\\/\\\/www.webdo.tn\\\/fr\\\/#website\"},\"primaryImageOfPage\":{\"@id\":\"https:\\\/\\\/www.webdo.tn\\\/fr\\\/actualite\\\/national\\\/le-fmi-en-reunion-prochaine-avec-nemsia-et-abassi\\\/204918\\\/#primaryimage\"},\"image\":{\"@id\":\"https:\\\/\\\/www.webdo.tn\\\/fr\\\/actualite\\\/national\\\/le-fmi-en-reunion-prochaine-avec-nemsia-et-abassi\\\/204918\\\/#primaryimage\"},\"thumbnailUrl\":\"https:\\\/\\\/www.webdo.tn\\\/fr\\\/wp-content\\\/uploads\\\/2023\\\/04\\\/31cb5f5a2c527317726b1de5bddb8529.jpeg\",\"datePublished\":\"2023-04-17T11:27:00+00:00\",\"dateModified\":\"2025-05-20T22:49:55+00:00\",\"description\":\"Alors que le flou persiste toujours sur les n\u00e9gociations entre le Fonds mon\u00e9taire international (FMI) et la Tunisie, une nouvelle r\u00e9union pourrait d\u00e9bloquer la...\",\"breadcrumb\":{\"@id\":\"https:\\\/\\\/www.webdo.tn\\\/fr\\\/actualite\\\/national\\\/le-fmi-en-reunion-prochaine-avec-nemsia-et-abassi\\\/204918\\\/#breadcrumb\"},\"inLanguage\":\"fr-FR\",\"potentialAction\":[{\"@type\":\"ReadAction\",\"target\":[\"https:\\\/\\\/www.webdo.tn\\\/fr\\\/actualite\\\/national\\\/le-fmi-en-reunion-prochaine-avec-nemsia-et-abassi\\\/204918\\\/\"]}]},{\"@type\":\"ImageObject\",\"inLanguage\":\"fr-FR\",\"@id\":\"https:\\\/\\\/www.webdo.tn\\\/fr\\\/actualite\\\/national\\\/le-fmi-en-reunion-prochaine-avec-nemsia-et-abassi\\\/204918\\\/#primaryimage\",\"url\":\"https:\\\/\\\/www.webdo.tn\\\/fr\\\/wp-content\\\/uploads\\\/2023\\\/04\\\/31cb5f5a2c527317726b1de5bddb8529.jpeg\",\"contentUrl\":\"https:\\\/\\\/www.webdo.tn\\\/fr\\\/wp-content\\\/uploads\\\/2023\\\/04\\\/31cb5f5a2c527317726b1de5bddb8529.jpeg\",\"width\":750,\"height\":400,\"caption\":\"FMI Tunisie\"},{\"@type\":\"BreadcrumbList\",\"@id\":\"https:\\\/\\\/www.webdo.tn\\\/fr\\\/actualite\\\/national\\\/le-fmi-en-reunion-prochaine-avec-nemsia-et-abassi\\\/204918\\\/#breadcrumb\",\"itemListElement\":[{\"@type\":\"ListItem\",\"position\":1,\"name\":\"Accueil\",\"item\":\"https:\\\/\\\/www.webdo.tn\\\/fr\\\/\"},{\"@type\":\"ListItem\",\"position\":2,\"name\":\"Le FMI en r\u00e9union prochaine avec Nemsia et Abassi\"}]},{\"@type\":\"WebSite\",\"@id\":\"https:\\\/\\\/www.webdo.tn\\\/fr\\\/#website\",\"url\":\"https:\\\/\\\/www.webdo.tn\\\/fr\\\/\",\"name\":\"webdo\",\"description\":\"Tunisie - News en Tunisie et \u00e0 l&#039;international sur Webdo.tn\",\"publisher\":{\"@id\":\"https:\\\/\\\/www.webdo.tn\\\/fr\\\/#organization\"},\"potentialAction\":[{\"@type\":\"SearchAction\",\"target\":{\"@type\":\"EntryPoint\",\"urlTemplate\":\"https:\\\/\\\/www.webdo.tn\\\/fr\\\/?s={search_term_string}\"},\"query-input\":{\"@type\":\"PropertyValueSpecification\",\"valueRequired\":true,\"valueName\":\"search_term_string\"}}],\"inLanguage\":\"fr-FR\"},{\"@type\":\"Organization\",\"@id\":\"https:\\\/\\\/www.webdo.tn\\\/fr\\\/#organization\",\"name\":\"Webdo\",\"alternateName\":\"Webdo.tn\",\"url\":\"https:\\\/\\\/www.webdo.tn\\\/fr\\\/\",\"logo\":{\"@type\":\"ImageObject\",\"inLanguage\":\"fr-FR\",\"@id\":\"https:\\\/\\\/www.webdo.tn\\\/fr\\\/#\\\/schema\\\/logo\\\/image\\\/\",\"url\":\"https:\\\/\\\/www.webdo.tn\\\/fr\\\/wp-content\\\/uploads\\\/2025\\\/06\\\/Webdo-Tunisie_168377.jpg\",\"contentUrl\":\"https:\\\/\\\/www.webdo.tn\\\/fr\\\/wp-content\\\/uploads\\\/2025\\\/06\\\/Webdo-Tunisie_168377.jpg\",\"width\":301,\"height\":301,\"caption\":\"Webdo\"},\"image\":{\"@id\":\"https:\\\/\\\/www.webdo.tn\\\/fr\\\/#\\\/schema\\\/logo\\\/image\\\/\"},\"sameAs\":[\"https:\\\/\\\/www.facebook.com\\\/webdotn\",\"https:\\\/\\\/x.com\\\/webdo_tn\"],\"description\":\"Webdo est un m\u00e9dia num\u00e9rique tunisien fond\u00e9 en 2010, sp\u00e9cialis\u00e9 dans l\u2019actualit\u00e9 nationale et internationale, l\u2019\u00e9conomie, la soci\u00e9t\u00e9 et les analyses politiques. Le site s\u2019adresse \u00e0 un large public francophone et couvre l\u2019information tunisienne en temps r\u00e9el.\",\"email\":\"redac@webdo.tn\",\"legalName\":\"YNJ SARL\",\"foundingDate\":\"2010-09-06\",\"numberOfEmployees\":{\"@type\":\"QuantitativeValue\",\"minValue\":\"11\",\"maxValue\":\"50\"}},{\"@type\":\"Person\",\"@id\":\"https:\\\/\\\/www.webdo.tn\\\/fr\\\/#\\\/schema\\\/person\\\/f35b42a42c5e2511bbd282959d6385cc\",\"name\":\"CL\",\"image\":{\"@type\":\"ImageObject\",\"inLanguage\":\"fr-FR\",\"@id\":\"https:\\\/\\\/secure.gravatar.com\\\/avatar\\\/1447a49909b67aa657c488aec6512e1dd6143a480c1ecfee9b5b5cd74eb3b59e?s=96&d=mm&r=g\",\"url\":\"https:\\\/\\\/secure.gravatar.com\\\/avatar\\\/1447a49909b67aa657c488aec6512e1dd6143a480c1ecfee9b5b5cd74eb3b59e?s=96&d=mm&r=g\",\"contentUrl\":\"https:\\\/\\\/secure.gravatar.com\\\/avatar\\\/1447a49909b67aa657c488aec6512e1dd6143a480c1ecfee9b5b5cd74eb3b59e?s=96&d=mm&r=g\",\"caption\":\"CL\"},\"url\":\"https:\\\/\\\/www.webdo.tn\\\/fr\\\/actualite\\\/author\\\/cl\\\/\"}]}<\/script>\n<!-- \/ Yoast SEO Premium plugin. -->","yoast_head_json":{"title":"Le FMI en r\u00e9union prochaine avec Nemsia et Abassi","description":"Alors que le flou persiste toujours sur les n\u00e9gociations entre le Fonds mon\u00e9taire international (FMI) et la Tunisie, une nouvelle r\u00e9union pourrait d\u00e9bloquer la...","canonical":"https:\/\/www.webdo.tn\/fr\/actualite\/national\/le-fmi-en-reunion-prochaine-avec-nemsia-et-abassi\/204918\/","og_locale":"fr_FR","og_type":"article","og_title":"Le FMI en r\u00e9union prochaine avec Nemsia et Abassi","og_description":"Alors que le flou persiste toujours sur les n\u00e9gociations entre le Fonds mon\u00e9taire international (FMI) et la Tunisie, une nouvelle r\u00e9union pourrait d\u00e9bloquer la...","og_url":"https:\/\/www.webdo.tn\/fr\/actualite\/national\/le-fmi-en-reunion-prochaine-avec-nemsia-et-abassi\/204918\/","og_site_name":"webdo","article_publisher":"https:\/\/www.facebook.com\/webdotn","article_published_time":"2023-04-17T11:27:00+00:00","article_modified_time":"2025-05-20T22:49:55+00:00","og_image":[{"width":750,"height":400,"url":"https:\/\/www.webdo.tn\/fr\/wp-content\/uploads\/2023\/04\/31cb5f5a2c527317726b1de5bddb8529.jpeg","type":"image\/jpeg"}],"author":"CL","twitter_card":"summary_large_image","twitter_creator":"@webdo_tn","twitter_site":"@webdo_tn","twitter_misc":{"\u00c9crit par":"CL","Dur\u00e9e de lecture estim\u00e9e":"1 minute"},"schema":{"@context":"https:\/\/schema.org","@graph":[{"@type":"NewsArticle","@id":"https:\/\/www.webdo.tn\/fr\/actualite\/national\/le-fmi-en-reunion-prochaine-avec-nemsia-et-abassi\/204918\/#article","isPartOf":{"@id":"https:\/\/www.webdo.tn\/fr\/actualite\/national\/le-fmi-en-reunion-prochaine-avec-nemsia-et-abassi\/204918\/"},"author":{"name":"CL","@id":"https:\/\/www.webdo.tn\/fr\/#\/schema\/person\/f35b42a42c5e2511bbd282959d6385cc"},"headline":"Le FMI en r\u00e9union prochaine avec Nemsia et Abassi","datePublished":"2023-04-17T11:27:00+00:00","dateModified":"2025-05-20T22:49:55+00:00","mainEntityOfPage":{"@id":"https:\/\/www.webdo.tn\/fr\/actualite\/national\/le-fmi-en-reunion-prochaine-avec-nemsia-et-abassi\/204918\/"},"wordCount":135,"commentCount":0,"publisher":{"@id":"https:\/\/www.webdo.tn\/fr\/#organization"},"image":{"@id":"https:\/\/www.webdo.tn\/fr\/actualite\/national\/le-fmi-en-reunion-prochaine-avec-nemsia-et-abassi\/204918\/#primaryimage"},"thumbnailUrl":"https:\/\/www.webdo.tn\/fr\/wp-content\/uploads\/2023\/04\/31cb5f5a2c527317726b1de5bddb8529.jpeg","keywords":["FMI","N\u00e9gociations","Tunisie"],"articleSection":["National"],"inLanguage":"fr-FR"},{"@type":"WebPage","@id":"https:\/\/www.webdo.tn\/fr\/actualite\/national\/le-fmi-en-reunion-prochaine-avec-nemsia-et-abassi\/204918\/","url":"https:\/\/www.webdo.tn\/fr\/actualite\/national\/le-fmi-en-reunion-prochaine-avec-nemsia-et-abassi\/204918\/","name":"Le FMI en r\u00e9union prochaine avec Nemsia et Abassi","isPartOf":{"@id":"https:\/\/www.webdo.tn\/fr\/#website"},"primaryImageOfPage":{"@id":"https:\/\/www.webdo.tn\/fr\/actualite\/national\/le-fmi-en-reunion-prochaine-avec-nemsia-et-abassi\/204918\/#primaryimage"},"image":{"@id":"https:\/\/www.webdo.tn\/fr\/actualite\/national\/le-fmi-en-reunion-prochaine-avec-nemsia-et-abassi\/204918\/#primaryimage"},"thumbnailUrl":"https:\/\/www.webdo.tn\/fr\/wp-content\/uploads\/2023\/04\/31cb5f5a2c527317726b1de5bddb8529.jpeg","datePublished":"2023-04-17T11:27:00+00:00","dateModified":"2025-05-20T22:49:55+00:00","description":"Alors que le flou persiste toujours sur les n\u00e9gociations entre le Fonds mon\u00e9taire international (FMI) et la Tunisie, une nouvelle r\u00e9union pourrait d\u00e9bloquer la...","breadcrumb":{"@id":"https:\/\/www.webdo.tn\/fr\/actualite\/national\/le-fmi-en-reunion-prochaine-avec-nemsia-et-abassi\/204918\/#breadcrumb"},"inLanguage":"fr-FR","potentialAction":[{"@type":"ReadAction","target":["https:\/\/www.webdo.tn\/fr\/actualite\/national\/le-fmi-en-reunion-prochaine-avec-nemsia-et-abassi\/204918\/"]}]},{"@type":"ImageObject","inLanguage":"fr-FR","@id":"https:\/\/www.webdo.tn\/fr\/actualite\/national\/le-fmi-en-reunion-prochaine-avec-nemsia-et-abassi\/204918\/#primaryimage","url":"https:\/\/www.webdo.tn\/fr\/wp-content\/uploads\/2023\/04\/31cb5f5a2c527317726b1de5bddb8529.jpeg","contentUrl":"https:\/\/www.webdo.tn\/fr\/wp-content\/uploads\/2023\/04\/31cb5f5a2c527317726b1de5bddb8529.jpeg","width":750,"height":400,"caption":"FMI Tunisie"},{"@type":"BreadcrumbList","@id":"https:\/\/www.webdo.tn\/fr\/actualite\/national\/le-fmi-en-reunion-prochaine-avec-nemsia-et-abassi\/204918\/#breadcrumb","itemListElement":[{"@type":"ListItem","position":1,"name":"Accueil","item":"https:\/\/www.webdo.tn\/fr\/"},{"@type":"ListItem","position":2,"name":"Le FMI en r\u00e9union prochaine avec Nemsia et Abassi"}]},{"@type":"WebSite","@id":"https:\/\/www.webdo.tn\/fr\/#website","url":"https:\/\/www.webdo.tn\/fr\/","name":"webdo","description":"Tunisie - News en Tunisie et \u00e0 l&#039;international sur Webdo.tn","publisher":{"@id":"https:\/\/www.webdo.tn\/fr\/#organization"},"potentialAction":[{"@type":"SearchAction","target":{"@type":"EntryPoint","urlTemplate":"https:\/\/www.webdo.tn\/fr\/?s={search_term_string}"},"query-input":{"@type":"PropertyValueSpecification","valueRequired":true,"valueName":"search_term_string"}}],"inLanguage":"fr-FR"},{"@type":"Organization","@id":"https:\/\/www.webdo.tn\/fr\/#organization","name":"Webdo","alternateName":"Webdo.tn","url":"https:\/\/www.webdo.tn\/fr\/","logo":{"@type":"ImageObject","inLanguage":"fr-FR","@id":"https:\/\/www.webdo.tn\/fr\/#\/schema\/logo\/image\/","url":"https:\/\/www.webdo.tn\/fr\/wp-content\/uploads\/2025\/06\/Webdo-Tunisie_168377.jpg","contentUrl":"https:\/\/www.webdo.tn\/fr\/wp-content\/uploads\/2025\/06\/Webdo-Tunisie_168377.jpg","width":301,"height":301,"caption":"Webdo"},"image":{"@id":"https:\/\/www.webdo.tn\/fr\/#\/schema\/logo\/image\/"},"sameAs":["https:\/\/www.facebook.com\/webdotn","https:\/\/x.com\/webdo_tn"],"description":"Webdo est un m\u00e9dia num\u00e9rique tunisien fond\u00e9 en 2010, sp\u00e9cialis\u00e9 dans l\u2019actualit\u00e9 nationale et internationale, l\u2019\u00e9conomie, la soci\u00e9t\u00e9 et les analyses politiques. Le site s\u2019adresse \u00e0 un large public francophone et couvre l\u2019information tunisienne en temps r\u00e9el.","email":"redac@webdo.tn","legalName":"YNJ SARL","foundingDate":"2010-09-06","numberOfEmployees":{"@type":"QuantitativeValue","minValue":"11","maxValue":"50"}},{"@type":"Person","@id":"https:\/\/www.webdo.tn\/fr\/#\/schema\/person\/f35b42a42c5e2511bbd282959d6385cc","name":"CL","image":{"@type":"ImageObject","inLanguage":"fr-FR","@id":"https:\/\/secure.gravatar.com\/avatar\/1447a49909b67aa657c488aec6512e1dd6143a480c1ecfee9b5b5cd74eb3b59e?s=96&d=mm&r=g","url":"https:\/\/secure.gravatar.com\/avatar\/1447a49909b67aa657c488aec6512e1dd6143a480c1ecfee9b5b5cd74eb3b59e?s=96&d=mm&r=g","contentUrl":"https:\/\/secure.gravatar.com\/avatar\/1447a49909b67aa657c488aec6512e1dd6143a480c1ecfee9b5b5cd74eb3b59e?s=96&d=mm&r=g","caption":"CL"},"url":"https:\/\/www.webdo.tn\/fr\/actualite\/author\/cl\/"}]}},"_links":{"self":[{"href":"https:\/\/www.webdo.tn\/fr\/wp-json\/wp\/v2\/posts\/204918","targetHints":{"allow":["GET"]}}],"collection":[{"href":"https:\/\/www.webdo.tn\/fr\/wp-json\/wp\/v2\/posts"}],"about":[{"href":"https:\/\/www.webdo.tn\/fr\/wp-json\/wp\/v2\/types\/post"}],"author":[{"embeddable":true,"href":"https:\/\/www.webdo.tn\/fr\/wp-json\/wp\/v2\/users\/3175"}],"replies":[{"embeddable":true,"href":"https:\/\/www.webdo.tn\/fr\/wp-json\/wp\/v2\/comments?post=204918"}],"version-history":[{"count":0,"href":"https:\/\/www.webdo.tn\/fr\/wp-json\/wp\/v2\/posts\/204918\/revisions"}],"wp:featuredmedia":[{"embeddable":true,"href":"https:\/\/www.webdo.tn\/fr\/wp-json\/wp\/v2\/media\/278093"}],"wp:attachment":[{"href":"https:\/\/www.webdo.tn\/fr\/wp-json\/wp\/v2\/media?parent=204918"}],"wp:term":[{"taxonomy":"category","embeddable":true,"href":"https:\/\/www.webdo.tn\/fr\/wp-json\/wp\/v2\/categories?post=204918"},{"taxonomy":"post_tag","embeddable":true,"href":"https:\/\/www.webdo.tn\/fr\/wp-json\/wp\/v2\/tags?post=204918"}],"curies":[{"name":"wp","href":"https:\/\/api.w.org\/{rel}","templated":true}]}}