{"id":204900,"date":"2023-04-16T20:48:00","date_gmt":"2023-04-16T20:48:00","guid":{"rendered":"https:\/\/www.webdo.tn\/fr\/blog\/les-100-personnalites-les-plus-influentes-de-l-annee-2023-selon-time-magazine\/204900\/"},"modified":"2025-05-21T08:56:44","modified_gmt":"2025-05-21T08:56:44","slug":"les-100-personnalites-les-plus-influentes-de-l-annee-2023-selon-time-magazine","status":"publish","type":"post","link":"https:\/\/www.webdo.tn\/fr\/actualite\/international\/les-100-personnalites-les-plus-influentes-de-l-annee-2023-selon-time-magazine\/204900\/","title":{"rendered":"Les 100 personnalit\u00e9s les plus influentes de l&rsquo;ann\u00e9e 2023 selon Time Magazine"},"content":{"rendered":"<div class=\"single-body entry-content typography-copy\" itemprop=\"articleBody\">\n<p style=\"font-weight: bold; text-align: justify\">\n\t\t\t\t\t\t\t\t\tLe magazine am\u00e9ricain\u00a0Time\u00a0a rendu publique sa liste des 100 personnalit\u00e9s les plus influentes au monde de l&rsquo;ann\u00e9e 2023. Les crit\u00e8res de s\u00e9lection sont la fonction, le poids sur les \u00e9v\u00e9nements mondiaux ou encore le rayonnement aupr\u00e8s de la population.\n\t\t\t\t\t\t\t\t<\/p>\n<div class=\"coprs\" style=\"text-align: center\"><\/div>\n<div class=\"coprs\" style=\"text-align: justify\">\n<p>\u00a0<\/p>\n<p><span><span>Depuis 1998, le magazine\u00a0Time\u00a0\u00e9tablit cette liste, chaque ann\u00e9e, afin de marquer les grandes tendances du monde pr\u00e9sent et de celui \u00e0 venir. Il s&rsquo;agit aussi, parfois, d&rsquo;une sorte d&rsquo;hommages \u00e0 plusieurs figures quasi-historiques, pour leurs actions pass\u00e9es et leur influence durable.<\/span><\/span><\/p>\n<p><span><span>Il n&rsquo;y a pas d&rsquo;ordre particulier dans les classements, mais diff\u00e9rentes\u00a0cat\u00e9gories, qui changent d\u2019une ann\u00e9e \u00e0 l\u2019autre,\u00a0sont d\u00e9finies. En 2023, les personnalit\u00e9s ont \u00e9t\u00e9 class\u00e9es en six cat\u00e9gories: Artistes, Ic\u00f4nes, Pionniers, Dirigeants, Titans et Innovateurs.<\/span><\/span><\/p>\n<p><span><span>Les responsables politiques sont g\u00e9n\u00e9ralement ceux qui reviennent d&rsquo;une ann\u00e9e \u00e0 la suivante: Xi Jinping tient le record avec 13 citations dans la\u00a0Time 100, devant Barack Obama, Oprah Winfrey ou Hillary Clinton.\u00a0<\/span><\/span><\/p>\n<p><span><span>Cette ann\u00e9e, beaucoup de noms familiers, de la star pr\u00e9f\u00e9r\u00e9e de Bollywood ou du mannequin qui d\u00e9fend activement les droits de l&rsquo;homme au ministre pakistanais du changement climatique.<\/span><\/span><\/p>\n<p><span><span><a href=\"https:\/\/www.webdo.tn\/fr\/actualite\/culture\/l-acteur-shah-rukh-khan-en-tete-du-sondage-time100-des-personnes-les-plus-influentes-en-2023\/204653\">Shah Rukh Khan, la superstar de Bollywood, figure bien \u00e9videmment sur cette liste, dans la cat\u00e9gorie \u00ab\u00a0Icones\u00a0\u00bb. C\u2019\u00e9tait pratiquement \u00e9vident, \u00e9tant donn\u00e9 qu&rsquo;il avait \u00e9t\u00e9 en t\u00eate du sondage r\u00e9alis\u00e9 aupr\u00e8s des lecteurs de TIME.<\/a> De plus, ce classement est m\u00e9rit\u00e9, en raison de sa longue carri\u00e8re dans l&rsquo;industrie cin\u00e9matographique et de l\u2019\u00e9norme succ\u00e8s de son film <em>Pathaan<\/em>, sorti le 25 janvier 2023, qui a rapport\u00e9 \u00e0 ce jour plus de 130 millions de dollars. <\/span><\/span><\/p>\n<p><a href=\"https:\/\/www.facebook.com\/massir.destiniii\/posts\/pfbid021VCdXTS8qMB3m9NpZZRuif4Ee5rGz5uUkMzdVXw9abpcsJe7zRLkG5sQjNXixkPdl\"><span><span>Le r\u00e9alisateur indien SS Rajamouli a fait son entr\u00e9e dans cette liste, dans la cat\u00e9gorie \u00ab\u00a0Pionniers\u00a0\u00bb. Son dernier film <em>RRR <\/em>a remport\u00e9 l\u2019Oscar 2023 de la meilleure chanson de film. <\/span><\/span><\/a><\/p>\n<p><span><span>Shah Rukh Khan et SS Rajamouli sont les deux seules personnalit\u00e9s indiennes pr\u00e9sentes sur cette liste. <\/span><\/span><\/p>\n<div>\n<figure class=\"image\"><img decoding=\"async\" alt=\"\" height=\"849\" src=\"\/assets\/uploads\/images\/\/Neila\/shah-rukh-khan-time100-2023-1.jpg\" width=\"567\"><figcaption><em>Shah Rukh Khan au Red Sea Film Festival Red Sea &#8211; Photo Tim P. Whitby\u2014Getty Images<\/em><\/figcaption><\/figure>\n<\/div>\n<p>\u00a0<\/p>\n<p><span><span>Les journalistes iraniens Niloofar Hamedi et Elaheh Mohammadi ont \u00e9t\u00e9 inclus dans la liste du Time pour leur couverture de l&rsquo;affaire Mahsa Amini, la jeune femme d\u00e9c\u00e9d\u00e9e apr\u00e8s avoir \u00e9t\u00e9 maltrait\u00e9e en garde \u00e0 vue pour ne pas avoir correctement couvert ses cheveux. Les deux reporters ont \u00e9t\u00e9 arr\u00eat\u00e9s et sont toujours d\u00e9tenus \u00e0 la prison d&rsquo;Evin, accus\u00e9s de conspiration avec des agences de renseignement \u00e9trang\u00e8res pour saper la s\u00e9curit\u00e9 nationale de l&rsquo;Iran. Malgr\u00e9 leur courage et leur professionnalisme, leur sort t\u00e9moigne de la r\u00e9pression croissante des m\u00e9dias en Iran.<\/span><\/span><\/p>\n<p><a href=\"https:\/\/www.webdo.tn\/fr\/actualite\/culture\/l-acteur-shah-rukh-khan-en-tete-du-sondage-time100-des-personnes-les-plus-influentes-en-2023\/204653\"><span><span>Il est \u00e0 noter que la deuxi\u00e8me place du sondage des lecteurs du TIME\u00a0avait \u00e9t\u00e9 attribu\u00e9e aux femmes iraniennes qui ont protest\u00e9 pour de plus grandes libert\u00e9s contre le r\u00e9gime islamique du pays.<\/span><\/span><\/a><\/p>\n<p><span><span>La liste de cette ann\u00e9e 2023 r\u00e9serve une place importante aux \u00e9crivains, avec par exemple Salman Rushdie, honor\u00e9 pour sa r\u00e9silience face au terrorisme et \u00e0 l&rsquo;intimidation des fondamentalistes et des auteurs comme Neil Gaiman, Judy Blume et Colleen Hoover. La biblioth\u00e9caire Tracie D. Hall est \u00e9galement reconnue dans la section \u00ab\u00a0Ic\u00f4nes\u00a0\u00bb pour son professionnalisme et son parcours dans le d\u00e9veloppement et l&rsquo;animation culturels. En tant que directrice g\u00e9n\u00e9rale de l&rsquo;American Library Association, Hall a lutt\u00e9 contre les tentatives de censure dans les biblioth\u00e8ques am\u00e9ricaines, qui visent \u00e0 restreindre l&rsquo;acc\u00e8s \u00e0 des livres \u00e9voquant des exp\u00e9riences de personnes racis\u00e9es ou des communaut\u00e9s LGBTQIA+, ou des th\u00e8mes li\u00e9s aux violences sexuelles, racistes ou homophobes.<\/span><\/span><\/p>\n<p><span><span>La liste TIME 100 2023 compte plusieurs sportifs.\u00a0Lionel Messi, vainqueur du Mondial 2023, et le joueur de football am\u00e9ricain Patrick Mahomes, vainqueur du Superbowl 2023, figurent dans la cat\u00e9gorie \u00ab\u00a0Titans\u00a0\u00bb. La basketteuse de WNBA\u00a0Brittney Griner<a href=\"https:\/\/www.tf1info.fr\/international\/brittney-griner-liberee-contre-viktor-bout-dans-echange-une-mauvaise-affaire-pour-joe-biden-aux-etats-unis-2241354.html\">,<\/a>\u00a0longtemps emprisonn\u00e9e en Russie pour \u00ab\u00a0possession de stup\u00e9fiants\u00a0\u00bb,\u00a0et Mikaela Shiffrin, qui a r\u00e9cemment fait tomber le record du nombre de victoires en Coupe du monde de ski (hommes et femmes confondus), apparaissent parmi les \u00ab\u00a0Ic\u00f4nes\u00a0\u00bb.\u00a0La polonaise Iga Swiatek, num\u00e9ro 1 mondiale du circuit de tennis f\u00e9minin professionnel (WTA) et Kylian Mbapp\u00e9, sont class\u00e9s parmi les \u00ab\u00a0Innovateurs\u00a0\u00bb. Kylian, seul fran\u00e7ais de la liste est mis en avant pour son\u00a0\u00ab\u00a0respect\u00a0\u00bb, son\u00a0\u00ab\u00a0humilit\u00e9\u00a0\u00bb\u00a0et sa\u00a0\u00ab\u00a0lucidit\u00e9\u00a0\u00bb\u00a0qui\u00a0\u00ab\u00a0lui permettent de garder les pieds sur terre\u00a0\u00bb.\u00a0\u00ab\u00a0Il a une vision r\u00e9aliste de la c\u00e9l\u00e9brit\u00e9\u00a0\u00bb, ajoute l&rsquo;hebdomadaire, qui le qualifie de\u00a0\u00ab\u00a0g\u00e9nie du football\u00a0\u00bb. <\/span><\/span><\/p>\n<p><span><span>Les s\u0153urs et nageuses de comp\u00e9tition\u00a0Yusra et Sara Mardini\u00a0qui ont fui le conflit syrien en 2015 figurent \u00e9galement sur la liste. <em>Les nageuse (The swimmers),<\/em>\u00a0un film de 2022 inspir\u00e9 de la puissante histoire des s\u0153urs, a pr\u00e9sent\u00e9 \u00e0 un large public la r\u00e9alit\u00e9 humaine de ce que signifie \u00eatre d\u00e9plac\u00e9.\u00a0<\/span><\/span><\/p>\n<p><span><span>La TIME 100 de 2023 comprend 16 leaders du climat, un nombre record pour la liste, dont Anthony Albanese, Gustavo Petro, Catherine Coleman Flowers, Elizabeth Maruma Mrema, Robin Zeng et bien d&rsquo;autres.<\/span><\/span><\/p>\n<p><span><span>On remarque que la parit\u00e9 hommes\/femmes est parfaite (est-ce voulu ou un hasard?). En effet, cinquante femmes dans\u00a0cette liste, qui comprend notamment Jennifer Coolidge, Beyonc\u00e9, Laurene Powell Jobs, Karen Lynch, Kate Orff, Colleen Hoover, Brittney Griner, Oleksandra Matviichuk, Cindy McCain, Sarah Kate Ellis, Doja Cat, Lea Michele, Angela Bassett, Bella Hadid et d&rsquo;autres.<\/span><\/span><\/p>\n<p><span><span>Joe Biden est sur la liste pour la 6e fois, plus que toute autre personne cette ann\u00e9e.\u00a0Les autres revenants incluent Elon Musk (5), Janet Yellen (4), Lionel Messi (3), Beyonc\u00e9 (3), Luiz In\u00e1cio Lula da Silva (3) et Mitch McConnell (3).<\/span><\/span><\/p>\n<p><span><span>La joueuse de tennis polonaise Iga Swiatek, 21 ans, est la plus jeune de la liste de cette ann\u00e9e et la personne la plus \u00e2g\u00e9e est l&rsquo;\u00e9crivaine am\u00e9ricaine Judy Blume, qui a 85 ans.<\/span><\/span><\/p>\n<p><span><span>Il va sans dire qu&rsquo;il n&rsquo;y a malheureusement aucun tunisien ou tunisienne dans cette liste.<\/span><\/span><\/p>\n<p>\u00a0<\/p>\n<p><iframe allowfullscreen=\"\" frameborder=\"0\" height=\"315\" src=\"https:\/\/www.youtube.com\/embed\/SQZA_z8C-0A\" title=\"YouTube video player\" width=\"560\"><\/iframe><\/p>\n<p>\u00a0<\/p>\n<p><strong><span><u><span>Ci-dessous la liste compl\u00e8te de 100\u00a0personnalit\u00e9s\u00a0les plus influentes au monde en 2023\u00a0:<\/span><\/u><\/span><\/strong><\/p>\n<p><span><strong><span><span><u><a href=\"https:\/\/time.com\/collection\/100-most-influential-people-2023\/#artists-5\">ARTISTES<\/a><\/u><\/span><\/span><\/strong><\/span><br \/>\n<span><span><a href=\"https:\/\/time.com\/collection\/100-most-influential-people-2023\/6269439\/michael-b-jordan-2023\/\">Michael B. Jordan<\/a><\/span><\/span><br \/>\n<span><span><a href=\"https:\/\/time.com\/collection\/100-most-influential-people-2023\/6268984\/drew-barrymore\/\">Drew Barrymore<\/a><\/span><\/span><br \/>\n<span><span><a href=\"https:\/\/time.com\/collection\/100-most-influential-people-2023\/6268719\/ali-wong-2023\/\">Ali Wong<\/a><\/span><\/span><br \/>\n<span><span><a href=\"https:\/\/time.com\/collection\/100-most-influential-people-2023\/6268725\/austin-butler\/\">Austin Butler<\/a><\/span><\/span><br \/>\n<span><span><a href=\"https:\/\/time.com\/collection\/100-most-influential-people-2023\/6268723\/aubrey-plaza\/\">Aubrey Plaza<\/a><\/span><\/span><br \/>\n<span><span><a href=\"https:\/\/time.com\/collection\/100-most-influential-people-2023\/6269443\/rian-johnson\/\">Rian Johnson<\/a><\/span><\/span><br \/>\n<span><span><a href=\"https:\/\/time.com\/collection\/100-most-influential-people-2023\/6269462\/salma-hayek-pinault\/\">Salma Hayek Pinault<\/a><\/span><\/span><br \/>\n<span><span><a href=\"https:\/\/time.com\/collection\/100-most-influential-people-2023\/6269460\/zoe-saldana\/\">Zoe Salda\u00f1a<\/a><\/span><\/span><br \/>\n<span><span><a href=\"https:\/\/time.com\/collection\/100-most-influential-people-2023\/6269427\/judy-blume\/\">Judy Blume<\/a><\/span><\/span><br \/>\n<span><span><a href=\"https:\/\/time.com\/collection\/100-most-influential-people-2023\/6268980\/colin-farrell\/\">Colin Farrell<\/a><\/span><\/span><br \/>\n<span><span><a href=\"https:\/\/time.com\/collection\/100-most-influential-people-2023\/6269429\/lea-michele\/\">Lea Michele<\/a><\/span><\/span><br \/>\n<span><span><a href=\"https:\/\/time.com\/collection\/100-most-influential-people-2023\/6269447\/simone-leigh\/\">Simone Leigh<\/a><\/span><\/span><br \/>\n<span><span><a href=\"https:\/\/time.com\/collection\/100-most-influential-people-2023\/6269456\/wolfgang-tillmans\/\">Wolfgang Tillmans<\/a><\/span><\/span><br \/>\n<span><span><a href=\"https:\/\/time.com\/collection\/100-most-influential-people-2023\/6269454\/suzan-lori-parks\/\">Suzan-Lori Parks<\/a><\/span><\/span><br \/>\n<span><span><a href=\"https:\/\/time.com\/collection\/100-most-influential-people-2023\/6269441\/neil-gaiman\/\">Neil Gaiman<\/a><\/span><\/span><br \/>\n<span><span><a href=\"https:\/\/time.com\/collection\/100-most-influential-people-2023\/6269445\/shervin-hajipour\/\">Shervin Hajipour<\/a><\/span><\/span><br \/>\n<span><span><a href=\"https:\/\/time.com\/collection\/100-most-influential-people-2023\/6268986\/el-anatsui\/\">El Anatsui<\/a><\/span><\/span><br \/>\n<span><span><a href=\"https:\/\/time.com\/collection\/100-most-influential-people-2023\/6268982\/colleen-hoover\/\">Colleen Hoover<\/a><\/span><\/span><br \/>\n<span><span><a href=\"https:\/\/time.com\/collection\/100-most-influential-people-2023\/6269450\/steve-lacy\/\">Steve Lacy<\/a><\/span><\/span><\/p>\n<p><span><strong><span><span><u><a href=\"https:\/\/time.com\/collection\/100-most-influential-people-2023\/#icons-3\">ICONES<\/a><\/u><\/span><\/span><\/strong><\/span><br \/>\n<span><span><a href=\"https:\/\/time.com\/collection\/100-most-influential-people-2023\/6269815\/jennifer-coolidge\/\">Jennifer Coolidge<\/a><\/span><\/span><br \/>\n<span><span><a href=\"https:\/\/time.com\/collection\/100-most-influential-people-2023\/6269817\/ke-huy-quan\/\">Ke Huy Quan<\/a><\/span><\/span><br \/>\n<span><span><a href=\"https:\/\/time.com\/collection\/100-most-influential-people-2023\/6270456\/sara-mardini-and-yusra-mardini\/\">Sara Mardini and Yusra Mardini<\/a><\/span><\/span><br \/>\n<span><span><a href=\"https:\/\/time.com\/collection\/100-most-influential-people-2023\/6269827\/shah-rukh-khan\/\">Shah Rukh Khan<\/a><\/span><\/span><br \/>\n<span><span><a href=\"https:\/\/time.com\/collection\/100-most-influential-people-2023\/6269821\/pedro-pascal\/\">Pedro Pascal<\/a><\/span><\/span><br \/>\n<span><span><a href=\"https:\/\/time.com\/collection\/100-most-influential-people-2023\/6269465\/brittney-griner\/\">Brittney Griner<\/a><\/span><\/span><br \/>\n<span><span><a href=\"https:\/\/time.com\/collection\/100-most-influential-people-2023\/6269819\/king-charles\/\">King Charles<\/a><\/span><\/span><br \/>\n<span><span><a href=\"https:\/\/time.com\/collection\/100-most-influential-people-2023\/6269825\/salman-rushdie\/\">Salman Rushdie<\/a><\/span><\/span><br \/>\n<span><span><a href=\"https:\/\/time.com\/collection\/100-most-influential-people-2023\/6269823\/rowvaughn-wells\/\">RowVaughn Wells<\/a><\/span><\/span><br \/>\n<span><span><a href=\"https:\/\/time.com\/collection\/100-most-influential-people-2023\/6269831\/tracie-d-hall\/\">Tracie D. Hall<\/a><\/span><\/span><br \/>\n<span><span><a href=\"https:\/\/time.com\/collection\/100-most-influential-people-2023\/6269835\/peng-lifa\/\">Peng Lifa<\/a><\/span><\/span><br \/>\n<span><span><a href=\"https:\/\/time.com\/collection\/100-most-influential-people-2023\/6269829\/shannon-watts\/\">Shannon Watts<\/a><\/span><\/span><br \/>\n<span><span><a href=\"https:\/\/time.com\/collection\/100-most-influential-people-2023\/6269467\/haluk-levent\/\">Haluk Levent<\/a><\/span><\/span><br \/>\n<span><span><a href=\"https:\/\/time.com\/collection\/100-most-influential-people-2023\/6269470\/imara-jones\/\">Imara Jones<\/a><\/span><\/span><br \/>\n<span><span><a href=\"https:\/\/time.com\/collection\/100-most-influential-people-2023\/6269833\/yvon-chouinard\/\">Yvon Chouinard<\/a><\/span><\/span><\/p>\n<p><span><strong><span><span><u><a href=\"https:\/\/time.com\/collection\/100-most-influential-people-2023\/#pioneers-6\">PIONNIERS<\/a><\/u><\/span><\/span><\/strong><\/span><br \/>\n<span><span><a href=\"https:\/\/time.com\/collection\/100-most-influential-people-2023\/6269994\/doja-cat-2023\/\">Doja Cat<\/a><\/span><\/span><br \/>\n<span><span><a href=\"https:\/\/time.com\/collection\/100-most-influential-people-2023\/6270002\/mikaela-shiffrin\/\">Mikaela Shiffrin<\/a><\/span><\/span><br \/>\n<span><span><a href=\"https:\/\/time.com\/collection\/100-most-influential-people-2023\/6269992\/bella-hadid\/\">Bella Hadid<\/a><\/span><\/span><br \/>\n<span><span><a href=\"https:\/\/time.com\/collection\/100-most-influential-people-2023\/6270015\/sam-altman\/\">Sam Altman<\/a><\/span><\/span><br \/>\n<span><span><a href=\"https:\/\/time.com\/collection\/100-most-influential-people-2023\/6270464\/niloofar-hamedi-and-elaheh-mohammadi\/\">Niloofar Hamedi and Elaheh Mohammadi<\/a><\/span><\/span><br \/>\n<span><span><a href=\"https:\/\/time.com\/collection\/100-most-influential-people-2023\/6270020\/thom-browne\/\">Thom Browne<\/a><\/span><\/span><br \/>\n<span><span><a href=\"https:\/\/time.com\/collection\/100-most-influential-people-2023\/6270012\/s-s-rajamouli\/\">S.S. Rajamouli<\/a><\/span><\/span><br \/>\n<span><span><a href=\"https:\/\/time.com\/collection\/100-most-influential-people-2023\/6270005\/mrbeast-jimmy-donaldson\/\">MrBeast<\/a><\/span><\/span><br \/>\n<span><span><a href=\"https:\/\/time.com\/collection\/100-most-influential-people-2023\/6269999\/elizabeth-maruma-mrema\/\">Elizabeth Maruma Mrema<\/a><\/span><\/span><br \/>\n<span><span><a href=\"https:\/\/time.com\/collection\/100-most-influential-people-2023\/6270462\/britney-schmidt-and-peter-davis\/\">Britney Schmidt and Peter Davis<\/a><\/span><\/span><br \/>\n<span><span><a href=\"https:\/\/time.com\/collection\/100-most-influential-people-2023\/6270018\/sam-rivera\/\">Sam Rivera<\/a><\/span><\/span><br \/>\n<span><span><a href=\"https:\/\/time.com\/collection\/100-most-influential-people-2023\/6270008\/robin-zeng\/\">Robin Zeng<\/a><\/span><\/span><br \/>\n<span><span><a href=\"https:\/\/time.com\/collection\/100-most-influential-people-2023\/6269996\/edward-reynolds\/\">Edward Reynolds<\/a><\/span><\/span><br \/>\n<span><span><a href=\"https:\/\/time.com\/collection\/100-most-influential-people-2023\/6270780\/margaret-mitchell\/\">Margaret Mitchell<\/a><\/span><\/span><\/p>\n<p><u><span><strong><span><a href=\"https:\/\/time.com\/collection\/100-most-influential-people-2023\/#leaders-7\">DIRIGEANTS<\/a><\/span><\/strong><\/span><\/u><br \/>\n<span><span><a href=\"https:\/\/time.com\/collection\/100-most-influential-people-2023\/6269865\/olena-zelenska\/\">Olena Zelenska<\/a><\/span><\/span><br \/>\n<span><span><a href=\"https:\/\/time.com\/collection\/100-most-influential-people-2023\/6269853\/luiz-inacio-lula-da-silva\/\">Luiz In\u00e1cio Lula da Silva<\/a><\/span><\/span><br \/>\n<span><span><a href=\"https:\/\/time.com\/collection\/100-most-influential-people-2023\/6269849\/hakeem-jeffries\/\">Hakeem Jeffries<\/a><\/span><\/span><br \/>\n<span><span><a href=\"https:\/\/time.com\/collection\/100-most-influential-people-2023\/6269877\/evan-gershkovich\/\">Evan Gershkovich<\/a><\/span><\/span><br \/>\n<span><span><a href=\"https:\/\/time.com\/collection\/100-most-influential-people-2023\/6269837\/janet-yellen-2023\/\">Janet Yellen<\/a><\/span><\/span><br \/>\n<span><span><a href=\"https:\/\/time.com\/collection\/100-most-influential-people-2023\/6269869\/sherry-rehman\/\">Sherry Rehman<\/a><\/span><\/span><br \/>\n<span><span><a href=\"https:\/\/time.com\/collection\/100-most-influential-people-2023\/6269859\/mitch-mcconnell-2023\/\">Mitch McConnell<\/a><\/span><\/span><br \/>\n<span><span><a href=\"https:\/\/time.com\/collection\/100-most-influential-people-2023\/6269839\/anthony-albanese\/\">Anthony Albanese<\/a><\/span><\/span><br \/>\n<span><span><a href=\"https:\/\/time.com\/collection\/100-most-influential-people-2023\/6269855\/margrethe-vestager-2023\/\">Margrethe Vestager<\/a><\/span><\/span><br \/>\n<span><span><a href=\"https:\/\/time.com\/collection\/100-most-influential-people-2023\/6269851\/joe-biden-2023\/\">Joe Biden<\/a><\/span><\/span><br \/>\n<span><span><a href=\"https:\/\/time.com\/collection\/100-most-influential-people-2023\/6269867\/samuel-alito\/\">Samuel Alito<\/a><\/span><\/span><br \/>\n<span><span><a href=\"https:\/\/time.com\/collection\/100-most-influential-people-2023\/6269847\/gustavo-petro\/\">Gustavo Petro<\/a><\/span><\/span><br \/>\n<span><span><a href=\"https:\/\/time.com\/collection\/100-most-influential-people-2023\/6269845\/gina-raimondo\/\">Gina Raimondo<\/a><\/span><\/span><br \/>\n<span><span><a href=\"https:\/\/time.com\/collection\/100-most-influential-people-2023\/6269863\/oleksandra-matviichuk\/\">Oleksandra Matviichuk<\/a><\/span><\/span><br \/>\n<span><span><a href=\"https:\/\/time.com\/collection\/100-most-influential-people-2023\/6269875\/fumio-kishida\/\">Fumio Kishida<\/a><\/span><\/span><br \/>\n<span><span><a href=\"https:\/\/time.com\/collection\/100-most-influential-people-2023\/6269873\/cindy-mccain\/\">Cindy McCain<\/a><\/span><\/span><br \/>\n<span><span><a href=\"https:\/\/time.com\/collection\/100-most-influential-people-2023\/6269871\/maria-herrera-magdaleno\/\">Mar\u00eda Herrera Magdaleno<\/a><\/span><\/span><br \/>\n<span><span><a href=\"https:\/\/time.com\/collection\/100-most-influential-people-2023\/6269861\/olaf-scholz-2023\/\">Olaf Scholz<\/a><\/span><\/span><br \/>\n<span><span><a href=\"https:\/\/time.com\/collection\/100-most-influential-people-2023\/6269843\/bola-ahmed-tinubu\/\">Bola Ahmed Tinubu<\/a><\/span><\/span><br \/>\n<span><span><a href=\"https:\/\/time.com\/collection\/100-most-influential-people-2023\/6269857\/min-aung-hlaing\/\">Min Aung Hlaing<\/a><\/span><\/span><\/p>\n<p><u><strong><span><span><a href=\"https:\/\/time.com\/collection\/100-most-influential-people-2023\/#titans-5\">TITANS<\/a><\/span><\/span><\/strong><\/u><br \/>\n<span><span><a href=\"https:\/\/time.com\/collection\/100-most-influential-people-2023\/6269879\/angela-bassett\/\">Angela Bassett<\/a><\/span><\/span><br \/>\n<span><span><a href=\"https:\/\/time.com\/collection\/100-most-influential-people-2023\/6269891\/laurene-powell-jobs\/\">Laurene Powell Jobs<\/a><\/span><\/span><br \/>\n<span><span><a href=\"https:\/\/time.com\/collection\/100-most-influential-people-2023\/6269893\/lionel-messi\/\">Lionel Messi<\/a><\/span><\/span><br \/>\n<span><span><a href=\"https:\/\/time.com\/collection\/100-most-influential-people-2023\/6269895\/padma-lakshmi\/\">Padma Lakshmi<\/a><\/span><\/span><br \/>\n<span><span><a href=\"https:\/\/time.com\/collection\/100-most-influential-people-2023\/6269887\/johan-rockstrom\/\">Johan Rockstrom<\/a><\/span><\/span><br \/>\n<span><span><a href=\"https:\/\/time.com\/collection\/100-most-influential-people-2023\/6269881\/beyonce-2023\/\">Beyonc\u00e9<\/a><\/span><\/span><br \/>\n<span><span><a href=\"https:\/\/time.com\/collection\/100-most-influential-people-2023\/6269897\/patrick-mahomes-ii\/\">Patrick Mahomes II<\/a><\/span><\/span><br \/>\n<span><span><a href=\"https:\/\/time.com\/collection\/100-most-influential-people-2023\/6269883\/elon-musk-2023\/\">Elon Musk<\/a><\/span><\/span><br \/>\n<span><span><a href=\"https:\/\/time.com\/collection\/100-most-influential-people-2023\/6269885\/gina-prince-bythewood\/\">Gina Prince-Bythewood<\/a><\/span><\/span><br \/>\n<span><span><a href=\"https:\/\/time.com\/collection\/100-most-influential-people-2023\/6269889\/karen-lynch\/\">Karen Lynch<\/a><\/span><\/span><br \/>\n<span><span><a href=\"https:\/\/time.com\/collection\/100-most-influential-people-2023\/6269949\/shou-zi-chew\/\">Shou Zi Chew<\/a><\/span><\/span><br \/>\n<span><span><a href=\"https:\/\/time.com\/collection\/100-most-influential-people-2023\/6270459\/ozlem-tureci-and-ugur-sahin\/\">Ozlem Tureci and Ugur Sahin<\/a><\/span><\/span><br \/>\n<span><span><a href=\"https:\/\/time.com\/collection\/100-most-influential-people-2023\/6269951\/deborah-lipstadt\/\">Deborah Lipstadt<\/a><\/span><\/span><\/p>\n<p><u><span><strong><span><a href=\"https:\/\/time.com\/collection\/100-most-influential-people-2023\/#innovators-6\">INNOVATEURS<\/a><\/span><\/strong><\/span><\/u><br \/>\n<span><span><a href=\"https:\/\/time.com\/collection\/100-most-influential-people-2023\/6269954\/bob-iger-2023\/\">Bob Iger<\/a><\/span><\/span><br \/>\n<span><span><a href=\"https:\/\/time.com\/collection\/100-most-influential-people-2023\/6269980\/sarah-kate-ellis\/\">Sarah Kate Ellis<\/a><\/span><\/span><br \/>\n<span><span><a href=\"https:\/\/time.com\/collection\/100-most-influential-people-2023\/6269972\/kylian-mbappe\/\">Kylian Mbapp\u00e9<\/a><\/span><\/span><br \/>\n<span><span><a href=\"https:\/\/time.com\/collection\/100-most-influential-people-2023\/6269976\/natasha-lyonne\/\">Natasha Lyonne<\/a><\/span><\/span><br \/>\n<span><span><a href=\"https:\/\/time.com\/collection\/100-most-influential-people-2023\/6269974\/monica-simpson\/\">Monica Simpson<\/a><\/span><\/span><br \/>\n<span><span><a href=\"https:\/\/time.com\/collection\/100-most-influential-people-2023\/6269978\/nathan-fielder\/\">Nathan Fielder<\/a><\/span><\/span><br \/>\n<span><span><a href=\"https:\/\/time.com\/collection\/100-most-influential-people-2023\/6269986\/wanjira-mathai\/\">Wanjira Mathai<\/a><\/span><\/span><br \/>\n<span><span><a href=\"https:\/\/time.com\/collection\/100-most-influential-people-2023\/6269962\/hidetaka-miyazaki\/\">Hidetaka Miyazaki<\/a><\/span><\/span><br \/>\n<span><span><a href=\"https:\/\/time.com\/collection\/100-most-influential-people-2023\/6269967\/jerrod-carmichael\/\">Jerrod Carmichael<\/a><\/span><\/span><br \/>\n<span><span><a href=\"https:\/\/time.com\/collection\/100-most-influential-people-2023\/6269958\/catherine-coleman-flowers\/\">Catherine Coleman Flowers<\/a><\/span><\/span><br \/>\n<span><span><a href=\"https:\/\/time.com\/collection\/100-most-influential-people-2023\/6269984\/sean-sherman\/\">Sean Sherman<\/a><\/span><\/span><br \/>\n<span><span><a href=\"https:\/\/time.com\/collection\/100-most-influential-people-2023\/6269964\/iga-swiatek\/\">Iga Swiatek<\/a><\/span><\/span><br \/>\n<span><span><a href=\"https:\/\/time.com\/collection\/100-most-influential-people-2023\/6269969\/kate-orff\/\">Kate Orff<\/a><\/span><\/span><br \/>\n<span><span><a href=\"https:\/\/time.com\/collection\/100-most-influential-people-2023\/6269960\/dimie-ogoina\/\">Dimie Ogoina<\/a><\/span><\/span><br \/>\n<span><span><a href=\"https:\/\/time.com\/collection\/100-most-influential-people-2023\/6269989\/andrea-kritcher\/\">Andrea Kritcher<\/a><\/span><\/span><\/p>\n<p><span><strong>Ne\u00efla Driss<\/strong><\/span><\/p>\n<\/p><\/div>\n<div class=\"coprs\" style=\"text-align: center\"><\/div><\/div>\n","protected":false},"excerpt":{"rendered":"<p>Le magazine am\u00e9ricain\u00a0Time\u00a0a rendu publique sa liste des 100 personnalit\u00e9s les plus influentes au monde de l&rsquo;ann\u00e9e 2023. Les crit\u00e8res de s\u00e9lection sont la fonct&#8230;<\/p>\n","protected":false},"author":3164,"featured_media":251418,"comment_status":"open","ping_status":"closed","sticky":false,"template":"","format":"standard","meta":{"footnotes":""},"categories":[2598],"tags":[8547,8544,8545,8546],"class_list":["post-204900","post","type-post","status-publish","format-standard","has-post-thumbnail","hentry","category-international","tag-personnalites-influentes-2023","tag-shah-rukh-khan","tag-time-100","tag-time-100-2023"],"yoast_head":"<!-- This site is optimized with the Yoast SEO Premium plugin v27.5 (Yoast SEO v27.5) - https:\/\/yoast.com\/product\/yoast-seo-premium-wordpress\/ -->\n<title>Les 100 personnalit\u00e9s les plus influentes de l&#039;ann\u00e9e 2023 selon Time Magazine<\/title>\n<meta name=\"description\" content=\"Le magazine am\u00e9ricain\u00a0Time\u00a0a rendu publique sa liste des 100 personnalit\u00e9s les plus influentes au monde de l&#039;ann\u00e9e 2023. Les crit\u00e8res de s\u00e9lection sont la fonct...\" \/>\n<link rel=\"canonical\" href=\"https:\/\/www.webdo.tn\/fr\/actualite\/international\/les-100-personnalites-les-plus-influentes-de-l-annee-2023-selon-time-magazine\/204900\/\" \/>\n<meta property=\"og:locale\" content=\"fr_FR\" \/>\n<meta property=\"og:type\" content=\"article\" \/>\n<meta property=\"og:title\" content=\"Les 100 personnalit\u00e9s les plus influentes de l&#039;ann\u00e9e 2023 selon Time Magazine\" \/>\n<meta property=\"og:description\" content=\"Le magazine am\u00e9ricain\u00a0Time\u00a0a rendu publique sa liste des 100 personnalit\u00e9s les plus influentes au monde de l&#039;ann\u00e9e 2023. Les crit\u00e8res de s\u00e9lection sont la fonct...\" \/>\n<meta property=\"og:url\" content=\"https:\/\/www.webdo.tn\/fr\/actualite\/international\/les-100-personnalites-les-plus-influentes-de-l-annee-2023-selon-time-magazine\/204900\/\" \/>\n<meta property=\"og:site_name\" content=\"webdo\" \/>\n<meta property=\"article:publisher\" content=\"https:\/\/www.facebook.com\/webdotn\" \/>\n<meta property=\"article:author\" content=\"https:\/\/www.facebook.com\/massir.destiniii\/\" \/>\n<meta property=\"article:published_time\" content=\"2023-04-16T20:48:00+00:00\" \/>\n<meta property=\"article:modified_time\" content=\"2025-05-21T08:56:44+00:00\" \/>\n<meta property=\"og:image\" content=\"https:\/\/www.webdo.tn\/fr\/wp-content\/uploads\/2023\/04\/c5ba8b07a88b7c0ecf1d32107f578c84.jpg\" \/>\n\t<meta property=\"og:image:width\" content=\"750\" \/>\n\t<meta property=\"og:image:height\" content=\"400\" \/>\n\t<meta property=\"og:image:type\" content=\"image\/jpeg\" \/>\n<meta name=\"author\" content=\"Ne\u00efla DRISS\" \/>\n<meta name=\"twitter:card\" content=\"summary_large_image\" \/>\n<meta name=\"twitter:creator\" content=\"@https:\/\/x.com\/MassirDestin\" \/>\n<meta name=\"twitter:site\" content=\"@webdo_tn\" \/>\n<meta name=\"twitter:label1\" content=\"\u00c9crit par\" \/>\n\t<meta name=\"twitter:data1\" content=\"Ne\u00efla DRISS\" \/>\n\t<meta name=\"twitter:label2\" content=\"Dur\u00e9e de lecture estim\u00e9e\" \/>\n\t<meta name=\"twitter:data2\" content=\"6 minutes\" \/>\n<script type=\"application\/ld+json\" class=\"yoast-schema-graph\">{\"@context\":\"https:\\\/\\\/schema.org\",\"@graph\":[{\"@type\":\"NewsArticle\",\"@id\":\"https:\\\/\\\/www.webdo.tn\\\/fr\\\/actualite\\\/international\\\/les-100-personnalites-les-plus-influentes-de-l-annee-2023-selon-time-magazine\\\/204900\\\/#article\",\"isPartOf\":{\"@id\":\"https:\\\/\\\/www.webdo.tn\\\/fr\\\/actualite\\\/international\\\/les-100-personnalites-les-plus-influentes-de-l-annee-2023-selon-time-magazine\\\/204900\\\/\"},\"author\":{\"name\":\"Ne\u00efla DRISS\",\"@id\":\"https:\\\/\\\/www.webdo.tn\\\/fr\\\/#\\\/schema\\\/person\\\/60d5ba619ed3f58783b0dc82b7dada80\"},\"headline\":\"Les 100 personnalit\u00e9s les plus influentes de l&rsquo;ann\u00e9e 2023 selon Time Magazine\",\"datePublished\":\"2023-04-16T20:48:00+00:00\",\"dateModified\":\"2025-05-21T08:56:44+00:00\",\"mainEntityOfPage\":{\"@id\":\"https:\\\/\\\/www.webdo.tn\\\/fr\\\/actualite\\\/international\\\/les-100-personnalites-les-plus-influentes-de-l-annee-2023-selon-time-magazine\\\/204900\\\/\"},\"wordCount\":1271,\"commentCount\":0,\"publisher\":{\"@id\":\"https:\\\/\\\/www.webdo.tn\\\/fr\\\/#organization\"},\"image\":{\"@id\":\"https:\\\/\\\/www.webdo.tn\\\/fr\\\/actualite\\\/international\\\/les-100-personnalites-les-plus-influentes-de-l-annee-2023-selon-time-magazine\\\/204900\\\/#primaryimage\"},\"thumbnailUrl\":\"https:\\\/\\\/www.webdo.tn\\\/fr\\\/wp-content\\\/uploads\\\/2023\\\/04\\\/c5ba8b07a88b7c0ecf1d32107f578c84.jpg\",\"keywords\":[\"Personnalit\u00e9s influentes 2023\",\"Shah Rukh Khan\",\"TIME 100\",\"TIME 100 2023\"],\"articleSection\":[\"International\"],\"inLanguage\":\"fr-FR\"},{\"@type\":\"WebPage\",\"@id\":\"https:\\\/\\\/www.webdo.tn\\\/fr\\\/actualite\\\/international\\\/les-100-personnalites-les-plus-influentes-de-l-annee-2023-selon-time-magazine\\\/204900\\\/\",\"url\":\"https:\\\/\\\/www.webdo.tn\\\/fr\\\/actualite\\\/international\\\/les-100-personnalites-les-plus-influentes-de-l-annee-2023-selon-time-magazine\\\/204900\\\/\",\"name\":\"Les 100 personnalit\u00e9s les plus influentes de l'ann\u00e9e 2023 selon Time Magazine\",\"isPartOf\":{\"@id\":\"https:\\\/\\\/www.webdo.tn\\\/fr\\\/#website\"},\"primaryImageOfPage\":{\"@id\":\"https:\\\/\\\/www.webdo.tn\\\/fr\\\/actualite\\\/international\\\/les-100-personnalites-les-plus-influentes-de-l-annee-2023-selon-time-magazine\\\/204900\\\/#primaryimage\"},\"image\":{\"@id\":\"https:\\\/\\\/www.webdo.tn\\\/fr\\\/actualite\\\/international\\\/les-100-personnalites-les-plus-influentes-de-l-annee-2023-selon-time-magazine\\\/204900\\\/#primaryimage\"},\"thumbnailUrl\":\"https:\\\/\\\/www.webdo.tn\\\/fr\\\/wp-content\\\/uploads\\\/2023\\\/04\\\/c5ba8b07a88b7c0ecf1d32107f578c84.jpg\",\"datePublished\":\"2023-04-16T20:48:00+00:00\",\"dateModified\":\"2025-05-21T08:56:44+00:00\",\"description\":\"Le magazine am\u00e9ricain\u00a0Time\u00a0a rendu publique sa liste des 100 personnalit\u00e9s les plus influentes au monde de l'ann\u00e9e 2023. Les crit\u00e8res de s\u00e9lection sont la fonct...\",\"breadcrumb\":{\"@id\":\"https:\\\/\\\/www.webdo.tn\\\/fr\\\/actualite\\\/international\\\/les-100-personnalites-les-plus-influentes-de-l-annee-2023-selon-time-magazine\\\/204900\\\/#breadcrumb\"},\"inLanguage\":\"fr-FR\",\"potentialAction\":[{\"@type\":\"ReadAction\",\"target\":[\"https:\\\/\\\/www.webdo.tn\\\/fr\\\/actualite\\\/international\\\/les-100-personnalites-les-plus-influentes-de-l-annee-2023-selon-time-magazine\\\/204900\\\/\"]}]},{\"@type\":\"ImageObject\",\"inLanguage\":\"fr-FR\",\"@id\":\"https:\\\/\\\/www.webdo.tn\\\/fr\\\/actualite\\\/international\\\/les-100-personnalites-les-plus-influentes-de-l-annee-2023-selon-time-magazine\\\/204900\\\/#primaryimage\",\"url\":\"https:\\\/\\\/www.webdo.tn\\\/fr\\\/wp-content\\\/uploads\\\/2023\\\/04\\\/c5ba8b07a88b7c0ecf1d32107f578c84.jpg\",\"contentUrl\":\"https:\\\/\\\/www.webdo.tn\\\/fr\\\/wp-content\\\/uploads\\\/2023\\\/04\\\/c5ba8b07a88b7c0ecf1d32107f578c84.jpg\",\"width\":750,\"height\":400,\"caption\":\"Les 100 personnalit\u00e9s les plus influentes de l'ann\u00e9e 2023 selon Time Magazine\"},{\"@type\":\"BreadcrumbList\",\"@id\":\"https:\\\/\\\/www.webdo.tn\\\/fr\\\/actualite\\\/international\\\/les-100-personnalites-les-plus-influentes-de-l-annee-2023-selon-time-magazine\\\/204900\\\/#breadcrumb\",\"itemListElement\":[{\"@type\":\"ListItem\",\"position\":1,\"name\":\"Accueil\",\"item\":\"https:\\\/\\\/www.webdo.tn\\\/fr\\\/\"},{\"@type\":\"ListItem\",\"position\":2,\"name\":\"Les 100 personnalit\u00e9s les plus influentes de l&rsquo;ann\u00e9e 2023 selon Time Magazine\"}]},{\"@type\":\"WebSite\",\"@id\":\"https:\\\/\\\/www.webdo.tn\\\/fr\\\/#website\",\"url\":\"https:\\\/\\\/www.webdo.tn\\\/fr\\\/\",\"name\":\"webdo\",\"description\":\"Tunisie - News en Tunisie et \u00e0 l&#039;international sur Webdo.tn\",\"publisher\":{\"@id\":\"https:\\\/\\\/www.webdo.tn\\\/fr\\\/#organization\"},\"potentialAction\":[{\"@type\":\"SearchAction\",\"target\":{\"@type\":\"EntryPoint\",\"urlTemplate\":\"https:\\\/\\\/www.webdo.tn\\\/fr\\\/?s={search_term_string}\"},\"query-input\":{\"@type\":\"PropertyValueSpecification\",\"valueRequired\":true,\"valueName\":\"search_term_string\"}}],\"inLanguage\":\"fr-FR\"},{\"@type\":\"Organization\",\"@id\":\"https:\\\/\\\/www.webdo.tn\\\/fr\\\/#organization\",\"name\":\"Webdo\",\"alternateName\":\"Webdo.tn\",\"url\":\"https:\\\/\\\/www.webdo.tn\\\/fr\\\/\",\"logo\":{\"@type\":\"ImageObject\",\"inLanguage\":\"fr-FR\",\"@id\":\"https:\\\/\\\/www.webdo.tn\\\/fr\\\/#\\\/schema\\\/logo\\\/image\\\/\",\"url\":\"https:\\\/\\\/www.webdo.tn\\\/fr\\\/wp-content\\\/uploads\\\/2025\\\/06\\\/Webdo-Tunisie_168377.jpg\",\"contentUrl\":\"https:\\\/\\\/www.webdo.tn\\\/fr\\\/wp-content\\\/uploads\\\/2025\\\/06\\\/Webdo-Tunisie_168377.jpg\",\"width\":301,\"height\":301,\"caption\":\"Webdo\"},\"image\":{\"@id\":\"https:\\\/\\\/www.webdo.tn\\\/fr\\\/#\\\/schema\\\/logo\\\/image\\\/\"},\"sameAs\":[\"https:\\\/\\\/www.facebook.com\\\/webdotn\",\"https:\\\/\\\/x.com\\\/webdo_tn\"],\"description\":\"Webdo est un m\u00e9dia num\u00e9rique tunisien fond\u00e9 en 2010, sp\u00e9cialis\u00e9 dans l\u2019actualit\u00e9 nationale et internationale, l\u2019\u00e9conomie, la soci\u00e9t\u00e9 et les analyses politiques. Le site s\u2019adresse \u00e0 un large public francophone et couvre l\u2019information tunisienne en temps r\u00e9el.\",\"email\":\"redac@webdo.tn\",\"legalName\":\"YNJ SARL\",\"foundingDate\":\"2010-09-06\",\"numberOfEmployees\":{\"@type\":\"QuantitativeValue\",\"minValue\":\"11\",\"maxValue\":\"50\"}},{\"@type\":\"Person\",\"@id\":\"https:\\\/\\\/www.webdo.tn\\\/fr\\\/#\\\/schema\\\/person\\\/60d5ba619ed3f58783b0dc82b7dada80\",\"name\":\"Ne\u00efla DRISS\",\"image\":{\"@type\":\"ImageObject\",\"inLanguage\":\"fr-FR\",\"@id\":\"https:\\\/\\\/www.webdo.tn\\\/fr\\\/wp-content\\\/uploads\\\/2026\\\/04\\\/neila-driss_avatar-96x96.jpg\",\"url\":\"https:\\\/\\\/www.webdo.tn\\\/fr\\\/wp-content\\\/uploads\\\/2026\\\/04\\\/neila-driss_avatar-96x96.jpg\",\"contentUrl\":\"https:\\\/\\\/www.webdo.tn\\\/fr\\\/wp-content\\\/uploads\\\/2026\\\/04\\\/neila-driss_avatar-96x96.jpg\",\"caption\":\"Ne\u00efla DRISS\"},\"description\":\"Ne\u00efla Driss est juriste, journaliste culturelle et critique de cin\u00e9ma tunisienne. Titulaire d\u2019un DEA en droit priv\u00e9 de l\u2019Universit\u00e9 Paris II et d\u2019un DESS de l\u2019IHEC Carthage, elle d\u00e9bute sa carri\u00e8re comme juriste sp\u00e9cialis\u00e9e en gestion de patrimoine immobilier. Elle s\u2019oriente ensuite vers l\u2019\u00e9criture en ligne, o\u00f9 elle se distingue d\u00e8s 2006 aux Tunisia Blog Awards, avant de se consacrer au journalisme culturel, avec une sp\u00e9cialisation dans la critique cin\u00e9matographique. Elle couvre r\u00e9guli\u00e8rement les grands festivals internationaux, notamment le Festival de Cannes, les Journ\u00e9es Cin\u00e9matographiques de Carthage et le Festival du film du Caire. Membre de l\u2019ATPCC et de la FIPRESCI, elle participe \u00e0 des jurys et initiatives internationales de critique. Depuis 2024, elle est \u00e9lectrice internationale aux Golden Globes. Facebook : https:\\\/\\\/www.facebook.com\\\/massir.destiniii\\\/ X : https:\\\/\\\/x.com\\\/MassirDestin\",\"sameAs\":[\"https:\\\/\\\/www.facebook.com\\\/massir.destiniii\\\/\",\"https:\\\/\\\/www.instagram.com\\\/neila.driss\\\/?hl=fr\",\"https:\\\/\\\/www.linkedin.com\\\/in\\\/neila-driss-22606a80\\\/\",\"https:\\\/\\\/x.com\\\/https:\\\/\\\/x.com\\\/MassirDestin\"],\"knowsAbout\":[\"Cin\u00e9ma international\",\"critique cin\u00e9matographique\",\"festivals de cin\u00e9ma\",\"journalisme culturel\"],\"knowsLanguage\":[\"Fran\u00e7ais\",\"Arabe\",\"Anglais\"],\"jobTitle\":\"Journaliste culturelle et critique de cin\u00e9ma\",\"worksFor\":\"Webdo\",\"url\":\"https:\\\/\\\/www.webdo.tn\\\/fr\\\/actualite\\\/author\\\/neila-driss\\\/\"}]}<\/script>\n<!-- \/ Yoast SEO Premium plugin. -->","yoast_head_json":{"title":"Les 100 personnalit\u00e9s les plus influentes de l'ann\u00e9e 2023 selon Time Magazine","description":"Le magazine am\u00e9ricain\u00a0Time\u00a0a rendu publique sa liste des 100 personnalit\u00e9s les plus influentes au monde de l'ann\u00e9e 2023. Les crit\u00e8res de s\u00e9lection sont la fonct...","canonical":"https:\/\/www.webdo.tn\/fr\/actualite\/international\/les-100-personnalites-les-plus-influentes-de-l-annee-2023-selon-time-magazine\/204900\/","og_locale":"fr_FR","og_type":"article","og_title":"Les 100 personnalit\u00e9s les plus influentes de l'ann\u00e9e 2023 selon Time Magazine","og_description":"Le magazine am\u00e9ricain\u00a0Time\u00a0a rendu publique sa liste des 100 personnalit\u00e9s les plus influentes au monde de l'ann\u00e9e 2023. Les crit\u00e8res de s\u00e9lection sont la fonct...","og_url":"https:\/\/www.webdo.tn\/fr\/actualite\/international\/les-100-personnalites-les-plus-influentes-de-l-annee-2023-selon-time-magazine\/204900\/","og_site_name":"webdo","article_publisher":"https:\/\/www.facebook.com\/webdotn","article_author":"https:\/\/www.facebook.com\/massir.destiniii\/","article_published_time":"2023-04-16T20:48:00+00:00","article_modified_time":"2025-05-21T08:56:44+00:00","og_image":[{"width":750,"height":400,"url":"https:\/\/www.webdo.tn\/fr\/wp-content\/uploads\/2023\/04\/c5ba8b07a88b7c0ecf1d32107f578c84.jpg","type":"image\/jpeg"}],"author":"Ne\u00efla DRISS","twitter_card":"summary_large_image","twitter_creator":"@https:\/\/x.com\/MassirDestin","twitter_site":"@webdo_tn","twitter_misc":{"\u00c9crit par":"Ne\u00efla DRISS","Dur\u00e9e de lecture estim\u00e9e":"6 minutes"},"schema":{"@context":"https:\/\/schema.org","@graph":[{"@type":"NewsArticle","@id":"https:\/\/www.webdo.tn\/fr\/actualite\/international\/les-100-personnalites-les-plus-influentes-de-l-annee-2023-selon-time-magazine\/204900\/#article","isPartOf":{"@id":"https:\/\/www.webdo.tn\/fr\/actualite\/international\/les-100-personnalites-les-plus-influentes-de-l-annee-2023-selon-time-magazine\/204900\/"},"author":{"name":"Ne\u00efla DRISS","@id":"https:\/\/www.webdo.tn\/fr\/#\/schema\/person\/60d5ba619ed3f58783b0dc82b7dada80"},"headline":"Les 100 personnalit\u00e9s les plus influentes de l&rsquo;ann\u00e9e 2023 selon Time Magazine","datePublished":"2023-04-16T20:48:00+00:00","dateModified":"2025-05-21T08:56:44+00:00","mainEntityOfPage":{"@id":"https:\/\/www.webdo.tn\/fr\/actualite\/international\/les-100-personnalites-les-plus-influentes-de-l-annee-2023-selon-time-magazine\/204900\/"},"wordCount":1271,"commentCount":0,"publisher":{"@id":"https:\/\/www.webdo.tn\/fr\/#organization"},"image":{"@id":"https:\/\/www.webdo.tn\/fr\/actualite\/international\/les-100-personnalites-les-plus-influentes-de-l-annee-2023-selon-time-magazine\/204900\/#primaryimage"},"thumbnailUrl":"https:\/\/www.webdo.tn\/fr\/wp-content\/uploads\/2023\/04\/c5ba8b07a88b7c0ecf1d32107f578c84.jpg","keywords":["Personnalit\u00e9s influentes 2023","Shah Rukh Khan","TIME 100","TIME 100 2023"],"articleSection":["International"],"inLanguage":"fr-FR"},{"@type":"WebPage","@id":"https:\/\/www.webdo.tn\/fr\/actualite\/international\/les-100-personnalites-les-plus-influentes-de-l-annee-2023-selon-time-magazine\/204900\/","url":"https:\/\/www.webdo.tn\/fr\/actualite\/international\/les-100-personnalites-les-plus-influentes-de-l-annee-2023-selon-time-magazine\/204900\/","name":"Les 100 personnalit\u00e9s les plus influentes de l'ann\u00e9e 2023 selon Time Magazine","isPartOf":{"@id":"https:\/\/www.webdo.tn\/fr\/#website"},"primaryImageOfPage":{"@id":"https:\/\/www.webdo.tn\/fr\/actualite\/international\/les-100-personnalites-les-plus-influentes-de-l-annee-2023-selon-time-magazine\/204900\/#primaryimage"},"image":{"@id":"https:\/\/www.webdo.tn\/fr\/actualite\/international\/les-100-personnalites-les-plus-influentes-de-l-annee-2023-selon-time-magazine\/204900\/#primaryimage"},"thumbnailUrl":"https:\/\/www.webdo.tn\/fr\/wp-content\/uploads\/2023\/04\/c5ba8b07a88b7c0ecf1d32107f578c84.jpg","datePublished":"2023-04-16T20:48:00+00:00","dateModified":"2025-05-21T08:56:44+00:00","description":"Le magazine am\u00e9ricain\u00a0Time\u00a0a rendu publique sa liste des 100 personnalit\u00e9s les plus influentes au monde de l'ann\u00e9e 2023. Les crit\u00e8res de s\u00e9lection sont la fonct...","breadcrumb":{"@id":"https:\/\/www.webdo.tn\/fr\/actualite\/international\/les-100-personnalites-les-plus-influentes-de-l-annee-2023-selon-time-magazine\/204900\/#breadcrumb"},"inLanguage":"fr-FR","potentialAction":[{"@type":"ReadAction","target":["https:\/\/www.webdo.tn\/fr\/actualite\/international\/les-100-personnalites-les-plus-influentes-de-l-annee-2023-selon-time-magazine\/204900\/"]}]},{"@type":"ImageObject","inLanguage":"fr-FR","@id":"https:\/\/www.webdo.tn\/fr\/actualite\/international\/les-100-personnalites-les-plus-influentes-de-l-annee-2023-selon-time-magazine\/204900\/#primaryimage","url":"https:\/\/www.webdo.tn\/fr\/wp-content\/uploads\/2023\/04\/c5ba8b07a88b7c0ecf1d32107f578c84.jpg","contentUrl":"https:\/\/www.webdo.tn\/fr\/wp-content\/uploads\/2023\/04\/c5ba8b07a88b7c0ecf1d32107f578c84.jpg","width":750,"height":400,"caption":"Les 100 personnalit\u00e9s les plus influentes de l'ann\u00e9e 2023 selon Time Magazine"},{"@type":"BreadcrumbList","@id":"https:\/\/www.webdo.tn\/fr\/actualite\/international\/les-100-personnalites-les-plus-influentes-de-l-annee-2023-selon-time-magazine\/204900\/#breadcrumb","itemListElement":[{"@type":"ListItem","position":1,"name":"Accueil","item":"https:\/\/www.webdo.tn\/fr\/"},{"@type":"ListItem","position":2,"name":"Les 100 personnalit\u00e9s les plus influentes de l&rsquo;ann\u00e9e 2023 selon Time Magazine"}]},{"@type":"WebSite","@id":"https:\/\/www.webdo.tn\/fr\/#website","url":"https:\/\/www.webdo.tn\/fr\/","name":"webdo","description":"Tunisie - News en Tunisie et \u00e0 l&#039;international sur Webdo.tn","publisher":{"@id":"https:\/\/www.webdo.tn\/fr\/#organization"},"potentialAction":[{"@type":"SearchAction","target":{"@type":"EntryPoint","urlTemplate":"https:\/\/www.webdo.tn\/fr\/?s={search_term_string}"},"query-input":{"@type":"PropertyValueSpecification","valueRequired":true,"valueName":"search_term_string"}}],"inLanguage":"fr-FR"},{"@type":"Organization","@id":"https:\/\/www.webdo.tn\/fr\/#organization","name":"Webdo","alternateName":"Webdo.tn","url":"https:\/\/www.webdo.tn\/fr\/","logo":{"@type":"ImageObject","inLanguage":"fr-FR","@id":"https:\/\/www.webdo.tn\/fr\/#\/schema\/logo\/image\/","url":"https:\/\/www.webdo.tn\/fr\/wp-content\/uploads\/2025\/06\/Webdo-Tunisie_168377.jpg","contentUrl":"https:\/\/www.webdo.tn\/fr\/wp-content\/uploads\/2025\/06\/Webdo-Tunisie_168377.jpg","width":301,"height":301,"caption":"Webdo"},"image":{"@id":"https:\/\/www.webdo.tn\/fr\/#\/schema\/logo\/image\/"},"sameAs":["https:\/\/www.facebook.com\/webdotn","https:\/\/x.com\/webdo_tn"],"description":"Webdo est un m\u00e9dia num\u00e9rique tunisien fond\u00e9 en 2010, sp\u00e9cialis\u00e9 dans l\u2019actualit\u00e9 nationale et internationale, l\u2019\u00e9conomie, la soci\u00e9t\u00e9 et les analyses politiques. Le site s\u2019adresse \u00e0 un large public francophone et couvre l\u2019information tunisienne en temps r\u00e9el.","email":"redac@webdo.tn","legalName":"YNJ SARL","foundingDate":"2010-09-06","numberOfEmployees":{"@type":"QuantitativeValue","minValue":"11","maxValue":"50"}},{"@type":"Person","@id":"https:\/\/www.webdo.tn\/fr\/#\/schema\/person\/60d5ba619ed3f58783b0dc82b7dada80","name":"Ne\u00efla DRISS","image":{"@type":"ImageObject","inLanguage":"fr-FR","@id":"https:\/\/www.webdo.tn\/fr\/wp-content\/uploads\/2026\/04\/neila-driss_avatar-96x96.jpg","url":"https:\/\/www.webdo.tn\/fr\/wp-content\/uploads\/2026\/04\/neila-driss_avatar-96x96.jpg","contentUrl":"https:\/\/www.webdo.tn\/fr\/wp-content\/uploads\/2026\/04\/neila-driss_avatar-96x96.jpg","caption":"Ne\u00efla DRISS"},"description":"Ne\u00efla Driss est juriste, journaliste culturelle et critique de cin\u00e9ma tunisienne. Titulaire d\u2019un DEA en droit priv\u00e9 de l\u2019Universit\u00e9 Paris II et d\u2019un DESS de l\u2019IHEC Carthage, elle d\u00e9bute sa carri\u00e8re comme juriste sp\u00e9cialis\u00e9e en gestion de patrimoine immobilier. Elle s\u2019oriente ensuite vers l\u2019\u00e9criture en ligne, o\u00f9 elle se distingue d\u00e8s 2006 aux Tunisia Blog Awards, avant de se consacrer au journalisme culturel, avec une sp\u00e9cialisation dans la critique cin\u00e9matographique. Elle couvre r\u00e9guli\u00e8rement les grands festivals internationaux, notamment le Festival de Cannes, les Journ\u00e9es Cin\u00e9matographiques de Carthage et le Festival du film du Caire. Membre de l\u2019ATPCC et de la FIPRESCI, elle participe \u00e0 des jurys et initiatives internationales de critique. Depuis 2024, elle est \u00e9lectrice internationale aux Golden Globes. Facebook : https:\/\/www.facebook.com\/massir.destiniii\/ X : https:\/\/x.com\/MassirDestin","sameAs":["https:\/\/www.facebook.com\/massir.destiniii\/","https:\/\/www.instagram.com\/neila.driss\/?hl=fr","https:\/\/www.linkedin.com\/in\/neila-driss-22606a80\/","https:\/\/x.com\/https:\/\/x.com\/MassirDestin"],"knowsAbout":["Cin\u00e9ma international","critique cin\u00e9matographique","festivals de cin\u00e9ma","journalisme culturel"],"knowsLanguage":["Fran\u00e7ais","Arabe","Anglais"],"jobTitle":"Journaliste culturelle et critique de cin\u00e9ma","worksFor":"Webdo","url":"https:\/\/www.webdo.tn\/fr\/actualite\/author\/neila-driss\/"}]}},"_links":{"self":[{"href":"https:\/\/www.webdo.tn\/fr\/wp-json\/wp\/v2\/posts\/204900","targetHints":{"allow":["GET"]}}],"collection":[{"href":"https:\/\/www.webdo.tn\/fr\/wp-json\/wp\/v2\/posts"}],"about":[{"href":"https:\/\/www.webdo.tn\/fr\/wp-json\/wp\/v2\/types\/post"}],"author":[{"embeddable":true,"href":"https:\/\/www.webdo.tn\/fr\/wp-json\/wp\/v2\/users\/3164"}],"replies":[{"embeddable":true,"href":"https:\/\/www.webdo.tn\/fr\/wp-json\/wp\/v2\/comments?post=204900"}],"version-history":[{"count":0,"href":"https:\/\/www.webdo.tn\/fr\/wp-json\/wp\/v2\/posts\/204900\/revisions"}],"wp:featuredmedia":[{"embeddable":true,"href":"https:\/\/www.webdo.tn\/fr\/wp-json\/wp\/v2\/media\/251418"}],"wp:attachment":[{"href":"https:\/\/www.webdo.tn\/fr\/wp-json\/wp\/v2\/media?parent=204900"}],"wp:term":[{"taxonomy":"category","embeddable":true,"href":"https:\/\/www.webdo.tn\/fr\/wp-json\/wp\/v2\/categories?post=204900"},{"taxonomy":"post_tag","embeddable":true,"href":"https:\/\/www.webdo.tn\/fr\/wp-json\/wp\/v2\/tags?post=204900"}],"curies":[{"name":"wp","href":"https:\/\/api.w.org\/{rel}","templated":true}]}}