{"id":204897,"date":"2023-04-16T15:43:00","date_gmt":"2023-04-16T15:43:00","guid":{"rendered":"https:\/\/www.webdo.tn\/fr\/blog\/ligue-1-3eme-j-play-off-l-esperance-chute-a-beja\/204897\/"},"modified":"2025-05-20T22:44:12","modified_gmt":"2025-05-20T22:44:12","slug":"ligue-1-3eme-j-play-off-l-esperance-chute-a-beja","status":"publish","type":"post","link":"https:\/\/www.webdo.tn\/fr\/actualite\/sport\/ligue-1-3eme-j-play-off-l-esperance-chute-a-beja\/204897\/","title":{"rendered":"Ligue 1 &#8211; 3\u00e8me J. Play-off : L\u2019Esp\u00e9rance chute \u00e0 B\u00e9ja"},"content":{"rendered":"<p>Deux matches comptant pour la troisi\u00e8me journ\u00e9e des Play-Off de la ligue 1 ont \u00e9t\u00e9 jou\u00e9s ce dimanche 16 avril 2023.<\/p>\n<p>\t\t\t\t\t\t\t\t\tEn d\u00e9placement \u00e0 Beja, l\u2019Esp\u00e9rance sportive de Tunis a \u00e9t\u00e9 tenue en \u00e9chec (2-0) face \u00e0 l\u2019Olympique de B\u00e9ja. Le premier but de la rencontre a \u00e9t\u00e9 inscrit par Lamine Ba d\u00e8s la sixi\u00e8me minute. Quelques minutes avant la fin, c\u2019est le var qui intervient pour valider le deuxi\u00e8me but des locaux.\u00a0<\/p>\n<p>Pour sa part, le Club Sportif Sfaxien est parvenu \u00e0 arracher une pr\u00e9cieuse victoire face \u00e0 l\u2019Union Sportive de Ben Guerdane (1-2).<\/p>\n","protected":false},"excerpt":{"rendered":"<p>Deux matches comptant pour la troisi\u00e8me journ\u00e9e des Play-Off de la ligue 1 ont \u00e9t\u00e9 jou\u00e9s ce dimanche 16 avril 2023.<\/p>\n","protected":false},"author":3175,"featured_media":251419,"comment_status":"open","ping_status":"closed","sticky":false,"template":"","format":"standard","meta":{"footnotes":""},"categories":[2593],"tags":[3170,3437,2777,2608],"class_list":["post-204897","post","type-post","status-publish","format-standard","has-post-thumbnail","hentry","category-sport","tag-beja","tag-esperance","tag-ligue-1","tag-tunisie"],"yoast_head":"<!-- This site is optimized with the Yoast SEO Premium plugin v27.4 (Yoast SEO v27.4) - https:\/\/yoast.com\/product\/yoast-seo-premium-wordpress\/ -->\n<title>Ligue 1 - 3\u00e8me J. Play-off : L\u2019Esp\u00e9rance chute \u00e0 B\u00e9ja<\/title>\n<meta name=\"description\" content=\"Deux matches comptant pour la troisi\u00e8me journ\u00e9e des Play-Off de la ligue 1 ont \u00e9t\u00e9 jou\u00e9s ce dimanche 16 avril 2023.\" \/>\n<link rel=\"canonical\" href=\"https:\/\/www.webdo.tn\/fr\/actualite\/sport\/ligue-1-3eme-j-play-off-l-esperance-chute-a-beja\/204897\/\" \/>\n<meta property=\"og:locale\" content=\"fr_FR\" \/>\n<meta property=\"og:type\" content=\"article\" \/>\n<meta property=\"og:title\" content=\"Ligue 1 - 3\u00e8me J. Play-off : L\u2019Esp\u00e9rance chute \u00e0 B\u00e9ja\" \/>\n<meta property=\"og:description\" content=\"Deux matches comptant pour la troisi\u00e8me journ\u00e9e des Play-Off de la ligue 1 ont \u00e9t\u00e9 jou\u00e9s ce dimanche 16 avril 2023.\" \/>\n<meta property=\"og:url\" content=\"https:\/\/www.webdo.tn\/fr\/actualite\/sport\/ligue-1-3eme-j-play-off-l-esperance-chute-a-beja\/204897\/\" \/>\n<meta property=\"og:site_name\" content=\"webdo\" \/>\n<meta property=\"article:publisher\" content=\"https:\/\/www.facebook.com\/webdotn\" \/>\n<meta property=\"article:published_time\" content=\"2023-04-16T15:43:00+00:00\" \/>\n<meta property=\"article:modified_time\" content=\"2025-05-20T22:44:12+00:00\" \/>\n<meta property=\"og:image\" content=\"https:\/\/www.webdo.tn\/fr\/wp-content\/uploads\/2023\/04\/5d2864ba8abfd1ec2cfd46783f32eea6.jpg\" \/>\n\t<meta property=\"og:image:width\" content=\"750\" \/>\n\t<meta property=\"og:image:height\" content=\"400\" \/>\n\t<meta property=\"og:image:type\" content=\"image\/jpeg\" \/>\n<meta name=\"author\" content=\"CL\" \/>\n<meta name=\"twitter:card\" content=\"summary_large_image\" \/>\n<meta name=\"twitter:creator\" content=\"@webdo_tn\" \/>\n<meta name=\"twitter:site\" content=\"@webdo_tn\" \/>\n<meta name=\"twitter:label1\" content=\"\u00c9crit par\" \/>\n\t<meta name=\"twitter:data1\" content=\"CL\" \/>\n\t<meta name=\"twitter:label2\" content=\"Dur\u00e9e de lecture estim\u00e9e\" \/>\n\t<meta name=\"twitter:data2\" content=\"1 minute\" \/>\n<script type=\"application\/ld+json\" class=\"yoast-schema-graph\">{\"@context\":\"https:\\\/\\\/schema.org\",\"@graph\":[{\"@type\":\"NewsArticle\",\"@id\":\"https:\\\/\\\/www.webdo.tn\\\/fr\\\/actualite\\\/sport\\\/ligue-1-3eme-j-play-off-l-esperance-chute-a-beja\\\/204897\\\/#article\",\"isPartOf\":{\"@id\":\"https:\\\/\\\/www.webdo.tn\\\/fr\\\/actualite\\\/sport\\\/ligue-1-3eme-j-play-off-l-esperance-chute-a-beja\\\/204897\\\/\"},\"author\":{\"name\":\"CL\",\"@id\":\"https:\\\/\\\/www.webdo.tn\\\/fr\\\/#\\\/schema\\\/person\\\/f35b42a42c5e2511bbd282959d6385cc\"},\"headline\":\"Ligue 1 &#8211; 3\u00e8me J. Play-off : L\u2019Esp\u00e9rance chute \u00e0 B\u00e9ja\",\"datePublished\":\"2023-04-16T15:43:00+00:00\",\"dateModified\":\"2025-05-20T22:44:12+00:00\",\"mainEntityOfPage\":{\"@id\":\"https:\\\/\\\/www.webdo.tn\\\/fr\\\/actualite\\\/sport\\\/ligue-1-3eme-j-play-off-l-esperance-chute-a-beja\\\/204897\\\/\"},\"wordCount\":113,\"commentCount\":0,\"publisher\":{\"@id\":\"https:\\\/\\\/www.webdo.tn\\\/fr\\\/#organization\"},\"image\":{\"@id\":\"https:\\\/\\\/www.webdo.tn\\\/fr\\\/actualite\\\/sport\\\/ligue-1-3eme-j-play-off-l-esperance-chute-a-beja\\\/204897\\\/#primaryimage\"},\"thumbnailUrl\":\"https:\\\/\\\/www.webdo.tn\\\/fr\\\/wp-content\\\/uploads\\\/2023\\\/04\\\/5d2864ba8abfd1ec2cfd46783f32eea6.jpg\",\"keywords\":[\"b\u00e9ja\",\"esp\u00e9rance\",\"Ligue 1\",\"Tunisie\"],\"articleSection\":[\"Sport\"],\"inLanguage\":\"fr-FR\"},{\"@type\":\"WebPage\",\"@id\":\"https:\\\/\\\/www.webdo.tn\\\/fr\\\/actualite\\\/sport\\\/ligue-1-3eme-j-play-off-l-esperance-chute-a-beja\\\/204897\\\/\",\"url\":\"https:\\\/\\\/www.webdo.tn\\\/fr\\\/actualite\\\/sport\\\/ligue-1-3eme-j-play-off-l-esperance-chute-a-beja\\\/204897\\\/\",\"name\":\"Ligue 1 - 3\u00e8me J. Play-off : L\u2019Esp\u00e9rance chute \u00e0 B\u00e9ja\",\"isPartOf\":{\"@id\":\"https:\\\/\\\/www.webdo.tn\\\/fr\\\/#website\"},\"primaryImageOfPage\":{\"@id\":\"https:\\\/\\\/www.webdo.tn\\\/fr\\\/actualite\\\/sport\\\/ligue-1-3eme-j-play-off-l-esperance-chute-a-beja\\\/204897\\\/#primaryimage\"},\"image\":{\"@id\":\"https:\\\/\\\/www.webdo.tn\\\/fr\\\/actualite\\\/sport\\\/ligue-1-3eme-j-play-off-l-esperance-chute-a-beja\\\/204897\\\/#primaryimage\"},\"thumbnailUrl\":\"https:\\\/\\\/www.webdo.tn\\\/fr\\\/wp-content\\\/uploads\\\/2023\\\/04\\\/5d2864ba8abfd1ec2cfd46783f32eea6.jpg\",\"datePublished\":\"2023-04-16T15:43:00+00:00\",\"dateModified\":\"2025-05-20T22:44:12+00:00\",\"description\":\"Deux matches comptant pour la troisi\u00e8me journ\u00e9e des Play-Off de la ligue 1 ont \u00e9t\u00e9 jou\u00e9s ce dimanche 16 avril 2023.\",\"breadcrumb\":{\"@id\":\"https:\\\/\\\/www.webdo.tn\\\/fr\\\/actualite\\\/sport\\\/ligue-1-3eme-j-play-off-l-esperance-chute-a-beja\\\/204897\\\/#breadcrumb\"},\"inLanguage\":\"fr-FR\",\"potentialAction\":[{\"@type\":\"ReadAction\",\"target\":[\"https:\\\/\\\/www.webdo.tn\\\/fr\\\/actualite\\\/sport\\\/ligue-1-3eme-j-play-off-l-esperance-chute-a-beja\\\/204897\\\/\"]}]},{\"@type\":\"ImageObject\",\"inLanguage\":\"fr-FR\",\"@id\":\"https:\\\/\\\/www.webdo.tn\\\/fr\\\/actualite\\\/sport\\\/ligue-1-3eme-j-play-off-l-esperance-chute-a-beja\\\/204897\\\/#primaryimage\",\"url\":\"https:\\\/\\\/www.webdo.tn\\\/fr\\\/wp-content\\\/uploads\\\/2023\\\/04\\\/5d2864ba8abfd1ec2cfd46783f32eea6.jpg\",\"contentUrl\":\"https:\\\/\\\/www.webdo.tn\\\/fr\\\/wp-content\\\/uploads\\\/2023\\\/04\\\/5d2864ba8abfd1ec2cfd46783f32eea6.jpg\",\"width\":750,\"height\":400,\"caption\":\"Beja\"},{\"@type\":\"BreadcrumbList\",\"@id\":\"https:\\\/\\\/www.webdo.tn\\\/fr\\\/actualite\\\/sport\\\/ligue-1-3eme-j-play-off-l-esperance-chute-a-beja\\\/204897\\\/#breadcrumb\",\"itemListElement\":[{\"@type\":\"ListItem\",\"position\":1,\"name\":\"Accueil\",\"item\":\"https:\\\/\\\/www.webdo.tn\\\/fr\\\/\"},{\"@type\":\"ListItem\",\"position\":2,\"name\":\"Ligue 1 &#8211; 3\u00e8me J. Play-off : L\u2019Esp\u00e9rance chute \u00e0 B\u00e9ja\"}]},{\"@type\":\"WebSite\",\"@id\":\"https:\\\/\\\/www.webdo.tn\\\/fr\\\/#website\",\"url\":\"https:\\\/\\\/www.webdo.tn\\\/fr\\\/\",\"name\":\"webdo\",\"description\":\"Tunisie - News en Tunisie et \u00e0 l&#039;international sur Webdo.tn\",\"publisher\":{\"@id\":\"https:\\\/\\\/www.webdo.tn\\\/fr\\\/#organization\"},\"potentialAction\":[{\"@type\":\"SearchAction\",\"target\":{\"@type\":\"EntryPoint\",\"urlTemplate\":\"https:\\\/\\\/www.webdo.tn\\\/fr\\\/?s={search_term_string}\"},\"query-input\":{\"@type\":\"PropertyValueSpecification\",\"valueRequired\":true,\"valueName\":\"search_term_string\"}}],\"inLanguage\":\"fr-FR\"},{\"@type\":\"Organization\",\"@id\":\"https:\\\/\\\/www.webdo.tn\\\/fr\\\/#organization\",\"name\":\"Webdo\",\"alternateName\":\"Webdo.tn\",\"url\":\"https:\\\/\\\/www.webdo.tn\\\/fr\\\/\",\"logo\":{\"@type\":\"ImageObject\",\"inLanguage\":\"fr-FR\",\"@id\":\"https:\\\/\\\/www.webdo.tn\\\/fr\\\/#\\\/schema\\\/logo\\\/image\\\/\",\"url\":\"https:\\\/\\\/www.webdo.tn\\\/fr\\\/wp-content\\\/uploads\\\/2025\\\/06\\\/Webdo-Tunisie_168377.jpg\",\"contentUrl\":\"https:\\\/\\\/www.webdo.tn\\\/fr\\\/wp-content\\\/uploads\\\/2025\\\/06\\\/Webdo-Tunisie_168377.jpg\",\"width\":301,\"height\":301,\"caption\":\"Webdo\"},\"image\":{\"@id\":\"https:\\\/\\\/www.webdo.tn\\\/fr\\\/#\\\/schema\\\/logo\\\/image\\\/\"},\"sameAs\":[\"https:\\\/\\\/www.facebook.com\\\/webdotn\",\"https:\\\/\\\/x.com\\\/webdo_tn\"],\"description\":\"Webdo est un m\u00e9dia num\u00e9rique tunisien fond\u00e9 en 2010, sp\u00e9cialis\u00e9 dans l\u2019actualit\u00e9 nationale et internationale, l\u2019\u00e9conomie, la soci\u00e9t\u00e9 et les analyses politiques. Le site s\u2019adresse \u00e0 un large public francophone et couvre l\u2019information tunisienne en temps r\u00e9el.\",\"email\":\"redac@webdo.tn\",\"legalName\":\"YNJ SARL\",\"foundingDate\":\"2010-09-06\",\"numberOfEmployees\":{\"@type\":\"QuantitativeValue\",\"minValue\":\"11\",\"maxValue\":\"50\"}},{\"@type\":\"Person\",\"@id\":\"https:\\\/\\\/www.webdo.tn\\\/fr\\\/#\\\/schema\\\/person\\\/f35b42a42c5e2511bbd282959d6385cc\",\"name\":\"CL\",\"image\":{\"@type\":\"ImageObject\",\"inLanguage\":\"fr-FR\",\"@id\":\"https:\\\/\\\/secure.gravatar.com\\\/avatar\\\/1447a49909b67aa657c488aec6512e1dd6143a480c1ecfee9b5b5cd74eb3b59e?s=96&d=mm&r=g\",\"url\":\"https:\\\/\\\/secure.gravatar.com\\\/avatar\\\/1447a49909b67aa657c488aec6512e1dd6143a480c1ecfee9b5b5cd74eb3b59e?s=96&d=mm&r=g\",\"contentUrl\":\"https:\\\/\\\/secure.gravatar.com\\\/avatar\\\/1447a49909b67aa657c488aec6512e1dd6143a480c1ecfee9b5b5cd74eb3b59e?s=96&d=mm&r=g\",\"caption\":\"CL\"},\"url\":\"https:\\\/\\\/www.webdo.tn\\\/fr\\\/actualite\\\/author\\\/cl\\\/\"}]}<\/script>\n<!-- \/ Yoast SEO Premium plugin. -->","yoast_head_json":{"title":"Ligue 1 - 3\u00e8me J. Play-off : L\u2019Esp\u00e9rance chute \u00e0 B\u00e9ja","description":"Deux matches comptant pour la troisi\u00e8me journ\u00e9e des Play-Off de la ligue 1 ont \u00e9t\u00e9 jou\u00e9s ce dimanche 16 avril 2023.","canonical":"https:\/\/www.webdo.tn\/fr\/actualite\/sport\/ligue-1-3eme-j-play-off-l-esperance-chute-a-beja\/204897\/","og_locale":"fr_FR","og_type":"article","og_title":"Ligue 1 - 3\u00e8me J. Play-off : L\u2019Esp\u00e9rance chute \u00e0 B\u00e9ja","og_description":"Deux matches comptant pour la troisi\u00e8me journ\u00e9e des Play-Off de la ligue 1 ont \u00e9t\u00e9 jou\u00e9s ce dimanche 16 avril 2023.","og_url":"https:\/\/www.webdo.tn\/fr\/actualite\/sport\/ligue-1-3eme-j-play-off-l-esperance-chute-a-beja\/204897\/","og_site_name":"webdo","article_publisher":"https:\/\/www.facebook.com\/webdotn","article_published_time":"2023-04-16T15:43:00+00:00","article_modified_time":"2025-05-20T22:44:12+00:00","og_image":[{"width":750,"height":400,"url":"https:\/\/www.webdo.tn\/fr\/wp-content\/uploads\/2023\/04\/5d2864ba8abfd1ec2cfd46783f32eea6.jpg","type":"image\/jpeg"}],"author":"CL","twitter_card":"summary_large_image","twitter_creator":"@webdo_tn","twitter_site":"@webdo_tn","twitter_misc":{"\u00c9crit par":"CL","Dur\u00e9e de lecture estim\u00e9e":"1 minute"},"schema":{"@context":"https:\/\/schema.org","@graph":[{"@type":"NewsArticle","@id":"https:\/\/www.webdo.tn\/fr\/actualite\/sport\/ligue-1-3eme-j-play-off-l-esperance-chute-a-beja\/204897\/#article","isPartOf":{"@id":"https:\/\/www.webdo.tn\/fr\/actualite\/sport\/ligue-1-3eme-j-play-off-l-esperance-chute-a-beja\/204897\/"},"author":{"name":"CL","@id":"https:\/\/www.webdo.tn\/fr\/#\/schema\/person\/f35b42a42c5e2511bbd282959d6385cc"},"headline":"Ligue 1 &#8211; 3\u00e8me J. Play-off : L\u2019Esp\u00e9rance chute \u00e0 B\u00e9ja","datePublished":"2023-04-16T15:43:00+00:00","dateModified":"2025-05-20T22:44:12+00:00","mainEntityOfPage":{"@id":"https:\/\/www.webdo.tn\/fr\/actualite\/sport\/ligue-1-3eme-j-play-off-l-esperance-chute-a-beja\/204897\/"},"wordCount":113,"commentCount":0,"publisher":{"@id":"https:\/\/www.webdo.tn\/fr\/#organization"},"image":{"@id":"https:\/\/www.webdo.tn\/fr\/actualite\/sport\/ligue-1-3eme-j-play-off-l-esperance-chute-a-beja\/204897\/#primaryimage"},"thumbnailUrl":"https:\/\/www.webdo.tn\/fr\/wp-content\/uploads\/2023\/04\/5d2864ba8abfd1ec2cfd46783f32eea6.jpg","keywords":["b\u00e9ja","esp\u00e9rance","Ligue 1","Tunisie"],"articleSection":["Sport"],"inLanguage":"fr-FR"},{"@type":"WebPage","@id":"https:\/\/www.webdo.tn\/fr\/actualite\/sport\/ligue-1-3eme-j-play-off-l-esperance-chute-a-beja\/204897\/","url":"https:\/\/www.webdo.tn\/fr\/actualite\/sport\/ligue-1-3eme-j-play-off-l-esperance-chute-a-beja\/204897\/","name":"Ligue 1 - 3\u00e8me J. Play-off : L\u2019Esp\u00e9rance chute \u00e0 B\u00e9ja","isPartOf":{"@id":"https:\/\/www.webdo.tn\/fr\/#website"},"primaryImageOfPage":{"@id":"https:\/\/www.webdo.tn\/fr\/actualite\/sport\/ligue-1-3eme-j-play-off-l-esperance-chute-a-beja\/204897\/#primaryimage"},"image":{"@id":"https:\/\/www.webdo.tn\/fr\/actualite\/sport\/ligue-1-3eme-j-play-off-l-esperance-chute-a-beja\/204897\/#primaryimage"},"thumbnailUrl":"https:\/\/www.webdo.tn\/fr\/wp-content\/uploads\/2023\/04\/5d2864ba8abfd1ec2cfd46783f32eea6.jpg","datePublished":"2023-04-16T15:43:00+00:00","dateModified":"2025-05-20T22:44:12+00:00","description":"Deux matches comptant pour la troisi\u00e8me journ\u00e9e des Play-Off de la ligue 1 ont \u00e9t\u00e9 jou\u00e9s ce dimanche 16 avril 2023.","breadcrumb":{"@id":"https:\/\/www.webdo.tn\/fr\/actualite\/sport\/ligue-1-3eme-j-play-off-l-esperance-chute-a-beja\/204897\/#breadcrumb"},"inLanguage":"fr-FR","potentialAction":[{"@type":"ReadAction","target":["https:\/\/www.webdo.tn\/fr\/actualite\/sport\/ligue-1-3eme-j-play-off-l-esperance-chute-a-beja\/204897\/"]}]},{"@type":"ImageObject","inLanguage":"fr-FR","@id":"https:\/\/www.webdo.tn\/fr\/actualite\/sport\/ligue-1-3eme-j-play-off-l-esperance-chute-a-beja\/204897\/#primaryimage","url":"https:\/\/www.webdo.tn\/fr\/wp-content\/uploads\/2023\/04\/5d2864ba8abfd1ec2cfd46783f32eea6.jpg","contentUrl":"https:\/\/www.webdo.tn\/fr\/wp-content\/uploads\/2023\/04\/5d2864ba8abfd1ec2cfd46783f32eea6.jpg","width":750,"height":400,"caption":"Beja"},{"@type":"BreadcrumbList","@id":"https:\/\/www.webdo.tn\/fr\/actualite\/sport\/ligue-1-3eme-j-play-off-l-esperance-chute-a-beja\/204897\/#breadcrumb","itemListElement":[{"@type":"ListItem","position":1,"name":"Accueil","item":"https:\/\/www.webdo.tn\/fr\/"},{"@type":"ListItem","position":2,"name":"Ligue 1 &#8211; 3\u00e8me J. Play-off : L\u2019Esp\u00e9rance chute \u00e0 B\u00e9ja"}]},{"@type":"WebSite","@id":"https:\/\/www.webdo.tn\/fr\/#website","url":"https:\/\/www.webdo.tn\/fr\/","name":"webdo","description":"Tunisie - News en Tunisie et \u00e0 l&#039;international sur Webdo.tn","publisher":{"@id":"https:\/\/www.webdo.tn\/fr\/#organization"},"potentialAction":[{"@type":"SearchAction","target":{"@type":"EntryPoint","urlTemplate":"https:\/\/www.webdo.tn\/fr\/?s={search_term_string}"},"query-input":{"@type":"PropertyValueSpecification","valueRequired":true,"valueName":"search_term_string"}}],"inLanguage":"fr-FR"},{"@type":"Organization","@id":"https:\/\/www.webdo.tn\/fr\/#organization","name":"Webdo","alternateName":"Webdo.tn","url":"https:\/\/www.webdo.tn\/fr\/","logo":{"@type":"ImageObject","inLanguage":"fr-FR","@id":"https:\/\/www.webdo.tn\/fr\/#\/schema\/logo\/image\/","url":"https:\/\/www.webdo.tn\/fr\/wp-content\/uploads\/2025\/06\/Webdo-Tunisie_168377.jpg","contentUrl":"https:\/\/www.webdo.tn\/fr\/wp-content\/uploads\/2025\/06\/Webdo-Tunisie_168377.jpg","width":301,"height":301,"caption":"Webdo"},"image":{"@id":"https:\/\/www.webdo.tn\/fr\/#\/schema\/logo\/image\/"},"sameAs":["https:\/\/www.facebook.com\/webdotn","https:\/\/x.com\/webdo_tn"],"description":"Webdo est un m\u00e9dia num\u00e9rique tunisien fond\u00e9 en 2010, sp\u00e9cialis\u00e9 dans l\u2019actualit\u00e9 nationale et internationale, l\u2019\u00e9conomie, la soci\u00e9t\u00e9 et les analyses politiques. Le site s\u2019adresse \u00e0 un large public francophone et couvre l\u2019information tunisienne en temps r\u00e9el.","email":"redac@webdo.tn","legalName":"YNJ SARL","foundingDate":"2010-09-06","numberOfEmployees":{"@type":"QuantitativeValue","minValue":"11","maxValue":"50"}},{"@type":"Person","@id":"https:\/\/www.webdo.tn\/fr\/#\/schema\/person\/f35b42a42c5e2511bbd282959d6385cc","name":"CL","image":{"@type":"ImageObject","inLanguage":"fr-FR","@id":"https:\/\/secure.gravatar.com\/avatar\/1447a49909b67aa657c488aec6512e1dd6143a480c1ecfee9b5b5cd74eb3b59e?s=96&d=mm&r=g","url":"https:\/\/secure.gravatar.com\/avatar\/1447a49909b67aa657c488aec6512e1dd6143a480c1ecfee9b5b5cd74eb3b59e?s=96&d=mm&r=g","contentUrl":"https:\/\/secure.gravatar.com\/avatar\/1447a49909b67aa657c488aec6512e1dd6143a480c1ecfee9b5b5cd74eb3b59e?s=96&d=mm&r=g","caption":"CL"},"url":"https:\/\/www.webdo.tn\/fr\/actualite\/author\/cl\/"}]}},"_links":{"self":[{"href":"https:\/\/www.webdo.tn\/fr\/wp-json\/wp\/v2\/posts\/204897","targetHints":{"allow":["GET"]}}],"collection":[{"href":"https:\/\/www.webdo.tn\/fr\/wp-json\/wp\/v2\/posts"}],"about":[{"href":"https:\/\/www.webdo.tn\/fr\/wp-json\/wp\/v2\/types\/post"}],"author":[{"embeddable":true,"href":"https:\/\/www.webdo.tn\/fr\/wp-json\/wp\/v2\/users\/3175"}],"replies":[{"embeddable":true,"href":"https:\/\/www.webdo.tn\/fr\/wp-json\/wp\/v2\/comments?post=204897"}],"version-history":[{"count":0,"href":"https:\/\/www.webdo.tn\/fr\/wp-json\/wp\/v2\/posts\/204897\/revisions"}],"wp:featuredmedia":[{"embeddable":true,"href":"https:\/\/www.webdo.tn\/fr\/wp-json\/wp\/v2\/media\/251419"}],"wp:attachment":[{"href":"https:\/\/www.webdo.tn\/fr\/wp-json\/wp\/v2\/media?parent=204897"}],"wp:term":[{"taxonomy":"category","embeddable":true,"href":"https:\/\/www.webdo.tn\/fr\/wp-json\/wp\/v2\/categories?post=204897"},{"taxonomy":"post_tag","embeddable":true,"href":"https:\/\/www.webdo.tn\/fr\/wp-json\/wp\/v2\/tags?post=204897"}],"curies":[{"name":"wp","href":"https:\/\/api.w.org\/{rel}","templated":true}]}}