{"id":204881,"date":"2023-04-15T12:01:00","date_gmt":"2023-04-15T12:01:00","guid":{"rendered":"https:\/\/www.webdo.tn\/fr\/blog\/195-tonnes-de-produits-alimentaires-saisis-en-trois-semaines\/204881\/"},"modified":"2025-05-20T22:08:33","modified_gmt":"2025-05-20T22:08:33","slug":"195-tonnes-de-produits-alimentaires-saisis-en-trois-semaines","status":"publish","type":"post","link":"https:\/\/www.webdo.tn\/fr\/actualite\/national\/195-tonnes-de-produits-alimentaires-saisis-en-trois-semaines\/204881\/","title":{"rendered":"195 tonnes de produits alimentaires saisis en trois semaines"},"content":{"rendered":"<p>195 tonnes de produits alimentaires ont \u00e9t\u00e9 saisis au cours de ce mois de Ramadan !<\/p>\n<p>\t\t\t\t\t\t\t\t\tLes \u00e9quipes d&rsquo;inspection relevant de l&rsquo;Instance nationale de la s\u00e9curit\u00e9 sanitaire des produits alimentaires (INSSPA) ont effectu\u00e9 15.967 op\u00e9rations de contr\u00f4le au cours des trois premi\u00e8res semaines du Ramadan.<\/p>\n<p>Le bilan de ces contr\u00f4les fait \u00e9tat de la saisie 195 tonnes de produits alimentaires et 10.819 litres de lait frais et ferment\u00e9, jus et boissons gazeuses alors que 410 \u00e9chantillons alimentaires ont \u00e9t\u00e9 pr\u00e9lev\u00e9s pour analyse. Par ailleurs, 739 proc\u00e8s-verbaux ont \u00e9t\u00e9 r\u00e9dig\u00e9s et 1435 cas de non-respect des normes de s\u00e9curit\u00e9 alimentaire dans les commerces ont \u00e9t\u00e9 enregistr\u00e9s.<\/p>\n<p>L&rsquo;INSSPA pr\u00e9cise, dans un communiqu\u00e9 publi\u00e9 ce samedi 15 avril 2023 que 6 tonnes 415 de viande et d\u00e9riv\u00e9s, 2 tonnes 587 de produits laitiers, 10 tonnes 686 kg de produits de boulangerie, 94 tonnes 417 kg de conserves et semi-conserves, 125 kg de sorgho et 862 tonnes d&rsquo;\u00e9pices ont \u00e9t\u00e9 saisis.<\/p>\n<p>L\u2019instance rappelle, dans son communiqu\u00e9, la mise \u00e0 la disposition du public un num\u00e9ro vert (80106977) pour recevoir les r\u00e9clamations.<\/p>\n","protected":false},"excerpt":{"rendered":"<p>195 tonnes de produits alimentaires ont \u00e9t\u00e9 saisis au cours de ce mois de Ramadan !<\/p>\n","protected":false},"author":3162,"featured_media":278084,"comment_status":"open","ping_status":"closed","sticky":false,"template":"","format":"standard","meta":{"footnotes":""},"categories":[44],"tags":[3307,7072,2792,3512],"class_list":["post-204881","post","type-post","status-publish","format-standard","has-post-thumbnail","hentry","category-national","tag-controle","tag-insspa","tag-produits-alimentaires","tag-ramadan"],"yoast_head":"<!-- This site is optimized with the Yoast SEO Premium plugin v27.4 (Yoast SEO v27.5) - https:\/\/yoast.com\/product\/yoast-seo-premium-wordpress\/ -->\n<title>195 tonnes de produits alimentaires saisis en trois semaines<\/title>\n<meta name=\"description\" content=\"195 tonnes de produits alimentaires ont \u00e9t\u00e9 saisis au cours de ce mois de Ramadan !\" \/>\n<link rel=\"canonical\" href=\"https:\/\/www.webdo.tn\/fr\/actualite\/national\/195-tonnes-de-produits-alimentaires-saisis-en-trois-semaines\/204881\/\" \/>\n<meta property=\"og:locale\" content=\"fr_FR\" \/>\n<meta property=\"og:type\" content=\"article\" \/>\n<meta property=\"og:title\" content=\"195 tonnes de produits alimentaires saisis en trois semaines\" \/>\n<meta property=\"og:description\" content=\"195 tonnes de produits alimentaires ont \u00e9t\u00e9 saisis au cours de ce mois de Ramadan !\" \/>\n<meta property=\"og:url\" content=\"https:\/\/www.webdo.tn\/fr\/actualite\/national\/195-tonnes-de-produits-alimentaires-saisis-en-trois-semaines\/204881\/\" \/>\n<meta property=\"og:site_name\" content=\"webdo\" \/>\n<meta property=\"article:publisher\" content=\"https:\/\/www.facebook.com\/webdotn\" \/>\n<meta property=\"article:published_time\" content=\"2023-04-15T12:01:00+00:00\" \/>\n<meta property=\"article:modified_time\" content=\"2025-05-20T22:08:33+00:00\" \/>\n<meta property=\"og:image\" content=\"https:\/\/www.webdo.tn\/fr\/wp-content\/uploads\/2023\/04\/f65ec0f55817759aefe8102fab51646d.jpg\" \/>\n\t<meta property=\"og:image:width\" content=\"540\" \/>\n\t<meta property=\"og:image:height\" content=\"288\" \/>\n\t<meta property=\"og:image:type\" content=\"image\/jpeg\" \/>\n<meta name=\"author\" content=\"MC\" \/>\n<meta name=\"twitter:card\" content=\"summary_large_image\" \/>\n<meta name=\"twitter:creator\" content=\"@webdo_tn\" \/>\n<meta name=\"twitter:site\" content=\"@webdo_tn\" \/>\n<meta name=\"twitter:label1\" content=\"\u00c9crit par\" \/>\n\t<meta name=\"twitter:data1\" content=\"MC\" \/>\n\t<meta name=\"twitter:label2\" content=\"Dur\u00e9e de lecture estim\u00e9e\" \/>\n\t<meta name=\"twitter:data2\" content=\"1 minute\" \/>\n<script type=\"application\/ld+json\" class=\"yoast-schema-graph\">{\"@context\":\"https:\\\/\\\/schema.org\",\"@graph\":[{\"@type\":\"NewsArticle\",\"@id\":\"https:\\\/\\\/www.webdo.tn\\\/fr\\\/actualite\\\/national\\\/195-tonnes-de-produits-alimentaires-saisis-en-trois-semaines\\\/204881\\\/#article\",\"isPartOf\":{\"@id\":\"https:\\\/\\\/www.webdo.tn\\\/fr\\\/actualite\\\/national\\\/195-tonnes-de-produits-alimentaires-saisis-en-trois-semaines\\\/204881\\\/\"},\"author\":{\"name\":\"MC\",\"@id\":\"https:\\\/\\\/www.webdo.tn\\\/fr\\\/#\\\/schema\\\/person\\\/2c4929cbf5a809e3bd38617c6ce150f6\"},\"headline\":\"195 tonnes de produits alimentaires saisis en trois semaines\",\"datePublished\":\"2023-04-15T12:01:00+00:00\",\"dateModified\":\"2025-05-20T22:08:33+00:00\",\"mainEntityOfPage\":{\"@id\":\"https:\\\/\\\/www.webdo.tn\\\/fr\\\/actualite\\\/national\\\/195-tonnes-de-produits-alimentaires-saisis-en-trois-semaines\\\/204881\\\/\"},\"wordCount\":185,\"commentCount\":0,\"publisher\":{\"@id\":\"https:\\\/\\\/www.webdo.tn\\\/fr\\\/#organization\"},\"image\":{\"@id\":\"https:\\\/\\\/www.webdo.tn\\\/fr\\\/actualite\\\/national\\\/195-tonnes-de-produits-alimentaires-saisis-en-trois-semaines\\\/204881\\\/#primaryimage\"},\"thumbnailUrl\":\"https:\\\/\\\/www.webdo.tn\\\/fr\\\/wp-content\\\/uploads\\\/2023\\\/04\\\/f65ec0f55817759aefe8102fab51646d.jpg\",\"keywords\":[\"Controle\",\"INSSPA\",\"produits alimentaires\",\"ramadan\"],\"articleSection\":[\"National\"],\"inLanguage\":\"fr-FR\"},{\"@type\":\"WebPage\",\"@id\":\"https:\\\/\\\/www.webdo.tn\\\/fr\\\/actualite\\\/national\\\/195-tonnes-de-produits-alimentaires-saisis-en-trois-semaines\\\/204881\\\/\",\"url\":\"https:\\\/\\\/www.webdo.tn\\\/fr\\\/actualite\\\/national\\\/195-tonnes-de-produits-alimentaires-saisis-en-trois-semaines\\\/204881\\\/\",\"name\":\"195 tonnes de produits alimentaires saisis en trois semaines\",\"isPartOf\":{\"@id\":\"https:\\\/\\\/www.webdo.tn\\\/fr\\\/#website\"},\"primaryImageOfPage\":{\"@id\":\"https:\\\/\\\/www.webdo.tn\\\/fr\\\/actualite\\\/national\\\/195-tonnes-de-produits-alimentaires-saisis-en-trois-semaines\\\/204881\\\/#primaryimage\"},\"image\":{\"@id\":\"https:\\\/\\\/www.webdo.tn\\\/fr\\\/actualite\\\/national\\\/195-tonnes-de-produits-alimentaires-saisis-en-trois-semaines\\\/204881\\\/#primaryimage\"},\"thumbnailUrl\":\"https:\\\/\\\/www.webdo.tn\\\/fr\\\/wp-content\\\/uploads\\\/2023\\\/04\\\/f65ec0f55817759aefe8102fab51646d.jpg\",\"datePublished\":\"2023-04-15T12:01:00+00:00\",\"dateModified\":\"2025-05-20T22:08:33+00:00\",\"description\":\"195 tonnes de produits alimentaires ont \u00e9t\u00e9 saisis au cours de ce mois de Ramadan !\",\"breadcrumb\":{\"@id\":\"https:\\\/\\\/www.webdo.tn\\\/fr\\\/actualite\\\/national\\\/195-tonnes-de-produits-alimentaires-saisis-en-trois-semaines\\\/204881\\\/#breadcrumb\"},\"inLanguage\":\"fr-FR\",\"potentialAction\":[{\"@type\":\"ReadAction\",\"target\":[\"https:\\\/\\\/www.webdo.tn\\\/fr\\\/actualite\\\/national\\\/195-tonnes-de-produits-alimentaires-saisis-en-trois-semaines\\\/204881\\\/\"]}]},{\"@type\":\"ImageObject\",\"inLanguage\":\"fr-FR\",\"@id\":\"https:\\\/\\\/www.webdo.tn\\\/fr\\\/actualite\\\/national\\\/195-tonnes-de-produits-alimentaires-saisis-en-trois-semaines\\\/204881\\\/#primaryimage\",\"url\":\"https:\\\/\\\/www.webdo.tn\\\/fr\\\/wp-content\\\/uploads\\\/2023\\\/04\\\/f65ec0f55817759aefe8102fab51646d.jpg\",\"contentUrl\":\"https:\\\/\\\/www.webdo.tn\\\/fr\\\/wp-content\\\/uploads\\\/2023\\\/04\\\/f65ec0f55817759aefe8102fab51646d.jpg\",\"width\":540,\"height\":288,\"caption\":\"195 tonnes de produits alimentaires saisis en trois semaines\"},{\"@type\":\"BreadcrumbList\",\"@id\":\"https:\\\/\\\/www.webdo.tn\\\/fr\\\/actualite\\\/national\\\/195-tonnes-de-produits-alimentaires-saisis-en-trois-semaines\\\/204881\\\/#breadcrumb\",\"itemListElement\":[{\"@type\":\"ListItem\",\"position\":1,\"name\":\"Accueil\",\"item\":\"https:\\\/\\\/www.webdo.tn\\\/fr\\\/\"},{\"@type\":\"ListItem\",\"position\":2,\"name\":\"195 tonnes de produits alimentaires saisis en trois semaines\"}]},{\"@type\":\"WebSite\",\"@id\":\"https:\\\/\\\/www.webdo.tn\\\/fr\\\/#website\",\"url\":\"https:\\\/\\\/www.webdo.tn\\\/fr\\\/\",\"name\":\"webdo\",\"description\":\"Tunisie - News en Tunisie et \u00e0 l&#039;international sur Webdo.tn\",\"publisher\":{\"@id\":\"https:\\\/\\\/www.webdo.tn\\\/fr\\\/#organization\"},\"potentialAction\":[{\"@type\":\"SearchAction\",\"target\":{\"@type\":\"EntryPoint\",\"urlTemplate\":\"https:\\\/\\\/www.webdo.tn\\\/fr\\\/?s={search_term_string}\"},\"query-input\":{\"@type\":\"PropertyValueSpecification\",\"valueRequired\":true,\"valueName\":\"search_term_string\"}}],\"inLanguage\":\"fr-FR\"},{\"@type\":\"Organization\",\"@id\":\"https:\\\/\\\/www.webdo.tn\\\/fr\\\/#organization\",\"name\":\"Webdo\",\"alternateName\":\"Webdo.tn\",\"url\":\"https:\\\/\\\/www.webdo.tn\\\/fr\\\/\",\"logo\":{\"@type\":\"ImageObject\",\"inLanguage\":\"fr-FR\",\"@id\":\"https:\\\/\\\/www.webdo.tn\\\/fr\\\/#\\\/schema\\\/logo\\\/image\\\/\",\"url\":\"https:\\\/\\\/www.webdo.tn\\\/fr\\\/wp-content\\\/uploads\\\/2025\\\/06\\\/Webdo-Tunisie_168377.jpg\",\"contentUrl\":\"https:\\\/\\\/www.webdo.tn\\\/fr\\\/wp-content\\\/uploads\\\/2025\\\/06\\\/Webdo-Tunisie_168377.jpg\",\"width\":301,\"height\":301,\"caption\":\"Webdo\"},\"image\":{\"@id\":\"https:\\\/\\\/www.webdo.tn\\\/fr\\\/#\\\/schema\\\/logo\\\/image\\\/\"},\"sameAs\":[\"https:\\\/\\\/www.facebook.com\\\/webdotn\",\"https:\\\/\\\/x.com\\\/webdo_tn\"],\"description\":\"Webdo est un m\u00e9dia num\u00e9rique tunisien fond\u00e9 en 2010, sp\u00e9cialis\u00e9 dans l\u2019actualit\u00e9 nationale et internationale, l\u2019\u00e9conomie, la soci\u00e9t\u00e9 et les analyses politiques. Le site s\u2019adresse \u00e0 un large public francophone et couvre l\u2019information tunisienne en temps r\u00e9el.\",\"email\":\"redac@webdo.tn\",\"legalName\":\"YNJ SARL\",\"foundingDate\":\"2010-09-06\",\"numberOfEmployees\":{\"@type\":\"QuantitativeValue\",\"minValue\":\"11\",\"maxValue\":\"50\"}},{\"@type\":\"Person\",\"@id\":\"https:\\\/\\\/www.webdo.tn\\\/fr\\\/#\\\/schema\\\/person\\\/2c4929cbf5a809e3bd38617c6ce150f6\",\"name\":\"MC\",\"image\":{\"@type\":\"ImageObject\",\"inLanguage\":\"fr-FR\",\"@id\":\"https:\\\/\\\/secure.gravatar.com\\\/avatar\\\/a545bbb6f84efdd5553dbbc2895e3ca8f1d12c5215e00a041c9670b54aa9b18a?s=96&d=mm&r=g\",\"url\":\"https:\\\/\\\/secure.gravatar.com\\\/avatar\\\/a545bbb6f84efdd5553dbbc2895e3ca8f1d12c5215e00a041c9670b54aa9b18a?s=96&d=mm&r=g\",\"contentUrl\":\"https:\\\/\\\/secure.gravatar.com\\\/avatar\\\/a545bbb6f84efdd5553dbbc2895e3ca8f1d12c5215e00a041c9670b54aa9b18a?s=96&d=mm&r=g\",\"caption\":\"MC\"},\"url\":\"https:\\\/\\\/www.webdo.tn\\\/fr\\\/actualite\\\/author\\\/mc\\\/\"}]}<\/script>\n<!-- \/ Yoast SEO Premium plugin. -->","yoast_head_json":{"title":"195 tonnes de produits alimentaires saisis en trois semaines","description":"195 tonnes de produits alimentaires ont \u00e9t\u00e9 saisis au cours de ce mois de Ramadan !","canonical":"https:\/\/www.webdo.tn\/fr\/actualite\/national\/195-tonnes-de-produits-alimentaires-saisis-en-trois-semaines\/204881\/","og_locale":"fr_FR","og_type":"article","og_title":"195 tonnes de produits alimentaires saisis en trois semaines","og_description":"195 tonnes de produits alimentaires ont \u00e9t\u00e9 saisis au cours de ce mois de Ramadan !","og_url":"https:\/\/www.webdo.tn\/fr\/actualite\/national\/195-tonnes-de-produits-alimentaires-saisis-en-trois-semaines\/204881\/","og_site_name":"webdo","article_publisher":"https:\/\/www.facebook.com\/webdotn","article_published_time":"2023-04-15T12:01:00+00:00","article_modified_time":"2025-05-20T22:08:33+00:00","og_image":[{"width":540,"height":288,"url":"https:\/\/www.webdo.tn\/fr\/wp-content\/uploads\/2023\/04\/f65ec0f55817759aefe8102fab51646d.jpg","type":"image\/jpeg"}],"author":"MC","twitter_card":"summary_large_image","twitter_creator":"@webdo_tn","twitter_site":"@webdo_tn","twitter_misc":{"\u00c9crit par":"MC","Dur\u00e9e de lecture estim\u00e9e":"1 minute"},"schema":{"@context":"https:\/\/schema.org","@graph":[{"@type":"NewsArticle","@id":"https:\/\/www.webdo.tn\/fr\/actualite\/national\/195-tonnes-de-produits-alimentaires-saisis-en-trois-semaines\/204881\/#article","isPartOf":{"@id":"https:\/\/www.webdo.tn\/fr\/actualite\/national\/195-tonnes-de-produits-alimentaires-saisis-en-trois-semaines\/204881\/"},"author":{"name":"MC","@id":"https:\/\/www.webdo.tn\/fr\/#\/schema\/person\/2c4929cbf5a809e3bd38617c6ce150f6"},"headline":"195 tonnes de produits alimentaires saisis en trois semaines","datePublished":"2023-04-15T12:01:00+00:00","dateModified":"2025-05-20T22:08:33+00:00","mainEntityOfPage":{"@id":"https:\/\/www.webdo.tn\/fr\/actualite\/national\/195-tonnes-de-produits-alimentaires-saisis-en-trois-semaines\/204881\/"},"wordCount":185,"commentCount":0,"publisher":{"@id":"https:\/\/www.webdo.tn\/fr\/#organization"},"image":{"@id":"https:\/\/www.webdo.tn\/fr\/actualite\/national\/195-tonnes-de-produits-alimentaires-saisis-en-trois-semaines\/204881\/#primaryimage"},"thumbnailUrl":"https:\/\/www.webdo.tn\/fr\/wp-content\/uploads\/2023\/04\/f65ec0f55817759aefe8102fab51646d.jpg","keywords":["Controle","INSSPA","produits alimentaires","ramadan"],"articleSection":["National"],"inLanguage":"fr-FR"},{"@type":"WebPage","@id":"https:\/\/www.webdo.tn\/fr\/actualite\/national\/195-tonnes-de-produits-alimentaires-saisis-en-trois-semaines\/204881\/","url":"https:\/\/www.webdo.tn\/fr\/actualite\/national\/195-tonnes-de-produits-alimentaires-saisis-en-trois-semaines\/204881\/","name":"195 tonnes de produits alimentaires saisis en trois semaines","isPartOf":{"@id":"https:\/\/www.webdo.tn\/fr\/#website"},"primaryImageOfPage":{"@id":"https:\/\/www.webdo.tn\/fr\/actualite\/national\/195-tonnes-de-produits-alimentaires-saisis-en-trois-semaines\/204881\/#primaryimage"},"image":{"@id":"https:\/\/www.webdo.tn\/fr\/actualite\/national\/195-tonnes-de-produits-alimentaires-saisis-en-trois-semaines\/204881\/#primaryimage"},"thumbnailUrl":"https:\/\/www.webdo.tn\/fr\/wp-content\/uploads\/2023\/04\/f65ec0f55817759aefe8102fab51646d.jpg","datePublished":"2023-04-15T12:01:00+00:00","dateModified":"2025-05-20T22:08:33+00:00","description":"195 tonnes de produits alimentaires ont \u00e9t\u00e9 saisis au cours de ce mois de Ramadan !","breadcrumb":{"@id":"https:\/\/www.webdo.tn\/fr\/actualite\/national\/195-tonnes-de-produits-alimentaires-saisis-en-trois-semaines\/204881\/#breadcrumb"},"inLanguage":"fr-FR","potentialAction":[{"@type":"ReadAction","target":["https:\/\/www.webdo.tn\/fr\/actualite\/national\/195-tonnes-de-produits-alimentaires-saisis-en-trois-semaines\/204881\/"]}]},{"@type":"ImageObject","inLanguage":"fr-FR","@id":"https:\/\/www.webdo.tn\/fr\/actualite\/national\/195-tonnes-de-produits-alimentaires-saisis-en-trois-semaines\/204881\/#primaryimage","url":"https:\/\/www.webdo.tn\/fr\/wp-content\/uploads\/2023\/04\/f65ec0f55817759aefe8102fab51646d.jpg","contentUrl":"https:\/\/www.webdo.tn\/fr\/wp-content\/uploads\/2023\/04\/f65ec0f55817759aefe8102fab51646d.jpg","width":540,"height":288,"caption":"195 tonnes de produits alimentaires saisis en trois semaines"},{"@type":"BreadcrumbList","@id":"https:\/\/www.webdo.tn\/fr\/actualite\/national\/195-tonnes-de-produits-alimentaires-saisis-en-trois-semaines\/204881\/#breadcrumb","itemListElement":[{"@type":"ListItem","position":1,"name":"Accueil","item":"https:\/\/www.webdo.tn\/fr\/"},{"@type":"ListItem","position":2,"name":"195 tonnes de produits alimentaires saisis en trois semaines"}]},{"@type":"WebSite","@id":"https:\/\/www.webdo.tn\/fr\/#website","url":"https:\/\/www.webdo.tn\/fr\/","name":"webdo","description":"Tunisie - News en Tunisie et \u00e0 l&#039;international sur Webdo.tn","publisher":{"@id":"https:\/\/www.webdo.tn\/fr\/#organization"},"potentialAction":[{"@type":"SearchAction","target":{"@type":"EntryPoint","urlTemplate":"https:\/\/www.webdo.tn\/fr\/?s={search_term_string}"},"query-input":{"@type":"PropertyValueSpecification","valueRequired":true,"valueName":"search_term_string"}}],"inLanguage":"fr-FR"},{"@type":"Organization","@id":"https:\/\/www.webdo.tn\/fr\/#organization","name":"Webdo","alternateName":"Webdo.tn","url":"https:\/\/www.webdo.tn\/fr\/","logo":{"@type":"ImageObject","inLanguage":"fr-FR","@id":"https:\/\/www.webdo.tn\/fr\/#\/schema\/logo\/image\/","url":"https:\/\/www.webdo.tn\/fr\/wp-content\/uploads\/2025\/06\/Webdo-Tunisie_168377.jpg","contentUrl":"https:\/\/www.webdo.tn\/fr\/wp-content\/uploads\/2025\/06\/Webdo-Tunisie_168377.jpg","width":301,"height":301,"caption":"Webdo"},"image":{"@id":"https:\/\/www.webdo.tn\/fr\/#\/schema\/logo\/image\/"},"sameAs":["https:\/\/www.facebook.com\/webdotn","https:\/\/x.com\/webdo_tn"],"description":"Webdo est un m\u00e9dia num\u00e9rique tunisien fond\u00e9 en 2010, sp\u00e9cialis\u00e9 dans l\u2019actualit\u00e9 nationale et internationale, l\u2019\u00e9conomie, la soci\u00e9t\u00e9 et les analyses politiques. Le site s\u2019adresse \u00e0 un large public francophone et couvre l\u2019information tunisienne en temps r\u00e9el.","email":"redac@webdo.tn","legalName":"YNJ SARL","foundingDate":"2010-09-06","numberOfEmployees":{"@type":"QuantitativeValue","minValue":"11","maxValue":"50"}},{"@type":"Person","@id":"https:\/\/www.webdo.tn\/fr\/#\/schema\/person\/2c4929cbf5a809e3bd38617c6ce150f6","name":"MC","image":{"@type":"ImageObject","inLanguage":"fr-FR","@id":"https:\/\/secure.gravatar.com\/avatar\/a545bbb6f84efdd5553dbbc2895e3ca8f1d12c5215e00a041c9670b54aa9b18a?s=96&d=mm&r=g","url":"https:\/\/secure.gravatar.com\/avatar\/a545bbb6f84efdd5553dbbc2895e3ca8f1d12c5215e00a041c9670b54aa9b18a?s=96&d=mm&r=g","contentUrl":"https:\/\/secure.gravatar.com\/avatar\/a545bbb6f84efdd5553dbbc2895e3ca8f1d12c5215e00a041c9670b54aa9b18a?s=96&d=mm&r=g","caption":"MC"},"url":"https:\/\/www.webdo.tn\/fr\/actualite\/author\/mc\/"}]}},"_links":{"self":[{"href":"https:\/\/www.webdo.tn\/fr\/wp-json\/wp\/v2\/posts\/204881","targetHints":{"allow":["GET"]}}],"collection":[{"href":"https:\/\/www.webdo.tn\/fr\/wp-json\/wp\/v2\/posts"}],"about":[{"href":"https:\/\/www.webdo.tn\/fr\/wp-json\/wp\/v2\/types\/post"}],"author":[{"embeddable":true,"href":"https:\/\/www.webdo.tn\/fr\/wp-json\/wp\/v2\/users\/3162"}],"replies":[{"embeddable":true,"href":"https:\/\/www.webdo.tn\/fr\/wp-json\/wp\/v2\/comments?post=204881"}],"version-history":[{"count":0,"href":"https:\/\/www.webdo.tn\/fr\/wp-json\/wp\/v2\/posts\/204881\/revisions"}],"wp:featuredmedia":[{"embeddable":true,"href":"https:\/\/www.webdo.tn\/fr\/wp-json\/wp\/v2\/media\/278084"}],"wp:attachment":[{"href":"https:\/\/www.webdo.tn\/fr\/wp-json\/wp\/v2\/media?parent=204881"}],"wp:term":[{"taxonomy":"category","embeddable":true,"href":"https:\/\/www.webdo.tn\/fr\/wp-json\/wp\/v2\/categories?post=204881"},{"taxonomy":"post_tag","embeddable":true,"href":"https:\/\/www.webdo.tn\/fr\/wp-json\/wp\/v2\/tags?post=204881"}],"curies":[{"name":"wp","href":"https:\/\/api.w.org\/{rel}","templated":true}]}}