{"id":204876,"date":"2023-04-15T09:55:00","date_gmt":"2023-04-15T09:55:00","guid":{"rendered":"https:\/\/www.webdo.tn\/fr\/blog\/ligue-1-3eme-j-play-off-le-derby-du-sahel-a-l-affiche\/204876\/"},"modified":"2025-05-20T22:08:32","modified_gmt":"2025-05-20T22:08:32","slug":"ligue-1-3eme-j-play-off-le-derby-du-sahel-a-l-affiche","status":"publish","type":"post","link":"https:\/\/www.webdo.tn\/fr\/actualite\/sport\/ligue-1-3eme-j-play-off-le-derby-du-sahel-a-l-affiche\/204876\/","title":{"rendered":"Ligue 1 &#8211; 3\u00e8me J. Play-off : Le derby du Sahel \u00e0 l\u2019affiche"},"content":{"rendered":"<p>La comp\u00e9tition, \u00e0 l\u2019arr\u00eat depuis le 18 mars dernier, reprend ses droits ce week-end avec la 3\u00e8me journ\u00e9e du play-off. Une journ\u00e9e plac\u00e9e sous le signe du derby du Sahel entre l\u2019ESS et l\u2019USMo.<\/p>\n<p>\t\t\t\t\t\t\t\t\tDeux rencontres auront lieu aujourd\u2019hui, samedi 15 avril. La premi\u00e8re faisant office d\u2019affiche opposera le leader \u00e9toil\u00e9 \u00e0 son dauphin monastirien. Un choc tr\u00e8s attendu entre une Etoile d\u00e9termin\u00e9e \u00e0 poursuivre sa belle s\u00e9rie en Championnat et une \u00e9quipe monastirienne en verve ces derniers temps.<\/p>\n<p>Le deuxi\u00e8me rencontre du jour mettra aux prises \u00e0 Rades le Club Africain et l\u2019US Tataouine. La question qui se pose sera de savoir dans quel \u00e9tat d\u2019esprit les Clubistes vont se pr\u00e9senter apr\u00e8s leur am\u00e8re \u00e9limination en demi-finale de la Coupe de Tunisie, mercredi.<\/p>\n<p>Demain, nous r\u00e9serve \u00e9galement deux rencontres all\u00e9chantes. Le calendrier a voulu que l\u2019O. B\u00e9ja affronte l\u2019ES Tunis trois jours apr\u00e8s leur qualification en finale de la Coupe de Tunisie. Dans une r\u00e9p\u00e9tition avant la finale du 27 mai.<\/p>\n<p>Enfin, l\u2019US Ben Guerdanne et le CS Sfaxien s\u2019affronteront dans un match ind\u00e9cis.<\/p>\n<p>Samedi 15 avril (13h30)<\/p>\n<p>ES Sahel &#8211; US Monastirienne<br \/>\nArbitre central : Lotfi Boukouassa<br \/>\nArbitre VAR : Mehrez Melki<\/p>\n<p>Club Africain &#8211; US Tataouine<br \/>\nArbitre central : Amir Ayadi<br \/>\nArbitre VAR : Karim Khemiri<\/p>\n<p>Dimanche 16 avril (13h30)<\/p>\n<p>O. B\u00e9ja &#8211; ES Tunis<br \/>\nArbitre central : Nidhal Letaief<br \/>\nArbitre VAR : Oussema Ben Ishak<\/p>\n<p>US Ben Guerdane &#8211; CS Sfaxien<br \/>\nArbitre central : Haythem Kossai<br \/>\nArbitre VAR : Walid Jeridi<\/p>\n","protected":false},"excerpt":{"rendered":"<p>La comp\u00e9tition, \u00e0 l\u2019arr\u00eat depuis le 18 mars dernier, reprend ses droits ce week-end avec la 3\u00e8me journ\u00e9e du play-off. Une journ\u00e9e plac\u00e9e sous le signe du derby&#8230;<\/p>\n","protected":false},"author":3162,"featured_media":278080,"comment_status":"open","ping_status":"closed","sticky":false,"template":"","format":"standard","meta":{"footnotes":""},"categories":[2593],"tags":[2777,6308],"class_list":["post-204876","post","type-post","status-publish","format-standard","has-post-thumbnail","hentry","category-sport","tag-ligue-1","tag-play-off"],"yoast_head":"<!-- This site is optimized with the Yoast SEO Premium plugin v27.5 (Yoast SEO v27.5) - https:\/\/yoast.com\/product\/yoast-seo-premium-wordpress\/ -->\n<title>Ligue 1 - 3\u00e8me J. Play-off : Le derby du Sahel \u00e0 l\u2019affiche<\/title>\n<meta name=\"description\" content=\"La comp\u00e9tition, \u00e0 l\u2019arr\u00eat depuis le 18 mars dernier, reprend ses droits ce week-end avec la 3\u00e8me journ\u00e9e du play-off. Une journ\u00e9e plac\u00e9e sous le signe du derby...\" \/>\n<link rel=\"canonical\" href=\"https:\/\/www.webdo.tn\/fr\/actualite\/sport\/ligue-1-3eme-j-play-off-le-derby-du-sahel-a-l-affiche\/204876\/\" \/>\n<meta property=\"og:locale\" content=\"fr_FR\" \/>\n<meta property=\"og:type\" content=\"article\" \/>\n<meta property=\"og:title\" content=\"Ligue 1 - 3\u00e8me J. Play-off : Le derby du Sahel \u00e0 l\u2019affiche\" \/>\n<meta property=\"og:description\" content=\"La comp\u00e9tition, \u00e0 l\u2019arr\u00eat depuis le 18 mars dernier, reprend ses droits ce week-end avec la 3\u00e8me journ\u00e9e du play-off. Une journ\u00e9e plac\u00e9e sous le signe du derby...\" \/>\n<meta property=\"og:url\" content=\"https:\/\/www.webdo.tn\/fr\/actualite\/sport\/ligue-1-3eme-j-play-off-le-derby-du-sahel-a-l-affiche\/204876\/\" \/>\n<meta property=\"og:site_name\" content=\"webdo\" \/>\n<meta property=\"article:publisher\" content=\"https:\/\/www.facebook.com\/webdotn\" \/>\n<meta property=\"article:published_time\" content=\"2023-04-15T09:55:00+00:00\" \/>\n<meta property=\"article:modified_time\" content=\"2025-05-20T22:08:32+00:00\" \/>\n<meta property=\"og:image\" content=\"https:\/\/www.webdo.tn\/fr\/wp-content\/uploads\/2023\/04\/ff91d4442be435d0b19916fd4abca7ee.jpg\" \/>\n\t<meta property=\"og:image:width\" content=\"750\" \/>\n\t<meta property=\"og:image:height\" content=\"400\" \/>\n\t<meta property=\"og:image:type\" content=\"image\/jpeg\" \/>\n<meta name=\"author\" content=\"MC\" \/>\n<meta name=\"twitter:card\" content=\"summary_large_image\" \/>\n<meta name=\"twitter:creator\" content=\"@webdo_tn\" \/>\n<meta name=\"twitter:site\" content=\"@webdo_tn\" \/>\n<meta name=\"twitter:label1\" content=\"\u00c9crit par\" \/>\n\t<meta name=\"twitter:data1\" content=\"MC\" \/>\n\t<meta name=\"twitter:label2\" content=\"Dur\u00e9e de lecture estim\u00e9e\" \/>\n\t<meta name=\"twitter:data2\" content=\"1 minute\" \/>\n<script type=\"application\/ld+json\" class=\"yoast-schema-graph\">{\"@context\":\"https:\\\/\\\/schema.org\",\"@graph\":[{\"@type\":\"NewsArticle\",\"@id\":\"https:\\\/\\\/www.webdo.tn\\\/fr\\\/actualite\\\/sport\\\/ligue-1-3eme-j-play-off-le-derby-du-sahel-a-l-affiche\\\/204876\\\/#article\",\"isPartOf\":{\"@id\":\"https:\\\/\\\/www.webdo.tn\\\/fr\\\/actualite\\\/sport\\\/ligue-1-3eme-j-play-off-le-derby-du-sahel-a-l-affiche\\\/204876\\\/\"},\"author\":{\"name\":\"MC\",\"@id\":\"https:\\\/\\\/www.webdo.tn\\\/fr\\\/#\\\/schema\\\/person\\\/2c4929cbf5a809e3bd38617c6ce150f6\"},\"headline\":\"Ligue 1 &#8211; 3\u00e8me J. Play-off : Le derby du Sahel \u00e0 l\u2019affiche\",\"datePublished\":\"2023-04-15T09:55:00+00:00\",\"dateModified\":\"2025-05-20T22:08:32+00:00\",\"mainEntityOfPage\":{\"@id\":\"https:\\\/\\\/www.webdo.tn\\\/fr\\\/actualite\\\/sport\\\/ligue-1-3eme-j-play-off-le-derby-du-sahel-a-l-affiche\\\/204876\\\/\"},\"wordCount\":272,\"commentCount\":0,\"publisher\":{\"@id\":\"https:\\\/\\\/www.webdo.tn\\\/fr\\\/#organization\"},\"image\":{\"@id\":\"https:\\\/\\\/www.webdo.tn\\\/fr\\\/actualite\\\/sport\\\/ligue-1-3eme-j-play-off-le-derby-du-sahel-a-l-affiche\\\/204876\\\/#primaryimage\"},\"thumbnailUrl\":\"https:\\\/\\\/www.webdo.tn\\\/fr\\\/wp-content\\\/uploads\\\/2023\\\/04\\\/ff91d4442be435d0b19916fd4abca7ee.jpg\",\"keywords\":[\"Ligue 1\",\"play-off\"],\"articleSection\":[\"Sport\"],\"inLanguage\":\"fr-FR\"},{\"@type\":\"WebPage\",\"@id\":\"https:\\\/\\\/www.webdo.tn\\\/fr\\\/actualite\\\/sport\\\/ligue-1-3eme-j-play-off-le-derby-du-sahel-a-l-affiche\\\/204876\\\/\",\"url\":\"https:\\\/\\\/www.webdo.tn\\\/fr\\\/actualite\\\/sport\\\/ligue-1-3eme-j-play-off-le-derby-du-sahel-a-l-affiche\\\/204876\\\/\",\"name\":\"Ligue 1 - 3\u00e8me J. Play-off : Le derby du Sahel \u00e0 l\u2019affiche\",\"isPartOf\":{\"@id\":\"https:\\\/\\\/www.webdo.tn\\\/fr\\\/#website\"},\"primaryImageOfPage\":{\"@id\":\"https:\\\/\\\/www.webdo.tn\\\/fr\\\/actualite\\\/sport\\\/ligue-1-3eme-j-play-off-le-derby-du-sahel-a-l-affiche\\\/204876\\\/#primaryimage\"},\"image\":{\"@id\":\"https:\\\/\\\/www.webdo.tn\\\/fr\\\/actualite\\\/sport\\\/ligue-1-3eme-j-play-off-le-derby-du-sahel-a-l-affiche\\\/204876\\\/#primaryimage\"},\"thumbnailUrl\":\"https:\\\/\\\/www.webdo.tn\\\/fr\\\/wp-content\\\/uploads\\\/2023\\\/04\\\/ff91d4442be435d0b19916fd4abca7ee.jpg\",\"datePublished\":\"2023-04-15T09:55:00+00:00\",\"dateModified\":\"2025-05-20T22:08:32+00:00\",\"description\":\"La comp\u00e9tition, \u00e0 l\u2019arr\u00eat depuis le 18 mars dernier, reprend ses droits ce week-end avec la 3\u00e8me journ\u00e9e du play-off. Une journ\u00e9e plac\u00e9e sous le signe du derby...\",\"breadcrumb\":{\"@id\":\"https:\\\/\\\/www.webdo.tn\\\/fr\\\/actualite\\\/sport\\\/ligue-1-3eme-j-play-off-le-derby-du-sahel-a-l-affiche\\\/204876\\\/#breadcrumb\"},\"inLanguage\":\"fr-FR\",\"potentialAction\":[{\"@type\":\"ReadAction\",\"target\":[\"https:\\\/\\\/www.webdo.tn\\\/fr\\\/actualite\\\/sport\\\/ligue-1-3eme-j-play-off-le-derby-du-sahel-a-l-affiche\\\/204876\\\/\"]}]},{\"@type\":\"ImageObject\",\"inLanguage\":\"fr-FR\",\"@id\":\"https:\\\/\\\/www.webdo.tn\\\/fr\\\/actualite\\\/sport\\\/ligue-1-3eme-j-play-off-le-derby-du-sahel-a-l-affiche\\\/204876\\\/#primaryimage\",\"url\":\"https:\\\/\\\/www.webdo.tn\\\/fr\\\/wp-content\\\/uploads\\\/2023\\\/04\\\/ff91d4442be435d0b19916fd4abca7ee.jpg\",\"contentUrl\":\"https:\\\/\\\/www.webdo.tn\\\/fr\\\/wp-content\\\/uploads\\\/2023\\\/04\\\/ff91d4442be435d0b19916fd4abca7ee.jpg\",\"width\":750,\"height\":400,\"caption\":\"Ligue 1 - 3\u00e8me J. Play-off : Le derby du Sahel \u00e0 l\u2019affiche\"},{\"@type\":\"BreadcrumbList\",\"@id\":\"https:\\\/\\\/www.webdo.tn\\\/fr\\\/actualite\\\/sport\\\/ligue-1-3eme-j-play-off-le-derby-du-sahel-a-l-affiche\\\/204876\\\/#breadcrumb\",\"itemListElement\":[{\"@type\":\"ListItem\",\"position\":1,\"name\":\"Accueil\",\"item\":\"https:\\\/\\\/www.webdo.tn\\\/fr\\\/\"},{\"@type\":\"ListItem\",\"position\":2,\"name\":\"Ligue 1 &#8211; 3\u00e8me J. Play-off : Le derby du Sahel \u00e0 l\u2019affiche\"}]},{\"@type\":\"WebSite\",\"@id\":\"https:\\\/\\\/www.webdo.tn\\\/fr\\\/#website\",\"url\":\"https:\\\/\\\/www.webdo.tn\\\/fr\\\/\",\"name\":\"webdo\",\"description\":\"Tunisie - News en Tunisie et \u00e0 l&#039;international sur Webdo.tn\",\"publisher\":{\"@id\":\"https:\\\/\\\/www.webdo.tn\\\/fr\\\/#organization\"},\"potentialAction\":[{\"@type\":\"SearchAction\",\"target\":{\"@type\":\"EntryPoint\",\"urlTemplate\":\"https:\\\/\\\/www.webdo.tn\\\/fr\\\/?s={search_term_string}\"},\"query-input\":{\"@type\":\"PropertyValueSpecification\",\"valueRequired\":true,\"valueName\":\"search_term_string\"}}],\"inLanguage\":\"fr-FR\"},{\"@type\":\"Organization\",\"@id\":\"https:\\\/\\\/www.webdo.tn\\\/fr\\\/#organization\",\"name\":\"Webdo\",\"alternateName\":\"Webdo.tn\",\"url\":\"https:\\\/\\\/www.webdo.tn\\\/fr\\\/\",\"logo\":{\"@type\":\"ImageObject\",\"inLanguage\":\"fr-FR\",\"@id\":\"https:\\\/\\\/www.webdo.tn\\\/fr\\\/#\\\/schema\\\/logo\\\/image\\\/\",\"url\":\"https:\\\/\\\/www.webdo.tn\\\/fr\\\/wp-content\\\/uploads\\\/2025\\\/06\\\/Webdo-Tunisie_168377.jpg\",\"contentUrl\":\"https:\\\/\\\/www.webdo.tn\\\/fr\\\/wp-content\\\/uploads\\\/2025\\\/06\\\/Webdo-Tunisie_168377.jpg\",\"width\":301,\"height\":301,\"caption\":\"Webdo\"},\"image\":{\"@id\":\"https:\\\/\\\/www.webdo.tn\\\/fr\\\/#\\\/schema\\\/logo\\\/image\\\/\"},\"sameAs\":[\"https:\\\/\\\/www.facebook.com\\\/webdotn\",\"https:\\\/\\\/x.com\\\/webdo_tn\"],\"description\":\"Webdo est un m\u00e9dia num\u00e9rique tunisien fond\u00e9 en 2010, sp\u00e9cialis\u00e9 dans l\u2019actualit\u00e9 nationale et internationale, l\u2019\u00e9conomie, la soci\u00e9t\u00e9 et les analyses politiques. Le site s\u2019adresse \u00e0 un large public francophone et couvre l\u2019information tunisienne en temps r\u00e9el.\",\"email\":\"redac@webdo.tn\",\"legalName\":\"YNJ SARL\",\"foundingDate\":\"2010-09-06\",\"numberOfEmployees\":{\"@type\":\"QuantitativeValue\",\"minValue\":\"11\",\"maxValue\":\"50\"}},{\"@type\":\"Person\",\"@id\":\"https:\\\/\\\/www.webdo.tn\\\/fr\\\/#\\\/schema\\\/person\\\/2c4929cbf5a809e3bd38617c6ce150f6\",\"name\":\"MC\",\"image\":{\"@type\":\"ImageObject\",\"inLanguage\":\"fr-FR\",\"@id\":\"https:\\\/\\\/secure.gravatar.com\\\/avatar\\\/a545bbb6f84efdd5553dbbc2895e3ca8f1d12c5215e00a041c9670b54aa9b18a?s=96&d=mm&r=g\",\"url\":\"https:\\\/\\\/secure.gravatar.com\\\/avatar\\\/a545bbb6f84efdd5553dbbc2895e3ca8f1d12c5215e00a041c9670b54aa9b18a?s=96&d=mm&r=g\",\"contentUrl\":\"https:\\\/\\\/secure.gravatar.com\\\/avatar\\\/a545bbb6f84efdd5553dbbc2895e3ca8f1d12c5215e00a041c9670b54aa9b18a?s=96&d=mm&r=g\",\"caption\":\"MC\"},\"url\":\"https:\\\/\\\/www.webdo.tn\\\/fr\\\/actualite\\\/author\\\/mc\\\/\"}]}<\/script>\n<!-- \/ Yoast SEO Premium plugin. -->","yoast_head_json":{"title":"Ligue 1 - 3\u00e8me J. Play-off : Le derby du Sahel \u00e0 l\u2019affiche","description":"La comp\u00e9tition, \u00e0 l\u2019arr\u00eat depuis le 18 mars dernier, reprend ses droits ce week-end avec la 3\u00e8me journ\u00e9e du play-off. Une journ\u00e9e plac\u00e9e sous le signe du derby...","canonical":"https:\/\/www.webdo.tn\/fr\/actualite\/sport\/ligue-1-3eme-j-play-off-le-derby-du-sahel-a-l-affiche\/204876\/","og_locale":"fr_FR","og_type":"article","og_title":"Ligue 1 - 3\u00e8me J. Play-off : Le derby du Sahel \u00e0 l\u2019affiche","og_description":"La comp\u00e9tition, \u00e0 l\u2019arr\u00eat depuis le 18 mars dernier, reprend ses droits ce week-end avec la 3\u00e8me journ\u00e9e du play-off. Une journ\u00e9e plac\u00e9e sous le signe du derby...","og_url":"https:\/\/www.webdo.tn\/fr\/actualite\/sport\/ligue-1-3eme-j-play-off-le-derby-du-sahel-a-l-affiche\/204876\/","og_site_name":"webdo","article_publisher":"https:\/\/www.facebook.com\/webdotn","article_published_time":"2023-04-15T09:55:00+00:00","article_modified_time":"2025-05-20T22:08:32+00:00","og_image":[{"width":750,"height":400,"url":"https:\/\/www.webdo.tn\/fr\/wp-content\/uploads\/2023\/04\/ff91d4442be435d0b19916fd4abca7ee.jpg","type":"image\/jpeg"}],"author":"MC","twitter_card":"summary_large_image","twitter_creator":"@webdo_tn","twitter_site":"@webdo_tn","twitter_misc":{"\u00c9crit par":"MC","Dur\u00e9e de lecture estim\u00e9e":"1 minute"},"schema":{"@context":"https:\/\/schema.org","@graph":[{"@type":"NewsArticle","@id":"https:\/\/www.webdo.tn\/fr\/actualite\/sport\/ligue-1-3eme-j-play-off-le-derby-du-sahel-a-l-affiche\/204876\/#article","isPartOf":{"@id":"https:\/\/www.webdo.tn\/fr\/actualite\/sport\/ligue-1-3eme-j-play-off-le-derby-du-sahel-a-l-affiche\/204876\/"},"author":{"name":"MC","@id":"https:\/\/www.webdo.tn\/fr\/#\/schema\/person\/2c4929cbf5a809e3bd38617c6ce150f6"},"headline":"Ligue 1 &#8211; 3\u00e8me J. Play-off : Le derby du Sahel \u00e0 l\u2019affiche","datePublished":"2023-04-15T09:55:00+00:00","dateModified":"2025-05-20T22:08:32+00:00","mainEntityOfPage":{"@id":"https:\/\/www.webdo.tn\/fr\/actualite\/sport\/ligue-1-3eme-j-play-off-le-derby-du-sahel-a-l-affiche\/204876\/"},"wordCount":272,"commentCount":0,"publisher":{"@id":"https:\/\/www.webdo.tn\/fr\/#organization"},"image":{"@id":"https:\/\/www.webdo.tn\/fr\/actualite\/sport\/ligue-1-3eme-j-play-off-le-derby-du-sahel-a-l-affiche\/204876\/#primaryimage"},"thumbnailUrl":"https:\/\/www.webdo.tn\/fr\/wp-content\/uploads\/2023\/04\/ff91d4442be435d0b19916fd4abca7ee.jpg","keywords":["Ligue 1","play-off"],"articleSection":["Sport"],"inLanguage":"fr-FR"},{"@type":"WebPage","@id":"https:\/\/www.webdo.tn\/fr\/actualite\/sport\/ligue-1-3eme-j-play-off-le-derby-du-sahel-a-l-affiche\/204876\/","url":"https:\/\/www.webdo.tn\/fr\/actualite\/sport\/ligue-1-3eme-j-play-off-le-derby-du-sahel-a-l-affiche\/204876\/","name":"Ligue 1 - 3\u00e8me J. Play-off : Le derby du Sahel \u00e0 l\u2019affiche","isPartOf":{"@id":"https:\/\/www.webdo.tn\/fr\/#website"},"primaryImageOfPage":{"@id":"https:\/\/www.webdo.tn\/fr\/actualite\/sport\/ligue-1-3eme-j-play-off-le-derby-du-sahel-a-l-affiche\/204876\/#primaryimage"},"image":{"@id":"https:\/\/www.webdo.tn\/fr\/actualite\/sport\/ligue-1-3eme-j-play-off-le-derby-du-sahel-a-l-affiche\/204876\/#primaryimage"},"thumbnailUrl":"https:\/\/www.webdo.tn\/fr\/wp-content\/uploads\/2023\/04\/ff91d4442be435d0b19916fd4abca7ee.jpg","datePublished":"2023-04-15T09:55:00+00:00","dateModified":"2025-05-20T22:08:32+00:00","description":"La comp\u00e9tition, \u00e0 l\u2019arr\u00eat depuis le 18 mars dernier, reprend ses droits ce week-end avec la 3\u00e8me journ\u00e9e du play-off. Une journ\u00e9e plac\u00e9e sous le signe du derby...","breadcrumb":{"@id":"https:\/\/www.webdo.tn\/fr\/actualite\/sport\/ligue-1-3eme-j-play-off-le-derby-du-sahel-a-l-affiche\/204876\/#breadcrumb"},"inLanguage":"fr-FR","potentialAction":[{"@type":"ReadAction","target":["https:\/\/www.webdo.tn\/fr\/actualite\/sport\/ligue-1-3eme-j-play-off-le-derby-du-sahel-a-l-affiche\/204876\/"]}]},{"@type":"ImageObject","inLanguage":"fr-FR","@id":"https:\/\/www.webdo.tn\/fr\/actualite\/sport\/ligue-1-3eme-j-play-off-le-derby-du-sahel-a-l-affiche\/204876\/#primaryimage","url":"https:\/\/www.webdo.tn\/fr\/wp-content\/uploads\/2023\/04\/ff91d4442be435d0b19916fd4abca7ee.jpg","contentUrl":"https:\/\/www.webdo.tn\/fr\/wp-content\/uploads\/2023\/04\/ff91d4442be435d0b19916fd4abca7ee.jpg","width":750,"height":400,"caption":"Ligue 1 - 3\u00e8me J. Play-off : Le derby du Sahel \u00e0 l\u2019affiche"},{"@type":"BreadcrumbList","@id":"https:\/\/www.webdo.tn\/fr\/actualite\/sport\/ligue-1-3eme-j-play-off-le-derby-du-sahel-a-l-affiche\/204876\/#breadcrumb","itemListElement":[{"@type":"ListItem","position":1,"name":"Accueil","item":"https:\/\/www.webdo.tn\/fr\/"},{"@type":"ListItem","position":2,"name":"Ligue 1 &#8211; 3\u00e8me J. Play-off : Le derby du Sahel \u00e0 l\u2019affiche"}]},{"@type":"WebSite","@id":"https:\/\/www.webdo.tn\/fr\/#website","url":"https:\/\/www.webdo.tn\/fr\/","name":"webdo","description":"Tunisie - News en Tunisie et \u00e0 l&#039;international sur Webdo.tn","publisher":{"@id":"https:\/\/www.webdo.tn\/fr\/#organization"},"potentialAction":[{"@type":"SearchAction","target":{"@type":"EntryPoint","urlTemplate":"https:\/\/www.webdo.tn\/fr\/?s={search_term_string}"},"query-input":{"@type":"PropertyValueSpecification","valueRequired":true,"valueName":"search_term_string"}}],"inLanguage":"fr-FR"},{"@type":"Organization","@id":"https:\/\/www.webdo.tn\/fr\/#organization","name":"Webdo","alternateName":"Webdo.tn","url":"https:\/\/www.webdo.tn\/fr\/","logo":{"@type":"ImageObject","inLanguage":"fr-FR","@id":"https:\/\/www.webdo.tn\/fr\/#\/schema\/logo\/image\/","url":"https:\/\/www.webdo.tn\/fr\/wp-content\/uploads\/2025\/06\/Webdo-Tunisie_168377.jpg","contentUrl":"https:\/\/www.webdo.tn\/fr\/wp-content\/uploads\/2025\/06\/Webdo-Tunisie_168377.jpg","width":301,"height":301,"caption":"Webdo"},"image":{"@id":"https:\/\/www.webdo.tn\/fr\/#\/schema\/logo\/image\/"},"sameAs":["https:\/\/www.facebook.com\/webdotn","https:\/\/x.com\/webdo_tn"],"description":"Webdo est un m\u00e9dia num\u00e9rique tunisien fond\u00e9 en 2010, sp\u00e9cialis\u00e9 dans l\u2019actualit\u00e9 nationale et internationale, l\u2019\u00e9conomie, la soci\u00e9t\u00e9 et les analyses politiques. Le site s\u2019adresse \u00e0 un large public francophone et couvre l\u2019information tunisienne en temps r\u00e9el.","email":"redac@webdo.tn","legalName":"YNJ SARL","foundingDate":"2010-09-06","numberOfEmployees":{"@type":"QuantitativeValue","minValue":"11","maxValue":"50"}},{"@type":"Person","@id":"https:\/\/www.webdo.tn\/fr\/#\/schema\/person\/2c4929cbf5a809e3bd38617c6ce150f6","name":"MC","image":{"@type":"ImageObject","inLanguage":"fr-FR","@id":"https:\/\/secure.gravatar.com\/avatar\/a545bbb6f84efdd5553dbbc2895e3ca8f1d12c5215e00a041c9670b54aa9b18a?s=96&d=mm&r=g","url":"https:\/\/secure.gravatar.com\/avatar\/a545bbb6f84efdd5553dbbc2895e3ca8f1d12c5215e00a041c9670b54aa9b18a?s=96&d=mm&r=g","contentUrl":"https:\/\/secure.gravatar.com\/avatar\/a545bbb6f84efdd5553dbbc2895e3ca8f1d12c5215e00a041c9670b54aa9b18a?s=96&d=mm&r=g","caption":"MC"},"url":"https:\/\/www.webdo.tn\/fr\/actualite\/author\/mc\/"}]}},"_links":{"self":[{"href":"https:\/\/www.webdo.tn\/fr\/wp-json\/wp\/v2\/posts\/204876","targetHints":{"allow":["GET"]}}],"collection":[{"href":"https:\/\/www.webdo.tn\/fr\/wp-json\/wp\/v2\/posts"}],"about":[{"href":"https:\/\/www.webdo.tn\/fr\/wp-json\/wp\/v2\/types\/post"}],"author":[{"embeddable":true,"href":"https:\/\/www.webdo.tn\/fr\/wp-json\/wp\/v2\/users\/3162"}],"replies":[{"embeddable":true,"href":"https:\/\/www.webdo.tn\/fr\/wp-json\/wp\/v2\/comments?post=204876"}],"version-history":[{"count":0,"href":"https:\/\/www.webdo.tn\/fr\/wp-json\/wp\/v2\/posts\/204876\/revisions"}],"wp:featuredmedia":[{"embeddable":true,"href":"https:\/\/www.webdo.tn\/fr\/wp-json\/wp\/v2\/media\/278080"}],"wp:attachment":[{"href":"https:\/\/www.webdo.tn\/fr\/wp-json\/wp\/v2\/media?parent=204876"}],"wp:term":[{"taxonomy":"category","embeddable":true,"href":"https:\/\/www.webdo.tn\/fr\/wp-json\/wp\/v2\/categories?post=204876"},{"taxonomy":"post_tag","embeddable":true,"href":"https:\/\/www.webdo.tn\/fr\/wp-json\/wp\/v2\/tags?post=204876"}],"curies":[{"name":"wp","href":"https:\/\/api.w.org\/{rel}","templated":true}]}}