{"id":204867,"date":"2023-04-14T21:20:00","date_gmt":"2023-04-14T21:20:00","guid":{"rendered":"https:\/\/www.webdo.tn\/fr\/blog\/naufrage-au-large-des-cotes-sfaxiennes-le-bilan-s-alourdit-a-33-corps-repeches\/204867\/"},"modified":"2025-05-20T22:08:31","modified_gmt":"2025-05-20T22:08:31","slug":"naufrage-au-large-des-cotes-sfaxiennes-le-bilan-s-alourdit-a-33-corps-repeches","status":"publish","type":"post","link":"https:\/\/www.webdo.tn\/fr\/actualite\/national\/naufrage-au-large-des-cotes-sfaxiennes-le-bilan-s-alourdit-a-33-corps-repeches\/204867\/","title":{"rendered":"Naufrage au large des c\u00f4tes sfaxiennes : Le bilan s\u2019alourdit \u00e0 33 corps rep\u00each\u00e9s"},"content":{"rendered":"<p>Le bilan des victimes du naufrage d\u2019une embarcation au large des c\u00f4tes sfaxiennes, mardi dernier, s\u2019est alourdi. On d\u00e9compte d\u00e9sormais 33 corps rep\u00each\u00e9s.<\/p>\n<p>\t\t\t\t\t\t\t\t\tHuit nouveaux corps ont \u00e9t\u00e9 rep\u00each\u00e9s hier, jeudi 13 avril, sur les c\u00f4tes de Louata (Sfax), selon un bilan actualis\u00e9 de la garde maritime de Sfax. Cela porte \u00e0 33 le nombre de d\u00e9pouilles rep\u00each\u00e9es, dont l&#8217;embarcation a fait naufrage mardi 11 avril.<\/p>\n<p>Les unit\u00e9s de la garde maritime de Sfax ont secourus, mardi 72 migrants subsahariens et rep\u00each\u00e9 25 corps auxquels il faut ajouter les 8 corps retrouv\u00e9s hier pr\u00e8s de la plage de Louata.<\/p>\n<p>Parmi les corps rep\u00each\u00e9s, la garde maritime a identifi\u00e9 celui d\u2019un Tunisien, \u00e2g\u00e9 de 20 ans, originaire d\u2019El Amra \u00e0 Sfax et qui serait le passeur, selon les premiers \u00e9l\u00e9ments de l\u2019enqu\u00eate.<\/p>\n<p>L\u2019embarcation, avec \u00e0 son bord plus d\u2019une centaine de migrants irr\u00e9guliers subsahariens a fait naufrage au large de la Tunisie alors qu\u2019elle se dirigeait vers les c\u00f4tes europ\u00e9ennes.<\/p>\n","protected":false},"excerpt":{"rendered":"<p>Le bilan des victimes du naufrage d\u2019une embarcation au large des c\u00f4tes sfaxiennes, mardi dernier, s\u2019est alourdi. On d\u00e9compte d\u00e9sormais 33 corps rep\u00each\u00e9s.<\/p>\n","protected":false},"author":3162,"featured_media":278076,"comment_status":"open","ping_status":"closed","sticky":false,"template":"","format":"standard","meta":{"footnotes":""},"categories":[44],"tags":[9451,2894,3208,3594,2675],"class_list":["post-204867","post","type-post","status-publish","format-standard","has-post-thumbnail","hentry","category-national","tag-louata","tag-migrants","tag-morts","tag-naufrage","tag-sfax"],"yoast_head":"<!-- This site is optimized with the Yoast SEO Premium plugin v27.5 (Yoast SEO v27.5) - https:\/\/yoast.com\/product\/yoast-seo-premium-wordpress\/ -->\n<title>Naufrage au large des c\u00f4tes sfaxiennes : Le bilan s\u2019alourdit \u00e0 33 corps rep\u00each\u00e9s<\/title>\n<meta name=\"description\" content=\"Le bilan des victimes du naufrage d\u2019une embarcation au large des c\u00f4tes sfaxiennes, mardi dernier, s\u2019est alourdi. On d\u00e9compte d\u00e9sormais 33 corps rep\u00each\u00e9s.\" \/>\n<link rel=\"canonical\" href=\"https:\/\/www.webdo.tn\/fr\/actualite\/national\/naufrage-au-large-des-cotes-sfaxiennes-le-bilan-s-alourdit-a-33-corps-repeches\/204867\/\" \/>\n<meta property=\"og:locale\" content=\"fr_FR\" \/>\n<meta property=\"og:type\" content=\"article\" \/>\n<meta property=\"og:title\" content=\"Naufrage au large des c\u00f4tes sfaxiennes : Le bilan s\u2019alourdit \u00e0 33 corps rep\u00each\u00e9s\" \/>\n<meta property=\"og:description\" content=\"Le bilan des victimes du naufrage d\u2019une embarcation au large des c\u00f4tes sfaxiennes, mardi dernier, s\u2019est alourdi. On d\u00e9compte d\u00e9sormais 33 corps rep\u00each\u00e9s.\" \/>\n<meta property=\"og:url\" content=\"https:\/\/www.webdo.tn\/fr\/actualite\/national\/naufrage-au-large-des-cotes-sfaxiennes-le-bilan-s-alourdit-a-33-corps-repeches\/204867\/\" \/>\n<meta property=\"og:site_name\" content=\"webdo\" \/>\n<meta property=\"article:publisher\" content=\"https:\/\/www.facebook.com\/webdotn\" \/>\n<meta property=\"article:published_time\" content=\"2023-04-14T21:20:00+00:00\" \/>\n<meta property=\"article:modified_time\" content=\"2025-05-20T22:08:31+00:00\" \/>\n<meta property=\"og:image\" content=\"https:\/\/www.webdo.tn\/fr\/wp-content\/uploads\/2023\/04\/185b688580018ce72b95afbc20c8b5b3.jpg\" \/>\n\t<meta property=\"og:image:width\" content=\"575\" \/>\n\t<meta property=\"og:image:height\" content=\"307\" \/>\n\t<meta property=\"og:image:type\" content=\"image\/jpeg\" \/>\n<meta name=\"author\" content=\"MC\" \/>\n<meta name=\"twitter:card\" content=\"summary_large_image\" \/>\n<meta name=\"twitter:creator\" content=\"@webdo_tn\" \/>\n<meta name=\"twitter:site\" content=\"@webdo_tn\" \/>\n<meta name=\"twitter:label1\" content=\"\u00c9crit par\" \/>\n\t<meta name=\"twitter:data1\" content=\"MC\" \/>\n\t<meta name=\"twitter:label2\" content=\"Dur\u00e9e de lecture estim\u00e9e\" \/>\n\t<meta name=\"twitter:data2\" content=\"1 minute\" \/>\n<script type=\"application\/ld+json\" class=\"yoast-schema-graph\">{\"@context\":\"https:\\\/\\\/schema.org\",\"@graph\":[{\"@type\":\"NewsArticle\",\"@id\":\"https:\\\/\\\/www.webdo.tn\\\/fr\\\/actualite\\\/national\\\/naufrage-au-large-des-cotes-sfaxiennes-le-bilan-s-alourdit-a-33-corps-repeches\\\/204867\\\/#article\",\"isPartOf\":{\"@id\":\"https:\\\/\\\/www.webdo.tn\\\/fr\\\/actualite\\\/national\\\/naufrage-au-large-des-cotes-sfaxiennes-le-bilan-s-alourdit-a-33-corps-repeches\\\/204867\\\/\"},\"author\":{\"name\":\"MC\",\"@id\":\"https:\\\/\\\/www.webdo.tn\\\/fr\\\/#\\\/schema\\\/person\\\/2c4929cbf5a809e3bd38617c6ce150f6\"},\"headline\":\"Naufrage au large des c\u00f4tes sfaxiennes : Le bilan s\u2019alourdit \u00e0 33 corps rep\u00each\u00e9s\",\"datePublished\":\"2023-04-14T21:20:00+00:00\",\"dateModified\":\"2025-05-20T22:08:31+00:00\",\"mainEntityOfPage\":{\"@id\":\"https:\\\/\\\/www.webdo.tn\\\/fr\\\/actualite\\\/national\\\/naufrage-au-large-des-cotes-sfaxiennes-le-bilan-s-alourdit-a-33-corps-repeches\\\/204867\\\/\"},\"wordCount\":194,\"commentCount\":0,\"publisher\":{\"@id\":\"https:\\\/\\\/www.webdo.tn\\\/fr\\\/#organization\"},\"image\":{\"@id\":\"https:\\\/\\\/www.webdo.tn\\\/fr\\\/actualite\\\/national\\\/naufrage-au-large-des-cotes-sfaxiennes-le-bilan-s-alourdit-a-33-corps-repeches\\\/204867\\\/#primaryimage\"},\"thumbnailUrl\":\"https:\\\/\\\/www.webdo.tn\\\/fr\\\/wp-content\\\/uploads\\\/2023\\\/04\\\/185b688580018ce72b95afbc20c8b5b3.jpg\",\"keywords\":[\"louata\",\"migrants\",\"morts\",\"naufrage\",\"Sfax\"],\"articleSection\":[\"National\"],\"inLanguage\":\"fr-FR\"},{\"@type\":\"WebPage\",\"@id\":\"https:\\\/\\\/www.webdo.tn\\\/fr\\\/actualite\\\/national\\\/naufrage-au-large-des-cotes-sfaxiennes-le-bilan-s-alourdit-a-33-corps-repeches\\\/204867\\\/\",\"url\":\"https:\\\/\\\/www.webdo.tn\\\/fr\\\/actualite\\\/national\\\/naufrage-au-large-des-cotes-sfaxiennes-le-bilan-s-alourdit-a-33-corps-repeches\\\/204867\\\/\",\"name\":\"Naufrage au large des c\u00f4tes sfaxiennes : Le bilan s\u2019alourdit \u00e0 33 corps rep\u00each\u00e9s\",\"isPartOf\":{\"@id\":\"https:\\\/\\\/www.webdo.tn\\\/fr\\\/#website\"},\"primaryImageOfPage\":{\"@id\":\"https:\\\/\\\/www.webdo.tn\\\/fr\\\/actualite\\\/national\\\/naufrage-au-large-des-cotes-sfaxiennes-le-bilan-s-alourdit-a-33-corps-repeches\\\/204867\\\/#primaryimage\"},\"image\":{\"@id\":\"https:\\\/\\\/www.webdo.tn\\\/fr\\\/actualite\\\/national\\\/naufrage-au-large-des-cotes-sfaxiennes-le-bilan-s-alourdit-a-33-corps-repeches\\\/204867\\\/#primaryimage\"},\"thumbnailUrl\":\"https:\\\/\\\/www.webdo.tn\\\/fr\\\/wp-content\\\/uploads\\\/2023\\\/04\\\/185b688580018ce72b95afbc20c8b5b3.jpg\",\"datePublished\":\"2023-04-14T21:20:00+00:00\",\"dateModified\":\"2025-05-20T22:08:31+00:00\",\"description\":\"Le bilan des victimes du naufrage d\u2019une embarcation au large des c\u00f4tes sfaxiennes, mardi dernier, s\u2019est alourdi. On d\u00e9compte d\u00e9sormais 33 corps rep\u00each\u00e9s.\",\"breadcrumb\":{\"@id\":\"https:\\\/\\\/www.webdo.tn\\\/fr\\\/actualite\\\/national\\\/naufrage-au-large-des-cotes-sfaxiennes-le-bilan-s-alourdit-a-33-corps-repeches\\\/204867\\\/#breadcrumb\"},\"inLanguage\":\"fr-FR\",\"potentialAction\":[{\"@type\":\"ReadAction\",\"target\":[\"https:\\\/\\\/www.webdo.tn\\\/fr\\\/actualite\\\/national\\\/naufrage-au-large-des-cotes-sfaxiennes-le-bilan-s-alourdit-a-33-corps-repeches\\\/204867\\\/\"]}]},{\"@type\":\"ImageObject\",\"inLanguage\":\"fr-FR\",\"@id\":\"https:\\\/\\\/www.webdo.tn\\\/fr\\\/actualite\\\/national\\\/naufrage-au-large-des-cotes-sfaxiennes-le-bilan-s-alourdit-a-33-corps-repeches\\\/204867\\\/#primaryimage\",\"url\":\"https:\\\/\\\/www.webdo.tn\\\/fr\\\/wp-content\\\/uploads\\\/2023\\\/04\\\/185b688580018ce72b95afbc20c8b5b3.jpg\",\"contentUrl\":\"https:\\\/\\\/www.webdo.tn\\\/fr\\\/wp-content\\\/uploads\\\/2023\\\/04\\\/185b688580018ce72b95afbc20c8b5b3.jpg\",\"width\":575,\"height\":307,\"caption\":\"Naufrage au large des c\u00f4tes sfaxiennes : Le bilan s\u2019alourdit \u00e0 33 corps rep\u00each\u00e9s\"},{\"@type\":\"BreadcrumbList\",\"@id\":\"https:\\\/\\\/www.webdo.tn\\\/fr\\\/actualite\\\/national\\\/naufrage-au-large-des-cotes-sfaxiennes-le-bilan-s-alourdit-a-33-corps-repeches\\\/204867\\\/#breadcrumb\",\"itemListElement\":[{\"@type\":\"ListItem\",\"position\":1,\"name\":\"Accueil\",\"item\":\"https:\\\/\\\/www.webdo.tn\\\/fr\\\/\"},{\"@type\":\"ListItem\",\"position\":2,\"name\":\"Naufrage au large des c\u00f4tes sfaxiennes : Le bilan s\u2019alourdit \u00e0 33 corps rep\u00each\u00e9s\"}]},{\"@type\":\"WebSite\",\"@id\":\"https:\\\/\\\/www.webdo.tn\\\/fr\\\/#website\",\"url\":\"https:\\\/\\\/www.webdo.tn\\\/fr\\\/\",\"name\":\"webdo\",\"description\":\"Tunisie - News en Tunisie et \u00e0 l&#039;international sur Webdo.tn\",\"publisher\":{\"@id\":\"https:\\\/\\\/www.webdo.tn\\\/fr\\\/#organization\"},\"potentialAction\":[{\"@type\":\"SearchAction\",\"target\":{\"@type\":\"EntryPoint\",\"urlTemplate\":\"https:\\\/\\\/www.webdo.tn\\\/fr\\\/?s={search_term_string}\"},\"query-input\":{\"@type\":\"PropertyValueSpecification\",\"valueRequired\":true,\"valueName\":\"search_term_string\"}}],\"inLanguage\":\"fr-FR\"},{\"@type\":\"Organization\",\"@id\":\"https:\\\/\\\/www.webdo.tn\\\/fr\\\/#organization\",\"name\":\"Webdo\",\"alternateName\":\"Webdo.tn\",\"url\":\"https:\\\/\\\/www.webdo.tn\\\/fr\\\/\",\"logo\":{\"@type\":\"ImageObject\",\"inLanguage\":\"fr-FR\",\"@id\":\"https:\\\/\\\/www.webdo.tn\\\/fr\\\/#\\\/schema\\\/logo\\\/image\\\/\",\"url\":\"https:\\\/\\\/www.webdo.tn\\\/fr\\\/wp-content\\\/uploads\\\/2025\\\/06\\\/Webdo-Tunisie_168377.jpg\",\"contentUrl\":\"https:\\\/\\\/www.webdo.tn\\\/fr\\\/wp-content\\\/uploads\\\/2025\\\/06\\\/Webdo-Tunisie_168377.jpg\",\"width\":301,\"height\":301,\"caption\":\"Webdo\"},\"image\":{\"@id\":\"https:\\\/\\\/www.webdo.tn\\\/fr\\\/#\\\/schema\\\/logo\\\/image\\\/\"},\"sameAs\":[\"https:\\\/\\\/www.facebook.com\\\/webdotn\",\"https:\\\/\\\/x.com\\\/webdo_tn\"],\"description\":\"Webdo est un m\u00e9dia num\u00e9rique tunisien fond\u00e9 en 2010, sp\u00e9cialis\u00e9 dans l\u2019actualit\u00e9 nationale et internationale, l\u2019\u00e9conomie, la soci\u00e9t\u00e9 et les analyses politiques. Le site s\u2019adresse \u00e0 un large public francophone et couvre l\u2019information tunisienne en temps r\u00e9el.\",\"email\":\"redac@webdo.tn\",\"legalName\":\"YNJ SARL\",\"foundingDate\":\"2010-09-06\",\"numberOfEmployees\":{\"@type\":\"QuantitativeValue\",\"minValue\":\"11\",\"maxValue\":\"50\"}},{\"@type\":\"Person\",\"@id\":\"https:\\\/\\\/www.webdo.tn\\\/fr\\\/#\\\/schema\\\/person\\\/2c4929cbf5a809e3bd38617c6ce150f6\",\"name\":\"MC\",\"image\":{\"@type\":\"ImageObject\",\"inLanguage\":\"fr-FR\",\"@id\":\"https:\\\/\\\/secure.gravatar.com\\\/avatar\\\/a545bbb6f84efdd5553dbbc2895e3ca8f1d12c5215e00a041c9670b54aa9b18a?s=96&d=mm&r=g\",\"url\":\"https:\\\/\\\/secure.gravatar.com\\\/avatar\\\/a545bbb6f84efdd5553dbbc2895e3ca8f1d12c5215e00a041c9670b54aa9b18a?s=96&d=mm&r=g\",\"contentUrl\":\"https:\\\/\\\/secure.gravatar.com\\\/avatar\\\/a545bbb6f84efdd5553dbbc2895e3ca8f1d12c5215e00a041c9670b54aa9b18a?s=96&d=mm&r=g\",\"caption\":\"MC\"},\"url\":\"https:\\\/\\\/www.webdo.tn\\\/fr\\\/actualite\\\/author\\\/mc\\\/\"}]}<\/script>\n<!-- \/ Yoast SEO Premium plugin. -->","yoast_head_json":{"title":"Naufrage au large des c\u00f4tes sfaxiennes : Le bilan s\u2019alourdit \u00e0 33 corps rep\u00each\u00e9s","description":"Le bilan des victimes du naufrage d\u2019une embarcation au large des c\u00f4tes sfaxiennes, mardi dernier, s\u2019est alourdi. On d\u00e9compte d\u00e9sormais 33 corps rep\u00each\u00e9s.","canonical":"https:\/\/www.webdo.tn\/fr\/actualite\/national\/naufrage-au-large-des-cotes-sfaxiennes-le-bilan-s-alourdit-a-33-corps-repeches\/204867\/","og_locale":"fr_FR","og_type":"article","og_title":"Naufrage au large des c\u00f4tes sfaxiennes : Le bilan s\u2019alourdit \u00e0 33 corps rep\u00each\u00e9s","og_description":"Le bilan des victimes du naufrage d\u2019une embarcation au large des c\u00f4tes sfaxiennes, mardi dernier, s\u2019est alourdi. On d\u00e9compte d\u00e9sormais 33 corps rep\u00each\u00e9s.","og_url":"https:\/\/www.webdo.tn\/fr\/actualite\/national\/naufrage-au-large-des-cotes-sfaxiennes-le-bilan-s-alourdit-a-33-corps-repeches\/204867\/","og_site_name":"webdo","article_publisher":"https:\/\/www.facebook.com\/webdotn","article_published_time":"2023-04-14T21:20:00+00:00","article_modified_time":"2025-05-20T22:08:31+00:00","og_image":[{"width":575,"height":307,"url":"https:\/\/www.webdo.tn\/fr\/wp-content\/uploads\/2023\/04\/185b688580018ce72b95afbc20c8b5b3.jpg","type":"image\/jpeg"}],"author":"MC","twitter_card":"summary_large_image","twitter_creator":"@webdo_tn","twitter_site":"@webdo_tn","twitter_misc":{"\u00c9crit par":"MC","Dur\u00e9e de lecture estim\u00e9e":"1 minute"},"schema":{"@context":"https:\/\/schema.org","@graph":[{"@type":"NewsArticle","@id":"https:\/\/www.webdo.tn\/fr\/actualite\/national\/naufrage-au-large-des-cotes-sfaxiennes-le-bilan-s-alourdit-a-33-corps-repeches\/204867\/#article","isPartOf":{"@id":"https:\/\/www.webdo.tn\/fr\/actualite\/national\/naufrage-au-large-des-cotes-sfaxiennes-le-bilan-s-alourdit-a-33-corps-repeches\/204867\/"},"author":{"name":"MC","@id":"https:\/\/www.webdo.tn\/fr\/#\/schema\/person\/2c4929cbf5a809e3bd38617c6ce150f6"},"headline":"Naufrage au large des c\u00f4tes sfaxiennes : Le bilan s\u2019alourdit \u00e0 33 corps rep\u00each\u00e9s","datePublished":"2023-04-14T21:20:00+00:00","dateModified":"2025-05-20T22:08:31+00:00","mainEntityOfPage":{"@id":"https:\/\/www.webdo.tn\/fr\/actualite\/national\/naufrage-au-large-des-cotes-sfaxiennes-le-bilan-s-alourdit-a-33-corps-repeches\/204867\/"},"wordCount":194,"commentCount":0,"publisher":{"@id":"https:\/\/www.webdo.tn\/fr\/#organization"},"image":{"@id":"https:\/\/www.webdo.tn\/fr\/actualite\/national\/naufrage-au-large-des-cotes-sfaxiennes-le-bilan-s-alourdit-a-33-corps-repeches\/204867\/#primaryimage"},"thumbnailUrl":"https:\/\/www.webdo.tn\/fr\/wp-content\/uploads\/2023\/04\/185b688580018ce72b95afbc20c8b5b3.jpg","keywords":["louata","migrants","morts","naufrage","Sfax"],"articleSection":["National"],"inLanguage":"fr-FR"},{"@type":"WebPage","@id":"https:\/\/www.webdo.tn\/fr\/actualite\/national\/naufrage-au-large-des-cotes-sfaxiennes-le-bilan-s-alourdit-a-33-corps-repeches\/204867\/","url":"https:\/\/www.webdo.tn\/fr\/actualite\/national\/naufrage-au-large-des-cotes-sfaxiennes-le-bilan-s-alourdit-a-33-corps-repeches\/204867\/","name":"Naufrage au large des c\u00f4tes sfaxiennes : Le bilan s\u2019alourdit \u00e0 33 corps rep\u00each\u00e9s","isPartOf":{"@id":"https:\/\/www.webdo.tn\/fr\/#website"},"primaryImageOfPage":{"@id":"https:\/\/www.webdo.tn\/fr\/actualite\/national\/naufrage-au-large-des-cotes-sfaxiennes-le-bilan-s-alourdit-a-33-corps-repeches\/204867\/#primaryimage"},"image":{"@id":"https:\/\/www.webdo.tn\/fr\/actualite\/national\/naufrage-au-large-des-cotes-sfaxiennes-le-bilan-s-alourdit-a-33-corps-repeches\/204867\/#primaryimage"},"thumbnailUrl":"https:\/\/www.webdo.tn\/fr\/wp-content\/uploads\/2023\/04\/185b688580018ce72b95afbc20c8b5b3.jpg","datePublished":"2023-04-14T21:20:00+00:00","dateModified":"2025-05-20T22:08:31+00:00","description":"Le bilan des victimes du naufrage d\u2019une embarcation au large des c\u00f4tes sfaxiennes, mardi dernier, s\u2019est alourdi. On d\u00e9compte d\u00e9sormais 33 corps rep\u00each\u00e9s.","breadcrumb":{"@id":"https:\/\/www.webdo.tn\/fr\/actualite\/national\/naufrage-au-large-des-cotes-sfaxiennes-le-bilan-s-alourdit-a-33-corps-repeches\/204867\/#breadcrumb"},"inLanguage":"fr-FR","potentialAction":[{"@type":"ReadAction","target":["https:\/\/www.webdo.tn\/fr\/actualite\/national\/naufrage-au-large-des-cotes-sfaxiennes-le-bilan-s-alourdit-a-33-corps-repeches\/204867\/"]}]},{"@type":"ImageObject","inLanguage":"fr-FR","@id":"https:\/\/www.webdo.tn\/fr\/actualite\/national\/naufrage-au-large-des-cotes-sfaxiennes-le-bilan-s-alourdit-a-33-corps-repeches\/204867\/#primaryimage","url":"https:\/\/www.webdo.tn\/fr\/wp-content\/uploads\/2023\/04\/185b688580018ce72b95afbc20c8b5b3.jpg","contentUrl":"https:\/\/www.webdo.tn\/fr\/wp-content\/uploads\/2023\/04\/185b688580018ce72b95afbc20c8b5b3.jpg","width":575,"height":307,"caption":"Naufrage au large des c\u00f4tes sfaxiennes : Le bilan s\u2019alourdit \u00e0 33 corps rep\u00each\u00e9s"},{"@type":"BreadcrumbList","@id":"https:\/\/www.webdo.tn\/fr\/actualite\/national\/naufrage-au-large-des-cotes-sfaxiennes-le-bilan-s-alourdit-a-33-corps-repeches\/204867\/#breadcrumb","itemListElement":[{"@type":"ListItem","position":1,"name":"Accueil","item":"https:\/\/www.webdo.tn\/fr\/"},{"@type":"ListItem","position":2,"name":"Naufrage au large des c\u00f4tes sfaxiennes : Le bilan s\u2019alourdit \u00e0 33 corps rep\u00each\u00e9s"}]},{"@type":"WebSite","@id":"https:\/\/www.webdo.tn\/fr\/#website","url":"https:\/\/www.webdo.tn\/fr\/","name":"webdo","description":"Tunisie - News en Tunisie et \u00e0 l&#039;international sur Webdo.tn","publisher":{"@id":"https:\/\/www.webdo.tn\/fr\/#organization"},"potentialAction":[{"@type":"SearchAction","target":{"@type":"EntryPoint","urlTemplate":"https:\/\/www.webdo.tn\/fr\/?s={search_term_string}"},"query-input":{"@type":"PropertyValueSpecification","valueRequired":true,"valueName":"search_term_string"}}],"inLanguage":"fr-FR"},{"@type":"Organization","@id":"https:\/\/www.webdo.tn\/fr\/#organization","name":"Webdo","alternateName":"Webdo.tn","url":"https:\/\/www.webdo.tn\/fr\/","logo":{"@type":"ImageObject","inLanguage":"fr-FR","@id":"https:\/\/www.webdo.tn\/fr\/#\/schema\/logo\/image\/","url":"https:\/\/www.webdo.tn\/fr\/wp-content\/uploads\/2025\/06\/Webdo-Tunisie_168377.jpg","contentUrl":"https:\/\/www.webdo.tn\/fr\/wp-content\/uploads\/2025\/06\/Webdo-Tunisie_168377.jpg","width":301,"height":301,"caption":"Webdo"},"image":{"@id":"https:\/\/www.webdo.tn\/fr\/#\/schema\/logo\/image\/"},"sameAs":["https:\/\/www.facebook.com\/webdotn","https:\/\/x.com\/webdo_tn"],"description":"Webdo est un m\u00e9dia num\u00e9rique tunisien fond\u00e9 en 2010, sp\u00e9cialis\u00e9 dans l\u2019actualit\u00e9 nationale et internationale, l\u2019\u00e9conomie, la soci\u00e9t\u00e9 et les analyses politiques. Le site s\u2019adresse \u00e0 un large public francophone et couvre l\u2019information tunisienne en temps r\u00e9el.","email":"redac@webdo.tn","legalName":"YNJ SARL","foundingDate":"2010-09-06","numberOfEmployees":{"@type":"QuantitativeValue","minValue":"11","maxValue":"50"}},{"@type":"Person","@id":"https:\/\/www.webdo.tn\/fr\/#\/schema\/person\/2c4929cbf5a809e3bd38617c6ce150f6","name":"MC","image":{"@type":"ImageObject","inLanguage":"fr-FR","@id":"https:\/\/secure.gravatar.com\/avatar\/a545bbb6f84efdd5553dbbc2895e3ca8f1d12c5215e00a041c9670b54aa9b18a?s=96&d=mm&r=g","url":"https:\/\/secure.gravatar.com\/avatar\/a545bbb6f84efdd5553dbbc2895e3ca8f1d12c5215e00a041c9670b54aa9b18a?s=96&d=mm&r=g","contentUrl":"https:\/\/secure.gravatar.com\/avatar\/a545bbb6f84efdd5553dbbc2895e3ca8f1d12c5215e00a041c9670b54aa9b18a?s=96&d=mm&r=g","caption":"MC"},"url":"https:\/\/www.webdo.tn\/fr\/actualite\/author\/mc\/"}]}},"_links":{"self":[{"href":"https:\/\/www.webdo.tn\/fr\/wp-json\/wp\/v2\/posts\/204867","targetHints":{"allow":["GET"]}}],"collection":[{"href":"https:\/\/www.webdo.tn\/fr\/wp-json\/wp\/v2\/posts"}],"about":[{"href":"https:\/\/www.webdo.tn\/fr\/wp-json\/wp\/v2\/types\/post"}],"author":[{"embeddable":true,"href":"https:\/\/www.webdo.tn\/fr\/wp-json\/wp\/v2\/users\/3162"}],"replies":[{"embeddable":true,"href":"https:\/\/www.webdo.tn\/fr\/wp-json\/wp\/v2\/comments?post=204867"}],"version-history":[{"count":0,"href":"https:\/\/www.webdo.tn\/fr\/wp-json\/wp\/v2\/posts\/204867\/revisions"}],"wp:featuredmedia":[{"embeddable":true,"href":"https:\/\/www.webdo.tn\/fr\/wp-json\/wp\/v2\/media\/278076"}],"wp:attachment":[{"href":"https:\/\/www.webdo.tn\/fr\/wp-json\/wp\/v2\/media?parent=204867"}],"wp:term":[{"taxonomy":"category","embeddable":true,"href":"https:\/\/www.webdo.tn\/fr\/wp-json\/wp\/v2\/categories?post=204867"},{"taxonomy":"post_tag","embeddable":true,"href":"https:\/\/www.webdo.tn\/fr\/wp-json\/wp\/v2\/tags?post=204867"}],"curies":[{"name":"wp","href":"https:\/\/api.w.org\/{rel}","templated":true}]}}