{"id":204865,"date":"2023-04-14T20:54:00","date_gmt":"2023-04-14T20:54:00","guid":{"rendered":"https:\/\/www.webdo.tn\/fr\/blog\/negociations-avec-le-fmi-najla-bouden-recoit-les-ambassadeurs-francais-et-japonais\/204865\/"},"modified":"2025-05-20T22:08:31","modified_gmt":"2025-05-20T22:08:31","slug":"negociations-avec-le-fmi-najla-bouden-recoit-les-ambassadeurs-francais-et-japonais","status":"publish","type":"post","link":"https:\/\/www.webdo.tn\/fr\/actualite\/national\/negociations-avec-le-fmi-najla-bouden-recoit-les-ambassadeurs-francais-et-japonais\/204865\/","title":{"rendered":"N\u00e9gociations avec le FMI : Najla Bouden re\u00e7oit les ambassadeurs fran\u00e7ais et japonais"},"content":{"rendered":"<p>La question du soutien apport\u00e9 \u00e0 la Tunisie dans ses n\u00e9gociations avec le FMI a \u00e9t\u00e9 au centre de deux r\u00e9unions importantes entre la Cheffe du gouvernement Najla Bouden et l\u2019ambassadeur de France en Tunisie d\u2019une part, et celui du Japon d\u2019autre part.<\/p>\n<p>\t\t\t\t\t\t\t\t\tNajla Bouden, a d\u2019abord re\u00e7u, ce vendredi 14 avril 2023, l&rsquo;ambassadeur de France, Andr\u00e9 Parant, au palais du gouvernement \u00e0 la Kasbah pour une r\u00e9union, au cours de laquelle ont, bien entendu \u00e9t\u00e9 \u00e9voqu\u00e9es les relations bilat\u00e9rales et les moyens de les d\u00e9velopper, ainsi que la question de la migration irr\u00e9guli\u00e8re.<\/p>\n<p>Najla Bouden a re\u00e7u l&rsquo;ambassadeur de France Andr\u00e9 Parant&#8230;<\/p>\n<p>\u00a0<\/p>\n<p>Mais l\u2019entretien a surtout \u00e9t\u00e9 ax\u00e9\u00a0 sur la mani\u00e8re de soutenir la Tunisie dans ses n\u00e9gociations avec le Fonds mon\u00e9taire international (FMI). Une rencontre qui s\u2019est tenue quelques heures apr\u00e8s la d\u00e9claration de la porte-parole du minist\u00e8re fran\u00e7ais des Affaires \u00e9trang\u00e8res Anne-Claire Legendre lors d&rsquo;un point presse, hier.<\/p>\n<p>\u00ab\u00a0La Tunisie sait qu&rsquo;elle peut compter sur le soutien fran\u00e7ais&#8230;\u00a0\u00bb<\/p>\n<p>Jeudi 13 avril, Anne-Claire Legendre a d\u00e9clar\u00e9 lors d\u2019un point de presse que la finalisation d&rsquo;un programme d&rsquo;aides entre la Tunisie et le FMI reste une \u00ab\u00a0priorit\u00e9\u00a0\u00bb pour la France alors que les discussions sont dans l&rsquo;impasse.<\/p>\n<p>\u00ab\u00a0Les autorit\u00e9s tunisiennes savent qu&rsquo;elles peuvent compter sur le soutien fran\u00e7ais et europ\u00e9en pour accompagner le processus de r\u00e9formes n\u00e9cessaires pour la finalisation de cet accord\u00a0\u00bb, a soulign\u00e9 la porte-parole du minist\u00e8re fran\u00e7ais des Affaires \u00e9trang\u00e8res.<\/p>\n<p>&#8230; puis l&rsquo;ambassadeur du Japon \u00e0 Tunis Takeshi Osega<\/p>\n<p>\u00a0<\/p>\n<p>Le Japon \u00e0 la rescousse ?<\/p>\n<p>Un peu plus-tard, Najla Bouden l&rsquo;ambassadeur du Japon \u00e0 Tunis Takeshi Osega. La question du soutien apport\u00e9 \u00e0 la Tunisie dans ses n\u00e9gociations avec le FMI, notamment a \u00e9t\u00e9 le th\u00e8me central de cette rencontre sachant que le Japon assure actuellement la pr\u00e9sidence p\u00e9riodique du G-7.<\/p>\n<p>Cit\u00e9es dans un communiqu\u00e9 de la pr\u00e9sidence du gouvernement, les deux parties ont eu l&rsquo;occasion d&rsquo;\u00e9voquer nombre de questions d&rsquo;ordre \u00e9conomique et financier \u00e0 la lumi\u00e8re des entretiens tenus entre Bouden et des responsables et hommes d&rsquo;affaires japonais en marge de sa participation au Forum \u00e9conomique de Davos du 16 au 20 janvier 2023.<\/p>\n","protected":false},"excerpt":{"rendered":"<p>La question du soutien apport\u00e9 \u00e0 la Tunisie dans ses n\u00e9gociations avec le FMI a \u00e9t\u00e9 au centre de deux r\u00e9unions importantes entre la Cheffe du gouvernement Najla&#8230;<\/p>\n","protected":false},"author":3162,"featured_media":278074,"comment_status":"open","ping_status":"closed","sticky":false,"template":"","format":"standard","meta":{"footnotes":""},"categories":[44],"tags":[4233,2998,2961,8290,7178],"class_list":["post-204865","post","type-post","status-publish","format-standard","has-post-thumbnail","hentry","category-national","tag-fmi","tag-france","tag-japon","tag-najla-bouden","tag-negociations"],"yoast_head":"<!-- This site is optimized with the Yoast SEO Premium plugin v27.5 (Yoast SEO v27.5) - https:\/\/yoast.com\/product\/yoast-seo-premium-wordpress\/ -->\n<title>N\u00e9gociations avec le FMI : Najla Bouden re\u00e7oit les ambassadeurs fran\u00e7ais et japonais<\/title>\n<meta name=\"description\" content=\"La question du soutien apport\u00e9 \u00e0 la Tunisie dans ses n\u00e9gociations avec le FMI a \u00e9t\u00e9 au centre de deux r\u00e9unions importantes entre la Cheffe du gouvernement Najla...\" \/>\n<link rel=\"canonical\" href=\"https:\/\/www.webdo.tn\/fr\/actualite\/national\/negociations-avec-le-fmi-najla-bouden-recoit-les-ambassadeurs-francais-et-japonais\/204865\/\" \/>\n<meta property=\"og:locale\" content=\"fr_FR\" \/>\n<meta property=\"og:type\" content=\"article\" \/>\n<meta property=\"og:title\" content=\"N\u00e9gociations avec le FMI : Najla Bouden re\u00e7oit les ambassadeurs fran\u00e7ais et japonais\" \/>\n<meta property=\"og:description\" content=\"La question du soutien apport\u00e9 \u00e0 la Tunisie dans ses n\u00e9gociations avec le FMI a \u00e9t\u00e9 au centre de deux r\u00e9unions importantes entre la Cheffe du gouvernement Najla...\" \/>\n<meta property=\"og:url\" content=\"https:\/\/www.webdo.tn\/fr\/actualite\/national\/negociations-avec-le-fmi-najla-bouden-recoit-les-ambassadeurs-francais-et-japonais\/204865\/\" \/>\n<meta property=\"og:site_name\" content=\"webdo\" \/>\n<meta property=\"article:publisher\" content=\"https:\/\/www.facebook.com\/webdotn\" \/>\n<meta property=\"article:published_time\" content=\"2023-04-14T20:54:00+00:00\" \/>\n<meta property=\"article:modified_time\" content=\"2025-05-20T22:08:31+00:00\" \/>\n<meta property=\"og:image\" content=\"https:\/\/www.webdo.tn\/fr\/wp-content\/uploads\/2023\/04\/cbe41b6d362a8109489088ee246dc22b.jpg\" \/>\n\t<meta property=\"og:image:width\" content=\"750\" \/>\n\t<meta property=\"og:image:height\" content=\"400\" \/>\n\t<meta property=\"og:image:type\" content=\"image\/jpeg\" \/>\n<meta name=\"author\" content=\"MC\" \/>\n<meta name=\"twitter:card\" content=\"summary_large_image\" \/>\n<meta name=\"twitter:creator\" content=\"@webdo_tn\" \/>\n<meta name=\"twitter:site\" content=\"@webdo_tn\" \/>\n<meta name=\"twitter:label1\" content=\"\u00c9crit par\" \/>\n\t<meta name=\"twitter:data1\" content=\"MC\" \/>\n\t<meta name=\"twitter:label2\" content=\"Dur\u00e9e de lecture estim\u00e9e\" \/>\n\t<meta name=\"twitter:data2\" content=\"2 minutes\" \/>\n<script type=\"application\/ld+json\" class=\"yoast-schema-graph\">{\"@context\":\"https:\\\/\\\/schema.org\",\"@graph\":[{\"@type\":\"NewsArticle\",\"@id\":\"https:\\\/\\\/www.webdo.tn\\\/fr\\\/actualite\\\/national\\\/negociations-avec-le-fmi-najla-bouden-recoit-les-ambassadeurs-francais-et-japonais\\\/204865\\\/#article\",\"isPartOf\":{\"@id\":\"https:\\\/\\\/www.webdo.tn\\\/fr\\\/actualite\\\/national\\\/negociations-avec-le-fmi-najla-bouden-recoit-les-ambassadeurs-francais-et-japonais\\\/204865\\\/\"},\"author\":{\"name\":\"MC\",\"@id\":\"https:\\\/\\\/www.webdo.tn\\\/fr\\\/#\\\/schema\\\/person\\\/2c4929cbf5a809e3bd38617c6ce150f6\"},\"headline\":\"N\u00e9gociations avec le FMI : Najla Bouden re\u00e7oit les ambassadeurs fran\u00e7ais et japonais\",\"datePublished\":\"2023-04-14T20:54:00+00:00\",\"dateModified\":\"2025-05-20T22:08:31+00:00\",\"mainEntityOfPage\":{\"@id\":\"https:\\\/\\\/www.webdo.tn\\\/fr\\\/actualite\\\/national\\\/negociations-avec-le-fmi-najla-bouden-recoit-les-ambassadeurs-francais-et-japonais\\\/204865\\\/\"},\"wordCount\":405,\"commentCount\":0,\"publisher\":{\"@id\":\"https:\\\/\\\/www.webdo.tn\\\/fr\\\/#organization\"},\"image\":{\"@id\":\"https:\\\/\\\/www.webdo.tn\\\/fr\\\/actualite\\\/national\\\/negociations-avec-le-fmi-najla-bouden-recoit-les-ambassadeurs-francais-et-japonais\\\/204865\\\/#primaryimage\"},\"thumbnailUrl\":\"https:\\\/\\\/www.webdo.tn\\\/fr\\\/wp-content\\\/uploads\\\/2023\\\/04\\\/cbe41b6d362a8109489088ee246dc22b.jpg\",\"keywords\":[\"FMI\",\"france\",\"Japon\",\"Najla Bouden\",\"N\u00e9gociations\"],\"articleSection\":[\"National\"],\"inLanguage\":\"fr-FR\"},{\"@type\":\"WebPage\",\"@id\":\"https:\\\/\\\/www.webdo.tn\\\/fr\\\/actualite\\\/national\\\/negociations-avec-le-fmi-najla-bouden-recoit-les-ambassadeurs-francais-et-japonais\\\/204865\\\/\",\"url\":\"https:\\\/\\\/www.webdo.tn\\\/fr\\\/actualite\\\/national\\\/negociations-avec-le-fmi-najla-bouden-recoit-les-ambassadeurs-francais-et-japonais\\\/204865\\\/\",\"name\":\"N\u00e9gociations avec le FMI : Najla Bouden re\u00e7oit les ambassadeurs fran\u00e7ais et japonais\",\"isPartOf\":{\"@id\":\"https:\\\/\\\/www.webdo.tn\\\/fr\\\/#website\"},\"primaryImageOfPage\":{\"@id\":\"https:\\\/\\\/www.webdo.tn\\\/fr\\\/actualite\\\/national\\\/negociations-avec-le-fmi-najla-bouden-recoit-les-ambassadeurs-francais-et-japonais\\\/204865\\\/#primaryimage\"},\"image\":{\"@id\":\"https:\\\/\\\/www.webdo.tn\\\/fr\\\/actualite\\\/national\\\/negociations-avec-le-fmi-najla-bouden-recoit-les-ambassadeurs-francais-et-japonais\\\/204865\\\/#primaryimage\"},\"thumbnailUrl\":\"https:\\\/\\\/www.webdo.tn\\\/fr\\\/wp-content\\\/uploads\\\/2023\\\/04\\\/cbe41b6d362a8109489088ee246dc22b.jpg\",\"datePublished\":\"2023-04-14T20:54:00+00:00\",\"dateModified\":\"2025-05-20T22:08:31+00:00\",\"description\":\"La question du soutien apport\u00e9 \u00e0 la Tunisie dans ses n\u00e9gociations avec le FMI a \u00e9t\u00e9 au centre de deux r\u00e9unions importantes entre la Cheffe du gouvernement Najla...\",\"breadcrumb\":{\"@id\":\"https:\\\/\\\/www.webdo.tn\\\/fr\\\/actualite\\\/national\\\/negociations-avec-le-fmi-najla-bouden-recoit-les-ambassadeurs-francais-et-japonais\\\/204865\\\/#breadcrumb\"},\"inLanguage\":\"fr-FR\",\"potentialAction\":[{\"@type\":\"ReadAction\",\"target\":[\"https:\\\/\\\/www.webdo.tn\\\/fr\\\/actualite\\\/national\\\/negociations-avec-le-fmi-najla-bouden-recoit-les-ambassadeurs-francais-et-japonais\\\/204865\\\/\"]}]},{\"@type\":\"ImageObject\",\"inLanguage\":\"fr-FR\",\"@id\":\"https:\\\/\\\/www.webdo.tn\\\/fr\\\/actualite\\\/national\\\/negociations-avec-le-fmi-najla-bouden-recoit-les-ambassadeurs-francais-et-japonais\\\/204865\\\/#primaryimage\",\"url\":\"https:\\\/\\\/www.webdo.tn\\\/fr\\\/wp-content\\\/uploads\\\/2023\\\/04\\\/cbe41b6d362a8109489088ee246dc22b.jpg\",\"contentUrl\":\"https:\\\/\\\/www.webdo.tn\\\/fr\\\/wp-content\\\/uploads\\\/2023\\\/04\\\/cbe41b6d362a8109489088ee246dc22b.jpg\",\"width\":750,\"height\":400,\"caption\":\"N\u00e9gociations avec le FMI : Najla Bouden re\u00e7oit les ambassadeurs fran\u00e7ais et japonais\"},{\"@type\":\"BreadcrumbList\",\"@id\":\"https:\\\/\\\/www.webdo.tn\\\/fr\\\/actualite\\\/national\\\/negociations-avec-le-fmi-najla-bouden-recoit-les-ambassadeurs-francais-et-japonais\\\/204865\\\/#breadcrumb\",\"itemListElement\":[{\"@type\":\"ListItem\",\"position\":1,\"name\":\"Accueil\",\"item\":\"https:\\\/\\\/www.webdo.tn\\\/fr\\\/\"},{\"@type\":\"ListItem\",\"position\":2,\"name\":\"N\u00e9gociations avec le FMI : Najla Bouden re\u00e7oit les ambassadeurs fran\u00e7ais et japonais\"}]},{\"@type\":\"WebSite\",\"@id\":\"https:\\\/\\\/www.webdo.tn\\\/fr\\\/#website\",\"url\":\"https:\\\/\\\/www.webdo.tn\\\/fr\\\/\",\"name\":\"webdo\",\"description\":\"Tunisie - News en Tunisie et \u00e0 l&#039;international sur Webdo.tn\",\"publisher\":{\"@id\":\"https:\\\/\\\/www.webdo.tn\\\/fr\\\/#organization\"},\"potentialAction\":[{\"@type\":\"SearchAction\",\"target\":{\"@type\":\"EntryPoint\",\"urlTemplate\":\"https:\\\/\\\/www.webdo.tn\\\/fr\\\/?s={search_term_string}\"},\"query-input\":{\"@type\":\"PropertyValueSpecification\",\"valueRequired\":true,\"valueName\":\"search_term_string\"}}],\"inLanguage\":\"fr-FR\"},{\"@type\":\"Organization\",\"@id\":\"https:\\\/\\\/www.webdo.tn\\\/fr\\\/#organization\",\"name\":\"Webdo\",\"alternateName\":\"Webdo.tn\",\"url\":\"https:\\\/\\\/www.webdo.tn\\\/fr\\\/\",\"logo\":{\"@type\":\"ImageObject\",\"inLanguage\":\"fr-FR\",\"@id\":\"https:\\\/\\\/www.webdo.tn\\\/fr\\\/#\\\/schema\\\/logo\\\/image\\\/\",\"url\":\"https:\\\/\\\/www.webdo.tn\\\/fr\\\/wp-content\\\/uploads\\\/2025\\\/06\\\/Webdo-Tunisie_168377.jpg\",\"contentUrl\":\"https:\\\/\\\/www.webdo.tn\\\/fr\\\/wp-content\\\/uploads\\\/2025\\\/06\\\/Webdo-Tunisie_168377.jpg\",\"width\":301,\"height\":301,\"caption\":\"Webdo\"},\"image\":{\"@id\":\"https:\\\/\\\/www.webdo.tn\\\/fr\\\/#\\\/schema\\\/logo\\\/image\\\/\"},\"sameAs\":[\"https:\\\/\\\/www.facebook.com\\\/webdotn\",\"https:\\\/\\\/x.com\\\/webdo_tn\"],\"description\":\"Webdo est un m\u00e9dia num\u00e9rique tunisien fond\u00e9 en 2010, sp\u00e9cialis\u00e9 dans l\u2019actualit\u00e9 nationale et internationale, l\u2019\u00e9conomie, la soci\u00e9t\u00e9 et les analyses politiques. Le site s\u2019adresse \u00e0 un large public francophone et couvre l\u2019information tunisienne en temps r\u00e9el.\",\"email\":\"redac@webdo.tn\",\"legalName\":\"YNJ SARL\",\"foundingDate\":\"2010-09-06\",\"numberOfEmployees\":{\"@type\":\"QuantitativeValue\",\"minValue\":\"11\",\"maxValue\":\"50\"}},{\"@type\":\"Person\",\"@id\":\"https:\\\/\\\/www.webdo.tn\\\/fr\\\/#\\\/schema\\\/person\\\/2c4929cbf5a809e3bd38617c6ce150f6\",\"name\":\"MC\",\"image\":{\"@type\":\"ImageObject\",\"inLanguage\":\"fr-FR\",\"@id\":\"https:\\\/\\\/secure.gravatar.com\\\/avatar\\\/a545bbb6f84efdd5553dbbc2895e3ca8f1d12c5215e00a041c9670b54aa9b18a?s=96&d=mm&r=g\",\"url\":\"https:\\\/\\\/secure.gravatar.com\\\/avatar\\\/a545bbb6f84efdd5553dbbc2895e3ca8f1d12c5215e00a041c9670b54aa9b18a?s=96&d=mm&r=g\",\"contentUrl\":\"https:\\\/\\\/secure.gravatar.com\\\/avatar\\\/a545bbb6f84efdd5553dbbc2895e3ca8f1d12c5215e00a041c9670b54aa9b18a?s=96&d=mm&r=g\",\"caption\":\"MC\"},\"url\":\"https:\\\/\\\/www.webdo.tn\\\/fr\\\/actualite\\\/author\\\/mc\\\/\"}]}<\/script>\n<!-- \/ Yoast SEO Premium plugin. -->","yoast_head_json":{"title":"N\u00e9gociations avec le FMI : Najla Bouden re\u00e7oit les ambassadeurs fran\u00e7ais et japonais","description":"La question du soutien apport\u00e9 \u00e0 la Tunisie dans ses n\u00e9gociations avec le FMI a \u00e9t\u00e9 au centre de deux r\u00e9unions importantes entre la Cheffe du gouvernement Najla...","canonical":"https:\/\/www.webdo.tn\/fr\/actualite\/national\/negociations-avec-le-fmi-najla-bouden-recoit-les-ambassadeurs-francais-et-japonais\/204865\/","og_locale":"fr_FR","og_type":"article","og_title":"N\u00e9gociations avec le FMI : Najla Bouden re\u00e7oit les ambassadeurs fran\u00e7ais et japonais","og_description":"La question du soutien apport\u00e9 \u00e0 la Tunisie dans ses n\u00e9gociations avec le FMI a \u00e9t\u00e9 au centre de deux r\u00e9unions importantes entre la Cheffe du gouvernement Najla...","og_url":"https:\/\/www.webdo.tn\/fr\/actualite\/national\/negociations-avec-le-fmi-najla-bouden-recoit-les-ambassadeurs-francais-et-japonais\/204865\/","og_site_name":"webdo","article_publisher":"https:\/\/www.facebook.com\/webdotn","article_published_time":"2023-04-14T20:54:00+00:00","article_modified_time":"2025-05-20T22:08:31+00:00","og_image":[{"width":750,"height":400,"url":"https:\/\/www.webdo.tn\/fr\/wp-content\/uploads\/2023\/04\/cbe41b6d362a8109489088ee246dc22b.jpg","type":"image\/jpeg"}],"author":"MC","twitter_card":"summary_large_image","twitter_creator":"@webdo_tn","twitter_site":"@webdo_tn","twitter_misc":{"\u00c9crit par":"MC","Dur\u00e9e de lecture estim\u00e9e":"2 minutes"},"schema":{"@context":"https:\/\/schema.org","@graph":[{"@type":"NewsArticle","@id":"https:\/\/www.webdo.tn\/fr\/actualite\/national\/negociations-avec-le-fmi-najla-bouden-recoit-les-ambassadeurs-francais-et-japonais\/204865\/#article","isPartOf":{"@id":"https:\/\/www.webdo.tn\/fr\/actualite\/national\/negociations-avec-le-fmi-najla-bouden-recoit-les-ambassadeurs-francais-et-japonais\/204865\/"},"author":{"name":"MC","@id":"https:\/\/www.webdo.tn\/fr\/#\/schema\/person\/2c4929cbf5a809e3bd38617c6ce150f6"},"headline":"N\u00e9gociations avec le FMI : Najla Bouden re\u00e7oit les ambassadeurs fran\u00e7ais et japonais","datePublished":"2023-04-14T20:54:00+00:00","dateModified":"2025-05-20T22:08:31+00:00","mainEntityOfPage":{"@id":"https:\/\/www.webdo.tn\/fr\/actualite\/national\/negociations-avec-le-fmi-najla-bouden-recoit-les-ambassadeurs-francais-et-japonais\/204865\/"},"wordCount":405,"commentCount":0,"publisher":{"@id":"https:\/\/www.webdo.tn\/fr\/#organization"},"image":{"@id":"https:\/\/www.webdo.tn\/fr\/actualite\/national\/negociations-avec-le-fmi-najla-bouden-recoit-les-ambassadeurs-francais-et-japonais\/204865\/#primaryimage"},"thumbnailUrl":"https:\/\/www.webdo.tn\/fr\/wp-content\/uploads\/2023\/04\/cbe41b6d362a8109489088ee246dc22b.jpg","keywords":["FMI","france","Japon","Najla Bouden","N\u00e9gociations"],"articleSection":["National"],"inLanguage":"fr-FR"},{"@type":"WebPage","@id":"https:\/\/www.webdo.tn\/fr\/actualite\/national\/negociations-avec-le-fmi-najla-bouden-recoit-les-ambassadeurs-francais-et-japonais\/204865\/","url":"https:\/\/www.webdo.tn\/fr\/actualite\/national\/negociations-avec-le-fmi-najla-bouden-recoit-les-ambassadeurs-francais-et-japonais\/204865\/","name":"N\u00e9gociations avec le FMI : Najla Bouden re\u00e7oit les ambassadeurs fran\u00e7ais et japonais","isPartOf":{"@id":"https:\/\/www.webdo.tn\/fr\/#website"},"primaryImageOfPage":{"@id":"https:\/\/www.webdo.tn\/fr\/actualite\/national\/negociations-avec-le-fmi-najla-bouden-recoit-les-ambassadeurs-francais-et-japonais\/204865\/#primaryimage"},"image":{"@id":"https:\/\/www.webdo.tn\/fr\/actualite\/national\/negociations-avec-le-fmi-najla-bouden-recoit-les-ambassadeurs-francais-et-japonais\/204865\/#primaryimage"},"thumbnailUrl":"https:\/\/www.webdo.tn\/fr\/wp-content\/uploads\/2023\/04\/cbe41b6d362a8109489088ee246dc22b.jpg","datePublished":"2023-04-14T20:54:00+00:00","dateModified":"2025-05-20T22:08:31+00:00","description":"La question du soutien apport\u00e9 \u00e0 la Tunisie dans ses n\u00e9gociations avec le FMI a \u00e9t\u00e9 au centre de deux r\u00e9unions importantes entre la Cheffe du gouvernement Najla...","breadcrumb":{"@id":"https:\/\/www.webdo.tn\/fr\/actualite\/national\/negociations-avec-le-fmi-najla-bouden-recoit-les-ambassadeurs-francais-et-japonais\/204865\/#breadcrumb"},"inLanguage":"fr-FR","potentialAction":[{"@type":"ReadAction","target":["https:\/\/www.webdo.tn\/fr\/actualite\/national\/negociations-avec-le-fmi-najla-bouden-recoit-les-ambassadeurs-francais-et-japonais\/204865\/"]}]},{"@type":"ImageObject","inLanguage":"fr-FR","@id":"https:\/\/www.webdo.tn\/fr\/actualite\/national\/negociations-avec-le-fmi-najla-bouden-recoit-les-ambassadeurs-francais-et-japonais\/204865\/#primaryimage","url":"https:\/\/www.webdo.tn\/fr\/wp-content\/uploads\/2023\/04\/cbe41b6d362a8109489088ee246dc22b.jpg","contentUrl":"https:\/\/www.webdo.tn\/fr\/wp-content\/uploads\/2023\/04\/cbe41b6d362a8109489088ee246dc22b.jpg","width":750,"height":400,"caption":"N\u00e9gociations avec le FMI : Najla Bouden re\u00e7oit les ambassadeurs fran\u00e7ais et japonais"},{"@type":"BreadcrumbList","@id":"https:\/\/www.webdo.tn\/fr\/actualite\/national\/negociations-avec-le-fmi-najla-bouden-recoit-les-ambassadeurs-francais-et-japonais\/204865\/#breadcrumb","itemListElement":[{"@type":"ListItem","position":1,"name":"Accueil","item":"https:\/\/www.webdo.tn\/fr\/"},{"@type":"ListItem","position":2,"name":"N\u00e9gociations avec le FMI : Najla Bouden re\u00e7oit les ambassadeurs fran\u00e7ais et japonais"}]},{"@type":"WebSite","@id":"https:\/\/www.webdo.tn\/fr\/#website","url":"https:\/\/www.webdo.tn\/fr\/","name":"webdo","description":"Tunisie - News en Tunisie et \u00e0 l&#039;international sur Webdo.tn","publisher":{"@id":"https:\/\/www.webdo.tn\/fr\/#organization"},"potentialAction":[{"@type":"SearchAction","target":{"@type":"EntryPoint","urlTemplate":"https:\/\/www.webdo.tn\/fr\/?s={search_term_string}"},"query-input":{"@type":"PropertyValueSpecification","valueRequired":true,"valueName":"search_term_string"}}],"inLanguage":"fr-FR"},{"@type":"Organization","@id":"https:\/\/www.webdo.tn\/fr\/#organization","name":"Webdo","alternateName":"Webdo.tn","url":"https:\/\/www.webdo.tn\/fr\/","logo":{"@type":"ImageObject","inLanguage":"fr-FR","@id":"https:\/\/www.webdo.tn\/fr\/#\/schema\/logo\/image\/","url":"https:\/\/www.webdo.tn\/fr\/wp-content\/uploads\/2025\/06\/Webdo-Tunisie_168377.jpg","contentUrl":"https:\/\/www.webdo.tn\/fr\/wp-content\/uploads\/2025\/06\/Webdo-Tunisie_168377.jpg","width":301,"height":301,"caption":"Webdo"},"image":{"@id":"https:\/\/www.webdo.tn\/fr\/#\/schema\/logo\/image\/"},"sameAs":["https:\/\/www.facebook.com\/webdotn","https:\/\/x.com\/webdo_tn"],"description":"Webdo est un m\u00e9dia num\u00e9rique tunisien fond\u00e9 en 2010, sp\u00e9cialis\u00e9 dans l\u2019actualit\u00e9 nationale et internationale, l\u2019\u00e9conomie, la soci\u00e9t\u00e9 et les analyses politiques. Le site s\u2019adresse \u00e0 un large public francophone et couvre l\u2019information tunisienne en temps r\u00e9el.","email":"redac@webdo.tn","legalName":"YNJ SARL","foundingDate":"2010-09-06","numberOfEmployees":{"@type":"QuantitativeValue","minValue":"11","maxValue":"50"}},{"@type":"Person","@id":"https:\/\/www.webdo.tn\/fr\/#\/schema\/person\/2c4929cbf5a809e3bd38617c6ce150f6","name":"MC","image":{"@type":"ImageObject","inLanguage":"fr-FR","@id":"https:\/\/secure.gravatar.com\/avatar\/a545bbb6f84efdd5553dbbc2895e3ca8f1d12c5215e00a041c9670b54aa9b18a?s=96&d=mm&r=g","url":"https:\/\/secure.gravatar.com\/avatar\/a545bbb6f84efdd5553dbbc2895e3ca8f1d12c5215e00a041c9670b54aa9b18a?s=96&d=mm&r=g","contentUrl":"https:\/\/secure.gravatar.com\/avatar\/a545bbb6f84efdd5553dbbc2895e3ca8f1d12c5215e00a041c9670b54aa9b18a?s=96&d=mm&r=g","caption":"MC"},"url":"https:\/\/www.webdo.tn\/fr\/actualite\/author\/mc\/"}]}},"_links":{"self":[{"href":"https:\/\/www.webdo.tn\/fr\/wp-json\/wp\/v2\/posts\/204865","targetHints":{"allow":["GET"]}}],"collection":[{"href":"https:\/\/www.webdo.tn\/fr\/wp-json\/wp\/v2\/posts"}],"about":[{"href":"https:\/\/www.webdo.tn\/fr\/wp-json\/wp\/v2\/types\/post"}],"author":[{"embeddable":true,"href":"https:\/\/www.webdo.tn\/fr\/wp-json\/wp\/v2\/users\/3162"}],"replies":[{"embeddable":true,"href":"https:\/\/www.webdo.tn\/fr\/wp-json\/wp\/v2\/comments?post=204865"}],"version-history":[{"count":0,"href":"https:\/\/www.webdo.tn\/fr\/wp-json\/wp\/v2\/posts\/204865\/revisions"}],"wp:featuredmedia":[{"embeddable":true,"href":"https:\/\/www.webdo.tn\/fr\/wp-json\/wp\/v2\/media\/278074"}],"wp:attachment":[{"href":"https:\/\/www.webdo.tn\/fr\/wp-json\/wp\/v2\/media?parent=204865"}],"wp:term":[{"taxonomy":"category","embeddable":true,"href":"https:\/\/www.webdo.tn\/fr\/wp-json\/wp\/v2\/categories?post=204865"},{"taxonomy":"post_tag","embeddable":true,"href":"https:\/\/www.webdo.tn\/fr\/wp-json\/wp\/v2\/tags?post=204865"}],"curies":[{"name":"wp","href":"https:\/\/api.w.org\/{rel}","templated":true}]}}