{"id":204864,"date":"2023-04-14T20:28:00","date_gmt":"2023-04-14T20:28:00","guid":{"rendered":"https:\/\/www.webdo.tn\/fr\/blog\/la-migration-irreguliere-au-centre-d-un-conseil-ministeriel\/204864\/"},"modified":"2025-05-20T22:08:30","modified_gmt":"2025-05-20T22:08:30","slug":"la-migration-irreguliere-au-centre-d-un-conseil-ministeriel","status":"publish","type":"post","link":"https:\/\/www.webdo.tn\/fr\/actualite\/national\/la-migration-irreguliere-au-centre-d-un-conseil-ministeriel\/204864\/","title":{"rendered":"La migration irr\u00e9guli\u00e8re au centre d\u2019un Conseil minist\u00e9riel"},"content":{"rendered":"<p>Un conseil minist\u00e9riel consacr\u00e9 au dossier de la migration s\u2019est tenu ce vendredi 14 avril 2023 au Palais du gouvernement \u00e0 la Kasbah.<\/p>\n<p>\t\t\t\t\t\t\t\t\tLors de ce conseil minist\u00e9riel pr\u00e9sid\u00e9 par la Cheffe du gouvernement Najla Bouden il a \u00e9t\u00e9 notamment question, comme son nom l\u2019indique, du suivi du dossier de la migration et sur les derniers chiffres concernant l&rsquo;afflux continu de migrants irr\u00e9guliers sur le sol tunisien.<\/p>\n<p>Selon un communiqu\u00e9 publi\u00e9 par la pr\u00e9sidence du gouvernement, le conseil a pris connaissance des r\u00e9sultats de l&rsquo;enqu\u00eate nationale sur la migration internationale effectu\u00e9e par l&rsquo;Observatoire national des migrations, en plus d&rsquo;un expos\u00e9 autour de l&rsquo;exp\u00e9rience de l&rsquo;Instance Nationale de lutte contre la traite des personnes dans le domaine de l&rsquo;accompagnement des victimes de la traite vers l&rsquo;insertion et la r\u00e9insertion.<\/p>\n<p>Au cours de ce conseil minist\u00e9riel, les incidents survenus aux abords du si\u00e8ge du Haut-Commissariat des Nations Unies pour les r\u00e9fugi\u00e9s le 12 avril dernier ont \u00e9galement \u00e9t\u00e9 abord\u00e9s.<\/p>\n<p>Rappelons que vingt mandats de d\u00e9p\u00f4t ont \u00e9t\u00e9 \u00e9mis contre les Subsahariens ayant pris part \u00e0 des violences devant le si\u00e8ge du Haut-commissariat aux r\u00e9fugi\u00e9s (HCR) \u00e0 Tunis.<\/p>\n<p>Ces mandats de d\u00e9p\u00f4t ont \u00e9t\u00e9 \u00e9mis, mercredi 12 avril 2023 par le parquet du Tribunal de premi\u00e8re instance de Tunis et concernent vingt jeunes qui se sont retrouv\u00e9s impliqu\u00e9s dans ces actes de violence.<\/p>\n<p>Le parquet pr\u00e8s le Tribunal de premi\u00e8re instance de Tunis avait ordonn\u00e9 l&rsquo;ouverture d&rsquo;une information judiciaire \u00e0 l&rsquo;encontre de ces Subsahariens interpell\u00e9s mardi 11 avril, et ce, suite \u00e0 une plainte d\u00e9pos\u00e9e par le mandataire judiciaire du HCR, plainte selon laquelle les migrants en question ont observ\u00e9 un sit-in devant le b\u00e2timent, arm\u00e9s de b\u00e2tons et de bouteilles de gaz.<\/p>\n<p>Ces Subsahariens impliqu\u00e9s dans les incidents campaient depuis des mois devant le\u00a0 le si\u00e8ge du HCR, qui a d\u00e9cid\u00e9 de faire appel aux forces de l&rsquo;ordre pour disperser ces demandeurs d&rsquo;asile, ce qui a provoqu\u00e9\u00a0 leur col\u00e8re !<\/p>\n","protected":false},"excerpt":{"rendered":"<p>Un conseil minist\u00e9riel consacr\u00e9 au dossier de la migration s\u2019est tenu ce vendredi 14 avril 2023 au Palais du gouvernement \u00e0 la Kasbah.<\/p>\n","protected":false},"author":3162,"featured_media":278072,"comment_status":"open","ping_status":"closed","sticky":false,"template":"","format":"standard","meta":{"footnotes":""},"categories":[44],"tags":[4665,5201,3675,3377],"class_list":["post-204864","post","type-post","status-publish","format-standard","has-post-thumbnail","hentry","category-national","tag-conseil-ministeriel","tag-hcr","tag-migration-irreguliere","tag-subsahariens"],"yoast_head":"<!-- This site is optimized with the Yoast SEO Premium plugin v27.4 (Yoast SEO v27.5) - https:\/\/yoast.com\/product\/yoast-seo-premium-wordpress\/ -->\n<title>La migration irr\u00e9guli\u00e8re au centre d\u2019un Conseil minist\u00e9riel<\/title>\n<meta name=\"description\" content=\"Un conseil minist\u00e9riel consacr\u00e9 au dossier de la migration s\u2019est tenu ce vendredi 14 avril 2023 au Palais du gouvernement \u00e0 la Kasbah.\" \/>\n<link rel=\"canonical\" href=\"https:\/\/www.webdo.tn\/fr\/actualite\/national\/la-migration-irreguliere-au-centre-d-un-conseil-ministeriel\/204864\/\" \/>\n<meta property=\"og:locale\" content=\"fr_FR\" \/>\n<meta property=\"og:type\" content=\"article\" \/>\n<meta property=\"og:title\" content=\"La migration irr\u00e9guli\u00e8re au centre d\u2019un Conseil minist\u00e9riel\" \/>\n<meta property=\"og:description\" content=\"Un conseil minist\u00e9riel consacr\u00e9 au dossier de la migration s\u2019est tenu ce vendredi 14 avril 2023 au Palais du gouvernement \u00e0 la Kasbah.\" \/>\n<meta property=\"og:url\" content=\"https:\/\/www.webdo.tn\/fr\/actualite\/national\/la-migration-irreguliere-au-centre-d-un-conseil-ministeriel\/204864\/\" \/>\n<meta property=\"og:site_name\" content=\"webdo\" \/>\n<meta property=\"article:publisher\" content=\"https:\/\/www.facebook.com\/webdotn\" \/>\n<meta property=\"article:published_time\" content=\"2023-04-14T20:28:00+00:00\" \/>\n<meta property=\"article:modified_time\" content=\"2025-05-20T22:08:30+00:00\" \/>\n<meta property=\"og:image\" content=\"https:\/\/www.webdo.tn\/fr\/wp-content\/uploads\/2023\/04\/e4a9c83cd5fb3542504d4a708b9a7dca.jpg\" \/>\n\t<meta property=\"og:image:width\" content=\"750\" \/>\n\t<meta property=\"og:image:height\" content=\"400\" \/>\n\t<meta property=\"og:image:type\" content=\"image\/jpeg\" \/>\n<meta name=\"author\" content=\"MC\" \/>\n<meta name=\"twitter:card\" content=\"summary_large_image\" \/>\n<meta name=\"twitter:creator\" content=\"@webdo_tn\" \/>\n<meta name=\"twitter:site\" content=\"@webdo_tn\" \/>\n<meta name=\"twitter:label1\" content=\"\u00c9crit par\" \/>\n\t<meta name=\"twitter:data1\" content=\"MC\" \/>\n\t<meta name=\"twitter:label2\" content=\"Dur\u00e9e de lecture estim\u00e9e\" \/>\n\t<meta name=\"twitter:data2\" content=\"2 minutes\" \/>\n<script type=\"application\/ld+json\" class=\"yoast-schema-graph\">{\"@context\":\"https:\\\/\\\/schema.org\",\"@graph\":[{\"@type\":\"NewsArticle\",\"@id\":\"https:\\\/\\\/www.webdo.tn\\\/fr\\\/actualite\\\/national\\\/la-migration-irreguliere-au-centre-d-un-conseil-ministeriel\\\/204864\\\/#article\",\"isPartOf\":{\"@id\":\"https:\\\/\\\/www.webdo.tn\\\/fr\\\/actualite\\\/national\\\/la-migration-irreguliere-au-centre-d-un-conseil-ministeriel\\\/204864\\\/\"},\"author\":{\"name\":\"MC\",\"@id\":\"https:\\\/\\\/www.webdo.tn\\\/fr\\\/#\\\/schema\\\/person\\\/2c4929cbf5a809e3bd38617c6ce150f6\"},\"headline\":\"La migration irr\u00e9guli\u00e8re au centre d\u2019un Conseil minist\u00e9riel\",\"datePublished\":\"2023-04-14T20:28:00+00:00\",\"dateModified\":\"2025-05-20T22:08:30+00:00\",\"mainEntityOfPage\":{\"@id\":\"https:\\\/\\\/www.webdo.tn\\\/fr\\\/actualite\\\/national\\\/la-migration-irreguliere-au-centre-d-un-conseil-ministeriel\\\/204864\\\/\"},\"wordCount\":370,\"commentCount\":0,\"publisher\":{\"@id\":\"https:\\\/\\\/www.webdo.tn\\\/fr\\\/#organization\"},\"image\":{\"@id\":\"https:\\\/\\\/www.webdo.tn\\\/fr\\\/actualite\\\/national\\\/la-migration-irreguliere-au-centre-d-un-conseil-ministeriel\\\/204864\\\/#primaryimage\"},\"thumbnailUrl\":\"https:\\\/\\\/www.webdo.tn\\\/fr\\\/wp-content\\\/uploads\\\/2023\\\/04\\\/e4a9c83cd5fb3542504d4a708b9a7dca.jpg\",\"keywords\":[\"conseil minist\u00e9riel\",\"hcr\",\"migration irr\u00e9guli\u00e8re\",\"Subsahariens\"],\"articleSection\":[\"National\"],\"inLanguage\":\"fr-FR\"},{\"@type\":\"WebPage\",\"@id\":\"https:\\\/\\\/www.webdo.tn\\\/fr\\\/actualite\\\/national\\\/la-migration-irreguliere-au-centre-d-un-conseil-ministeriel\\\/204864\\\/\",\"url\":\"https:\\\/\\\/www.webdo.tn\\\/fr\\\/actualite\\\/national\\\/la-migration-irreguliere-au-centre-d-un-conseil-ministeriel\\\/204864\\\/\",\"name\":\"La migration irr\u00e9guli\u00e8re au centre d\u2019un Conseil minist\u00e9riel\",\"isPartOf\":{\"@id\":\"https:\\\/\\\/www.webdo.tn\\\/fr\\\/#website\"},\"primaryImageOfPage\":{\"@id\":\"https:\\\/\\\/www.webdo.tn\\\/fr\\\/actualite\\\/national\\\/la-migration-irreguliere-au-centre-d-un-conseil-ministeriel\\\/204864\\\/#primaryimage\"},\"image\":{\"@id\":\"https:\\\/\\\/www.webdo.tn\\\/fr\\\/actualite\\\/national\\\/la-migration-irreguliere-au-centre-d-un-conseil-ministeriel\\\/204864\\\/#primaryimage\"},\"thumbnailUrl\":\"https:\\\/\\\/www.webdo.tn\\\/fr\\\/wp-content\\\/uploads\\\/2023\\\/04\\\/e4a9c83cd5fb3542504d4a708b9a7dca.jpg\",\"datePublished\":\"2023-04-14T20:28:00+00:00\",\"dateModified\":\"2025-05-20T22:08:30+00:00\",\"description\":\"Un conseil minist\u00e9riel consacr\u00e9 au dossier de la migration s\u2019est tenu ce vendredi 14 avril 2023 au Palais du gouvernement \u00e0 la Kasbah.\",\"breadcrumb\":{\"@id\":\"https:\\\/\\\/www.webdo.tn\\\/fr\\\/actualite\\\/national\\\/la-migration-irreguliere-au-centre-d-un-conseil-ministeriel\\\/204864\\\/#breadcrumb\"},\"inLanguage\":\"fr-FR\",\"potentialAction\":[{\"@type\":\"ReadAction\",\"target\":[\"https:\\\/\\\/www.webdo.tn\\\/fr\\\/actualite\\\/national\\\/la-migration-irreguliere-au-centre-d-un-conseil-ministeriel\\\/204864\\\/\"]}]},{\"@type\":\"ImageObject\",\"inLanguage\":\"fr-FR\",\"@id\":\"https:\\\/\\\/www.webdo.tn\\\/fr\\\/actualite\\\/national\\\/la-migration-irreguliere-au-centre-d-un-conseil-ministeriel\\\/204864\\\/#primaryimage\",\"url\":\"https:\\\/\\\/www.webdo.tn\\\/fr\\\/wp-content\\\/uploads\\\/2023\\\/04\\\/e4a9c83cd5fb3542504d4a708b9a7dca.jpg\",\"contentUrl\":\"https:\\\/\\\/www.webdo.tn\\\/fr\\\/wp-content\\\/uploads\\\/2023\\\/04\\\/e4a9c83cd5fb3542504d4a708b9a7dca.jpg\",\"width\":750,\"height\":400,\"caption\":\"La migration irr\u00e9guli\u00e8re au centre d\u2019un Conseil minist\u00e9riel\"},{\"@type\":\"BreadcrumbList\",\"@id\":\"https:\\\/\\\/www.webdo.tn\\\/fr\\\/actualite\\\/national\\\/la-migration-irreguliere-au-centre-d-un-conseil-ministeriel\\\/204864\\\/#breadcrumb\",\"itemListElement\":[{\"@type\":\"ListItem\",\"position\":1,\"name\":\"Accueil\",\"item\":\"https:\\\/\\\/www.webdo.tn\\\/fr\\\/\"},{\"@type\":\"ListItem\",\"position\":2,\"name\":\"La migration irr\u00e9guli\u00e8re au centre d\u2019un Conseil minist\u00e9riel\"}]},{\"@type\":\"WebSite\",\"@id\":\"https:\\\/\\\/www.webdo.tn\\\/fr\\\/#website\",\"url\":\"https:\\\/\\\/www.webdo.tn\\\/fr\\\/\",\"name\":\"webdo\",\"description\":\"Tunisie - News en Tunisie et \u00e0 l&#039;international sur Webdo.tn\",\"publisher\":{\"@id\":\"https:\\\/\\\/www.webdo.tn\\\/fr\\\/#organization\"},\"potentialAction\":[{\"@type\":\"SearchAction\",\"target\":{\"@type\":\"EntryPoint\",\"urlTemplate\":\"https:\\\/\\\/www.webdo.tn\\\/fr\\\/?s={search_term_string}\"},\"query-input\":{\"@type\":\"PropertyValueSpecification\",\"valueRequired\":true,\"valueName\":\"search_term_string\"}}],\"inLanguage\":\"fr-FR\"},{\"@type\":\"Organization\",\"@id\":\"https:\\\/\\\/www.webdo.tn\\\/fr\\\/#organization\",\"name\":\"Webdo\",\"alternateName\":\"Webdo.tn\",\"url\":\"https:\\\/\\\/www.webdo.tn\\\/fr\\\/\",\"logo\":{\"@type\":\"ImageObject\",\"inLanguage\":\"fr-FR\",\"@id\":\"https:\\\/\\\/www.webdo.tn\\\/fr\\\/#\\\/schema\\\/logo\\\/image\\\/\",\"url\":\"https:\\\/\\\/www.webdo.tn\\\/fr\\\/wp-content\\\/uploads\\\/2025\\\/06\\\/Webdo-Tunisie_168377.jpg\",\"contentUrl\":\"https:\\\/\\\/www.webdo.tn\\\/fr\\\/wp-content\\\/uploads\\\/2025\\\/06\\\/Webdo-Tunisie_168377.jpg\",\"width\":301,\"height\":301,\"caption\":\"Webdo\"},\"image\":{\"@id\":\"https:\\\/\\\/www.webdo.tn\\\/fr\\\/#\\\/schema\\\/logo\\\/image\\\/\"},\"sameAs\":[\"https:\\\/\\\/www.facebook.com\\\/webdotn\",\"https:\\\/\\\/x.com\\\/webdo_tn\"],\"description\":\"Webdo est un m\u00e9dia num\u00e9rique tunisien fond\u00e9 en 2010, sp\u00e9cialis\u00e9 dans l\u2019actualit\u00e9 nationale et internationale, l\u2019\u00e9conomie, la soci\u00e9t\u00e9 et les analyses politiques. Le site s\u2019adresse \u00e0 un large public francophone et couvre l\u2019information tunisienne en temps r\u00e9el.\",\"email\":\"redac@webdo.tn\",\"legalName\":\"YNJ SARL\",\"foundingDate\":\"2010-09-06\",\"numberOfEmployees\":{\"@type\":\"QuantitativeValue\",\"minValue\":\"11\",\"maxValue\":\"50\"}},{\"@type\":\"Person\",\"@id\":\"https:\\\/\\\/www.webdo.tn\\\/fr\\\/#\\\/schema\\\/person\\\/2c4929cbf5a809e3bd38617c6ce150f6\",\"name\":\"MC\",\"image\":{\"@type\":\"ImageObject\",\"inLanguage\":\"fr-FR\",\"@id\":\"https:\\\/\\\/secure.gravatar.com\\\/avatar\\\/a545bbb6f84efdd5553dbbc2895e3ca8f1d12c5215e00a041c9670b54aa9b18a?s=96&d=mm&r=g\",\"url\":\"https:\\\/\\\/secure.gravatar.com\\\/avatar\\\/a545bbb6f84efdd5553dbbc2895e3ca8f1d12c5215e00a041c9670b54aa9b18a?s=96&d=mm&r=g\",\"contentUrl\":\"https:\\\/\\\/secure.gravatar.com\\\/avatar\\\/a545bbb6f84efdd5553dbbc2895e3ca8f1d12c5215e00a041c9670b54aa9b18a?s=96&d=mm&r=g\",\"caption\":\"MC\"},\"url\":\"https:\\\/\\\/www.webdo.tn\\\/fr\\\/actualite\\\/author\\\/mc\\\/\"}]}<\/script>\n<!-- \/ Yoast SEO Premium plugin. -->","yoast_head_json":{"title":"La migration irr\u00e9guli\u00e8re au centre d\u2019un Conseil minist\u00e9riel","description":"Un conseil minist\u00e9riel consacr\u00e9 au dossier de la migration s\u2019est tenu ce vendredi 14 avril 2023 au Palais du gouvernement \u00e0 la Kasbah.","canonical":"https:\/\/www.webdo.tn\/fr\/actualite\/national\/la-migration-irreguliere-au-centre-d-un-conseil-ministeriel\/204864\/","og_locale":"fr_FR","og_type":"article","og_title":"La migration irr\u00e9guli\u00e8re au centre d\u2019un Conseil minist\u00e9riel","og_description":"Un conseil minist\u00e9riel consacr\u00e9 au dossier de la migration s\u2019est tenu ce vendredi 14 avril 2023 au Palais du gouvernement \u00e0 la Kasbah.","og_url":"https:\/\/www.webdo.tn\/fr\/actualite\/national\/la-migration-irreguliere-au-centre-d-un-conseil-ministeriel\/204864\/","og_site_name":"webdo","article_publisher":"https:\/\/www.facebook.com\/webdotn","article_published_time":"2023-04-14T20:28:00+00:00","article_modified_time":"2025-05-20T22:08:30+00:00","og_image":[{"width":750,"height":400,"url":"https:\/\/www.webdo.tn\/fr\/wp-content\/uploads\/2023\/04\/e4a9c83cd5fb3542504d4a708b9a7dca.jpg","type":"image\/jpeg"}],"author":"MC","twitter_card":"summary_large_image","twitter_creator":"@webdo_tn","twitter_site":"@webdo_tn","twitter_misc":{"\u00c9crit par":"MC","Dur\u00e9e de lecture estim\u00e9e":"2 minutes"},"schema":{"@context":"https:\/\/schema.org","@graph":[{"@type":"NewsArticle","@id":"https:\/\/www.webdo.tn\/fr\/actualite\/national\/la-migration-irreguliere-au-centre-d-un-conseil-ministeriel\/204864\/#article","isPartOf":{"@id":"https:\/\/www.webdo.tn\/fr\/actualite\/national\/la-migration-irreguliere-au-centre-d-un-conseil-ministeriel\/204864\/"},"author":{"name":"MC","@id":"https:\/\/www.webdo.tn\/fr\/#\/schema\/person\/2c4929cbf5a809e3bd38617c6ce150f6"},"headline":"La migration irr\u00e9guli\u00e8re au centre d\u2019un Conseil minist\u00e9riel","datePublished":"2023-04-14T20:28:00+00:00","dateModified":"2025-05-20T22:08:30+00:00","mainEntityOfPage":{"@id":"https:\/\/www.webdo.tn\/fr\/actualite\/national\/la-migration-irreguliere-au-centre-d-un-conseil-ministeriel\/204864\/"},"wordCount":370,"commentCount":0,"publisher":{"@id":"https:\/\/www.webdo.tn\/fr\/#organization"},"image":{"@id":"https:\/\/www.webdo.tn\/fr\/actualite\/national\/la-migration-irreguliere-au-centre-d-un-conseil-ministeriel\/204864\/#primaryimage"},"thumbnailUrl":"https:\/\/www.webdo.tn\/fr\/wp-content\/uploads\/2023\/04\/e4a9c83cd5fb3542504d4a708b9a7dca.jpg","keywords":["conseil minist\u00e9riel","hcr","migration irr\u00e9guli\u00e8re","Subsahariens"],"articleSection":["National"],"inLanguage":"fr-FR"},{"@type":"WebPage","@id":"https:\/\/www.webdo.tn\/fr\/actualite\/national\/la-migration-irreguliere-au-centre-d-un-conseil-ministeriel\/204864\/","url":"https:\/\/www.webdo.tn\/fr\/actualite\/national\/la-migration-irreguliere-au-centre-d-un-conseil-ministeriel\/204864\/","name":"La migration irr\u00e9guli\u00e8re au centre d\u2019un Conseil minist\u00e9riel","isPartOf":{"@id":"https:\/\/www.webdo.tn\/fr\/#website"},"primaryImageOfPage":{"@id":"https:\/\/www.webdo.tn\/fr\/actualite\/national\/la-migration-irreguliere-au-centre-d-un-conseil-ministeriel\/204864\/#primaryimage"},"image":{"@id":"https:\/\/www.webdo.tn\/fr\/actualite\/national\/la-migration-irreguliere-au-centre-d-un-conseil-ministeriel\/204864\/#primaryimage"},"thumbnailUrl":"https:\/\/www.webdo.tn\/fr\/wp-content\/uploads\/2023\/04\/e4a9c83cd5fb3542504d4a708b9a7dca.jpg","datePublished":"2023-04-14T20:28:00+00:00","dateModified":"2025-05-20T22:08:30+00:00","description":"Un conseil minist\u00e9riel consacr\u00e9 au dossier de la migration s\u2019est tenu ce vendredi 14 avril 2023 au Palais du gouvernement \u00e0 la Kasbah.","breadcrumb":{"@id":"https:\/\/www.webdo.tn\/fr\/actualite\/national\/la-migration-irreguliere-au-centre-d-un-conseil-ministeriel\/204864\/#breadcrumb"},"inLanguage":"fr-FR","potentialAction":[{"@type":"ReadAction","target":["https:\/\/www.webdo.tn\/fr\/actualite\/national\/la-migration-irreguliere-au-centre-d-un-conseil-ministeriel\/204864\/"]}]},{"@type":"ImageObject","inLanguage":"fr-FR","@id":"https:\/\/www.webdo.tn\/fr\/actualite\/national\/la-migration-irreguliere-au-centre-d-un-conseil-ministeriel\/204864\/#primaryimage","url":"https:\/\/www.webdo.tn\/fr\/wp-content\/uploads\/2023\/04\/e4a9c83cd5fb3542504d4a708b9a7dca.jpg","contentUrl":"https:\/\/www.webdo.tn\/fr\/wp-content\/uploads\/2023\/04\/e4a9c83cd5fb3542504d4a708b9a7dca.jpg","width":750,"height":400,"caption":"La migration irr\u00e9guli\u00e8re au centre d\u2019un Conseil minist\u00e9riel"},{"@type":"BreadcrumbList","@id":"https:\/\/www.webdo.tn\/fr\/actualite\/national\/la-migration-irreguliere-au-centre-d-un-conseil-ministeriel\/204864\/#breadcrumb","itemListElement":[{"@type":"ListItem","position":1,"name":"Accueil","item":"https:\/\/www.webdo.tn\/fr\/"},{"@type":"ListItem","position":2,"name":"La migration irr\u00e9guli\u00e8re au centre d\u2019un Conseil minist\u00e9riel"}]},{"@type":"WebSite","@id":"https:\/\/www.webdo.tn\/fr\/#website","url":"https:\/\/www.webdo.tn\/fr\/","name":"webdo","description":"Tunisie - News en Tunisie et \u00e0 l&#039;international sur Webdo.tn","publisher":{"@id":"https:\/\/www.webdo.tn\/fr\/#organization"},"potentialAction":[{"@type":"SearchAction","target":{"@type":"EntryPoint","urlTemplate":"https:\/\/www.webdo.tn\/fr\/?s={search_term_string}"},"query-input":{"@type":"PropertyValueSpecification","valueRequired":true,"valueName":"search_term_string"}}],"inLanguage":"fr-FR"},{"@type":"Organization","@id":"https:\/\/www.webdo.tn\/fr\/#organization","name":"Webdo","alternateName":"Webdo.tn","url":"https:\/\/www.webdo.tn\/fr\/","logo":{"@type":"ImageObject","inLanguage":"fr-FR","@id":"https:\/\/www.webdo.tn\/fr\/#\/schema\/logo\/image\/","url":"https:\/\/www.webdo.tn\/fr\/wp-content\/uploads\/2025\/06\/Webdo-Tunisie_168377.jpg","contentUrl":"https:\/\/www.webdo.tn\/fr\/wp-content\/uploads\/2025\/06\/Webdo-Tunisie_168377.jpg","width":301,"height":301,"caption":"Webdo"},"image":{"@id":"https:\/\/www.webdo.tn\/fr\/#\/schema\/logo\/image\/"},"sameAs":["https:\/\/www.facebook.com\/webdotn","https:\/\/x.com\/webdo_tn"],"description":"Webdo est un m\u00e9dia num\u00e9rique tunisien fond\u00e9 en 2010, sp\u00e9cialis\u00e9 dans l\u2019actualit\u00e9 nationale et internationale, l\u2019\u00e9conomie, la soci\u00e9t\u00e9 et les analyses politiques. Le site s\u2019adresse \u00e0 un large public francophone et couvre l\u2019information tunisienne en temps r\u00e9el.","email":"redac@webdo.tn","legalName":"YNJ SARL","foundingDate":"2010-09-06","numberOfEmployees":{"@type":"QuantitativeValue","minValue":"11","maxValue":"50"}},{"@type":"Person","@id":"https:\/\/www.webdo.tn\/fr\/#\/schema\/person\/2c4929cbf5a809e3bd38617c6ce150f6","name":"MC","image":{"@type":"ImageObject","inLanguage":"fr-FR","@id":"https:\/\/secure.gravatar.com\/avatar\/a545bbb6f84efdd5553dbbc2895e3ca8f1d12c5215e00a041c9670b54aa9b18a?s=96&d=mm&r=g","url":"https:\/\/secure.gravatar.com\/avatar\/a545bbb6f84efdd5553dbbc2895e3ca8f1d12c5215e00a041c9670b54aa9b18a?s=96&d=mm&r=g","contentUrl":"https:\/\/secure.gravatar.com\/avatar\/a545bbb6f84efdd5553dbbc2895e3ca8f1d12c5215e00a041c9670b54aa9b18a?s=96&d=mm&r=g","caption":"MC"},"url":"https:\/\/www.webdo.tn\/fr\/actualite\/author\/mc\/"}]}},"_links":{"self":[{"href":"https:\/\/www.webdo.tn\/fr\/wp-json\/wp\/v2\/posts\/204864","targetHints":{"allow":["GET"]}}],"collection":[{"href":"https:\/\/www.webdo.tn\/fr\/wp-json\/wp\/v2\/posts"}],"about":[{"href":"https:\/\/www.webdo.tn\/fr\/wp-json\/wp\/v2\/types\/post"}],"author":[{"embeddable":true,"href":"https:\/\/www.webdo.tn\/fr\/wp-json\/wp\/v2\/users\/3162"}],"replies":[{"embeddable":true,"href":"https:\/\/www.webdo.tn\/fr\/wp-json\/wp\/v2\/comments?post=204864"}],"version-history":[{"count":0,"href":"https:\/\/www.webdo.tn\/fr\/wp-json\/wp\/v2\/posts\/204864\/revisions"}],"wp:featuredmedia":[{"embeddable":true,"href":"https:\/\/www.webdo.tn\/fr\/wp-json\/wp\/v2\/media\/278072"}],"wp:attachment":[{"href":"https:\/\/www.webdo.tn\/fr\/wp-json\/wp\/v2\/media?parent=204864"}],"wp:term":[{"taxonomy":"category","embeddable":true,"href":"https:\/\/www.webdo.tn\/fr\/wp-json\/wp\/v2\/categories?post=204864"},{"taxonomy":"post_tag","embeddable":true,"href":"https:\/\/www.webdo.tn\/fr\/wp-json\/wp\/v2\/tags?post=204864"}],"curies":[{"name":"wp","href":"https:\/\/api.w.org\/{rel}","templated":true}]}}