{"id":204855,"date":"2023-04-14T14:24:00","date_gmt":"2023-04-14T14:24:00","guid":{"rendered":"https:\/\/www.webdo.tn\/fr\/blog\/l-homme-d-affaires-bechir-jnayeh-chute-du-troisieme-etage-d-un-hotel\/204855\/"},"modified":"2025-05-20T22:44:15","modified_gmt":"2025-05-20T22:44:15","slug":"l-homme-d-affaires-bechir-jnayeh-chute-du-troisieme-etage-d-un-hotel","status":"publish","type":"post","link":"https:\/\/www.webdo.tn\/fr\/actualite\/national\/l-homme-d-affaires-bechir-jnayeh-chute-du-troisieme-etage-d-un-hotel\/204855\/","title":{"rendered":"Sousse : L\u2019homme d\u2019affaires Bechir Jenayeh chute du troisi\u00e8me \u00e9tage d\u2019un h\u00f4tel"},"content":{"rendered":"<p>L\u2019homme d\u2019affaires Bechir Jenayeh a chut\u00e9, hier jeudi 13 avril, du troisi\u00e8me \u00e9tage d\u2019un h\u00f4tel \u00e0 Sousse dans des circonstances absurdes.<\/p>\n<p>\t\t\t\t\t\t\t\t\tLe substitut du procureur de la R\u00e9publique et porte-parole du Tribunal de Sousse 1, Moez Yousf a bris\u00e9 le silence, il affirme que l\u2019homme d\u2019affaire en question, admis dans une clinique priv\u00e9e, a en effet chut\u00e9 du troisi\u00e8me \u00e9tage d\u2019un h\u00f4tel \u00e9cartant la possibilit\u00e9 de l\u2019existence de crime.\u00a0<\/p>\n<p>\u00ab Un faux pas a conduit \u00e0 cette chute \u00bb, a-t-il expliqu\u00e9 affirmant que le repr\u00e9sentant du procureur de la R\u00e9publique s\u2019est d\u00e9plac\u00e9 sur les lieux.\u00a0<br \/>\nCependant, cette source judiciaire ne pr\u00e9cise pas s\u2019il y aura une enqu\u00eate judiciaire suite \u00e0 cet incident.<\/p>\n","protected":false},"excerpt":{"rendered":"<p>L\u2019homme d\u2019affaires Bechir Jenayeh a chut\u00e9, hier jeudi 13 avril, du troisi\u00e8me \u00e9tage d\u2019un h\u00f4tel \u00e0 Sousse dans des circonstances absurdes.<\/p>\n","protected":false},"author":3175,"featured_media":251434,"comment_status":"open","ping_status":"closed","sticky":false,"template":"","format":"standard","meta":{"footnotes":""},"categories":[44],"tags":[2987,2683,2699,2608],"class_list":["post-204855","post","type-post","status-publish","format-standard","has-post-thumbnail","hentry","category-national","tag-chute","tag-homme-daffaires","tag-sousse","tag-tunisie"],"yoast_head":"<!-- This site is optimized with the Yoast SEO Premium plugin v27.5 (Yoast SEO v27.5) - https:\/\/yoast.com\/product\/yoast-seo-premium-wordpress\/ -->\n<title>Sousse : L\u2019homme d\u2019affaires Bechir Jenayeh chute du troisi\u00e8me \u00e9tage d\u2019un h\u00f4tel<\/title>\n<meta name=\"description\" content=\"L\u2019homme d\u2019affaires Bechir Jenayeh a chut\u00e9, hier jeudi 13 avril, du troisi\u00e8me \u00e9tage d\u2019un h\u00f4tel \u00e0 Sousse dans des circonstances absurdes.\" \/>\n<link rel=\"canonical\" href=\"https:\/\/www.webdo.tn\/fr\/actualite\/national\/l-homme-d-affaires-bechir-jnayeh-chute-du-troisieme-etage-d-un-hotel\/204855\/\" \/>\n<meta property=\"og:locale\" content=\"fr_FR\" \/>\n<meta property=\"og:type\" content=\"article\" \/>\n<meta property=\"og:title\" content=\"Sousse : L\u2019homme d\u2019affaires Bechir Jenayeh chute du troisi\u00e8me \u00e9tage d\u2019un h\u00f4tel\" \/>\n<meta property=\"og:description\" content=\"L\u2019homme d\u2019affaires Bechir Jenayeh a chut\u00e9, hier jeudi 13 avril, du troisi\u00e8me \u00e9tage d\u2019un h\u00f4tel \u00e0 Sousse dans des circonstances absurdes.\" \/>\n<meta property=\"og:url\" content=\"https:\/\/www.webdo.tn\/fr\/actualite\/national\/l-homme-d-affaires-bechir-jnayeh-chute-du-troisieme-etage-d-un-hotel\/204855\/\" \/>\n<meta property=\"og:site_name\" content=\"webdo\" \/>\n<meta property=\"article:publisher\" content=\"https:\/\/www.facebook.com\/webdotn\" \/>\n<meta property=\"article:published_time\" content=\"2023-04-14T14:24:00+00:00\" \/>\n<meta property=\"article:modified_time\" content=\"2025-05-20T22:44:15+00:00\" \/>\n<meta property=\"og:image\" content=\"https:\/\/www.webdo.tn\/fr\/wp-content\/uploads\/2023\/04\/198bb6eb91079d7d4a0b0e3f793b5c28.png\" \/>\n\t<meta property=\"og:image:width\" content=\"750\" \/>\n\t<meta property=\"og:image:height\" content=\"400\" \/>\n\t<meta property=\"og:image:type\" content=\"image\/png\" \/>\n<meta name=\"author\" content=\"CL\" \/>\n<meta name=\"twitter:card\" content=\"summary_large_image\" \/>\n<meta name=\"twitter:creator\" content=\"@webdo_tn\" \/>\n<meta name=\"twitter:site\" content=\"@webdo_tn\" \/>\n<meta name=\"twitter:label1\" content=\"\u00c9crit par\" \/>\n\t<meta name=\"twitter:data1\" content=\"CL\" \/>\n\t<meta name=\"twitter:label2\" content=\"Dur\u00e9e de lecture estim\u00e9e\" \/>\n\t<meta name=\"twitter:data2\" content=\"1 minute\" \/>\n<script type=\"application\/ld+json\" class=\"yoast-schema-graph\">{\"@context\":\"https:\\\/\\\/schema.org\",\"@graph\":[{\"@type\":\"NewsArticle\",\"@id\":\"https:\\\/\\\/www.webdo.tn\\\/fr\\\/actualite\\\/national\\\/l-homme-d-affaires-bechir-jnayeh-chute-du-troisieme-etage-d-un-hotel\\\/204855\\\/#article\",\"isPartOf\":{\"@id\":\"https:\\\/\\\/www.webdo.tn\\\/fr\\\/actualite\\\/national\\\/l-homme-d-affaires-bechir-jnayeh-chute-du-troisieme-etage-d-un-hotel\\\/204855\\\/\"},\"author\":{\"name\":\"CL\",\"@id\":\"https:\\\/\\\/www.webdo.tn\\\/fr\\\/#\\\/schema\\\/person\\\/f35b42a42c5e2511bbd282959d6385cc\"},\"headline\":\"Sousse : L\u2019homme d\u2019affaires Bechir Jenayeh chute du troisi\u00e8me \u00e9tage d\u2019un h\u00f4tel\",\"datePublished\":\"2023-04-14T14:24:00+00:00\",\"dateModified\":\"2025-05-20T22:44:15+00:00\",\"mainEntityOfPage\":{\"@id\":\"https:\\\/\\\/www.webdo.tn\\\/fr\\\/actualite\\\/national\\\/l-homme-d-affaires-bechir-jnayeh-chute-du-troisieme-etage-d-un-hotel\\\/204855\\\/\"},\"wordCount\":141,\"commentCount\":0,\"publisher\":{\"@id\":\"https:\\\/\\\/www.webdo.tn\\\/fr\\\/#organization\"},\"image\":{\"@id\":\"https:\\\/\\\/www.webdo.tn\\\/fr\\\/actualite\\\/national\\\/l-homme-d-affaires-bechir-jnayeh-chute-du-troisieme-etage-d-un-hotel\\\/204855\\\/#primaryimage\"},\"thumbnailUrl\":\"https:\\\/\\\/www.webdo.tn\\\/fr\\\/wp-content\\\/uploads\\\/2023\\\/04\\\/198bb6eb91079d7d4a0b0e3f793b5c28.png\",\"keywords\":[\"chute\",\"Homme d'affaires\",\"Sousse\",\"Tunisie\"],\"articleSection\":[\"National\"],\"inLanguage\":\"fr-FR\"},{\"@type\":\"WebPage\",\"@id\":\"https:\\\/\\\/www.webdo.tn\\\/fr\\\/actualite\\\/national\\\/l-homme-d-affaires-bechir-jnayeh-chute-du-troisieme-etage-d-un-hotel\\\/204855\\\/\",\"url\":\"https:\\\/\\\/www.webdo.tn\\\/fr\\\/actualite\\\/national\\\/l-homme-d-affaires-bechir-jnayeh-chute-du-troisieme-etage-d-un-hotel\\\/204855\\\/\",\"name\":\"Sousse : L\u2019homme d\u2019affaires Bechir Jenayeh chute du troisi\u00e8me \u00e9tage d\u2019un h\u00f4tel\",\"isPartOf\":{\"@id\":\"https:\\\/\\\/www.webdo.tn\\\/fr\\\/#website\"},\"primaryImageOfPage\":{\"@id\":\"https:\\\/\\\/www.webdo.tn\\\/fr\\\/actualite\\\/national\\\/l-homme-d-affaires-bechir-jnayeh-chute-du-troisieme-etage-d-un-hotel\\\/204855\\\/#primaryimage\"},\"image\":{\"@id\":\"https:\\\/\\\/www.webdo.tn\\\/fr\\\/actualite\\\/national\\\/l-homme-d-affaires-bechir-jnayeh-chute-du-troisieme-etage-d-un-hotel\\\/204855\\\/#primaryimage\"},\"thumbnailUrl\":\"https:\\\/\\\/www.webdo.tn\\\/fr\\\/wp-content\\\/uploads\\\/2023\\\/04\\\/198bb6eb91079d7d4a0b0e3f793b5c28.png\",\"datePublished\":\"2023-04-14T14:24:00+00:00\",\"dateModified\":\"2025-05-20T22:44:15+00:00\",\"description\":\"L\u2019homme d\u2019affaires Bechir Jenayeh a chut\u00e9, hier jeudi 13 avril, du troisi\u00e8me \u00e9tage d\u2019un h\u00f4tel \u00e0 Sousse dans des circonstances absurdes.\",\"breadcrumb\":{\"@id\":\"https:\\\/\\\/www.webdo.tn\\\/fr\\\/actualite\\\/national\\\/l-homme-d-affaires-bechir-jnayeh-chute-du-troisieme-etage-d-un-hotel\\\/204855\\\/#breadcrumb\"},\"inLanguage\":\"fr-FR\",\"potentialAction\":[{\"@type\":\"ReadAction\",\"target\":[\"https:\\\/\\\/www.webdo.tn\\\/fr\\\/actualite\\\/national\\\/l-homme-d-affaires-bechir-jnayeh-chute-du-troisieme-etage-d-un-hotel\\\/204855\\\/\"]}]},{\"@type\":\"ImageObject\",\"inLanguage\":\"fr-FR\",\"@id\":\"https:\\\/\\\/www.webdo.tn\\\/fr\\\/actualite\\\/national\\\/l-homme-d-affaires-bechir-jnayeh-chute-du-troisieme-etage-d-un-hotel\\\/204855\\\/#primaryimage\",\"url\":\"https:\\\/\\\/www.webdo.tn\\\/fr\\\/wp-content\\\/uploads\\\/2023\\\/04\\\/198bb6eb91079d7d4a0b0e3f793b5c28.png\",\"contentUrl\":\"https:\\\/\\\/www.webdo.tn\\\/fr\\\/wp-content\\\/uploads\\\/2023\\\/04\\\/198bb6eb91079d7d4a0b0e3f793b5c28.png\",\"width\":750,\"height\":400,\"caption\":\"H\u00f4pital\"},{\"@type\":\"BreadcrumbList\",\"@id\":\"https:\\\/\\\/www.webdo.tn\\\/fr\\\/actualite\\\/national\\\/l-homme-d-affaires-bechir-jnayeh-chute-du-troisieme-etage-d-un-hotel\\\/204855\\\/#breadcrumb\",\"itemListElement\":[{\"@type\":\"ListItem\",\"position\":1,\"name\":\"Accueil\",\"item\":\"https:\\\/\\\/www.webdo.tn\\\/fr\\\/\"},{\"@type\":\"ListItem\",\"position\":2,\"name\":\"Sousse : L\u2019homme d\u2019affaires Bechir Jenayeh chute du troisi\u00e8me \u00e9tage d\u2019un h\u00f4tel\"}]},{\"@type\":\"WebSite\",\"@id\":\"https:\\\/\\\/www.webdo.tn\\\/fr\\\/#website\",\"url\":\"https:\\\/\\\/www.webdo.tn\\\/fr\\\/\",\"name\":\"webdo\",\"description\":\"Tunisie - News en Tunisie et \u00e0 l&#039;international sur Webdo.tn\",\"publisher\":{\"@id\":\"https:\\\/\\\/www.webdo.tn\\\/fr\\\/#organization\"},\"potentialAction\":[{\"@type\":\"SearchAction\",\"target\":{\"@type\":\"EntryPoint\",\"urlTemplate\":\"https:\\\/\\\/www.webdo.tn\\\/fr\\\/?s={search_term_string}\"},\"query-input\":{\"@type\":\"PropertyValueSpecification\",\"valueRequired\":true,\"valueName\":\"search_term_string\"}}],\"inLanguage\":\"fr-FR\"},{\"@type\":\"Organization\",\"@id\":\"https:\\\/\\\/www.webdo.tn\\\/fr\\\/#organization\",\"name\":\"Webdo\",\"alternateName\":\"Webdo.tn\",\"url\":\"https:\\\/\\\/www.webdo.tn\\\/fr\\\/\",\"logo\":{\"@type\":\"ImageObject\",\"inLanguage\":\"fr-FR\",\"@id\":\"https:\\\/\\\/www.webdo.tn\\\/fr\\\/#\\\/schema\\\/logo\\\/image\\\/\",\"url\":\"https:\\\/\\\/www.webdo.tn\\\/fr\\\/wp-content\\\/uploads\\\/2025\\\/06\\\/Webdo-Tunisie_168377.jpg\",\"contentUrl\":\"https:\\\/\\\/www.webdo.tn\\\/fr\\\/wp-content\\\/uploads\\\/2025\\\/06\\\/Webdo-Tunisie_168377.jpg\",\"width\":301,\"height\":301,\"caption\":\"Webdo\"},\"image\":{\"@id\":\"https:\\\/\\\/www.webdo.tn\\\/fr\\\/#\\\/schema\\\/logo\\\/image\\\/\"},\"sameAs\":[\"https:\\\/\\\/www.facebook.com\\\/webdotn\",\"https:\\\/\\\/x.com\\\/webdo_tn\"],\"description\":\"Webdo est un m\u00e9dia num\u00e9rique tunisien fond\u00e9 en 2010, sp\u00e9cialis\u00e9 dans l\u2019actualit\u00e9 nationale et internationale, l\u2019\u00e9conomie, la soci\u00e9t\u00e9 et les analyses politiques. Le site s\u2019adresse \u00e0 un large public francophone et couvre l\u2019information tunisienne en temps r\u00e9el.\",\"email\":\"redac@webdo.tn\",\"legalName\":\"YNJ SARL\",\"foundingDate\":\"2010-09-06\",\"numberOfEmployees\":{\"@type\":\"QuantitativeValue\",\"minValue\":\"11\",\"maxValue\":\"50\"}},{\"@type\":\"Person\",\"@id\":\"https:\\\/\\\/www.webdo.tn\\\/fr\\\/#\\\/schema\\\/person\\\/f35b42a42c5e2511bbd282959d6385cc\",\"name\":\"CL\",\"image\":{\"@type\":\"ImageObject\",\"inLanguage\":\"fr-FR\",\"@id\":\"https:\\\/\\\/secure.gravatar.com\\\/avatar\\\/1447a49909b67aa657c488aec6512e1dd6143a480c1ecfee9b5b5cd74eb3b59e?s=96&d=mm&r=g\",\"url\":\"https:\\\/\\\/secure.gravatar.com\\\/avatar\\\/1447a49909b67aa657c488aec6512e1dd6143a480c1ecfee9b5b5cd74eb3b59e?s=96&d=mm&r=g\",\"contentUrl\":\"https:\\\/\\\/secure.gravatar.com\\\/avatar\\\/1447a49909b67aa657c488aec6512e1dd6143a480c1ecfee9b5b5cd74eb3b59e?s=96&d=mm&r=g\",\"caption\":\"CL\"},\"url\":\"https:\\\/\\\/www.webdo.tn\\\/fr\\\/actualite\\\/author\\\/cl\\\/\"}]}<\/script>\n<!-- \/ Yoast SEO Premium plugin. -->","yoast_head_json":{"title":"Sousse : L\u2019homme d\u2019affaires Bechir Jenayeh chute du troisi\u00e8me \u00e9tage d\u2019un h\u00f4tel","description":"L\u2019homme d\u2019affaires Bechir Jenayeh a chut\u00e9, hier jeudi 13 avril, du troisi\u00e8me \u00e9tage d\u2019un h\u00f4tel \u00e0 Sousse dans des circonstances absurdes.","canonical":"https:\/\/www.webdo.tn\/fr\/actualite\/national\/l-homme-d-affaires-bechir-jnayeh-chute-du-troisieme-etage-d-un-hotel\/204855\/","og_locale":"fr_FR","og_type":"article","og_title":"Sousse : L\u2019homme d\u2019affaires Bechir Jenayeh chute du troisi\u00e8me \u00e9tage d\u2019un h\u00f4tel","og_description":"L\u2019homme d\u2019affaires Bechir Jenayeh a chut\u00e9, hier jeudi 13 avril, du troisi\u00e8me \u00e9tage d\u2019un h\u00f4tel \u00e0 Sousse dans des circonstances absurdes.","og_url":"https:\/\/www.webdo.tn\/fr\/actualite\/national\/l-homme-d-affaires-bechir-jnayeh-chute-du-troisieme-etage-d-un-hotel\/204855\/","og_site_name":"webdo","article_publisher":"https:\/\/www.facebook.com\/webdotn","article_published_time":"2023-04-14T14:24:00+00:00","article_modified_time":"2025-05-20T22:44:15+00:00","og_image":[{"width":750,"height":400,"url":"https:\/\/www.webdo.tn\/fr\/wp-content\/uploads\/2023\/04\/198bb6eb91079d7d4a0b0e3f793b5c28.png","type":"image\/png"}],"author":"CL","twitter_card":"summary_large_image","twitter_creator":"@webdo_tn","twitter_site":"@webdo_tn","twitter_misc":{"\u00c9crit par":"CL","Dur\u00e9e de lecture estim\u00e9e":"1 minute"},"schema":{"@context":"https:\/\/schema.org","@graph":[{"@type":"NewsArticle","@id":"https:\/\/www.webdo.tn\/fr\/actualite\/national\/l-homme-d-affaires-bechir-jnayeh-chute-du-troisieme-etage-d-un-hotel\/204855\/#article","isPartOf":{"@id":"https:\/\/www.webdo.tn\/fr\/actualite\/national\/l-homme-d-affaires-bechir-jnayeh-chute-du-troisieme-etage-d-un-hotel\/204855\/"},"author":{"name":"CL","@id":"https:\/\/www.webdo.tn\/fr\/#\/schema\/person\/f35b42a42c5e2511bbd282959d6385cc"},"headline":"Sousse : L\u2019homme d\u2019affaires Bechir Jenayeh chute du troisi\u00e8me \u00e9tage d\u2019un h\u00f4tel","datePublished":"2023-04-14T14:24:00+00:00","dateModified":"2025-05-20T22:44:15+00:00","mainEntityOfPage":{"@id":"https:\/\/www.webdo.tn\/fr\/actualite\/national\/l-homme-d-affaires-bechir-jnayeh-chute-du-troisieme-etage-d-un-hotel\/204855\/"},"wordCount":141,"commentCount":0,"publisher":{"@id":"https:\/\/www.webdo.tn\/fr\/#organization"},"image":{"@id":"https:\/\/www.webdo.tn\/fr\/actualite\/national\/l-homme-d-affaires-bechir-jnayeh-chute-du-troisieme-etage-d-un-hotel\/204855\/#primaryimage"},"thumbnailUrl":"https:\/\/www.webdo.tn\/fr\/wp-content\/uploads\/2023\/04\/198bb6eb91079d7d4a0b0e3f793b5c28.png","keywords":["chute","Homme d'affaires","Sousse","Tunisie"],"articleSection":["National"],"inLanguage":"fr-FR"},{"@type":"WebPage","@id":"https:\/\/www.webdo.tn\/fr\/actualite\/national\/l-homme-d-affaires-bechir-jnayeh-chute-du-troisieme-etage-d-un-hotel\/204855\/","url":"https:\/\/www.webdo.tn\/fr\/actualite\/national\/l-homme-d-affaires-bechir-jnayeh-chute-du-troisieme-etage-d-un-hotel\/204855\/","name":"Sousse : L\u2019homme d\u2019affaires Bechir Jenayeh chute du troisi\u00e8me \u00e9tage d\u2019un h\u00f4tel","isPartOf":{"@id":"https:\/\/www.webdo.tn\/fr\/#website"},"primaryImageOfPage":{"@id":"https:\/\/www.webdo.tn\/fr\/actualite\/national\/l-homme-d-affaires-bechir-jnayeh-chute-du-troisieme-etage-d-un-hotel\/204855\/#primaryimage"},"image":{"@id":"https:\/\/www.webdo.tn\/fr\/actualite\/national\/l-homme-d-affaires-bechir-jnayeh-chute-du-troisieme-etage-d-un-hotel\/204855\/#primaryimage"},"thumbnailUrl":"https:\/\/www.webdo.tn\/fr\/wp-content\/uploads\/2023\/04\/198bb6eb91079d7d4a0b0e3f793b5c28.png","datePublished":"2023-04-14T14:24:00+00:00","dateModified":"2025-05-20T22:44:15+00:00","description":"L\u2019homme d\u2019affaires Bechir Jenayeh a chut\u00e9, hier jeudi 13 avril, du troisi\u00e8me \u00e9tage d\u2019un h\u00f4tel \u00e0 Sousse dans des circonstances absurdes.","breadcrumb":{"@id":"https:\/\/www.webdo.tn\/fr\/actualite\/national\/l-homme-d-affaires-bechir-jnayeh-chute-du-troisieme-etage-d-un-hotel\/204855\/#breadcrumb"},"inLanguage":"fr-FR","potentialAction":[{"@type":"ReadAction","target":["https:\/\/www.webdo.tn\/fr\/actualite\/national\/l-homme-d-affaires-bechir-jnayeh-chute-du-troisieme-etage-d-un-hotel\/204855\/"]}]},{"@type":"ImageObject","inLanguage":"fr-FR","@id":"https:\/\/www.webdo.tn\/fr\/actualite\/national\/l-homme-d-affaires-bechir-jnayeh-chute-du-troisieme-etage-d-un-hotel\/204855\/#primaryimage","url":"https:\/\/www.webdo.tn\/fr\/wp-content\/uploads\/2023\/04\/198bb6eb91079d7d4a0b0e3f793b5c28.png","contentUrl":"https:\/\/www.webdo.tn\/fr\/wp-content\/uploads\/2023\/04\/198bb6eb91079d7d4a0b0e3f793b5c28.png","width":750,"height":400,"caption":"H\u00f4pital"},{"@type":"BreadcrumbList","@id":"https:\/\/www.webdo.tn\/fr\/actualite\/national\/l-homme-d-affaires-bechir-jnayeh-chute-du-troisieme-etage-d-un-hotel\/204855\/#breadcrumb","itemListElement":[{"@type":"ListItem","position":1,"name":"Accueil","item":"https:\/\/www.webdo.tn\/fr\/"},{"@type":"ListItem","position":2,"name":"Sousse : L\u2019homme d\u2019affaires Bechir Jenayeh chute du troisi\u00e8me \u00e9tage d\u2019un h\u00f4tel"}]},{"@type":"WebSite","@id":"https:\/\/www.webdo.tn\/fr\/#website","url":"https:\/\/www.webdo.tn\/fr\/","name":"webdo","description":"Tunisie - News en Tunisie et \u00e0 l&#039;international sur Webdo.tn","publisher":{"@id":"https:\/\/www.webdo.tn\/fr\/#organization"},"potentialAction":[{"@type":"SearchAction","target":{"@type":"EntryPoint","urlTemplate":"https:\/\/www.webdo.tn\/fr\/?s={search_term_string}"},"query-input":{"@type":"PropertyValueSpecification","valueRequired":true,"valueName":"search_term_string"}}],"inLanguage":"fr-FR"},{"@type":"Organization","@id":"https:\/\/www.webdo.tn\/fr\/#organization","name":"Webdo","alternateName":"Webdo.tn","url":"https:\/\/www.webdo.tn\/fr\/","logo":{"@type":"ImageObject","inLanguage":"fr-FR","@id":"https:\/\/www.webdo.tn\/fr\/#\/schema\/logo\/image\/","url":"https:\/\/www.webdo.tn\/fr\/wp-content\/uploads\/2025\/06\/Webdo-Tunisie_168377.jpg","contentUrl":"https:\/\/www.webdo.tn\/fr\/wp-content\/uploads\/2025\/06\/Webdo-Tunisie_168377.jpg","width":301,"height":301,"caption":"Webdo"},"image":{"@id":"https:\/\/www.webdo.tn\/fr\/#\/schema\/logo\/image\/"},"sameAs":["https:\/\/www.facebook.com\/webdotn","https:\/\/x.com\/webdo_tn"],"description":"Webdo est un m\u00e9dia num\u00e9rique tunisien fond\u00e9 en 2010, sp\u00e9cialis\u00e9 dans l\u2019actualit\u00e9 nationale et internationale, l\u2019\u00e9conomie, la soci\u00e9t\u00e9 et les analyses politiques. Le site s\u2019adresse \u00e0 un large public francophone et couvre l\u2019information tunisienne en temps r\u00e9el.","email":"redac@webdo.tn","legalName":"YNJ SARL","foundingDate":"2010-09-06","numberOfEmployees":{"@type":"QuantitativeValue","minValue":"11","maxValue":"50"}},{"@type":"Person","@id":"https:\/\/www.webdo.tn\/fr\/#\/schema\/person\/f35b42a42c5e2511bbd282959d6385cc","name":"CL","image":{"@type":"ImageObject","inLanguage":"fr-FR","@id":"https:\/\/secure.gravatar.com\/avatar\/1447a49909b67aa657c488aec6512e1dd6143a480c1ecfee9b5b5cd74eb3b59e?s=96&d=mm&r=g","url":"https:\/\/secure.gravatar.com\/avatar\/1447a49909b67aa657c488aec6512e1dd6143a480c1ecfee9b5b5cd74eb3b59e?s=96&d=mm&r=g","contentUrl":"https:\/\/secure.gravatar.com\/avatar\/1447a49909b67aa657c488aec6512e1dd6143a480c1ecfee9b5b5cd74eb3b59e?s=96&d=mm&r=g","caption":"CL"},"url":"https:\/\/www.webdo.tn\/fr\/actualite\/author\/cl\/"}]}},"_links":{"self":[{"href":"https:\/\/www.webdo.tn\/fr\/wp-json\/wp\/v2\/posts\/204855","targetHints":{"allow":["GET"]}}],"collection":[{"href":"https:\/\/www.webdo.tn\/fr\/wp-json\/wp\/v2\/posts"}],"about":[{"href":"https:\/\/www.webdo.tn\/fr\/wp-json\/wp\/v2\/types\/post"}],"author":[{"embeddable":true,"href":"https:\/\/www.webdo.tn\/fr\/wp-json\/wp\/v2\/users\/3175"}],"replies":[{"embeddable":true,"href":"https:\/\/www.webdo.tn\/fr\/wp-json\/wp\/v2\/comments?post=204855"}],"version-history":[{"count":0,"href":"https:\/\/www.webdo.tn\/fr\/wp-json\/wp\/v2\/posts\/204855\/revisions"}],"wp:featuredmedia":[{"embeddable":true,"href":"https:\/\/www.webdo.tn\/fr\/wp-json\/wp\/v2\/media\/251434"}],"wp:attachment":[{"href":"https:\/\/www.webdo.tn\/fr\/wp-json\/wp\/v2\/media?parent=204855"}],"wp:term":[{"taxonomy":"category","embeddable":true,"href":"https:\/\/www.webdo.tn\/fr\/wp-json\/wp\/v2\/categories?post=204855"},{"taxonomy":"post_tag","embeddable":true,"href":"https:\/\/www.webdo.tn\/fr\/wp-json\/wp\/v2\/tags?post=204855"}],"curies":[{"name":"wp","href":"https:\/\/api.w.org\/{rel}","templated":true}]}}