{"id":204853,"date":"2023-04-14T14:01:00","date_gmt":"2023-04-14T14:01:00","guid":{"rendered":"https:\/\/www.webdo.tn\/fr\/blog\/les-droits-et-des-libertes-au-coeur-d-une-reunion-entre-feki-et-taboubi\/204853\/"},"modified":"2025-05-20T22:44:14","modified_gmt":"2025-05-20T22:44:14","slug":"les-droits-et-des-libertes-au-coeur-d-une-reunion-entre-feki-et-taboubi","status":"publish","type":"post","link":"https:\/\/www.webdo.tn\/fr\/actualite\/national\/les-droits-et-des-libertes-au-coeur-d-une-reunion-entre-feki-et-taboubi\/204853\/","title":{"rendered":"Tunisie : R\u00e9union entre Feki et Taboubi"},"content":{"rendered":"<p>La situation g\u00e9n\u00e9rale dans le pays et l&rsquo;engagement du minist\u00e8re de l&rsquo;int\u00e9rieur \u00e0 appliquer la loi dans le plein respect des droits et des libert\u00e9s ont \u00e9t\u00e9 au centre d&rsquo;une r\u00e9union tenue, jeudi soir au si\u00e8ge du minist\u00e8re de l&rsquo;int\u00e9rieur \u00e0 Tunis, entre le ministre de l&rsquo;int\u00e9rieur Kamel Feki et le secr\u00e9taire g\u00e9n\u00e9ral de l&rsquo;Union g\u00e9n\u00e9rale tunisienne du travail (UGTT), Noureddine Taboubi.<\/p>\n<p>\t\t\t\t\t\t\t\t\tA cette occasion, le secr\u00e9taire g\u00e9n\u00e9ral de la centrale syndicale a souhait\u00e9 plein succ\u00e8s au ministre de l&rsquo;int\u00e9rieur dans ses nouvelles fonctions, selon un communiqu\u00e9 du minist\u00e8re de l&rsquo;Int\u00e9rieur.<\/p>\n","protected":false},"excerpt":{"rendered":"<p>La situation g\u00e9n\u00e9rale dans le pays et l&rsquo;engagement du minist\u00e8re de l&rsquo;int\u00e9rieur \u00e0 appliquer la loi dans le plein respect des droits et des libert\u00e9s ont \u00e9t\u00e9 au ce&#8230;<\/p>\n","protected":false},"author":3175,"featured_media":251433,"comment_status":"open","ping_status":"closed","sticky":false,"template":"","format":"standard","meta":{"footnotes":""},"categories":[44],"tags":[4636,2608,2649],"class_list":["post-204853","post","type-post","status-publish","format-standard","has-post-thumbnail","hentry","category-national","tag-interieur","tag-tunisie","tag-ugtt"],"yoast_head":"<!-- This site is optimized with the Yoast SEO Premium plugin v27.4 (Yoast SEO v27.4) - https:\/\/yoast.com\/product\/yoast-seo-premium-wordpress\/ -->\n<title>Tunisie : R\u00e9union entre Feki et Taboubi<\/title>\n<meta name=\"description\" content=\"La situation g\u00e9n\u00e9rale dans le pays et l&#039;engagement du minist\u00e8re de l&#039;int\u00e9rieur \u00e0 appliquer la loi dans le plein respect des droits et des libert\u00e9s ont \u00e9t\u00e9 au ce...\" \/>\n<link rel=\"canonical\" href=\"https:\/\/www.webdo.tn\/fr\/actualite\/national\/les-droits-et-des-libertes-au-coeur-d-une-reunion-entre-feki-et-taboubi\/204853\/\" \/>\n<meta property=\"og:locale\" content=\"fr_FR\" \/>\n<meta property=\"og:type\" content=\"article\" \/>\n<meta property=\"og:title\" content=\"Tunisie : R\u00e9union entre Feki et Taboubi\" \/>\n<meta property=\"og:description\" content=\"La situation g\u00e9n\u00e9rale dans le pays et l&#039;engagement du minist\u00e8re de l&#039;int\u00e9rieur \u00e0 appliquer la loi dans le plein respect des droits et des libert\u00e9s ont \u00e9t\u00e9 au ce...\" \/>\n<meta property=\"og:url\" content=\"https:\/\/www.webdo.tn\/fr\/actualite\/national\/les-droits-et-des-libertes-au-coeur-d-une-reunion-entre-feki-et-taboubi\/204853\/\" \/>\n<meta property=\"og:site_name\" content=\"webdo\" \/>\n<meta property=\"article:publisher\" content=\"https:\/\/www.facebook.com\/webdotn\" \/>\n<meta property=\"article:published_time\" content=\"2023-04-14T14:01:00+00:00\" \/>\n<meta property=\"article:modified_time\" content=\"2025-05-20T22:44:14+00:00\" \/>\n<meta property=\"og:image\" content=\"https:\/\/www.webdo.tn\/fr\/wp-content\/uploads\/2023\/04\/02ca640aee278c8f45f2b54500cc7868.jpg\" \/>\n\t<meta property=\"og:image:width\" content=\"750\" \/>\n\t<meta property=\"og:image:height\" content=\"400\" \/>\n\t<meta property=\"og:image:type\" content=\"image\/jpeg\" \/>\n<meta name=\"author\" content=\"CL\" \/>\n<meta name=\"twitter:card\" content=\"summary_large_image\" \/>\n<meta name=\"twitter:creator\" content=\"@webdo_tn\" \/>\n<meta name=\"twitter:site\" content=\"@webdo_tn\" \/>\n<meta name=\"twitter:label1\" content=\"\u00c9crit par\" \/>\n\t<meta name=\"twitter:data1\" content=\"CL\" \/>\n\t<meta name=\"twitter:label2\" content=\"Dur\u00e9e de lecture estim\u00e9e\" \/>\n\t<meta name=\"twitter:data2\" content=\"1 minute\" \/>\n<script type=\"application\/ld+json\" class=\"yoast-schema-graph\">{\"@context\":\"https:\\\/\\\/schema.org\",\"@graph\":[{\"@type\":\"NewsArticle\",\"@id\":\"https:\\\/\\\/www.webdo.tn\\\/fr\\\/actualite\\\/national\\\/les-droits-et-des-libertes-au-coeur-d-une-reunion-entre-feki-et-taboubi\\\/204853\\\/#article\",\"isPartOf\":{\"@id\":\"https:\\\/\\\/www.webdo.tn\\\/fr\\\/actualite\\\/national\\\/les-droits-et-des-libertes-au-coeur-d-une-reunion-entre-feki-et-taboubi\\\/204853\\\/\"},\"author\":{\"name\":\"CL\",\"@id\":\"https:\\\/\\\/www.webdo.tn\\\/fr\\\/#\\\/schema\\\/person\\\/f35b42a42c5e2511bbd282959d6385cc\"},\"headline\":\"Tunisie : R\u00e9union entre Feki et Taboubi\",\"datePublished\":\"2023-04-14T14:01:00+00:00\",\"dateModified\":\"2025-05-20T22:44:14+00:00\",\"mainEntityOfPage\":{\"@id\":\"https:\\\/\\\/www.webdo.tn\\\/fr\\\/actualite\\\/national\\\/les-droits-et-des-libertes-au-coeur-d-une-reunion-entre-feki-et-taboubi\\\/204853\\\/\"},\"wordCount\":126,\"commentCount\":0,\"publisher\":{\"@id\":\"https:\\\/\\\/www.webdo.tn\\\/fr\\\/#organization\"},\"image\":{\"@id\":\"https:\\\/\\\/www.webdo.tn\\\/fr\\\/actualite\\\/national\\\/les-droits-et-des-libertes-au-coeur-d-une-reunion-entre-feki-et-taboubi\\\/204853\\\/#primaryimage\"},\"thumbnailUrl\":\"https:\\\/\\\/www.webdo.tn\\\/fr\\\/wp-content\\\/uploads\\\/2023\\\/04\\\/02ca640aee278c8f45f2b54500cc7868.jpg\",\"keywords\":[\"int\u00e9rieur\",\"Tunisie\",\"UGTT\"],\"articleSection\":[\"National\"],\"inLanguage\":\"fr-FR\"},{\"@type\":\"WebPage\",\"@id\":\"https:\\\/\\\/www.webdo.tn\\\/fr\\\/actualite\\\/national\\\/les-droits-et-des-libertes-au-coeur-d-une-reunion-entre-feki-et-taboubi\\\/204853\\\/\",\"url\":\"https:\\\/\\\/www.webdo.tn\\\/fr\\\/actualite\\\/national\\\/les-droits-et-des-libertes-au-coeur-d-une-reunion-entre-feki-et-taboubi\\\/204853\\\/\",\"name\":\"Tunisie : R\u00e9union entre Feki et Taboubi\",\"isPartOf\":{\"@id\":\"https:\\\/\\\/www.webdo.tn\\\/fr\\\/#website\"},\"primaryImageOfPage\":{\"@id\":\"https:\\\/\\\/www.webdo.tn\\\/fr\\\/actualite\\\/national\\\/les-droits-et-des-libertes-au-coeur-d-une-reunion-entre-feki-et-taboubi\\\/204853\\\/#primaryimage\"},\"image\":{\"@id\":\"https:\\\/\\\/www.webdo.tn\\\/fr\\\/actualite\\\/national\\\/les-droits-et-des-libertes-au-coeur-d-une-reunion-entre-feki-et-taboubi\\\/204853\\\/#primaryimage\"},\"thumbnailUrl\":\"https:\\\/\\\/www.webdo.tn\\\/fr\\\/wp-content\\\/uploads\\\/2023\\\/04\\\/02ca640aee278c8f45f2b54500cc7868.jpg\",\"datePublished\":\"2023-04-14T14:01:00+00:00\",\"dateModified\":\"2025-05-20T22:44:14+00:00\",\"description\":\"La situation g\u00e9n\u00e9rale dans le pays et l'engagement du minist\u00e8re de l'int\u00e9rieur \u00e0 appliquer la loi dans le plein respect des droits et des libert\u00e9s ont \u00e9t\u00e9 au ce...\",\"breadcrumb\":{\"@id\":\"https:\\\/\\\/www.webdo.tn\\\/fr\\\/actualite\\\/national\\\/les-droits-et-des-libertes-au-coeur-d-une-reunion-entre-feki-et-taboubi\\\/204853\\\/#breadcrumb\"},\"inLanguage\":\"fr-FR\",\"potentialAction\":[{\"@type\":\"ReadAction\",\"target\":[\"https:\\\/\\\/www.webdo.tn\\\/fr\\\/actualite\\\/national\\\/les-droits-et-des-libertes-au-coeur-d-une-reunion-entre-feki-et-taboubi\\\/204853\\\/\"]}]},{\"@type\":\"ImageObject\",\"inLanguage\":\"fr-FR\",\"@id\":\"https:\\\/\\\/www.webdo.tn\\\/fr\\\/actualite\\\/national\\\/les-droits-et-des-libertes-au-coeur-d-une-reunion-entre-feki-et-taboubi\\\/204853\\\/#primaryimage\",\"url\":\"https:\\\/\\\/www.webdo.tn\\\/fr\\\/wp-content\\\/uploads\\\/2023\\\/04\\\/02ca640aee278c8f45f2b54500cc7868.jpg\",\"contentUrl\":\"https:\\\/\\\/www.webdo.tn\\\/fr\\\/wp-content\\\/uploads\\\/2023\\\/04\\\/02ca640aee278c8f45f2b54500cc7868.jpg\",\"width\":750,\"height\":400,\"caption\":\"Int\u00e9rieur\"},{\"@type\":\"BreadcrumbList\",\"@id\":\"https:\\\/\\\/www.webdo.tn\\\/fr\\\/actualite\\\/national\\\/les-droits-et-des-libertes-au-coeur-d-une-reunion-entre-feki-et-taboubi\\\/204853\\\/#breadcrumb\",\"itemListElement\":[{\"@type\":\"ListItem\",\"position\":1,\"name\":\"Accueil\",\"item\":\"https:\\\/\\\/www.webdo.tn\\\/fr\\\/\"},{\"@type\":\"ListItem\",\"position\":2,\"name\":\"Tunisie : R\u00e9union entre Feki et Taboubi\"}]},{\"@type\":\"WebSite\",\"@id\":\"https:\\\/\\\/www.webdo.tn\\\/fr\\\/#website\",\"url\":\"https:\\\/\\\/www.webdo.tn\\\/fr\\\/\",\"name\":\"webdo\",\"description\":\"Tunisie - News en Tunisie et \u00e0 l&#039;international sur Webdo.tn\",\"publisher\":{\"@id\":\"https:\\\/\\\/www.webdo.tn\\\/fr\\\/#organization\"},\"potentialAction\":[{\"@type\":\"SearchAction\",\"target\":{\"@type\":\"EntryPoint\",\"urlTemplate\":\"https:\\\/\\\/www.webdo.tn\\\/fr\\\/?s={search_term_string}\"},\"query-input\":{\"@type\":\"PropertyValueSpecification\",\"valueRequired\":true,\"valueName\":\"search_term_string\"}}],\"inLanguage\":\"fr-FR\"},{\"@type\":\"Organization\",\"@id\":\"https:\\\/\\\/www.webdo.tn\\\/fr\\\/#organization\",\"name\":\"Webdo\",\"alternateName\":\"Webdo.tn\",\"url\":\"https:\\\/\\\/www.webdo.tn\\\/fr\\\/\",\"logo\":{\"@type\":\"ImageObject\",\"inLanguage\":\"fr-FR\",\"@id\":\"https:\\\/\\\/www.webdo.tn\\\/fr\\\/#\\\/schema\\\/logo\\\/image\\\/\",\"url\":\"https:\\\/\\\/www.webdo.tn\\\/fr\\\/wp-content\\\/uploads\\\/2025\\\/06\\\/Webdo-Tunisie_168377.jpg\",\"contentUrl\":\"https:\\\/\\\/www.webdo.tn\\\/fr\\\/wp-content\\\/uploads\\\/2025\\\/06\\\/Webdo-Tunisie_168377.jpg\",\"width\":301,\"height\":301,\"caption\":\"Webdo\"},\"image\":{\"@id\":\"https:\\\/\\\/www.webdo.tn\\\/fr\\\/#\\\/schema\\\/logo\\\/image\\\/\"},\"sameAs\":[\"https:\\\/\\\/www.facebook.com\\\/webdotn\",\"https:\\\/\\\/x.com\\\/webdo_tn\"],\"description\":\"Webdo est un m\u00e9dia num\u00e9rique tunisien fond\u00e9 en 2010, sp\u00e9cialis\u00e9 dans l\u2019actualit\u00e9 nationale et internationale, l\u2019\u00e9conomie, la soci\u00e9t\u00e9 et les analyses politiques. Le site s\u2019adresse \u00e0 un large public francophone et couvre l\u2019information tunisienne en temps r\u00e9el.\",\"email\":\"redac@webdo.tn\",\"legalName\":\"YNJ SARL\",\"foundingDate\":\"2010-09-06\",\"numberOfEmployees\":{\"@type\":\"QuantitativeValue\",\"minValue\":\"11\",\"maxValue\":\"50\"}},{\"@type\":\"Person\",\"@id\":\"https:\\\/\\\/www.webdo.tn\\\/fr\\\/#\\\/schema\\\/person\\\/f35b42a42c5e2511bbd282959d6385cc\",\"name\":\"CL\",\"image\":{\"@type\":\"ImageObject\",\"inLanguage\":\"fr-FR\",\"@id\":\"https:\\\/\\\/secure.gravatar.com\\\/avatar\\\/1447a49909b67aa657c488aec6512e1dd6143a480c1ecfee9b5b5cd74eb3b59e?s=96&d=mm&r=g\",\"url\":\"https:\\\/\\\/secure.gravatar.com\\\/avatar\\\/1447a49909b67aa657c488aec6512e1dd6143a480c1ecfee9b5b5cd74eb3b59e?s=96&d=mm&r=g\",\"contentUrl\":\"https:\\\/\\\/secure.gravatar.com\\\/avatar\\\/1447a49909b67aa657c488aec6512e1dd6143a480c1ecfee9b5b5cd74eb3b59e?s=96&d=mm&r=g\",\"caption\":\"CL\"},\"url\":\"https:\\\/\\\/www.webdo.tn\\\/fr\\\/actualite\\\/author\\\/cl\\\/\"}]}<\/script>\n<!-- \/ Yoast SEO Premium plugin. -->","yoast_head_json":{"title":"Tunisie : R\u00e9union entre Feki et Taboubi","description":"La situation g\u00e9n\u00e9rale dans le pays et l'engagement du minist\u00e8re de l'int\u00e9rieur \u00e0 appliquer la loi dans le plein respect des droits et des libert\u00e9s ont \u00e9t\u00e9 au ce...","canonical":"https:\/\/www.webdo.tn\/fr\/actualite\/national\/les-droits-et-des-libertes-au-coeur-d-une-reunion-entre-feki-et-taboubi\/204853\/","og_locale":"fr_FR","og_type":"article","og_title":"Tunisie : R\u00e9union entre Feki et Taboubi","og_description":"La situation g\u00e9n\u00e9rale dans le pays et l'engagement du minist\u00e8re de l'int\u00e9rieur \u00e0 appliquer la loi dans le plein respect des droits et des libert\u00e9s ont \u00e9t\u00e9 au ce...","og_url":"https:\/\/www.webdo.tn\/fr\/actualite\/national\/les-droits-et-des-libertes-au-coeur-d-une-reunion-entre-feki-et-taboubi\/204853\/","og_site_name":"webdo","article_publisher":"https:\/\/www.facebook.com\/webdotn","article_published_time":"2023-04-14T14:01:00+00:00","article_modified_time":"2025-05-20T22:44:14+00:00","og_image":[{"width":750,"height":400,"url":"https:\/\/www.webdo.tn\/fr\/wp-content\/uploads\/2023\/04\/02ca640aee278c8f45f2b54500cc7868.jpg","type":"image\/jpeg"}],"author":"CL","twitter_card":"summary_large_image","twitter_creator":"@webdo_tn","twitter_site":"@webdo_tn","twitter_misc":{"\u00c9crit par":"CL","Dur\u00e9e de lecture estim\u00e9e":"1 minute"},"schema":{"@context":"https:\/\/schema.org","@graph":[{"@type":"NewsArticle","@id":"https:\/\/www.webdo.tn\/fr\/actualite\/national\/les-droits-et-des-libertes-au-coeur-d-une-reunion-entre-feki-et-taboubi\/204853\/#article","isPartOf":{"@id":"https:\/\/www.webdo.tn\/fr\/actualite\/national\/les-droits-et-des-libertes-au-coeur-d-une-reunion-entre-feki-et-taboubi\/204853\/"},"author":{"name":"CL","@id":"https:\/\/www.webdo.tn\/fr\/#\/schema\/person\/f35b42a42c5e2511bbd282959d6385cc"},"headline":"Tunisie : R\u00e9union entre Feki et Taboubi","datePublished":"2023-04-14T14:01:00+00:00","dateModified":"2025-05-20T22:44:14+00:00","mainEntityOfPage":{"@id":"https:\/\/www.webdo.tn\/fr\/actualite\/national\/les-droits-et-des-libertes-au-coeur-d-une-reunion-entre-feki-et-taboubi\/204853\/"},"wordCount":126,"commentCount":0,"publisher":{"@id":"https:\/\/www.webdo.tn\/fr\/#organization"},"image":{"@id":"https:\/\/www.webdo.tn\/fr\/actualite\/national\/les-droits-et-des-libertes-au-coeur-d-une-reunion-entre-feki-et-taboubi\/204853\/#primaryimage"},"thumbnailUrl":"https:\/\/www.webdo.tn\/fr\/wp-content\/uploads\/2023\/04\/02ca640aee278c8f45f2b54500cc7868.jpg","keywords":["int\u00e9rieur","Tunisie","UGTT"],"articleSection":["National"],"inLanguage":"fr-FR"},{"@type":"WebPage","@id":"https:\/\/www.webdo.tn\/fr\/actualite\/national\/les-droits-et-des-libertes-au-coeur-d-une-reunion-entre-feki-et-taboubi\/204853\/","url":"https:\/\/www.webdo.tn\/fr\/actualite\/national\/les-droits-et-des-libertes-au-coeur-d-une-reunion-entre-feki-et-taboubi\/204853\/","name":"Tunisie : R\u00e9union entre Feki et Taboubi","isPartOf":{"@id":"https:\/\/www.webdo.tn\/fr\/#website"},"primaryImageOfPage":{"@id":"https:\/\/www.webdo.tn\/fr\/actualite\/national\/les-droits-et-des-libertes-au-coeur-d-une-reunion-entre-feki-et-taboubi\/204853\/#primaryimage"},"image":{"@id":"https:\/\/www.webdo.tn\/fr\/actualite\/national\/les-droits-et-des-libertes-au-coeur-d-une-reunion-entre-feki-et-taboubi\/204853\/#primaryimage"},"thumbnailUrl":"https:\/\/www.webdo.tn\/fr\/wp-content\/uploads\/2023\/04\/02ca640aee278c8f45f2b54500cc7868.jpg","datePublished":"2023-04-14T14:01:00+00:00","dateModified":"2025-05-20T22:44:14+00:00","description":"La situation g\u00e9n\u00e9rale dans le pays et l'engagement du minist\u00e8re de l'int\u00e9rieur \u00e0 appliquer la loi dans le plein respect des droits et des libert\u00e9s ont \u00e9t\u00e9 au ce...","breadcrumb":{"@id":"https:\/\/www.webdo.tn\/fr\/actualite\/national\/les-droits-et-des-libertes-au-coeur-d-une-reunion-entre-feki-et-taboubi\/204853\/#breadcrumb"},"inLanguage":"fr-FR","potentialAction":[{"@type":"ReadAction","target":["https:\/\/www.webdo.tn\/fr\/actualite\/national\/les-droits-et-des-libertes-au-coeur-d-une-reunion-entre-feki-et-taboubi\/204853\/"]}]},{"@type":"ImageObject","inLanguage":"fr-FR","@id":"https:\/\/www.webdo.tn\/fr\/actualite\/national\/les-droits-et-des-libertes-au-coeur-d-une-reunion-entre-feki-et-taboubi\/204853\/#primaryimage","url":"https:\/\/www.webdo.tn\/fr\/wp-content\/uploads\/2023\/04\/02ca640aee278c8f45f2b54500cc7868.jpg","contentUrl":"https:\/\/www.webdo.tn\/fr\/wp-content\/uploads\/2023\/04\/02ca640aee278c8f45f2b54500cc7868.jpg","width":750,"height":400,"caption":"Int\u00e9rieur"},{"@type":"BreadcrumbList","@id":"https:\/\/www.webdo.tn\/fr\/actualite\/national\/les-droits-et-des-libertes-au-coeur-d-une-reunion-entre-feki-et-taboubi\/204853\/#breadcrumb","itemListElement":[{"@type":"ListItem","position":1,"name":"Accueil","item":"https:\/\/www.webdo.tn\/fr\/"},{"@type":"ListItem","position":2,"name":"Tunisie : R\u00e9union entre Feki et Taboubi"}]},{"@type":"WebSite","@id":"https:\/\/www.webdo.tn\/fr\/#website","url":"https:\/\/www.webdo.tn\/fr\/","name":"webdo","description":"Tunisie - News en Tunisie et \u00e0 l&#039;international sur Webdo.tn","publisher":{"@id":"https:\/\/www.webdo.tn\/fr\/#organization"},"potentialAction":[{"@type":"SearchAction","target":{"@type":"EntryPoint","urlTemplate":"https:\/\/www.webdo.tn\/fr\/?s={search_term_string}"},"query-input":{"@type":"PropertyValueSpecification","valueRequired":true,"valueName":"search_term_string"}}],"inLanguage":"fr-FR"},{"@type":"Organization","@id":"https:\/\/www.webdo.tn\/fr\/#organization","name":"Webdo","alternateName":"Webdo.tn","url":"https:\/\/www.webdo.tn\/fr\/","logo":{"@type":"ImageObject","inLanguage":"fr-FR","@id":"https:\/\/www.webdo.tn\/fr\/#\/schema\/logo\/image\/","url":"https:\/\/www.webdo.tn\/fr\/wp-content\/uploads\/2025\/06\/Webdo-Tunisie_168377.jpg","contentUrl":"https:\/\/www.webdo.tn\/fr\/wp-content\/uploads\/2025\/06\/Webdo-Tunisie_168377.jpg","width":301,"height":301,"caption":"Webdo"},"image":{"@id":"https:\/\/www.webdo.tn\/fr\/#\/schema\/logo\/image\/"},"sameAs":["https:\/\/www.facebook.com\/webdotn","https:\/\/x.com\/webdo_tn"],"description":"Webdo est un m\u00e9dia num\u00e9rique tunisien fond\u00e9 en 2010, sp\u00e9cialis\u00e9 dans l\u2019actualit\u00e9 nationale et internationale, l\u2019\u00e9conomie, la soci\u00e9t\u00e9 et les analyses politiques. Le site s\u2019adresse \u00e0 un large public francophone et couvre l\u2019information tunisienne en temps r\u00e9el.","email":"redac@webdo.tn","legalName":"YNJ SARL","foundingDate":"2010-09-06","numberOfEmployees":{"@type":"QuantitativeValue","minValue":"11","maxValue":"50"}},{"@type":"Person","@id":"https:\/\/www.webdo.tn\/fr\/#\/schema\/person\/f35b42a42c5e2511bbd282959d6385cc","name":"CL","image":{"@type":"ImageObject","inLanguage":"fr-FR","@id":"https:\/\/secure.gravatar.com\/avatar\/1447a49909b67aa657c488aec6512e1dd6143a480c1ecfee9b5b5cd74eb3b59e?s=96&d=mm&r=g","url":"https:\/\/secure.gravatar.com\/avatar\/1447a49909b67aa657c488aec6512e1dd6143a480c1ecfee9b5b5cd74eb3b59e?s=96&d=mm&r=g","contentUrl":"https:\/\/secure.gravatar.com\/avatar\/1447a49909b67aa657c488aec6512e1dd6143a480c1ecfee9b5b5cd74eb3b59e?s=96&d=mm&r=g","caption":"CL"},"url":"https:\/\/www.webdo.tn\/fr\/actualite\/author\/cl\/"}]}},"_links":{"self":[{"href":"https:\/\/www.webdo.tn\/fr\/wp-json\/wp\/v2\/posts\/204853","targetHints":{"allow":["GET"]}}],"collection":[{"href":"https:\/\/www.webdo.tn\/fr\/wp-json\/wp\/v2\/posts"}],"about":[{"href":"https:\/\/www.webdo.tn\/fr\/wp-json\/wp\/v2\/types\/post"}],"author":[{"embeddable":true,"href":"https:\/\/www.webdo.tn\/fr\/wp-json\/wp\/v2\/users\/3175"}],"replies":[{"embeddable":true,"href":"https:\/\/www.webdo.tn\/fr\/wp-json\/wp\/v2\/comments?post=204853"}],"version-history":[{"count":0,"href":"https:\/\/www.webdo.tn\/fr\/wp-json\/wp\/v2\/posts\/204853\/revisions"}],"wp:featuredmedia":[{"embeddable":true,"href":"https:\/\/www.webdo.tn\/fr\/wp-json\/wp\/v2\/media\/251433"}],"wp:attachment":[{"href":"https:\/\/www.webdo.tn\/fr\/wp-json\/wp\/v2\/media?parent=204853"}],"wp:term":[{"taxonomy":"category","embeddable":true,"href":"https:\/\/www.webdo.tn\/fr\/wp-json\/wp\/v2\/categories?post=204853"},{"taxonomy":"post_tag","embeddable":true,"href":"https:\/\/www.webdo.tn\/fr\/wp-json\/wp\/v2\/tags?post=204853"}],"curies":[{"name":"wp","href":"https:\/\/api.w.org\/{rel}","templated":true}]}}