{"id":204844,"date":"2023-04-14T10:11:00","date_gmt":"2023-04-14T10:11:00","guid":{"rendered":"https:\/\/www.webdo.tn\/fr\/blog\/coupure-d-eau-dans-plusieurs-zones-de-l-ariana\/204844\/"},"modified":"2025-05-20T22:00:47","modified_gmt":"2025-05-20T22:00:47","slug":"coupure-d-eau-dans-plusieurs-zones-de-l-ariana","status":"publish","type":"post","link":"https:\/\/www.webdo.tn\/fr\/actualite\/%d8%ac%d9%87%d9%88%d9%8a%d8%a9\/coupure-d-eau-dans-plusieurs-zones-de-l-ariana\/204844\/","title":{"rendered":"Coupure d&rsquo;eau dans plusieurs zones de l&rsquo;Ariana"},"content":{"rendered":"<p>Des coupures et des perturbations de distribution de l&rsquo;eau courante seront enregistr\u00e9es, ce vendredi 14 avril 2023 \u00e0 partir de midi dans plusieurs zones du gouvernorat de l&rsquo;Ariana, a annonc\u00e9 la soci\u00e9t\u00e9 nationale d&rsquo;exploitation et de distribution des eaux (SONEDE).<\/p>\n<p>\t\t\t\t\t\t\t\t\tCes coupures et perturbations auront lieu dans la zone industrielle de Mnihla, Aredh Ben Arfa, Sidi Thabet, Jabbes, Bekri, Sabbalet Ben Ammar, Ennahli et Kal\u00e2at Andalous, Borj Touil, Cit\u00e9 Chaker et Brajra.<\/p>\n<p>Ces perturbations n\u2019ont pas de lien avec le rationnement d\u00e9cid\u00e9 par la SONEDE mais en raison des travaux au niveau de la route X2.<\/p>\n<p>L&rsquo;approvisionnement en eau courante reprendra progressivement, samedi 15 avril 2023 d\u00e8s l&rsquo;ach\u00e8vement des travaux, a assur\u00e9 la SONEDE.<\/p>\n","protected":false},"excerpt":{"rendered":"<p>Des coupures et des perturbations de distribution de l&rsquo;eau courante seront enregistr\u00e9es, ce vendredi 14 avril 2023 \u00e0 partir de midi dans plusieurs zones du gouv&#8230;<\/p>\n","protected":false},"author":3162,"featured_media":251429,"comment_status":"open","ping_status":"closed","sticky":false,"template":"","format":"standard","meta":{"footnotes":""},"categories":[6642],"tags":[3463,2753,2752],"class_list":["post-204844","post","type-post","status-publish","format-standard","has-post-thumbnail","hentry","category-6642","tag-ariana","tag-coupure-deau","tag-sonede"],"yoast_head":"<!-- This site is optimized with the Yoast SEO Premium plugin v27.4 (Yoast SEO v27.5) - https:\/\/yoast.com\/product\/yoast-seo-premium-wordpress\/ -->\n<title>Coupure d&#039;eau dans plusieurs zones de l&#039;Ariana<\/title>\n<meta name=\"description\" content=\"Des coupures et des perturbations de distribution de l&#039;eau courante seront enregistr\u00e9es, ce vendredi 14 avril 2023 \u00e0 partir de midi dans plusieurs zones du gouv...\" \/>\n<link rel=\"canonical\" href=\"https:\/\/www.webdo.tn\/fr\/actualite\/\u062c\u0647\u0648\u064a\u0629\/coupure-d-eau-dans-plusieurs-zones-de-l-ariana\/204844\/\" \/>\n<meta property=\"og:locale\" content=\"fr_FR\" \/>\n<meta property=\"og:type\" content=\"article\" \/>\n<meta property=\"og:title\" content=\"Coupure d&#039;eau dans plusieurs zones de l&#039;Ariana\" \/>\n<meta property=\"og:description\" content=\"Des coupures et des perturbations de distribution de l&#039;eau courante seront enregistr\u00e9es, ce vendredi 14 avril 2023 \u00e0 partir de midi dans plusieurs zones du gouv...\" \/>\n<meta property=\"og:url\" content=\"https:\/\/www.webdo.tn\/fr\/actualite\/\u062c\u0647\u0648\u064a\u0629\/coupure-d-eau-dans-plusieurs-zones-de-l-ariana\/204844\/\" \/>\n<meta property=\"og:site_name\" content=\"webdo\" \/>\n<meta property=\"article:publisher\" content=\"https:\/\/www.facebook.com\/webdotn\" \/>\n<meta property=\"article:published_time\" content=\"2023-04-14T10:11:00+00:00\" \/>\n<meta property=\"article:modified_time\" content=\"2025-05-20T22:00:47+00:00\" \/>\n<meta property=\"og:image\" content=\"https:\/\/www.webdo.tn\/fr\/wp-content\/uploads\/2023\/04\/2e76bd1597a6ee47baf397b63cff9e16.jpg\" \/>\n\t<meta property=\"og:image:width\" content=\"750\" \/>\n\t<meta property=\"og:image:height\" content=\"400\" \/>\n\t<meta property=\"og:image:type\" content=\"image\/jpeg\" \/>\n<meta name=\"author\" content=\"MC\" \/>\n<meta name=\"twitter:card\" content=\"summary_large_image\" \/>\n<meta name=\"twitter:creator\" content=\"@webdo_tn\" \/>\n<meta name=\"twitter:site\" content=\"@webdo_tn\" \/>\n<meta name=\"twitter:label1\" content=\"\u00c9crit par\" \/>\n\t<meta name=\"twitter:data1\" content=\"MC\" \/>\n\t<meta name=\"twitter:label2\" content=\"Dur\u00e9e de lecture estim\u00e9e\" \/>\n\t<meta name=\"twitter:data2\" content=\"1 minute\" \/>\n<script type=\"application\/ld+json\" class=\"yoast-schema-graph\">{\"@context\":\"https:\\\/\\\/schema.org\",\"@graph\":[{\"@type\":\"NewsArticle\",\"@id\":\"https:\\\/\\\/www.webdo.tn\\\/fr\\\/actualite\\\/%d8%ac%d9%87%d9%88%d9%8a%d8%a9\\\/coupure-d-eau-dans-plusieurs-zones-de-l-ariana\\\/204844\\\/#article\",\"isPartOf\":{\"@id\":\"https:\\\/\\\/www.webdo.tn\\\/fr\\\/actualite\\\/%d8%ac%d9%87%d9%88%d9%8a%d8%a9\\\/coupure-d-eau-dans-plusieurs-zones-de-l-ariana\\\/204844\\\/\"},\"author\":{\"name\":\"MC\",\"@id\":\"https:\\\/\\\/www.webdo.tn\\\/fr\\\/#\\\/schema\\\/person\\\/2c4929cbf5a809e3bd38617c6ce150f6\"},\"headline\":\"Coupure d&rsquo;eau dans plusieurs zones de l&rsquo;Ariana\",\"datePublished\":\"2023-04-14T10:11:00+00:00\",\"dateModified\":\"2025-05-20T22:00:47+00:00\",\"mainEntityOfPage\":{\"@id\":\"https:\\\/\\\/www.webdo.tn\\\/fr\\\/actualite\\\/%d8%ac%d9%87%d9%88%d9%8a%d8%a9\\\/coupure-d-eau-dans-plusieurs-zones-de-l-ariana\\\/204844\\\/\"},\"wordCount\":130,\"commentCount\":0,\"publisher\":{\"@id\":\"https:\\\/\\\/www.webdo.tn\\\/fr\\\/#organization\"},\"image\":{\"@id\":\"https:\\\/\\\/www.webdo.tn\\\/fr\\\/actualite\\\/%d8%ac%d9%87%d9%88%d9%8a%d8%a9\\\/coupure-d-eau-dans-plusieurs-zones-de-l-ariana\\\/204844\\\/#primaryimage\"},\"thumbnailUrl\":\"https:\\\/\\\/www.webdo.tn\\\/fr\\\/wp-content\\\/uploads\\\/2023\\\/04\\\/2e76bd1597a6ee47baf397b63cff9e16.jpg\",\"keywords\":[\"ariana\",\"Coupure d'eau\",\"Sonede\"],\"articleSection\":[\"\u062c\u0647\u0648\u064a\u0629\"],\"inLanguage\":\"fr-FR\"},{\"@type\":\"WebPage\",\"@id\":\"https:\\\/\\\/www.webdo.tn\\\/fr\\\/actualite\\\/%d8%ac%d9%87%d9%88%d9%8a%d8%a9\\\/coupure-d-eau-dans-plusieurs-zones-de-l-ariana\\\/204844\\\/\",\"url\":\"https:\\\/\\\/www.webdo.tn\\\/fr\\\/actualite\\\/%d8%ac%d9%87%d9%88%d9%8a%d8%a9\\\/coupure-d-eau-dans-plusieurs-zones-de-l-ariana\\\/204844\\\/\",\"name\":\"Coupure d'eau dans plusieurs zones de l'Ariana\",\"isPartOf\":{\"@id\":\"https:\\\/\\\/www.webdo.tn\\\/fr\\\/#website\"},\"primaryImageOfPage\":{\"@id\":\"https:\\\/\\\/www.webdo.tn\\\/fr\\\/actualite\\\/%d8%ac%d9%87%d9%88%d9%8a%d8%a9\\\/coupure-d-eau-dans-plusieurs-zones-de-l-ariana\\\/204844\\\/#primaryimage\"},\"image\":{\"@id\":\"https:\\\/\\\/www.webdo.tn\\\/fr\\\/actualite\\\/%d8%ac%d9%87%d9%88%d9%8a%d8%a9\\\/coupure-d-eau-dans-plusieurs-zones-de-l-ariana\\\/204844\\\/#primaryimage\"},\"thumbnailUrl\":\"https:\\\/\\\/www.webdo.tn\\\/fr\\\/wp-content\\\/uploads\\\/2023\\\/04\\\/2e76bd1597a6ee47baf397b63cff9e16.jpg\",\"datePublished\":\"2023-04-14T10:11:00+00:00\",\"dateModified\":\"2025-05-20T22:00:47+00:00\",\"description\":\"Des coupures et des perturbations de distribution de l'eau courante seront enregistr\u00e9es, ce vendredi 14 avril 2023 \u00e0 partir de midi dans plusieurs zones du gouv...\",\"breadcrumb\":{\"@id\":\"https:\\\/\\\/www.webdo.tn\\\/fr\\\/actualite\\\/%d8%ac%d9%87%d9%88%d9%8a%d8%a9\\\/coupure-d-eau-dans-plusieurs-zones-de-l-ariana\\\/204844\\\/#breadcrumb\"},\"inLanguage\":\"fr-FR\",\"potentialAction\":[{\"@type\":\"ReadAction\",\"target\":[\"https:\\\/\\\/www.webdo.tn\\\/fr\\\/actualite\\\/%d8%ac%d9%87%d9%88%d9%8a%d8%a9\\\/coupure-d-eau-dans-plusieurs-zones-de-l-ariana\\\/204844\\\/\"]}]},{\"@type\":\"ImageObject\",\"inLanguage\":\"fr-FR\",\"@id\":\"https:\\\/\\\/www.webdo.tn\\\/fr\\\/actualite\\\/%d8%ac%d9%87%d9%88%d9%8a%d8%a9\\\/coupure-d-eau-dans-plusieurs-zones-de-l-ariana\\\/204844\\\/#primaryimage\",\"url\":\"https:\\\/\\\/www.webdo.tn\\\/fr\\\/wp-content\\\/uploads\\\/2023\\\/04\\\/2e76bd1597a6ee47baf397b63cff9e16.jpg\",\"contentUrl\":\"https:\\\/\\\/www.webdo.tn\\\/fr\\\/wp-content\\\/uploads\\\/2023\\\/04\\\/2e76bd1597a6ee47baf397b63cff9e16.jpg\",\"width\":750,\"height\":400,\"caption\":\"Coupure d'eau dans plusieurs zones de l'Ariana\"},{\"@type\":\"BreadcrumbList\",\"@id\":\"https:\\\/\\\/www.webdo.tn\\\/fr\\\/actualite\\\/%d8%ac%d9%87%d9%88%d9%8a%d8%a9\\\/coupure-d-eau-dans-plusieurs-zones-de-l-ariana\\\/204844\\\/#breadcrumb\",\"itemListElement\":[{\"@type\":\"ListItem\",\"position\":1,\"name\":\"Accueil\",\"item\":\"https:\\\/\\\/www.webdo.tn\\\/fr\\\/\"},{\"@type\":\"ListItem\",\"position\":2,\"name\":\"Coupure d&rsquo;eau dans plusieurs zones de l&rsquo;Ariana\"}]},{\"@type\":\"WebSite\",\"@id\":\"https:\\\/\\\/www.webdo.tn\\\/fr\\\/#website\",\"url\":\"https:\\\/\\\/www.webdo.tn\\\/fr\\\/\",\"name\":\"webdo\",\"description\":\"Tunisie - News en Tunisie et \u00e0 l&#039;international sur Webdo.tn\",\"publisher\":{\"@id\":\"https:\\\/\\\/www.webdo.tn\\\/fr\\\/#organization\"},\"potentialAction\":[{\"@type\":\"SearchAction\",\"target\":{\"@type\":\"EntryPoint\",\"urlTemplate\":\"https:\\\/\\\/www.webdo.tn\\\/fr\\\/?s={search_term_string}\"},\"query-input\":{\"@type\":\"PropertyValueSpecification\",\"valueRequired\":true,\"valueName\":\"search_term_string\"}}],\"inLanguage\":\"fr-FR\"},{\"@type\":\"Organization\",\"@id\":\"https:\\\/\\\/www.webdo.tn\\\/fr\\\/#organization\",\"name\":\"Webdo\",\"alternateName\":\"Webdo.tn\",\"url\":\"https:\\\/\\\/www.webdo.tn\\\/fr\\\/\",\"logo\":{\"@type\":\"ImageObject\",\"inLanguage\":\"fr-FR\",\"@id\":\"https:\\\/\\\/www.webdo.tn\\\/fr\\\/#\\\/schema\\\/logo\\\/image\\\/\",\"url\":\"https:\\\/\\\/www.webdo.tn\\\/fr\\\/wp-content\\\/uploads\\\/2025\\\/06\\\/Webdo-Tunisie_168377.jpg\",\"contentUrl\":\"https:\\\/\\\/www.webdo.tn\\\/fr\\\/wp-content\\\/uploads\\\/2025\\\/06\\\/Webdo-Tunisie_168377.jpg\",\"width\":301,\"height\":301,\"caption\":\"Webdo\"},\"image\":{\"@id\":\"https:\\\/\\\/www.webdo.tn\\\/fr\\\/#\\\/schema\\\/logo\\\/image\\\/\"},\"sameAs\":[\"https:\\\/\\\/www.facebook.com\\\/webdotn\",\"https:\\\/\\\/x.com\\\/webdo_tn\"],\"description\":\"Webdo est un m\u00e9dia num\u00e9rique tunisien fond\u00e9 en 2010, sp\u00e9cialis\u00e9 dans l\u2019actualit\u00e9 nationale et internationale, l\u2019\u00e9conomie, la soci\u00e9t\u00e9 et les analyses politiques. Le site s\u2019adresse \u00e0 un large public francophone et couvre l\u2019information tunisienne en temps r\u00e9el.\",\"email\":\"redac@webdo.tn\",\"legalName\":\"YNJ SARL\",\"foundingDate\":\"2010-09-06\",\"numberOfEmployees\":{\"@type\":\"QuantitativeValue\",\"minValue\":\"11\",\"maxValue\":\"50\"}},{\"@type\":\"Person\",\"@id\":\"https:\\\/\\\/www.webdo.tn\\\/fr\\\/#\\\/schema\\\/person\\\/2c4929cbf5a809e3bd38617c6ce150f6\",\"name\":\"MC\",\"image\":{\"@type\":\"ImageObject\",\"inLanguage\":\"fr-FR\",\"@id\":\"https:\\\/\\\/secure.gravatar.com\\\/avatar\\\/a545bbb6f84efdd5553dbbc2895e3ca8f1d12c5215e00a041c9670b54aa9b18a?s=96&d=mm&r=g\",\"url\":\"https:\\\/\\\/secure.gravatar.com\\\/avatar\\\/a545bbb6f84efdd5553dbbc2895e3ca8f1d12c5215e00a041c9670b54aa9b18a?s=96&d=mm&r=g\",\"contentUrl\":\"https:\\\/\\\/secure.gravatar.com\\\/avatar\\\/a545bbb6f84efdd5553dbbc2895e3ca8f1d12c5215e00a041c9670b54aa9b18a?s=96&d=mm&r=g\",\"caption\":\"MC\"},\"url\":\"https:\\\/\\\/www.webdo.tn\\\/fr\\\/actualite\\\/author\\\/mc\\\/\"}]}<\/script>\n<!-- \/ Yoast SEO Premium plugin. -->","yoast_head_json":{"title":"Coupure d'eau dans plusieurs zones de l'Ariana","description":"Des coupures et des perturbations de distribution de l'eau courante seront enregistr\u00e9es, ce vendredi 14 avril 2023 \u00e0 partir de midi dans plusieurs zones du gouv...","canonical":"https:\/\/www.webdo.tn\/fr\/actualite\/\u062c\u0647\u0648\u064a\u0629\/coupure-d-eau-dans-plusieurs-zones-de-l-ariana\/204844\/","og_locale":"fr_FR","og_type":"article","og_title":"Coupure d'eau dans plusieurs zones de l'Ariana","og_description":"Des coupures et des perturbations de distribution de l'eau courante seront enregistr\u00e9es, ce vendredi 14 avril 2023 \u00e0 partir de midi dans plusieurs zones du gouv...","og_url":"https:\/\/www.webdo.tn\/fr\/actualite\/\u062c\u0647\u0648\u064a\u0629\/coupure-d-eau-dans-plusieurs-zones-de-l-ariana\/204844\/","og_site_name":"webdo","article_publisher":"https:\/\/www.facebook.com\/webdotn","article_published_time":"2023-04-14T10:11:00+00:00","article_modified_time":"2025-05-20T22:00:47+00:00","og_image":[{"width":750,"height":400,"url":"https:\/\/www.webdo.tn\/fr\/wp-content\/uploads\/2023\/04\/2e76bd1597a6ee47baf397b63cff9e16.jpg","type":"image\/jpeg"}],"author":"MC","twitter_card":"summary_large_image","twitter_creator":"@webdo_tn","twitter_site":"@webdo_tn","twitter_misc":{"\u00c9crit par":"MC","Dur\u00e9e de lecture estim\u00e9e":"1 minute"},"schema":{"@context":"https:\/\/schema.org","@graph":[{"@type":"NewsArticle","@id":"https:\/\/www.webdo.tn\/fr\/actualite\/%d8%ac%d9%87%d9%88%d9%8a%d8%a9\/coupure-d-eau-dans-plusieurs-zones-de-l-ariana\/204844\/#article","isPartOf":{"@id":"https:\/\/www.webdo.tn\/fr\/actualite\/%d8%ac%d9%87%d9%88%d9%8a%d8%a9\/coupure-d-eau-dans-plusieurs-zones-de-l-ariana\/204844\/"},"author":{"name":"MC","@id":"https:\/\/www.webdo.tn\/fr\/#\/schema\/person\/2c4929cbf5a809e3bd38617c6ce150f6"},"headline":"Coupure d&rsquo;eau dans plusieurs zones de l&rsquo;Ariana","datePublished":"2023-04-14T10:11:00+00:00","dateModified":"2025-05-20T22:00:47+00:00","mainEntityOfPage":{"@id":"https:\/\/www.webdo.tn\/fr\/actualite\/%d8%ac%d9%87%d9%88%d9%8a%d8%a9\/coupure-d-eau-dans-plusieurs-zones-de-l-ariana\/204844\/"},"wordCount":130,"commentCount":0,"publisher":{"@id":"https:\/\/www.webdo.tn\/fr\/#organization"},"image":{"@id":"https:\/\/www.webdo.tn\/fr\/actualite\/%d8%ac%d9%87%d9%88%d9%8a%d8%a9\/coupure-d-eau-dans-plusieurs-zones-de-l-ariana\/204844\/#primaryimage"},"thumbnailUrl":"https:\/\/www.webdo.tn\/fr\/wp-content\/uploads\/2023\/04\/2e76bd1597a6ee47baf397b63cff9e16.jpg","keywords":["ariana","Coupure d'eau","Sonede"],"articleSection":["\u062c\u0647\u0648\u064a\u0629"],"inLanguage":"fr-FR"},{"@type":"WebPage","@id":"https:\/\/www.webdo.tn\/fr\/actualite\/%d8%ac%d9%87%d9%88%d9%8a%d8%a9\/coupure-d-eau-dans-plusieurs-zones-de-l-ariana\/204844\/","url":"https:\/\/www.webdo.tn\/fr\/actualite\/%d8%ac%d9%87%d9%88%d9%8a%d8%a9\/coupure-d-eau-dans-plusieurs-zones-de-l-ariana\/204844\/","name":"Coupure d'eau dans plusieurs zones de l'Ariana","isPartOf":{"@id":"https:\/\/www.webdo.tn\/fr\/#website"},"primaryImageOfPage":{"@id":"https:\/\/www.webdo.tn\/fr\/actualite\/%d8%ac%d9%87%d9%88%d9%8a%d8%a9\/coupure-d-eau-dans-plusieurs-zones-de-l-ariana\/204844\/#primaryimage"},"image":{"@id":"https:\/\/www.webdo.tn\/fr\/actualite\/%d8%ac%d9%87%d9%88%d9%8a%d8%a9\/coupure-d-eau-dans-plusieurs-zones-de-l-ariana\/204844\/#primaryimage"},"thumbnailUrl":"https:\/\/www.webdo.tn\/fr\/wp-content\/uploads\/2023\/04\/2e76bd1597a6ee47baf397b63cff9e16.jpg","datePublished":"2023-04-14T10:11:00+00:00","dateModified":"2025-05-20T22:00:47+00:00","description":"Des coupures et des perturbations de distribution de l'eau courante seront enregistr\u00e9es, ce vendredi 14 avril 2023 \u00e0 partir de midi dans plusieurs zones du gouv...","breadcrumb":{"@id":"https:\/\/www.webdo.tn\/fr\/actualite\/%d8%ac%d9%87%d9%88%d9%8a%d8%a9\/coupure-d-eau-dans-plusieurs-zones-de-l-ariana\/204844\/#breadcrumb"},"inLanguage":"fr-FR","potentialAction":[{"@type":"ReadAction","target":["https:\/\/www.webdo.tn\/fr\/actualite\/%d8%ac%d9%87%d9%88%d9%8a%d8%a9\/coupure-d-eau-dans-plusieurs-zones-de-l-ariana\/204844\/"]}]},{"@type":"ImageObject","inLanguage":"fr-FR","@id":"https:\/\/www.webdo.tn\/fr\/actualite\/%d8%ac%d9%87%d9%88%d9%8a%d8%a9\/coupure-d-eau-dans-plusieurs-zones-de-l-ariana\/204844\/#primaryimage","url":"https:\/\/www.webdo.tn\/fr\/wp-content\/uploads\/2023\/04\/2e76bd1597a6ee47baf397b63cff9e16.jpg","contentUrl":"https:\/\/www.webdo.tn\/fr\/wp-content\/uploads\/2023\/04\/2e76bd1597a6ee47baf397b63cff9e16.jpg","width":750,"height":400,"caption":"Coupure d'eau dans plusieurs zones de l'Ariana"},{"@type":"BreadcrumbList","@id":"https:\/\/www.webdo.tn\/fr\/actualite\/%d8%ac%d9%87%d9%88%d9%8a%d8%a9\/coupure-d-eau-dans-plusieurs-zones-de-l-ariana\/204844\/#breadcrumb","itemListElement":[{"@type":"ListItem","position":1,"name":"Accueil","item":"https:\/\/www.webdo.tn\/fr\/"},{"@type":"ListItem","position":2,"name":"Coupure d&rsquo;eau dans plusieurs zones de l&rsquo;Ariana"}]},{"@type":"WebSite","@id":"https:\/\/www.webdo.tn\/fr\/#website","url":"https:\/\/www.webdo.tn\/fr\/","name":"webdo","description":"Tunisie - News en Tunisie et \u00e0 l&#039;international sur Webdo.tn","publisher":{"@id":"https:\/\/www.webdo.tn\/fr\/#organization"},"potentialAction":[{"@type":"SearchAction","target":{"@type":"EntryPoint","urlTemplate":"https:\/\/www.webdo.tn\/fr\/?s={search_term_string}"},"query-input":{"@type":"PropertyValueSpecification","valueRequired":true,"valueName":"search_term_string"}}],"inLanguage":"fr-FR"},{"@type":"Organization","@id":"https:\/\/www.webdo.tn\/fr\/#organization","name":"Webdo","alternateName":"Webdo.tn","url":"https:\/\/www.webdo.tn\/fr\/","logo":{"@type":"ImageObject","inLanguage":"fr-FR","@id":"https:\/\/www.webdo.tn\/fr\/#\/schema\/logo\/image\/","url":"https:\/\/www.webdo.tn\/fr\/wp-content\/uploads\/2025\/06\/Webdo-Tunisie_168377.jpg","contentUrl":"https:\/\/www.webdo.tn\/fr\/wp-content\/uploads\/2025\/06\/Webdo-Tunisie_168377.jpg","width":301,"height":301,"caption":"Webdo"},"image":{"@id":"https:\/\/www.webdo.tn\/fr\/#\/schema\/logo\/image\/"},"sameAs":["https:\/\/www.facebook.com\/webdotn","https:\/\/x.com\/webdo_tn"],"description":"Webdo est un m\u00e9dia num\u00e9rique tunisien fond\u00e9 en 2010, sp\u00e9cialis\u00e9 dans l\u2019actualit\u00e9 nationale et internationale, l\u2019\u00e9conomie, la soci\u00e9t\u00e9 et les analyses politiques. Le site s\u2019adresse \u00e0 un large public francophone et couvre l\u2019information tunisienne en temps r\u00e9el.","email":"redac@webdo.tn","legalName":"YNJ SARL","foundingDate":"2010-09-06","numberOfEmployees":{"@type":"QuantitativeValue","minValue":"11","maxValue":"50"}},{"@type":"Person","@id":"https:\/\/www.webdo.tn\/fr\/#\/schema\/person\/2c4929cbf5a809e3bd38617c6ce150f6","name":"MC","image":{"@type":"ImageObject","inLanguage":"fr-FR","@id":"https:\/\/secure.gravatar.com\/avatar\/a545bbb6f84efdd5553dbbc2895e3ca8f1d12c5215e00a041c9670b54aa9b18a?s=96&d=mm&r=g","url":"https:\/\/secure.gravatar.com\/avatar\/a545bbb6f84efdd5553dbbc2895e3ca8f1d12c5215e00a041c9670b54aa9b18a?s=96&d=mm&r=g","contentUrl":"https:\/\/secure.gravatar.com\/avatar\/a545bbb6f84efdd5553dbbc2895e3ca8f1d12c5215e00a041c9670b54aa9b18a?s=96&d=mm&r=g","caption":"MC"},"url":"https:\/\/www.webdo.tn\/fr\/actualite\/author\/mc\/"}]}},"_links":{"self":[{"href":"https:\/\/www.webdo.tn\/fr\/wp-json\/wp\/v2\/posts\/204844","targetHints":{"allow":["GET"]}}],"collection":[{"href":"https:\/\/www.webdo.tn\/fr\/wp-json\/wp\/v2\/posts"}],"about":[{"href":"https:\/\/www.webdo.tn\/fr\/wp-json\/wp\/v2\/types\/post"}],"author":[{"embeddable":true,"href":"https:\/\/www.webdo.tn\/fr\/wp-json\/wp\/v2\/users\/3162"}],"replies":[{"embeddable":true,"href":"https:\/\/www.webdo.tn\/fr\/wp-json\/wp\/v2\/comments?post=204844"}],"version-history":[{"count":0,"href":"https:\/\/www.webdo.tn\/fr\/wp-json\/wp\/v2\/posts\/204844\/revisions"}],"wp:featuredmedia":[{"embeddable":true,"href":"https:\/\/www.webdo.tn\/fr\/wp-json\/wp\/v2\/media\/251429"}],"wp:attachment":[{"href":"https:\/\/www.webdo.tn\/fr\/wp-json\/wp\/v2\/media?parent=204844"}],"wp:term":[{"taxonomy":"category","embeddable":true,"href":"https:\/\/www.webdo.tn\/fr\/wp-json\/wp\/v2\/categories?post=204844"},{"taxonomy":"post_tag","embeddable":true,"href":"https:\/\/www.webdo.tn\/fr\/wp-json\/wp\/v2\/tags?post=204844"}],"curies":[{"name":"wp","href":"https:\/\/api.w.org\/{rel}","templated":true}]}}