{"id":204841,"date":"2023-04-14T08:06:00","date_gmt":"2023-04-14T08:06:00","guid":{"rendered":"https:\/\/www.webdo.tn\/fr\/blog\/les-deputes-se-disent-dans-l-incapacite-de-declarer-leur-patrimoine\/204841\/"},"modified":"2025-05-20T22:49:55","modified_gmt":"2025-05-20T22:49:55","slug":"les-deputes-se-disent-dans-l-incapacite-de-declarer-leur-patrimoine","status":"publish","type":"post","link":"https:\/\/www.webdo.tn\/fr\/actualite\/national\/les-deputes-se-disent-dans-l-incapacite-de-declarer-leur-patrimoine\/204841\/","title":{"rendered":"Les d\u00e9put\u00e9s se disent dans l\u2019incapacit\u00e9 de d\u00e9clarer leur patrimoine"},"content":{"rendered":"<p>Consacr\u00e9e \u00e0 l&rsquo;examen du projet de r\u00e8glement int\u00e9rieur de l&rsquo;Assembl\u00e9e des repr\u00e9sentants du peuple (ARP), la pl\u00e9ni\u00e8re de l&rsquo;instance l\u00e9gislative a valid\u00e9, jeudi, un article \u00a0\u00bb pol\u00e9mique \u00ab\u00a0, article 4, traitant de la d\u00e9licate question de la d\u00e9claration du patrimoine et des conflits d&rsquo;int\u00e9r\u00eats des \u00e9lus du peuple.<\/p>\n<p>\t\t\t\t\t\t\t\t\tLe texte de l&rsquo;article en question a \u00e9t\u00e9 valid\u00e9 apr\u00e8s avoir apport\u00e9 une modification de taille faisant dire qu&rsquo;il est \u00a0\u00bb impossible \u00a0\u00bb aux d\u00e9put\u00e9s de l&rsquo;ARP de proc\u00e9der \u00e0 la d\u00e9claration de leur patrimoine en raison de l&rsquo;absence d&rsquo;une autorit\u00e9 habilit\u00e9e \u00e0 recevoir ces d\u00e9clarations.<\/p>\n<p>L&rsquo;amendement de l&rsquo;article 4 a \u00e9t\u00e9 adopt\u00e9 au terme d&rsquo;un vote en vertu duquel 95 d\u00e9put\u00e9s ont dit oui au projet, 3 autres ont exprim\u00e9 leur abstention et 4 autres l&rsquo;ont rejet\u00e9.<\/p>\n<p>Ainsi, tel qu&rsquo;approuv\u00e9 en pl\u00e9ni\u00e8re, le projet de l&rsquo;article 4 \u00e9nonce comme suit : \u00a0\u00bb Chaque membre est tenu de d\u00e9clarer son patrimoine conform\u00e9ment \u00e0 l&rsquo;article 20 de la Constitution. Chaque membre est \u00e9galement tenu de d\u00e9clarer les conflits d&rsquo;int\u00e9r\u00eats dans le cadre de son travail parlementaire. \u00a0\u00bb<\/p>\n<p>Les d\u00e9put\u00e9s ne sont consid\u00e9r\u00e9s comme abstentionnistes de faire leur d\u00e9claration face \u00e0 l&rsquo;impossibilit\u00e9 proc\u00e9durale et l&rsquo;impossibilit\u00e9 de pr\u00e9senter les d\u00e9clarations \u00e0 l&rsquo;instance nationale de lutte contre la corruption en raison de la suspension de ses activit\u00e9s en vertu des mesures exceptionnelles.<\/p>\n","protected":false},"excerpt":{"rendered":"<p>Consacr\u00e9e \u00e0 l&rsquo;examen du projet de r\u00e8glement int\u00e9rieur de l&rsquo;Assembl\u00e9e des repr\u00e9sentants du peuple (ARP), la pl\u00e9ni\u00e8re de l&rsquo;instance l\u00e9gislative a valid\u00e9, jeudi, u&#8230;<\/p>\n","protected":false},"author":3175,"featured_media":278068,"comment_status":"open","ping_status":"closed","sticky":false,"template":"","format":"standard","meta":{"footnotes":""},"categories":[44],"tags":[2813,3210,2608],"class_list":["post-204841","post","type-post","status-publish","format-standard","has-post-thumbnail","hentry","category-national","tag-arp","tag-deputes","tag-tunisie"],"yoast_head":"<!-- This site is optimized with the Yoast SEO Premium plugin v27.4 (Yoast SEO v27.4) - https:\/\/yoast.com\/product\/yoast-seo-premium-wordpress\/ -->\n<title>Les d\u00e9put\u00e9s se disent dans l\u2019incapacit\u00e9 de d\u00e9clarer leur patrimoine<\/title>\n<meta name=\"description\" content=\"Consacr\u00e9e \u00e0 l&#039;examen du projet de r\u00e8glement int\u00e9rieur de l&#039;Assembl\u00e9e des repr\u00e9sentants du peuple (ARP), la pl\u00e9ni\u00e8re de l&#039;instance l\u00e9gislative a valid\u00e9, jeudi, u...\" \/>\n<link rel=\"canonical\" href=\"https:\/\/www.webdo.tn\/fr\/actualite\/national\/les-deputes-se-disent-dans-l-incapacite-de-declarer-leur-patrimoine\/204841\/\" \/>\n<meta property=\"og:locale\" content=\"fr_FR\" \/>\n<meta property=\"og:type\" content=\"article\" \/>\n<meta property=\"og:title\" content=\"Les d\u00e9put\u00e9s se disent dans l\u2019incapacit\u00e9 de d\u00e9clarer leur patrimoine\" \/>\n<meta property=\"og:description\" content=\"Consacr\u00e9e \u00e0 l&#039;examen du projet de r\u00e8glement int\u00e9rieur de l&#039;Assembl\u00e9e des repr\u00e9sentants du peuple (ARP), la pl\u00e9ni\u00e8re de l&#039;instance l\u00e9gislative a valid\u00e9, jeudi, u...\" \/>\n<meta property=\"og:url\" content=\"https:\/\/www.webdo.tn\/fr\/actualite\/national\/les-deputes-se-disent-dans-l-incapacite-de-declarer-leur-patrimoine\/204841\/\" \/>\n<meta property=\"og:site_name\" content=\"webdo\" \/>\n<meta property=\"article:publisher\" content=\"https:\/\/www.facebook.com\/webdotn\" \/>\n<meta property=\"article:published_time\" content=\"2023-04-14T08:06:00+00:00\" \/>\n<meta property=\"article:modified_time\" content=\"2025-05-20T22:49:55+00:00\" \/>\n<meta property=\"og:image\" content=\"https:\/\/www.webdo.tn\/fr\/wp-content\/uploads\/2023\/04\/2647941150bd54a0793da376b5447469.jpg\" \/>\n\t<meta property=\"og:image:width\" content=\"750\" \/>\n\t<meta property=\"og:image:height\" content=\"400\" \/>\n\t<meta property=\"og:image:type\" content=\"image\/jpeg\" \/>\n<meta name=\"author\" content=\"CL\" \/>\n<meta name=\"twitter:card\" content=\"summary_large_image\" \/>\n<meta name=\"twitter:creator\" content=\"@webdo_tn\" \/>\n<meta name=\"twitter:site\" content=\"@webdo_tn\" \/>\n<meta name=\"twitter:label1\" content=\"\u00c9crit par\" \/>\n\t<meta name=\"twitter:data1\" content=\"CL\" \/>\n\t<meta name=\"twitter:label2\" content=\"Dur\u00e9e de lecture estim\u00e9e\" \/>\n\t<meta name=\"twitter:data2\" content=\"1 minute\" \/>\n<script type=\"application\/ld+json\" class=\"yoast-schema-graph\">{\"@context\":\"https:\\\/\\\/schema.org\",\"@graph\":[{\"@type\":\"NewsArticle\",\"@id\":\"https:\\\/\\\/www.webdo.tn\\\/fr\\\/actualite\\\/national\\\/les-deputes-se-disent-dans-l-incapacite-de-declarer-leur-patrimoine\\\/204841\\\/#article\",\"isPartOf\":{\"@id\":\"https:\\\/\\\/www.webdo.tn\\\/fr\\\/actualite\\\/national\\\/les-deputes-se-disent-dans-l-incapacite-de-declarer-leur-patrimoine\\\/204841\\\/\"},\"author\":{\"name\":\"CL\",\"@id\":\"https:\\\/\\\/www.webdo.tn\\\/fr\\\/#\\\/schema\\\/person\\\/f35b42a42c5e2511bbd282959d6385cc\"},\"headline\":\"Les d\u00e9put\u00e9s se disent dans l\u2019incapacit\u00e9 de d\u00e9clarer leur patrimoine\",\"datePublished\":\"2023-04-14T08:06:00+00:00\",\"dateModified\":\"2025-05-20T22:49:55+00:00\",\"mainEntityOfPage\":{\"@id\":\"https:\\\/\\\/www.webdo.tn\\\/fr\\\/actualite\\\/national\\\/les-deputes-se-disent-dans-l-incapacite-de-declarer-leur-patrimoine\\\/204841\\\/\"},\"wordCount\":268,\"commentCount\":0,\"publisher\":{\"@id\":\"https:\\\/\\\/www.webdo.tn\\\/fr\\\/#organization\"},\"image\":{\"@id\":\"https:\\\/\\\/www.webdo.tn\\\/fr\\\/actualite\\\/national\\\/les-deputes-se-disent-dans-l-incapacite-de-declarer-leur-patrimoine\\\/204841\\\/#primaryimage\"},\"thumbnailUrl\":\"https:\\\/\\\/www.webdo.tn\\\/fr\\\/wp-content\\\/uploads\\\/2023\\\/04\\\/2647941150bd54a0793da376b5447469.jpg\",\"keywords\":[\"ARP\",\"d\u00e9put\u00e9s\",\"Tunisie\"],\"articleSection\":[\"National\"],\"inLanguage\":\"fr-FR\"},{\"@type\":\"WebPage\",\"@id\":\"https:\\\/\\\/www.webdo.tn\\\/fr\\\/actualite\\\/national\\\/les-deputes-se-disent-dans-l-incapacite-de-declarer-leur-patrimoine\\\/204841\\\/\",\"url\":\"https:\\\/\\\/www.webdo.tn\\\/fr\\\/actualite\\\/national\\\/les-deputes-se-disent-dans-l-incapacite-de-declarer-leur-patrimoine\\\/204841\\\/\",\"name\":\"Les d\u00e9put\u00e9s se disent dans l\u2019incapacit\u00e9 de d\u00e9clarer leur patrimoine\",\"isPartOf\":{\"@id\":\"https:\\\/\\\/www.webdo.tn\\\/fr\\\/#website\"},\"primaryImageOfPage\":{\"@id\":\"https:\\\/\\\/www.webdo.tn\\\/fr\\\/actualite\\\/national\\\/les-deputes-se-disent-dans-l-incapacite-de-declarer-leur-patrimoine\\\/204841\\\/#primaryimage\"},\"image\":{\"@id\":\"https:\\\/\\\/www.webdo.tn\\\/fr\\\/actualite\\\/national\\\/les-deputes-se-disent-dans-l-incapacite-de-declarer-leur-patrimoine\\\/204841\\\/#primaryimage\"},\"thumbnailUrl\":\"https:\\\/\\\/www.webdo.tn\\\/fr\\\/wp-content\\\/uploads\\\/2023\\\/04\\\/2647941150bd54a0793da376b5447469.jpg\",\"datePublished\":\"2023-04-14T08:06:00+00:00\",\"dateModified\":\"2025-05-20T22:49:55+00:00\",\"description\":\"Consacr\u00e9e \u00e0 l'examen du projet de r\u00e8glement int\u00e9rieur de l'Assembl\u00e9e des repr\u00e9sentants du peuple (ARP), la pl\u00e9ni\u00e8re de l'instance l\u00e9gislative a valid\u00e9, jeudi, u...\",\"breadcrumb\":{\"@id\":\"https:\\\/\\\/www.webdo.tn\\\/fr\\\/actualite\\\/national\\\/les-deputes-se-disent-dans-l-incapacite-de-declarer-leur-patrimoine\\\/204841\\\/#breadcrumb\"},\"inLanguage\":\"fr-FR\",\"potentialAction\":[{\"@type\":\"ReadAction\",\"target\":[\"https:\\\/\\\/www.webdo.tn\\\/fr\\\/actualite\\\/national\\\/les-deputes-se-disent-dans-l-incapacite-de-declarer-leur-patrimoine\\\/204841\\\/\"]}]},{\"@type\":\"ImageObject\",\"inLanguage\":\"fr-FR\",\"@id\":\"https:\\\/\\\/www.webdo.tn\\\/fr\\\/actualite\\\/national\\\/les-deputes-se-disent-dans-l-incapacite-de-declarer-leur-patrimoine\\\/204841\\\/#primaryimage\",\"url\":\"https:\\\/\\\/www.webdo.tn\\\/fr\\\/wp-content\\\/uploads\\\/2023\\\/04\\\/2647941150bd54a0793da376b5447469.jpg\",\"contentUrl\":\"https:\\\/\\\/www.webdo.tn\\\/fr\\\/wp-content\\\/uploads\\\/2023\\\/04\\\/2647941150bd54a0793da376b5447469.jpg\",\"width\":750,\"height\":400,\"caption\":\"ARP\"},{\"@type\":\"BreadcrumbList\",\"@id\":\"https:\\\/\\\/www.webdo.tn\\\/fr\\\/actualite\\\/national\\\/les-deputes-se-disent-dans-l-incapacite-de-declarer-leur-patrimoine\\\/204841\\\/#breadcrumb\",\"itemListElement\":[{\"@type\":\"ListItem\",\"position\":1,\"name\":\"Accueil\",\"item\":\"https:\\\/\\\/www.webdo.tn\\\/fr\\\/\"},{\"@type\":\"ListItem\",\"position\":2,\"name\":\"Les d\u00e9put\u00e9s se disent dans l\u2019incapacit\u00e9 de d\u00e9clarer leur patrimoine\"}]},{\"@type\":\"WebSite\",\"@id\":\"https:\\\/\\\/www.webdo.tn\\\/fr\\\/#website\",\"url\":\"https:\\\/\\\/www.webdo.tn\\\/fr\\\/\",\"name\":\"webdo\",\"description\":\"Tunisie - News en Tunisie et \u00e0 l&#039;international sur Webdo.tn\",\"publisher\":{\"@id\":\"https:\\\/\\\/www.webdo.tn\\\/fr\\\/#organization\"},\"potentialAction\":[{\"@type\":\"SearchAction\",\"target\":{\"@type\":\"EntryPoint\",\"urlTemplate\":\"https:\\\/\\\/www.webdo.tn\\\/fr\\\/?s={search_term_string}\"},\"query-input\":{\"@type\":\"PropertyValueSpecification\",\"valueRequired\":true,\"valueName\":\"search_term_string\"}}],\"inLanguage\":\"fr-FR\"},{\"@type\":\"Organization\",\"@id\":\"https:\\\/\\\/www.webdo.tn\\\/fr\\\/#organization\",\"name\":\"Webdo\",\"alternateName\":\"Webdo.tn\",\"url\":\"https:\\\/\\\/www.webdo.tn\\\/fr\\\/\",\"logo\":{\"@type\":\"ImageObject\",\"inLanguage\":\"fr-FR\",\"@id\":\"https:\\\/\\\/www.webdo.tn\\\/fr\\\/#\\\/schema\\\/logo\\\/image\\\/\",\"url\":\"https:\\\/\\\/www.webdo.tn\\\/fr\\\/wp-content\\\/uploads\\\/2025\\\/06\\\/Webdo-Tunisie_168377.jpg\",\"contentUrl\":\"https:\\\/\\\/www.webdo.tn\\\/fr\\\/wp-content\\\/uploads\\\/2025\\\/06\\\/Webdo-Tunisie_168377.jpg\",\"width\":301,\"height\":301,\"caption\":\"Webdo\"},\"image\":{\"@id\":\"https:\\\/\\\/www.webdo.tn\\\/fr\\\/#\\\/schema\\\/logo\\\/image\\\/\"},\"sameAs\":[\"https:\\\/\\\/www.facebook.com\\\/webdotn\",\"https:\\\/\\\/x.com\\\/webdo_tn\"],\"description\":\"Webdo est un m\u00e9dia num\u00e9rique tunisien fond\u00e9 en 2010, sp\u00e9cialis\u00e9 dans l\u2019actualit\u00e9 nationale et internationale, l\u2019\u00e9conomie, la soci\u00e9t\u00e9 et les analyses politiques. Le site s\u2019adresse \u00e0 un large public francophone et couvre l\u2019information tunisienne en temps r\u00e9el.\",\"email\":\"redac@webdo.tn\",\"legalName\":\"YNJ SARL\",\"foundingDate\":\"2010-09-06\",\"numberOfEmployees\":{\"@type\":\"QuantitativeValue\",\"minValue\":\"11\",\"maxValue\":\"50\"}},{\"@type\":\"Person\",\"@id\":\"https:\\\/\\\/www.webdo.tn\\\/fr\\\/#\\\/schema\\\/person\\\/f35b42a42c5e2511bbd282959d6385cc\",\"name\":\"CL\",\"image\":{\"@type\":\"ImageObject\",\"inLanguage\":\"fr-FR\",\"@id\":\"https:\\\/\\\/secure.gravatar.com\\\/avatar\\\/1447a49909b67aa657c488aec6512e1dd6143a480c1ecfee9b5b5cd74eb3b59e?s=96&d=mm&r=g\",\"url\":\"https:\\\/\\\/secure.gravatar.com\\\/avatar\\\/1447a49909b67aa657c488aec6512e1dd6143a480c1ecfee9b5b5cd74eb3b59e?s=96&d=mm&r=g\",\"contentUrl\":\"https:\\\/\\\/secure.gravatar.com\\\/avatar\\\/1447a49909b67aa657c488aec6512e1dd6143a480c1ecfee9b5b5cd74eb3b59e?s=96&d=mm&r=g\",\"caption\":\"CL\"},\"url\":\"https:\\\/\\\/www.webdo.tn\\\/fr\\\/actualite\\\/author\\\/cl\\\/\"}]}<\/script>\n<!-- \/ Yoast SEO Premium plugin. -->","yoast_head_json":{"title":"Les d\u00e9put\u00e9s se disent dans l\u2019incapacit\u00e9 de d\u00e9clarer leur patrimoine","description":"Consacr\u00e9e \u00e0 l'examen du projet de r\u00e8glement int\u00e9rieur de l'Assembl\u00e9e des repr\u00e9sentants du peuple (ARP), la pl\u00e9ni\u00e8re de l'instance l\u00e9gislative a valid\u00e9, jeudi, u...","canonical":"https:\/\/www.webdo.tn\/fr\/actualite\/national\/les-deputes-se-disent-dans-l-incapacite-de-declarer-leur-patrimoine\/204841\/","og_locale":"fr_FR","og_type":"article","og_title":"Les d\u00e9put\u00e9s se disent dans l\u2019incapacit\u00e9 de d\u00e9clarer leur patrimoine","og_description":"Consacr\u00e9e \u00e0 l'examen du projet de r\u00e8glement int\u00e9rieur de l'Assembl\u00e9e des repr\u00e9sentants du peuple (ARP), la pl\u00e9ni\u00e8re de l'instance l\u00e9gislative a valid\u00e9, jeudi, u...","og_url":"https:\/\/www.webdo.tn\/fr\/actualite\/national\/les-deputes-se-disent-dans-l-incapacite-de-declarer-leur-patrimoine\/204841\/","og_site_name":"webdo","article_publisher":"https:\/\/www.facebook.com\/webdotn","article_published_time":"2023-04-14T08:06:00+00:00","article_modified_time":"2025-05-20T22:49:55+00:00","og_image":[{"width":750,"height":400,"url":"https:\/\/www.webdo.tn\/fr\/wp-content\/uploads\/2023\/04\/2647941150bd54a0793da376b5447469.jpg","type":"image\/jpeg"}],"author":"CL","twitter_card":"summary_large_image","twitter_creator":"@webdo_tn","twitter_site":"@webdo_tn","twitter_misc":{"\u00c9crit par":"CL","Dur\u00e9e de lecture estim\u00e9e":"1 minute"},"schema":{"@context":"https:\/\/schema.org","@graph":[{"@type":"NewsArticle","@id":"https:\/\/www.webdo.tn\/fr\/actualite\/national\/les-deputes-se-disent-dans-l-incapacite-de-declarer-leur-patrimoine\/204841\/#article","isPartOf":{"@id":"https:\/\/www.webdo.tn\/fr\/actualite\/national\/les-deputes-se-disent-dans-l-incapacite-de-declarer-leur-patrimoine\/204841\/"},"author":{"name":"CL","@id":"https:\/\/www.webdo.tn\/fr\/#\/schema\/person\/f35b42a42c5e2511bbd282959d6385cc"},"headline":"Les d\u00e9put\u00e9s se disent dans l\u2019incapacit\u00e9 de d\u00e9clarer leur patrimoine","datePublished":"2023-04-14T08:06:00+00:00","dateModified":"2025-05-20T22:49:55+00:00","mainEntityOfPage":{"@id":"https:\/\/www.webdo.tn\/fr\/actualite\/national\/les-deputes-se-disent-dans-l-incapacite-de-declarer-leur-patrimoine\/204841\/"},"wordCount":268,"commentCount":0,"publisher":{"@id":"https:\/\/www.webdo.tn\/fr\/#organization"},"image":{"@id":"https:\/\/www.webdo.tn\/fr\/actualite\/national\/les-deputes-se-disent-dans-l-incapacite-de-declarer-leur-patrimoine\/204841\/#primaryimage"},"thumbnailUrl":"https:\/\/www.webdo.tn\/fr\/wp-content\/uploads\/2023\/04\/2647941150bd54a0793da376b5447469.jpg","keywords":["ARP","d\u00e9put\u00e9s","Tunisie"],"articleSection":["National"],"inLanguage":"fr-FR"},{"@type":"WebPage","@id":"https:\/\/www.webdo.tn\/fr\/actualite\/national\/les-deputes-se-disent-dans-l-incapacite-de-declarer-leur-patrimoine\/204841\/","url":"https:\/\/www.webdo.tn\/fr\/actualite\/national\/les-deputes-se-disent-dans-l-incapacite-de-declarer-leur-patrimoine\/204841\/","name":"Les d\u00e9put\u00e9s se disent dans l\u2019incapacit\u00e9 de d\u00e9clarer leur patrimoine","isPartOf":{"@id":"https:\/\/www.webdo.tn\/fr\/#website"},"primaryImageOfPage":{"@id":"https:\/\/www.webdo.tn\/fr\/actualite\/national\/les-deputes-se-disent-dans-l-incapacite-de-declarer-leur-patrimoine\/204841\/#primaryimage"},"image":{"@id":"https:\/\/www.webdo.tn\/fr\/actualite\/national\/les-deputes-se-disent-dans-l-incapacite-de-declarer-leur-patrimoine\/204841\/#primaryimage"},"thumbnailUrl":"https:\/\/www.webdo.tn\/fr\/wp-content\/uploads\/2023\/04\/2647941150bd54a0793da376b5447469.jpg","datePublished":"2023-04-14T08:06:00+00:00","dateModified":"2025-05-20T22:49:55+00:00","description":"Consacr\u00e9e \u00e0 l'examen du projet de r\u00e8glement int\u00e9rieur de l'Assembl\u00e9e des repr\u00e9sentants du peuple (ARP), la pl\u00e9ni\u00e8re de l'instance l\u00e9gislative a valid\u00e9, jeudi, u...","breadcrumb":{"@id":"https:\/\/www.webdo.tn\/fr\/actualite\/national\/les-deputes-se-disent-dans-l-incapacite-de-declarer-leur-patrimoine\/204841\/#breadcrumb"},"inLanguage":"fr-FR","potentialAction":[{"@type":"ReadAction","target":["https:\/\/www.webdo.tn\/fr\/actualite\/national\/les-deputes-se-disent-dans-l-incapacite-de-declarer-leur-patrimoine\/204841\/"]}]},{"@type":"ImageObject","inLanguage":"fr-FR","@id":"https:\/\/www.webdo.tn\/fr\/actualite\/national\/les-deputes-se-disent-dans-l-incapacite-de-declarer-leur-patrimoine\/204841\/#primaryimage","url":"https:\/\/www.webdo.tn\/fr\/wp-content\/uploads\/2023\/04\/2647941150bd54a0793da376b5447469.jpg","contentUrl":"https:\/\/www.webdo.tn\/fr\/wp-content\/uploads\/2023\/04\/2647941150bd54a0793da376b5447469.jpg","width":750,"height":400,"caption":"ARP"},{"@type":"BreadcrumbList","@id":"https:\/\/www.webdo.tn\/fr\/actualite\/national\/les-deputes-se-disent-dans-l-incapacite-de-declarer-leur-patrimoine\/204841\/#breadcrumb","itemListElement":[{"@type":"ListItem","position":1,"name":"Accueil","item":"https:\/\/www.webdo.tn\/fr\/"},{"@type":"ListItem","position":2,"name":"Les d\u00e9put\u00e9s se disent dans l\u2019incapacit\u00e9 de d\u00e9clarer leur patrimoine"}]},{"@type":"WebSite","@id":"https:\/\/www.webdo.tn\/fr\/#website","url":"https:\/\/www.webdo.tn\/fr\/","name":"webdo","description":"Tunisie - News en Tunisie et \u00e0 l&#039;international sur Webdo.tn","publisher":{"@id":"https:\/\/www.webdo.tn\/fr\/#organization"},"potentialAction":[{"@type":"SearchAction","target":{"@type":"EntryPoint","urlTemplate":"https:\/\/www.webdo.tn\/fr\/?s={search_term_string}"},"query-input":{"@type":"PropertyValueSpecification","valueRequired":true,"valueName":"search_term_string"}}],"inLanguage":"fr-FR"},{"@type":"Organization","@id":"https:\/\/www.webdo.tn\/fr\/#organization","name":"Webdo","alternateName":"Webdo.tn","url":"https:\/\/www.webdo.tn\/fr\/","logo":{"@type":"ImageObject","inLanguage":"fr-FR","@id":"https:\/\/www.webdo.tn\/fr\/#\/schema\/logo\/image\/","url":"https:\/\/www.webdo.tn\/fr\/wp-content\/uploads\/2025\/06\/Webdo-Tunisie_168377.jpg","contentUrl":"https:\/\/www.webdo.tn\/fr\/wp-content\/uploads\/2025\/06\/Webdo-Tunisie_168377.jpg","width":301,"height":301,"caption":"Webdo"},"image":{"@id":"https:\/\/www.webdo.tn\/fr\/#\/schema\/logo\/image\/"},"sameAs":["https:\/\/www.facebook.com\/webdotn","https:\/\/x.com\/webdo_tn"],"description":"Webdo est un m\u00e9dia num\u00e9rique tunisien fond\u00e9 en 2010, sp\u00e9cialis\u00e9 dans l\u2019actualit\u00e9 nationale et internationale, l\u2019\u00e9conomie, la soci\u00e9t\u00e9 et les analyses politiques. Le site s\u2019adresse \u00e0 un large public francophone et couvre l\u2019information tunisienne en temps r\u00e9el.","email":"redac@webdo.tn","legalName":"YNJ SARL","foundingDate":"2010-09-06","numberOfEmployees":{"@type":"QuantitativeValue","minValue":"11","maxValue":"50"}},{"@type":"Person","@id":"https:\/\/www.webdo.tn\/fr\/#\/schema\/person\/f35b42a42c5e2511bbd282959d6385cc","name":"CL","image":{"@type":"ImageObject","inLanguage":"fr-FR","@id":"https:\/\/secure.gravatar.com\/avatar\/1447a49909b67aa657c488aec6512e1dd6143a480c1ecfee9b5b5cd74eb3b59e?s=96&d=mm&r=g","url":"https:\/\/secure.gravatar.com\/avatar\/1447a49909b67aa657c488aec6512e1dd6143a480c1ecfee9b5b5cd74eb3b59e?s=96&d=mm&r=g","contentUrl":"https:\/\/secure.gravatar.com\/avatar\/1447a49909b67aa657c488aec6512e1dd6143a480c1ecfee9b5b5cd74eb3b59e?s=96&d=mm&r=g","caption":"CL"},"url":"https:\/\/www.webdo.tn\/fr\/actualite\/author\/cl\/"}]}},"_links":{"self":[{"href":"https:\/\/www.webdo.tn\/fr\/wp-json\/wp\/v2\/posts\/204841","targetHints":{"allow":["GET"]}}],"collection":[{"href":"https:\/\/www.webdo.tn\/fr\/wp-json\/wp\/v2\/posts"}],"about":[{"href":"https:\/\/www.webdo.tn\/fr\/wp-json\/wp\/v2\/types\/post"}],"author":[{"embeddable":true,"href":"https:\/\/www.webdo.tn\/fr\/wp-json\/wp\/v2\/users\/3175"}],"replies":[{"embeddable":true,"href":"https:\/\/www.webdo.tn\/fr\/wp-json\/wp\/v2\/comments?post=204841"}],"version-history":[{"count":0,"href":"https:\/\/www.webdo.tn\/fr\/wp-json\/wp\/v2\/posts\/204841\/revisions"}],"wp:featuredmedia":[{"embeddable":true,"href":"https:\/\/www.webdo.tn\/fr\/wp-json\/wp\/v2\/media\/278068"}],"wp:attachment":[{"href":"https:\/\/www.webdo.tn\/fr\/wp-json\/wp\/v2\/media?parent=204841"}],"wp:term":[{"taxonomy":"category","embeddable":true,"href":"https:\/\/www.webdo.tn\/fr\/wp-json\/wp\/v2\/categories?post=204841"},{"taxonomy":"post_tag","embeddable":true,"href":"https:\/\/www.webdo.tn\/fr\/wp-json\/wp\/v2\/tags?post=204841"}],"curies":[{"name":"wp","href":"https:\/\/api.w.org\/{rel}","templated":true}]}}