{"id":204838,"date":"2023-04-14T07:31:00","date_gmt":"2023-04-14T07:31:00","guid":{"rendered":"https:\/\/www.webdo.tn\/fr\/blog\/reformes-saied-appelle-a-preserver-la-paix-sociale\/204838\/"},"modified":"2025-05-20T22:49:54","modified_gmt":"2025-05-20T22:49:54","slug":"reformes-saied-appelle-a-preserver-la-paix-sociale","status":"publish","type":"post","link":"https:\/\/www.webdo.tn\/fr\/actualite\/national\/reformes-saied-appelle-a-preserver-la-paix-sociale\/204838\/","title":{"rendered":"R\u00e9formes : Saied appelle \u00e0 pr\u00e9server la paix sociale"},"content":{"rendered":"<p>Le pr\u00e9sident de la R\u00e9publique Kais Saied, a affirm\u00e9 que la Tunisie, gr\u00e2ce \u00e0 la conviction de son peuple de la souverainet\u00e9 de sa d\u00e9cision \u00ab\u00a0est capable d&rsquo;\u00e9claircir la situation \u00e0 ceux qui cherchent l&rsquo;ambigu\u00eft\u00e9\u00a0\u00bb.<\/p>\n<p>\t\t\t\t\t\t\t\t\tDans un communiqu\u00e9 rendu public jeudi par la pr\u00e9sidence de la R\u00e9publique, Saied a ajout\u00e9 lors de son entretien avec la cheffe du gouvernement, Najla Bouden, que certains \u0153uvrent afin de mettre en \u00e9chec chaque projet, \u00ab parce que leur seul projet est d&rsquo;attiser les tensions alors qu&rsquo;ils savent tr\u00e8s bien qu&rsquo;il n y&rsquo;a aucun \u00e9cho ni \u00e0 leur discours ni \u00e0 leur action \u00bb.\u00a0<\/p>\n<p>Selon la m\u00eame source, la r\u00e9union a port\u00e9 sur un ensemble de questions relatives au d\u00e9roulement des activit\u00e9s des structures du gouvernement ainsi que des questions portant sur l&rsquo;\u00e9quilibre financier de l&rsquo;Etat.\u00a0<\/p>\n<p>Saied a soulign\u00e9, dans ce m\u00eame ordre d&rsquo;id\u00e9es, l&rsquo;importance d&rsquo;assurer l&rsquo;\u00e9quilibre tout en pr\u00e9servant les droits des citoyens et la paix sociale. Le pr\u00e9sident de la R\u00e9publique a rappel\u00e9, \u00e0 ce propos, l&rsquo;attachement du peuple \u00e0 la souverainet\u00e9 de l&rsquo;Etat. La r\u00e9union a port\u00e9 aussi sur les allocations mobilis\u00e9es pour la r\u00e9alisation nombre de projets. Saied a signal\u00e9 \u00e0 cet effet, que ni les projets ont \u00e9t\u00e9r\u00e9alis\u00e9s ni l&rsquo;argent a \u00e9t\u00e9 d\u00e9pens\u00e9 \u00e0 cause des mauvais choix.<\/p>\n","protected":false},"excerpt":{"rendered":"<p>Le pr\u00e9sident de la R\u00e9publique Kais Saied, a affirm\u00e9 que la Tunisie, gr\u00e2ce \u00e0 la conviction de son peuple de la souverainet\u00e9 de sa d\u00e9cision  est capable d&rsquo;\u00e9clairc&#8230;<\/p>\n","protected":false},"author":3175,"featured_media":278064,"comment_status":"open","ping_status":"closed","sticky":false,"template":"","format":"standard","meta":{"footnotes":""},"categories":[44],"tags":[2614,2608],"class_list":["post-204838","post","type-post","status-publish","format-standard","has-post-thumbnail","hentry","category-national","tag-kais-saied","tag-tunisie"],"yoast_head":"<!-- This site is optimized with the Yoast SEO Premium plugin v27.4 (Yoast SEO v27.4) - https:\/\/yoast.com\/product\/yoast-seo-premium-wordpress\/ -->\n<title>R\u00e9formes : Saied appelle \u00e0 pr\u00e9server la paix sociale<\/title>\n<meta name=\"description\" content=\"Le pr\u00e9sident de la R\u00e9publique Kais Saied, a affirm\u00e9 que la Tunisie, gr\u00e2ce \u00e0 la conviction de son peuple de la souverainet\u00e9 de sa d\u00e9cision est capable d&#039;\u00e9clairc...\" \/>\n<link rel=\"canonical\" href=\"https:\/\/www.webdo.tn\/fr\/actualite\/national\/reformes-saied-appelle-a-preserver-la-paix-sociale\/204838\/\" \/>\n<meta property=\"og:locale\" content=\"fr_FR\" \/>\n<meta property=\"og:type\" content=\"article\" \/>\n<meta property=\"og:title\" content=\"R\u00e9formes : Saied appelle \u00e0 pr\u00e9server la paix sociale\" \/>\n<meta property=\"og:description\" content=\"Le pr\u00e9sident de la R\u00e9publique Kais Saied, a affirm\u00e9 que la Tunisie, gr\u00e2ce \u00e0 la conviction de son peuple de la souverainet\u00e9 de sa d\u00e9cision est capable d&#039;\u00e9clairc...\" \/>\n<meta property=\"og:url\" content=\"https:\/\/www.webdo.tn\/fr\/actualite\/national\/reformes-saied-appelle-a-preserver-la-paix-sociale\/204838\/\" \/>\n<meta property=\"og:site_name\" content=\"webdo\" \/>\n<meta property=\"article:publisher\" content=\"https:\/\/www.facebook.com\/webdotn\" \/>\n<meta property=\"article:published_time\" content=\"2023-04-14T07:31:00+00:00\" \/>\n<meta property=\"article:modified_time\" content=\"2025-05-20T22:49:54+00:00\" \/>\n<meta property=\"og:image\" content=\"https:\/\/www.webdo.tn\/fr\/wp-content\/uploads\/2023\/04\/c9cf8ae40cd863ebd202b58dbf5f1991.jpg\" \/>\n\t<meta property=\"og:image:width\" content=\"750\" \/>\n\t<meta property=\"og:image:height\" content=\"400\" \/>\n\t<meta property=\"og:image:type\" content=\"image\/jpeg\" \/>\n<meta name=\"author\" content=\"CL\" \/>\n<meta name=\"twitter:card\" content=\"summary_large_image\" \/>\n<meta name=\"twitter:creator\" content=\"@webdo_tn\" \/>\n<meta name=\"twitter:site\" content=\"@webdo_tn\" \/>\n<meta name=\"twitter:label1\" content=\"\u00c9crit par\" \/>\n\t<meta name=\"twitter:data1\" content=\"CL\" \/>\n\t<meta name=\"twitter:label2\" content=\"Dur\u00e9e de lecture estim\u00e9e\" \/>\n\t<meta name=\"twitter:data2\" content=\"1 minute\" \/>\n<script type=\"application\/ld+json\" class=\"yoast-schema-graph\">{\"@context\":\"https:\\\/\\\/schema.org\",\"@graph\":[{\"@type\":\"NewsArticle\",\"@id\":\"https:\\\/\\\/www.webdo.tn\\\/fr\\\/actualite\\\/national\\\/reformes-saied-appelle-a-preserver-la-paix-sociale\\\/204838\\\/#article\",\"isPartOf\":{\"@id\":\"https:\\\/\\\/www.webdo.tn\\\/fr\\\/actualite\\\/national\\\/reformes-saied-appelle-a-preserver-la-paix-sociale\\\/204838\\\/\"},\"author\":{\"name\":\"CL\",\"@id\":\"https:\\\/\\\/www.webdo.tn\\\/fr\\\/#\\\/schema\\\/person\\\/f35b42a42c5e2511bbd282959d6385cc\"},\"headline\":\"R\u00e9formes : Saied appelle \u00e0 pr\u00e9server la paix sociale\",\"datePublished\":\"2023-04-14T07:31:00+00:00\",\"dateModified\":\"2025-05-20T22:49:54+00:00\",\"mainEntityOfPage\":{\"@id\":\"https:\\\/\\\/www.webdo.tn\\\/fr\\\/actualite\\\/national\\\/reformes-saied-appelle-a-preserver-la-paix-sociale\\\/204838\\\/\"},\"wordCount\":247,\"commentCount\":0,\"publisher\":{\"@id\":\"https:\\\/\\\/www.webdo.tn\\\/fr\\\/#organization\"},\"image\":{\"@id\":\"https:\\\/\\\/www.webdo.tn\\\/fr\\\/actualite\\\/national\\\/reformes-saied-appelle-a-preserver-la-paix-sociale\\\/204838\\\/#primaryimage\"},\"thumbnailUrl\":\"https:\\\/\\\/www.webdo.tn\\\/fr\\\/wp-content\\\/uploads\\\/2023\\\/04\\\/c9cf8ae40cd863ebd202b58dbf5f1991.jpg\",\"keywords\":[\"Kais Saied\",\"Tunisie\"],\"articleSection\":[\"National\"],\"inLanguage\":\"fr-FR\"},{\"@type\":\"WebPage\",\"@id\":\"https:\\\/\\\/www.webdo.tn\\\/fr\\\/actualite\\\/national\\\/reformes-saied-appelle-a-preserver-la-paix-sociale\\\/204838\\\/\",\"url\":\"https:\\\/\\\/www.webdo.tn\\\/fr\\\/actualite\\\/national\\\/reformes-saied-appelle-a-preserver-la-paix-sociale\\\/204838\\\/\",\"name\":\"R\u00e9formes : Saied appelle \u00e0 pr\u00e9server la paix sociale\",\"isPartOf\":{\"@id\":\"https:\\\/\\\/www.webdo.tn\\\/fr\\\/#website\"},\"primaryImageOfPage\":{\"@id\":\"https:\\\/\\\/www.webdo.tn\\\/fr\\\/actualite\\\/national\\\/reformes-saied-appelle-a-preserver-la-paix-sociale\\\/204838\\\/#primaryimage\"},\"image\":{\"@id\":\"https:\\\/\\\/www.webdo.tn\\\/fr\\\/actualite\\\/national\\\/reformes-saied-appelle-a-preserver-la-paix-sociale\\\/204838\\\/#primaryimage\"},\"thumbnailUrl\":\"https:\\\/\\\/www.webdo.tn\\\/fr\\\/wp-content\\\/uploads\\\/2023\\\/04\\\/c9cf8ae40cd863ebd202b58dbf5f1991.jpg\",\"datePublished\":\"2023-04-14T07:31:00+00:00\",\"dateModified\":\"2025-05-20T22:49:54+00:00\",\"description\":\"Le pr\u00e9sident de la R\u00e9publique Kais Saied, a affirm\u00e9 que la Tunisie, gr\u00e2ce \u00e0 la conviction de son peuple de la souverainet\u00e9 de sa d\u00e9cision est capable d'\u00e9clairc...\",\"breadcrumb\":{\"@id\":\"https:\\\/\\\/www.webdo.tn\\\/fr\\\/actualite\\\/national\\\/reformes-saied-appelle-a-preserver-la-paix-sociale\\\/204838\\\/#breadcrumb\"},\"inLanguage\":\"fr-FR\",\"potentialAction\":[{\"@type\":\"ReadAction\",\"target\":[\"https:\\\/\\\/www.webdo.tn\\\/fr\\\/actualite\\\/national\\\/reformes-saied-appelle-a-preserver-la-paix-sociale\\\/204838\\\/\"]}]},{\"@type\":\"ImageObject\",\"inLanguage\":\"fr-FR\",\"@id\":\"https:\\\/\\\/www.webdo.tn\\\/fr\\\/actualite\\\/national\\\/reformes-saied-appelle-a-preserver-la-paix-sociale\\\/204838\\\/#primaryimage\",\"url\":\"https:\\\/\\\/www.webdo.tn\\\/fr\\\/wp-content\\\/uploads\\\/2023\\\/04\\\/c9cf8ae40cd863ebd202b58dbf5f1991.jpg\",\"contentUrl\":\"https:\\\/\\\/www.webdo.tn\\\/fr\\\/wp-content\\\/uploads\\\/2023\\\/04\\\/c9cf8ae40cd863ebd202b58dbf5f1991.jpg\",\"width\":750,\"height\":400,\"caption\":\"Kais Saied\"},{\"@type\":\"BreadcrumbList\",\"@id\":\"https:\\\/\\\/www.webdo.tn\\\/fr\\\/actualite\\\/national\\\/reformes-saied-appelle-a-preserver-la-paix-sociale\\\/204838\\\/#breadcrumb\",\"itemListElement\":[{\"@type\":\"ListItem\",\"position\":1,\"name\":\"Accueil\",\"item\":\"https:\\\/\\\/www.webdo.tn\\\/fr\\\/\"},{\"@type\":\"ListItem\",\"position\":2,\"name\":\"R\u00e9formes : Saied appelle \u00e0 pr\u00e9server la paix sociale\"}]},{\"@type\":\"WebSite\",\"@id\":\"https:\\\/\\\/www.webdo.tn\\\/fr\\\/#website\",\"url\":\"https:\\\/\\\/www.webdo.tn\\\/fr\\\/\",\"name\":\"webdo\",\"description\":\"Tunisie - News en Tunisie et \u00e0 l&#039;international sur Webdo.tn\",\"publisher\":{\"@id\":\"https:\\\/\\\/www.webdo.tn\\\/fr\\\/#organization\"},\"potentialAction\":[{\"@type\":\"SearchAction\",\"target\":{\"@type\":\"EntryPoint\",\"urlTemplate\":\"https:\\\/\\\/www.webdo.tn\\\/fr\\\/?s={search_term_string}\"},\"query-input\":{\"@type\":\"PropertyValueSpecification\",\"valueRequired\":true,\"valueName\":\"search_term_string\"}}],\"inLanguage\":\"fr-FR\"},{\"@type\":\"Organization\",\"@id\":\"https:\\\/\\\/www.webdo.tn\\\/fr\\\/#organization\",\"name\":\"Webdo\",\"alternateName\":\"Webdo.tn\",\"url\":\"https:\\\/\\\/www.webdo.tn\\\/fr\\\/\",\"logo\":{\"@type\":\"ImageObject\",\"inLanguage\":\"fr-FR\",\"@id\":\"https:\\\/\\\/www.webdo.tn\\\/fr\\\/#\\\/schema\\\/logo\\\/image\\\/\",\"url\":\"https:\\\/\\\/www.webdo.tn\\\/fr\\\/wp-content\\\/uploads\\\/2025\\\/06\\\/Webdo-Tunisie_168377.jpg\",\"contentUrl\":\"https:\\\/\\\/www.webdo.tn\\\/fr\\\/wp-content\\\/uploads\\\/2025\\\/06\\\/Webdo-Tunisie_168377.jpg\",\"width\":301,\"height\":301,\"caption\":\"Webdo\"},\"image\":{\"@id\":\"https:\\\/\\\/www.webdo.tn\\\/fr\\\/#\\\/schema\\\/logo\\\/image\\\/\"},\"sameAs\":[\"https:\\\/\\\/www.facebook.com\\\/webdotn\",\"https:\\\/\\\/x.com\\\/webdo_tn\"],\"description\":\"Webdo est un m\u00e9dia num\u00e9rique tunisien fond\u00e9 en 2010, sp\u00e9cialis\u00e9 dans l\u2019actualit\u00e9 nationale et internationale, l\u2019\u00e9conomie, la soci\u00e9t\u00e9 et les analyses politiques. Le site s\u2019adresse \u00e0 un large public francophone et couvre l\u2019information tunisienne en temps r\u00e9el.\",\"email\":\"redac@webdo.tn\",\"legalName\":\"YNJ SARL\",\"foundingDate\":\"2010-09-06\",\"numberOfEmployees\":{\"@type\":\"QuantitativeValue\",\"minValue\":\"11\",\"maxValue\":\"50\"}},{\"@type\":\"Person\",\"@id\":\"https:\\\/\\\/www.webdo.tn\\\/fr\\\/#\\\/schema\\\/person\\\/f35b42a42c5e2511bbd282959d6385cc\",\"name\":\"CL\",\"image\":{\"@type\":\"ImageObject\",\"inLanguage\":\"fr-FR\",\"@id\":\"https:\\\/\\\/secure.gravatar.com\\\/avatar\\\/1447a49909b67aa657c488aec6512e1dd6143a480c1ecfee9b5b5cd74eb3b59e?s=96&d=mm&r=g\",\"url\":\"https:\\\/\\\/secure.gravatar.com\\\/avatar\\\/1447a49909b67aa657c488aec6512e1dd6143a480c1ecfee9b5b5cd74eb3b59e?s=96&d=mm&r=g\",\"contentUrl\":\"https:\\\/\\\/secure.gravatar.com\\\/avatar\\\/1447a49909b67aa657c488aec6512e1dd6143a480c1ecfee9b5b5cd74eb3b59e?s=96&d=mm&r=g\",\"caption\":\"CL\"},\"url\":\"https:\\\/\\\/www.webdo.tn\\\/fr\\\/actualite\\\/author\\\/cl\\\/\"}]}<\/script>\n<!-- \/ Yoast SEO Premium plugin. -->","yoast_head_json":{"title":"R\u00e9formes : Saied appelle \u00e0 pr\u00e9server la paix sociale","description":"Le pr\u00e9sident de la R\u00e9publique Kais Saied, a affirm\u00e9 que la Tunisie, gr\u00e2ce \u00e0 la conviction de son peuple de la souverainet\u00e9 de sa d\u00e9cision est capable d'\u00e9clairc...","canonical":"https:\/\/www.webdo.tn\/fr\/actualite\/national\/reformes-saied-appelle-a-preserver-la-paix-sociale\/204838\/","og_locale":"fr_FR","og_type":"article","og_title":"R\u00e9formes : Saied appelle \u00e0 pr\u00e9server la paix sociale","og_description":"Le pr\u00e9sident de la R\u00e9publique Kais Saied, a affirm\u00e9 que la Tunisie, gr\u00e2ce \u00e0 la conviction de son peuple de la souverainet\u00e9 de sa d\u00e9cision est capable d'\u00e9clairc...","og_url":"https:\/\/www.webdo.tn\/fr\/actualite\/national\/reformes-saied-appelle-a-preserver-la-paix-sociale\/204838\/","og_site_name":"webdo","article_publisher":"https:\/\/www.facebook.com\/webdotn","article_published_time":"2023-04-14T07:31:00+00:00","article_modified_time":"2025-05-20T22:49:54+00:00","og_image":[{"width":750,"height":400,"url":"https:\/\/www.webdo.tn\/fr\/wp-content\/uploads\/2023\/04\/c9cf8ae40cd863ebd202b58dbf5f1991.jpg","type":"image\/jpeg"}],"author":"CL","twitter_card":"summary_large_image","twitter_creator":"@webdo_tn","twitter_site":"@webdo_tn","twitter_misc":{"\u00c9crit par":"CL","Dur\u00e9e de lecture estim\u00e9e":"1 minute"},"schema":{"@context":"https:\/\/schema.org","@graph":[{"@type":"NewsArticle","@id":"https:\/\/www.webdo.tn\/fr\/actualite\/national\/reformes-saied-appelle-a-preserver-la-paix-sociale\/204838\/#article","isPartOf":{"@id":"https:\/\/www.webdo.tn\/fr\/actualite\/national\/reformes-saied-appelle-a-preserver-la-paix-sociale\/204838\/"},"author":{"name":"CL","@id":"https:\/\/www.webdo.tn\/fr\/#\/schema\/person\/f35b42a42c5e2511bbd282959d6385cc"},"headline":"R\u00e9formes : Saied appelle \u00e0 pr\u00e9server la paix sociale","datePublished":"2023-04-14T07:31:00+00:00","dateModified":"2025-05-20T22:49:54+00:00","mainEntityOfPage":{"@id":"https:\/\/www.webdo.tn\/fr\/actualite\/national\/reformes-saied-appelle-a-preserver-la-paix-sociale\/204838\/"},"wordCount":247,"commentCount":0,"publisher":{"@id":"https:\/\/www.webdo.tn\/fr\/#organization"},"image":{"@id":"https:\/\/www.webdo.tn\/fr\/actualite\/national\/reformes-saied-appelle-a-preserver-la-paix-sociale\/204838\/#primaryimage"},"thumbnailUrl":"https:\/\/www.webdo.tn\/fr\/wp-content\/uploads\/2023\/04\/c9cf8ae40cd863ebd202b58dbf5f1991.jpg","keywords":["Kais Saied","Tunisie"],"articleSection":["National"],"inLanguage":"fr-FR"},{"@type":"WebPage","@id":"https:\/\/www.webdo.tn\/fr\/actualite\/national\/reformes-saied-appelle-a-preserver-la-paix-sociale\/204838\/","url":"https:\/\/www.webdo.tn\/fr\/actualite\/national\/reformes-saied-appelle-a-preserver-la-paix-sociale\/204838\/","name":"R\u00e9formes : Saied appelle \u00e0 pr\u00e9server la paix sociale","isPartOf":{"@id":"https:\/\/www.webdo.tn\/fr\/#website"},"primaryImageOfPage":{"@id":"https:\/\/www.webdo.tn\/fr\/actualite\/national\/reformes-saied-appelle-a-preserver-la-paix-sociale\/204838\/#primaryimage"},"image":{"@id":"https:\/\/www.webdo.tn\/fr\/actualite\/national\/reformes-saied-appelle-a-preserver-la-paix-sociale\/204838\/#primaryimage"},"thumbnailUrl":"https:\/\/www.webdo.tn\/fr\/wp-content\/uploads\/2023\/04\/c9cf8ae40cd863ebd202b58dbf5f1991.jpg","datePublished":"2023-04-14T07:31:00+00:00","dateModified":"2025-05-20T22:49:54+00:00","description":"Le pr\u00e9sident de la R\u00e9publique Kais Saied, a affirm\u00e9 que la Tunisie, gr\u00e2ce \u00e0 la conviction de son peuple de la souverainet\u00e9 de sa d\u00e9cision est capable d'\u00e9clairc...","breadcrumb":{"@id":"https:\/\/www.webdo.tn\/fr\/actualite\/national\/reformes-saied-appelle-a-preserver-la-paix-sociale\/204838\/#breadcrumb"},"inLanguage":"fr-FR","potentialAction":[{"@type":"ReadAction","target":["https:\/\/www.webdo.tn\/fr\/actualite\/national\/reformes-saied-appelle-a-preserver-la-paix-sociale\/204838\/"]}]},{"@type":"ImageObject","inLanguage":"fr-FR","@id":"https:\/\/www.webdo.tn\/fr\/actualite\/national\/reformes-saied-appelle-a-preserver-la-paix-sociale\/204838\/#primaryimage","url":"https:\/\/www.webdo.tn\/fr\/wp-content\/uploads\/2023\/04\/c9cf8ae40cd863ebd202b58dbf5f1991.jpg","contentUrl":"https:\/\/www.webdo.tn\/fr\/wp-content\/uploads\/2023\/04\/c9cf8ae40cd863ebd202b58dbf5f1991.jpg","width":750,"height":400,"caption":"Kais Saied"},{"@type":"BreadcrumbList","@id":"https:\/\/www.webdo.tn\/fr\/actualite\/national\/reformes-saied-appelle-a-preserver-la-paix-sociale\/204838\/#breadcrumb","itemListElement":[{"@type":"ListItem","position":1,"name":"Accueil","item":"https:\/\/www.webdo.tn\/fr\/"},{"@type":"ListItem","position":2,"name":"R\u00e9formes : Saied appelle \u00e0 pr\u00e9server la paix sociale"}]},{"@type":"WebSite","@id":"https:\/\/www.webdo.tn\/fr\/#website","url":"https:\/\/www.webdo.tn\/fr\/","name":"webdo","description":"Tunisie - News en Tunisie et \u00e0 l&#039;international sur Webdo.tn","publisher":{"@id":"https:\/\/www.webdo.tn\/fr\/#organization"},"potentialAction":[{"@type":"SearchAction","target":{"@type":"EntryPoint","urlTemplate":"https:\/\/www.webdo.tn\/fr\/?s={search_term_string}"},"query-input":{"@type":"PropertyValueSpecification","valueRequired":true,"valueName":"search_term_string"}}],"inLanguage":"fr-FR"},{"@type":"Organization","@id":"https:\/\/www.webdo.tn\/fr\/#organization","name":"Webdo","alternateName":"Webdo.tn","url":"https:\/\/www.webdo.tn\/fr\/","logo":{"@type":"ImageObject","inLanguage":"fr-FR","@id":"https:\/\/www.webdo.tn\/fr\/#\/schema\/logo\/image\/","url":"https:\/\/www.webdo.tn\/fr\/wp-content\/uploads\/2025\/06\/Webdo-Tunisie_168377.jpg","contentUrl":"https:\/\/www.webdo.tn\/fr\/wp-content\/uploads\/2025\/06\/Webdo-Tunisie_168377.jpg","width":301,"height":301,"caption":"Webdo"},"image":{"@id":"https:\/\/www.webdo.tn\/fr\/#\/schema\/logo\/image\/"},"sameAs":["https:\/\/www.facebook.com\/webdotn","https:\/\/x.com\/webdo_tn"],"description":"Webdo est un m\u00e9dia num\u00e9rique tunisien fond\u00e9 en 2010, sp\u00e9cialis\u00e9 dans l\u2019actualit\u00e9 nationale et internationale, l\u2019\u00e9conomie, la soci\u00e9t\u00e9 et les analyses politiques. Le site s\u2019adresse \u00e0 un large public francophone et couvre l\u2019information tunisienne en temps r\u00e9el.","email":"redac@webdo.tn","legalName":"YNJ SARL","foundingDate":"2010-09-06","numberOfEmployees":{"@type":"QuantitativeValue","minValue":"11","maxValue":"50"}},{"@type":"Person","@id":"https:\/\/www.webdo.tn\/fr\/#\/schema\/person\/f35b42a42c5e2511bbd282959d6385cc","name":"CL","image":{"@type":"ImageObject","inLanguage":"fr-FR","@id":"https:\/\/secure.gravatar.com\/avatar\/1447a49909b67aa657c488aec6512e1dd6143a480c1ecfee9b5b5cd74eb3b59e?s=96&d=mm&r=g","url":"https:\/\/secure.gravatar.com\/avatar\/1447a49909b67aa657c488aec6512e1dd6143a480c1ecfee9b5b5cd74eb3b59e?s=96&d=mm&r=g","contentUrl":"https:\/\/secure.gravatar.com\/avatar\/1447a49909b67aa657c488aec6512e1dd6143a480c1ecfee9b5b5cd74eb3b59e?s=96&d=mm&r=g","caption":"CL"},"url":"https:\/\/www.webdo.tn\/fr\/actualite\/author\/cl\/"}]}},"_links":{"self":[{"href":"https:\/\/www.webdo.tn\/fr\/wp-json\/wp\/v2\/posts\/204838","targetHints":{"allow":["GET"]}}],"collection":[{"href":"https:\/\/www.webdo.tn\/fr\/wp-json\/wp\/v2\/posts"}],"about":[{"href":"https:\/\/www.webdo.tn\/fr\/wp-json\/wp\/v2\/types\/post"}],"author":[{"embeddable":true,"href":"https:\/\/www.webdo.tn\/fr\/wp-json\/wp\/v2\/users\/3175"}],"replies":[{"embeddable":true,"href":"https:\/\/www.webdo.tn\/fr\/wp-json\/wp\/v2\/comments?post=204838"}],"version-history":[{"count":0,"href":"https:\/\/www.webdo.tn\/fr\/wp-json\/wp\/v2\/posts\/204838\/revisions"}],"wp:featuredmedia":[{"embeddable":true,"href":"https:\/\/www.webdo.tn\/fr\/wp-json\/wp\/v2\/media\/278064"}],"wp:attachment":[{"href":"https:\/\/www.webdo.tn\/fr\/wp-json\/wp\/v2\/media?parent=204838"}],"wp:term":[{"taxonomy":"category","embeddable":true,"href":"https:\/\/www.webdo.tn\/fr\/wp-json\/wp\/v2\/categories?post=204838"},{"taxonomy":"post_tag","embeddable":true,"href":"https:\/\/www.webdo.tn\/fr\/wp-json\/wp\/v2\/tags?post=204838"}],"curies":[{"name":"wp","href":"https:\/\/api.w.org\/{rel}","templated":true}]}}