{"id":204827,"date":"2023-04-13T19:19:00","date_gmt":"2023-04-13T19:19:00","guid":{"rendered":"https:\/\/www.webdo.tn\/fr\/blog\/l-ancien-gouverneur-de-gabes-condamne-a-trois-mois-de-prison\/204827\/"},"modified":"2025-05-20T22:44:16","modified_gmt":"2025-05-20T22:44:16","slug":"l-ancien-gouverneur-de-gabes-condamne-a-trois-mois-de-prison","status":"publish","type":"post","link":"https:\/\/www.webdo.tn\/fr\/actualite\/national\/l-ancien-gouverneur-de-gabes-condamne-a-trois-mois-de-prison\/204827\/","title":{"rendered":"L\u2019ancien gouverneur de Gab\u00e8s condamn\u00e9 \u00e0 trois mois de prison"},"content":{"rendered":"<p>Le premier substitut du procureur de la R\u00e9publique pr\u00e8s le tribunal de premi\u00e8re instance \u00e0 Gab\u00e8s et porte-parole officiel du m\u00eame tribunal, Mounir Aroum a indiqu\u00e9, jeudi \u00e0 l&rsquo;Agence TAP, que l&rsquo;ancien gouverneur de Gab\u00e8s a \u00e9t\u00e9 condamn\u00e9 \u00e0 trois mois de prison, pour poursuite par un fonctionnaire public de l&rsquo;exercice de ses fonctions, apr\u00e8s avoir \u00e9t\u00e9, officiellement, inform\u00e9 de la d\u00e9cision de sa r\u00e9vocation.<\/p>\n<p>\t\t\t\t\t\t\t\t\tPour rappel, le juge d&rsquo;instruction pr\u00e8s le tribunal de premi\u00e8re instance \u00e0 Gab\u00e8s avait \u00e9mis un mandat de d\u00e9p\u00f4t contre le gouverneur de Gab\u00e8s, Mosbeh Kardamin, limog\u00e9 le 30 mars dernier.\u00a0<\/p>\n<p>L&rsquo;ancien gouverneur est accus\u00e9 d&rsquo;avoir \u00e9t\u00e9 per\u00e7u sur les lieux de son travail alors qu&rsquo;il a \u00e9t\u00e9 officiellement notifi\u00e9 de son cong\u00e9diement.<\/p>\n","protected":false},"excerpt":{"rendered":"<p>Le premier substitut du procureur de la R\u00e9publique pr\u00e8s le tribunal de premi\u00e8re instance \u00e0 Gab\u00e8s et porte-parole officiel du m\u00eame tribunal, Mounir Aroum a indiq&#8230;<\/p>\n","protected":false},"author":3175,"featured_media":251450,"comment_status":"open","ping_status":"closed","sticky":false,"template":"","format":"standard","meta":{"footnotes":""},"categories":[44],"tags":[3126,2708,2608],"class_list":["post-204827","post","type-post","status-publish","format-standard","has-post-thumbnail","hentry","category-national","tag-gabes","tag-prison","tag-tunisie"],"yoast_head":"<!-- This site is optimized with the Yoast SEO Premium plugin v27.4 (Yoast SEO v27.4) - https:\/\/yoast.com\/product\/yoast-seo-premium-wordpress\/ -->\n<title>L\u2019ancien gouverneur de Gab\u00e8s condamn\u00e9 \u00e0 trois mois de prison<\/title>\n<meta name=\"description\" content=\"Le premier substitut du procureur de la R\u00e9publique pr\u00e8s le tribunal de premi\u00e8re instance \u00e0 Gab\u00e8s et porte-parole officiel du m\u00eame tribunal, Mounir Aroum a indiq...\" \/>\n<link rel=\"canonical\" href=\"https:\/\/www.webdo.tn\/fr\/actualite\/national\/l-ancien-gouverneur-de-gabes-condamne-a-trois-mois-de-prison\/204827\/\" \/>\n<meta property=\"og:locale\" content=\"fr_FR\" \/>\n<meta property=\"og:type\" content=\"article\" \/>\n<meta property=\"og:title\" content=\"L\u2019ancien gouverneur de Gab\u00e8s condamn\u00e9 \u00e0 trois mois de prison\" \/>\n<meta property=\"og:description\" content=\"Le premier substitut du procureur de la R\u00e9publique pr\u00e8s le tribunal de premi\u00e8re instance \u00e0 Gab\u00e8s et porte-parole officiel du m\u00eame tribunal, Mounir Aroum a indiq...\" \/>\n<meta property=\"og:url\" content=\"https:\/\/www.webdo.tn\/fr\/actualite\/national\/l-ancien-gouverneur-de-gabes-condamne-a-trois-mois-de-prison\/204827\/\" \/>\n<meta property=\"og:site_name\" content=\"webdo\" \/>\n<meta property=\"article:publisher\" content=\"https:\/\/www.facebook.com\/webdotn\" \/>\n<meta property=\"article:published_time\" content=\"2023-04-13T19:19:00+00:00\" \/>\n<meta property=\"article:modified_time\" content=\"2025-05-20T22:44:16+00:00\" \/>\n<meta property=\"og:image\" content=\"https:\/\/www.webdo.tn\/fr\/wp-content\/uploads\/2023\/04\/fd94c587b0bb5ffd38c7906de861fdf8.jpg\" \/>\n\t<meta property=\"og:image:width\" content=\"750\" \/>\n\t<meta property=\"og:image:height\" content=\"400\" \/>\n\t<meta property=\"og:image:type\" content=\"image\/jpeg\" \/>\n<meta name=\"author\" content=\"CL\" \/>\n<meta name=\"twitter:card\" content=\"summary_large_image\" \/>\n<meta name=\"twitter:creator\" content=\"@webdo_tn\" \/>\n<meta name=\"twitter:site\" content=\"@webdo_tn\" \/>\n<meta name=\"twitter:label1\" content=\"\u00c9crit par\" \/>\n\t<meta name=\"twitter:data1\" content=\"CL\" \/>\n\t<meta name=\"twitter:label2\" content=\"Dur\u00e9e de lecture estim\u00e9e\" \/>\n\t<meta name=\"twitter:data2\" content=\"1 minute\" \/>\n<script type=\"application\/ld+json\" class=\"yoast-schema-graph\">{\"@context\":\"https:\\\/\\\/schema.org\",\"@graph\":[{\"@type\":\"NewsArticle\",\"@id\":\"https:\\\/\\\/www.webdo.tn\\\/fr\\\/actualite\\\/national\\\/l-ancien-gouverneur-de-gabes-condamne-a-trois-mois-de-prison\\\/204827\\\/#article\",\"isPartOf\":{\"@id\":\"https:\\\/\\\/www.webdo.tn\\\/fr\\\/actualite\\\/national\\\/l-ancien-gouverneur-de-gabes-condamne-a-trois-mois-de-prison\\\/204827\\\/\"},\"author\":{\"name\":\"CL\",\"@id\":\"https:\\\/\\\/www.webdo.tn\\\/fr\\\/#\\\/schema\\\/person\\\/f35b42a42c5e2511bbd282959d6385cc\"},\"headline\":\"L\u2019ancien gouverneur de Gab\u00e8s condamn\u00e9 \u00e0 trois mois de prison\",\"datePublished\":\"2023-04-13T19:19:00+00:00\",\"dateModified\":\"2025-05-20T22:44:16+00:00\",\"mainEntityOfPage\":{\"@id\":\"https:\\\/\\\/www.webdo.tn\\\/fr\\\/actualite\\\/national\\\/l-ancien-gouverneur-de-gabes-condamne-a-trois-mois-de-prison\\\/204827\\\/\"},\"wordCount\":148,\"commentCount\":0,\"publisher\":{\"@id\":\"https:\\\/\\\/www.webdo.tn\\\/fr\\\/#organization\"},\"image\":{\"@id\":\"https:\\\/\\\/www.webdo.tn\\\/fr\\\/actualite\\\/national\\\/l-ancien-gouverneur-de-gabes-condamne-a-trois-mois-de-prison\\\/204827\\\/#primaryimage\"},\"thumbnailUrl\":\"https:\\\/\\\/www.webdo.tn\\\/fr\\\/wp-content\\\/uploads\\\/2023\\\/04\\\/fd94c587b0bb5ffd38c7906de861fdf8.jpg\",\"keywords\":[\"gab\u00e8s\",\"Prison\",\"Tunisie\"],\"articleSection\":[\"National\"],\"inLanguage\":\"fr-FR\"},{\"@type\":\"WebPage\",\"@id\":\"https:\\\/\\\/www.webdo.tn\\\/fr\\\/actualite\\\/national\\\/l-ancien-gouverneur-de-gabes-condamne-a-trois-mois-de-prison\\\/204827\\\/\",\"url\":\"https:\\\/\\\/www.webdo.tn\\\/fr\\\/actualite\\\/national\\\/l-ancien-gouverneur-de-gabes-condamne-a-trois-mois-de-prison\\\/204827\\\/\",\"name\":\"L\u2019ancien gouverneur de Gab\u00e8s condamn\u00e9 \u00e0 trois mois de prison\",\"isPartOf\":{\"@id\":\"https:\\\/\\\/www.webdo.tn\\\/fr\\\/#website\"},\"primaryImageOfPage\":{\"@id\":\"https:\\\/\\\/www.webdo.tn\\\/fr\\\/actualite\\\/national\\\/l-ancien-gouverneur-de-gabes-condamne-a-trois-mois-de-prison\\\/204827\\\/#primaryimage\"},\"image\":{\"@id\":\"https:\\\/\\\/www.webdo.tn\\\/fr\\\/actualite\\\/national\\\/l-ancien-gouverneur-de-gabes-condamne-a-trois-mois-de-prison\\\/204827\\\/#primaryimage\"},\"thumbnailUrl\":\"https:\\\/\\\/www.webdo.tn\\\/fr\\\/wp-content\\\/uploads\\\/2023\\\/04\\\/fd94c587b0bb5ffd38c7906de861fdf8.jpg\",\"datePublished\":\"2023-04-13T19:19:00+00:00\",\"dateModified\":\"2025-05-20T22:44:16+00:00\",\"description\":\"Le premier substitut du procureur de la R\u00e9publique pr\u00e8s le tribunal de premi\u00e8re instance \u00e0 Gab\u00e8s et porte-parole officiel du m\u00eame tribunal, Mounir Aroum a indiq...\",\"breadcrumb\":{\"@id\":\"https:\\\/\\\/www.webdo.tn\\\/fr\\\/actualite\\\/national\\\/l-ancien-gouverneur-de-gabes-condamne-a-trois-mois-de-prison\\\/204827\\\/#breadcrumb\"},\"inLanguage\":\"fr-FR\",\"potentialAction\":[{\"@type\":\"ReadAction\",\"target\":[\"https:\\\/\\\/www.webdo.tn\\\/fr\\\/actualite\\\/national\\\/l-ancien-gouverneur-de-gabes-condamne-a-trois-mois-de-prison\\\/204827\\\/\"]}]},{\"@type\":\"ImageObject\",\"inLanguage\":\"fr-FR\",\"@id\":\"https:\\\/\\\/www.webdo.tn\\\/fr\\\/actualite\\\/national\\\/l-ancien-gouverneur-de-gabes-condamne-a-trois-mois-de-prison\\\/204827\\\/#primaryimage\",\"url\":\"https:\\\/\\\/www.webdo.tn\\\/fr\\\/wp-content\\\/uploads\\\/2023\\\/04\\\/fd94c587b0bb5ffd38c7906de861fdf8.jpg\",\"contentUrl\":\"https:\\\/\\\/www.webdo.tn\\\/fr\\\/wp-content\\\/uploads\\\/2023\\\/04\\\/fd94c587b0bb5ffd38c7906de861fdf8.jpg\",\"width\":750,\"height\":400,\"caption\":\"Gouverneur de Gab\u00e8s\"},{\"@type\":\"BreadcrumbList\",\"@id\":\"https:\\\/\\\/www.webdo.tn\\\/fr\\\/actualite\\\/national\\\/l-ancien-gouverneur-de-gabes-condamne-a-trois-mois-de-prison\\\/204827\\\/#breadcrumb\",\"itemListElement\":[{\"@type\":\"ListItem\",\"position\":1,\"name\":\"Accueil\",\"item\":\"https:\\\/\\\/www.webdo.tn\\\/fr\\\/\"},{\"@type\":\"ListItem\",\"position\":2,\"name\":\"L\u2019ancien gouverneur de Gab\u00e8s condamn\u00e9 \u00e0 trois mois de prison\"}]},{\"@type\":\"WebSite\",\"@id\":\"https:\\\/\\\/www.webdo.tn\\\/fr\\\/#website\",\"url\":\"https:\\\/\\\/www.webdo.tn\\\/fr\\\/\",\"name\":\"webdo\",\"description\":\"Tunisie - News en Tunisie et \u00e0 l&#039;international sur Webdo.tn\",\"publisher\":{\"@id\":\"https:\\\/\\\/www.webdo.tn\\\/fr\\\/#organization\"},\"potentialAction\":[{\"@type\":\"SearchAction\",\"target\":{\"@type\":\"EntryPoint\",\"urlTemplate\":\"https:\\\/\\\/www.webdo.tn\\\/fr\\\/?s={search_term_string}\"},\"query-input\":{\"@type\":\"PropertyValueSpecification\",\"valueRequired\":true,\"valueName\":\"search_term_string\"}}],\"inLanguage\":\"fr-FR\"},{\"@type\":\"Organization\",\"@id\":\"https:\\\/\\\/www.webdo.tn\\\/fr\\\/#organization\",\"name\":\"Webdo\",\"alternateName\":\"Webdo.tn\",\"url\":\"https:\\\/\\\/www.webdo.tn\\\/fr\\\/\",\"logo\":{\"@type\":\"ImageObject\",\"inLanguage\":\"fr-FR\",\"@id\":\"https:\\\/\\\/www.webdo.tn\\\/fr\\\/#\\\/schema\\\/logo\\\/image\\\/\",\"url\":\"https:\\\/\\\/www.webdo.tn\\\/fr\\\/wp-content\\\/uploads\\\/2025\\\/06\\\/Webdo-Tunisie_168377.jpg\",\"contentUrl\":\"https:\\\/\\\/www.webdo.tn\\\/fr\\\/wp-content\\\/uploads\\\/2025\\\/06\\\/Webdo-Tunisie_168377.jpg\",\"width\":301,\"height\":301,\"caption\":\"Webdo\"},\"image\":{\"@id\":\"https:\\\/\\\/www.webdo.tn\\\/fr\\\/#\\\/schema\\\/logo\\\/image\\\/\"},\"sameAs\":[\"https:\\\/\\\/www.facebook.com\\\/webdotn\",\"https:\\\/\\\/x.com\\\/webdo_tn\"],\"description\":\"Webdo est un m\u00e9dia num\u00e9rique tunisien fond\u00e9 en 2010, sp\u00e9cialis\u00e9 dans l\u2019actualit\u00e9 nationale et internationale, l\u2019\u00e9conomie, la soci\u00e9t\u00e9 et les analyses politiques. Le site s\u2019adresse \u00e0 un large public francophone et couvre l\u2019information tunisienne en temps r\u00e9el.\",\"email\":\"redac@webdo.tn\",\"legalName\":\"YNJ SARL\",\"foundingDate\":\"2010-09-06\",\"numberOfEmployees\":{\"@type\":\"QuantitativeValue\",\"minValue\":\"11\",\"maxValue\":\"50\"}},{\"@type\":\"Person\",\"@id\":\"https:\\\/\\\/www.webdo.tn\\\/fr\\\/#\\\/schema\\\/person\\\/f35b42a42c5e2511bbd282959d6385cc\",\"name\":\"CL\",\"image\":{\"@type\":\"ImageObject\",\"inLanguage\":\"fr-FR\",\"@id\":\"https:\\\/\\\/secure.gravatar.com\\\/avatar\\\/1447a49909b67aa657c488aec6512e1dd6143a480c1ecfee9b5b5cd74eb3b59e?s=96&d=mm&r=g\",\"url\":\"https:\\\/\\\/secure.gravatar.com\\\/avatar\\\/1447a49909b67aa657c488aec6512e1dd6143a480c1ecfee9b5b5cd74eb3b59e?s=96&d=mm&r=g\",\"contentUrl\":\"https:\\\/\\\/secure.gravatar.com\\\/avatar\\\/1447a49909b67aa657c488aec6512e1dd6143a480c1ecfee9b5b5cd74eb3b59e?s=96&d=mm&r=g\",\"caption\":\"CL\"},\"url\":\"https:\\\/\\\/www.webdo.tn\\\/fr\\\/actualite\\\/author\\\/cl\\\/\"}]}<\/script>\n<!-- \/ Yoast SEO Premium plugin. -->","yoast_head_json":{"title":"L\u2019ancien gouverneur de Gab\u00e8s condamn\u00e9 \u00e0 trois mois de prison","description":"Le premier substitut du procureur de la R\u00e9publique pr\u00e8s le tribunal de premi\u00e8re instance \u00e0 Gab\u00e8s et porte-parole officiel du m\u00eame tribunal, Mounir Aroum a indiq...","canonical":"https:\/\/www.webdo.tn\/fr\/actualite\/national\/l-ancien-gouverneur-de-gabes-condamne-a-trois-mois-de-prison\/204827\/","og_locale":"fr_FR","og_type":"article","og_title":"L\u2019ancien gouverneur de Gab\u00e8s condamn\u00e9 \u00e0 trois mois de prison","og_description":"Le premier substitut du procureur de la R\u00e9publique pr\u00e8s le tribunal de premi\u00e8re instance \u00e0 Gab\u00e8s et porte-parole officiel du m\u00eame tribunal, Mounir Aroum a indiq...","og_url":"https:\/\/www.webdo.tn\/fr\/actualite\/national\/l-ancien-gouverneur-de-gabes-condamne-a-trois-mois-de-prison\/204827\/","og_site_name":"webdo","article_publisher":"https:\/\/www.facebook.com\/webdotn","article_published_time":"2023-04-13T19:19:00+00:00","article_modified_time":"2025-05-20T22:44:16+00:00","og_image":[{"width":750,"height":400,"url":"https:\/\/www.webdo.tn\/fr\/wp-content\/uploads\/2023\/04\/fd94c587b0bb5ffd38c7906de861fdf8.jpg","type":"image\/jpeg"}],"author":"CL","twitter_card":"summary_large_image","twitter_creator":"@webdo_tn","twitter_site":"@webdo_tn","twitter_misc":{"\u00c9crit par":"CL","Dur\u00e9e de lecture estim\u00e9e":"1 minute"},"schema":{"@context":"https:\/\/schema.org","@graph":[{"@type":"NewsArticle","@id":"https:\/\/www.webdo.tn\/fr\/actualite\/national\/l-ancien-gouverneur-de-gabes-condamne-a-trois-mois-de-prison\/204827\/#article","isPartOf":{"@id":"https:\/\/www.webdo.tn\/fr\/actualite\/national\/l-ancien-gouverneur-de-gabes-condamne-a-trois-mois-de-prison\/204827\/"},"author":{"name":"CL","@id":"https:\/\/www.webdo.tn\/fr\/#\/schema\/person\/f35b42a42c5e2511bbd282959d6385cc"},"headline":"L\u2019ancien gouverneur de Gab\u00e8s condamn\u00e9 \u00e0 trois mois de prison","datePublished":"2023-04-13T19:19:00+00:00","dateModified":"2025-05-20T22:44:16+00:00","mainEntityOfPage":{"@id":"https:\/\/www.webdo.tn\/fr\/actualite\/national\/l-ancien-gouverneur-de-gabes-condamne-a-trois-mois-de-prison\/204827\/"},"wordCount":148,"commentCount":0,"publisher":{"@id":"https:\/\/www.webdo.tn\/fr\/#organization"},"image":{"@id":"https:\/\/www.webdo.tn\/fr\/actualite\/national\/l-ancien-gouverneur-de-gabes-condamne-a-trois-mois-de-prison\/204827\/#primaryimage"},"thumbnailUrl":"https:\/\/www.webdo.tn\/fr\/wp-content\/uploads\/2023\/04\/fd94c587b0bb5ffd38c7906de861fdf8.jpg","keywords":["gab\u00e8s","Prison","Tunisie"],"articleSection":["National"],"inLanguage":"fr-FR"},{"@type":"WebPage","@id":"https:\/\/www.webdo.tn\/fr\/actualite\/national\/l-ancien-gouverneur-de-gabes-condamne-a-trois-mois-de-prison\/204827\/","url":"https:\/\/www.webdo.tn\/fr\/actualite\/national\/l-ancien-gouverneur-de-gabes-condamne-a-trois-mois-de-prison\/204827\/","name":"L\u2019ancien gouverneur de Gab\u00e8s condamn\u00e9 \u00e0 trois mois de prison","isPartOf":{"@id":"https:\/\/www.webdo.tn\/fr\/#website"},"primaryImageOfPage":{"@id":"https:\/\/www.webdo.tn\/fr\/actualite\/national\/l-ancien-gouverneur-de-gabes-condamne-a-trois-mois-de-prison\/204827\/#primaryimage"},"image":{"@id":"https:\/\/www.webdo.tn\/fr\/actualite\/national\/l-ancien-gouverneur-de-gabes-condamne-a-trois-mois-de-prison\/204827\/#primaryimage"},"thumbnailUrl":"https:\/\/www.webdo.tn\/fr\/wp-content\/uploads\/2023\/04\/fd94c587b0bb5ffd38c7906de861fdf8.jpg","datePublished":"2023-04-13T19:19:00+00:00","dateModified":"2025-05-20T22:44:16+00:00","description":"Le premier substitut du procureur de la R\u00e9publique pr\u00e8s le tribunal de premi\u00e8re instance \u00e0 Gab\u00e8s et porte-parole officiel du m\u00eame tribunal, Mounir Aroum a indiq...","breadcrumb":{"@id":"https:\/\/www.webdo.tn\/fr\/actualite\/national\/l-ancien-gouverneur-de-gabes-condamne-a-trois-mois-de-prison\/204827\/#breadcrumb"},"inLanguage":"fr-FR","potentialAction":[{"@type":"ReadAction","target":["https:\/\/www.webdo.tn\/fr\/actualite\/national\/l-ancien-gouverneur-de-gabes-condamne-a-trois-mois-de-prison\/204827\/"]}]},{"@type":"ImageObject","inLanguage":"fr-FR","@id":"https:\/\/www.webdo.tn\/fr\/actualite\/national\/l-ancien-gouverneur-de-gabes-condamne-a-trois-mois-de-prison\/204827\/#primaryimage","url":"https:\/\/www.webdo.tn\/fr\/wp-content\/uploads\/2023\/04\/fd94c587b0bb5ffd38c7906de861fdf8.jpg","contentUrl":"https:\/\/www.webdo.tn\/fr\/wp-content\/uploads\/2023\/04\/fd94c587b0bb5ffd38c7906de861fdf8.jpg","width":750,"height":400,"caption":"Gouverneur de Gab\u00e8s"},{"@type":"BreadcrumbList","@id":"https:\/\/www.webdo.tn\/fr\/actualite\/national\/l-ancien-gouverneur-de-gabes-condamne-a-trois-mois-de-prison\/204827\/#breadcrumb","itemListElement":[{"@type":"ListItem","position":1,"name":"Accueil","item":"https:\/\/www.webdo.tn\/fr\/"},{"@type":"ListItem","position":2,"name":"L\u2019ancien gouverneur de Gab\u00e8s condamn\u00e9 \u00e0 trois mois de prison"}]},{"@type":"WebSite","@id":"https:\/\/www.webdo.tn\/fr\/#website","url":"https:\/\/www.webdo.tn\/fr\/","name":"webdo","description":"Tunisie - News en Tunisie et \u00e0 l&#039;international sur Webdo.tn","publisher":{"@id":"https:\/\/www.webdo.tn\/fr\/#organization"},"potentialAction":[{"@type":"SearchAction","target":{"@type":"EntryPoint","urlTemplate":"https:\/\/www.webdo.tn\/fr\/?s={search_term_string}"},"query-input":{"@type":"PropertyValueSpecification","valueRequired":true,"valueName":"search_term_string"}}],"inLanguage":"fr-FR"},{"@type":"Organization","@id":"https:\/\/www.webdo.tn\/fr\/#organization","name":"Webdo","alternateName":"Webdo.tn","url":"https:\/\/www.webdo.tn\/fr\/","logo":{"@type":"ImageObject","inLanguage":"fr-FR","@id":"https:\/\/www.webdo.tn\/fr\/#\/schema\/logo\/image\/","url":"https:\/\/www.webdo.tn\/fr\/wp-content\/uploads\/2025\/06\/Webdo-Tunisie_168377.jpg","contentUrl":"https:\/\/www.webdo.tn\/fr\/wp-content\/uploads\/2025\/06\/Webdo-Tunisie_168377.jpg","width":301,"height":301,"caption":"Webdo"},"image":{"@id":"https:\/\/www.webdo.tn\/fr\/#\/schema\/logo\/image\/"},"sameAs":["https:\/\/www.facebook.com\/webdotn","https:\/\/x.com\/webdo_tn"],"description":"Webdo est un m\u00e9dia num\u00e9rique tunisien fond\u00e9 en 2010, sp\u00e9cialis\u00e9 dans l\u2019actualit\u00e9 nationale et internationale, l\u2019\u00e9conomie, la soci\u00e9t\u00e9 et les analyses politiques. Le site s\u2019adresse \u00e0 un large public francophone et couvre l\u2019information tunisienne en temps r\u00e9el.","email":"redac@webdo.tn","legalName":"YNJ SARL","foundingDate":"2010-09-06","numberOfEmployees":{"@type":"QuantitativeValue","minValue":"11","maxValue":"50"}},{"@type":"Person","@id":"https:\/\/www.webdo.tn\/fr\/#\/schema\/person\/f35b42a42c5e2511bbd282959d6385cc","name":"CL","image":{"@type":"ImageObject","inLanguage":"fr-FR","@id":"https:\/\/secure.gravatar.com\/avatar\/1447a49909b67aa657c488aec6512e1dd6143a480c1ecfee9b5b5cd74eb3b59e?s=96&d=mm&r=g","url":"https:\/\/secure.gravatar.com\/avatar\/1447a49909b67aa657c488aec6512e1dd6143a480c1ecfee9b5b5cd74eb3b59e?s=96&d=mm&r=g","contentUrl":"https:\/\/secure.gravatar.com\/avatar\/1447a49909b67aa657c488aec6512e1dd6143a480c1ecfee9b5b5cd74eb3b59e?s=96&d=mm&r=g","caption":"CL"},"url":"https:\/\/www.webdo.tn\/fr\/actualite\/author\/cl\/"}]}},"_links":{"self":[{"href":"https:\/\/www.webdo.tn\/fr\/wp-json\/wp\/v2\/posts\/204827","targetHints":{"allow":["GET"]}}],"collection":[{"href":"https:\/\/www.webdo.tn\/fr\/wp-json\/wp\/v2\/posts"}],"about":[{"href":"https:\/\/www.webdo.tn\/fr\/wp-json\/wp\/v2\/types\/post"}],"author":[{"embeddable":true,"href":"https:\/\/www.webdo.tn\/fr\/wp-json\/wp\/v2\/users\/3175"}],"replies":[{"embeddable":true,"href":"https:\/\/www.webdo.tn\/fr\/wp-json\/wp\/v2\/comments?post=204827"}],"version-history":[{"count":0,"href":"https:\/\/www.webdo.tn\/fr\/wp-json\/wp\/v2\/posts\/204827\/revisions"}],"wp:featuredmedia":[{"embeddable":true,"href":"https:\/\/www.webdo.tn\/fr\/wp-json\/wp\/v2\/media\/251450"}],"wp:attachment":[{"href":"https:\/\/www.webdo.tn\/fr\/wp-json\/wp\/v2\/media?parent=204827"}],"wp:term":[{"taxonomy":"category","embeddable":true,"href":"https:\/\/www.webdo.tn\/fr\/wp-json\/wp\/v2\/categories?post=204827"},{"taxonomy":"post_tag","embeddable":true,"href":"https:\/\/www.webdo.tn\/fr\/wp-json\/wp\/v2\/tags?post=204827"}],"curies":[{"name":"wp","href":"https:\/\/api.w.org\/{rel}","templated":true}]}}