{"id":204822,"date":"2023-04-13T14:08:00","date_gmt":"2023-04-13T14:08:00","guid":{"rendered":"https:\/\/www.webdo.tn\/fr\/blog\/cannes-2023-les-filles-d-olfa-de-kaouther-ben-hania-en-selection-officielle\/204822\/"},"modified":"2025-05-21T08:56:45","modified_gmt":"2025-05-21T08:56:45","slug":"cannes-2023-les-filles-d-olfa-de-kaouther-ben-hania-en-selection-officielle","status":"publish","type":"post","link":"https:\/\/www.webdo.tn\/fr\/actualite\/culture\/cannes-2023-les-filles-d-olfa-de-kaouther-ben-hania-en-selection-officielle\/204822\/","title":{"rendered":"Cannes 2023 &#8211; \u00ab\u00a0Les filles d\u2019Olfa\u00a0\u00bb\u00a0de Kaouther Ben Hania en s\u00e9lection officielle"},"content":{"rendered":"<div class=\"single-body entry-content typography-copy\" itemprop=\"articleBody\">\n<p style=\"font-weight: bold; text-align: justify\">\n\t\t\t\t\t\t\t\t\tParmi les films s\u00e9lectionn\u00e9s en comp\u00e9tition officielle de la 76\u00e8me \u00e9dition du Festival de Cannes, on retrouve \u00ab\u00a0Les filles d&rsquo;Olfa\u00a0\u00bb de la tunisienne Kaouther Ben Hania.\n\t\t\t\t\t\t\t\t<\/p>\n<div class=\"coprs\" style=\"text-align: center\"><\/div>\n<div class=\"coprs\" style=\"text-align: justify\">\n<p>\n<span><span><span>Le Festival de Cannes, qui se tiendra du 16 au 27 Mai 2023, a annonc\u00e9 sa s\u00e9lection officielle pour sa 76\u00e8me \u00e9dition lors d&rsquo;une conf\u00e9rence de presse tenue ce matin, jeudi 13 avril, par Iris Knobloch la nouvelle pr\u00e9sidente, et Thierry Fr\u00e9maux, d\u00e9l\u00e9gu\u00e9 g\u00e9n\u00e9ral du festival.<\/span><\/span><\/span><\/p>\n<p><span><span><span>Parmi les films s\u00e9lectionn\u00e9s en comp\u00e9tition officielle, on retrouve celui de Kaouther Ben Hania, qui avait d\u00e9j\u00e0 pr\u00e9sent\u00e9 ses films <a href=\"https:\/\/www.webdo.tn\/fr\/actualite\/culture\/festival-de-cannes-belle-meute\/199659\"><em>La Belle et la Meute<\/em> dans la section Un certain regard en 2017<\/a> et <em>Le Challat de Tunis<\/em> dans la section ACID en 2014. <a href=\"https:\/\/www.webdo.tn\/fr\/actualite\/culture\/cannes-2022-kaouther-ben-hania-presidente-du-jury-de-la-semaine-de-la-critique\/200006\">Kaouther Ben Hania avait \u00e9galement \u00e9t\u00e9 pr\u00e9sidente du jury de La Semaine de la Critique \u00e0 Cannes en mai 2022<\/a>\u00a0et <a href=\"https:\/\/www.webdo.tn\/fr\/actualite\/culture\/cannes-2021-kaouther-ben-hania-membre-du-jury-courts-metrages\/199969\">membre du Jury des courts m\u00e9trages et du concours des films d&rsquo;\u00e9cole de la Cin\u00e9fondation en 2021<\/a>.\u00a0<\/span><\/span><\/span><span><span><span>Cette ann\u00e9e, c&rsquo;est <em>Les Filles d&rsquo;Olfa<\/em>, un documentaire de cr\u00e9ation \u00e0 la lisi\u00e8re de la fiction, qui sera en comp\u00e9tition officielle. <\/span><\/span><\/span><\/p>\n<p><span><span><span>D&rsquo;une dur\u00e9e de 100 minutes, ce film tunisien \u00e9crit et r\u00e9alis\u00e9 par Kaouther Ben Hania raconte l&rsquo;histoire d&rsquo;Olfa, une femme de m\u00e9nage tunisienne dont les deux filles adolescentes ont rejoint l&rsquo;organisation terroriste Daesh en Libye et y ont \u00e9t\u00e9 incarc\u00e9r\u00e9es. Charg\u00e9 de souvenirs douloureux, de d\u00e9ni, de culpabilit\u00e9 et de peur, ce documentaire suit Olfa pendant 10 ans de sa vie, de 2010 \u00e0 2020, alors qu&rsquo;elle tente tout pour extrader ses filles afin qu&rsquo;elles soient jug\u00e9es en Tunisie.<\/span><\/span><\/span><\/p>\n<p><span><span><em><span>Les Filles d\u2019Olfa<\/span><\/em><span>,\u00a0est annonc\u00e9 comme un retour aux sources documentaires de la r\u00e9alisatrice tunisienne. Une \u0153uvre hybride qu\u2019elle d\u00e9veloppe et tourne sur une m\u00e8re et ses quatre filles, dont deux ont suivi leurs petits amis en Libye embrigad\u00e9s par l\u2019\u00c9tat islamique. Pour combler leur absence, la r\u00e9alisatrice convoque des actrices professionnelles et met en place un dispositif de cin\u00e9ma hors du commun. Le film explore la vie de cette femme sous un angle cin\u00e9matographique qui m\u00e9lange le documentaire et le drame, comme s&rsquo;il s&rsquo;agissait d&rsquo;un documentaire sur le film lui-m\u00eame. Un voyage intime fait d\u2019espoir, de r\u00e9bellion, de violence, de transmission et de sororit\u00e9 qui va questionner le fondement m\u00eame de nos soci\u00e9t\u00e9s.<\/span><\/span><\/span><\/p>\n<p><span><span><span>Cette s\u00e9lection est historique car il s&rsquo;agit de la premi\u00e8re s\u00e9lection d\u2019un film tunisien dans cette cat\u00e9gorie depuis une cinquantaine d\u2019ann\u00e9es et qu\u2019il s\u2019agit de la premi\u00e8re fois qu&rsquo;une r\u00e9alisatrice tunisienne est en comp\u00e9tition officielle \u00e0 Cannes. Kaouther Ben Hania est une figure embl\u00e9matique du cin\u00e9ma tunisien et son avant-dernier film, <a href=\"https:\/\/www.webdo.tn\/fr\/actualite\/culture\/oscars-2021-nous-navons-pas-gagne-mais-cetait-un-parcours-incroyable\/199965\"><em>L&rsquo;Homme qui avait vendu sa peau<\/em>, avait \u00e9t\u00e9 nomm\u00e9 \u00e0 l&rsquo;Oscar du Meilleur Film International\u00a0en 2021<\/a> et avait remport\u00e9 plusieurs prix, dont le Prix Lumi\u00e8re de la meilleure coproduction internationale. C\u2019\u00e9tait aussi la premi\u00e8re nomination d\u2019un long m\u00e9trage tunisien aux oscars. <\/span><\/span><\/span><\/p>\n<p><span><span><span>Cinqui\u00e8me long m\u00e9trage de Kaouther Ben Hani, <em>Les filles d\u2019Olfa<\/em> a \u00e9t\u00e9 coproduit par Nadim Cheikhrouha (Tanit Films) et Habib Attia (Cin\u00e9t\u00e9l\u00e9films). Il a \u00e9t\u00e9 tourn\u00e9 en Tunisie l&rsquo;ann\u00e9e derni\u00e8re et a \u00e9galement vu la participation de l&rsquo;actrice <a href=\"https:\/\/www.webdo.tn\/fr\/actualite\/culture\/prix-dexcellence-faten-hamama-hend-sabry\/199657\">Hend Sabry<\/a>. Cette derni\u00e8re s&rsquo;est exprim\u00e9e sur sa joie et sa fiert\u00e9 d&rsquo;avoir son film s\u00e9lectionn\u00e9 en comp\u00e9tition officielle du Festival de Cannes et de retourner dans ce festival, auquel elle avait particip\u00e9 pour la premi\u00e8re fois en 1994, avec le film <em>Les silences du palais<\/em> de Moufida Tlatli, en comp\u00e9tition dans la section \u00ab\u00a0La Quinzaine des r\u00e9alisateurs\u00a0\u00bb, o\u00f9 il avait remport\u00e9 la Cam\u00e9ra d&rsquo;Or.<\/span><\/span><\/span><\/p>\n<p><span><span><span>Le casting du film compte Olfa Hamrouni, Eya Chikahoui, Tayssir Chikhaoui, Hend Sabri, Nour Karoui, Ichraq Matar et Majd Mastoura.<\/span><\/span><\/span><\/p>\n<div>\n<figure class=\"image\"><img decoding=\"async\" alt=\"\" height=\"445\" src=\"\/assets\/uploads\/images\/\/Neila\/Kaouthar%20ben%20Hania%20-%20Moyenne.jpeg\" width=\"638\"><figcaption><em>La r\u00e9alisatrice Kaouther Ben Hania \u00e0 Cannes.<\/em><\/figcaption><\/figure>\n<\/div>\n<p>\u00a0<\/p>\n<p><span><span><span>Avec <em>Les Filles d&rsquo;Olfa<\/em>, Kaouther Ben Hania poursuit inlassablement sa qu\u00eate de donner une voix aux histoires de femmes tunisiennes. Non seulement \u00e0 travers les r\u00e9cits qu&rsquo;elle raconte, mais \u00e9galement en marquant de son empreinte les grands \u00e9v\u00e9nements cin\u00e9matographiques. Elle s&rsquo;illustre ainsi comme \u00e9tant toujours la premi\u00e8re femme tunisienne \u00e0 r\u00e9aliser ces exploits, affirmant ainsi sa place de pionni\u00e8re dans le cin\u00e9ma tunisien et dans le milieu cin\u00e9matographique international.<\/span><\/span><\/span><\/p>\n<p><span><span><span>La pr\u00e9sence du film <em>Les Filles d&rsquo;Olfa<\/em> en comp\u00e9tition officielle \u00e0 Cannes 2023 est donc tr\u00e8s attendue et promet d&rsquo;\u00eatre un moment fort du festival.<\/span><\/span><\/span><\/p>\n<p><strong><span><span><span>Ne\u00efla Driss<\/span><\/span><\/span><\/strong><\/p>\n<p><img decoding=\"async\" alt=\"\" height=\"80\" src=\"\/assets\/uploads\/images\/\/Neila\/2023_CANNES_SIGNATURES_WEB_1584x396_01_LINKEDIN%20-%20Petite.jpeg\" width=\"320\"><\/p>\n<p>\u00a0<\/p>\n<\/p><\/div>\n<div class=\"coprs\" style=\"text-align: center\"><\/div><\/div>\n","protected":false},"excerpt":{"rendered":"<p>Parmi les films s\u00e9lectionn\u00e9s en comp\u00e9tition officielle de la 76\u00e8me \u00e9dition du Festival de Cannes, on retrouve  Les filles d&rsquo;Olfa  de la tunisienne Kaouther Ben&#8230;<\/p>\n","protected":false},"author":3164,"featured_media":251447,"comment_status":"open","ping_status":"closed","sticky":false,"template":"","format":"standard","meta":{"footnotes":""},"categories":[2594],"tags":[3460,7127,8557,2627,4408,6882,6591],"class_list":["post-204822","post","type-post","status-publish","format-standard","has-post-thumbnail","hentry","category-culture","tag-cannes","tag-cannes-2023","tag-competition-officielle-cannes-2023","tag-festival-de-cannes","tag-film-tunisien","tag-kaouther-ben-hania","tag-les-filles-dolfa"],"yoast_head":"<!-- This site is optimized with the Yoast SEO Premium plugin v27.4 (Yoast SEO v27.4) - https:\/\/yoast.com\/product\/yoast-seo-premium-wordpress\/ -->\n<title>Cannes 2023 - \u00ab\u00a0Les filles d\u2019Olfa\u00a0\u00bb\u00a0de Kaouther Ben Hania en s\u00e9lection officielle<\/title>\n<meta name=\"description\" content=\"Parmi les films s\u00e9lectionn\u00e9s en comp\u00e9tition officielle de la 76\u00e8me \u00e9dition du Festival de Cannes, on retrouve Les filles d&#039;Olfa de la tunisienne Kaouther Ben...\" \/>\n<link rel=\"canonical\" href=\"https:\/\/www.webdo.tn\/fr\/actualite\/culture\/cannes-2023-les-filles-d-olfa-de-kaouther-ben-hania-en-selection-officielle\/204822\/\" \/>\n<meta property=\"og:locale\" content=\"fr_FR\" \/>\n<meta property=\"og:type\" content=\"article\" \/>\n<meta property=\"og:title\" content=\"Cannes 2023 - \u00ab\u00a0Les filles d\u2019Olfa\u00a0\u00bb\u00a0de Kaouther Ben Hania en s\u00e9lection officielle\" \/>\n<meta property=\"og:description\" content=\"Parmi les films s\u00e9lectionn\u00e9s en comp\u00e9tition officielle de la 76\u00e8me \u00e9dition du Festival de Cannes, on retrouve Les filles d&#039;Olfa de la tunisienne Kaouther Ben...\" \/>\n<meta property=\"og:url\" content=\"https:\/\/www.webdo.tn\/fr\/actualite\/culture\/cannes-2023-les-filles-d-olfa-de-kaouther-ben-hania-en-selection-officielle\/204822\/\" \/>\n<meta property=\"og:site_name\" content=\"webdo\" \/>\n<meta property=\"article:publisher\" content=\"https:\/\/www.facebook.com\/webdotn\" \/>\n<meta property=\"article:author\" content=\"https:\/\/www.facebook.com\/massir.destiniii\/\" \/>\n<meta property=\"article:published_time\" content=\"2023-04-13T14:08:00+00:00\" \/>\n<meta property=\"article:modified_time\" content=\"2025-05-21T08:56:45+00:00\" \/>\n<meta property=\"og:image\" content=\"https:\/\/www.webdo.tn\/fr\/wp-content\/uploads\/2023\/04\/c5a47f9fd30f8160fd6172ca7e85d6ba.jpeg\" \/>\n\t<meta property=\"og:image:width\" content=\"750\" \/>\n\t<meta property=\"og:image:height\" content=\"400\" \/>\n\t<meta property=\"og:image:type\" content=\"image\/jpeg\" \/>\n<meta name=\"author\" content=\"Ne\u00efla DRISS\" \/>\n<meta name=\"twitter:card\" content=\"summary_large_image\" \/>\n<meta name=\"twitter:creator\" content=\"@https:\/\/x.com\/MassirDestin\" \/>\n<meta name=\"twitter:site\" content=\"@webdo_tn\" \/>\n<meta name=\"twitter:label1\" content=\"\u00c9crit par\" \/>\n\t<meta name=\"twitter:data1\" content=\"Ne\u00efla DRISS\" \/>\n\t<meta name=\"twitter:label2\" content=\"Dur\u00e9e de lecture estim\u00e9e\" \/>\n\t<meta name=\"twitter:data2\" content=\"4 minutes\" \/>\n<script type=\"application\/ld+json\" class=\"yoast-schema-graph\">{\"@context\":\"https:\\\/\\\/schema.org\",\"@graph\":[{\"@type\":\"NewsArticle\",\"@id\":\"https:\\\/\\\/www.webdo.tn\\\/fr\\\/actualite\\\/culture\\\/cannes-2023-les-filles-d-olfa-de-kaouther-ben-hania-en-selection-officielle\\\/204822\\\/#article\",\"isPartOf\":{\"@id\":\"https:\\\/\\\/www.webdo.tn\\\/fr\\\/actualite\\\/culture\\\/cannes-2023-les-filles-d-olfa-de-kaouther-ben-hania-en-selection-officielle\\\/204822\\\/\"},\"author\":{\"name\":\"Ne\u00efla DRISS\",\"@id\":\"https:\\\/\\\/www.webdo.tn\\\/fr\\\/#\\\/schema\\\/person\\\/60d5ba619ed3f58783b0dc82b7dada80\"},\"headline\":\"Cannes 2023 &#8211; \u00ab\u00a0Les filles d\u2019Olfa\u00a0\u00bb\u00a0de Kaouther Ben Hania en s\u00e9lection officielle\",\"datePublished\":\"2023-04-13T14:08:00+00:00\",\"dateModified\":\"2025-05-21T08:56:45+00:00\",\"mainEntityOfPage\":{\"@id\":\"https:\\\/\\\/www.webdo.tn\\\/fr\\\/actualite\\\/culture\\\/cannes-2023-les-filles-d-olfa-de-kaouther-ben-hania-en-selection-officielle\\\/204822\\\/\"},\"wordCount\":801,\"commentCount\":0,\"publisher\":{\"@id\":\"https:\\\/\\\/www.webdo.tn\\\/fr\\\/#organization\"},\"image\":{\"@id\":\"https:\\\/\\\/www.webdo.tn\\\/fr\\\/actualite\\\/culture\\\/cannes-2023-les-filles-d-olfa-de-kaouther-ben-hania-en-selection-officielle\\\/204822\\\/#primaryimage\"},\"thumbnailUrl\":\"https:\\\/\\\/www.webdo.tn\\\/fr\\\/wp-content\\\/uploads\\\/2023\\\/04\\\/c5a47f9fd30f8160fd6172ca7e85d6ba.jpeg\",\"keywords\":[\"cannes\",\"Cannes 2023\",\"comp\u00e9tition officielle Cannes 2023\",\"Festival de Cannes\",\"Film tunisien\",\"Kaouther Ben Hania\",\"Les filles d'Olfa\"],\"articleSection\":[\"Culture\"],\"inLanguage\":\"fr-FR\"},{\"@type\":\"WebPage\",\"@id\":\"https:\\\/\\\/www.webdo.tn\\\/fr\\\/actualite\\\/culture\\\/cannes-2023-les-filles-d-olfa-de-kaouther-ben-hania-en-selection-officielle\\\/204822\\\/\",\"url\":\"https:\\\/\\\/www.webdo.tn\\\/fr\\\/actualite\\\/culture\\\/cannes-2023-les-filles-d-olfa-de-kaouther-ben-hania-en-selection-officielle\\\/204822\\\/\",\"name\":\"Cannes 2023 - \u00ab\u00a0Les filles d\u2019Olfa\u00a0\u00bb\u00a0de Kaouther Ben Hania en s\u00e9lection officielle\",\"isPartOf\":{\"@id\":\"https:\\\/\\\/www.webdo.tn\\\/fr\\\/#website\"},\"primaryImageOfPage\":{\"@id\":\"https:\\\/\\\/www.webdo.tn\\\/fr\\\/actualite\\\/culture\\\/cannes-2023-les-filles-d-olfa-de-kaouther-ben-hania-en-selection-officielle\\\/204822\\\/#primaryimage\"},\"image\":{\"@id\":\"https:\\\/\\\/www.webdo.tn\\\/fr\\\/actualite\\\/culture\\\/cannes-2023-les-filles-d-olfa-de-kaouther-ben-hania-en-selection-officielle\\\/204822\\\/#primaryimage\"},\"thumbnailUrl\":\"https:\\\/\\\/www.webdo.tn\\\/fr\\\/wp-content\\\/uploads\\\/2023\\\/04\\\/c5a47f9fd30f8160fd6172ca7e85d6ba.jpeg\",\"datePublished\":\"2023-04-13T14:08:00+00:00\",\"dateModified\":\"2025-05-21T08:56:45+00:00\",\"description\":\"Parmi les films s\u00e9lectionn\u00e9s en comp\u00e9tition officielle de la 76\u00e8me \u00e9dition du Festival de Cannes, on retrouve Les filles d'Olfa de la tunisienne Kaouther Ben...\",\"breadcrumb\":{\"@id\":\"https:\\\/\\\/www.webdo.tn\\\/fr\\\/actualite\\\/culture\\\/cannes-2023-les-filles-d-olfa-de-kaouther-ben-hania-en-selection-officielle\\\/204822\\\/#breadcrumb\"},\"inLanguage\":\"fr-FR\",\"potentialAction\":[{\"@type\":\"ReadAction\",\"target\":[\"https:\\\/\\\/www.webdo.tn\\\/fr\\\/actualite\\\/culture\\\/cannes-2023-les-filles-d-olfa-de-kaouther-ben-hania-en-selection-officielle\\\/204822\\\/\"]}]},{\"@type\":\"ImageObject\",\"inLanguage\":\"fr-FR\",\"@id\":\"https:\\\/\\\/www.webdo.tn\\\/fr\\\/actualite\\\/culture\\\/cannes-2023-les-filles-d-olfa-de-kaouther-ben-hania-en-selection-officielle\\\/204822\\\/#primaryimage\",\"url\":\"https:\\\/\\\/www.webdo.tn\\\/fr\\\/wp-content\\\/uploads\\\/2023\\\/04\\\/c5a47f9fd30f8160fd6172ca7e85d6ba.jpeg\",\"contentUrl\":\"https:\\\/\\\/www.webdo.tn\\\/fr\\\/wp-content\\\/uploads\\\/2023\\\/04\\\/c5a47f9fd30f8160fd6172ca7e85d6ba.jpeg\",\"width\":750,\"height\":400,\"caption\":\"Cannes 2023 - \u00ab\u00a0Les filles d\u2019Olfa\u00a0\u00bb\u00a0de Kaouther Ben Hania en s\u00e9lection officielle\"},{\"@type\":\"BreadcrumbList\",\"@id\":\"https:\\\/\\\/www.webdo.tn\\\/fr\\\/actualite\\\/culture\\\/cannes-2023-les-filles-d-olfa-de-kaouther-ben-hania-en-selection-officielle\\\/204822\\\/#breadcrumb\",\"itemListElement\":[{\"@type\":\"ListItem\",\"position\":1,\"name\":\"Accueil\",\"item\":\"https:\\\/\\\/www.webdo.tn\\\/fr\\\/\"},{\"@type\":\"ListItem\",\"position\":2,\"name\":\"Cannes 2023 &#8211; \u00ab\u00a0Les filles d\u2019Olfa\u00a0\u00bb\u00a0de Kaouther Ben Hania en s\u00e9lection officielle\"}]},{\"@type\":\"WebSite\",\"@id\":\"https:\\\/\\\/www.webdo.tn\\\/fr\\\/#website\",\"url\":\"https:\\\/\\\/www.webdo.tn\\\/fr\\\/\",\"name\":\"webdo\",\"description\":\"Tunisie - News en Tunisie et \u00e0 l&#039;international sur Webdo.tn\",\"publisher\":{\"@id\":\"https:\\\/\\\/www.webdo.tn\\\/fr\\\/#organization\"},\"potentialAction\":[{\"@type\":\"SearchAction\",\"target\":{\"@type\":\"EntryPoint\",\"urlTemplate\":\"https:\\\/\\\/www.webdo.tn\\\/fr\\\/?s={search_term_string}\"},\"query-input\":{\"@type\":\"PropertyValueSpecification\",\"valueRequired\":true,\"valueName\":\"search_term_string\"}}],\"inLanguage\":\"fr-FR\"},{\"@type\":\"Organization\",\"@id\":\"https:\\\/\\\/www.webdo.tn\\\/fr\\\/#organization\",\"name\":\"Webdo\",\"alternateName\":\"Webdo.tn\",\"url\":\"https:\\\/\\\/www.webdo.tn\\\/fr\\\/\",\"logo\":{\"@type\":\"ImageObject\",\"inLanguage\":\"fr-FR\",\"@id\":\"https:\\\/\\\/www.webdo.tn\\\/fr\\\/#\\\/schema\\\/logo\\\/image\\\/\",\"url\":\"https:\\\/\\\/www.webdo.tn\\\/fr\\\/wp-content\\\/uploads\\\/2025\\\/06\\\/Webdo-Tunisie_168377.jpg\",\"contentUrl\":\"https:\\\/\\\/www.webdo.tn\\\/fr\\\/wp-content\\\/uploads\\\/2025\\\/06\\\/Webdo-Tunisie_168377.jpg\",\"width\":301,\"height\":301,\"caption\":\"Webdo\"},\"image\":{\"@id\":\"https:\\\/\\\/www.webdo.tn\\\/fr\\\/#\\\/schema\\\/logo\\\/image\\\/\"},\"sameAs\":[\"https:\\\/\\\/www.facebook.com\\\/webdotn\",\"https:\\\/\\\/x.com\\\/webdo_tn\"],\"description\":\"Webdo est un m\u00e9dia num\u00e9rique tunisien fond\u00e9 en 2010, sp\u00e9cialis\u00e9 dans l\u2019actualit\u00e9 nationale et internationale, l\u2019\u00e9conomie, la soci\u00e9t\u00e9 et les analyses politiques. Le site s\u2019adresse \u00e0 un large public francophone et couvre l\u2019information tunisienne en temps r\u00e9el.\",\"email\":\"redac@webdo.tn\",\"legalName\":\"YNJ SARL\",\"foundingDate\":\"2010-09-06\",\"numberOfEmployees\":{\"@type\":\"QuantitativeValue\",\"minValue\":\"11\",\"maxValue\":\"50\"}},{\"@type\":\"Person\",\"@id\":\"https:\\\/\\\/www.webdo.tn\\\/fr\\\/#\\\/schema\\\/person\\\/60d5ba619ed3f58783b0dc82b7dada80\",\"name\":\"Ne\u00efla DRISS\",\"image\":{\"@type\":\"ImageObject\",\"inLanguage\":\"fr-FR\",\"@id\":\"https:\\\/\\\/www.webdo.tn\\\/fr\\\/wp-content\\\/uploads\\\/2026\\\/04\\\/neila-driss_avatar-96x96.jpg\",\"url\":\"https:\\\/\\\/www.webdo.tn\\\/fr\\\/wp-content\\\/uploads\\\/2026\\\/04\\\/neila-driss_avatar-96x96.jpg\",\"contentUrl\":\"https:\\\/\\\/www.webdo.tn\\\/fr\\\/wp-content\\\/uploads\\\/2026\\\/04\\\/neila-driss_avatar-96x96.jpg\",\"caption\":\"Ne\u00efla DRISS\"},\"description\":\"Ne\u00efla Driss est juriste, journaliste culturelle et critique de cin\u00e9ma tunisienne. Titulaire d\u2019un DEA en droit priv\u00e9 de l\u2019Universit\u00e9 Paris II et d\u2019un DESS de l\u2019IHEC Carthage, elle d\u00e9bute sa carri\u00e8re comme juriste sp\u00e9cialis\u00e9e en gestion de patrimoine immobilier. Elle s\u2019oriente ensuite vers l\u2019\u00e9criture en ligne, o\u00f9 elle se distingue d\u00e8s 2006 aux Tunisia Blog Awards, avant de se consacrer au journalisme culturel, avec une sp\u00e9cialisation dans la critique cin\u00e9matographique. Elle couvre r\u00e9guli\u00e8rement les grands festivals internationaux, notamment le Festival de Cannes, les Journ\u00e9es Cin\u00e9matographiques de Carthage et le Festival du film du Caire. Membre de l\u2019ATPCC et de la FIPRESCI, elle participe \u00e0 des jurys et initiatives internationales de critique. Depuis 2024, elle est \u00e9lectrice internationale aux Golden Globes. Facebook : https:\\\/\\\/www.facebook.com\\\/massir.destiniii\\\/ X : https:\\\/\\\/x.com\\\/MassirDestin\",\"sameAs\":[\"https:\\\/\\\/www.facebook.com\\\/massir.destiniii\\\/\",\"https:\\\/\\\/www.instagram.com\\\/neila.driss\\\/?hl=fr\",\"https:\\\/\\\/www.linkedin.com\\\/in\\\/neila-driss-22606a80\\\/\",\"https:\\\/\\\/x.com\\\/https:\\\/\\\/x.com\\\/MassirDestin\"],\"knowsAbout\":[\"Cin\u00e9ma international\",\"critique cin\u00e9matographique\",\"festivals de cin\u00e9ma\",\"journalisme culturel\"],\"knowsLanguage\":[\"Fran\u00e7ais\",\"Arabe\",\"Anglais\"],\"jobTitle\":\"Journaliste culturelle et critique de cin\u00e9ma\",\"worksFor\":\"Webdo\",\"url\":\"https:\\\/\\\/www.webdo.tn\\\/fr\\\/actualite\\\/author\\\/neila-driss\\\/\"}]}<\/script>\n<!-- \/ Yoast SEO Premium plugin. -->","yoast_head_json":{"title":"Cannes 2023 - \u00ab\u00a0Les filles d\u2019Olfa\u00a0\u00bb\u00a0de Kaouther Ben Hania en s\u00e9lection officielle","description":"Parmi les films s\u00e9lectionn\u00e9s en comp\u00e9tition officielle de la 76\u00e8me \u00e9dition du Festival de Cannes, on retrouve Les filles d'Olfa de la tunisienne Kaouther Ben...","canonical":"https:\/\/www.webdo.tn\/fr\/actualite\/culture\/cannes-2023-les-filles-d-olfa-de-kaouther-ben-hania-en-selection-officielle\/204822\/","og_locale":"fr_FR","og_type":"article","og_title":"Cannes 2023 - \u00ab\u00a0Les filles d\u2019Olfa\u00a0\u00bb\u00a0de Kaouther Ben Hania en s\u00e9lection officielle","og_description":"Parmi les films s\u00e9lectionn\u00e9s en comp\u00e9tition officielle de la 76\u00e8me \u00e9dition du Festival de Cannes, on retrouve Les filles d'Olfa de la tunisienne Kaouther Ben...","og_url":"https:\/\/www.webdo.tn\/fr\/actualite\/culture\/cannes-2023-les-filles-d-olfa-de-kaouther-ben-hania-en-selection-officielle\/204822\/","og_site_name":"webdo","article_publisher":"https:\/\/www.facebook.com\/webdotn","article_author":"https:\/\/www.facebook.com\/massir.destiniii\/","article_published_time":"2023-04-13T14:08:00+00:00","article_modified_time":"2025-05-21T08:56:45+00:00","og_image":[{"width":750,"height":400,"url":"https:\/\/www.webdo.tn\/fr\/wp-content\/uploads\/2023\/04\/c5a47f9fd30f8160fd6172ca7e85d6ba.jpeg","type":"image\/jpeg"}],"author":"Ne\u00efla DRISS","twitter_card":"summary_large_image","twitter_creator":"@https:\/\/x.com\/MassirDestin","twitter_site":"@webdo_tn","twitter_misc":{"\u00c9crit par":"Ne\u00efla DRISS","Dur\u00e9e de lecture estim\u00e9e":"4 minutes"},"schema":{"@context":"https:\/\/schema.org","@graph":[{"@type":"NewsArticle","@id":"https:\/\/www.webdo.tn\/fr\/actualite\/culture\/cannes-2023-les-filles-d-olfa-de-kaouther-ben-hania-en-selection-officielle\/204822\/#article","isPartOf":{"@id":"https:\/\/www.webdo.tn\/fr\/actualite\/culture\/cannes-2023-les-filles-d-olfa-de-kaouther-ben-hania-en-selection-officielle\/204822\/"},"author":{"name":"Ne\u00efla DRISS","@id":"https:\/\/www.webdo.tn\/fr\/#\/schema\/person\/60d5ba619ed3f58783b0dc82b7dada80"},"headline":"Cannes 2023 &#8211; \u00ab\u00a0Les filles d\u2019Olfa\u00a0\u00bb\u00a0de Kaouther Ben Hania en s\u00e9lection officielle","datePublished":"2023-04-13T14:08:00+00:00","dateModified":"2025-05-21T08:56:45+00:00","mainEntityOfPage":{"@id":"https:\/\/www.webdo.tn\/fr\/actualite\/culture\/cannes-2023-les-filles-d-olfa-de-kaouther-ben-hania-en-selection-officielle\/204822\/"},"wordCount":801,"commentCount":0,"publisher":{"@id":"https:\/\/www.webdo.tn\/fr\/#organization"},"image":{"@id":"https:\/\/www.webdo.tn\/fr\/actualite\/culture\/cannes-2023-les-filles-d-olfa-de-kaouther-ben-hania-en-selection-officielle\/204822\/#primaryimage"},"thumbnailUrl":"https:\/\/www.webdo.tn\/fr\/wp-content\/uploads\/2023\/04\/c5a47f9fd30f8160fd6172ca7e85d6ba.jpeg","keywords":["cannes","Cannes 2023","comp\u00e9tition officielle Cannes 2023","Festival de Cannes","Film tunisien","Kaouther Ben Hania","Les filles d'Olfa"],"articleSection":["Culture"],"inLanguage":"fr-FR"},{"@type":"WebPage","@id":"https:\/\/www.webdo.tn\/fr\/actualite\/culture\/cannes-2023-les-filles-d-olfa-de-kaouther-ben-hania-en-selection-officielle\/204822\/","url":"https:\/\/www.webdo.tn\/fr\/actualite\/culture\/cannes-2023-les-filles-d-olfa-de-kaouther-ben-hania-en-selection-officielle\/204822\/","name":"Cannes 2023 - \u00ab\u00a0Les filles d\u2019Olfa\u00a0\u00bb\u00a0de Kaouther Ben Hania en s\u00e9lection officielle","isPartOf":{"@id":"https:\/\/www.webdo.tn\/fr\/#website"},"primaryImageOfPage":{"@id":"https:\/\/www.webdo.tn\/fr\/actualite\/culture\/cannes-2023-les-filles-d-olfa-de-kaouther-ben-hania-en-selection-officielle\/204822\/#primaryimage"},"image":{"@id":"https:\/\/www.webdo.tn\/fr\/actualite\/culture\/cannes-2023-les-filles-d-olfa-de-kaouther-ben-hania-en-selection-officielle\/204822\/#primaryimage"},"thumbnailUrl":"https:\/\/www.webdo.tn\/fr\/wp-content\/uploads\/2023\/04\/c5a47f9fd30f8160fd6172ca7e85d6ba.jpeg","datePublished":"2023-04-13T14:08:00+00:00","dateModified":"2025-05-21T08:56:45+00:00","description":"Parmi les films s\u00e9lectionn\u00e9s en comp\u00e9tition officielle de la 76\u00e8me \u00e9dition du Festival de Cannes, on retrouve Les filles d'Olfa de la tunisienne Kaouther Ben...","breadcrumb":{"@id":"https:\/\/www.webdo.tn\/fr\/actualite\/culture\/cannes-2023-les-filles-d-olfa-de-kaouther-ben-hania-en-selection-officielle\/204822\/#breadcrumb"},"inLanguage":"fr-FR","potentialAction":[{"@type":"ReadAction","target":["https:\/\/www.webdo.tn\/fr\/actualite\/culture\/cannes-2023-les-filles-d-olfa-de-kaouther-ben-hania-en-selection-officielle\/204822\/"]}]},{"@type":"ImageObject","inLanguage":"fr-FR","@id":"https:\/\/www.webdo.tn\/fr\/actualite\/culture\/cannes-2023-les-filles-d-olfa-de-kaouther-ben-hania-en-selection-officielle\/204822\/#primaryimage","url":"https:\/\/www.webdo.tn\/fr\/wp-content\/uploads\/2023\/04\/c5a47f9fd30f8160fd6172ca7e85d6ba.jpeg","contentUrl":"https:\/\/www.webdo.tn\/fr\/wp-content\/uploads\/2023\/04\/c5a47f9fd30f8160fd6172ca7e85d6ba.jpeg","width":750,"height":400,"caption":"Cannes 2023 - \u00ab\u00a0Les filles d\u2019Olfa\u00a0\u00bb\u00a0de Kaouther Ben Hania en s\u00e9lection officielle"},{"@type":"BreadcrumbList","@id":"https:\/\/www.webdo.tn\/fr\/actualite\/culture\/cannes-2023-les-filles-d-olfa-de-kaouther-ben-hania-en-selection-officielle\/204822\/#breadcrumb","itemListElement":[{"@type":"ListItem","position":1,"name":"Accueil","item":"https:\/\/www.webdo.tn\/fr\/"},{"@type":"ListItem","position":2,"name":"Cannes 2023 &#8211; \u00ab\u00a0Les filles d\u2019Olfa\u00a0\u00bb\u00a0de Kaouther Ben Hania en s\u00e9lection officielle"}]},{"@type":"WebSite","@id":"https:\/\/www.webdo.tn\/fr\/#website","url":"https:\/\/www.webdo.tn\/fr\/","name":"webdo","description":"Tunisie - News en Tunisie et \u00e0 l&#039;international sur Webdo.tn","publisher":{"@id":"https:\/\/www.webdo.tn\/fr\/#organization"},"potentialAction":[{"@type":"SearchAction","target":{"@type":"EntryPoint","urlTemplate":"https:\/\/www.webdo.tn\/fr\/?s={search_term_string}"},"query-input":{"@type":"PropertyValueSpecification","valueRequired":true,"valueName":"search_term_string"}}],"inLanguage":"fr-FR"},{"@type":"Organization","@id":"https:\/\/www.webdo.tn\/fr\/#organization","name":"Webdo","alternateName":"Webdo.tn","url":"https:\/\/www.webdo.tn\/fr\/","logo":{"@type":"ImageObject","inLanguage":"fr-FR","@id":"https:\/\/www.webdo.tn\/fr\/#\/schema\/logo\/image\/","url":"https:\/\/www.webdo.tn\/fr\/wp-content\/uploads\/2025\/06\/Webdo-Tunisie_168377.jpg","contentUrl":"https:\/\/www.webdo.tn\/fr\/wp-content\/uploads\/2025\/06\/Webdo-Tunisie_168377.jpg","width":301,"height":301,"caption":"Webdo"},"image":{"@id":"https:\/\/www.webdo.tn\/fr\/#\/schema\/logo\/image\/"},"sameAs":["https:\/\/www.facebook.com\/webdotn","https:\/\/x.com\/webdo_tn"],"description":"Webdo est un m\u00e9dia num\u00e9rique tunisien fond\u00e9 en 2010, sp\u00e9cialis\u00e9 dans l\u2019actualit\u00e9 nationale et internationale, l\u2019\u00e9conomie, la soci\u00e9t\u00e9 et les analyses politiques. Le site s\u2019adresse \u00e0 un large public francophone et couvre l\u2019information tunisienne en temps r\u00e9el.","email":"redac@webdo.tn","legalName":"YNJ SARL","foundingDate":"2010-09-06","numberOfEmployees":{"@type":"QuantitativeValue","minValue":"11","maxValue":"50"}},{"@type":"Person","@id":"https:\/\/www.webdo.tn\/fr\/#\/schema\/person\/60d5ba619ed3f58783b0dc82b7dada80","name":"Ne\u00efla DRISS","image":{"@type":"ImageObject","inLanguage":"fr-FR","@id":"https:\/\/www.webdo.tn\/fr\/wp-content\/uploads\/2026\/04\/neila-driss_avatar-96x96.jpg","url":"https:\/\/www.webdo.tn\/fr\/wp-content\/uploads\/2026\/04\/neila-driss_avatar-96x96.jpg","contentUrl":"https:\/\/www.webdo.tn\/fr\/wp-content\/uploads\/2026\/04\/neila-driss_avatar-96x96.jpg","caption":"Ne\u00efla DRISS"},"description":"Ne\u00efla Driss est juriste, journaliste culturelle et critique de cin\u00e9ma tunisienne. Titulaire d\u2019un DEA en droit priv\u00e9 de l\u2019Universit\u00e9 Paris II et d\u2019un DESS de l\u2019IHEC Carthage, elle d\u00e9bute sa carri\u00e8re comme juriste sp\u00e9cialis\u00e9e en gestion de patrimoine immobilier. Elle s\u2019oriente ensuite vers l\u2019\u00e9criture en ligne, o\u00f9 elle se distingue d\u00e8s 2006 aux Tunisia Blog Awards, avant de se consacrer au journalisme culturel, avec une sp\u00e9cialisation dans la critique cin\u00e9matographique. Elle couvre r\u00e9guli\u00e8rement les grands festivals internationaux, notamment le Festival de Cannes, les Journ\u00e9es Cin\u00e9matographiques de Carthage et le Festival du film du Caire. Membre de l\u2019ATPCC et de la FIPRESCI, elle participe \u00e0 des jurys et initiatives internationales de critique. Depuis 2024, elle est \u00e9lectrice internationale aux Golden Globes. Facebook : https:\/\/www.facebook.com\/massir.destiniii\/ X : https:\/\/x.com\/MassirDestin","sameAs":["https:\/\/www.facebook.com\/massir.destiniii\/","https:\/\/www.instagram.com\/neila.driss\/?hl=fr","https:\/\/www.linkedin.com\/in\/neila-driss-22606a80\/","https:\/\/x.com\/https:\/\/x.com\/MassirDestin"],"knowsAbout":["Cin\u00e9ma international","critique cin\u00e9matographique","festivals de cin\u00e9ma","journalisme culturel"],"knowsLanguage":["Fran\u00e7ais","Arabe","Anglais"],"jobTitle":"Journaliste culturelle et critique de cin\u00e9ma","worksFor":"Webdo","url":"https:\/\/www.webdo.tn\/fr\/actualite\/author\/neila-driss\/"}]}},"_links":{"self":[{"href":"https:\/\/www.webdo.tn\/fr\/wp-json\/wp\/v2\/posts\/204822","targetHints":{"allow":["GET"]}}],"collection":[{"href":"https:\/\/www.webdo.tn\/fr\/wp-json\/wp\/v2\/posts"}],"about":[{"href":"https:\/\/www.webdo.tn\/fr\/wp-json\/wp\/v2\/types\/post"}],"author":[{"embeddable":true,"href":"https:\/\/www.webdo.tn\/fr\/wp-json\/wp\/v2\/users\/3164"}],"replies":[{"embeddable":true,"href":"https:\/\/www.webdo.tn\/fr\/wp-json\/wp\/v2\/comments?post=204822"}],"version-history":[{"count":0,"href":"https:\/\/www.webdo.tn\/fr\/wp-json\/wp\/v2\/posts\/204822\/revisions"}],"wp:featuredmedia":[{"embeddable":true,"href":"https:\/\/www.webdo.tn\/fr\/wp-json\/wp\/v2\/media\/251447"}],"wp:attachment":[{"href":"https:\/\/www.webdo.tn\/fr\/wp-json\/wp\/v2\/media?parent=204822"}],"wp:term":[{"taxonomy":"category","embeddable":true,"href":"https:\/\/www.webdo.tn\/fr\/wp-json\/wp\/v2\/categories?post=204822"},{"taxonomy":"post_tag","embeddable":true,"href":"https:\/\/www.webdo.tn\/fr\/wp-json\/wp\/v2\/tags?post=204822"}],"curies":[{"name":"wp","href":"https:\/\/api.w.org\/{rel}","templated":true}]}}