{"id":204818,"date":"2023-04-13T13:18:00","date_gmt":"2023-04-13T13:18:00","guid":{"rendered":"https:\/\/www.webdo.tn\/fr\/blog\/12-des-besoins-du-marche-local-en-electricite-proviennent-d-algerie\/204818\/"},"modified":"2025-05-20T22:58:29","modified_gmt":"2025-05-20T22:58:29","slug":"12-des-besoins-du-marche-local-en-electricite-proviennent-d-algerie","status":"publish","type":"post","link":"https:\/\/www.webdo.tn\/fr\/actualite\/national\/12-des-besoins-du-marche-local-en-electricite-proviennent-d-algerie\/204818\/","title":{"rendered":"12% des besoins du march\u00e9 local en \u00e9lectricit\u00e9 proviennent d\u2019Alg\u00e9rie"},"content":{"rendered":"<p>La production totale d\u2019\u00e9lectricit\u00e9 a enregistr\u00e9, \u00e0 fin f\u00e9vrier 2023, une hausse de 1% pour se situer \u00e0 2897 GWh (hors autoproduction consomm\u00e9e), selon l\u2019Observatoire national de l\u2019\u00e9nergie et des mines.<\/p>\n<p>\t\t\t\t\t\t\t\t\tLe rapport sur la conjoncture \u00e9nerg\u00e9tique pr\u00e9cise que les achats d\u2019\u00e9lectricit\u00e9 de l\u2019Alg\u00e9rie ont couvert plus de 12% des besoins du march\u00e9 local, durant les deux premiers mois de l&rsquo;ann\u00e9e 2023.<\/p>\n<p>La STEG conserve toujours la part du lion dans la production d&rsquo;\u00e9lectricit\u00e9 avec 99% de la production nationale, \u00e0 fin f\u00e9vrier 2023. L\u2019\u00e9lectricit\u00e9 produite \u00e0 partir de gaz naturel a enregistr\u00e9 une hausse de 1%, alors que la production d\u2019\u00e9lectricit\u00e9 \u00e0 partir des \u00e9nergies renouvelables s\u2019est situ\u00e9e \u00e0 2,1% de la production totale.<\/p>\n<p>Chapitre ventes d\u2019\u00e9lectricit\u00e9, celles-ci ont enregistr\u00e9, durant les deux premiers mois de 2023, une hausse de 5%. Les ventes \u00e0 l\u2019endroit des clients de la haute tension ont r\u00e9gress\u00e9 de 4%, celles des clients de la moyenne tension ont enregistr\u00e9, par contre, une hausse de 4%.<\/p>\n<p>Les industriels demeurent les plus grands consommateurs d\u2019\u00e9lectricit\u00e9 avec 63% de la totalit\u00e9 de la demande des clients \u00e0 fin f\u00e9vrier 2023.<\/p>\n","protected":false},"excerpt":{"rendered":"<p>La production totale d\u2019\u00e9lectricit\u00e9 a enregistr\u00e9, \u00e0 fin f\u00e9vrier 2023, une hausse de 1% pour se situer \u00e0 2897 GWh (hors autoproduction consomm\u00e9e), selon l\u2019Observa&#8230;<\/p>\n","protected":false},"author":3188,"featured_media":251444,"comment_status":"open","ping_status":"closed","sticky":false,"template":"","format":"standard","meta":{"footnotes":""},"categories":[44],"tags":[2907,3765,2976,2608],"class_list":["post-204818","post","type-post","status-publish","format-standard","has-post-thumbnail","hentry","category-national","tag-algerie","tag-electricite","tag-production","tag-tunisie"],"yoast_head":"<!-- This site is optimized with the Yoast SEO Premium plugin v27.4 (Yoast SEO v27.5) - https:\/\/yoast.com\/product\/yoast-seo-premium-wordpress\/ -->\n<title>12% des besoins du march\u00e9 local en \u00e9lectricit\u00e9 proviennent d\u2019Alg\u00e9rie<\/title>\n<meta name=\"description\" content=\"La production totale d\u2019\u00e9lectricit\u00e9 a enregistr\u00e9, \u00e0 fin f\u00e9vrier 2023, une hausse de 1% pour se situer \u00e0 2897 GWh (hors autoproduction consomm\u00e9e), selon l\u2019Observa...\" \/>\n<link rel=\"canonical\" href=\"https:\/\/www.webdo.tn\/fr\/actualite\/national\/12-des-besoins-du-marche-local-en-electricite-proviennent-d-algerie\/204818\/\" \/>\n<meta property=\"og:locale\" content=\"fr_FR\" \/>\n<meta property=\"og:type\" content=\"article\" \/>\n<meta property=\"og:title\" content=\"12% des besoins du march\u00e9 local en \u00e9lectricit\u00e9 proviennent d\u2019Alg\u00e9rie\" \/>\n<meta property=\"og:description\" content=\"La production totale d\u2019\u00e9lectricit\u00e9 a enregistr\u00e9, \u00e0 fin f\u00e9vrier 2023, une hausse de 1% pour se situer \u00e0 2897 GWh (hors autoproduction consomm\u00e9e), selon l\u2019Observa...\" \/>\n<meta property=\"og:url\" content=\"https:\/\/www.webdo.tn\/fr\/actualite\/national\/12-des-besoins-du-marche-local-en-electricite-proviennent-d-algerie\/204818\/\" \/>\n<meta property=\"og:site_name\" content=\"webdo\" \/>\n<meta property=\"article:publisher\" content=\"https:\/\/www.facebook.com\/webdotn\" \/>\n<meta property=\"article:published_time\" content=\"2023-04-13T13:18:00+00:00\" \/>\n<meta property=\"article:modified_time\" content=\"2025-05-20T22:58:29+00:00\" \/>\n<meta property=\"og:image\" content=\"https:\/\/www.webdo.tn\/fr\/wp-content\/uploads\/2023\/04\/b1416cb39e48ed281dc5decbdcd26389.jpg\" \/>\n\t<meta property=\"og:image:width\" content=\"750\" \/>\n\t<meta property=\"og:image:height\" content=\"400\" \/>\n\t<meta property=\"og:image:type\" content=\"image\/jpeg\" \/>\n<meta name=\"author\" content=\"Ramzi\" \/>\n<meta name=\"twitter:card\" content=\"summary_large_image\" \/>\n<meta name=\"twitter:creator\" content=\"@webdo_tn\" \/>\n<meta name=\"twitter:site\" content=\"@webdo_tn\" \/>\n<meta name=\"twitter:label1\" content=\"\u00c9crit par\" \/>\n\t<meta name=\"twitter:data1\" content=\"Ramzi\" \/>\n\t<meta name=\"twitter:label2\" content=\"Dur\u00e9e de lecture estim\u00e9e\" \/>\n\t<meta name=\"twitter:data2\" content=\"1 minute\" \/>\n<script type=\"application\/ld+json\" class=\"yoast-schema-graph\">{\"@context\":\"https:\\\/\\\/schema.org\",\"@graph\":[{\"@type\":\"NewsArticle\",\"@id\":\"https:\\\/\\\/www.webdo.tn\\\/fr\\\/actualite\\\/national\\\/12-des-besoins-du-marche-local-en-electricite-proviennent-d-algerie\\\/204818\\\/#article\",\"isPartOf\":{\"@id\":\"https:\\\/\\\/www.webdo.tn\\\/fr\\\/actualite\\\/national\\\/12-des-besoins-du-marche-local-en-electricite-proviennent-d-algerie\\\/204818\\\/\"},\"author\":{\"name\":\"Ramzi\",\"@id\":\"https:\\\/\\\/www.webdo.tn\\\/fr\\\/#\\\/schema\\\/person\\\/590cb5f81adcfde6385530fdbdf468e2\"},\"headline\":\"12% des besoins du march\u00e9 local en \u00e9lectricit\u00e9 proviennent d\u2019Alg\u00e9rie\",\"datePublished\":\"2023-04-13T13:18:00+00:00\",\"dateModified\":\"2025-05-20T22:58:29+00:00\",\"mainEntityOfPage\":{\"@id\":\"https:\\\/\\\/www.webdo.tn\\\/fr\\\/actualite\\\/national\\\/12-des-besoins-du-marche-local-en-electricite-proviennent-d-algerie\\\/204818\\\/\"},\"wordCount\":194,\"commentCount\":0,\"publisher\":{\"@id\":\"https:\\\/\\\/www.webdo.tn\\\/fr\\\/#organization\"},\"image\":{\"@id\":\"https:\\\/\\\/www.webdo.tn\\\/fr\\\/actualite\\\/national\\\/12-des-besoins-du-marche-local-en-electricite-proviennent-d-algerie\\\/204818\\\/#primaryimage\"},\"thumbnailUrl\":\"https:\\\/\\\/www.webdo.tn\\\/fr\\\/wp-content\\\/uploads\\\/2023\\\/04\\\/b1416cb39e48ed281dc5decbdcd26389.jpg\",\"keywords\":[\"Alg\u00e9rie\",\"\u00e9lectricit\u00e9\",\"production\",\"Tunisie\"],\"articleSection\":[\"National\"],\"inLanguage\":\"fr-FR\"},{\"@type\":\"WebPage\",\"@id\":\"https:\\\/\\\/www.webdo.tn\\\/fr\\\/actualite\\\/national\\\/12-des-besoins-du-marche-local-en-electricite-proviennent-d-algerie\\\/204818\\\/\",\"url\":\"https:\\\/\\\/www.webdo.tn\\\/fr\\\/actualite\\\/national\\\/12-des-besoins-du-marche-local-en-electricite-proviennent-d-algerie\\\/204818\\\/\",\"name\":\"12% des besoins du march\u00e9 local en \u00e9lectricit\u00e9 proviennent d\u2019Alg\u00e9rie\",\"isPartOf\":{\"@id\":\"https:\\\/\\\/www.webdo.tn\\\/fr\\\/#website\"},\"primaryImageOfPage\":{\"@id\":\"https:\\\/\\\/www.webdo.tn\\\/fr\\\/actualite\\\/national\\\/12-des-besoins-du-marche-local-en-electricite-proviennent-d-algerie\\\/204818\\\/#primaryimage\"},\"image\":{\"@id\":\"https:\\\/\\\/www.webdo.tn\\\/fr\\\/actualite\\\/national\\\/12-des-besoins-du-marche-local-en-electricite-proviennent-d-algerie\\\/204818\\\/#primaryimage\"},\"thumbnailUrl\":\"https:\\\/\\\/www.webdo.tn\\\/fr\\\/wp-content\\\/uploads\\\/2023\\\/04\\\/b1416cb39e48ed281dc5decbdcd26389.jpg\",\"datePublished\":\"2023-04-13T13:18:00+00:00\",\"dateModified\":\"2025-05-20T22:58:29+00:00\",\"description\":\"La production totale d\u2019\u00e9lectricit\u00e9 a enregistr\u00e9, \u00e0 fin f\u00e9vrier 2023, une hausse de 1% pour se situer \u00e0 2897 GWh (hors autoproduction consomm\u00e9e), selon l\u2019Observa...\",\"breadcrumb\":{\"@id\":\"https:\\\/\\\/www.webdo.tn\\\/fr\\\/actualite\\\/national\\\/12-des-besoins-du-marche-local-en-electricite-proviennent-d-algerie\\\/204818\\\/#breadcrumb\"},\"inLanguage\":\"fr-FR\",\"potentialAction\":[{\"@type\":\"ReadAction\",\"target\":[\"https:\\\/\\\/www.webdo.tn\\\/fr\\\/actualite\\\/national\\\/12-des-besoins-du-marche-local-en-electricite-proviennent-d-algerie\\\/204818\\\/\"]}]},{\"@type\":\"ImageObject\",\"inLanguage\":\"fr-FR\",\"@id\":\"https:\\\/\\\/www.webdo.tn\\\/fr\\\/actualite\\\/national\\\/12-des-besoins-du-marche-local-en-electricite-proviennent-d-algerie\\\/204818\\\/#primaryimage\",\"url\":\"https:\\\/\\\/www.webdo.tn\\\/fr\\\/wp-content\\\/uploads\\\/2023\\\/04\\\/b1416cb39e48ed281dc5decbdcd26389.jpg\",\"contentUrl\":\"https:\\\/\\\/www.webdo.tn\\\/fr\\\/wp-content\\\/uploads\\\/2023\\\/04\\\/b1416cb39e48ed281dc5decbdcd26389.jpg\",\"width\":750,\"height\":400,\"caption\":\"12% des besoins du march\u00e9 local en \u00e9lectricit\u00e9 proviennent d\u2019Alg\u00e9rie\"},{\"@type\":\"BreadcrumbList\",\"@id\":\"https:\\\/\\\/www.webdo.tn\\\/fr\\\/actualite\\\/national\\\/12-des-besoins-du-marche-local-en-electricite-proviennent-d-algerie\\\/204818\\\/#breadcrumb\",\"itemListElement\":[{\"@type\":\"ListItem\",\"position\":1,\"name\":\"Accueil\",\"item\":\"https:\\\/\\\/www.webdo.tn\\\/fr\\\/\"},{\"@type\":\"ListItem\",\"position\":2,\"name\":\"12% des besoins du march\u00e9 local en \u00e9lectricit\u00e9 proviennent d\u2019Alg\u00e9rie\"}]},{\"@type\":\"WebSite\",\"@id\":\"https:\\\/\\\/www.webdo.tn\\\/fr\\\/#website\",\"url\":\"https:\\\/\\\/www.webdo.tn\\\/fr\\\/\",\"name\":\"webdo\",\"description\":\"Tunisie - News en Tunisie et \u00e0 l&#039;international sur Webdo.tn\",\"publisher\":{\"@id\":\"https:\\\/\\\/www.webdo.tn\\\/fr\\\/#organization\"},\"potentialAction\":[{\"@type\":\"SearchAction\",\"target\":{\"@type\":\"EntryPoint\",\"urlTemplate\":\"https:\\\/\\\/www.webdo.tn\\\/fr\\\/?s={search_term_string}\"},\"query-input\":{\"@type\":\"PropertyValueSpecification\",\"valueRequired\":true,\"valueName\":\"search_term_string\"}}],\"inLanguage\":\"fr-FR\"},{\"@type\":\"Organization\",\"@id\":\"https:\\\/\\\/www.webdo.tn\\\/fr\\\/#organization\",\"name\":\"Webdo\",\"alternateName\":\"Webdo.tn\",\"url\":\"https:\\\/\\\/www.webdo.tn\\\/fr\\\/\",\"logo\":{\"@type\":\"ImageObject\",\"inLanguage\":\"fr-FR\",\"@id\":\"https:\\\/\\\/www.webdo.tn\\\/fr\\\/#\\\/schema\\\/logo\\\/image\\\/\",\"url\":\"https:\\\/\\\/www.webdo.tn\\\/fr\\\/wp-content\\\/uploads\\\/2025\\\/06\\\/Webdo-Tunisie_168377.jpg\",\"contentUrl\":\"https:\\\/\\\/www.webdo.tn\\\/fr\\\/wp-content\\\/uploads\\\/2025\\\/06\\\/Webdo-Tunisie_168377.jpg\",\"width\":301,\"height\":301,\"caption\":\"Webdo\"},\"image\":{\"@id\":\"https:\\\/\\\/www.webdo.tn\\\/fr\\\/#\\\/schema\\\/logo\\\/image\\\/\"},\"sameAs\":[\"https:\\\/\\\/www.facebook.com\\\/webdotn\",\"https:\\\/\\\/x.com\\\/webdo_tn\"],\"description\":\"Webdo est un m\u00e9dia num\u00e9rique tunisien fond\u00e9 en 2010, sp\u00e9cialis\u00e9 dans l\u2019actualit\u00e9 nationale et internationale, l\u2019\u00e9conomie, la soci\u00e9t\u00e9 et les analyses politiques. Le site s\u2019adresse \u00e0 un large public francophone et couvre l\u2019information tunisienne en temps r\u00e9el.\",\"email\":\"redac@webdo.tn\",\"legalName\":\"YNJ SARL\",\"foundingDate\":\"2010-09-06\",\"numberOfEmployees\":{\"@type\":\"QuantitativeValue\",\"minValue\":\"11\",\"maxValue\":\"50\"}},{\"@type\":\"Person\",\"@id\":\"https:\\\/\\\/www.webdo.tn\\\/fr\\\/#\\\/schema\\\/person\\\/590cb5f81adcfde6385530fdbdf468e2\",\"name\":\"Ramzi\",\"image\":{\"@type\":\"ImageObject\",\"inLanguage\":\"fr-FR\",\"@id\":\"https:\\\/\\\/secure.gravatar.com\\\/avatar\\\/48df7d18915e10cf866ba8e27604c81ff9243fd52704a1d210c3e387e1cb8d87?s=96&d=mm&r=g\",\"url\":\"https:\\\/\\\/secure.gravatar.com\\\/avatar\\\/48df7d18915e10cf866ba8e27604c81ff9243fd52704a1d210c3e387e1cb8d87?s=96&d=mm&r=g\",\"contentUrl\":\"https:\\\/\\\/secure.gravatar.com\\\/avatar\\\/48df7d18915e10cf866ba8e27604c81ff9243fd52704a1d210c3e387e1cb8d87?s=96&d=mm&r=g\",\"caption\":\"Ramzi\"},\"url\":\"https:\\\/\\\/www.webdo.tn\\\/fr\\\/actualite\\\/author\\\/ramzi\\\/\"}]}<\/script>\n<!-- \/ Yoast SEO Premium plugin. -->","yoast_head_json":{"title":"12% des besoins du march\u00e9 local en \u00e9lectricit\u00e9 proviennent d\u2019Alg\u00e9rie","description":"La production totale d\u2019\u00e9lectricit\u00e9 a enregistr\u00e9, \u00e0 fin f\u00e9vrier 2023, une hausse de 1% pour se situer \u00e0 2897 GWh (hors autoproduction consomm\u00e9e), selon l\u2019Observa...","canonical":"https:\/\/www.webdo.tn\/fr\/actualite\/national\/12-des-besoins-du-marche-local-en-electricite-proviennent-d-algerie\/204818\/","og_locale":"fr_FR","og_type":"article","og_title":"12% des besoins du march\u00e9 local en \u00e9lectricit\u00e9 proviennent d\u2019Alg\u00e9rie","og_description":"La production totale d\u2019\u00e9lectricit\u00e9 a enregistr\u00e9, \u00e0 fin f\u00e9vrier 2023, une hausse de 1% pour se situer \u00e0 2897 GWh (hors autoproduction consomm\u00e9e), selon l\u2019Observa...","og_url":"https:\/\/www.webdo.tn\/fr\/actualite\/national\/12-des-besoins-du-marche-local-en-electricite-proviennent-d-algerie\/204818\/","og_site_name":"webdo","article_publisher":"https:\/\/www.facebook.com\/webdotn","article_published_time":"2023-04-13T13:18:00+00:00","article_modified_time":"2025-05-20T22:58:29+00:00","og_image":[{"width":750,"height":400,"url":"https:\/\/www.webdo.tn\/fr\/wp-content\/uploads\/2023\/04\/b1416cb39e48ed281dc5decbdcd26389.jpg","type":"image\/jpeg"}],"author":"Ramzi","twitter_card":"summary_large_image","twitter_creator":"@webdo_tn","twitter_site":"@webdo_tn","twitter_misc":{"\u00c9crit par":"Ramzi","Dur\u00e9e de lecture estim\u00e9e":"1 minute"},"schema":{"@context":"https:\/\/schema.org","@graph":[{"@type":"NewsArticle","@id":"https:\/\/www.webdo.tn\/fr\/actualite\/national\/12-des-besoins-du-marche-local-en-electricite-proviennent-d-algerie\/204818\/#article","isPartOf":{"@id":"https:\/\/www.webdo.tn\/fr\/actualite\/national\/12-des-besoins-du-marche-local-en-electricite-proviennent-d-algerie\/204818\/"},"author":{"name":"Ramzi","@id":"https:\/\/www.webdo.tn\/fr\/#\/schema\/person\/590cb5f81adcfde6385530fdbdf468e2"},"headline":"12% des besoins du march\u00e9 local en \u00e9lectricit\u00e9 proviennent d\u2019Alg\u00e9rie","datePublished":"2023-04-13T13:18:00+00:00","dateModified":"2025-05-20T22:58:29+00:00","mainEntityOfPage":{"@id":"https:\/\/www.webdo.tn\/fr\/actualite\/national\/12-des-besoins-du-marche-local-en-electricite-proviennent-d-algerie\/204818\/"},"wordCount":194,"commentCount":0,"publisher":{"@id":"https:\/\/www.webdo.tn\/fr\/#organization"},"image":{"@id":"https:\/\/www.webdo.tn\/fr\/actualite\/national\/12-des-besoins-du-marche-local-en-electricite-proviennent-d-algerie\/204818\/#primaryimage"},"thumbnailUrl":"https:\/\/www.webdo.tn\/fr\/wp-content\/uploads\/2023\/04\/b1416cb39e48ed281dc5decbdcd26389.jpg","keywords":["Alg\u00e9rie","\u00e9lectricit\u00e9","production","Tunisie"],"articleSection":["National"],"inLanguage":"fr-FR"},{"@type":"WebPage","@id":"https:\/\/www.webdo.tn\/fr\/actualite\/national\/12-des-besoins-du-marche-local-en-electricite-proviennent-d-algerie\/204818\/","url":"https:\/\/www.webdo.tn\/fr\/actualite\/national\/12-des-besoins-du-marche-local-en-electricite-proviennent-d-algerie\/204818\/","name":"12% des besoins du march\u00e9 local en \u00e9lectricit\u00e9 proviennent d\u2019Alg\u00e9rie","isPartOf":{"@id":"https:\/\/www.webdo.tn\/fr\/#website"},"primaryImageOfPage":{"@id":"https:\/\/www.webdo.tn\/fr\/actualite\/national\/12-des-besoins-du-marche-local-en-electricite-proviennent-d-algerie\/204818\/#primaryimage"},"image":{"@id":"https:\/\/www.webdo.tn\/fr\/actualite\/national\/12-des-besoins-du-marche-local-en-electricite-proviennent-d-algerie\/204818\/#primaryimage"},"thumbnailUrl":"https:\/\/www.webdo.tn\/fr\/wp-content\/uploads\/2023\/04\/b1416cb39e48ed281dc5decbdcd26389.jpg","datePublished":"2023-04-13T13:18:00+00:00","dateModified":"2025-05-20T22:58:29+00:00","description":"La production totale d\u2019\u00e9lectricit\u00e9 a enregistr\u00e9, \u00e0 fin f\u00e9vrier 2023, une hausse de 1% pour se situer \u00e0 2897 GWh (hors autoproduction consomm\u00e9e), selon l\u2019Observa...","breadcrumb":{"@id":"https:\/\/www.webdo.tn\/fr\/actualite\/national\/12-des-besoins-du-marche-local-en-electricite-proviennent-d-algerie\/204818\/#breadcrumb"},"inLanguage":"fr-FR","potentialAction":[{"@type":"ReadAction","target":["https:\/\/www.webdo.tn\/fr\/actualite\/national\/12-des-besoins-du-marche-local-en-electricite-proviennent-d-algerie\/204818\/"]}]},{"@type":"ImageObject","inLanguage":"fr-FR","@id":"https:\/\/www.webdo.tn\/fr\/actualite\/national\/12-des-besoins-du-marche-local-en-electricite-proviennent-d-algerie\/204818\/#primaryimage","url":"https:\/\/www.webdo.tn\/fr\/wp-content\/uploads\/2023\/04\/b1416cb39e48ed281dc5decbdcd26389.jpg","contentUrl":"https:\/\/www.webdo.tn\/fr\/wp-content\/uploads\/2023\/04\/b1416cb39e48ed281dc5decbdcd26389.jpg","width":750,"height":400,"caption":"12% des besoins du march\u00e9 local en \u00e9lectricit\u00e9 proviennent d\u2019Alg\u00e9rie"},{"@type":"BreadcrumbList","@id":"https:\/\/www.webdo.tn\/fr\/actualite\/national\/12-des-besoins-du-marche-local-en-electricite-proviennent-d-algerie\/204818\/#breadcrumb","itemListElement":[{"@type":"ListItem","position":1,"name":"Accueil","item":"https:\/\/www.webdo.tn\/fr\/"},{"@type":"ListItem","position":2,"name":"12% des besoins du march\u00e9 local en \u00e9lectricit\u00e9 proviennent d\u2019Alg\u00e9rie"}]},{"@type":"WebSite","@id":"https:\/\/www.webdo.tn\/fr\/#website","url":"https:\/\/www.webdo.tn\/fr\/","name":"webdo","description":"Tunisie - News en Tunisie et \u00e0 l&#039;international sur Webdo.tn","publisher":{"@id":"https:\/\/www.webdo.tn\/fr\/#organization"},"potentialAction":[{"@type":"SearchAction","target":{"@type":"EntryPoint","urlTemplate":"https:\/\/www.webdo.tn\/fr\/?s={search_term_string}"},"query-input":{"@type":"PropertyValueSpecification","valueRequired":true,"valueName":"search_term_string"}}],"inLanguage":"fr-FR"},{"@type":"Organization","@id":"https:\/\/www.webdo.tn\/fr\/#organization","name":"Webdo","alternateName":"Webdo.tn","url":"https:\/\/www.webdo.tn\/fr\/","logo":{"@type":"ImageObject","inLanguage":"fr-FR","@id":"https:\/\/www.webdo.tn\/fr\/#\/schema\/logo\/image\/","url":"https:\/\/www.webdo.tn\/fr\/wp-content\/uploads\/2025\/06\/Webdo-Tunisie_168377.jpg","contentUrl":"https:\/\/www.webdo.tn\/fr\/wp-content\/uploads\/2025\/06\/Webdo-Tunisie_168377.jpg","width":301,"height":301,"caption":"Webdo"},"image":{"@id":"https:\/\/www.webdo.tn\/fr\/#\/schema\/logo\/image\/"},"sameAs":["https:\/\/www.facebook.com\/webdotn","https:\/\/x.com\/webdo_tn"],"description":"Webdo est un m\u00e9dia num\u00e9rique tunisien fond\u00e9 en 2010, sp\u00e9cialis\u00e9 dans l\u2019actualit\u00e9 nationale et internationale, l\u2019\u00e9conomie, la soci\u00e9t\u00e9 et les analyses politiques. Le site s\u2019adresse \u00e0 un large public francophone et couvre l\u2019information tunisienne en temps r\u00e9el.","email":"redac@webdo.tn","legalName":"YNJ SARL","foundingDate":"2010-09-06","numberOfEmployees":{"@type":"QuantitativeValue","minValue":"11","maxValue":"50"}},{"@type":"Person","@id":"https:\/\/www.webdo.tn\/fr\/#\/schema\/person\/590cb5f81adcfde6385530fdbdf468e2","name":"Ramzi","image":{"@type":"ImageObject","inLanguage":"fr-FR","@id":"https:\/\/secure.gravatar.com\/avatar\/48df7d18915e10cf866ba8e27604c81ff9243fd52704a1d210c3e387e1cb8d87?s=96&d=mm&r=g","url":"https:\/\/secure.gravatar.com\/avatar\/48df7d18915e10cf866ba8e27604c81ff9243fd52704a1d210c3e387e1cb8d87?s=96&d=mm&r=g","contentUrl":"https:\/\/secure.gravatar.com\/avatar\/48df7d18915e10cf866ba8e27604c81ff9243fd52704a1d210c3e387e1cb8d87?s=96&d=mm&r=g","caption":"Ramzi"},"url":"https:\/\/www.webdo.tn\/fr\/actualite\/author\/ramzi\/"}]}},"_links":{"self":[{"href":"https:\/\/www.webdo.tn\/fr\/wp-json\/wp\/v2\/posts\/204818","targetHints":{"allow":["GET"]}}],"collection":[{"href":"https:\/\/www.webdo.tn\/fr\/wp-json\/wp\/v2\/posts"}],"about":[{"href":"https:\/\/www.webdo.tn\/fr\/wp-json\/wp\/v2\/types\/post"}],"author":[{"embeddable":true,"href":"https:\/\/www.webdo.tn\/fr\/wp-json\/wp\/v2\/users\/3188"}],"replies":[{"embeddable":true,"href":"https:\/\/www.webdo.tn\/fr\/wp-json\/wp\/v2\/comments?post=204818"}],"version-history":[{"count":0,"href":"https:\/\/www.webdo.tn\/fr\/wp-json\/wp\/v2\/posts\/204818\/revisions"}],"wp:featuredmedia":[{"embeddable":true,"href":"https:\/\/www.webdo.tn\/fr\/wp-json\/wp\/v2\/media\/251444"}],"wp:attachment":[{"href":"https:\/\/www.webdo.tn\/fr\/wp-json\/wp\/v2\/media?parent=204818"}],"wp:term":[{"taxonomy":"category","embeddable":true,"href":"https:\/\/www.webdo.tn\/fr\/wp-json\/wp\/v2\/categories?post=204818"},{"taxonomy":"post_tag","embeddable":true,"href":"https:\/\/www.webdo.tn\/fr\/wp-json\/wp\/v2\/tags?post=204818"}],"curies":[{"name":"wp","href":"https:\/\/api.w.org\/{rel}","templated":true}]}}