{"id":204815,"date":"2023-04-13T11:55:00","date_gmt":"2023-04-13T11:55:00","guid":{"rendered":"https:\/\/www.webdo.tn\/fr\/blog\/affaire-du-hcr-mandats-de-depot-contre-15-subsahariens\/204815\/"},"modified":"2025-05-20T22:00:48","modified_gmt":"2025-05-20T22:00:48","slug":"affaire-du-hcr-mandats-de-depot-contre-15-subsahariens","status":"publish","type":"post","link":"https:\/\/www.webdo.tn\/fr\/actualite\/national\/affaire-du-hcr-mandats-de-depot-contre-15-subsahariens\/204815\/","title":{"rendered":"Affaire du HCR : Mandats de d\u00e9p\u00f4t contre 20 Subsahariens"},"content":{"rendered":"<p>Vingt mandats de d\u00e9p\u00f4t ont \u00e9t\u00e9 \u00e9mis contre les Subsahariens ayant pris part aux violences devant le si\u00e8ge du Haut-commissariat aux r\u00e9fugi\u00e9s (HCR) \u00e0 Tunis.<\/p>\n<p>\t\t\t\t\t\t\t\t\tPlac\u00e9s en garde \u00e0 vue pour avoir attaqu\u00e9 le si\u00e8ge du Haut-Commissariat des Nations-unies pour les r\u00e9fugi\u00e9s (HCR) \u00e0 Tunis, pour tentative d&rsquo;intrusion du si\u00e8ge d&rsquo;une installation diplomatique ainsi que pour vandalisme et pour l&rsquo;agression d&rsquo;un fonctionnaire public durant l&rsquo;exercice de ses fonctions, vingt Subsahariens ont fait l\u2019objet d\u2019un mandat de d\u00e9p\u00f4t.<\/p>\n<p>Ces mandats de d\u00e9p\u00f4t ont \u00e9t\u00e9 \u00e9mis, mercredi 12 avril 2023 par le parquet du Tribunal de premi\u00e8re instance de Tunis, rapporte Mosaique fm et concernent vingt jeunes qui se sont retrouv\u00e9s impliqu\u00e9s dans ces actes de violence.<\/p>\n<p>Le parquet pr\u00e8s le Tribunal de premi\u00e8re instance de Tunis avait ordonn\u00e9 l&rsquo;ouverture d&rsquo;une information judiciaire \u00e0 l&rsquo;encontre de ces Subsahariens interpell\u00e9s mardi 11 avril, et ce, suite \u00e0 une plainte d\u00e9pos\u00e9e par le mandataire judiciaire du HCR, plainte selon laquelle les migrants en question ont observ\u00e9 un sit-in devant le b\u00e2timent, arm\u00e9s de b\u00e2tons et de bouteilles de gaz.<\/p>\n<p>Selon le minist\u00e8re de l\u2019Int\u00e9rieur, les protestataires ont jet\u00e9 des pierres et des projectiles sur les unit\u00e9s s\u00e9curitaires qui \u00e9taient intervenues \u00e0 la demande du HCR, ce qui a caus\u00e9 d&rsquo;\u00e9normes d\u00e9g\u00e2ts aux niveaux des r\u00e9sidences, des commerces et des voitures pr\u00e8s du si\u00e8ge du HCR, aux Berges du Lac.<\/p>\n<p>Ces Subsahariens impliqu\u00e9s dans les incidents campaient depuis des mois devant le\u00a0 le si\u00e8ge du HCR, qui a d\u00e9cid\u00e9 de faire appel aux forces de l&rsquo;ordre pour disperser ces demandeurs d&rsquo;asile, ce qui a provoqu\u00e9\u00a0 leur col\u00e8re !<\/p>\n","protected":false},"excerpt":{"rendered":"<p>Vingt mandats de d\u00e9p\u00f4t ont \u00e9t\u00e9 \u00e9mis contre les Subsahariens ayant pris part aux violences devant le si\u00e8ge du Haut-commissariat aux r\u00e9fugi\u00e9s (HCR) \u00e0 Tunis.<\/p>\n","protected":false},"author":3162,"featured_media":251440,"comment_status":"open","ping_status":"closed","sticky":false,"template":"","format":"standard","meta":{"footnotes":""},"categories":[44],"tags":[5201,2886,3377,2640],"class_list":["post-204815","post","type-post","status-publish","format-standard","has-post-thumbnail","hentry","category-national","tag-hcr","tag-mandat-de-depot","tag-subsahariens","tag-tunis"],"yoast_head":"<!-- This site is optimized with the Yoast SEO Premium plugin v27.4 (Yoast SEO v27.4) - https:\/\/yoast.com\/product\/yoast-seo-premium-wordpress\/ -->\n<title>Affaire du HCR : Mandats de d\u00e9p\u00f4t contre 20 Subsahariens<\/title>\n<meta name=\"description\" content=\"Vingt mandats de d\u00e9p\u00f4t ont \u00e9t\u00e9 \u00e9mis contre les Subsahariens ayant pris part aux violences devant le si\u00e8ge du Haut-commissariat aux r\u00e9fugi\u00e9s (HCR) \u00e0 Tunis.\" \/>\n<link rel=\"canonical\" href=\"https:\/\/www.webdo.tn\/fr\/actualite\/national\/affaire-du-hcr-mandats-de-depot-contre-15-subsahariens\/204815\/\" \/>\n<meta property=\"og:locale\" content=\"fr_FR\" \/>\n<meta property=\"og:type\" content=\"article\" \/>\n<meta property=\"og:title\" content=\"Affaire du HCR : Mandats de d\u00e9p\u00f4t contre 20 Subsahariens\" \/>\n<meta property=\"og:description\" content=\"Vingt mandats de d\u00e9p\u00f4t ont \u00e9t\u00e9 \u00e9mis contre les Subsahariens ayant pris part aux violences devant le si\u00e8ge du Haut-commissariat aux r\u00e9fugi\u00e9s (HCR) \u00e0 Tunis.\" \/>\n<meta property=\"og:url\" content=\"https:\/\/www.webdo.tn\/fr\/actualite\/national\/affaire-du-hcr-mandats-de-depot-contre-15-subsahariens\/204815\/\" \/>\n<meta property=\"og:site_name\" content=\"webdo\" \/>\n<meta property=\"article:publisher\" content=\"https:\/\/www.facebook.com\/webdotn\" \/>\n<meta property=\"article:published_time\" content=\"2023-04-13T11:55:00+00:00\" \/>\n<meta property=\"article:modified_time\" content=\"2025-05-20T22:00:48+00:00\" \/>\n<meta property=\"og:image\" content=\"https:\/\/www.webdo.tn\/fr\/wp-content\/uploads\/2023\/04\/fe89572d5cf44addd5b7bf79809674b3.jpg\" \/>\n\t<meta property=\"og:image:width\" content=\"750\" \/>\n\t<meta property=\"og:image:height\" content=\"400\" \/>\n\t<meta property=\"og:image:type\" content=\"image\/jpeg\" \/>\n<meta name=\"author\" content=\"MC\" \/>\n<meta name=\"twitter:card\" content=\"summary_large_image\" \/>\n<meta name=\"twitter:creator\" content=\"@webdo_tn\" \/>\n<meta name=\"twitter:site\" content=\"@webdo_tn\" \/>\n<meta name=\"twitter:label1\" content=\"\u00c9crit par\" \/>\n\t<meta name=\"twitter:data1\" content=\"MC\" \/>\n\t<meta name=\"twitter:label2\" content=\"Dur\u00e9e de lecture estim\u00e9e\" \/>\n\t<meta name=\"twitter:data2\" content=\"1 minute\" \/>\n<script type=\"application\/ld+json\" class=\"yoast-schema-graph\">{\"@context\":\"https:\\\/\\\/schema.org\",\"@graph\":[{\"@type\":\"NewsArticle\",\"@id\":\"https:\\\/\\\/www.webdo.tn\\\/fr\\\/actualite\\\/national\\\/affaire-du-hcr-mandats-de-depot-contre-15-subsahariens\\\/204815\\\/#article\",\"isPartOf\":{\"@id\":\"https:\\\/\\\/www.webdo.tn\\\/fr\\\/actualite\\\/national\\\/affaire-du-hcr-mandats-de-depot-contre-15-subsahariens\\\/204815\\\/\"},\"author\":{\"name\":\"MC\",\"@id\":\"https:\\\/\\\/www.webdo.tn\\\/fr\\\/#\\\/schema\\\/person\\\/2c4929cbf5a809e3bd38617c6ce150f6\"},\"headline\":\"Affaire du HCR : Mandats de d\u00e9p\u00f4t contre 20 Subsahariens\",\"datePublished\":\"2023-04-13T11:55:00+00:00\",\"dateModified\":\"2025-05-20T22:00:48+00:00\",\"mainEntityOfPage\":{\"@id\":\"https:\\\/\\\/www.webdo.tn\\\/fr\\\/actualite\\\/national\\\/affaire-du-hcr-mandats-de-depot-contre-15-subsahariens\\\/204815\\\/\"},\"wordCount\":315,\"commentCount\":0,\"publisher\":{\"@id\":\"https:\\\/\\\/www.webdo.tn\\\/fr\\\/#organization\"},\"image\":{\"@id\":\"https:\\\/\\\/www.webdo.tn\\\/fr\\\/actualite\\\/national\\\/affaire-du-hcr-mandats-de-depot-contre-15-subsahariens\\\/204815\\\/#primaryimage\"},\"thumbnailUrl\":\"https:\\\/\\\/www.webdo.tn\\\/fr\\\/wp-content\\\/uploads\\\/2023\\\/04\\\/fe89572d5cf44addd5b7bf79809674b3.jpg\",\"keywords\":[\"hcr\",\"mandat de d\u00e9p\u00f4t\",\"Subsahariens\",\"Tunis\"],\"articleSection\":[\"National\"],\"inLanguage\":\"fr-FR\"},{\"@type\":\"WebPage\",\"@id\":\"https:\\\/\\\/www.webdo.tn\\\/fr\\\/actualite\\\/national\\\/affaire-du-hcr-mandats-de-depot-contre-15-subsahariens\\\/204815\\\/\",\"url\":\"https:\\\/\\\/www.webdo.tn\\\/fr\\\/actualite\\\/national\\\/affaire-du-hcr-mandats-de-depot-contre-15-subsahariens\\\/204815\\\/\",\"name\":\"Affaire du HCR : Mandats de d\u00e9p\u00f4t contre 20 Subsahariens\",\"isPartOf\":{\"@id\":\"https:\\\/\\\/www.webdo.tn\\\/fr\\\/#website\"},\"primaryImageOfPage\":{\"@id\":\"https:\\\/\\\/www.webdo.tn\\\/fr\\\/actualite\\\/national\\\/affaire-du-hcr-mandats-de-depot-contre-15-subsahariens\\\/204815\\\/#primaryimage\"},\"image\":{\"@id\":\"https:\\\/\\\/www.webdo.tn\\\/fr\\\/actualite\\\/national\\\/affaire-du-hcr-mandats-de-depot-contre-15-subsahariens\\\/204815\\\/#primaryimage\"},\"thumbnailUrl\":\"https:\\\/\\\/www.webdo.tn\\\/fr\\\/wp-content\\\/uploads\\\/2023\\\/04\\\/fe89572d5cf44addd5b7bf79809674b3.jpg\",\"datePublished\":\"2023-04-13T11:55:00+00:00\",\"dateModified\":\"2025-05-20T22:00:48+00:00\",\"description\":\"Vingt mandats de d\u00e9p\u00f4t ont \u00e9t\u00e9 \u00e9mis contre les Subsahariens ayant pris part aux violences devant le si\u00e8ge du Haut-commissariat aux r\u00e9fugi\u00e9s (HCR) \u00e0 Tunis.\",\"breadcrumb\":{\"@id\":\"https:\\\/\\\/www.webdo.tn\\\/fr\\\/actualite\\\/national\\\/affaire-du-hcr-mandats-de-depot-contre-15-subsahariens\\\/204815\\\/#breadcrumb\"},\"inLanguage\":\"fr-FR\",\"potentialAction\":[{\"@type\":\"ReadAction\",\"target\":[\"https:\\\/\\\/www.webdo.tn\\\/fr\\\/actualite\\\/national\\\/affaire-du-hcr-mandats-de-depot-contre-15-subsahariens\\\/204815\\\/\"]}]},{\"@type\":\"ImageObject\",\"inLanguage\":\"fr-FR\",\"@id\":\"https:\\\/\\\/www.webdo.tn\\\/fr\\\/actualite\\\/national\\\/affaire-du-hcr-mandats-de-depot-contre-15-subsahariens\\\/204815\\\/#primaryimage\",\"url\":\"https:\\\/\\\/www.webdo.tn\\\/fr\\\/wp-content\\\/uploads\\\/2023\\\/04\\\/fe89572d5cf44addd5b7bf79809674b3.jpg\",\"contentUrl\":\"https:\\\/\\\/www.webdo.tn\\\/fr\\\/wp-content\\\/uploads\\\/2023\\\/04\\\/fe89572d5cf44addd5b7bf79809674b3.jpg\",\"width\":750,\"height\":400,\"caption\":\"Affaire du HCR : Mandats de d\u00e9p\u00f4t contre 20 Subsahariens\"},{\"@type\":\"BreadcrumbList\",\"@id\":\"https:\\\/\\\/www.webdo.tn\\\/fr\\\/actualite\\\/national\\\/affaire-du-hcr-mandats-de-depot-contre-15-subsahariens\\\/204815\\\/#breadcrumb\",\"itemListElement\":[{\"@type\":\"ListItem\",\"position\":1,\"name\":\"Accueil\",\"item\":\"https:\\\/\\\/www.webdo.tn\\\/fr\\\/\"},{\"@type\":\"ListItem\",\"position\":2,\"name\":\"Affaire du HCR : Mandats de d\u00e9p\u00f4t contre 20 Subsahariens\"}]},{\"@type\":\"WebSite\",\"@id\":\"https:\\\/\\\/www.webdo.tn\\\/fr\\\/#website\",\"url\":\"https:\\\/\\\/www.webdo.tn\\\/fr\\\/\",\"name\":\"webdo\",\"description\":\"Tunisie - News en Tunisie et \u00e0 l&#039;international sur Webdo.tn\",\"publisher\":{\"@id\":\"https:\\\/\\\/www.webdo.tn\\\/fr\\\/#organization\"},\"potentialAction\":[{\"@type\":\"SearchAction\",\"target\":{\"@type\":\"EntryPoint\",\"urlTemplate\":\"https:\\\/\\\/www.webdo.tn\\\/fr\\\/?s={search_term_string}\"},\"query-input\":{\"@type\":\"PropertyValueSpecification\",\"valueRequired\":true,\"valueName\":\"search_term_string\"}}],\"inLanguage\":\"fr-FR\"},{\"@type\":\"Organization\",\"@id\":\"https:\\\/\\\/www.webdo.tn\\\/fr\\\/#organization\",\"name\":\"Webdo\",\"alternateName\":\"Webdo.tn\",\"url\":\"https:\\\/\\\/www.webdo.tn\\\/fr\\\/\",\"logo\":{\"@type\":\"ImageObject\",\"inLanguage\":\"fr-FR\",\"@id\":\"https:\\\/\\\/www.webdo.tn\\\/fr\\\/#\\\/schema\\\/logo\\\/image\\\/\",\"url\":\"https:\\\/\\\/www.webdo.tn\\\/fr\\\/wp-content\\\/uploads\\\/2025\\\/06\\\/Webdo-Tunisie_168377.jpg\",\"contentUrl\":\"https:\\\/\\\/www.webdo.tn\\\/fr\\\/wp-content\\\/uploads\\\/2025\\\/06\\\/Webdo-Tunisie_168377.jpg\",\"width\":301,\"height\":301,\"caption\":\"Webdo\"},\"image\":{\"@id\":\"https:\\\/\\\/www.webdo.tn\\\/fr\\\/#\\\/schema\\\/logo\\\/image\\\/\"},\"sameAs\":[\"https:\\\/\\\/www.facebook.com\\\/webdotn\",\"https:\\\/\\\/x.com\\\/webdo_tn\"],\"description\":\"Webdo est un m\u00e9dia num\u00e9rique tunisien fond\u00e9 en 2010, sp\u00e9cialis\u00e9 dans l\u2019actualit\u00e9 nationale et internationale, l\u2019\u00e9conomie, la soci\u00e9t\u00e9 et les analyses politiques. Le site s\u2019adresse \u00e0 un large public francophone et couvre l\u2019information tunisienne en temps r\u00e9el.\",\"email\":\"redac@webdo.tn\",\"legalName\":\"YNJ SARL\",\"foundingDate\":\"2010-09-06\",\"numberOfEmployees\":{\"@type\":\"QuantitativeValue\",\"minValue\":\"11\",\"maxValue\":\"50\"}},{\"@type\":\"Person\",\"@id\":\"https:\\\/\\\/www.webdo.tn\\\/fr\\\/#\\\/schema\\\/person\\\/2c4929cbf5a809e3bd38617c6ce150f6\",\"name\":\"MC\",\"image\":{\"@type\":\"ImageObject\",\"inLanguage\":\"fr-FR\",\"@id\":\"https:\\\/\\\/secure.gravatar.com\\\/avatar\\\/a545bbb6f84efdd5553dbbc2895e3ca8f1d12c5215e00a041c9670b54aa9b18a?s=96&d=mm&r=g\",\"url\":\"https:\\\/\\\/secure.gravatar.com\\\/avatar\\\/a545bbb6f84efdd5553dbbc2895e3ca8f1d12c5215e00a041c9670b54aa9b18a?s=96&d=mm&r=g\",\"contentUrl\":\"https:\\\/\\\/secure.gravatar.com\\\/avatar\\\/a545bbb6f84efdd5553dbbc2895e3ca8f1d12c5215e00a041c9670b54aa9b18a?s=96&d=mm&r=g\",\"caption\":\"MC\"},\"url\":\"https:\\\/\\\/www.webdo.tn\\\/fr\\\/actualite\\\/author\\\/mc\\\/\"}]}<\/script>\n<!-- \/ Yoast SEO Premium plugin. -->","yoast_head_json":{"title":"Affaire du HCR : Mandats de d\u00e9p\u00f4t contre 20 Subsahariens","description":"Vingt mandats de d\u00e9p\u00f4t ont \u00e9t\u00e9 \u00e9mis contre les Subsahariens ayant pris part aux violences devant le si\u00e8ge du Haut-commissariat aux r\u00e9fugi\u00e9s (HCR) \u00e0 Tunis.","canonical":"https:\/\/www.webdo.tn\/fr\/actualite\/national\/affaire-du-hcr-mandats-de-depot-contre-15-subsahariens\/204815\/","og_locale":"fr_FR","og_type":"article","og_title":"Affaire du HCR : Mandats de d\u00e9p\u00f4t contre 20 Subsahariens","og_description":"Vingt mandats de d\u00e9p\u00f4t ont \u00e9t\u00e9 \u00e9mis contre les Subsahariens ayant pris part aux violences devant le si\u00e8ge du Haut-commissariat aux r\u00e9fugi\u00e9s (HCR) \u00e0 Tunis.","og_url":"https:\/\/www.webdo.tn\/fr\/actualite\/national\/affaire-du-hcr-mandats-de-depot-contre-15-subsahariens\/204815\/","og_site_name":"webdo","article_publisher":"https:\/\/www.facebook.com\/webdotn","article_published_time":"2023-04-13T11:55:00+00:00","article_modified_time":"2025-05-20T22:00:48+00:00","og_image":[{"width":750,"height":400,"url":"https:\/\/www.webdo.tn\/fr\/wp-content\/uploads\/2023\/04\/fe89572d5cf44addd5b7bf79809674b3.jpg","type":"image\/jpeg"}],"author":"MC","twitter_card":"summary_large_image","twitter_creator":"@webdo_tn","twitter_site":"@webdo_tn","twitter_misc":{"\u00c9crit par":"MC","Dur\u00e9e de lecture estim\u00e9e":"1 minute"},"schema":{"@context":"https:\/\/schema.org","@graph":[{"@type":"NewsArticle","@id":"https:\/\/www.webdo.tn\/fr\/actualite\/national\/affaire-du-hcr-mandats-de-depot-contre-15-subsahariens\/204815\/#article","isPartOf":{"@id":"https:\/\/www.webdo.tn\/fr\/actualite\/national\/affaire-du-hcr-mandats-de-depot-contre-15-subsahariens\/204815\/"},"author":{"name":"MC","@id":"https:\/\/www.webdo.tn\/fr\/#\/schema\/person\/2c4929cbf5a809e3bd38617c6ce150f6"},"headline":"Affaire du HCR : Mandats de d\u00e9p\u00f4t contre 20 Subsahariens","datePublished":"2023-04-13T11:55:00+00:00","dateModified":"2025-05-20T22:00:48+00:00","mainEntityOfPage":{"@id":"https:\/\/www.webdo.tn\/fr\/actualite\/national\/affaire-du-hcr-mandats-de-depot-contre-15-subsahariens\/204815\/"},"wordCount":315,"commentCount":0,"publisher":{"@id":"https:\/\/www.webdo.tn\/fr\/#organization"},"image":{"@id":"https:\/\/www.webdo.tn\/fr\/actualite\/national\/affaire-du-hcr-mandats-de-depot-contre-15-subsahariens\/204815\/#primaryimage"},"thumbnailUrl":"https:\/\/www.webdo.tn\/fr\/wp-content\/uploads\/2023\/04\/fe89572d5cf44addd5b7bf79809674b3.jpg","keywords":["hcr","mandat de d\u00e9p\u00f4t","Subsahariens","Tunis"],"articleSection":["National"],"inLanguage":"fr-FR"},{"@type":"WebPage","@id":"https:\/\/www.webdo.tn\/fr\/actualite\/national\/affaire-du-hcr-mandats-de-depot-contre-15-subsahariens\/204815\/","url":"https:\/\/www.webdo.tn\/fr\/actualite\/national\/affaire-du-hcr-mandats-de-depot-contre-15-subsahariens\/204815\/","name":"Affaire du HCR : Mandats de d\u00e9p\u00f4t contre 20 Subsahariens","isPartOf":{"@id":"https:\/\/www.webdo.tn\/fr\/#website"},"primaryImageOfPage":{"@id":"https:\/\/www.webdo.tn\/fr\/actualite\/national\/affaire-du-hcr-mandats-de-depot-contre-15-subsahariens\/204815\/#primaryimage"},"image":{"@id":"https:\/\/www.webdo.tn\/fr\/actualite\/national\/affaire-du-hcr-mandats-de-depot-contre-15-subsahariens\/204815\/#primaryimage"},"thumbnailUrl":"https:\/\/www.webdo.tn\/fr\/wp-content\/uploads\/2023\/04\/fe89572d5cf44addd5b7bf79809674b3.jpg","datePublished":"2023-04-13T11:55:00+00:00","dateModified":"2025-05-20T22:00:48+00:00","description":"Vingt mandats de d\u00e9p\u00f4t ont \u00e9t\u00e9 \u00e9mis contre les Subsahariens ayant pris part aux violences devant le si\u00e8ge du Haut-commissariat aux r\u00e9fugi\u00e9s (HCR) \u00e0 Tunis.","breadcrumb":{"@id":"https:\/\/www.webdo.tn\/fr\/actualite\/national\/affaire-du-hcr-mandats-de-depot-contre-15-subsahariens\/204815\/#breadcrumb"},"inLanguage":"fr-FR","potentialAction":[{"@type":"ReadAction","target":["https:\/\/www.webdo.tn\/fr\/actualite\/national\/affaire-du-hcr-mandats-de-depot-contre-15-subsahariens\/204815\/"]}]},{"@type":"ImageObject","inLanguage":"fr-FR","@id":"https:\/\/www.webdo.tn\/fr\/actualite\/national\/affaire-du-hcr-mandats-de-depot-contre-15-subsahariens\/204815\/#primaryimage","url":"https:\/\/www.webdo.tn\/fr\/wp-content\/uploads\/2023\/04\/fe89572d5cf44addd5b7bf79809674b3.jpg","contentUrl":"https:\/\/www.webdo.tn\/fr\/wp-content\/uploads\/2023\/04\/fe89572d5cf44addd5b7bf79809674b3.jpg","width":750,"height":400,"caption":"Affaire du HCR : Mandats de d\u00e9p\u00f4t contre 20 Subsahariens"},{"@type":"BreadcrumbList","@id":"https:\/\/www.webdo.tn\/fr\/actualite\/national\/affaire-du-hcr-mandats-de-depot-contre-15-subsahariens\/204815\/#breadcrumb","itemListElement":[{"@type":"ListItem","position":1,"name":"Accueil","item":"https:\/\/www.webdo.tn\/fr\/"},{"@type":"ListItem","position":2,"name":"Affaire du HCR : Mandats de d\u00e9p\u00f4t contre 20 Subsahariens"}]},{"@type":"WebSite","@id":"https:\/\/www.webdo.tn\/fr\/#website","url":"https:\/\/www.webdo.tn\/fr\/","name":"webdo","description":"Tunisie - News en Tunisie et \u00e0 l&#039;international sur Webdo.tn","publisher":{"@id":"https:\/\/www.webdo.tn\/fr\/#organization"},"potentialAction":[{"@type":"SearchAction","target":{"@type":"EntryPoint","urlTemplate":"https:\/\/www.webdo.tn\/fr\/?s={search_term_string}"},"query-input":{"@type":"PropertyValueSpecification","valueRequired":true,"valueName":"search_term_string"}}],"inLanguage":"fr-FR"},{"@type":"Organization","@id":"https:\/\/www.webdo.tn\/fr\/#organization","name":"Webdo","alternateName":"Webdo.tn","url":"https:\/\/www.webdo.tn\/fr\/","logo":{"@type":"ImageObject","inLanguage":"fr-FR","@id":"https:\/\/www.webdo.tn\/fr\/#\/schema\/logo\/image\/","url":"https:\/\/www.webdo.tn\/fr\/wp-content\/uploads\/2025\/06\/Webdo-Tunisie_168377.jpg","contentUrl":"https:\/\/www.webdo.tn\/fr\/wp-content\/uploads\/2025\/06\/Webdo-Tunisie_168377.jpg","width":301,"height":301,"caption":"Webdo"},"image":{"@id":"https:\/\/www.webdo.tn\/fr\/#\/schema\/logo\/image\/"},"sameAs":["https:\/\/www.facebook.com\/webdotn","https:\/\/x.com\/webdo_tn"],"description":"Webdo est un m\u00e9dia num\u00e9rique tunisien fond\u00e9 en 2010, sp\u00e9cialis\u00e9 dans l\u2019actualit\u00e9 nationale et internationale, l\u2019\u00e9conomie, la soci\u00e9t\u00e9 et les analyses politiques. Le site s\u2019adresse \u00e0 un large public francophone et couvre l\u2019information tunisienne en temps r\u00e9el.","email":"redac@webdo.tn","legalName":"YNJ SARL","foundingDate":"2010-09-06","numberOfEmployees":{"@type":"QuantitativeValue","minValue":"11","maxValue":"50"}},{"@type":"Person","@id":"https:\/\/www.webdo.tn\/fr\/#\/schema\/person\/2c4929cbf5a809e3bd38617c6ce150f6","name":"MC","image":{"@type":"ImageObject","inLanguage":"fr-FR","@id":"https:\/\/secure.gravatar.com\/avatar\/a545bbb6f84efdd5553dbbc2895e3ca8f1d12c5215e00a041c9670b54aa9b18a?s=96&d=mm&r=g","url":"https:\/\/secure.gravatar.com\/avatar\/a545bbb6f84efdd5553dbbc2895e3ca8f1d12c5215e00a041c9670b54aa9b18a?s=96&d=mm&r=g","contentUrl":"https:\/\/secure.gravatar.com\/avatar\/a545bbb6f84efdd5553dbbc2895e3ca8f1d12c5215e00a041c9670b54aa9b18a?s=96&d=mm&r=g","caption":"MC"},"url":"https:\/\/www.webdo.tn\/fr\/actualite\/author\/mc\/"}]}},"_links":{"self":[{"href":"https:\/\/www.webdo.tn\/fr\/wp-json\/wp\/v2\/posts\/204815","targetHints":{"allow":["GET"]}}],"collection":[{"href":"https:\/\/www.webdo.tn\/fr\/wp-json\/wp\/v2\/posts"}],"about":[{"href":"https:\/\/www.webdo.tn\/fr\/wp-json\/wp\/v2\/types\/post"}],"author":[{"embeddable":true,"href":"https:\/\/www.webdo.tn\/fr\/wp-json\/wp\/v2\/users\/3162"}],"replies":[{"embeddable":true,"href":"https:\/\/www.webdo.tn\/fr\/wp-json\/wp\/v2\/comments?post=204815"}],"version-history":[{"count":0,"href":"https:\/\/www.webdo.tn\/fr\/wp-json\/wp\/v2\/posts\/204815\/revisions"}],"wp:featuredmedia":[{"embeddable":true,"href":"https:\/\/www.webdo.tn\/fr\/wp-json\/wp\/v2\/media\/251440"}],"wp:attachment":[{"href":"https:\/\/www.webdo.tn\/fr\/wp-json\/wp\/v2\/media?parent=204815"}],"wp:term":[{"taxonomy":"category","embeddable":true,"href":"https:\/\/www.webdo.tn\/fr\/wp-json\/wp\/v2\/categories?post=204815"},{"taxonomy":"post_tag","embeddable":true,"href":"https:\/\/www.webdo.tn\/fr\/wp-json\/wp\/v2\/tags?post=204815"}],"curies":[{"name":"wp","href":"https:\/\/api.w.org\/{rel}","templated":true}]}}