{"id":204814,"date":"2023-04-13T11:40:00","date_gmt":"2023-04-13T11:40:00","guid":{"rendered":"https:\/\/www.webdo.tn\/fr\/blog\/15-nouveaux-corps-repeches-au-large-des-cotes-sfaxiennes\/204814\/"},"modified":"2025-05-20T22:00:49","modified_gmt":"2025-05-20T22:00:49","slug":"15-nouveaux-corps-repeches-au-large-des-cotes-sfaxiennes","status":"publish","type":"post","link":"https:\/\/www.webdo.tn\/fr\/actualite\/national\/15-nouveaux-corps-repeches-au-large-des-cotes-sfaxiennes\/204814\/","title":{"rendered":"15 nouveaux corps rep\u00each\u00e9s au large des c\u00f4tes sfaxiennes"},"content":{"rendered":"<p>Le bilan du naufrage d\u2019une embarcation, mardi 11 avril, au large des c\u00f4tes sfaxiennes, s\u2019est alourdi. Quinze nouveaux corps ont \u00e9t\u00e9 rep\u00each\u00e9s portant ce bilan \u00e0 25 morts.<\/p>\n<p>\t\t\t\t\t\t\t\t\tLe ratissage de la zone o\u00f9 a eu lieu le drame se poursuit. Les unit\u00e9s de la Garde maritime de Sfax ont secourus, hier 72 migrants subsahariens et rep\u00each\u00e9 10 corps pr\u00e8s de la plage Ellouat. Selon un nouveau bilan, 15 nouveaux corps ont \u00e9t\u00e9 rep\u00each\u00e9s dont ceux de 6 femmes.<\/p>\n<p>Parmi les 25 corps, la garde maritime a identifi\u00e9 celui d\u2019un Tunisien, \u00e2g\u00e9 de 20 ans, originaire d\u2019El Amra \u00e0 Sfax et qui serait le passeur, selon les premiers \u00e9l\u00e9ments de l\u2019enqu\u00eate.<\/p>\n<p>L\u2019embarcation, avec \u00e0 son bord plus d\u2019une centaine de migrants irr\u00e9guliers subsahariens a fait naufrage au large de la Tunisie alors qu\u2019elle se dirigeait vers les c\u00f4tes europ\u00e9ennes.<\/p>\n<p>Par ailleurs, d\u2019autres migrants ont \u00e9t\u00e9 secourus dans d\u2019autres r\u00e9gions. A Sousse, 41 migrants irr\u00e9guliers tunisiens dont cinq femmes et neuf enfants ont \u00e9t\u00e9 secourus par les unit\u00e9s de la garde maritime.<\/p>\n<p>A Monastir, 6 migrants tunisiens ont \u00e9galement \u00e9t\u00e9 secourus. Deux embarcations de p\u00eache charg\u00e9es de produits alimentaires et de carburant en plus d\u2019une somme d\u2019argent en devises ont, en outre \u00e9t\u00e9 saisis. Huit personnes dont le capitaine d\u2019une embarcation saisie ont \u00e9t\u00e9 plac\u00e9es en garde \u00e0 vue.<\/p>\n","protected":false},"excerpt":{"rendered":"<p>Le bilan du naufrage d\u2019une embarcation, mardi 11 avril, au large des c\u00f4tes sfaxiennes, s\u2019est alourdi. Quinze nouveaux corps ont \u00e9t\u00e9 rep\u00each\u00e9s portant ce bilan \u00e0&#8230;<\/p>\n","protected":false},"author":3162,"featured_media":251443,"comment_status":"open","ping_status":"closed","sticky":false,"template":"","format":"standard","meta":{"footnotes":""},"categories":[44],"tags":[4687,2894,3594,2675],"class_list":["post-204814","post","type-post","status-publish","format-standard","has-post-thumbnail","hentry","category-national","tag-corps","tag-migrants","tag-naufrage","tag-sfax"],"yoast_head":"<!-- This site is optimized with the Yoast SEO Premium plugin v27.4 (Yoast SEO v27.5) - https:\/\/yoast.com\/product\/yoast-seo-premium-wordpress\/ -->\n<title>15 nouveaux corps rep\u00each\u00e9s au large des c\u00f4tes sfaxiennes<\/title>\n<meta name=\"description\" content=\"Le bilan du naufrage d\u2019une embarcation, mardi 11 avril, au large des c\u00f4tes sfaxiennes, s\u2019est alourdi. Quinze nouveaux corps ont \u00e9t\u00e9 rep\u00each\u00e9s portant ce bilan \u00e0...\" \/>\n<link rel=\"canonical\" href=\"https:\/\/www.webdo.tn\/fr\/actualite\/national\/15-nouveaux-corps-repeches-au-large-des-cotes-sfaxiennes\/204814\/\" \/>\n<meta property=\"og:locale\" content=\"fr_FR\" \/>\n<meta property=\"og:type\" content=\"article\" \/>\n<meta property=\"og:title\" content=\"15 nouveaux corps rep\u00each\u00e9s au large des c\u00f4tes sfaxiennes\" \/>\n<meta property=\"og:description\" content=\"Le bilan du naufrage d\u2019une embarcation, mardi 11 avril, au large des c\u00f4tes sfaxiennes, s\u2019est alourdi. Quinze nouveaux corps ont \u00e9t\u00e9 rep\u00each\u00e9s portant ce bilan \u00e0...\" \/>\n<meta property=\"og:url\" content=\"https:\/\/www.webdo.tn\/fr\/actualite\/national\/15-nouveaux-corps-repeches-au-large-des-cotes-sfaxiennes\/204814\/\" \/>\n<meta property=\"og:site_name\" content=\"webdo\" \/>\n<meta property=\"article:publisher\" content=\"https:\/\/www.facebook.com\/webdotn\" \/>\n<meta property=\"article:published_time\" content=\"2023-04-13T11:40:00+00:00\" \/>\n<meta property=\"article:modified_time\" content=\"2025-05-20T22:00:49+00:00\" \/>\n<meta property=\"og:image\" content=\"https:\/\/www.webdo.tn\/fr\/wp-content\/uploads\/2023\/04\/4c302daa25c976a012e0daf7c05929f7.jpg\" \/>\n\t<meta property=\"og:image:width\" content=\"575\" \/>\n\t<meta property=\"og:image:height\" content=\"307\" \/>\n\t<meta property=\"og:image:type\" content=\"image\/jpeg\" \/>\n<meta name=\"author\" content=\"MC\" \/>\n<meta name=\"twitter:card\" content=\"summary_large_image\" \/>\n<meta name=\"twitter:creator\" content=\"@webdo_tn\" \/>\n<meta name=\"twitter:site\" content=\"@webdo_tn\" \/>\n<meta name=\"twitter:label1\" content=\"\u00c9crit par\" \/>\n\t<meta name=\"twitter:data1\" content=\"MC\" \/>\n\t<meta name=\"twitter:label2\" content=\"Dur\u00e9e de lecture estim\u00e9e\" \/>\n\t<meta name=\"twitter:data2\" content=\"1 minute\" \/>\n<script type=\"application\/ld+json\" class=\"yoast-schema-graph\">{\"@context\":\"https:\\\/\\\/schema.org\",\"@graph\":[{\"@type\":\"NewsArticle\",\"@id\":\"https:\\\/\\\/www.webdo.tn\\\/fr\\\/actualite\\\/national\\\/15-nouveaux-corps-repeches-au-large-des-cotes-sfaxiennes\\\/204814\\\/#article\",\"isPartOf\":{\"@id\":\"https:\\\/\\\/www.webdo.tn\\\/fr\\\/actualite\\\/national\\\/15-nouveaux-corps-repeches-au-large-des-cotes-sfaxiennes\\\/204814\\\/\"},\"author\":{\"name\":\"MC\",\"@id\":\"https:\\\/\\\/www.webdo.tn\\\/fr\\\/#\\\/schema\\\/person\\\/2c4929cbf5a809e3bd38617c6ce150f6\"},\"headline\":\"15 nouveaux corps rep\u00each\u00e9s au large des c\u00f4tes sfaxiennes\",\"datePublished\":\"2023-04-13T11:40:00+00:00\",\"dateModified\":\"2025-05-20T22:00:49+00:00\",\"mainEntityOfPage\":{\"@id\":\"https:\\\/\\\/www.webdo.tn\\\/fr\\\/actualite\\\/national\\\/15-nouveaux-corps-repeches-au-large-des-cotes-sfaxiennes\\\/204814\\\/\"},\"wordCount\":247,\"commentCount\":0,\"publisher\":{\"@id\":\"https:\\\/\\\/www.webdo.tn\\\/fr\\\/#organization\"},\"image\":{\"@id\":\"https:\\\/\\\/www.webdo.tn\\\/fr\\\/actualite\\\/national\\\/15-nouveaux-corps-repeches-au-large-des-cotes-sfaxiennes\\\/204814\\\/#primaryimage\"},\"thumbnailUrl\":\"https:\\\/\\\/www.webdo.tn\\\/fr\\\/wp-content\\\/uploads\\\/2023\\\/04\\\/4c302daa25c976a012e0daf7c05929f7.jpg\",\"keywords\":[\"corps\",\"migrants\",\"naufrage\",\"Sfax\"],\"articleSection\":[\"National\"],\"inLanguage\":\"fr-FR\"},{\"@type\":\"WebPage\",\"@id\":\"https:\\\/\\\/www.webdo.tn\\\/fr\\\/actualite\\\/national\\\/15-nouveaux-corps-repeches-au-large-des-cotes-sfaxiennes\\\/204814\\\/\",\"url\":\"https:\\\/\\\/www.webdo.tn\\\/fr\\\/actualite\\\/national\\\/15-nouveaux-corps-repeches-au-large-des-cotes-sfaxiennes\\\/204814\\\/\",\"name\":\"15 nouveaux corps rep\u00each\u00e9s au large des c\u00f4tes sfaxiennes\",\"isPartOf\":{\"@id\":\"https:\\\/\\\/www.webdo.tn\\\/fr\\\/#website\"},\"primaryImageOfPage\":{\"@id\":\"https:\\\/\\\/www.webdo.tn\\\/fr\\\/actualite\\\/national\\\/15-nouveaux-corps-repeches-au-large-des-cotes-sfaxiennes\\\/204814\\\/#primaryimage\"},\"image\":{\"@id\":\"https:\\\/\\\/www.webdo.tn\\\/fr\\\/actualite\\\/national\\\/15-nouveaux-corps-repeches-au-large-des-cotes-sfaxiennes\\\/204814\\\/#primaryimage\"},\"thumbnailUrl\":\"https:\\\/\\\/www.webdo.tn\\\/fr\\\/wp-content\\\/uploads\\\/2023\\\/04\\\/4c302daa25c976a012e0daf7c05929f7.jpg\",\"datePublished\":\"2023-04-13T11:40:00+00:00\",\"dateModified\":\"2025-05-20T22:00:49+00:00\",\"description\":\"Le bilan du naufrage d\u2019une embarcation, mardi 11 avril, au large des c\u00f4tes sfaxiennes, s\u2019est alourdi. Quinze nouveaux corps ont \u00e9t\u00e9 rep\u00each\u00e9s portant ce bilan \u00e0...\",\"breadcrumb\":{\"@id\":\"https:\\\/\\\/www.webdo.tn\\\/fr\\\/actualite\\\/national\\\/15-nouveaux-corps-repeches-au-large-des-cotes-sfaxiennes\\\/204814\\\/#breadcrumb\"},\"inLanguage\":\"fr-FR\",\"potentialAction\":[{\"@type\":\"ReadAction\",\"target\":[\"https:\\\/\\\/www.webdo.tn\\\/fr\\\/actualite\\\/national\\\/15-nouveaux-corps-repeches-au-large-des-cotes-sfaxiennes\\\/204814\\\/\"]}]},{\"@type\":\"ImageObject\",\"inLanguage\":\"fr-FR\",\"@id\":\"https:\\\/\\\/www.webdo.tn\\\/fr\\\/actualite\\\/national\\\/15-nouveaux-corps-repeches-au-large-des-cotes-sfaxiennes\\\/204814\\\/#primaryimage\",\"url\":\"https:\\\/\\\/www.webdo.tn\\\/fr\\\/wp-content\\\/uploads\\\/2023\\\/04\\\/4c302daa25c976a012e0daf7c05929f7.jpg\",\"contentUrl\":\"https:\\\/\\\/www.webdo.tn\\\/fr\\\/wp-content\\\/uploads\\\/2023\\\/04\\\/4c302daa25c976a012e0daf7c05929f7.jpg\",\"width\":575,\"height\":307,\"caption\":\"15 nouveaux corps rep\u00each\u00e9s au large des c\u00f4tes sfaxiennes\"},{\"@type\":\"BreadcrumbList\",\"@id\":\"https:\\\/\\\/www.webdo.tn\\\/fr\\\/actualite\\\/national\\\/15-nouveaux-corps-repeches-au-large-des-cotes-sfaxiennes\\\/204814\\\/#breadcrumb\",\"itemListElement\":[{\"@type\":\"ListItem\",\"position\":1,\"name\":\"Accueil\",\"item\":\"https:\\\/\\\/www.webdo.tn\\\/fr\\\/\"},{\"@type\":\"ListItem\",\"position\":2,\"name\":\"15 nouveaux corps rep\u00each\u00e9s au large des c\u00f4tes sfaxiennes\"}]},{\"@type\":\"WebSite\",\"@id\":\"https:\\\/\\\/www.webdo.tn\\\/fr\\\/#website\",\"url\":\"https:\\\/\\\/www.webdo.tn\\\/fr\\\/\",\"name\":\"webdo\",\"description\":\"Tunisie - News en Tunisie et \u00e0 l&#039;international sur Webdo.tn\",\"publisher\":{\"@id\":\"https:\\\/\\\/www.webdo.tn\\\/fr\\\/#organization\"},\"potentialAction\":[{\"@type\":\"SearchAction\",\"target\":{\"@type\":\"EntryPoint\",\"urlTemplate\":\"https:\\\/\\\/www.webdo.tn\\\/fr\\\/?s={search_term_string}\"},\"query-input\":{\"@type\":\"PropertyValueSpecification\",\"valueRequired\":true,\"valueName\":\"search_term_string\"}}],\"inLanguage\":\"fr-FR\"},{\"@type\":\"Organization\",\"@id\":\"https:\\\/\\\/www.webdo.tn\\\/fr\\\/#organization\",\"name\":\"Webdo\",\"alternateName\":\"Webdo.tn\",\"url\":\"https:\\\/\\\/www.webdo.tn\\\/fr\\\/\",\"logo\":{\"@type\":\"ImageObject\",\"inLanguage\":\"fr-FR\",\"@id\":\"https:\\\/\\\/www.webdo.tn\\\/fr\\\/#\\\/schema\\\/logo\\\/image\\\/\",\"url\":\"https:\\\/\\\/www.webdo.tn\\\/fr\\\/wp-content\\\/uploads\\\/2025\\\/06\\\/Webdo-Tunisie_168377.jpg\",\"contentUrl\":\"https:\\\/\\\/www.webdo.tn\\\/fr\\\/wp-content\\\/uploads\\\/2025\\\/06\\\/Webdo-Tunisie_168377.jpg\",\"width\":301,\"height\":301,\"caption\":\"Webdo\"},\"image\":{\"@id\":\"https:\\\/\\\/www.webdo.tn\\\/fr\\\/#\\\/schema\\\/logo\\\/image\\\/\"},\"sameAs\":[\"https:\\\/\\\/www.facebook.com\\\/webdotn\",\"https:\\\/\\\/x.com\\\/webdo_tn\"],\"description\":\"Webdo est un m\u00e9dia num\u00e9rique tunisien fond\u00e9 en 2010, sp\u00e9cialis\u00e9 dans l\u2019actualit\u00e9 nationale et internationale, l\u2019\u00e9conomie, la soci\u00e9t\u00e9 et les analyses politiques. Le site s\u2019adresse \u00e0 un large public francophone et couvre l\u2019information tunisienne en temps r\u00e9el.\",\"email\":\"redac@webdo.tn\",\"legalName\":\"YNJ SARL\",\"foundingDate\":\"2010-09-06\",\"numberOfEmployees\":{\"@type\":\"QuantitativeValue\",\"minValue\":\"11\",\"maxValue\":\"50\"}},{\"@type\":\"Person\",\"@id\":\"https:\\\/\\\/www.webdo.tn\\\/fr\\\/#\\\/schema\\\/person\\\/2c4929cbf5a809e3bd38617c6ce150f6\",\"name\":\"MC\",\"image\":{\"@type\":\"ImageObject\",\"inLanguage\":\"fr-FR\",\"@id\":\"https:\\\/\\\/secure.gravatar.com\\\/avatar\\\/a545bbb6f84efdd5553dbbc2895e3ca8f1d12c5215e00a041c9670b54aa9b18a?s=96&d=mm&r=g\",\"url\":\"https:\\\/\\\/secure.gravatar.com\\\/avatar\\\/a545bbb6f84efdd5553dbbc2895e3ca8f1d12c5215e00a041c9670b54aa9b18a?s=96&d=mm&r=g\",\"contentUrl\":\"https:\\\/\\\/secure.gravatar.com\\\/avatar\\\/a545bbb6f84efdd5553dbbc2895e3ca8f1d12c5215e00a041c9670b54aa9b18a?s=96&d=mm&r=g\",\"caption\":\"MC\"},\"url\":\"https:\\\/\\\/www.webdo.tn\\\/fr\\\/actualite\\\/author\\\/mc\\\/\"}]}<\/script>\n<!-- \/ Yoast SEO Premium plugin. -->","yoast_head_json":{"title":"15 nouveaux corps rep\u00each\u00e9s au large des c\u00f4tes sfaxiennes","description":"Le bilan du naufrage d\u2019une embarcation, mardi 11 avril, au large des c\u00f4tes sfaxiennes, s\u2019est alourdi. Quinze nouveaux corps ont \u00e9t\u00e9 rep\u00each\u00e9s portant ce bilan \u00e0...","canonical":"https:\/\/www.webdo.tn\/fr\/actualite\/national\/15-nouveaux-corps-repeches-au-large-des-cotes-sfaxiennes\/204814\/","og_locale":"fr_FR","og_type":"article","og_title":"15 nouveaux corps rep\u00each\u00e9s au large des c\u00f4tes sfaxiennes","og_description":"Le bilan du naufrage d\u2019une embarcation, mardi 11 avril, au large des c\u00f4tes sfaxiennes, s\u2019est alourdi. Quinze nouveaux corps ont \u00e9t\u00e9 rep\u00each\u00e9s portant ce bilan \u00e0...","og_url":"https:\/\/www.webdo.tn\/fr\/actualite\/national\/15-nouveaux-corps-repeches-au-large-des-cotes-sfaxiennes\/204814\/","og_site_name":"webdo","article_publisher":"https:\/\/www.facebook.com\/webdotn","article_published_time":"2023-04-13T11:40:00+00:00","article_modified_time":"2025-05-20T22:00:49+00:00","og_image":[{"width":575,"height":307,"url":"https:\/\/www.webdo.tn\/fr\/wp-content\/uploads\/2023\/04\/4c302daa25c976a012e0daf7c05929f7.jpg","type":"image\/jpeg"}],"author":"MC","twitter_card":"summary_large_image","twitter_creator":"@webdo_tn","twitter_site":"@webdo_tn","twitter_misc":{"\u00c9crit par":"MC","Dur\u00e9e de lecture estim\u00e9e":"1 minute"},"schema":{"@context":"https:\/\/schema.org","@graph":[{"@type":"NewsArticle","@id":"https:\/\/www.webdo.tn\/fr\/actualite\/national\/15-nouveaux-corps-repeches-au-large-des-cotes-sfaxiennes\/204814\/#article","isPartOf":{"@id":"https:\/\/www.webdo.tn\/fr\/actualite\/national\/15-nouveaux-corps-repeches-au-large-des-cotes-sfaxiennes\/204814\/"},"author":{"name":"MC","@id":"https:\/\/www.webdo.tn\/fr\/#\/schema\/person\/2c4929cbf5a809e3bd38617c6ce150f6"},"headline":"15 nouveaux corps rep\u00each\u00e9s au large des c\u00f4tes sfaxiennes","datePublished":"2023-04-13T11:40:00+00:00","dateModified":"2025-05-20T22:00:49+00:00","mainEntityOfPage":{"@id":"https:\/\/www.webdo.tn\/fr\/actualite\/national\/15-nouveaux-corps-repeches-au-large-des-cotes-sfaxiennes\/204814\/"},"wordCount":247,"commentCount":0,"publisher":{"@id":"https:\/\/www.webdo.tn\/fr\/#organization"},"image":{"@id":"https:\/\/www.webdo.tn\/fr\/actualite\/national\/15-nouveaux-corps-repeches-au-large-des-cotes-sfaxiennes\/204814\/#primaryimage"},"thumbnailUrl":"https:\/\/www.webdo.tn\/fr\/wp-content\/uploads\/2023\/04\/4c302daa25c976a012e0daf7c05929f7.jpg","keywords":["corps","migrants","naufrage","Sfax"],"articleSection":["National"],"inLanguage":"fr-FR"},{"@type":"WebPage","@id":"https:\/\/www.webdo.tn\/fr\/actualite\/national\/15-nouveaux-corps-repeches-au-large-des-cotes-sfaxiennes\/204814\/","url":"https:\/\/www.webdo.tn\/fr\/actualite\/national\/15-nouveaux-corps-repeches-au-large-des-cotes-sfaxiennes\/204814\/","name":"15 nouveaux corps rep\u00each\u00e9s au large des c\u00f4tes sfaxiennes","isPartOf":{"@id":"https:\/\/www.webdo.tn\/fr\/#website"},"primaryImageOfPage":{"@id":"https:\/\/www.webdo.tn\/fr\/actualite\/national\/15-nouveaux-corps-repeches-au-large-des-cotes-sfaxiennes\/204814\/#primaryimage"},"image":{"@id":"https:\/\/www.webdo.tn\/fr\/actualite\/national\/15-nouveaux-corps-repeches-au-large-des-cotes-sfaxiennes\/204814\/#primaryimage"},"thumbnailUrl":"https:\/\/www.webdo.tn\/fr\/wp-content\/uploads\/2023\/04\/4c302daa25c976a012e0daf7c05929f7.jpg","datePublished":"2023-04-13T11:40:00+00:00","dateModified":"2025-05-20T22:00:49+00:00","description":"Le bilan du naufrage d\u2019une embarcation, mardi 11 avril, au large des c\u00f4tes sfaxiennes, s\u2019est alourdi. Quinze nouveaux corps ont \u00e9t\u00e9 rep\u00each\u00e9s portant ce bilan \u00e0...","breadcrumb":{"@id":"https:\/\/www.webdo.tn\/fr\/actualite\/national\/15-nouveaux-corps-repeches-au-large-des-cotes-sfaxiennes\/204814\/#breadcrumb"},"inLanguage":"fr-FR","potentialAction":[{"@type":"ReadAction","target":["https:\/\/www.webdo.tn\/fr\/actualite\/national\/15-nouveaux-corps-repeches-au-large-des-cotes-sfaxiennes\/204814\/"]}]},{"@type":"ImageObject","inLanguage":"fr-FR","@id":"https:\/\/www.webdo.tn\/fr\/actualite\/national\/15-nouveaux-corps-repeches-au-large-des-cotes-sfaxiennes\/204814\/#primaryimage","url":"https:\/\/www.webdo.tn\/fr\/wp-content\/uploads\/2023\/04\/4c302daa25c976a012e0daf7c05929f7.jpg","contentUrl":"https:\/\/www.webdo.tn\/fr\/wp-content\/uploads\/2023\/04\/4c302daa25c976a012e0daf7c05929f7.jpg","width":575,"height":307,"caption":"15 nouveaux corps rep\u00each\u00e9s au large des c\u00f4tes sfaxiennes"},{"@type":"BreadcrumbList","@id":"https:\/\/www.webdo.tn\/fr\/actualite\/national\/15-nouveaux-corps-repeches-au-large-des-cotes-sfaxiennes\/204814\/#breadcrumb","itemListElement":[{"@type":"ListItem","position":1,"name":"Accueil","item":"https:\/\/www.webdo.tn\/fr\/"},{"@type":"ListItem","position":2,"name":"15 nouveaux corps rep\u00each\u00e9s au large des c\u00f4tes sfaxiennes"}]},{"@type":"WebSite","@id":"https:\/\/www.webdo.tn\/fr\/#website","url":"https:\/\/www.webdo.tn\/fr\/","name":"webdo","description":"Tunisie - News en Tunisie et \u00e0 l&#039;international sur Webdo.tn","publisher":{"@id":"https:\/\/www.webdo.tn\/fr\/#organization"},"potentialAction":[{"@type":"SearchAction","target":{"@type":"EntryPoint","urlTemplate":"https:\/\/www.webdo.tn\/fr\/?s={search_term_string}"},"query-input":{"@type":"PropertyValueSpecification","valueRequired":true,"valueName":"search_term_string"}}],"inLanguage":"fr-FR"},{"@type":"Organization","@id":"https:\/\/www.webdo.tn\/fr\/#organization","name":"Webdo","alternateName":"Webdo.tn","url":"https:\/\/www.webdo.tn\/fr\/","logo":{"@type":"ImageObject","inLanguage":"fr-FR","@id":"https:\/\/www.webdo.tn\/fr\/#\/schema\/logo\/image\/","url":"https:\/\/www.webdo.tn\/fr\/wp-content\/uploads\/2025\/06\/Webdo-Tunisie_168377.jpg","contentUrl":"https:\/\/www.webdo.tn\/fr\/wp-content\/uploads\/2025\/06\/Webdo-Tunisie_168377.jpg","width":301,"height":301,"caption":"Webdo"},"image":{"@id":"https:\/\/www.webdo.tn\/fr\/#\/schema\/logo\/image\/"},"sameAs":["https:\/\/www.facebook.com\/webdotn","https:\/\/x.com\/webdo_tn"],"description":"Webdo est un m\u00e9dia num\u00e9rique tunisien fond\u00e9 en 2010, sp\u00e9cialis\u00e9 dans l\u2019actualit\u00e9 nationale et internationale, l\u2019\u00e9conomie, la soci\u00e9t\u00e9 et les analyses politiques. Le site s\u2019adresse \u00e0 un large public francophone et couvre l\u2019information tunisienne en temps r\u00e9el.","email":"redac@webdo.tn","legalName":"YNJ SARL","foundingDate":"2010-09-06","numberOfEmployees":{"@type":"QuantitativeValue","minValue":"11","maxValue":"50"}},{"@type":"Person","@id":"https:\/\/www.webdo.tn\/fr\/#\/schema\/person\/2c4929cbf5a809e3bd38617c6ce150f6","name":"MC","image":{"@type":"ImageObject","inLanguage":"fr-FR","@id":"https:\/\/secure.gravatar.com\/avatar\/a545bbb6f84efdd5553dbbc2895e3ca8f1d12c5215e00a041c9670b54aa9b18a?s=96&d=mm&r=g","url":"https:\/\/secure.gravatar.com\/avatar\/a545bbb6f84efdd5553dbbc2895e3ca8f1d12c5215e00a041c9670b54aa9b18a?s=96&d=mm&r=g","contentUrl":"https:\/\/secure.gravatar.com\/avatar\/a545bbb6f84efdd5553dbbc2895e3ca8f1d12c5215e00a041c9670b54aa9b18a?s=96&d=mm&r=g","caption":"MC"},"url":"https:\/\/www.webdo.tn\/fr\/actualite\/author\/mc\/"}]}},"_links":{"self":[{"href":"https:\/\/www.webdo.tn\/fr\/wp-json\/wp\/v2\/posts\/204814","targetHints":{"allow":["GET"]}}],"collection":[{"href":"https:\/\/www.webdo.tn\/fr\/wp-json\/wp\/v2\/posts"}],"about":[{"href":"https:\/\/www.webdo.tn\/fr\/wp-json\/wp\/v2\/types\/post"}],"author":[{"embeddable":true,"href":"https:\/\/www.webdo.tn\/fr\/wp-json\/wp\/v2\/users\/3162"}],"replies":[{"embeddable":true,"href":"https:\/\/www.webdo.tn\/fr\/wp-json\/wp\/v2\/comments?post=204814"}],"version-history":[{"count":0,"href":"https:\/\/www.webdo.tn\/fr\/wp-json\/wp\/v2\/posts\/204814\/revisions"}],"wp:featuredmedia":[{"embeddable":true,"href":"https:\/\/www.webdo.tn\/fr\/wp-json\/wp\/v2\/media\/251443"}],"wp:attachment":[{"href":"https:\/\/www.webdo.tn\/fr\/wp-json\/wp\/v2\/media?parent=204814"}],"wp:term":[{"taxonomy":"category","embeddable":true,"href":"https:\/\/www.webdo.tn\/fr\/wp-json\/wp\/v2\/categories?post=204814"},{"taxonomy":"post_tag","embeddable":true,"href":"https:\/\/www.webdo.tn\/fr\/wp-json\/wp\/v2\/tags?post=204814"}],"curies":[{"name":"wp","href":"https:\/\/api.w.org\/{rel}","templated":true}]}}