{"id":204811,"date":"2023-04-13T10:46:00","date_gmt":"2023-04-13T10:46:00","guid":{"rendered":"https:\/\/www.webdo.tn\/fr\/blog\/la-berd-conditionne-la-poursuite-de-son-soutien-a-la-tunisie-a-un-accord-avec-le-fmi\/204811\/"},"modified":"2025-05-20T22:00:48","modified_gmt":"2025-05-20T22:00:48","slug":"la-berd-conditionne-la-poursuite-de-son-soutien-a-la-tunisie-a-un-accord-avec-le-fmi","status":"publish","type":"post","link":"https:\/\/www.webdo.tn\/fr\/actualite\/national\/la-berd-conditionne-la-poursuite-de-son-soutien-a-la-tunisie-a-un-accord-avec-le-fmi\/204811\/","title":{"rendered":"La BERD conditionne la poursuite de son soutien \u00e0 la Tunisie \u00e0 un accord avec le FMI"},"content":{"rendered":"<p>En marge de sa participation aux r\u00e9unions de printemps du FMI et de la BM, le ministre de l\u2019Economie et de la Planification, Samir Saied, s\u2019est r\u00e9uni hier, mercredi 12 avril, avec la pr\u00e9sidente de la Banque europ\u00e9enne de reconstruction et du d\u00e9veloppement (BERD), Odile Renaud Basso.<\/p>\n<p>\t\t\t\t\t\t\t\t\tLes r\u00e9unions tenues en marge de de celles du printemps du Fonds mon\u00e9taire international (FMI) et de la Banque mondiale (BM), qui se tiennent du 11 au 14 avril 2023 \u00e0 Washington, se poursuivent pour la d\u00e9l\u00e9gation tunisienne pr\u00e9sente \u00e0 cet \u00e9v\u00e8nement.<\/p>\n<p>Hier, le ministre de l\u2019Economie et de la Planification, Samir Saied s\u2019est entretenu avec la pr\u00e9sidente de la BERD, Odile Renaud Basso pour \u00e9voquer \u00ab\u00a0l\u2019\u00e9volution de la coop\u00e9ration financi\u00e8re et technique en cours, et les plans d\u2019action pour la p\u00e9riode \u00e0 venir\u00a0\u00bb.<\/p>\n<p>Une occasion pour le ministre de pr\u00e9senter les grands axes du programme national de r\u00e9formes\u00a0 du gouvernement et celles en rapport avec le climat des affaires et de l\u2019investissement.<\/p>\n<p>La pr\u00e9sidente de la BERD, de son c\u00f4t\u00e9, a soulign\u00e9 les dispositions de son institution \u00e0 appuyer la Tunisie en mati\u00e8re de mise en \u0153uvre de ses programmes de r\u00e9formes, s\u2019agissant notamment de la r\u00e9forme des entreprises publiques, outre le financement des projets prioritaires et la poursuite du soutien au secteur priv\u00e9.<\/p>\n<p>Odile Basso a toutefois soulign\u00e9 la n\u00e9cessit\u00e9 pour la Tunisie de conclure un accord avec le FMI, en vue de la poursuite du soutien des partenaires, dont notamment la BERD.<\/p>\n","protected":false},"excerpt":{"rendered":"<p>En marge de sa participation aux r\u00e9unions de printemps du FMI et de la BM, le ministre de l\u2019Economie et de la Planification, Samir Saied, s\u2019est r\u00e9uni hier, merc&#8230;<\/p>\n","protected":false},"author":3162,"featured_media":251441,"comment_status":"open","ping_status":"closed","sticky":false,"template":"","format":"standard","meta":{"footnotes":""},"categories":[44],"tags":[3856,4233,2608],"class_list":["post-204811","post","type-post","status-publish","format-standard","has-post-thumbnail","hentry","category-national","tag-berd","tag-fmi","tag-tunisie"],"yoast_head":"<!-- This site is optimized with the Yoast SEO Premium plugin v27.4 (Yoast SEO v27.5) - https:\/\/yoast.com\/product\/yoast-seo-premium-wordpress\/ -->\n<title>La BERD conditionne la poursuite de son soutien \u00e0 la Tunisie \u00e0 un accord avec le FMI<\/title>\n<meta name=\"description\" content=\"En marge de sa participation aux r\u00e9unions de printemps du FMI et de la BM, le ministre de l\u2019Economie et de la Planification, Samir Saied, s\u2019est r\u00e9uni hier, merc...\" \/>\n<link rel=\"canonical\" href=\"https:\/\/www.webdo.tn\/fr\/actualite\/national\/la-berd-conditionne-la-poursuite-de-son-soutien-a-la-tunisie-a-un-accord-avec-le-fmi\/204811\/\" \/>\n<meta property=\"og:locale\" content=\"fr_FR\" \/>\n<meta property=\"og:type\" content=\"article\" \/>\n<meta property=\"og:title\" content=\"La BERD conditionne la poursuite de son soutien \u00e0 la Tunisie \u00e0 un accord avec le FMI\" \/>\n<meta property=\"og:description\" content=\"En marge de sa participation aux r\u00e9unions de printemps du FMI et de la BM, le ministre de l\u2019Economie et de la Planification, Samir Saied, s\u2019est r\u00e9uni hier, merc...\" \/>\n<meta property=\"og:url\" content=\"https:\/\/www.webdo.tn\/fr\/actualite\/national\/la-berd-conditionne-la-poursuite-de-son-soutien-a-la-tunisie-a-un-accord-avec-le-fmi\/204811\/\" \/>\n<meta property=\"og:site_name\" content=\"webdo\" \/>\n<meta property=\"article:publisher\" content=\"https:\/\/www.facebook.com\/webdotn\" \/>\n<meta property=\"article:published_time\" content=\"2023-04-13T10:46:00+00:00\" \/>\n<meta property=\"article:modified_time\" content=\"2025-05-20T22:00:48+00:00\" \/>\n<meta property=\"og:image\" content=\"https:\/\/www.webdo.tn\/fr\/wp-content\/uploads\/2023\/04\/0e089eba4f048098412f78f2d523f21c.jpg\" \/>\n\t<meta property=\"og:image:width\" content=\"750\" \/>\n\t<meta property=\"og:image:height\" content=\"400\" \/>\n\t<meta property=\"og:image:type\" content=\"image\/jpeg\" \/>\n<meta name=\"author\" content=\"MC\" \/>\n<meta name=\"twitter:card\" content=\"summary_large_image\" \/>\n<meta name=\"twitter:creator\" content=\"@webdo_tn\" \/>\n<meta name=\"twitter:site\" content=\"@webdo_tn\" \/>\n<meta name=\"twitter:label1\" content=\"\u00c9crit par\" \/>\n\t<meta name=\"twitter:data1\" content=\"MC\" \/>\n\t<meta name=\"twitter:label2\" content=\"Dur\u00e9e de lecture estim\u00e9e\" \/>\n\t<meta name=\"twitter:data2\" content=\"1 minute\" \/>\n<script type=\"application\/ld+json\" class=\"yoast-schema-graph\">{\"@context\":\"https:\\\/\\\/schema.org\",\"@graph\":[{\"@type\":\"NewsArticle\",\"@id\":\"https:\\\/\\\/www.webdo.tn\\\/fr\\\/actualite\\\/national\\\/la-berd-conditionne-la-poursuite-de-son-soutien-a-la-tunisie-a-un-accord-avec-le-fmi\\\/204811\\\/#article\",\"isPartOf\":{\"@id\":\"https:\\\/\\\/www.webdo.tn\\\/fr\\\/actualite\\\/national\\\/la-berd-conditionne-la-poursuite-de-son-soutien-a-la-tunisie-a-un-accord-avec-le-fmi\\\/204811\\\/\"},\"author\":{\"name\":\"MC\",\"@id\":\"https:\\\/\\\/www.webdo.tn\\\/fr\\\/#\\\/schema\\\/person\\\/2c4929cbf5a809e3bd38617c6ce150f6\"},\"headline\":\"La BERD conditionne la poursuite de son soutien \u00e0 la Tunisie \u00e0 un accord avec le FMI\",\"datePublished\":\"2023-04-13T10:46:00+00:00\",\"dateModified\":\"2025-05-20T22:00:48+00:00\",\"mainEntityOfPage\":{\"@id\":\"https:\\\/\\\/www.webdo.tn\\\/fr\\\/actualite\\\/national\\\/la-berd-conditionne-la-poursuite-de-son-soutien-a-la-tunisie-a-un-accord-avec-le-fmi\\\/204811\\\/\"},\"wordCount\":280,\"commentCount\":0,\"publisher\":{\"@id\":\"https:\\\/\\\/www.webdo.tn\\\/fr\\\/#organization\"},\"image\":{\"@id\":\"https:\\\/\\\/www.webdo.tn\\\/fr\\\/actualite\\\/national\\\/la-berd-conditionne-la-poursuite-de-son-soutien-a-la-tunisie-a-un-accord-avec-le-fmi\\\/204811\\\/#primaryimage\"},\"thumbnailUrl\":\"https:\\\/\\\/www.webdo.tn\\\/fr\\\/wp-content\\\/uploads\\\/2023\\\/04\\\/0e089eba4f048098412f78f2d523f21c.jpg\",\"keywords\":[\"BERD\",\"FMI\",\"Tunisie\"],\"articleSection\":[\"National\"],\"inLanguage\":\"fr-FR\"},{\"@type\":\"WebPage\",\"@id\":\"https:\\\/\\\/www.webdo.tn\\\/fr\\\/actualite\\\/national\\\/la-berd-conditionne-la-poursuite-de-son-soutien-a-la-tunisie-a-un-accord-avec-le-fmi\\\/204811\\\/\",\"url\":\"https:\\\/\\\/www.webdo.tn\\\/fr\\\/actualite\\\/national\\\/la-berd-conditionne-la-poursuite-de-son-soutien-a-la-tunisie-a-un-accord-avec-le-fmi\\\/204811\\\/\",\"name\":\"La BERD conditionne la poursuite de son soutien \u00e0 la Tunisie \u00e0 un accord avec le FMI\",\"isPartOf\":{\"@id\":\"https:\\\/\\\/www.webdo.tn\\\/fr\\\/#website\"},\"primaryImageOfPage\":{\"@id\":\"https:\\\/\\\/www.webdo.tn\\\/fr\\\/actualite\\\/national\\\/la-berd-conditionne-la-poursuite-de-son-soutien-a-la-tunisie-a-un-accord-avec-le-fmi\\\/204811\\\/#primaryimage\"},\"image\":{\"@id\":\"https:\\\/\\\/www.webdo.tn\\\/fr\\\/actualite\\\/national\\\/la-berd-conditionne-la-poursuite-de-son-soutien-a-la-tunisie-a-un-accord-avec-le-fmi\\\/204811\\\/#primaryimage\"},\"thumbnailUrl\":\"https:\\\/\\\/www.webdo.tn\\\/fr\\\/wp-content\\\/uploads\\\/2023\\\/04\\\/0e089eba4f048098412f78f2d523f21c.jpg\",\"datePublished\":\"2023-04-13T10:46:00+00:00\",\"dateModified\":\"2025-05-20T22:00:48+00:00\",\"description\":\"En marge de sa participation aux r\u00e9unions de printemps du FMI et de la BM, le ministre de l\u2019Economie et de la Planification, Samir Saied, s\u2019est r\u00e9uni hier, merc...\",\"breadcrumb\":{\"@id\":\"https:\\\/\\\/www.webdo.tn\\\/fr\\\/actualite\\\/national\\\/la-berd-conditionne-la-poursuite-de-son-soutien-a-la-tunisie-a-un-accord-avec-le-fmi\\\/204811\\\/#breadcrumb\"},\"inLanguage\":\"fr-FR\",\"potentialAction\":[{\"@type\":\"ReadAction\",\"target\":[\"https:\\\/\\\/www.webdo.tn\\\/fr\\\/actualite\\\/national\\\/la-berd-conditionne-la-poursuite-de-son-soutien-a-la-tunisie-a-un-accord-avec-le-fmi\\\/204811\\\/\"]}]},{\"@type\":\"ImageObject\",\"inLanguage\":\"fr-FR\",\"@id\":\"https:\\\/\\\/www.webdo.tn\\\/fr\\\/actualite\\\/national\\\/la-berd-conditionne-la-poursuite-de-son-soutien-a-la-tunisie-a-un-accord-avec-le-fmi\\\/204811\\\/#primaryimage\",\"url\":\"https:\\\/\\\/www.webdo.tn\\\/fr\\\/wp-content\\\/uploads\\\/2023\\\/04\\\/0e089eba4f048098412f78f2d523f21c.jpg\",\"contentUrl\":\"https:\\\/\\\/www.webdo.tn\\\/fr\\\/wp-content\\\/uploads\\\/2023\\\/04\\\/0e089eba4f048098412f78f2d523f21c.jpg\",\"width\":750,\"height\":400,\"caption\":\"La BERD conditionne la poursuite de son soutien \u00e0 la Tunisie \u00e0 un accord avec le FMI\"},{\"@type\":\"BreadcrumbList\",\"@id\":\"https:\\\/\\\/www.webdo.tn\\\/fr\\\/actualite\\\/national\\\/la-berd-conditionne-la-poursuite-de-son-soutien-a-la-tunisie-a-un-accord-avec-le-fmi\\\/204811\\\/#breadcrumb\",\"itemListElement\":[{\"@type\":\"ListItem\",\"position\":1,\"name\":\"Accueil\",\"item\":\"https:\\\/\\\/www.webdo.tn\\\/fr\\\/\"},{\"@type\":\"ListItem\",\"position\":2,\"name\":\"La BERD conditionne la poursuite de son soutien \u00e0 la Tunisie \u00e0 un accord avec le FMI\"}]},{\"@type\":\"WebSite\",\"@id\":\"https:\\\/\\\/www.webdo.tn\\\/fr\\\/#website\",\"url\":\"https:\\\/\\\/www.webdo.tn\\\/fr\\\/\",\"name\":\"webdo\",\"description\":\"Tunisie - News en Tunisie et \u00e0 l&#039;international sur Webdo.tn\",\"publisher\":{\"@id\":\"https:\\\/\\\/www.webdo.tn\\\/fr\\\/#organization\"},\"potentialAction\":[{\"@type\":\"SearchAction\",\"target\":{\"@type\":\"EntryPoint\",\"urlTemplate\":\"https:\\\/\\\/www.webdo.tn\\\/fr\\\/?s={search_term_string}\"},\"query-input\":{\"@type\":\"PropertyValueSpecification\",\"valueRequired\":true,\"valueName\":\"search_term_string\"}}],\"inLanguage\":\"fr-FR\"},{\"@type\":\"Organization\",\"@id\":\"https:\\\/\\\/www.webdo.tn\\\/fr\\\/#organization\",\"name\":\"Webdo\",\"alternateName\":\"Webdo.tn\",\"url\":\"https:\\\/\\\/www.webdo.tn\\\/fr\\\/\",\"logo\":{\"@type\":\"ImageObject\",\"inLanguage\":\"fr-FR\",\"@id\":\"https:\\\/\\\/www.webdo.tn\\\/fr\\\/#\\\/schema\\\/logo\\\/image\\\/\",\"url\":\"https:\\\/\\\/www.webdo.tn\\\/fr\\\/wp-content\\\/uploads\\\/2025\\\/06\\\/Webdo-Tunisie_168377.jpg\",\"contentUrl\":\"https:\\\/\\\/www.webdo.tn\\\/fr\\\/wp-content\\\/uploads\\\/2025\\\/06\\\/Webdo-Tunisie_168377.jpg\",\"width\":301,\"height\":301,\"caption\":\"Webdo\"},\"image\":{\"@id\":\"https:\\\/\\\/www.webdo.tn\\\/fr\\\/#\\\/schema\\\/logo\\\/image\\\/\"},\"sameAs\":[\"https:\\\/\\\/www.facebook.com\\\/webdotn\",\"https:\\\/\\\/x.com\\\/webdo_tn\"],\"description\":\"Webdo est un m\u00e9dia num\u00e9rique tunisien fond\u00e9 en 2010, sp\u00e9cialis\u00e9 dans l\u2019actualit\u00e9 nationale et internationale, l\u2019\u00e9conomie, la soci\u00e9t\u00e9 et les analyses politiques. Le site s\u2019adresse \u00e0 un large public francophone et couvre l\u2019information tunisienne en temps r\u00e9el.\",\"email\":\"redac@webdo.tn\",\"legalName\":\"YNJ SARL\",\"foundingDate\":\"2010-09-06\",\"numberOfEmployees\":{\"@type\":\"QuantitativeValue\",\"minValue\":\"11\",\"maxValue\":\"50\"}},{\"@type\":\"Person\",\"@id\":\"https:\\\/\\\/www.webdo.tn\\\/fr\\\/#\\\/schema\\\/person\\\/2c4929cbf5a809e3bd38617c6ce150f6\",\"name\":\"MC\",\"image\":{\"@type\":\"ImageObject\",\"inLanguage\":\"fr-FR\",\"@id\":\"https:\\\/\\\/secure.gravatar.com\\\/avatar\\\/a545bbb6f84efdd5553dbbc2895e3ca8f1d12c5215e00a041c9670b54aa9b18a?s=96&d=mm&r=g\",\"url\":\"https:\\\/\\\/secure.gravatar.com\\\/avatar\\\/a545bbb6f84efdd5553dbbc2895e3ca8f1d12c5215e00a041c9670b54aa9b18a?s=96&d=mm&r=g\",\"contentUrl\":\"https:\\\/\\\/secure.gravatar.com\\\/avatar\\\/a545bbb6f84efdd5553dbbc2895e3ca8f1d12c5215e00a041c9670b54aa9b18a?s=96&d=mm&r=g\",\"caption\":\"MC\"},\"url\":\"https:\\\/\\\/www.webdo.tn\\\/fr\\\/actualite\\\/author\\\/mc\\\/\"}]}<\/script>\n<!-- \/ Yoast SEO Premium plugin. -->","yoast_head_json":{"title":"La BERD conditionne la poursuite de son soutien \u00e0 la Tunisie \u00e0 un accord avec le FMI","description":"En marge de sa participation aux r\u00e9unions de printemps du FMI et de la BM, le ministre de l\u2019Economie et de la Planification, Samir Saied, s\u2019est r\u00e9uni hier, merc...","canonical":"https:\/\/www.webdo.tn\/fr\/actualite\/national\/la-berd-conditionne-la-poursuite-de-son-soutien-a-la-tunisie-a-un-accord-avec-le-fmi\/204811\/","og_locale":"fr_FR","og_type":"article","og_title":"La BERD conditionne la poursuite de son soutien \u00e0 la Tunisie \u00e0 un accord avec le FMI","og_description":"En marge de sa participation aux r\u00e9unions de printemps du FMI et de la BM, le ministre de l\u2019Economie et de la Planification, Samir Saied, s\u2019est r\u00e9uni hier, merc...","og_url":"https:\/\/www.webdo.tn\/fr\/actualite\/national\/la-berd-conditionne-la-poursuite-de-son-soutien-a-la-tunisie-a-un-accord-avec-le-fmi\/204811\/","og_site_name":"webdo","article_publisher":"https:\/\/www.facebook.com\/webdotn","article_published_time":"2023-04-13T10:46:00+00:00","article_modified_time":"2025-05-20T22:00:48+00:00","og_image":[{"width":750,"height":400,"url":"https:\/\/www.webdo.tn\/fr\/wp-content\/uploads\/2023\/04\/0e089eba4f048098412f78f2d523f21c.jpg","type":"image\/jpeg"}],"author":"MC","twitter_card":"summary_large_image","twitter_creator":"@webdo_tn","twitter_site":"@webdo_tn","twitter_misc":{"\u00c9crit par":"MC","Dur\u00e9e de lecture estim\u00e9e":"1 minute"},"schema":{"@context":"https:\/\/schema.org","@graph":[{"@type":"NewsArticle","@id":"https:\/\/www.webdo.tn\/fr\/actualite\/national\/la-berd-conditionne-la-poursuite-de-son-soutien-a-la-tunisie-a-un-accord-avec-le-fmi\/204811\/#article","isPartOf":{"@id":"https:\/\/www.webdo.tn\/fr\/actualite\/national\/la-berd-conditionne-la-poursuite-de-son-soutien-a-la-tunisie-a-un-accord-avec-le-fmi\/204811\/"},"author":{"name":"MC","@id":"https:\/\/www.webdo.tn\/fr\/#\/schema\/person\/2c4929cbf5a809e3bd38617c6ce150f6"},"headline":"La BERD conditionne la poursuite de son soutien \u00e0 la Tunisie \u00e0 un accord avec le FMI","datePublished":"2023-04-13T10:46:00+00:00","dateModified":"2025-05-20T22:00:48+00:00","mainEntityOfPage":{"@id":"https:\/\/www.webdo.tn\/fr\/actualite\/national\/la-berd-conditionne-la-poursuite-de-son-soutien-a-la-tunisie-a-un-accord-avec-le-fmi\/204811\/"},"wordCount":280,"commentCount":0,"publisher":{"@id":"https:\/\/www.webdo.tn\/fr\/#organization"},"image":{"@id":"https:\/\/www.webdo.tn\/fr\/actualite\/national\/la-berd-conditionne-la-poursuite-de-son-soutien-a-la-tunisie-a-un-accord-avec-le-fmi\/204811\/#primaryimage"},"thumbnailUrl":"https:\/\/www.webdo.tn\/fr\/wp-content\/uploads\/2023\/04\/0e089eba4f048098412f78f2d523f21c.jpg","keywords":["BERD","FMI","Tunisie"],"articleSection":["National"],"inLanguage":"fr-FR"},{"@type":"WebPage","@id":"https:\/\/www.webdo.tn\/fr\/actualite\/national\/la-berd-conditionne-la-poursuite-de-son-soutien-a-la-tunisie-a-un-accord-avec-le-fmi\/204811\/","url":"https:\/\/www.webdo.tn\/fr\/actualite\/national\/la-berd-conditionne-la-poursuite-de-son-soutien-a-la-tunisie-a-un-accord-avec-le-fmi\/204811\/","name":"La BERD conditionne la poursuite de son soutien \u00e0 la Tunisie \u00e0 un accord avec le FMI","isPartOf":{"@id":"https:\/\/www.webdo.tn\/fr\/#website"},"primaryImageOfPage":{"@id":"https:\/\/www.webdo.tn\/fr\/actualite\/national\/la-berd-conditionne-la-poursuite-de-son-soutien-a-la-tunisie-a-un-accord-avec-le-fmi\/204811\/#primaryimage"},"image":{"@id":"https:\/\/www.webdo.tn\/fr\/actualite\/national\/la-berd-conditionne-la-poursuite-de-son-soutien-a-la-tunisie-a-un-accord-avec-le-fmi\/204811\/#primaryimage"},"thumbnailUrl":"https:\/\/www.webdo.tn\/fr\/wp-content\/uploads\/2023\/04\/0e089eba4f048098412f78f2d523f21c.jpg","datePublished":"2023-04-13T10:46:00+00:00","dateModified":"2025-05-20T22:00:48+00:00","description":"En marge de sa participation aux r\u00e9unions de printemps du FMI et de la BM, le ministre de l\u2019Economie et de la Planification, Samir Saied, s\u2019est r\u00e9uni hier, merc...","breadcrumb":{"@id":"https:\/\/www.webdo.tn\/fr\/actualite\/national\/la-berd-conditionne-la-poursuite-de-son-soutien-a-la-tunisie-a-un-accord-avec-le-fmi\/204811\/#breadcrumb"},"inLanguage":"fr-FR","potentialAction":[{"@type":"ReadAction","target":["https:\/\/www.webdo.tn\/fr\/actualite\/national\/la-berd-conditionne-la-poursuite-de-son-soutien-a-la-tunisie-a-un-accord-avec-le-fmi\/204811\/"]}]},{"@type":"ImageObject","inLanguage":"fr-FR","@id":"https:\/\/www.webdo.tn\/fr\/actualite\/national\/la-berd-conditionne-la-poursuite-de-son-soutien-a-la-tunisie-a-un-accord-avec-le-fmi\/204811\/#primaryimage","url":"https:\/\/www.webdo.tn\/fr\/wp-content\/uploads\/2023\/04\/0e089eba4f048098412f78f2d523f21c.jpg","contentUrl":"https:\/\/www.webdo.tn\/fr\/wp-content\/uploads\/2023\/04\/0e089eba4f048098412f78f2d523f21c.jpg","width":750,"height":400,"caption":"La BERD conditionne la poursuite de son soutien \u00e0 la Tunisie \u00e0 un accord avec le FMI"},{"@type":"BreadcrumbList","@id":"https:\/\/www.webdo.tn\/fr\/actualite\/national\/la-berd-conditionne-la-poursuite-de-son-soutien-a-la-tunisie-a-un-accord-avec-le-fmi\/204811\/#breadcrumb","itemListElement":[{"@type":"ListItem","position":1,"name":"Accueil","item":"https:\/\/www.webdo.tn\/fr\/"},{"@type":"ListItem","position":2,"name":"La BERD conditionne la poursuite de son soutien \u00e0 la Tunisie \u00e0 un accord avec le FMI"}]},{"@type":"WebSite","@id":"https:\/\/www.webdo.tn\/fr\/#website","url":"https:\/\/www.webdo.tn\/fr\/","name":"webdo","description":"Tunisie - News en Tunisie et \u00e0 l&#039;international sur Webdo.tn","publisher":{"@id":"https:\/\/www.webdo.tn\/fr\/#organization"},"potentialAction":[{"@type":"SearchAction","target":{"@type":"EntryPoint","urlTemplate":"https:\/\/www.webdo.tn\/fr\/?s={search_term_string}"},"query-input":{"@type":"PropertyValueSpecification","valueRequired":true,"valueName":"search_term_string"}}],"inLanguage":"fr-FR"},{"@type":"Organization","@id":"https:\/\/www.webdo.tn\/fr\/#organization","name":"Webdo","alternateName":"Webdo.tn","url":"https:\/\/www.webdo.tn\/fr\/","logo":{"@type":"ImageObject","inLanguage":"fr-FR","@id":"https:\/\/www.webdo.tn\/fr\/#\/schema\/logo\/image\/","url":"https:\/\/www.webdo.tn\/fr\/wp-content\/uploads\/2025\/06\/Webdo-Tunisie_168377.jpg","contentUrl":"https:\/\/www.webdo.tn\/fr\/wp-content\/uploads\/2025\/06\/Webdo-Tunisie_168377.jpg","width":301,"height":301,"caption":"Webdo"},"image":{"@id":"https:\/\/www.webdo.tn\/fr\/#\/schema\/logo\/image\/"},"sameAs":["https:\/\/www.facebook.com\/webdotn","https:\/\/x.com\/webdo_tn"],"description":"Webdo est un m\u00e9dia num\u00e9rique tunisien fond\u00e9 en 2010, sp\u00e9cialis\u00e9 dans l\u2019actualit\u00e9 nationale et internationale, l\u2019\u00e9conomie, la soci\u00e9t\u00e9 et les analyses politiques. Le site s\u2019adresse \u00e0 un large public francophone et couvre l\u2019information tunisienne en temps r\u00e9el.","email":"redac@webdo.tn","legalName":"YNJ SARL","foundingDate":"2010-09-06","numberOfEmployees":{"@type":"QuantitativeValue","minValue":"11","maxValue":"50"}},{"@type":"Person","@id":"https:\/\/www.webdo.tn\/fr\/#\/schema\/person\/2c4929cbf5a809e3bd38617c6ce150f6","name":"MC","image":{"@type":"ImageObject","inLanguage":"fr-FR","@id":"https:\/\/secure.gravatar.com\/avatar\/a545bbb6f84efdd5553dbbc2895e3ca8f1d12c5215e00a041c9670b54aa9b18a?s=96&d=mm&r=g","url":"https:\/\/secure.gravatar.com\/avatar\/a545bbb6f84efdd5553dbbc2895e3ca8f1d12c5215e00a041c9670b54aa9b18a?s=96&d=mm&r=g","contentUrl":"https:\/\/secure.gravatar.com\/avatar\/a545bbb6f84efdd5553dbbc2895e3ca8f1d12c5215e00a041c9670b54aa9b18a?s=96&d=mm&r=g","caption":"MC"},"url":"https:\/\/www.webdo.tn\/fr\/actualite\/author\/mc\/"}]}},"_links":{"self":[{"href":"https:\/\/www.webdo.tn\/fr\/wp-json\/wp\/v2\/posts\/204811","targetHints":{"allow":["GET"]}}],"collection":[{"href":"https:\/\/www.webdo.tn\/fr\/wp-json\/wp\/v2\/posts"}],"about":[{"href":"https:\/\/www.webdo.tn\/fr\/wp-json\/wp\/v2\/types\/post"}],"author":[{"embeddable":true,"href":"https:\/\/www.webdo.tn\/fr\/wp-json\/wp\/v2\/users\/3162"}],"replies":[{"embeddable":true,"href":"https:\/\/www.webdo.tn\/fr\/wp-json\/wp\/v2\/comments?post=204811"}],"version-history":[{"count":0,"href":"https:\/\/www.webdo.tn\/fr\/wp-json\/wp\/v2\/posts\/204811\/revisions"}],"wp:featuredmedia":[{"embeddable":true,"href":"https:\/\/www.webdo.tn\/fr\/wp-json\/wp\/v2\/media\/251441"}],"wp:attachment":[{"href":"https:\/\/www.webdo.tn\/fr\/wp-json\/wp\/v2\/media?parent=204811"}],"wp:term":[{"taxonomy":"category","embeddable":true,"href":"https:\/\/www.webdo.tn\/fr\/wp-json\/wp\/v2\/categories?post=204811"},{"taxonomy":"post_tag","embeddable":true,"href":"https:\/\/www.webdo.tn\/fr\/wp-json\/wp\/v2\/tags?post=204811"}],"curies":[{"name":"wp","href":"https:\/\/api.w.org\/{rel}","templated":true}]}}