{"id":204807,"date":"2023-04-13T09:42:00","date_gmt":"2023-04-13T09:42:00","guid":{"rendered":"https:\/\/www.webdo.tn\/fr\/blog\/quand-ennahdha-se-desolidarise-de-rafik-abdessalem\/204807\/"},"modified":"2025-05-20T22:08:29","modified_gmt":"2025-05-20T22:08:29","slug":"quand-ennahdha-se-desolidarise-de-rafik-abdessalem","status":"publish","type":"post","link":"https:\/\/www.webdo.tn\/fr\/actualite\/national\/quand-ennahdha-se-desolidarise-de-rafik-abdessalem\/204807\/","title":{"rendered":"Quand Ennahdha se d\u00e9solidarise de Rafik Abdessalem !"},"content":{"rendered":"<p>Quelle mouche a piqu\u00e9 le gendre de Rached Ghannouchi, Rafik Abdessalem pour porter de telles accusations au point que sa \u00ab\u00a0grande famille\u00a0\u00bb se d\u00e9solidarise de lui !<\/p>\n<p>\t\t\t\t\t\t\t\t\tLe dirigeant d\u2019Ennahdha et ancien ministre des Affaires \u00e9trang\u00e8res a publi\u00e9, mardi 11 avril 2023, un post sur son compte Facebook dans lequel il \u00e9voque le r\u00f4le de l\u2019Arm\u00e9e nationale et sa neutralit\u00e9, estimant qu\u2019il s\u2019agit d\u2019un \u00ab\u00a0gros mensonge\u00a0\u00bb et que \u00ab\u00a0Kais Sa\u00efed n\u2019aurait jamais resserr\u00e9 son emprise sur le pouvoir sans le soutien des g\u00e9n\u00e9raux\u00a0\u00bb.<\/p>\n<p>Ce message serait quasiment pass\u00e9 inaper\u00e7u si le mouvement Ennadha n\u2019avait pas r\u00e9agi dans la soir\u00e9e de mercredi 12 avril en se d\u00e9sengageant des propos de son prot\u00e9g\u00e9.<\/p>\n<p>Le mouvement Ennahdha apporte des pr\u00e9cisions selon lesquelles \u00ab\u00a0le message publi\u00e9 par l\u2019un de ses dirigeants\u00a0\u00bb en r\u00e9f\u00e9rrence \u00e0 Rafik Abdessalem sur l\u2019institution militaire n\u2019engage pas le parti.<\/p>\n<p>\u00ab\u00a0Ennahdha rappelle qu\u2019il respecte l\u2019institution militaire et salue le r\u00f4le positif qu\u2019elle a jou\u00e9 pour prot\u00e9ger la r\u00e9volution et le processus \u00e9lectoral et dans la guerre contre le terrorisme\u00a0\u00bb, lit-on dans le communiqu\u00e9.<\/p>\n<p>Le parti a, \u00e9galement, appel\u00e9 toutes les forces nationales, les symboles de l\u2019Etat et ses institutions \u00e0 garder l\u2019institution militaire hors des tiraillements politiques et \u00e0 pr\u00e9server sa neutralit\u00e9.<\/p>\n","protected":false},"excerpt":{"rendered":"<p>Quelle mouche a piqu\u00e9 le gendre de Rached Ghannouchi, Rafik Abdessalem pour porter de telles accusations au point que sa  grande famille  se d\u00e9solidarise de lui&#8230;<\/p>\n","protected":false},"author":3162,"featured_media":278060,"comment_status":"open","ping_status":"closed","sticky":false,"template":"","format":"standard","meta":{"footnotes":""},"categories":[44],"tags":[4479,3057,5646],"class_list":["post-204807","post","type-post","status-publish","format-standard","has-post-thumbnail","hentry","category-national","tag-armee","tag-ennahdha","tag-rafik-abdessalem"],"yoast_head":"<!-- This site is optimized with the Yoast SEO Premium plugin v27.5 (Yoast SEO v27.5) - https:\/\/yoast.com\/product\/yoast-seo-premium-wordpress\/ -->\n<title>Quand Ennahdha se d\u00e9solidarise de Rafik Abdessalem !<\/title>\n<meta name=\"description\" content=\"Quelle mouche a piqu\u00e9 le gendre de Rached Ghannouchi, Rafik Abdessalem pour porter de telles accusations au point que sa grande famille se d\u00e9solidarise de lui...\" \/>\n<link rel=\"canonical\" href=\"https:\/\/www.webdo.tn\/fr\/actualite\/national\/quand-ennahdha-se-desolidarise-de-rafik-abdessalem\/204807\/\" \/>\n<meta property=\"og:locale\" content=\"fr_FR\" \/>\n<meta property=\"og:type\" content=\"article\" \/>\n<meta property=\"og:title\" content=\"Quand Ennahdha se d\u00e9solidarise de Rafik Abdessalem !\" \/>\n<meta property=\"og:description\" content=\"Quelle mouche a piqu\u00e9 le gendre de Rached Ghannouchi, Rafik Abdessalem pour porter de telles accusations au point que sa grande famille se d\u00e9solidarise de lui...\" \/>\n<meta property=\"og:url\" content=\"https:\/\/www.webdo.tn\/fr\/actualite\/national\/quand-ennahdha-se-desolidarise-de-rafik-abdessalem\/204807\/\" \/>\n<meta property=\"og:site_name\" content=\"webdo\" \/>\n<meta property=\"article:publisher\" content=\"https:\/\/www.facebook.com\/webdotn\" \/>\n<meta property=\"article:published_time\" content=\"2023-04-13T09:42:00+00:00\" \/>\n<meta property=\"article:modified_time\" content=\"2025-05-20T22:08:29+00:00\" \/>\n<meta property=\"og:image\" content=\"https:\/\/www.webdo.tn\/fr\/wp-content\/uploads\/2023\/04\/b5666c13cd93d7514af125d046aec2fb.jpg\" \/>\n\t<meta property=\"og:image:width\" content=\"750\" \/>\n\t<meta property=\"og:image:height\" content=\"400\" \/>\n\t<meta property=\"og:image:type\" content=\"image\/jpeg\" \/>\n<meta name=\"author\" content=\"MC\" \/>\n<meta name=\"twitter:card\" content=\"summary_large_image\" \/>\n<meta name=\"twitter:creator\" content=\"@webdo_tn\" \/>\n<meta name=\"twitter:site\" content=\"@webdo_tn\" \/>\n<meta name=\"twitter:label1\" content=\"\u00c9crit par\" \/>\n\t<meta name=\"twitter:data1\" content=\"MC\" \/>\n\t<meta name=\"twitter:label2\" content=\"Dur\u00e9e de lecture estim\u00e9e\" \/>\n\t<meta name=\"twitter:data2\" content=\"1 minute\" \/>\n<script type=\"application\/ld+json\" class=\"yoast-schema-graph\">{\"@context\":\"https:\\\/\\\/schema.org\",\"@graph\":[{\"@type\":\"NewsArticle\",\"@id\":\"https:\\\/\\\/www.webdo.tn\\\/fr\\\/actualite\\\/national\\\/quand-ennahdha-se-desolidarise-de-rafik-abdessalem\\\/204807\\\/#article\",\"isPartOf\":{\"@id\":\"https:\\\/\\\/www.webdo.tn\\\/fr\\\/actualite\\\/national\\\/quand-ennahdha-se-desolidarise-de-rafik-abdessalem\\\/204807\\\/\"},\"author\":{\"name\":\"MC\",\"@id\":\"https:\\\/\\\/www.webdo.tn\\\/fr\\\/#\\\/schema\\\/person\\\/2c4929cbf5a809e3bd38617c6ce150f6\"},\"headline\":\"Quand Ennahdha se d\u00e9solidarise de Rafik Abdessalem !\",\"datePublished\":\"2023-04-13T09:42:00+00:00\",\"dateModified\":\"2025-05-20T22:08:29+00:00\",\"mainEntityOfPage\":{\"@id\":\"https:\\\/\\\/www.webdo.tn\\\/fr\\\/actualite\\\/national\\\/quand-ennahdha-se-desolidarise-de-rafik-abdessalem\\\/204807\\\/\"},\"wordCount\":236,\"commentCount\":0,\"publisher\":{\"@id\":\"https:\\\/\\\/www.webdo.tn\\\/fr\\\/#organization\"},\"image\":{\"@id\":\"https:\\\/\\\/www.webdo.tn\\\/fr\\\/actualite\\\/national\\\/quand-ennahdha-se-desolidarise-de-rafik-abdessalem\\\/204807\\\/#primaryimage\"},\"thumbnailUrl\":\"https:\\\/\\\/www.webdo.tn\\\/fr\\\/wp-content\\\/uploads\\\/2023\\\/04\\\/b5666c13cd93d7514af125d046aec2fb.jpg\",\"keywords\":[\"arm\u00e9e\",\"Ennahdha\",\"Rafik Abdessalem\"],\"articleSection\":[\"National\"],\"inLanguage\":\"fr-FR\"},{\"@type\":\"WebPage\",\"@id\":\"https:\\\/\\\/www.webdo.tn\\\/fr\\\/actualite\\\/national\\\/quand-ennahdha-se-desolidarise-de-rafik-abdessalem\\\/204807\\\/\",\"url\":\"https:\\\/\\\/www.webdo.tn\\\/fr\\\/actualite\\\/national\\\/quand-ennahdha-se-desolidarise-de-rafik-abdessalem\\\/204807\\\/\",\"name\":\"Quand Ennahdha se d\u00e9solidarise de Rafik Abdessalem !\",\"isPartOf\":{\"@id\":\"https:\\\/\\\/www.webdo.tn\\\/fr\\\/#website\"},\"primaryImageOfPage\":{\"@id\":\"https:\\\/\\\/www.webdo.tn\\\/fr\\\/actualite\\\/national\\\/quand-ennahdha-se-desolidarise-de-rafik-abdessalem\\\/204807\\\/#primaryimage\"},\"image\":{\"@id\":\"https:\\\/\\\/www.webdo.tn\\\/fr\\\/actualite\\\/national\\\/quand-ennahdha-se-desolidarise-de-rafik-abdessalem\\\/204807\\\/#primaryimage\"},\"thumbnailUrl\":\"https:\\\/\\\/www.webdo.tn\\\/fr\\\/wp-content\\\/uploads\\\/2023\\\/04\\\/b5666c13cd93d7514af125d046aec2fb.jpg\",\"datePublished\":\"2023-04-13T09:42:00+00:00\",\"dateModified\":\"2025-05-20T22:08:29+00:00\",\"description\":\"Quelle mouche a piqu\u00e9 le gendre de Rached Ghannouchi, Rafik Abdessalem pour porter de telles accusations au point que sa grande famille se d\u00e9solidarise de lui...\",\"breadcrumb\":{\"@id\":\"https:\\\/\\\/www.webdo.tn\\\/fr\\\/actualite\\\/national\\\/quand-ennahdha-se-desolidarise-de-rafik-abdessalem\\\/204807\\\/#breadcrumb\"},\"inLanguage\":\"fr-FR\",\"potentialAction\":[{\"@type\":\"ReadAction\",\"target\":[\"https:\\\/\\\/www.webdo.tn\\\/fr\\\/actualite\\\/national\\\/quand-ennahdha-se-desolidarise-de-rafik-abdessalem\\\/204807\\\/\"]}]},{\"@type\":\"ImageObject\",\"inLanguage\":\"fr-FR\",\"@id\":\"https:\\\/\\\/www.webdo.tn\\\/fr\\\/actualite\\\/national\\\/quand-ennahdha-se-desolidarise-de-rafik-abdessalem\\\/204807\\\/#primaryimage\",\"url\":\"https:\\\/\\\/www.webdo.tn\\\/fr\\\/wp-content\\\/uploads\\\/2023\\\/04\\\/b5666c13cd93d7514af125d046aec2fb.jpg\",\"contentUrl\":\"https:\\\/\\\/www.webdo.tn\\\/fr\\\/wp-content\\\/uploads\\\/2023\\\/04\\\/b5666c13cd93d7514af125d046aec2fb.jpg\",\"width\":750,\"height\":400,\"caption\":\"Quand Ennahdha se d\u00e9solidarise de Rafik Abdessalem !\"},{\"@type\":\"BreadcrumbList\",\"@id\":\"https:\\\/\\\/www.webdo.tn\\\/fr\\\/actualite\\\/national\\\/quand-ennahdha-se-desolidarise-de-rafik-abdessalem\\\/204807\\\/#breadcrumb\",\"itemListElement\":[{\"@type\":\"ListItem\",\"position\":1,\"name\":\"Accueil\",\"item\":\"https:\\\/\\\/www.webdo.tn\\\/fr\\\/\"},{\"@type\":\"ListItem\",\"position\":2,\"name\":\"Quand Ennahdha se d\u00e9solidarise de Rafik Abdessalem !\"}]},{\"@type\":\"WebSite\",\"@id\":\"https:\\\/\\\/www.webdo.tn\\\/fr\\\/#website\",\"url\":\"https:\\\/\\\/www.webdo.tn\\\/fr\\\/\",\"name\":\"webdo\",\"description\":\"Tunisie - News en Tunisie et \u00e0 l&#039;international sur Webdo.tn\",\"publisher\":{\"@id\":\"https:\\\/\\\/www.webdo.tn\\\/fr\\\/#organization\"},\"potentialAction\":[{\"@type\":\"SearchAction\",\"target\":{\"@type\":\"EntryPoint\",\"urlTemplate\":\"https:\\\/\\\/www.webdo.tn\\\/fr\\\/?s={search_term_string}\"},\"query-input\":{\"@type\":\"PropertyValueSpecification\",\"valueRequired\":true,\"valueName\":\"search_term_string\"}}],\"inLanguage\":\"fr-FR\"},{\"@type\":\"Organization\",\"@id\":\"https:\\\/\\\/www.webdo.tn\\\/fr\\\/#organization\",\"name\":\"Webdo\",\"alternateName\":\"Webdo.tn\",\"url\":\"https:\\\/\\\/www.webdo.tn\\\/fr\\\/\",\"logo\":{\"@type\":\"ImageObject\",\"inLanguage\":\"fr-FR\",\"@id\":\"https:\\\/\\\/www.webdo.tn\\\/fr\\\/#\\\/schema\\\/logo\\\/image\\\/\",\"url\":\"https:\\\/\\\/www.webdo.tn\\\/fr\\\/wp-content\\\/uploads\\\/2025\\\/06\\\/Webdo-Tunisie_168377.jpg\",\"contentUrl\":\"https:\\\/\\\/www.webdo.tn\\\/fr\\\/wp-content\\\/uploads\\\/2025\\\/06\\\/Webdo-Tunisie_168377.jpg\",\"width\":301,\"height\":301,\"caption\":\"Webdo\"},\"image\":{\"@id\":\"https:\\\/\\\/www.webdo.tn\\\/fr\\\/#\\\/schema\\\/logo\\\/image\\\/\"},\"sameAs\":[\"https:\\\/\\\/www.facebook.com\\\/webdotn\",\"https:\\\/\\\/x.com\\\/webdo_tn\"],\"description\":\"Webdo est un m\u00e9dia num\u00e9rique tunisien fond\u00e9 en 2010, sp\u00e9cialis\u00e9 dans l\u2019actualit\u00e9 nationale et internationale, l\u2019\u00e9conomie, la soci\u00e9t\u00e9 et les analyses politiques. Le site s\u2019adresse \u00e0 un large public francophone et couvre l\u2019information tunisienne en temps r\u00e9el.\",\"email\":\"redac@webdo.tn\",\"legalName\":\"YNJ SARL\",\"foundingDate\":\"2010-09-06\",\"numberOfEmployees\":{\"@type\":\"QuantitativeValue\",\"minValue\":\"11\",\"maxValue\":\"50\"}},{\"@type\":\"Person\",\"@id\":\"https:\\\/\\\/www.webdo.tn\\\/fr\\\/#\\\/schema\\\/person\\\/2c4929cbf5a809e3bd38617c6ce150f6\",\"name\":\"MC\",\"image\":{\"@type\":\"ImageObject\",\"inLanguage\":\"fr-FR\",\"@id\":\"https:\\\/\\\/secure.gravatar.com\\\/avatar\\\/a545bbb6f84efdd5553dbbc2895e3ca8f1d12c5215e00a041c9670b54aa9b18a?s=96&d=mm&r=g\",\"url\":\"https:\\\/\\\/secure.gravatar.com\\\/avatar\\\/a545bbb6f84efdd5553dbbc2895e3ca8f1d12c5215e00a041c9670b54aa9b18a?s=96&d=mm&r=g\",\"contentUrl\":\"https:\\\/\\\/secure.gravatar.com\\\/avatar\\\/a545bbb6f84efdd5553dbbc2895e3ca8f1d12c5215e00a041c9670b54aa9b18a?s=96&d=mm&r=g\",\"caption\":\"MC\"},\"url\":\"https:\\\/\\\/www.webdo.tn\\\/fr\\\/actualite\\\/author\\\/mc\\\/\"}]}<\/script>\n<!-- \/ Yoast SEO Premium plugin. -->","yoast_head_json":{"title":"Quand Ennahdha se d\u00e9solidarise de Rafik Abdessalem !","description":"Quelle mouche a piqu\u00e9 le gendre de Rached Ghannouchi, Rafik Abdessalem pour porter de telles accusations au point que sa grande famille se d\u00e9solidarise de lui...","canonical":"https:\/\/www.webdo.tn\/fr\/actualite\/national\/quand-ennahdha-se-desolidarise-de-rafik-abdessalem\/204807\/","og_locale":"fr_FR","og_type":"article","og_title":"Quand Ennahdha se d\u00e9solidarise de Rafik Abdessalem !","og_description":"Quelle mouche a piqu\u00e9 le gendre de Rached Ghannouchi, Rafik Abdessalem pour porter de telles accusations au point que sa grande famille se d\u00e9solidarise de lui...","og_url":"https:\/\/www.webdo.tn\/fr\/actualite\/national\/quand-ennahdha-se-desolidarise-de-rafik-abdessalem\/204807\/","og_site_name":"webdo","article_publisher":"https:\/\/www.facebook.com\/webdotn","article_published_time":"2023-04-13T09:42:00+00:00","article_modified_time":"2025-05-20T22:08:29+00:00","og_image":[{"width":750,"height":400,"url":"https:\/\/www.webdo.tn\/fr\/wp-content\/uploads\/2023\/04\/b5666c13cd93d7514af125d046aec2fb.jpg","type":"image\/jpeg"}],"author":"MC","twitter_card":"summary_large_image","twitter_creator":"@webdo_tn","twitter_site":"@webdo_tn","twitter_misc":{"\u00c9crit par":"MC","Dur\u00e9e de lecture estim\u00e9e":"1 minute"},"schema":{"@context":"https:\/\/schema.org","@graph":[{"@type":"NewsArticle","@id":"https:\/\/www.webdo.tn\/fr\/actualite\/national\/quand-ennahdha-se-desolidarise-de-rafik-abdessalem\/204807\/#article","isPartOf":{"@id":"https:\/\/www.webdo.tn\/fr\/actualite\/national\/quand-ennahdha-se-desolidarise-de-rafik-abdessalem\/204807\/"},"author":{"name":"MC","@id":"https:\/\/www.webdo.tn\/fr\/#\/schema\/person\/2c4929cbf5a809e3bd38617c6ce150f6"},"headline":"Quand Ennahdha se d\u00e9solidarise de Rafik Abdessalem !","datePublished":"2023-04-13T09:42:00+00:00","dateModified":"2025-05-20T22:08:29+00:00","mainEntityOfPage":{"@id":"https:\/\/www.webdo.tn\/fr\/actualite\/national\/quand-ennahdha-se-desolidarise-de-rafik-abdessalem\/204807\/"},"wordCount":236,"commentCount":0,"publisher":{"@id":"https:\/\/www.webdo.tn\/fr\/#organization"},"image":{"@id":"https:\/\/www.webdo.tn\/fr\/actualite\/national\/quand-ennahdha-se-desolidarise-de-rafik-abdessalem\/204807\/#primaryimage"},"thumbnailUrl":"https:\/\/www.webdo.tn\/fr\/wp-content\/uploads\/2023\/04\/b5666c13cd93d7514af125d046aec2fb.jpg","keywords":["arm\u00e9e","Ennahdha","Rafik Abdessalem"],"articleSection":["National"],"inLanguage":"fr-FR"},{"@type":"WebPage","@id":"https:\/\/www.webdo.tn\/fr\/actualite\/national\/quand-ennahdha-se-desolidarise-de-rafik-abdessalem\/204807\/","url":"https:\/\/www.webdo.tn\/fr\/actualite\/national\/quand-ennahdha-se-desolidarise-de-rafik-abdessalem\/204807\/","name":"Quand Ennahdha se d\u00e9solidarise de Rafik Abdessalem !","isPartOf":{"@id":"https:\/\/www.webdo.tn\/fr\/#website"},"primaryImageOfPage":{"@id":"https:\/\/www.webdo.tn\/fr\/actualite\/national\/quand-ennahdha-se-desolidarise-de-rafik-abdessalem\/204807\/#primaryimage"},"image":{"@id":"https:\/\/www.webdo.tn\/fr\/actualite\/national\/quand-ennahdha-se-desolidarise-de-rafik-abdessalem\/204807\/#primaryimage"},"thumbnailUrl":"https:\/\/www.webdo.tn\/fr\/wp-content\/uploads\/2023\/04\/b5666c13cd93d7514af125d046aec2fb.jpg","datePublished":"2023-04-13T09:42:00+00:00","dateModified":"2025-05-20T22:08:29+00:00","description":"Quelle mouche a piqu\u00e9 le gendre de Rached Ghannouchi, Rafik Abdessalem pour porter de telles accusations au point que sa grande famille se d\u00e9solidarise de lui...","breadcrumb":{"@id":"https:\/\/www.webdo.tn\/fr\/actualite\/national\/quand-ennahdha-se-desolidarise-de-rafik-abdessalem\/204807\/#breadcrumb"},"inLanguage":"fr-FR","potentialAction":[{"@type":"ReadAction","target":["https:\/\/www.webdo.tn\/fr\/actualite\/national\/quand-ennahdha-se-desolidarise-de-rafik-abdessalem\/204807\/"]}]},{"@type":"ImageObject","inLanguage":"fr-FR","@id":"https:\/\/www.webdo.tn\/fr\/actualite\/national\/quand-ennahdha-se-desolidarise-de-rafik-abdessalem\/204807\/#primaryimage","url":"https:\/\/www.webdo.tn\/fr\/wp-content\/uploads\/2023\/04\/b5666c13cd93d7514af125d046aec2fb.jpg","contentUrl":"https:\/\/www.webdo.tn\/fr\/wp-content\/uploads\/2023\/04\/b5666c13cd93d7514af125d046aec2fb.jpg","width":750,"height":400,"caption":"Quand Ennahdha se d\u00e9solidarise de Rafik Abdessalem !"},{"@type":"BreadcrumbList","@id":"https:\/\/www.webdo.tn\/fr\/actualite\/national\/quand-ennahdha-se-desolidarise-de-rafik-abdessalem\/204807\/#breadcrumb","itemListElement":[{"@type":"ListItem","position":1,"name":"Accueil","item":"https:\/\/www.webdo.tn\/fr\/"},{"@type":"ListItem","position":2,"name":"Quand Ennahdha se d\u00e9solidarise de Rafik Abdessalem !"}]},{"@type":"WebSite","@id":"https:\/\/www.webdo.tn\/fr\/#website","url":"https:\/\/www.webdo.tn\/fr\/","name":"webdo","description":"Tunisie - News en Tunisie et \u00e0 l&#039;international sur Webdo.tn","publisher":{"@id":"https:\/\/www.webdo.tn\/fr\/#organization"},"potentialAction":[{"@type":"SearchAction","target":{"@type":"EntryPoint","urlTemplate":"https:\/\/www.webdo.tn\/fr\/?s={search_term_string}"},"query-input":{"@type":"PropertyValueSpecification","valueRequired":true,"valueName":"search_term_string"}}],"inLanguage":"fr-FR"},{"@type":"Organization","@id":"https:\/\/www.webdo.tn\/fr\/#organization","name":"Webdo","alternateName":"Webdo.tn","url":"https:\/\/www.webdo.tn\/fr\/","logo":{"@type":"ImageObject","inLanguage":"fr-FR","@id":"https:\/\/www.webdo.tn\/fr\/#\/schema\/logo\/image\/","url":"https:\/\/www.webdo.tn\/fr\/wp-content\/uploads\/2025\/06\/Webdo-Tunisie_168377.jpg","contentUrl":"https:\/\/www.webdo.tn\/fr\/wp-content\/uploads\/2025\/06\/Webdo-Tunisie_168377.jpg","width":301,"height":301,"caption":"Webdo"},"image":{"@id":"https:\/\/www.webdo.tn\/fr\/#\/schema\/logo\/image\/"},"sameAs":["https:\/\/www.facebook.com\/webdotn","https:\/\/x.com\/webdo_tn"],"description":"Webdo est un m\u00e9dia num\u00e9rique tunisien fond\u00e9 en 2010, sp\u00e9cialis\u00e9 dans l\u2019actualit\u00e9 nationale et internationale, l\u2019\u00e9conomie, la soci\u00e9t\u00e9 et les analyses politiques. Le site s\u2019adresse \u00e0 un large public francophone et couvre l\u2019information tunisienne en temps r\u00e9el.","email":"redac@webdo.tn","legalName":"YNJ SARL","foundingDate":"2010-09-06","numberOfEmployees":{"@type":"QuantitativeValue","minValue":"11","maxValue":"50"}},{"@type":"Person","@id":"https:\/\/www.webdo.tn\/fr\/#\/schema\/person\/2c4929cbf5a809e3bd38617c6ce150f6","name":"MC","image":{"@type":"ImageObject","inLanguage":"fr-FR","@id":"https:\/\/secure.gravatar.com\/avatar\/a545bbb6f84efdd5553dbbc2895e3ca8f1d12c5215e00a041c9670b54aa9b18a?s=96&d=mm&r=g","url":"https:\/\/secure.gravatar.com\/avatar\/a545bbb6f84efdd5553dbbc2895e3ca8f1d12c5215e00a041c9670b54aa9b18a?s=96&d=mm&r=g","contentUrl":"https:\/\/secure.gravatar.com\/avatar\/a545bbb6f84efdd5553dbbc2895e3ca8f1d12c5215e00a041c9670b54aa9b18a?s=96&d=mm&r=g","caption":"MC"},"url":"https:\/\/www.webdo.tn\/fr\/actualite\/author\/mc\/"}]}},"_links":{"self":[{"href":"https:\/\/www.webdo.tn\/fr\/wp-json\/wp\/v2\/posts\/204807","targetHints":{"allow":["GET"]}}],"collection":[{"href":"https:\/\/www.webdo.tn\/fr\/wp-json\/wp\/v2\/posts"}],"about":[{"href":"https:\/\/www.webdo.tn\/fr\/wp-json\/wp\/v2\/types\/post"}],"author":[{"embeddable":true,"href":"https:\/\/www.webdo.tn\/fr\/wp-json\/wp\/v2\/users\/3162"}],"replies":[{"embeddable":true,"href":"https:\/\/www.webdo.tn\/fr\/wp-json\/wp\/v2\/comments?post=204807"}],"version-history":[{"count":0,"href":"https:\/\/www.webdo.tn\/fr\/wp-json\/wp\/v2\/posts\/204807\/revisions"}],"wp:featuredmedia":[{"embeddable":true,"href":"https:\/\/www.webdo.tn\/fr\/wp-json\/wp\/v2\/media\/278060"}],"wp:attachment":[{"href":"https:\/\/www.webdo.tn\/fr\/wp-json\/wp\/v2\/media?parent=204807"}],"wp:term":[{"taxonomy":"category","embeddable":true,"href":"https:\/\/www.webdo.tn\/fr\/wp-json\/wp\/v2\/categories?post=204807"},{"taxonomy":"post_tag","embeddable":true,"href":"https:\/\/www.webdo.tn\/fr\/wp-json\/wp\/v2\/tags?post=204807"}],"curies":[{"name":"wp","href":"https:\/\/api.w.org\/{rel}","templated":true}]}}