{"id":204798,"date":"2023-04-12T22:02:00","date_gmt":"2023-04-12T22:02:00","guid":{"rendered":"https:\/\/www.webdo.tn\/fr\/blog\/tunisie-le-ministre-des-affaires-etrangeres-en-visite-en-italie\/204798\/"},"modified":"2025-05-17T21:06:38","modified_gmt":"2025-05-17T21:06:38","slug":"tunisie-le-ministre-des-affaires-etrangeres-en-visite-en-italie","status":"publish","type":"post","link":"https:\/\/www.webdo.tn\/fr\/actualite\/national\/tunisie-le-ministre-des-affaires-etrangeres-en-visite-en-italie\/204798\/","title":{"rendered":"Le ministre des Affaires \u00e9trang\u00e8res en visite en Italie"},"content":{"rendered":"<p>Le ministre des Affaires \u00e9trang\u00e8res, Nabil Ammar, a entam\u00e9 une visite de travail, d&rsquo;une dur\u00e9e de deux jours, en Italie, ce mercredi 12 avril 2023, durant laquelle il devrait s&rsquo;entretenir des perspectives de coop\u00e9ration bilat\u00e9rale avec son homologue italien, Antonio Tajani.<\/p>\n<p>\t\t\t\t\t\t\t\t\tSelon le communiqu\u00e9 publi\u00e9 par le minist\u00e8re des\u00a0Affaires \u00e9trang\u00e8res, cette visite\u00a0sera l&rsquo;occasion de discuter des moyens de faire face au ph\u00e9nom\u00e8ne de la migration irr\u00e9guli\u00e8re.<\/p>\n<p>Cette discussion\u00a0se d\u00e9roulera selon une approche globale qui sert l&rsquo;int\u00e9r\u00eat \u00e9conomique des deux pays, contribue \u00e0 promouvoir la migration r\u00e9guli\u00e8re, progresser le taux d&rsquo;investissement, d\u00e9velopper les r\u00e9gions internes et cr\u00e9er des opportunit\u00e9s d&#8217;emploi pour les jeunes.<\/p>\n","protected":false},"excerpt":{"rendered":"<p>Le ministre des Affaires \u00e9trang\u00e8res, Nabil Ammar, a entam\u00e9 une visite de travail, d&rsquo;une dur\u00e9e de deux jours, en Italie, ce mercredi 12 avril 2023, durant laquel&#8230;<\/p>\n","protected":false},"author":3169,"featured_media":278056,"comment_status":"open","ping_status":"closed","sticky":false,"template":"","format":"standard","meta":{"footnotes":""},"categories":[44],"tags":[3323,3632,2660,2608,4154],"class_list":["post-204798","post","type-post","status-publish","format-standard","has-post-thumbnail","hentry","category-national","tag-affaires-etrangeres","tag-immigration","tag-italie","tag-tunisie","tag-visite"],"yoast_head":"<!-- This site is optimized with the Yoast SEO Premium plugin v27.5 (Yoast SEO v27.5) - https:\/\/yoast.com\/product\/yoast-seo-premium-wordpress\/ -->\n<title>Le ministre des Affaires \u00e9trang\u00e8res en visite en Italie<\/title>\n<meta name=\"description\" content=\"Le ministre des Affaires \u00e9trang\u00e8res, Nabil Ammar, a entam\u00e9 une visite de travail, d&#039;une dur\u00e9e de deux jours, en Italie, ce mercredi 12 avril 2023, durant laquel...\" \/>\n<link rel=\"canonical\" href=\"https:\/\/www.webdo.tn\/fr\/actualite\/national\/tunisie-le-ministre-des-affaires-etrangeres-en-visite-en-italie\/204798\/\" \/>\n<meta property=\"og:locale\" content=\"fr_FR\" \/>\n<meta property=\"og:type\" content=\"article\" \/>\n<meta property=\"og:title\" content=\"Le ministre des Affaires \u00e9trang\u00e8res en visite en Italie\" \/>\n<meta property=\"og:description\" content=\"Le ministre des Affaires \u00e9trang\u00e8res, Nabil Ammar, a entam\u00e9 une visite de travail, d&#039;une dur\u00e9e de deux jours, en Italie, ce mercredi 12 avril 2023, durant laquel...\" \/>\n<meta property=\"og:url\" content=\"https:\/\/www.webdo.tn\/fr\/actualite\/national\/tunisie-le-ministre-des-affaires-etrangeres-en-visite-en-italie\/204798\/\" \/>\n<meta property=\"og:site_name\" content=\"webdo\" \/>\n<meta property=\"article:publisher\" content=\"https:\/\/www.facebook.com\/webdotn\" \/>\n<meta property=\"article:published_time\" content=\"2023-04-12T22:02:00+00:00\" \/>\n<meta property=\"article:modified_time\" content=\"2025-05-17T21:06:38+00:00\" \/>\n<meta property=\"og:image\" content=\"https:\/\/www.webdo.tn\/fr\/wp-content\/uploads\/2023\/04\/b8528db2e44216ec3a9ead26010a6ca2.jpg\" \/>\n\t<meta property=\"og:image:width\" content=\"750\" \/>\n\t<meta property=\"og:image:height\" content=\"400\" \/>\n\t<meta property=\"og:image:type\" content=\"image\/jpeg\" \/>\n<meta name=\"author\" content=\"Webdo\" \/>\n<meta name=\"twitter:card\" content=\"summary_large_image\" \/>\n<meta name=\"twitter:creator\" content=\"@webdo_tn\" \/>\n<meta name=\"twitter:site\" content=\"@webdo_tn\" \/>\n<meta name=\"twitter:label1\" content=\"\u00c9crit par\" \/>\n\t<meta name=\"twitter:data1\" content=\"Webdo\" \/>\n\t<meta name=\"twitter:label2\" content=\"Dur\u00e9e de lecture estim\u00e9e\" \/>\n\t<meta name=\"twitter:data2\" content=\"1 minute\" \/>\n<script type=\"application\/ld+json\" class=\"yoast-schema-graph\">{\"@context\":\"https:\\\/\\\/schema.org\",\"@graph\":[{\"@type\":\"NewsArticle\",\"@id\":\"https:\\\/\\\/www.webdo.tn\\\/fr\\\/actualite\\\/national\\\/tunisie-le-ministre-des-affaires-etrangeres-en-visite-en-italie\\\/204798\\\/#article\",\"isPartOf\":{\"@id\":\"https:\\\/\\\/www.webdo.tn\\\/fr\\\/actualite\\\/national\\\/tunisie-le-ministre-des-affaires-etrangeres-en-visite-en-italie\\\/204798\\\/\"},\"author\":{\"name\":\"Webdo\",\"@id\":\"https:\\\/\\\/www.webdo.tn\\\/fr\\\/#\\\/schema\\\/person\\\/1f4e491e0907b413d61089e8eb573acc\"},\"headline\":\"Le ministre des Affaires \u00e9trang\u00e8res en visite en Italie\",\"datePublished\":\"2023-04-12T22:02:00+00:00\",\"dateModified\":\"2025-05-17T21:06:38+00:00\",\"mainEntityOfPage\":{\"@id\":\"https:\\\/\\\/www.webdo.tn\\\/fr\\\/actualite\\\/national\\\/tunisie-le-ministre-des-affaires-etrangeres-en-visite-en-italie\\\/204798\\\/\"},\"wordCount\":137,\"commentCount\":0,\"publisher\":{\"@id\":\"https:\\\/\\\/www.webdo.tn\\\/fr\\\/#organization\"},\"image\":{\"@id\":\"https:\\\/\\\/www.webdo.tn\\\/fr\\\/actualite\\\/national\\\/tunisie-le-ministre-des-affaires-etrangeres-en-visite-en-italie\\\/204798\\\/#primaryimage\"},\"thumbnailUrl\":\"https:\\\/\\\/www.webdo.tn\\\/fr\\\/wp-content\\\/uploads\\\/2023\\\/04\\\/b8528db2e44216ec3a9ead26010a6ca2.jpg\",\"keywords\":[\"affaires \u00e9trang\u00e8res\",\"immigration\",\"Italie\",\"Tunisie\",\"visite\"],\"articleSection\":[\"National\"],\"inLanguage\":\"fr-FR\"},{\"@type\":\"WebPage\",\"@id\":\"https:\\\/\\\/www.webdo.tn\\\/fr\\\/actualite\\\/national\\\/tunisie-le-ministre-des-affaires-etrangeres-en-visite-en-italie\\\/204798\\\/\",\"url\":\"https:\\\/\\\/www.webdo.tn\\\/fr\\\/actualite\\\/national\\\/tunisie-le-ministre-des-affaires-etrangeres-en-visite-en-italie\\\/204798\\\/\",\"name\":\"Le ministre des Affaires \u00e9trang\u00e8res en visite en Italie\",\"isPartOf\":{\"@id\":\"https:\\\/\\\/www.webdo.tn\\\/fr\\\/#website\"},\"primaryImageOfPage\":{\"@id\":\"https:\\\/\\\/www.webdo.tn\\\/fr\\\/actualite\\\/national\\\/tunisie-le-ministre-des-affaires-etrangeres-en-visite-en-italie\\\/204798\\\/#primaryimage\"},\"image\":{\"@id\":\"https:\\\/\\\/www.webdo.tn\\\/fr\\\/actualite\\\/national\\\/tunisie-le-ministre-des-affaires-etrangeres-en-visite-en-italie\\\/204798\\\/#primaryimage\"},\"thumbnailUrl\":\"https:\\\/\\\/www.webdo.tn\\\/fr\\\/wp-content\\\/uploads\\\/2023\\\/04\\\/b8528db2e44216ec3a9ead26010a6ca2.jpg\",\"datePublished\":\"2023-04-12T22:02:00+00:00\",\"dateModified\":\"2025-05-17T21:06:38+00:00\",\"description\":\"Le ministre des Affaires \u00e9trang\u00e8res, Nabil Ammar, a entam\u00e9 une visite de travail, d'une dur\u00e9e de deux jours, en Italie, ce mercredi 12 avril 2023, durant laquel...\",\"breadcrumb\":{\"@id\":\"https:\\\/\\\/www.webdo.tn\\\/fr\\\/actualite\\\/national\\\/tunisie-le-ministre-des-affaires-etrangeres-en-visite-en-italie\\\/204798\\\/#breadcrumb\"},\"inLanguage\":\"fr-FR\",\"potentialAction\":[{\"@type\":\"ReadAction\",\"target\":[\"https:\\\/\\\/www.webdo.tn\\\/fr\\\/actualite\\\/national\\\/tunisie-le-ministre-des-affaires-etrangeres-en-visite-en-italie\\\/204798\\\/\"]}]},{\"@type\":\"ImageObject\",\"inLanguage\":\"fr-FR\",\"@id\":\"https:\\\/\\\/www.webdo.tn\\\/fr\\\/actualite\\\/national\\\/tunisie-le-ministre-des-affaires-etrangeres-en-visite-en-italie\\\/204798\\\/#primaryimage\",\"url\":\"https:\\\/\\\/www.webdo.tn\\\/fr\\\/wp-content\\\/uploads\\\/2023\\\/04\\\/b8528db2e44216ec3a9ead26010a6ca2.jpg\",\"contentUrl\":\"https:\\\/\\\/www.webdo.tn\\\/fr\\\/wp-content\\\/uploads\\\/2023\\\/04\\\/b8528db2e44216ec3a9ead26010a6ca2.jpg\",\"width\":750,\"height\":400,\"caption\":\"Le ministre des Affaires \u00e9trang\u00e8res en visite en Italie\"},{\"@type\":\"BreadcrumbList\",\"@id\":\"https:\\\/\\\/www.webdo.tn\\\/fr\\\/actualite\\\/national\\\/tunisie-le-ministre-des-affaires-etrangeres-en-visite-en-italie\\\/204798\\\/#breadcrumb\",\"itemListElement\":[{\"@type\":\"ListItem\",\"position\":1,\"name\":\"Accueil\",\"item\":\"https:\\\/\\\/www.webdo.tn\\\/fr\\\/\"},{\"@type\":\"ListItem\",\"position\":2,\"name\":\"Le ministre des Affaires \u00e9trang\u00e8res en visite en Italie\"}]},{\"@type\":\"WebSite\",\"@id\":\"https:\\\/\\\/www.webdo.tn\\\/fr\\\/#website\",\"url\":\"https:\\\/\\\/www.webdo.tn\\\/fr\\\/\",\"name\":\"webdo\",\"description\":\"Tunisie - News en Tunisie et \u00e0 l&#039;international sur Webdo.tn\",\"publisher\":{\"@id\":\"https:\\\/\\\/www.webdo.tn\\\/fr\\\/#organization\"},\"potentialAction\":[{\"@type\":\"SearchAction\",\"target\":{\"@type\":\"EntryPoint\",\"urlTemplate\":\"https:\\\/\\\/www.webdo.tn\\\/fr\\\/?s={search_term_string}\"},\"query-input\":{\"@type\":\"PropertyValueSpecification\",\"valueRequired\":true,\"valueName\":\"search_term_string\"}}],\"inLanguage\":\"fr-FR\"},{\"@type\":\"Organization\",\"@id\":\"https:\\\/\\\/www.webdo.tn\\\/fr\\\/#organization\",\"name\":\"Webdo\",\"alternateName\":\"Webdo.tn\",\"url\":\"https:\\\/\\\/www.webdo.tn\\\/fr\\\/\",\"logo\":{\"@type\":\"ImageObject\",\"inLanguage\":\"fr-FR\",\"@id\":\"https:\\\/\\\/www.webdo.tn\\\/fr\\\/#\\\/schema\\\/logo\\\/image\\\/\",\"url\":\"https:\\\/\\\/www.webdo.tn\\\/fr\\\/wp-content\\\/uploads\\\/2025\\\/06\\\/Webdo-Tunisie_168377.jpg\",\"contentUrl\":\"https:\\\/\\\/www.webdo.tn\\\/fr\\\/wp-content\\\/uploads\\\/2025\\\/06\\\/Webdo-Tunisie_168377.jpg\",\"width\":301,\"height\":301,\"caption\":\"Webdo\"},\"image\":{\"@id\":\"https:\\\/\\\/www.webdo.tn\\\/fr\\\/#\\\/schema\\\/logo\\\/image\\\/\"},\"sameAs\":[\"https:\\\/\\\/www.facebook.com\\\/webdotn\",\"https:\\\/\\\/x.com\\\/webdo_tn\"],\"description\":\"Webdo est un m\u00e9dia num\u00e9rique tunisien fond\u00e9 en 2010, sp\u00e9cialis\u00e9 dans l\u2019actualit\u00e9 nationale et internationale, l\u2019\u00e9conomie, la soci\u00e9t\u00e9 et les analyses politiques. Le site s\u2019adresse \u00e0 un large public francophone et couvre l\u2019information tunisienne en temps r\u00e9el.\",\"email\":\"redac@webdo.tn\",\"legalName\":\"YNJ SARL\",\"foundingDate\":\"2010-09-06\",\"numberOfEmployees\":{\"@type\":\"QuantitativeValue\",\"minValue\":\"11\",\"maxValue\":\"50\"}},{\"@type\":\"Person\",\"@id\":\"https:\\\/\\\/www.webdo.tn\\\/fr\\\/#\\\/schema\\\/person\\\/1f4e491e0907b413d61089e8eb573acc\",\"name\":\"Webdo\",\"image\":{\"@type\":\"ImageObject\",\"inLanguage\":\"fr-FR\",\"@id\":\"https:\\\/\\\/secure.gravatar.com\\\/avatar\\\/de97aeec1bb80978a9dbb127e47dfc88aaacb2f3c29aac907d8d3222e3495d49?s=96&d=mm&r=g\",\"url\":\"https:\\\/\\\/secure.gravatar.com\\\/avatar\\\/de97aeec1bb80978a9dbb127e47dfc88aaacb2f3c29aac907d8d3222e3495d49?s=96&d=mm&r=g\",\"contentUrl\":\"https:\\\/\\\/secure.gravatar.com\\\/avatar\\\/de97aeec1bb80978a9dbb127e47dfc88aaacb2f3c29aac907d8d3222e3495d49?s=96&d=mm&r=g\",\"caption\":\"Webdo\"},\"url\":\"https:\\\/\\\/www.webdo.tn\\\/fr\\\/actualite\\\/author\\\/webdo\\\/\"}]}<\/script>\n<!-- \/ Yoast SEO Premium plugin. -->","yoast_head_json":{"title":"Le ministre des Affaires \u00e9trang\u00e8res en visite en Italie","description":"Le ministre des Affaires \u00e9trang\u00e8res, Nabil Ammar, a entam\u00e9 une visite de travail, d'une dur\u00e9e de deux jours, en Italie, ce mercredi 12 avril 2023, durant laquel...","canonical":"https:\/\/www.webdo.tn\/fr\/actualite\/national\/tunisie-le-ministre-des-affaires-etrangeres-en-visite-en-italie\/204798\/","og_locale":"fr_FR","og_type":"article","og_title":"Le ministre des Affaires \u00e9trang\u00e8res en visite en Italie","og_description":"Le ministre des Affaires \u00e9trang\u00e8res, Nabil Ammar, a entam\u00e9 une visite de travail, d'une dur\u00e9e de deux jours, en Italie, ce mercredi 12 avril 2023, durant laquel...","og_url":"https:\/\/www.webdo.tn\/fr\/actualite\/national\/tunisie-le-ministre-des-affaires-etrangeres-en-visite-en-italie\/204798\/","og_site_name":"webdo","article_publisher":"https:\/\/www.facebook.com\/webdotn","article_published_time":"2023-04-12T22:02:00+00:00","article_modified_time":"2025-05-17T21:06:38+00:00","og_image":[{"width":750,"height":400,"url":"https:\/\/www.webdo.tn\/fr\/wp-content\/uploads\/2023\/04\/b8528db2e44216ec3a9ead26010a6ca2.jpg","type":"image\/jpeg"}],"author":"Webdo","twitter_card":"summary_large_image","twitter_creator":"@webdo_tn","twitter_site":"@webdo_tn","twitter_misc":{"\u00c9crit par":"Webdo","Dur\u00e9e de lecture estim\u00e9e":"1 minute"},"schema":{"@context":"https:\/\/schema.org","@graph":[{"@type":"NewsArticle","@id":"https:\/\/www.webdo.tn\/fr\/actualite\/national\/tunisie-le-ministre-des-affaires-etrangeres-en-visite-en-italie\/204798\/#article","isPartOf":{"@id":"https:\/\/www.webdo.tn\/fr\/actualite\/national\/tunisie-le-ministre-des-affaires-etrangeres-en-visite-en-italie\/204798\/"},"author":{"name":"Webdo","@id":"https:\/\/www.webdo.tn\/fr\/#\/schema\/person\/1f4e491e0907b413d61089e8eb573acc"},"headline":"Le ministre des Affaires \u00e9trang\u00e8res en visite en Italie","datePublished":"2023-04-12T22:02:00+00:00","dateModified":"2025-05-17T21:06:38+00:00","mainEntityOfPage":{"@id":"https:\/\/www.webdo.tn\/fr\/actualite\/national\/tunisie-le-ministre-des-affaires-etrangeres-en-visite-en-italie\/204798\/"},"wordCount":137,"commentCount":0,"publisher":{"@id":"https:\/\/www.webdo.tn\/fr\/#organization"},"image":{"@id":"https:\/\/www.webdo.tn\/fr\/actualite\/national\/tunisie-le-ministre-des-affaires-etrangeres-en-visite-en-italie\/204798\/#primaryimage"},"thumbnailUrl":"https:\/\/www.webdo.tn\/fr\/wp-content\/uploads\/2023\/04\/b8528db2e44216ec3a9ead26010a6ca2.jpg","keywords":["affaires \u00e9trang\u00e8res","immigration","Italie","Tunisie","visite"],"articleSection":["National"],"inLanguage":"fr-FR"},{"@type":"WebPage","@id":"https:\/\/www.webdo.tn\/fr\/actualite\/national\/tunisie-le-ministre-des-affaires-etrangeres-en-visite-en-italie\/204798\/","url":"https:\/\/www.webdo.tn\/fr\/actualite\/national\/tunisie-le-ministre-des-affaires-etrangeres-en-visite-en-italie\/204798\/","name":"Le ministre des Affaires \u00e9trang\u00e8res en visite en Italie","isPartOf":{"@id":"https:\/\/www.webdo.tn\/fr\/#website"},"primaryImageOfPage":{"@id":"https:\/\/www.webdo.tn\/fr\/actualite\/national\/tunisie-le-ministre-des-affaires-etrangeres-en-visite-en-italie\/204798\/#primaryimage"},"image":{"@id":"https:\/\/www.webdo.tn\/fr\/actualite\/national\/tunisie-le-ministre-des-affaires-etrangeres-en-visite-en-italie\/204798\/#primaryimage"},"thumbnailUrl":"https:\/\/www.webdo.tn\/fr\/wp-content\/uploads\/2023\/04\/b8528db2e44216ec3a9ead26010a6ca2.jpg","datePublished":"2023-04-12T22:02:00+00:00","dateModified":"2025-05-17T21:06:38+00:00","description":"Le ministre des Affaires \u00e9trang\u00e8res, Nabil Ammar, a entam\u00e9 une visite de travail, d'une dur\u00e9e de deux jours, en Italie, ce mercredi 12 avril 2023, durant laquel...","breadcrumb":{"@id":"https:\/\/www.webdo.tn\/fr\/actualite\/national\/tunisie-le-ministre-des-affaires-etrangeres-en-visite-en-italie\/204798\/#breadcrumb"},"inLanguage":"fr-FR","potentialAction":[{"@type":"ReadAction","target":["https:\/\/www.webdo.tn\/fr\/actualite\/national\/tunisie-le-ministre-des-affaires-etrangeres-en-visite-en-italie\/204798\/"]}]},{"@type":"ImageObject","inLanguage":"fr-FR","@id":"https:\/\/www.webdo.tn\/fr\/actualite\/national\/tunisie-le-ministre-des-affaires-etrangeres-en-visite-en-italie\/204798\/#primaryimage","url":"https:\/\/www.webdo.tn\/fr\/wp-content\/uploads\/2023\/04\/b8528db2e44216ec3a9ead26010a6ca2.jpg","contentUrl":"https:\/\/www.webdo.tn\/fr\/wp-content\/uploads\/2023\/04\/b8528db2e44216ec3a9ead26010a6ca2.jpg","width":750,"height":400,"caption":"Le ministre des Affaires \u00e9trang\u00e8res en visite en Italie"},{"@type":"BreadcrumbList","@id":"https:\/\/www.webdo.tn\/fr\/actualite\/national\/tunisie-le-ministre-des-affaires-etrangeres-en-visite-en-italie\/204798\/#breadcrumb","itemListElement":[{"@type":"ListItem","position":1,"name":"Accueil","item":"https:\/\/www.webdo.tn\/fr\/"},{"@type":"ListItem","position":2,"name":"Le ministre des Affaires \u00e9trang\u00e8res en visite en Italie"}]},{"@type":"WebSite","@id":"https:\/\/www.webdo.tn\/fr\/#website","url":"https:\/\/www.webdo.tn\/fr\/","name":"webdo","description":"Tunisie - News en Tunisie et \u00e0 l&#039;international sur Webdo.tn","publisher":{"@id":"https:\/\/www.webdo.tn\/fr\/#organization"},"potentialAction":[{"@type":"SearchAction","target":{"@type":"EntryPoint","urlTemplate":"https:\/\/www.webdo.tn\/fr\/?s={search_term_string}"},"query-input":{"@type":"PropertyValueSpecification","valueRequired":true,"valueName":"search_term_string"}}],"inLanguage":"fr-FR"},{"@type":"Organization","@id":"https:\/\/www.webdo.tn\/fr\/#organization","name":"Webdo","alternateName":"Webdo.tn","url":"https:\/\/www.webdo.tn\/fr\/","logo":{"@type":"ImageObject","inLanguage":"fr-FR","@id":"https:\/\/www.webdo.tn\/fr\/#\/schema\/logo\/image\/","url":"https:\/\/www.webdo.tn\/fr\/wp-content\/uploads\/2025\/06\/Webdo-Tunisie_168377.jpg","contentUrl":"https:\/\/www.webdo.tn\/fr\/wp-content\/uploads\/2025\/06\/Webdo-Tunisie_168377.jpg","width":301,"height":301,"caption":"Webdo"},"image":{"@id":"https:\/\/www.webdo.tn\/fr\/#\/schema\/logo\/image\/"},"sameAs":["https:\/\/www.facebook.com\/webdotn","https:\/\/x.com\/webdo_tn"],"description":"Webdo est un m\u00e9dia num\u00e9rique tunisien fond\u00e9 en 2010, sp\u00e9cialis\u00e9 dans l\u2019actualit\u00e9 nationale et internationale, l\u2019\u00e9conomie, la soci\u00e9t\u00e9 et les analyses politiques. Le site s\u2019adresse \u00e0 un large public francophone et couvre l\u2019information tunisienne en temps r\u00e9el.","email":"redac@webdo.tn","legalName":"YNJ SARL","foundingDate":"2010-09-06","numberOfEmployees":{"@type":"QuantitativeValue","minValue":"11","maxValue":"50"}},{"@type":"Person","@id":"https:\/\/www.webdo.tn\/fr\/#\/schema\/person\/1f4e491e0907b413d61089e8eb573acc","name":"Webdo","image":{"@type":"ImageObject","inLanguage":"fr-FR","@id":"https:\/\/secure.gravatar.com\/avatar\/de97aeec1bb80978a9dbb127e47dfc88aaacb2f3c29aac907d8d3222e3495d49?s=96&d=mm&r=g","url":"https:\/\/secure.gravatar.com\/avatar\/de97aeec1bb80978a9dbb127e47dfc88aaacb2f3c29aac907d8d3222e3495d49?s=96&d=mm&r=g","contentUrl":"https:\/\/secure.gravatar.com\/avatar\/de97aeec1bb80978a9dbb127e47dfc88aaacb2f3c29aac907d8d3222e3495d49?s=96&d=mm&r=g","caption":"Webdo"},"url":"https:\/\/www.webdo.tn\/fr\/actualite\/author\/webdo\/"}]}},"_links":{"self":[{"href":"https:\/\/www.webdo.tn\/fr\/wp-json\/wp\/v2\/posts\/204798","targetHints":{"allow":["GET"]}}],"collection":[{"href":"https:\/\/www.webdo.tn\/fr\/wp-json\/wp\/v2\/posts"}],"about":[{"href":"https:\/\/www.webdo.tn\/fr\/wp-json\/wp\/v2\/types\/post"}],"author":[{"embeddable":true,"href":"https:\/\/www.webdo.tn\/fr\/wp-json\/wp\/v2\/users\/3169"}],"replies":[{"embeddable":true,"href":"https:\/\/www.webdo.tn\/fr\/wp-json\/wp\/v2\/comments?post=204798"}],"version-history":[{"count":0,"href":"https:\/\/www.webdo.tn\/fr\/wp-json\/wp\/v2\/posts\/204798\/revisions"}],"wp:featuredmedia":[{"embeddable":true,"href":"https:\/\/www.webdo.tn\/fr\/wp-json\/wp\/v2\/media\/278056"}],"wp:attachment":[{"href":"https:\/\/www.webdo.tn\/fr\/wp-json\/wp\/v2\/media?parent=204798"}],"wp:term":[{"taxonomy":"category","embeddable":true,"href":"https:\/\/www.webdo.tn\/fr\/wp-json\/wp\/v2\/categories?post=204798"},{"taxonomy":"post_tag","embeddable":true,"href":"https:\/\/www.webdo.tn\/fr\/wp-json\/wp\/v2\/tags?post=204798"}],"curies":[{"name":"wp","href":"https:\/\/api.w.org\/{rel}","templated":true}]}}