{"id":204795,"date":"2023-04-12T20:46:00","date_gmt":"2023-04-12T20:46:00","guid":{"rendered":"https:\/\/www.webdo.tn\/fr\/blog\/27-de-la-dette-exterieure-de-2023-a-deja-ete-paye\/204795\/"},"modified":"2025-05-17T21:06:37","modified_gmt":"2025-05-17T21:06:37","slug":"27-de-la-dette-exterieure-de-2023-a-deja-ete-paye","status":"publish","type":"post","link":"https:\/\/www.webdo.tn\/fr\/actualite\/national\/27-de-la-dette-exterieure-de-2023-a-deja-ete-paye\/204795\/","title":{"rendered":"27% de la dette ext\u00e9rieure de 2023 ont d\u00e9j\u00e0 \u00e9t\u00e9 pay\u00e9s"},"content":{"rendered":"<p>Alors qu&rsquo;en 2023, la Tunisie doit rembourser 8.945 MD, pr\u00e8s de 27,4% de ce montant de la dette ext\u00e9rieure a d\u00e9j\u00e0 \u00e9t\u00e9 rembours\u00e9, selon les donn\u00e9es de la Banque Centrale de Tunisie.<\/p>\n<p>\t\t\t\t\t\t\t\t\tLa Tunisie a donc d\u00e9j\u00e0 rembours\u00e9 2.450,9 MD, ce qui d\u00e9montre que l\u2019\u00e9conomie nationale continue de fonctionner et de g\u00e9n\u00e9rer des ressources.<\/p>\n<p>Ce qui manque, cependant, c&rsquo;est les financements ext\u00e9rieurs suffisants qui nous co\u00fbtent en termes de r\u00e9serves en devises. Ainsi, depuis le d\u00e9but de l\u2019ann\u00e9e, et jusqu\u2019au 10 avril 2023, les avoirs en devises ont perdu l\u2019\u00e9quivalent de 972,8 MD.<\/p>\n","protected":false},"excerpt":{"rendered":"<p>Alors qu&rsquo;en 2023, la Tunisie doit rembourser 8.945 MD, pr\u00e8s de 27,4% de ce montant de la dette ext\u00e9rieure a d\u00e9j\u00e0 \u00e9t\u00e9 rembours\u00e9, selon les donn\u00e9es de la Banque C&#8230;<\/p>\n","protected":false},"author":3169,"featured_media":278052,"comment_status":"open","ping_status":"closed","sticky":false,"template":"","format":"standard","meta":{"footnotes":""},"categories":[44],"tags":[2807,3439,9439,2608],"class_list":["post-204795","post","type-post","status-publish","format-standard","has-post-thumbnail","hentry","category-national","tag-bct","tag-dette","tag-rembrousement","tag-tunisie"],"yoast_head":"<!-- This site is optimized with the Yoast SEO Premium plugin v27.4 (Yoast SEO v27.5) - https:\/\/yoast.com\/product\/yoast-seo-premium-wordpress\/ -->\n<title>27% de la dette ext\u00e9rieure de 2023 ont d\u00e9j\u00e0 \u00e9t\u00e9 pay\u00e9s<\/title>\n<meta name=\"description\" content=\"Alors qu&#039;en 2023, la Tunisie doit rembourser 8.945 MD, pr\u00e8s de 27,4% de ce montant de la dette ext\u00e9rieure a d\u00e9j\u00e0 \u00e9t\u00e9 rembours\u00e9, selon les donn\u00e9es de la Banque C...\" \/>\n<link rel=\"canonical\" href=\"https:\/\/www.webdo.tn\/fr\/actualite\/national\/27-de-la-dette-exterieure-de-2023-a-deja-ete-paye\/204795\/\" \/>\n<meta property=\"og:locale\" content=\"fr_FR\" \/>\n<meta property=\"og:type\" content=\"article\" \/>\n<meta property=\"og:title\" content=\"27% de la dette ext\u00e9rieure de 2023 ont d\u00e9j\u00e0 \u00e9t\u00e9 pay\u00e9s\" \/>\n<meta property=\"og:description\" content=\"Alors qu&#039;en 2023, la Tunisie doit rembourser 8.945 MD, pr\u00e8s de 27,4% de ce montant de la dette ext\u00e9rieure a d\u00e9j\u00e0 \u00e9t\u00e9 rembours\u00e9, selon les donn\u00e9es de la Banque C...\" \/>\n<meta property=\"og:url\" content=\"https:\/\/www.webdo.tn\/fr\/actualite\/national\/27-de-la-dette-exterieure-de-2023-a-deja-ete-paye\/204795\/\" \/>\n<meta property=\"og:site_name\" content=\"webdo\" \/>\n<meta property=\"article:publisher\" content=\"https:\/\/www.facebook.com\/webdotn\" \/>\n<meta property=\"article:published_time\" content=\"2023-04-12T20:46:00+00:00\" \/>\n<meta property=\"article:modified_time\" content=\"2025-05-17T21:06:37+00:00\" \/>\n<meta property=\"og:image\" content=\"https:\/\/www.webdo.tn\/fr\/wp-content\/uploads\/2023\/04\/e61b26794a2ece33f258ab19c9042c7b.jpg\" \/>\n\t<meta property=\"og:image:width\" content=\"680\" \/>\n\t<meta property=\"og:image:height\" content=\"363\" \/>\n\t<meta property=\"og:image:type\" content=\"image\/jpeg\" \/>\n<meta name=\"author\" content=\"Webdo\" \/>\n<meta name=\"twitter:card\" content=\"summary_large_image\" \/>\n<meta name=\"twitter:creator\" content=\"@webdo_tn\" \/>\n<meta name=\"twitter:site\" content=\"@webdo_tn\" \/>\n<meta name=\"twitter:label1\" content=\"\u00c9crit par\" \/>\n\t<meta name=\"twitter:data1\" content=\"Webdo\" \/>\n\t<meta name=\"twitter:label2\" content=\"Dur\u00e9e de lecture estim\u00e9e\" \/>\n\t<meta name=\"twitter:data2\" content=\"1 minute\" \/>\n<script type=\"application\/ld+json\" class=\"yoast-schema-graph\">{\"@context\":\"https:\\\/\\\/schema.org\",\"@graph\":[{\"@type\":\"NewsArticle\",\"@id\":\"https:\\\/\\\/www.webdo.tn\\\/fr\\\/actualite\\\/national\\\/27-de-la-dette-exterieure-de-2023-a-deja-ete-paye\\\/204795\\\/#article\",\"isPartOf\":{\"@id\":\"https:\\\/\\\/www.webdo.tn\\\/fr\\\/actualite\\\/national\\\/27-de-la-dette-exterieure-de-2023-a-deja-ete-paye\\\/204795\\\/\"},\"author\":{\"name\":\"Webdo\",\"@id\":\"https:\\\/\\\/www.webdo.tn\\\/fr\\\/#\\\/schema\\\/person\\\/1f4e491e0907b413d61089e8eb573acc\"},\"headline\":\"27% de la dette ext\u00e9rieure de 2023 ont d\u00e9j\u00e0 \u00e9t\u00e9 pay\u00e9s\",\"datePublished\":\"2023-04-12T20:46:00+00:00\",\"dateModified\":\"2025-05-17T21:06:37+00:00\",\"mainEntityOfPage\":{\"@id\":\"https:\\\/\\\/www.webdo.tn\\\/fr\\\/actualite\\\/national\\\/27-de-la-dette-exterieure-de-2023-a-deja-ete-paye\\\/204795\\\/\"},\"wordCount\":117,\"commentCount\":0,\"publisher\":{\"@id\":\"https:\\\/\\\/www.webdo.tn\\\/fr\\\/#organization\"},\"image\":{\"@id\":\"https:\\\/\\\/www.webdo.tn\\\/fr\\\/actualite\\\/national\\\/27-de-la-dette-exterieure-de-2023-a-deja-ete-paye\\\/204795\\\/#primaryimage\"},\"thumbnailUrl\":\"https:\\\/\\\/www.webdo.tn\\\/fr\\\/wp-content\\\/uploads\\\/2023\\\/04\\\/e61b26794a2ece33f258ab19c9042c7b.jpg\",\"keywords\":[\"BCT\",\"dette\",\"rembrousement\",\"Tunisie\"],\"articleSection\":[\"National\"],\"inLanguage\":\"fr-FR\"},{\"@type\":\"WebPage\",\"@id\":\"https:\\\/\\\/www.webdo.tn\\\/fr\\\/actualite\\\/national\\\/27-de-la-dette-exterieure-de-2023-a-deja-ete-paye\\\/204795\\\/\",\"url\":\"https:\\\/\\\/www.webdo.tn\\\/fr\\\/actualite\\\/national\\\/27-de-la-dette-exterieure-de-2023-a-deja-ete-paye\\\/204795\\\/\",\"name\":\"27% de la dette ext\u00e9rieure de 2023 ont d\u00e9j\u00e0 \u00e9t\u00e9 pay\u00e9s\",\"isPartOf\":{\"@id\":\"https:\\\/\\\/www.webdo.tn\\\/fr\\\/#website\"},\"primaryImageOfPage\":{\"@id\":\"https:\\\/\\\/www.webdo.tn\\\/fr\\\/actualite\\\/national\\\/27-de-la-dette-exterieure-de-2023-a-deja-ete-paye\\\/204795\\\/#primaryimage\"},\"image\":{\"@id\":\"https:\\\/\\\/www.webdo.tn\\\/fr\\\/actualite\\\/national\\\/27-de-la-dette-exterieure-de-2023-a-deja-ete-paye\\\/204795\\\/#primaryimage\"},\"thumbnailUrl\":\"https:\\\/\\\/www.webdo.tn\\\/fr\\\/wp-content\\\/uploads\\\/2023\\\/04\\\/e61b26794a2ece33f258ab19c9042c7b.jpg\",\"datePublished\":\"2023-04-12T20:46:00+00:00\",\"dateModified\":\"2025-05-17T21:06:37+00:00\",\"description\":\"Alors qu'en 2023, la Tunisie doit rembourser 8.945 MD, pr\u00e8s de 27,4% de ce montant de la dette ext\u00e9rieure a d\u00e9j\u00e0 \u00e9t\u00e9 rembours\u00e9, selon les donn\u00e9es de la Banque C...\",\"breadcrumb\":{\"@id\":\"https:\\\/\\\/www.webdo.tn\\\/fr\\\/actualite\\\/national\\\/27-de-la-dette-exterieure-de-2023-a-deja-ete-paye\\\/204795\\\/#breadcrumb\"},\"inLanguage\":\"fr-FR\",\"potentialAction\":[{\"@type\":\"ReadAction\",\"target\":[\"https:\\\/\\\/www.webdo.tn\\\/fr\\\/actualite\\\/national\\\/27-de-la-dette-exterieure-de-2023-a-deja-ete-paye\\\/204795\\\/\"]}]},{\"@type\":\"ImageObject\",\"inLanguage\":\"fr-FR\",\"@id\":\"https:\\\/\\\/www.webdo.tn\\\/fr\\\/actualite\\\/national\\\/27-de-la-dette-exterieure-de-2023-a-deja-ete-paye\\\/204795\\\/#primaryimage\",\"url\":\"https:\\\/\\\/www.webdo.tn\\\/fr\\\/wp-content\\\/uploads\\\/2023\\\/04\\\/e61b26794a2ece33f258ab19c9042c7b.jpg\",\"contentUrl\":\"https:\\\/\\\/www.webdo.tn\\\/fr\\\/wp-content\\\/uploads\\\/2023\\\/04\\\/e61b26794a2ece33f258ab19c9042c7b.jpg\",\"width\":680,\"height\":363,\"caption\":\"27% de la dette ext\u00e9rieure de 2023 ont d\u00e9j\u00e0 \u00e9t\u00e9 pay\u00e9s\"},{\"@type\":\"BreadcrumbList\",\"@id\":\"https:\\\/\\\/www.webdo.tn\\\/fr\\\/actualite\\\/national\\\/27-de-la-dette-exterieure-de-2023-a-deja-ete-paye\\\/204795\\\/#breadcrumb\",\"itemListElement\":[{\"@type\":\"ListItem\",\"position\":1,\"name\":\"Accueil\",\"item\":\"https:\\\/\\\/www.webdo.tn\\\/fr\\\/\"},{\"@type\":\"ListItem\",\"position\":2,\"name\":\"27% de la dette ext\u00e9rieure de 2023 ont d\u00e9j\u00e0 \u00e9t\u00e9 pay\u00e9s\"}]},{\"@type\":\"WebSite\",\"@id\":\"https:\\\/\\\/www.webdo.tn\\\/fr\\\/#website\",\"url\":\"https:\\\/\\\/www.webdo.tn\\\/fr\\\/\",\"name\":\"webdo\",\"description\":\"Tunisie - News en Tunisie et \u00e0 l&#039;international sur Webdo.tn\",\"publisher\":{\"@id\":\"https:\\\/\\\/www.webdo.tn\\\/fr\\\/#organization\"},\"potentialAction\":[{\"@type\":\"SearchAction\",\"target\":{\"@type\":\"EntryPoint\",\"urlTemplate\":\"https:\\\/\\\/www.webdo.tn\\\/fr\\\/?s={search_term_string}\"},\"query-input\":{\"@type\":\"PropertyValueSpecification\",\"valueRequired\":true,\"valueName\":\"search_term_string\"}}],\"inLanguage\":\"fr-FR\"},{\"@type\":\"Organization\",\"@id\":\"https:\\\/\\\/www.webdo.tn\\\/fr\\\/#organization\",\"name\":\"Webdo\",\"alternateName\":\"Webdo.tn\",\"url\":\"https:\\\/\\\/www.webdo.tn\\\/fr\\\/\",\"logo\":{\"@type\":\"ImageObject\",\"inLanguage\":\"fr-FR\",\"@id\":\"https:\\\/\\\/www.webdo.tn\\\/fr\\\/#\\\/schema\\\/logo\\\/image\\\/\",\"url\":\"https:\\\/\\\/www.webdo.tn\\\/fr\\\/wp-content\\\/uploads\\\/2025\\\/06\\\/Webdo-Tunisie_168377.jpg\",\"contentUrl\":\"https:\\\/\\\/www.webdo.tn\\\/fr\\\/wp-content\\\/uploads\\\/2025\\\/06\\\/Webdo-Tunisie_168377.jpg\",\"width\":301,\"height\":301,\"caption\":\"Webdo\"},\"image\":{\"@id\":\"https:\\\/\\\/www.webdo.tn\\\/fr\\\/#\\\/schema\\\/logo\\\/image\\\/\"},\"sameAs\":[\"https:\\\/\\\/www.facebook.com\\\/webdotn\",\"https:\\\/\\\/x.com\\\/webdo_tn\"],\"description\":\"Webdo est un m\u00e9dia num\u00e9rique tunisien fond\u00e9 en 2010, sp\u00e9cialis\u00e9 dans l\u2019actualit\u00e9 nationale et internationale, l\u2019\u00e9conomie, la soci\u00e9t\u00e9 et les analyses politiques. Le site s\u2019adresse \u00e0 un large public francophone et couvre l\u2019information tunisienne en temps r\u00e9el.\",\"email\":\"redac@webdo.tn\",\"legalName\":\"YNJ SARL\",\"foundingDate\":\"2010-09-06\",\"numberOfEmployees\":{\"@type\":\"QuantitativeValue\",\"minValue\":\"11\",\"maxValue\":\"50\"}},{\"@type\":\"Person\",\"@id\":\"https:\\\/\\\/www.webdo.tn\\\/fr\\\/#\\\/schema\\\/person\\\/1f4e491e0907b413d61089e8eb573acc\",\"name\":\"Webdo\",\"image\":{\"@type\":\"ImageObject\",\"inLanguage\":\"fr-FR\",\"@id\":\"https:\\\/\\\/secure.gravatar.com\\\/avatar\\\/de97aeec1bb80978a9dbb127e47dfc88aaacb2f3c29aac907d8d3222e3495d49?s=96&d=mm&r=g\",\"url\":\"https:\\\/\\\/secure.gravatar.com\\\/avatar\\\/de97aeec1bb80978a9dbb127e47dfc88aaacb2f3c29aac907d8d3222e3495d49?s=96&d=mm&r=g\",\"contentUrl\":\"https:\\\/\\\/secure.gravatar.com\\\/avatar\\\/de97aeec1bb80978a9dbb127e47dfc88aaacb2f3c29aac907d8d3222e3495d49?s=96&d=mm&r=g\",\"caption\":\"Webdo\"},\"url\":\"https:\\\/\\\/www.webdo.tn\\\/fr\\\/actualite\\\/author\\\/webdo\\\/\"}]}<\/script>\n<!-- \/ Yoast SEO Premium plugin. -->","yoast_head_json":{"title":"27% de la dette ext\u00e9rieure de 2023 ont d\u00e9j\u00e0 \u00e9t\u00e9 pay\u00e9s","description":"Alors qu'en 2023, la Tunisie doit rembourser 8.945 MD, pr\u00e8s de 27,4% de ce montant de la dette ext\u00e9rieure a d\u00e9j\u00e0 \u00e9t\u00e9 rembours\u00e9, selon les donn\u00e9es de la Banque C...","canonical":"https:\/\/www.webdo.tn\/fr\/actualite\/national\/27-de-la-dette-exterieure-de-2023-a-deja-ete-paye\/204795\/","og_locale":"fr_FR","og_type":"article","og_title":"27% de la dette ext\u00e9rieure de 2023 ont d\u00e9j\u00e0 \u00e9t\u00e9 pay\u00e9s","og_description":"Alors qu'en 2023, la Tunisie doit rembourser 8.945 MD, pr\u00e8s de 27,4% de ce montant de la dette ext\u00e9rieure a d\u00e9j\u00e0 \u00e9t\u00e9 rembours\u00e9, selon les donn\u00e9es de la Banque C...","og_url":"https:\/\/www.webdo.tn\/fr\/actualite\/national\/27-de-la-dette-exterieure-de-2023-a-deja-ete-paye\/204795\/","og_site_name":"webdo","article_publisher":"https:\/\/www.facebook.com\/webdotn","article_published_time":"2023-04-12T20:46:00+00:00","article_modified_time":"2025-05-17T21:06:37+00:00","og_image":[{"width":680,"height":363,"url":"https:\/\/www.webdo.tn\/fr\/wp-content\/uploads\/2023\/04\/e61b26794a2ece33f258ab19c9042c7b.jpg","type":"image\/jpeg"}],"author":"Webdo","twitter_card":"summary_large_image","twitter_creator":"@webdo_tn","twitter_site":"@webdo_tn","twitter_misc":{"\u00c9crit par":"Webdo","Dur\u00e9e de lecture estim\u00e9e":"1 minute"},"schema":{"@context":"https:\/\/schema.org","@graph":[{"@type":"NewsArticle","@id":"https:\/\/www.webdo.tn\/fr\/actualite\/national\/27-de-la-dette-exterieure-de-2023-a-deja-ete-paye\/204795\/#article","isPartOf":{"@id":"https:\/\/www.webdo.tn\/fr\/actualite\/national\/27-de-la-dette-exterieure-de-2023-a-deja-ete-paye\/204795\/"},"author":{"name":"Webdo","@id":"https:\/\/www.webdo.tn\/fr\/#\/schema\/person\/1f4e491e0907b413d61089e8eb573acc"},"headline":"27% de la dette ext\u00e9rieure de 2023 ont d\u00e9j\u00e0 \u00e9t\u00e9 pay\u00e9s","datePublished":"2023-04-12T20:46:00+00:00","dateModified":"2025-05-17T21:06:37+00:00","mainEntityOfPage":{"@id":"https:\/\/www.webdo.tn\/fr\/actualite\/national\/27-de-la-dette-exterieure-de-2023-a-deja-ete-paye\/204795\/"},"wordCount":117,"commentCount":0,"publisher":{"@id":"https:\/\/www.webdo.tn\/fr\/#organization"},"image":{"@id":"https:\/\/www.webdo.tn\/fr\/actualite\/national\/27-de-la-dette-exterieure-de-2023-a-deja-ete-paye\/204795\/#primaryimage"},"thumbnailUrl":"https:\/\/www.webdo.tn\/fr\/wp-content\/uploads\/2023\/04\/e61b26794a2ece33f258ab19c9042c7b.jpg","keywords":["BCT","dette","rembrousement","Tunisie"],"articleSection":["National"],"inLanguage":"fr-FR"},{"@type":"WebPage","@id":"https:\/\/www.webdo.tn\/fr\/actualite\/national\/27-de-la-dette-exterieure-de-2023-a-deja-ete-paye\/204795\/","url":"https:\/\/www.webdo.tn\/fr\/actualite\/national\/27-de-la-dette-exterieure-de-2023-a-deja-ete-paye\/204795\/","name":"27% de la dette ext\u00e9rieure de 2023 ont d\u00e9j\u00e0 \u00e9t\u00e9 pay\u00e9s","isPartOf":{"@id":"https:\/\/www.webdo.tn\/fr\/#website"},"primaryImageOfPage":{"@id":"https:\/\/www.webdo.tn\/fr\/actualite\/national\/27-de-la-dette-exterieure-de-2023-a-deja-ete-paye\/204795\/#primaryimage"},"image":{"@id":"https:\/\/www.webdo.tn\/fr\/actualite\/national\/27-de-la-dette-exterieure-de-2023-a-deja-ete-paye\/204795\/#primaryimage"},"thumbnailUrl":"https:\/\/www.webdo.tn\/fr\/wp-content\/uploads\/2023\/04\/e61b26794a2ece33f258ab19c9042c7b.jpg","datePublished":"2023-04-12T20:46:00+00:00","dateModified":"2025-05-17T21:06:37+00:00","description":"Alors qu'en 2023, la Tunisie doit rembourser 8.945 MD, pr\u00e8s de 27,4% de ce montant de la dette ext\u00e9rieure a d\u00e9j\u00e0 \u00e9t\u00e9 rembours\u00e9, selon les donn\u00e9es de la Banque C...","breadcrumb":{"@id":"https:\/\/www.webdo.tn\/fr\/actualite\/national\/27-de-la-dette-exterieure-de-2023-a-deja-ete-paye\/204795\/#breadcrumb"},"inLanguage":"fr-FR","potentialAction":[{"@type":"ReadAction","target":["https:\/\/www.webdo.tn\/fr\/actualite\/national\/27-de-la-dette-exterieure-de-2023-a-deja-ete-paye\/204795\/"]}]},{"@type":"ImageObject","inLanguage":"fr-FR","@id":"https:\/\/www.webdo.tn\/fr\/actualite\/national\/27-de-la-dette-exterieure-de-2023-a-deja-ete-paye\/204795\/#primaryimage","url":"https:\/\/www.webdo.tn\/fr\/wp-content\/uploads\/2023\/04\/e61b26794a2ece33f258ab19c9042c7b.jpg","contentUrl":"https:\/\/www.webdo.tn\/fr\/wp-content\/uploads\/2023\/04\/e61b26794a2ece33f258ab19c9042c7b.jpg","width":680,"height":363,"caption":"27% de la dette ext\u00e9rieure de 2023 ont d\u00e9j\u00e0 \u00e9t\u00e9 pay\u00e9s"},{"@type":"BreadcrumbList","@id":"https:\/\/www.webdo.tn\/fr\/actualite\/national\/27-de-la-dette-exterieure-de-2023-a-deja-ete-paye\/204795\/#breadcrumb","itemListElement":[{"@type":"ListItem","position":1,"name":"Accueil","item":"https:\/\/www.webdo.tn\/fr\/"},{"@type":"ListItem","position":2,"name":"27% de la dette ext\u00e9rieure de 2023 ont d\u00e9j\u00e0 \u00e9t\u00e9 pay\u00e9s"}]},{"@type":"WebSite","@id":"https:\/\/www.webdo.tn\/fr\/#website","url":"https:\/\/www.webdo.tn\/fr\/","name":"webdo","description":"Tunisie - News en Tunisie et \u00e0 l&#039;international sur Webdo.tn","publisher":{"@id":"https:\/\/www.webdo.tn\/fr\/#organization"},"potentialAction":[{"@type":"SearchAction","target":{"@type":"EntryPoint","urlTemplate":"https:\/\/www.webdo.tn\/fr\/?s={search_term_string}"},"query-input":{"@type":"PropertyValueSpecification","valueRequired":true,"valueName":"search_term_string"}}],"inLanguage":"fr-FR"},{"@type":"Organization","@id":"https:\/\/www.webdo.tn\/fr\/#organization","name":"Webdo","alternateName":"Webdo.tn","url":"https:\/\/www.webdo.tn\/fr\/","logo":{"@type":"ImageObject","inLanguage":"fr-FR","@id":"https:\/\/www.webdo.tn\/fr\/#\/schema\/logo\/image\/","url":"https:\/\/www.webdo.tn\/fr\/wp-content\/uploads\/2025\/06\/Webdo-Tunisie_168377.jpg","contentUrl":"https:\/\/www.webdo.tn\/fr\/wp-content\/uploads\/2025\/06\/Webdo-Tunisie_168377.jpg","width":301,"height":301,"caption":"Webdo"},"image":{"@id":"https:\/\/www.webdo.tn\/fr\/#\/schema\/logo\/image\/"},"sameAs":["https:\/\/www.facebook.com\/webdotn","https:\/\/x.com\/webdo_tn"],"description":"Webdo est un m\u00e9dia num\u00e9rique tunisien fond\u00e9 en 2010, sp\u00e9cialis\u00e9 dans l\u2019actualit\u00e9 nationale et internationale, l\u2019\u00e9conomie, la soci\u00e9t\u00e9 et les analyses politiques. Le site s\u2019adresse \u00e0 un large public francophone et couvre l\u2019information tunisienne en temps r\u00e9el.","email":"redac@webdo.tn","legalName":"YNJ SARL","foundingDate":"2010-09-06","numberOfEmployees":{"@type":"QuantitativeValue","minValue":"11","maxValue":"50"}},{"@type":"Person","@id":"https:\/\/www.webdo.tn\/fr\/#\/schema\/person\/1f4e491e0907b413d61089e8eb573acc","name":"Webdo","image":{"@type":"ImageObject","inLanguage":"fr-FR","@id":"https:\/\/secure.gravatar.com\/avatar\/de97aeec1bb80978a9dbb127e47dfc88aaacb2f3c29aac907d8d3222e3495d49?s=96&d=mm&r=g","url":"https:\/\/secure.gravatar.com\/avatar\/de97aeec1bb80978a9dbb127e47dfc88aaacb2f3c29aac907d8d3222e3495d49?s=96&d=mm&r=g","contentUrl":"https:\/\/secure.gravatar.com\/avatar\/de97aeec1bb80978a9dbb127e47dfc88aaacb2f3c29aac907d8d3222e3495d49?s=96&d=mm&r=g","caption":"Webdo"},"url":"https:\/\/www.webdo.tn\/fr\/actualite\/author\/webdo\/"}]}},"_links":{"self":[{"href":"https:\/\/www.webdo.tn\/fr\/wp-json\/wp\/v2\/posts\/204795","targetHints":{"allow":["GET"]}}],"collection":[{"href":"https:\/\/www.webdo.tn\/fr\/wp-json\/wp\/v2\/posts"}],"about":[{"href":"https:\/\/www.webdo.tn\/fr\/wp-json\/wp\/v2\/types\/post"}],"author":[{"embeddable":true,"href":"https:\/\/www.webdo.tn\/fr\/wp-json\/wp\/v2\/users\/3169"}],"replies":[{"embeddable":true,"href":"https:\/\/www.webdo.tn\/fr\/wp-json\/wp\/v2\/comments?post=204795"}],"version-history":[{"count":0,"href":"https:\/\/www.webdo.tn\/fr\/wp-json\/wp\/v2\/posts\/204795\/revisions"}],"wp:featuredmedia":[{"embeddable":true,"href":"https:\/\/www.webdo.tn\/fr\/wp-json\/wp\/v2\/media\/278052"}],"wp:attachment":[{"href":"https:\/\/www.webdo.tn\/fr\/wp-json\/wp\/v2\/media?parent=204795"}],"wp:term":[{"taxonomy":"category","embeddable":true,"href":"https:\/\/www.webdo.tn\/fr\/wp-json\/wp\/v2\/categories?post=204795"},{"taxonomy":"post_tag","embeddable":true,"href":"https:\/\/www.webdo.tn\/fr\/wp-json\/wp\/v2\/tags?post=204795"}],"curies":[{"name":"wp","href":"https:\/\/api.w.org\/{rel}","templated":true}]}}