{"id":204784,"date":"2023-04-12T14:14:00","date_gmt":"2023-04-12T14:14:00","guid":{"rendered":"https:\/\/www.webdo.tn\/fr\/blog\/le-snjt-appelle-au-retrait-du-decret-loi-54\/204784\/"},"modified":"2025-05-20T22:00:52","modified_gmt":"2025-05-20T22:00:52","slug":"le-snjt-appelle-au-retrait-du-decret-loi-54","status":"publish","type":"post","link":"https:\/\/www.webdo.tn\/fr\/actualite\/national\/le-snjt-appelle-au-retrait-du-decret-loi-54\/204784\/","title":{"rendered":"Le SNJT appelle au retrait du d\u00e9cret-loi 54"},"content":{"rendered":"<p>Le Syndicat National des Journalistes Tunisiens (SNJT) a appel\u00e9, ce mercredi 12 avril 2023, au retrait du d\u00e9cret-loi n\u00b02022-54 2022 relatif \u00e0 la lutte contre les infractions se rapportant aux syst\u00e8mes d&rsquo;information et de communication.<\/p>\n<p>\t\t\t\t\t\t\t\t\tDans son communiqu\u00e9, le SNJT rappelle que depuis l\u2019entr\u00e9e en vigueur du d\u00e9cret-loi 54 \u00ab\u00a0les campagnes de harc\u00e8lement et les arrestations visant journalistes et opposants, se sont multipli\u00e9es, et ce en violation manifeste des dispositions de la Constitutions et des principes de la libert\u00e9 de la presse et d&rsquo;expression\u00a0\u00bb.<\/p>\n<p>Le syndicat estime que \u00ab\u00a0ce d\u00e9cret est anticonstitutionnel, qu\u2019il cible la libert\u00e9 d&rsquo;expression, et qu\u2019il a pour objectif la r\u00e9pression des journalistes et des opposants\u00a0\u00bb.<\/p>\n<p>D\u2019un autre c\u00f4t\u00e9, le rapport de l&rsquo;Unit\u00e9 de monitoring du SNJT, publi\u00e9 aujourd\u2019hui, fait \u00e9tat de 15 journalistes, qui ont \u00e9t\u00e9 victimes d&rsquo;agression physique en mars 2023, d\u00e9non\u00e7ant ainsi la poursuite des agressions contre les journalistes et mettant en garde contre une violence plus importante sur la toile et les r\u00e9seaux sociaux.<\/p>\n","protected":false},"excerpt":{"rendered":"<p>Le Syndicat National des Journalistes Tunisiens (SNJT) a appel\u00e9, ce mercredi 12 avril 2023, au retrait du d\u00e9cret-loi n\u00b02022-54 2022 relatif \u00e0 la lutte contre le&#8230;<\/p>\n","protected":false},"author":3162,"featured_media":251462,"comment_status":"open","ping_status":"closed","sticky":false,"template":"","format":"standard","meta":{"footnotes":""},"categories":[44],"tags":[3435,4841,2758,2759,3093,2827],"class_list":["post-204784","post","type-post","status-publish","format-standard","has-post-thumbnail","hentry","category-national","tag-agression","tag-decret-loi-54","tag-journalistes","tag-snjt","tag-syndicat","tag-violence"],"yoast_head":"<!-- This site is optimized with the Yoast SEO Premium plugin v27.4 (Yoast SEO v27.5) - https:\/\/yoast.com\/product\/yoast-seo-premium-wordpress\/ -->\n<title>Le SNJT appelle au retrait du d\u00e9cret-loi 54<\/title>\n<meta name=\"description\" content=\"Le Syndicat National des Journalistes Tunisiens (SNJT) a appel\u00e9, ce mercredi 12 avril 2023, au retrait du d\u00e9cret-loi n\u00b02022-54 2022 relatif \u00e0 la lutte contre le...\" \/>\n<link rel=\"canonical\" href=\"https:\/\/www.webdo.tn\/fr\/actualite\/national\/le-snjt-appelle-au-retrait-du-decret-loi-54\/204784\/\" \/>\n<meta property=\"og:locale\" content=\"fr_FR\" \/>\n<meta property=\"og:type\" content=\"article\" \/>\n<meta property=\"og:title\" content=\"Le SNJT appelle au retrait du d\u00e9cret-loi 54\" \/>\n<meta property=\"og:description\" content=\"Le Syndicat National des Journalistes Tunisiens (SNJT) a appel\u00e9, ce mercredi 12 avril 2023, au retrait du d\u00e9cret-loi n\u00b02022-54 2022 relatif \u00e0 la lutte contre le...\" \/>\n<meta property=\"og:url\" content=\"https:\/\/www.webdo.tn\/fr\/actualite\/national\/le-snjt-appelle-au-retrait-du-decret-loi-54\/204784\/\" \/>\n<meta property=\"og:site_name\" content=\"webdo\" \/>\n<meta property=\"article:publisher\" content=\"https:\/\/www.facebook.com\/webdotn\" \/>\n<meta property=\"article:published_time\" content=\"2023-04-12T14:14:00+00:00\" \/>\n<meta property=\"article:modified_time\" content=\"2025-05-20T22:00:52+00:00\" \/>\n<meta property=\"og:image\" content=\"https:\/\/www.webdo.tn\/fr\/wp-content\/uploads\/2023\/04\/4a60e396d15e2845febe083c9a5d4296.jpg\" \/>\n\t<meta property=\"og:image:width\" content=\"750\" \/>\n\t<meta property=\"og:image:height\" content=\"400\" \/>\n\t<meta property=\"og:image:type\" content=\"image\/jpeg\" \/>\n<meta name=\"author\" content=\"MC\" \/>\n<meta name=\"twitter:card\" content=\"summary_large_image\" \/>\n<meta name=\"twitter:creator\" content=\"@webdo_tn\" \/>\n<meta name=\"twitter:site\" content=\"@webdo_tn\" \/>\n<meta name=\"twitter:label1\" content=\"\u00c9crit par\" \/>\n\t<meta name=\"twitter:data1\" content=\"MC\" \/>\n\t<meta name=\"twitter:label2\" content=\"Dur\u00e9e de lecture estim\u00e9e\" \/>\n\t<meta name=\"twitter:data2\" content=\"1 minute\" \/>\n<script type=\"application\/ld+json\" class=\"yoast-schema-graph\">{\"@context\":\"https:\\\/\\\/schema.org\",\"@graph\":[{\"@type\":\"NewsArticle\",\"@id\":\"https:\\\/\\\/www.webdo.tn\\\/fr\\\/actualite\\\/national\\\/le-snjt-appelle-au-retrait-du-decret-loi-54\\\/204784\\\/#article\",\"isPartOf\":{\"@id\":\"https:\\\/\\\/www.webdo.tn\\\/fr\\\/actualite\\\/national\\\/le-snjt-appelle-au-retrait-du-decret-loi-54\\\/204784\\\/\"},\"author\":{\"name\":\"MC\",\"@id\":\"https:\\\/\\\/www.webdo.tn\\\/fr\\\/#\\\/schema\\\/person\\\/2c4929cbf5a809e3bd38617c6ce150f6\"},\"headline\":\"Le SNJT appelle au retrait du d\u00e9cret-loi 54\",\"datePublished\":\"2023-04-12T14:14:00+00:00\",\"dateModified\":\"2025-05-20T22:00:52+00:00\",\"mainEntityOfPage\":{\"@id\":\"https:\\\/\\\/www.webdo.tn\\\/fr\\\/actualite\\\/national\\\/le-snjt-appelle-au-retrait-du-decret-loi-54\\\/204784\\\/\"},\"wordCount\":185,\"commentCount\":0,\"publisher\":{\"@id\":\"https:\\\/\\\/www.webdo.tn\\\/fr\\\/#organization\"},\"image\":{\"@id\":\"https:\\\/\\\/www.webdo.tn\\\/fr\\\/actualite\\\/national\\\/le-snjt-appelle-au-retrait-du-decret-loi-54\\\/204784\\\/#primaryimage\"},\"thumbnailUrl\":\"https:\\\/\\\/www.webdo.tn\\\/fr\\\/wp-content\\\/uploads\\\/2023\\\/04\\\/4a60e396d15e2845febe083c9a5d4296.jpg\",\"keywords\":[\"agression\",\"d\u00e9cret-loi 54\",\"Journalistes\",\"snjt\",\"syndicat\",\"violence\"],\"articleSection\":[\"National\"],\"inLanguage\":\"fr-FR\"},{\"@type\":\"WebPage\",\"@id\":\"https:\\\/\\\/www.webdo.tn\\\/fr\\\/actualite\\\/national\\\/le-snjt-appelle-au-retrait-du-decret-loi-54\\\/204784\\\/\",\"url\":\"https:\\\/\\\/www.webdo.tn\\\/fr\\\/actualite\\\/national\\\/le-snjt-appelle-au-retrait-du-decret-loi-54\\\/204784\\\/\",\"name\":\"Le SNJT appelle au retrait du d\u00e9cret-loi 54\",\"isPartOf\":{\"@id\":\"https:\\\/\\\/www.webdo.tn\\\/fr\\\/#website\"},\"primaryImageOfPage\":{\"@id\":\"https:\\\/\\\/www.webdo.tn\\\/fr\\\/actualite\\\/national\\\/le-snjt-appelle-au-retrait-du-decret-loi-54\\\/204784\\\/#primaryimage\"},\"image\":{\"@id\":\"https:\\\/\\\/www.webdo.tn\\\/fr\\\/actualite\\\/national\\\/le-snjt-appelle-au-retrait-du-decret-loi-54\\\/204784\\\/#primaryimage\"},\"thumbnailUrl\":\"https:\\\/\\\/www.webdo.tn\\\/fr\\\/wp-content\\\/uploads\\\/2023\\\/04\\\/4a60e396d15e2845febe083c9a5d4296.jpg\",\"datePublished\":\"2023-04-12T14:14:00+00:00\",\"dateModified\":\"2025-05-20T22:00:52+00:00\",\"description\":\"Le Syndicat National des Journalistes Tunisiens (SNJT) a appel\u00e9, ce mercredi 12 avril 2023, au retrait du d\u00e9cret-loi n\u00b02022-54 2022 relatif \u00e0 la lutte contre le...\",\"breadcrumb\":{\"@id\":\"https:\\\/\\\/www.webdo.tn\\\/fr\\\/actualite\\\/national\\\/le-snjt-appelle-au-retrait-du-decret-loi-54\\\/204784\\\/#breadcrumb\"},\"inLanguage\":\"fr-FR\",\"potentialAction\":[{\"@type\":\"ReadAction\",\"target\":[\"https:\\\/\\\/www.webdo.tn\\\/fr\\\/actualite\\\/national\\\/le-snjt-appelle-au-retrait-du-decret-loi-54\\\/204784\\\/\"]}]},{\"@type\":\"ImageObject\",\"inLanguage\":\"fr-FR\",\"@id\":\"https:\\\/\\\/www.webdo.tn\\\/fr\\\/actualite\\\/national\\\/le-snjt-appelle-au-retrait-du-decret-loi-54\\\/204784\\\/#primaryimage\",\"url\":\"https:\\\/\\\/www.webdo.tn\\\/fr\\\/wp-content\\\/uploads\\\/2023\\\/04\\\/4a60e396d15e2845febe083c9a5d4296.jpg\",\"contentUrl\":\"https:\\\/\\\/www.webdo.tn\\\/fr\\\/wp-content\\\/uploads\\\/2023\\\/04\\\/4a60e396d15e2845febe083c9a5d4296.jpg\",\"width\":750,\"height\":400,\"caption\":\"Le SNJT appelle au retrait du d\u00e9cret-loi 54\"},{\"@type\":\"BreadcrumbList\",\"@id\":\"https:\\\/\\\/www.webdo.tn\\\/fr\\\/actualite\\\/national\\\/le-snjt-appelle-au-retrait-du-decret-loi-54\\\/204784\\\/#breadcrumb\",\"itemListElement\":[{\"@type\":\"ListItem\",\"position\":1,\"name\":\"Accueil\",\"item\":\"https:\\\/\\\/www.webdo.tn\\\/fr\\\/\"},{\"@type\":\"ListItem\",\"position\":2,\"name\":\"Le SNJT appelle au retrait du d\u00e9cret-loi 54\"}]},{\"@type\":\"WebSite\",\"@id\":\"https:\\\/\\\/www.webdo.tn\\\/fr\\\/#website\",\"url\":\"https:\\\/\\\/www.webdo.tn\\\/fr\\\/\",\"name\":\"webdo\",\"description\":\"Tunisie - News en Tunisie et \u00e0 l&#039;international sur Webdo.tn\",\"publisher\":{\"@id\":\"https:\\\/\\\/www.webdo.tn\\\/fr\\\/#organization\"},\"potentialAction\":[{\"@type\":\"SearchAction\",\"target\":{\"@type\":\"EntryPoint\",\"urlTemplate\":\"https:\\\/\\\/www.webdo.tn\\\/fr\\\/?s={search_term_string}\"},\"query-input\":{\"@type\":\"PropertyValueSpecification\",\"valueRequired\":true,\"valueName\":\"search_term_string\"}}],\"inLanguage\":\"fr-FR\"},{\"@type\":\"Organization\",\"@id\":\"https:\\\/\\\/www.webdo.tn\\\/fr\\\/#organization\",\"name\":\"Webdo\",\"alternateName\":\"Webdo.tn\",\"url\":\"https:\\\/\\\/www.webdo.tn\\\/fr\\\/\",\"logo\":{\"@type\":\"ImageObject\",\"inLanguage\":\"fr-FR\",\"@id\":\"https:\\\/\\\/www.webdo.tn\\\/fr\\\/#\\\/schema\\\/logo\\\/image\\\/\",\"url\":\"https:\\\/\\\/www.webdo.tn\\\/fr\\\/wp-content\\\/uploads\\\/2025\\\/06\\\/Webdo-Tunisie_168377.jpg\",\"contentUrl\":\"https:\\\/\\\/www.webdo.tn\\\/fr\\\/wp-content\\\/uploads\\\/2025\\\/06\\\/Webdo-Tunisie_168377.jpg\",\"width\":301,\"height\":301,\"caption\":\"Webdo\"},\"image\":{\"@id\":\"https:\\\/\\\/www.webdo.tn\\\/fr\\\/#\\\/schema\\\/logo\\\/image\\\/\"},\"sameAs\":[\"https:\\\/\\\/www.facebook.com\\\/webdotn\",\"https:\\\/\\\/x.com\\\/webdo_tn\"],\"description\":\"Webdo est un m\u00e9dia num\u00e9rique tunisien fond\u00e9 en 2010, sp\u00e9cialis\u00e9 dans l\u2019actualit\u00e9 nationale et internationale, l\u2019\u00e9conomie, la soci\u00e9t\u00e9 et les analyses politiques. Le site s\u2019adresse \u00e0 un large public francophone et couvre l\u2019information tunisienne en temps r\u00e9el.\",\"email\":\"redac@webdo.tn\",\"legalName\":\"YNJ SARL\",\"foundingDate\":\"2010-09-06\",\"numberOfEmployees\":{\"@type\":\"QuantitativeValue\",\"minValue\":\"11\",\"maxValue\":\"50\"}},{\"@type\":\"Person\",\"@id\":\"https:\\\/\\\/www.webdo.tn\\\/fr\\\/#\\\/schema\\\/person\\\/2c4929cbf5a809e3bd38617c6ce150f6\",\"name\":\"MC\",\"image\":{\"@type\":\"ImageObject\",\"inLanguage\":\"fr-FR\",\"@id\":\"https:\\\/\\\/secure.gravatar.com\\\/avatar\\\/a545bbb6f84efdd5553dbbc2895e3ca8f1d12c5215e00a041c9670b54aa9b18a?s=96&d=mm&r=g\",\"url\":\"https:\\\/\\\/secure.gravatar.com\\\/avatar\\\/a545bbb6f84efdd5553dbbc2895e3ca8f1d12c5215e00a041c9670b54aa9b18a?s=96&d=mm&r=g\",\"contentUrl\":\"https:\\\/\\\/secure.gravatar.com\\\/avatar\\\/a545bbb6f84efdd5553dbbc2895e3ca8f1d12c5215e00a041c9670b54aa9b18a?s=96&d=mm&r=g\",\"caption\":\"MC\"},\"url\":\"https:\\\/\\\/www.webdo.tn\\\/fr\\\/actualite\\\/author\\\/mc\\\/\"}]}<\/script>\n<!-- \/ Yoast SEO Premium plugin. -->","yoast_head_json":{"title":"Le SNJT appelle au retrait du d\u00e9cret-loi 54","description":"Le Syndicat National des Journalistes Tunisiens (SNJT) a appel\u00e9, ce mercredi 12 avril 2023, au retrait du d\u00e9cret-loi n\u00b02022-54 2022 relatif \u00e0 la lutte contre le...","canonical":"https:\/\/www.webdo.tn\/fr\/actualite\/national\/le-snjt-appelle-au-retrait-du-decret-loi-54\/204784\/","og_locale":"fr_FR","og_type":"article","og_title":"Le SNJT appelle au retrait du d\u00e9cret-loi 54","og_description":"Le Syndicat National des Journalistes Tunisiens (SNJT) a appel\u00e9, ce mercredi 12 avril 2023, au retrait du d\u00e9cret-loi n\u00b02022-54 2022 relatif \u00e0 la lutte contre le...","og_url":"https:\/\/www.webdo.tn\/fr\/actualite\/national\/le-snjt-appelle-au-retrait-du-decret-loi-54\/204784\/","og_site_name":"webdo","article_publisher":"https:\/\/www.facebook.com\/webdotn","article_published_time":"2023-04-12T14:14:00+00:00","article_modified_time":"2025-05-20T22:00:52+00:00","og_image":[{"width":750,"height":400,"url":"https:\/\/www.webdo.tn\/fr\/wp-content\/uploads\/2023\/04\/4a60e396d15e2845febe083c9a5d4296.jpg","type":"image\/jpeg"}],"author":"MC","twitter_card":"summary_large_image","twitter_creator":"@webdo_tn","twitter_site":"@webdo_tn","twitter_misc":{"\u00c9crit par":"MC","Dur\u00e9e de lecture estim\u00e9e":"1 minute"},"schema":{"@context":"https:\/\/schema.org","@graph":[{"@type":"NewsArticle","@id":"https:\/\/www.webdo.tn\/fr\/actualite\/national\/le-snjt-appelle-au-retrait-du-decret-loi-54\/204784\/#article","isPartOf":{"@id":"https:\/\/www.webdo.tn\/fr\/actualite\/national\/le-snjt-appelle-au-retrait-du-decret-loi-54\/204784\/"},"author":{"name":"MC","@id":"https:\/\/www.webdo.tn\/fr\/#\/schema\/person\/2c4929cbf5a809e3bd38617c6ce150f6"},"headline":"Le SNJT appelle au retrait du d\u00e9cret-loi 54","datePublished":"2023-04-12T14:14:00+00:00","dateModified":"2025-05-20T22:00:52+00:00","mainEntityOfPage":{"@id":"https:\/\/www.webdo.tn\/fr\/actualite\/national\/le-snjt-appelle-au-retrait-du-decret-loi-54\/204784\/"},"wordCount":185,"commentCount":0,"publisher":{"@id":"https:\/\/www.webdo.tn\/fr\/#organization"},"image":{"@id":"https:\/\/www.webdo.tn\/fr\/actualite\/national\/le-snjt-appelle-au-retrait-du-decret-loi-54\/204784\/#primaryimage"},"thumbnailUrl":"https:\/\/www.webdo.tn\/fr\/wp-content\/uploads\/2023\/04\/4a60e396d15e2845febe083c9a5d4296.jpg","keywords":["agression","d\u00e9cret-loi 54","Journalistes","snjt","syndicat","violence"],"articleSection":["National"],"inLanguage":"fr-FR"},{"@type":"WebPage","@id":"https:\/\/www.webdo.tn\/fr\/actualite\/national\/le-snjt-appelle-au-retrait-du-decret-loi-54\/204784\/","url":"https:\/\/www.webdo.tn\/fr\/actualite\/national\/le-snjt-appelle-au-retrait-du-decret-loi-54\/204784\/","name":"Le SNJT appelle au retrait du d\u00e9cret-loi 54","isPartOf":{"@id":"https:\/\/www.webdo.tn\/fr\/#website"},"primaryImageOfPage":{"@id":"https:\/\/www.webdo.tn\/fr\/actualite\/national\/le-snjt-appelle-au-retrait-du-decret-loi-54\/204784\/#primaryimage"},"image":{"@id":"https:\/\/www.webdo.tn\/fr\/actualite\/national\/le-snjt-appelle-au-retrait-du-decret-loi-54\/204784\/#primaryimage"},"thumbnailUrl":"https:\/\/www.webdo.tn\/fr\/wp-content\/uploads\/2023\/04\/4a60e396d15e2845febe083c9a5d4296.jpg","datePublished":"2023-04-12T14:14:00+00:00","dateModified":"2025-05-20T22:00:52+00:00","description":"Le Syndicat National des Journalistes Tunisiens (SNJT) a appel\u00e9, ce mercredi 12 avril 2023, au retrait du d\u00e9cret-loi n\u00b02022-54 2022 relatif \u00e0 la lutte contre le...","breadcrumb":{"@id":"https:\/\/www.webdo.tn\/fr\/actualite\/national\/le-snjt-appelle-au-retrait-du-decret-loi-54\/204784\/#breadcrumb"},"inLanguage":"fr-FR","potentialAction":[{"@type":"ReadAction","target":["https:\/\/www.webdo.tn\/fr\/actualite\/national\/le-snjt-appelle-au-retrait-du-decret-loi-54\/204784\/"]}]},{"@type":"ImageObject","inLanguage":"fr-FR","@id":"https:\/\/www.webdo.tn\/fr\/actualite\/national\/le-snjt-appelle-au-retrait-du-decret-loi-54\/204784\/#primaryimage","url":"https:\/\/www.webdo.tn\/fr\/wp-content\/uploads\/2023\/04\/4a60e396d15e2845febe083c9a5d4296.jpg","contentUrl":"https:\/\/www.webdo.tn\/fr\/wp-content\/uploads\/2023\/04\/4a60e396d15e2845febe083c9a5d4296.jpg","width":750,"height":400,"caption":"Le SNJT appelle au retrait du d\u00e9cret-loi 54"},{"@type":"BreadcrumbList","@id":"https:\/\/www.webdo.tn\/fr\/actualite\/national\/le-snjt-appelle-au-retrait-du-decret-loi-54\/204784\/#breadcrumb","itemListElement":[{"@type":"ListItem","position":1,"name":"Accueil","item":"https:\/\/www.webdo.tn\/fr\/"},{"@type":"ListItem","position":2,"name":"Le SNJT appelle au retrait du d\u00e9cret-loi 54"}]},{"@type":"WebSite","@id":"https:\/\/www.webdo.tn\/fr\/#website","url":"https:\/\/www.webdo.tn\/fr\/","name":"webdo","description":"Tunisie - News en Tunisie et \u00e0 l&#039;international sur Webdo.tn","publisher":{"@id":"https:\/\/www.webdo.tn\/fr\/#organization"},"potentialAction":[{"@type":"SearchAction","target":{"@type":"EntryPoint","urlTemplate":"https:\/\/www.webdo.tn\/fr\/?s={search_term_string}"},"query-input":{"@type":"PropertyValueSpecification","valueRequired":true,"valueName":"search_term_string"}}],"inLanguage":"fr-FR"},{"@type":"Organization","@id":"https:\/\/www.webdo.tn\/fr\/#organization","name":"Webdo","alternateName":"Webdo.tn","url":"https:\/\/www.webdo.tn\/fr\/","logo":{"@type":"ImageObject","inLanguage":"fr-FR","@id":"https:\/\/www.webdo.tn\/fr\/#\/schema\/logo\/image\/","url":"https:\/\/www.webdo.tn\/fr\/wp-content\/uploads\/2025\/06\/Webdo-Tunisie_168377.jpg","contentUrl":"https:\/\/www.webdo.tn\/fr\/wp-content\/uploads\/2025\/06\/Webdo-Tunisie_168377.jpg","width":301,"height":301,"caption":"Webdo"},"image":{"@id":"https:\/\/www.webdo.tn\/fr\/#\/schema\/logo\/image\/"},"sameAs":["https:\/\/www.facebook.com\/webdotn","https:\/\/x.com\/webdo_tn"],"description":"Webdo est un m\u00e9dia num\u00e9rique tunisien fond\u00e9 en 2010, sp\u00e9cialis\u00e9 dans l\u2019actualit\u00e9 nationale et internationale, l\u2019\u00e9conomie, la soci\u00e9t\u00e9 et les analyses politiques. Le site s\u2019adresse \u00e0 un large public francophone et couvre l\u2019information tunisienne en temps r\u00e9el.","email":"redac@webdo.tn","legalName":"YNJ SARL","foundingDate":"2010-09-06","numberOfEmployees":{"@type":"QuantitativeValue","minValue":"11","maxValue":"50"}},{"@type":"Person","@id":"https:\/\/www.webdo.tn\/fr\/#\/schema\/person\/2c4929cbf5a809e3bd38617c6ce150f6","name":"MC","image":{"@type":"ImageObject","inLanguage":"fr-FR","@id":"https:\/\/secure.gravatar.com\/avatar\/a545bbb6f84efdd5553dbbc2895e3ca8f1d12c5215e00a041c9670b54aa9b18a?s=96&d=mm&r=g","url":"https:\/\/secure.gravatar.com\/avatar\/a545bbb6f84efdd5553dbbc2895e3ca8f1d12c5215e00a041c9670b54aa9b18a?s=96&d=mm&r=g","contentUrl":"https:\/\/secure.gravatar.com\/avatar\/a545bbb6f84efdd5553dbbc2895e3ca8f1d12c5215e00a041c9670b54aa9b18a?s=96&d=mm&r=g","caption":"MC"},"url":"https:\/\/www.webdo.tn\/fr\/actualite\/author\/mc\/"}]}},"_links":{"self":[{"href":"https:\/\/www.webdo.tn\/fr\/wp-json\/wp\/v2\/posts\/204784","targetHints":{"allow":["GET"]}}],"collection":[{"href":"https:\/\/www.webdo.tn\/fr\/wp-json\/wp\/v2\/posts"}],"about":[{"href":"https:\/\/www.webdo.tn\/fr\/wp-json\/wp\/v2\/types\/post"}],"author":[{"embeddable":true,"href":"https:\/\/www.webdo.tn\/fr\/wp-json\/wp\/v2\/users\/3162"}],"replies":[{"embeddable":true,"href":"https:\/\/www.webdo.tn\/fr\/wp-json\/wp\/v2\/comments?post=204784"}],"version-history":[{"count":0,"href":"https:\/\/www.webdo.tn\/fr\/wp-json\/wp\/v2\/posts\/204784\/revisions"}],"wp:featuredmedia":[{"embeddable":true,"href":"https:\/\/www.webdo.tn\/fr\/wp-json\/wp\/v2\/media\/251462"}],"wp:attachment":[{"href":"https:\/\/www.webdo.tn\/fr\/wp-json\/wp\/v2\/media?parent=204784"}],"wp:term":[{"taxonomy":"category","embeddable":true,"href":"https:\/\/www.webdo.tn\/fr\/wp-json\/wp\/v2\/categories?post=204784"},{"taxonomy":"post_tag","embeddable":true,"href":"https:\/\/www.webdo.tn\/fr\/wp-json\/wp\/v2\/tags?post=204784"}],"curies":[{"name":"wp","href":"https:\/\/api.w.org\/{rel}","templated":true}]}}