{"id":204783,"date":"2023-04-12T13:51:00","date_gmt":"2023-04-12T13:51:00","guid":{"rendered":"https:\/\/www.webdo.tn\/fr\/blog\/72-migrants-secourus-et-10-corps-repeches-au-large-des-cotes-sfaxiennes\/204783\/"},"modified":"2025-05-20T22:00:51","modified_gmt":"2025-05-20T22:00:51","slug":"72-migrants-secourus-et-10-corps-repeches-au-large-des-cotes-sfaxiennes","status":"publish","type":"post","link":"https:\/\/www.webdo.tn\/fr\/actualite\/national\/72-migrants-secourus-et-10-corps-repeches-au-large-des-cotes-sfaxiennes\/204783\/","title":{"rendered":"76 migrants secourus et 10 corps rep\u00each\u00e9s au large des c\u00f4tes sfaxiennes"},"content":{"rendered":"<p>Un nouveau drame a frapp\u00e9 les migrants irr\u00e9guliers suite au naufrage d\u2019une embarcation au large des c\u00f4tes sfaxiennes.<\/p>\n<p>\t\t\t\t\t\t\t\t\tUne embarcation, avec \u00e0 son bord environ 86 migrants irr\u00e9guliers subsahariens a fait naufrage en M\u00e9diterran\u00e9e au large de la Tunisie alors qu\u2019elle se dirigeait vers les c\u00f4tes europ\u00e9ennes.<\/p>\n<p>Soixante-seize migrants originaires d&rsquo;Afrique subsaharienne ont \u00e9t\u00e9 secourus et dix corps ont \u00e9t\u00e9 rep\u00each\u00e9s apr\u00e8s le naufrage de leur bateau, mardi 11 avril, au large de Sfax, a indiqu\u00e9 le porte-parole de la garde nationale, Houssemeddine Jebabli.<\/p>\n","protected":false},"excerpt":{"rendered":"<p>Un nouveau drame a frapp\u00e9 les migrants irr\u00e9guliers suite au naufrage d\u2019une embarcation au large des c\u00f4tes sfaxiennes.<\/p>\n","protected":false},"author":3162,"featured_media":251461,"comment_status":"open","ping_status":"closed","sticky":false,"template":"","format":"standard","meta":{"footnotes":""},"categories":[44],"tags":[2894,3594,3377],"class_list":["post-204783","post","type-post","status-publish","format-standard","has-post-thumbnail","hentry","category-national","tag-migrants","tag-naufrage","tag-subsahariens"],"yoast_head":"<!-- This site is optimized with the Yoast SEO Premium plugin v27.5 (Yoast SEO v27.5) - https:\/\/yoast.com\/product\/yoast-seo-premium-wordpress\/ -->\n<title>76 migrants secourus et 10 corps rep\u00each\u00e9s au large des c\u00f4tes sfaxiennes<\/title>\n<meta name=\"description\" content=\"Un nouveau drame a frapp\u00e9 les migrants irr\u00e9guliers suite au naufrage d\u2019une embarcation au large des c\u00f4tes sfaxiennes.\" \/>\n<link rel=\"canonical\" href=\"https:\/\/www.webdo.tn\/fr\/actualite\/national\/72-migrants-secourus-et-10-corps-repeches-au-large-des-cotes-sfaxiennes\/204783\/\" \/>\n<meta property=\"og:locale\" content=\"fr_FR\" \/>\n<meta property=\"og:type\" content=\"article\" \/>\n<meta property=\"og:title\" content=\"76 migrants secourus et 10 corps rep\u00each\u00e9s au large des c\u00f4tes sfaxiennes\" \/>\n<meta property=\"og:description\" content=\"Un nouveau drame a frapp\u00e9 les migrants irr\u00e9guliers suite au naufrage d\u2019une embarcation au large des c\u00f4tes sfaxiennes.\" \/>\n<meta property=\"og:url\" content=\"https:\/\/www.webdo.tn\/fr\/actualite\/national\/72-migrants-secourus-et-10-corps-repeches-au-large-des-cotes-sfaxiennes\/204783\/\" \/>\n<meta property=\"og:site_name\" content=\"webdo\" \/>\n<meta property=\"article:publisher\" content=\"https:\/\/www.facebook.com\/webdotn\" \/>\n<meta property=\"article:published_time\" content=\"2023-04-12T13:51:00+00:00\" \/>\n<meta property=\"article:modified_time\" content=\"2025-05-20T22:00:51+00:00\" \/>\n<meta property=\"og:image\" content=\"https:\/\/www.webdo.tn\/fr\/wp-content\/uploads\/2023\/04\/c6693b4e5ee8930430394457f9c9cba2.jpeg\" \/>\n\t<meta property=\"og:image:width\" content=\"750\" \/>\n\t<meta property=\"og:image:height\" content=\"400\" \/>\n\t<meta property=\"og:image:type\" content=\"image\/jpeg\" \/>\n<meta name=\"author\" content=\"MC\" \/>\n<meta name=\"twitter:card\" content=\"summary_large_image\" \/>\n<meta name=\"twitter:creator\" content=\"@webdo_tn\" \/>\n<meta name=\"twitter:site\" content=\"@webdo_tn\" \/>\n<meta name=\"twitter:label1\" content=\"\u00c9crit par\" \/>\n\t<meta name=\"twitter:data1\" content=\"MC\" \/>\n<script type=\"application\/ld+json\" class=\"yoast-schema-graph\">{\"@context\":\"https:\\\/\\\/schema.org\",\"@graph\":[{\"@type\":\"NewsArticle\",\"@id\":\"https:\\\/\\\/www.webdo.tn\\\/fr\\\/actualite\\\/national\\\/72-migrants-secourus-et-10-corps-repeches-au-large-des-cotes-sfaxiennes\\\/204783\\\/#article\",\"isPartOf\":{\"@id\":\"https:\\\/\\\/www.webdo.tn\\\/fr\\\/actualite\\\/national\\\/72-migrants-secourus-et-10-corps-repeches-au-large-des-cotes-sfaxiennes\\\/204783\\\/\"},\"author\":{\"name\":\"MC\",\"@id\":\"https:\\\/\\\/www.webdo.tn\\\/fr\\\/#\\\/schema\\\/person\\\/2c4929cbf5a809e3bd38617c6ce150f6\"},\"headline\":\"76 migrants secourus et 10 corps rep\u00each\u00e9s au large des c\u00f4tes sfaxiennes\",\"datePublished\":\"2023-04-12T13:51:00+00:00\",\"dateModified\":\"2025-05-20T22:00:51+00:00\",\"mainEntityOfPage\":{\"@id\":\"https:\\\/\\\/www.webdo.tn\\\/fr\\\/actualite\\\/national\\\/72-migrants-secourus-et-10-corps-repeches-au-large-des-cotes-sfaxiennes\\\/204783\\\/\"},\"wordCount\":107,\"commentCount\":0,\"publisher\":{\"@id\":\"https:\\\/\\\/www.webdo.tn\\\/fr\\\/#organization\"},\"image\":{\"@id\":\"https:\\\/\\\/www.webdo.tn\\\/fr\\\/actualite\\\/national\\\/72-migrants-secourus-et-10-corps-repeches-au-large-des-cotes-sfaxiennes\\\/204783\\\/#primaryimage\"},\"thumbnailUrl\":\"https:\\\/\\\/www.webdo.tn\\\/fr\\\/wp-content\\\/uploads\\\/2023\\\/04\\\/c6693b4e5ee8930430394457f9c9cba2.jpeg\",\"keywords\":[\"migrants\",\"naufrage\",\"Subsahariens\"],\"articleSection\":[\"National\"],\"inLanguage\":\"fr-FR\"},{\"@type\":\"WebPage\",\"@id\":\"https:\\\/\\\/www.webdo.tn\\\/fr\\\/actualite\\\/national\\\/72-migrants-secourus-et-10-corps-repeches-au-large-des-cotes-sfaxiennes\\\/204783\\\/\",\"url\":\"https:\\\/\\\/www.webdo.tn\\\/fr\\\/actualite\\\/national\\\/72-migrants-secourus-et-10-corps-repeches-au-large-des-cotes-sfaxiennes\\\/204783\\\/\",\"name\":\"76 migrants secourus et 10 corps rep\u00each\u00e9s au large des c\u00f4tes sfaxiennes\",\"isPartOf\":{\"@id\":\"https:\\\/\\\/www.webdo.tn\\\/fr\\\/#website\"},\"primaryImageOfPage\":{\"@id\":\"https:\\\/\\\/www.webdo.tn\\\/fr\\\/actualite\\\/national\\\/72-migrants-secourus-et-10-corps-repeches-au-large-des-cotes-sfaxiennes\\\/204783\\\/#primaryimage\"},\"image\":{\"@id\":\"https:\\\/\\\/www.webdo.tn\\\/fr\\\/actualite\\\/national\\\/72-migrants-secourus-et-10-corps-repeches-au-large-des-cotes-sfaxiennes\\\/204783\\\/#primaryimage\"},\"thumbnailUrl\":\"https:\\\/\\\/www.webdo.tn\\\/fr\\\/wp-content\\\/uploads\\\/2023\\\/04\\\/c6693b4e5ee8930430394457f9c9cba2.jpeg\",\"datePublished\":\"2023-04-12T13:51:00+00:00\",\"dateModified\":\"2025-05-20T22:00:51+00:00\",\"description\":\"Un nouveau drame a frapp\u00e9 les migrants irr\u00e9guliers suite au naufrage d\u2019une embarcation au large des c\u00f4tes sfaxiennes.\",\"breadcrumb\":{\"@id\":\"https:\\\/\\\/www.webdo.tn\\\/fr\\\/actualite\\\/national\\\/72-migrants-secourus-et-10-corps-repeches-au-large-des-cotes-sfaxiennes\\\/204783\\\/#breadcrumb\"},\"inLanguage\":\"fr-FR\",\"potentialAction\":[{\"@type\":\"ReadAction\",\"target\":[\"https:\\\/\\\/www.webdo.tn\\\/fr\\\/actualite\\\/national\\\/72-migrants-secourus-et-10-corps-repeches-au-large-des-cotes-sfaxiennes\\\/204783\\\/\"]}]},{\"@type\":\"ImageObject\",\"inLanguage\":\"fr-FR\",\"@id\":\"https:\\\/\\\/www.webdo.tn\\\/fr\\\/actualite\\\/national\\\/72-migrants-secourus-et-10-corps-repeches-au-large-des-cotes-sfaxiennes\\\/204783\\\/#primaryimage\",\"url\":\"https:\\\/\\\/www.webdo.tn\\\/fr\\\/wp-content\\\/uploads\\\/2023\\\/04\\\/c6693b4e5ee8930430394457f9c9cba2.jpeg\",\"contentUrl\":\"https:\\\/\\\/www.webdo.tn\\\/fr\\\/wp-content\\\/uploads\\\/2023\\\/04\\\/c6693b4e5ee8930430394457f9c9cba2.jpeg\",\"width\":750,\"height\":400,\"caption\":\"76 migrants secourus et 10 corps rep\u00each\u00e9s au large des c\u00f4tes sfaxiennes\"},{\"@type\":\"BreadcrumbList\",\"@id\":\"https:\\\/\\\/www.webdo.tn\\\/fr\\\/actualite\\\/national\\\/72-migrants-secourus-et-10-corps-repeches-au-large-des-cotes-sfaxiennes\\\/204783\\\/#breadcrumb\",\"itemListElement\":[{\"@type\":\"ListItem\",\"position\":1,\"name\":\"Accueil\",\"item\":\"https:\\\/\\\/www.webdo.tn\\\/fr\\\/\"},{\"@type\":\"ListItem\",\"position\":2,\"name\":\"76 migrants secourus et 10 corps rep\u00each\u00e9s au large des c\u00f4tes sfaxiennes\"}]},{\"@type\":\"WebSite\",\"@id\":\"https:\\\/\\\/www.webdo.tn\\\/fr\\\/#website\",\"url\":\"https:\\\/\\\/www.webdo.tn\\\/fr\\\/\",\"name\":\"webdo\",\"description\":\"Tunisie - News en Tunisie et \u00e0 l&#039;international sur Webdo.tn\",\"publisher\":{\"@id\":\"https:\\\/\\\/www.webdo.tn\\\/fr\\\/#organization\"},\"potentialAction\":[{\"@type\":\"SearchAction\",\"target\":{\"@type\":\"EntryPoint\",\"urlTemplate\":\"https:\\\/\\\/www.webdo.tn\\\/fr\\\/?s={search_term_string}\"},\"query-input\":{\"@type\":\"PropertyValueSpecification\",\"valueRequired\":true,\"valueName\":\"search_term_string\"}}],\"inLanguage\":\"fr-FR\"},{\"@type\":\"Organization\",\"@id\":\"https:\\\/\\\/www.webdo.tn\\\/fr\\\/#organization\",\"name\":\"Webdo\",\"alternateName\":\"Webdo.tn\",\"url\":\"https:\\\/\\\/www.webdo.tn\\\/fr\\\/\",\"logo\":{\"@type\":\"ImageObject\",\"inLanguage\":\"fr-FR\",\"@id\":\"https:\\\/\\\/www.webdo.tn\\\/fr\\\/#\\\/schema\\\/logo\\\/image\\\/\",\"url\":\"https:\\\/\\\/www.webdo.tn\\\/fr\\\/wp-content\\\/uploads\\\/2025\\\/06\\\/Webdo-Tunisie_168377.jpg\",\"contentUrl\":\"https:\\\/\\\/www.webdo.tn\\\/fr\\\/wp-content\\\/uploads\\\/2025\\\/06\\\/Webdo-Tunisie_168377.jpg\",\"width\":301,\"height\":301,\"caption\":\"Webdo\"},\"image\":{\"@id\":\"https:\\\/\\\/www.webdo.tn\\\/fr\\\/#\\\/schema\\\/logo\\\/image\\\/\"},\"sameAs\":[\"https:\\\/\\\/www.facebook.com\\\/webdotn\",\"https:\\\/\\\/x.com\\\/webdo_tn\"],\"description\":\"Webdo est un m\u00e9dia num\u00e9rique tunisien fond\u00e9 en 2010, sp\u00e9cialis\u00e9 dans l\u2019actualit\u00e9 nationale et internationale, l\u2019\u00e9conomie, la soci\u00e9t\u00e9 et les analyses politiques. Le site s\u2019adresse \u00e0 un large public francophone et couvre l\u2019information tunisienne en temps r\u00e9el.\",\"email\":\"redac@webdo.tn\",\"legalName\":\"YNJ SARL\",\"foundingDate\":\"2010-09-06\",\"numberOfEmployees\":{\"@type\":\"QuantitativeValue\",\"minValue\":\"11\",\"maxValue\":\"50\"}},{\"@type\":\"Person\",\"@id\":\"https:\\\/\\\/www.webdo.tn\\\/fr\\\/#\\\/schema\\\/person\\\/2c4929cbf5a809e3bd38617c6ce150f6\",\"name\":\"MC\",\"image\":{\"@type\":\"ImageObject\",\"inLanguage\":\"fr-FR\",\"@id\":\"https:\\\/\\\/secure.gravatar.com\\\/avatar\\\/a545bbb6f84efdd5553dbbc2895e3ca8f1d12c5215e00a041c9670b54aa9b18a?s=96&d=mm&r=g\",\"url\":\"https:\\\/\\\/secure.gravatar.com\\\/avatar\\\/a545bbb6f84efdd5553dbbc2895e3ca8f1d12c5215e00a041c9670b54aa9b18a?s=96&d=mm&r=g\",\"contentUrl\":\"https:\\\/\\\/secure.gravatar.com\\\/avatar\\\/a545bbb6f84efdd5553dbbc2895e3ca8f1d12c5215e00a041c9670b54aa9b18a?s=96&d=mm&r=g\",\"caption\":\"MC\"},\"url\":\"https:\\\/\\\/www.webdo.tn\\\/fr\\\/actualite\\\/author\\\/mc\\\/\"}]}<\/script>\n<!-- \/ Yoast SEO Premium plugin. -->","yoast_head_json":{"title":"76 migrants secourus et 10 corps rep\u00each\u00e9s au large des c\u00f4tes sfaxiennes","description":"Un nouveau drame a frapp\u00e9 les migrants irr\u00e9guliers suite au naufrage d\u2019une embarcation au large des c\u00f4tes sfaxiennes.","canonical":"https:\/\/www.webdo.tn\/fr\/actualite\/national\/72-migrants-secourus-et-10-corps-repeches-au-large-des-cotes-sfaxiennes\/204783\/","og_locale":"fr_FR","og_type":"article","og_title":"76 migrants secourus et 10 corps rep\u00each\u00e9s au large des c\u00f4tes sfaxiennes","og_description":"Un nouveau drame a frapp\u00e9 les migrants irr\u00e9guliers suite au naufrage d\u2019une embarcation au large des c\u00f4tes sfaxiennes.","og_url":"https:\/\/www.webdo.tn\/fr\/actualite\/national\/72-migrants-secourus-et-10-corps-repeches-au-large-des-cotes-sfaxiennes\/204783\/","og_site_name":"webdo","article_publisher":"https:\/\/www.facebook.com\/webdotn","article_published_time":"2023-04-12T13:51:00+00:00","article_modified_time":"2025-05-20T22:00:51+00:00","og_image":[{"width":750,"height":400,"url":"https:\/\/www.webdo.tn\/fr\/wp-content\/uploads\/2023\/04\/c6693b4e5ee8930430394457f9c9cba2.jpeg","type":"image\/jpeg"}],"author":"MC","twitter_card":"summary_large_image","twitter_creator":"@webdo_tn","twitter_site":"@webdo_tn","twitter_misc":{"\u00c9crit par":"MC"},"schema":{"@context":"https:\/\/schema.org","@graph":[{"@type":"NewsArticle","@id":"https:\/\/www.webdo.tn\/fr\/actualite\/national\/72-migrants-secourus-et-10-corps-repeches-au-large-des-cotes-sfaxiennes\/204783\/#article","isPartOf":{"@id":"https:\/\/www.webdo.tn\/fr\/actualite\/national\/72-migrants-secourus-et-10-corps-repeches-au-large-des-cotes-sfaxiennes\/204783\/"},"author":{"name":"MC","@id":"https:\/\/www.webdo.tn\/fr\/#\/schema\/person\/2c4929cbf5a809e3bd38617c6ce150f6"},"headline":"76 migrants secourus et 10 corps rep\u00each\u00e9s au large des c\u00f4tes sfaxiennes","datePublished":"2023-04-12T13:51:00+00:00","dateModified":"2025-05-20T22:00:51+00:00","mainEntityOfPage":{"@id":"https:\/\/www.webdo.tn\/fr\/actualite\/national\/72-migrants-secourus-et-10-corps-repeches-au-large-des-cotes-sfaxiennes\/204783\/"},"wordCount":107,"commentCount":0,"publisher":{"@id":"https:\/\/www.webdo.tn\/fr\/#organization"},"image":{"@id":"https:\/\/www.webdo.tn\/fr\/actualite\/national\/72-migrants-secourus-et-10-corps-repeches-au-large-des-cotes-sfaxiennes\/204783\/#primaryimage"},"thumbnailUrl":"https:\/\/www.webdo.tn\/fr\/wp-content\/uploads\/2023\/04\/c6693b4e5ee8930430394457f9c9cba2.jpeg","keywords":["migrants","naufrage","Subsahariens"],"articleSection":["National"],"inLanguage":"fr-FR"},{"@type":"WebPage","@id":"https:\/\/www.webdo.tn\/fr\/actualite\/national\/72-migrants-secourus-et-10-corps-repeches-au-large-des-cotes-sfaxiennes\/204783\/","url":"https:\/\/www.webdo.tn\/fr\/actualite\/national\/72-migrants-secourus-et-10-corps-repeches-au-large-des-cotes-sfaxiennes\/204783\/","name":"76 migrants secourus et 10 corps rep\u00each\u00e9s au large des c\u00f4tes sfaxiennes","isPartOf":{"@id":"https:\/\/www.webdo.tn\/fr\/#website"},"primaryImageOfPage":{"@id":"https:\/\/www.webdo.tn\/fr\/actualite\/national\/72-migrants-secourus-et-10-corps-repeches-au-large-des-cotes-sfaxiennes\/204783\/#primaryimage"},"image":{"@id":"https:\/\/www.webdo.tn\/fr\/actualite\/national\/72-migrants-secourus-et-10-corps-repeches-au-large-des-cotes-sfaxiennes\/204783\/#primaryimage"},"thumbnailUrl":"https:\/\/www.webdo.tn\/fr\/wp-content\/uploads\/2023\/04\/c6693b4e5ee8930430394457f9c9cba2.jpeg","datePublished":"2023-04-12T13:51:00+00:00","dateModified":"2025-05-20T22:00:51+00:00","description":"Un nouveau drame a frapp\u00e9 les migrants irr\u00e9guliers suite au naufrage d\u2019une embarcation au large des c\u00f4tes sfaxiennes.","breadcrumb":{"@id":"https:\/\/www.webdo.tn\/fr\/actualite\/national\/72-migrants-secourus-et-10-corps-repeches-au-large-des-cotes-sfaxiennes\/204783\/#breadcrumb"},"inLanguage":"fr-FR","potentialAction":[{"@type":"ReadAction","target":["https:\/\/www.webdo.tn\/fr\/actualite\/national\/72-migrants-secourus-et-10-corps-repeches-au-large-des-cotes-sfaxiennes\/204783\/"]}]},{"@type":"ImageObject","inLanguage":"fr-FR","@id":"https:\/\/www.webdo.tn\/fr\/actualite\/national\/72-migrants-secourus-et-10-corps-repeches-au-large-des-cotes-sfaxiennes\/204783\/#primaryimage","url":"https:\/\/www.webdo.tn\/fr\/wp-content\/uploads\/2023\/04\/c6693b4e5ee8930430394457f9c9cba2.jpeg","contentUrl":"https:\/\/www.webdo.tn\/fr\/wp-content\/uploads\/2023\/04\/c6693b4e5ee8930430394457f9c9cba2.jpeg","width":750,"height":400,"caption":"76 migrants secourus et 10 corps rep\u00each\u00e9s au large des c\u00f4tes sfaxiennes"},{"@type":"BreadcrumbList","@id":"https:\/\/www.webdo.tn\/fr\/actualite\/national\/72-migrants-secourus-et-10-corps-repeches-au-large-des-cotes-sfaxiennes\/204783\/#breadcrumb","itemListElement":[{"@type":"ListItem","position":1,"name":"Accueil","item":"https:\/\/www.webdo.tn\/fr\/"},{"@type":"ListItem","position":2,"name":"76 migrants secourus et 10 corps rep\u00each\u00e9s au large des c\u00f4tes sfaxiennes"}]},{"@type":"WebSite","@id":"https:\/\/www.webdo.tn\/fr\/#website","url":"https:\/\/www.webdo.tn\/fr\/","name":"webdo","description":"Tunisie - News en Tunisie et \u00e0 l&#039;international sur Webdo.tn","publisher":{"@id":"https:\/\/www.webdo.tn\/fr\/#organization"},"potentialAction":[{"@type":"SearchAction","target":{"@type":"EntryPoint","urlTemplate":"https:\/\/www.webdo.tn\/fr\/?s={search_term_string}"},"query-input":{"@type":"PropertyValueSpecification","valueRequired":true,"valueName":"search_term_string"}}],"inLanguage":"fr-FR"},{"@type":"Organization","@id":"https:\/\/www.webdo.tn\/fr\/#organization","name":"Webdo","alternateName":"Webdo.tn","url":"https:\/\/www.webdo.tn\/fr\/","logo":{"@type":"ImageObject","inLanguage":"fr-FR","@id":"https:\/\/www.webdo.tn\/fr\/#\/schema\/logo\/image\/","url":"https:\/\/www.webdo.tn\/fr\/wp-content\/uploads\/2025\/06\/Webdo-Tunisie_168377.jpg","contentUrl":"https:\/\/www.webdo.tn\/fr\/wp-content\/uploads\/2025\/06\/Webdo-Tunisie_168377.jpg","width":301,"height":301,"caption":"Webdo"},"image":{"@id":"https:\/\/www.webdo.tn\/fr\/#\/schema\/logo\/image\/"},"sameAs":["https:\/\/www.facebook.com\/webdotn","https:\/\/x.com\/webdo_tn"],"description":"Webdo est un m\u00e9dia num\u00e9rique tunisien fond\u00e9 en 2010, sp\u00e9cialis\u00e9 dans l\u2019actualit\u00e9 nationale et internationale, l\u2019\u00e9conomie, la soci\u00e9t\u00e9 et les analyses politiques. Le site s\u2019adresse \u00e0 un large public francophone et couvre l\u2019information tunisienne en temps r\u00e9el.","email":"redac@webdo.tn","legalName":"YNJ SARL","foundingDate":"2010-09-06","numberOfEmployees":{"@type":"QuantitativeValue","minValue":"11","maxValue":"50"}},{"@type":"Person","@id":"https:\/\/www.webdo.tn\/fr\/#\/schema\/person\/2c4929cbf5a809e3bd38617c6ce150f6","name":"MC","image":{"@type":"ImageObject","inLanguage":"fr-FR","@id":"https:\/\/secure.gravatar.com\/avatar\/a545bbb6f84efdd5553dbbc2895e3ca8f1d12c5215e00a041c9670b54aa9b18a?s=96&d=mm&r=g","url":"https:\/\/secure.gravatar.com\/avatar\/a545bbb6f84efdd5553dbbc2895e3ca8f1d12c5215e00a041c9670b54aa9b18a?s=96&d=mm&r=g","contentUrl":"https:\/\/secure.gravatar.com\/avatar\/a545bbb6f84efdd5553dbbc2895e3ca8f1d12c5215e00a041c9670b54aa9b18a?s=96&d=mm&r=g","caption":"MC"},"url":"https:\/\/www.webdo.tn\/fr\/actualite\/author\/mc\/"}]}},"_links":{"self":[{"href":"https:\/\/www.webdo.tn\/fr\/wp-json\/wp\/v2\/posts\/204783","targetHints":{"allow":["GET"]}}],"collection":[{"href":"https:\/\/www.webdo.tn\/fr\/wp-json\/wp\/v2\/posts"}],"about":[{"href":"https:\/\/www.webdo.tn\/fr\/wp-json\/wp\/v2\/types\/post"}],"author":[{"embeddable":true,"href":"https:\/\/www.webdo.tn\/fr\/wp-json\/wp\/v2\/users\/3162"}],"replies":[{"embeddable":true,"href":"https:\/\/www.webdo.tn\/fr\/wp-json\/wp\/v2\/comments?post=204783"}],"version-history":[{"count":0,"href":"https:\/\/www.webdo.tn\/fr\/wp-json\/wp\/v2\/posts\/204783\/revisions"}],"wp:featuredmedia":[{"embeddable":true,"href":"https:\/\/www.webdo.tn\/fr\/wp-json\/wp\/v2\/media\/251461"}],"wp:attachment":[{"href":"https:\/\/www.webdo.tn\/fr\/wp-json\/wp\/v2\/media?parent=204783"}],"wp:term":[{"taxonomy":"category","embeddable":true,"href":"https:\/\/www.webdo.tn\/fr\/wp-json\/wp\/v2\/categories?post=204783"},{"taxonomy":"post_tag","embeddable":true,"href":"https:\/\/www.webdo.tn\/fr\/wp-json\/wp\/v2\/tags?post=204783"}],"curies":[{"name":"wp","href":"https:\/\/api.w.org\/{rel}","templated":true}]}}